{"id":27196,"date":"2020-10-06T18:07:36","date_gmt":"2020-10-06T21:07:36","guid":{"rendered":"http:\/\/noticiasemdestaque.com\/cd\/?p=27196"},"modified":"2020-10-06T18:07:36","modified_gmt":"2020-10-06T21:07:36","slug":"sume-registra-19-casos-positivos-de-coronavirus-e-24-recuperados-nesta-terca-feira-06","status":"publish","type":"post","link":"https:\/\/noticiasemdestaque.com\/cd\/?p=27196","title":{"rendered":"Sum\u00e9 registra 19 casos positivos de coronav\u00edrus e 24 recuperados nesta ter\u00e7a-feira, 06"},"content":{"rendered":"<p><a href=\"https:\/\/noticiasemdestaque.com\/cd\/wp-content\/uploads\/2020\/10\/06.jpg\"><img fetchpriority=\"high\" decoding=\"async\" class=\"size-medium wp-image-27197 aligncenter\" src=\"https:\/\/noticiasemdestaque.com\/cd\/wp-content\/uploads\/2020\/10\/06-300x300.jpg\" alt=\"\" width=\"300\" height=\"300\" srcset=\"https:\/\/noticiasemdestaque.com\/cd\/wp-content\/uploads\/2020\/10\/06-300x300.jpg 300w, https:\/\/noticiasemdestaque.com\/cd\/wp-content\/uploads\/2020\/10\/06-1022x1024.jpg 1022w, https:\/\/noticiasemdestaque.com\/cd\/wp-content\/uploads\/2020\/10\/06-150x150.jpg 150w, https:\/\/noticiasemdestaque.com\/cd\/wp-content\/uploads\/2020\/10\/06-768x769.jpg 768w, https:\/\/noticiasemdestaque.com\/cd\/wp-content\/uploads\/2020\/10\/06.jpg 1198w\" sizes=\"(max-width: 300px) 100vw, 300px\" \/><\/a><\/p>\n<p><span data-contrast=\"auto\">A Secretaria Municipal de Sa\u00fade de Sum\u00e9 informa que foram registrados 19 casos positivos para o\u00a0Coronav\u00edrus\u00a0nesta ter\u00e7a-feira, 06.<\/span><span data-ccp-props=\"{&quot;201341983&quot;:0,&quot;335559739&quot;:160,&quot;335559740&quot;:259}\">\u00a0<\/span><\/p>\n<p><span data-contrast=\"auto\">1\u00ba caso: sexo masculino, 65 anos, sem comorbidades, Renascer;<\/span><span data-ccp-props=\"{&quot;201341983&quot;:0,&quot;335559739&quot;:160,&quot;335559740&quot;:259}\">\u00a0<\/span><\/p>\n<p><span data-contrast=\"auto\">2\u00ba caso: sexo masculino, 20 anos, sem comorbidades, Renascer;<\/span><span data-ccp-props=\"{&quot;201341983&quot;:0,&quot;335559739&quot;:160,&quot;335559740&quot;:259}\">\u00a0<\/span><\/p>\n<p><span data-contrast=\"auto\">3\u00ba caso: sexo masculino, 42 anos, com comorbidades, Alto Alegre;<\/span><span data-ccp-props=\"{&quot;201341983&quot;:0,&quot;335559739&quot;:160,&quot;335559740&quot;:259}\">\u00a0<\/span><\/p>\n<p><span data-contrast=\"auto\">4\u00ba caso: sexo feminino, 15 anos, sem comorbidades, Alto Alegre;<\/span><span data-ccp-props=\"{&quot;201341983&quot;:0,&quot;335559739&quot;:160,&quot;335559740&quot;:259}\">\u00a0<\/span><\/p>\n<p><span data-contrast=\"auto\">5\u00ba caso: sexo masculino, 46 anos, sem comorbidades, Alto Alegre;<\/span><span data-ccp-props=\"{&quot;201341983&quot;:0,&quot;335559739&quot;:160,&quot;335559740&quot;:259}\">\u00a0<\/span><\/p>\n<p><span data-contrast=\"auto\">6\u00ba caso: sexo feminino, 41 anos, sem comorbidades, Alto Alegre;<\/span><span data-ccp-props=\"{&quot;201341983&quot;:0,&quot;335559739&quot;:160,&quot;335559740&quot;:259}\">\u00a0<\/span><\/p>\n<p><span data-contrast=\"auto\">7\u00ba caso: sexo feminino, 02 anos, sem comorbidades, Alto\u00a0<\/span><span data-contrast=\"auto\">Alegre;<\/span><span data-ccp-props=\"{&quot;201341983&quot;:0,&quot;335559739&quot;:160,&quot;335559740&quot;:259}\">\u00a0<\/span><\/p>\n<p><span data-contrast=\"auto\">8\u00ba caso: sexo feminino, 26 anos, com\u00a0<\/span><span data-contrast=\"auto\">comorbidades,Alto<\/span><span data-contrast=\"auto\">\u00a0Alegre;<\/span><span data-ccp-props=\"{&quot;201341983&quot;:0,&quot;335559739&quot;:160,&quot;335559740&quot;:259}\">\u00a0<\/span><\/p>\n<p><span data-contrast=\"auto\">9\u00ba caso: sexo feminino, 54 anos, com comorbidades, Alto Alegre;<\/span><span data-ccp-props=\"{&quot;201341983&quot;:0,&quot;335559739&quot;:160,&quot;335559740&quot;:259}\">\u00a0<\/span><\/p>\n<p><span data-contrast=\"auto\">10\u00b0 caso: sexo feminino, 10 anos, sem\u00a0comorbidades, Alto Alegre;<\/span><span data-ccp-props=\"{&quot;201341983&quot;:0,&quot;335559739&quot;:160,&quot;335559740&quot;:259}\">\u00a0<\/span><\/p>\n<p><span data-contrast=\"auto\">11\u00ba caso: sexo feminino, 26 anos, sem comorbidades, Santa Rosa;<\/span><span data-ccp-props=\"{&quot;201341983&quot;:0,&quot;335559739&quot;:160,&quot;335559740&quot;:259}\">\u00a0<\/span><\/p>\n<p><span data-contrast=\"auto\">12\u00b0 caso: sexo masculino, 36 anos, sem comorbidades, V\u00e1rzea Redonda;<\/span><span data-ccp-props=\"{&quot;201341983&quot;:0,&quot;335559739&quot;:160,&quot;335559740&quot;:259}\">\u00a0<\/span><\/p>\n<p><span data-contrast=\"auto\">13\u00ba caso: sexo feminino, 51 anos, com comorbidades, Conjunto Habitacional;<\/span><span data-ccp-props=\"{&quot;201341983&quot;:0,&quot;335559739&quot;:160,&quot;335559740&quot;:259}\">\u00a0<\/span><\/p>\n<p><span data-contrast=\"auto\">14\u00ba caso: sexo feminino, 34 anos, sem comorbidades, Centro;<\/span><span data-ccp-props=\"{&quot;201341983&quot;:0,&quot;335559739&quot;:160,&quot;335559740&quot;:259}\">\u00a0<\/span><\/p>\n<p><span data-contrast=\"auto\">15\u00ba caso: sexo masculino, 75 anos, com comorbidades, Centro;<\/span><span data-ccp-props=\"{&quot;201341983&quot;:0,&quot;335559739&quot;:160,&quot;335559740&quot;:259}\">\u00a0<\/span><\/p>\n<p><span data-contrast=\"auto\">16\u00ba caso: sexo feminino, 33 anos, sem comorbidades, Santa Rosa;<\/span><span data-ccp-props=\"{&quot;201341983&quot;:0,&quot;335559739&quot;:160,&quot;335559740&quot;:259}\">\u00a0<\/span><\/p>\n<p><span data-contrast=\"auto\">17\u00ba caso: sexo masculino, 09 anos, sem comorbidades, Centro;<\/span><span data-ccp-props=\"{&quot;201341983&quot;:0,&quot;335559739&quot;:160,&quot;335559740&quot;:259}\">\u00a0<\/span><\/p>\n<p><span data-contrast=\"auto\">18\u00ba caso: sexo feminino, 20 anos, sem comorbidades, Alto Alegre;<\/span><span data-ccp-props=\"{&quot;201341983&quot;:0,&quot;335559739&quot;:160,&quot;335559740&quot;:259}\">\u00a0<\/span><\/p>\n<p><span data-contrast=\"auto\">19\u00ba caso: sexo feminino, 31 anos, sem comorbidades, Centro.<\/span><span data-ccp-props=\"{&quot;201341983&quot;:0,&quot;335559739&quot;:160,&quot;335559740&quot;:259}\">\u00a0<\/span><\/p>\n<p><span data-contrast=\"auto\">Foram registrados 24 casos recuperados nesta data.<\/span><span data-ccp-props=\"{&quot;201341983&quot;:0,&quot;335559739&quot;:160,&quot;335559740&quot;:259}\">\u00a0<\/span><\/p>\n<p><span data-contrast=\"auto\">N\u00e3o se descuide, ao sair use m\u00e1scara, cubra bem o nariz e a boca, lave sempre as m\u00e3os e use \u00e1lcool em gel 70%.<\/span><span data-ccp-props=\"{&quot;201341983&quot;:0,&quot;335559739&quot;:160,&quot;335559740&quot;:259}\">\u00a0<\/span><\/p>\n<p><span data-contrast=\"auto\">Ascom\u00a0PMS<\/span><span data-ccp-props=\"{&quot;201341983&quot;:0,&quot;335559739&quot;:160,&quot;335559740&quot;:259}\">\u00a0<\/span><\/p>\n<p><span data-contrast=\"auto\">06\/10\/2020<\/span><span data-ccp-props=\"{&quot;201341983&quot;:0,&quot;335559739&quot;:160,&quot;335559740&quot;:259}\">\u00a0<\/span><\/p>\n","protected":false},"excerpt":{"rendered":"<p>A Secretaria Municipal de Sa\u00fade de Sum\u00e9 informa que foram registrados 19 casos positivos para o\u00a0Coronav\u00edrus\u00a0nesta ter\u00e7a-feira, 06.\u00a0 1\u00ba caso: sexo masculino, 65 anos, sem comorbidades, Renascer;\u00a0 2\u00ba caso: sexo masculino, 20 anos, sem comorbidades, Renascer;\u00a0 3\u00ba caso: sexo masculino, 42 anos, com comorbidades, Alto Alegre;\u00a0 4\u00ba caso: sexo feminino, 15 anos, sem comorbidades, Alto Alegre;\u00a0 5\u00ba caso: sexo masculino, 46 anos, sem comorbidades, Alto Alegre;\u00a0 6\u00ba caso: sexo feminino, 41 anos, sem comorbidades, Alto Alegre;\u00a0 7\u00ba caso: sexo feminino, 02 anos, sem comorbidades, Alto\u00a0Alegre;\u00a0 8\u00ba caso: sexo feminino, 26 anos, com\u00a0comorbidades,Alto\u00a0Alegre;\u00a0 9\u00ba caso: sexo feminino, 54 anos, com comorbidades, Alto Alegre;\u00a0 10\u00b0 caso: sexo feminino, 10 anos, sem\u00a0comorbidades, Alto Alegre;\u00a0 11\u00ba caso: sexo feminino, 26 anos, sem comorbidades, Santa Rosa;\u00a0 12\u00b0 caso: sexo masculino, 36 anos, sem comorbidades, V\u00e1rzea Redonda;\u00a0 13\u00ba caso: sexo feminino, 51 anos, com comorbidades, Conjunto Habitacional;\u00a0 14\u00ba caso: sexo feminino, 34 anos, sem comorbidades, Centro;\u00a0 15\u00ba caso: sexo masculino, 75 anos, com comorbidades, Centro;\u00a0 16\u00ba caso: sexo feminino, 33 anos, sem comorbidades, Santa Rosa;\u00a0 17\u00ba caso: sexo masculino, 09 anos, sem comorbidades, Centro;\u00a0 18\u00ba caso: sexo feminino, 20 anos, sem comorbidades, Alto Alegre;\u00a0 19\u00ba caso: sexo feminino, 31 anos, sem comorbidades, Centro.\u00a0 Foram registrados 24 casos recuperados nesta data.\u00a0 N\u00e3o se descuide, ao sair use m\u00e1scara, cubra bem o nariz e a boca, lave sempre as m\u00e3os e use \u00e1lcool em gel 70%.\u00a0 Ascom\u00a0PMS\u00a0 06\/10\/2020\u00a0<\/p>\n","protected":false},"author":2,"featured_media":27197,"comment_status":"closed","ping_status":"open","sticky":false,"template":"","format":"standard","meta":{"_eb_attr":"","_jetpack_memberships_contains_paid_content":false,"footnotes":""},"categories":[3],"tags":[],"class_list":["post-27196","post","type-post","status-publish","format-standard","has-post-thumbnail","hentry","category-cidades"],"yoast_head":"<!-- This site is optimized with the Yoast SEO plugin v26.5 - https:\/\/yoast.com\/wordpress\/plugins\/seo\/ -->\n<title>Sum\u00e9 registra 19 casos positivos de coronav\u00edrus e 24 recuperados nesta ter\u00e7a-feira, 06 - Not&iacute;cias em Destaque<\/title>\n<meta name=\"robots\" content=\"index, follow, max-snippet:-1, max-image-preview:large, max-video-preview:-1\" \/>\n<link rel=\"canonical\" href=\"https:\/\/noticiasemdestaque.com\/cd\/?p=27196\" \/>\n<meta property=\"og:locale\" content=\"pt_BR\" \/>\n<meta property=\"og:type\" content=\"article\" \/>\n<meta property=\"og:title\" content=\"Sum\u00e9 registra 19 casos positivos de coronav\u00edrus e 24 recuperados nesta ter\u00e7a-feira, 06 - Not&iacute;cias em Destaque\" \/>\n<meta property=\"og:description\" content=\"A Secretaria Municipal de Sa\u00fade de Sum\u00e9 informa que foram registrados 19 casos positivos para o\u00a0Coronav\u00edrus\u00a0nesta ter\u00e7a-feira, 06.\u00a0 1\u00ba caso: sexo masculino, 65 anos, sem comorbidades, Renascer;\u00a0 2\u00ba caso: sexo masculino, 20 anos, sem comorbidades, Renascer;\u00a0 3\u00ba caso: sexo masculino, 42 anos, com comorbidades, Alto Alegre;\u00a0 4\u00ba caso: sexo feminino, 15 anos, sem comorbidades, Alto Alegre;\u00a0 5\u00ba caso: sexo masculino, 46 anos, sem comorbidades, Alto Alegre;\u00a0 6\u00ba caso: sexo feminino, 41 anos, sem comorbidades, Alto Alegre;\u00a0 7\u00ba caso: sexo feminino, 02 anos, sem comorbidades, Alto\u00a0Alegre;\u00a0 8\u00ba caso: sexo feminino, 26 anos, com\u00a0comorbidades,Alto\u00a0Alegre;\u00a0 9\u00ba caso: sexo feminino, 54 anos, com comorbidades, Alto Alegre;\u00a0 10\u00b0 caso: sexo feminino, 10 anos, sem\u00a0comorbidades, Alto Alegre;\u00a0 11\u00ba caso: sexo feminino, 26 anos, sem comorbidades, Santa Rosa;\u00a0 12\u00b0 caso: sexo masculino, 36 anos, sem comorbidades, V\u00e1rzea Redonda;\u00a0 13\u00ba caso: sexo feminino, 51 anos, com comorbidades, Conjunto Habitacional;\u00a0 14\u00ba caso: sexo feminino, 34 anos, sem comorbidades, Centro;\u00a0 15\u00ba caso: sexo masculino, 75 anos, com comorbidades, Centro;\u00a0 16\u00ba caso: sexo feminino, 33 anos, sem comorbidades, Santa Rosa;\u00a0 17\u00ba caso: sexo masculino, 09 anos, sem comorbidades, Centro;\u00a0 18\u00ba caso: sexo feminino, 20 anos, sem comorbidades, Alto Alegre;\u00a0 19\u00ba caso: sexo feminino, 31 anos, sem comorbidades, Centro.\u00a0 Foram registrados 24 casos recuperados nesta data.\u00a0 N\u00e3o se descuide, ao sair use m\u00e1scara, cubra bem o nariz e a boca, lave sempre as m\u00e3os e use \u00e1lcool em gel 70%.\u00a0 Ascom\u00a0PMS\u00a0 06\/10\/2020\u00a0\" \/>\n<meta property=\"og:url\" content=\"https:\/\/noticiasemdestaque.com\/cd\/?p=27196\" \/>\n<meta property=\"og:site_name\" content=\"Not&iacute;cias em Destaque\" \/>\n<meta property=\"article:published_time\" content=\"2020-10-06T21:07:36+00:00\" \/>\n<meta property=\"og:image\" content=\"https:\/\/noticiasemdestaque.com\/cd\/wp-content\/uploads\/2020\/10\/06.jpg\" \/>\n\t<meta property=\"og:image:width\" content=\"1198\" \/>\n\t<meta property=\"og:image:height\" content=\"1200\" \/>\n\t<meta property=\"og:image:type\" content=\"image\/jpeg\" \/>\n<meta name=\"author\" content=\"Not\u00edcias em Destaque\" \/>\n<meta name=\"twitter:card\" content=\"summary_large_image\" \/>\n<meta name=\"twitter:label1\" content=\"Escrito por\" \/>\n\t<meta name=\"twitter:data1\" content=\"Not\u00edcias em Destaque\" \/>\n\t<meta name=\"twitter:label2\" content=\"Est. tempo de leitura\" \/>\n\t<meta name=\"twitter:data2\" content=\"1 minuto\" \/>\n<script type=\"application\/ld+json\" class=\"yoast-schema-graph\">{\"@context\":\"https:\/\/schema.org\",\"@graph\":[{\"@type\":\"Article\",\"@id\":\"https:\/\/noticiasemdestaque.com\/cd\/?p=27196#article\",\"isPartOf\":{\"@id\":\"https:\/\/noticiasemdestaque.com\/cd\/?p=27196\"},\"author\":{\"name\":\"Not\u00edcias em Destaque\",\"@id\":\"https:\/\/noticiasemdestaque.com\/cd\/#\/schema\/person\/21320b03a7e8bb90128938dafc9b908a\"},\"headline\":\"Sum\u00e9 registra 19 casos positivos de coronav\u00edrus e 24 recuperados nesta ter\u00e7a-feira, 06\",\"datePublished\":\"2020-10-06T21:07:36+00:00\",\"mainEntityOfPage\":{\"@id\":\"https:\/\/noticiasemdestaque.com\/cd\/?p=27196\"},\"wordCount\":214,\"publisher\":{\"@id\":\"https:\/\/noticiasemdestaque.com\/cd\/#organization\"},\"image\":{\"@id\":\"https:\/\/noticiasemdestaque.com\/cd\/?p=27196#primaryimage\"},\"thumbnailUrl\":\"https:\/\/noticiasemdestaque.com\/cd\/wp-content\/uploads\/2020\/10\/06.jpg\",\"articleSection\":[\"Cidades\"],\"inLanguage\":\"pt-BR\"},{\"@type\":\"WebPage\",\"@id\":\"https:\/\/noticiasemdestaque.com\/cd\/?p=27196\",\"url\":\"https:\/\/noticiasemdestaque.com\/cd\/?p=27196\",\"name\":\"Sum\u00e9 registra 19 casos positivos de coronav\u00edrus e 24 recuperados nesta ter\u00e7a-feira, 06 - Not&iacute;cias em Destaque\",\"isPartOf\":{\"@id\":\"https:\/\/noticiasemdestaque.com\/cd\/#website\"},\"primaryImageOfPage\":{\"@id\":\"https:\/\/noticiasemdestaque.com\/cd\/?p=27196#primaryimage\"},\"image\":{\"@id\":\"https:\/\/noticiasemdestaque.com\/cd\/?p=27196#primaryimage\"},\"thumbnailUrl\":\"https:\/\/noticiasemdestaque.com\/cd\/wp-content\/uploads\/2020\/10\/06.jpg\",\"datePublished\":\"2020-10-06T21:07:36+00:00\",\"breadcrumb\":{\"@id\":\"https:\/\/noticiasemdestaque.com\/cd\/?p=27196#breadcrumb\"},\"inLanguage\":\"pt-BR\",\"potentialAction\":[{\"@type\":\"ReadAction\",\"target\":[\"https:\/\/noticiasemdestaque.com\/cd\/?p=27196\"]}]},{\"@type\":\"ImageObject\",\"inLanguage\":\"pt-BR\",\"@id\":\"https:\/\/noticiasemdestaque.com\/cd\/?p=27196#primaryimage\",\"url\":\"https:\/\/noticiasemdestaque.com\/cd\/wp-content\/uploads\/2020\/10\/06.jpg\",\"contentUrl\":\"https:\/\/noticiasemdestaque.com\/cd\/wp-content\/uploads\/2020\/10\/06.jpg\",\"width\":1198,\"height\":1200},{\"@type\":\"BreadcrumbList\",\"@id\":\"https:\/\/noticiasemdestaque.com\/cd\/?p=27196#breadcrumb\",\"itemListElement\":[{\"@type\":\"ListItem\",\"position\":1,\"name\":\"In\u00edcio\",\"item\":\"https:\/\/noticiasemdestaque.com\/cd\/\"},{\"@type\":\"ListItem\",\"position\":2,\"name\":\"Sum\u00e9 registra 19 casos positivos de coronav\u00edrus e 24 recuperados nesta ter\u00e7a-feira, 06\"}]},{\"@type\":\"WebSite\",\"@id\":\"https:\/\/noticiasemdestaque.com\/cd\/#website\",\"url\":\"https:\/\/noticiasemdestaque.com\/cd\/\",\"name\":\"Not&iacute;cias em Destaque\",\"description\":\"\",\"publisher\":{\"@id\":\"https:\/\/noticiasemdestaque.com\/cd\/#organization\"},\"potentialAction\":[{\"@type\":\"SearchAction\",\"target\":{\"@type\":\"EntryPoint\",\"urlTemplate\":\"https:\/\/noticiasemdestaque.com\/cd\/?s={search_term_string}\"},\"query-input\":{\"@type\":\"PropertyValueSpecification\",\"valueRequired\":true,\"valueName\":\"search_term_string\"}}],\"inLanguage\":\"pt-BR\"},{\"@type\":\"Organization\",\"@id\":\"https:\/\/noticiasemdestaque.com\/cd\/#organization\",\"name\":\"Not\u00edcias em Destaque\",\"url\":\"https:\/\/noticiasemdestaque.com\/cd\/\",\"logo\":{\"@type\":\"ImageObject\",\"inLanguage\":\"pt-BR\",\"@id\":\"https:\/\/noticiasemdestaque.com\/cd\/#\/schema\/logo\/image\/\",\"url\":\"https:\/\/noticiasemdestaque.com\/cd\/wp-content\/uploads\/2022\/05\/imagem-base-noticiasemdestaque.png\",\"contentUrl\":\"https:\/\/noticiasemdestaque.com\/cd\/wp-content\/uploads\/2022\/05\/imagem-base-noticiasemdestaque.png\",\"width\":1200,\"height\":630,\"caption\":\"Not\u00edcias em Destaque\"},\"image\":{\"@id\":\"https:\/\/noticiasemdestaque.com\/cd\/#\/schema\/logo\/image\/\"}},{\"@type\":\"Person\",\"@id\":\"https:\/\/noticiasemdestaque.com\/cd\/#\/schema\/person\/21320b03a7e8bb90128938dafc9b908a\",\"name\":\"Not\u00edcias em Destaque\",\"url\":\"https:\/\/noticiasemdestaque.com\/cd\/?author=2\"}]}<\/script>\n<!-- \/ Yoast SEO plugin. -->","yoast_head_json":{"title":"Sum\u00e9 registra 19 casos positivos de coronav\u00edrus e 24 recuperados nesta ter\u00e7a-feira, 06 - Not&iacute;cias em Destaque","robots":{"index":"index","follow":"follow","max-snippet":"max-snippet:-1","max-image-preview":"max-image-preview:large","max-video-preview":"max-video-preview:-1"},"canonical":"https:\/\/noticiasemdestaque.com\/cd\/?p=27196","og_locale":"pt_BR","og_type":"article","og_title":"Sum\u00e9 registra 19 casos positivos de coronav\u00edrus e 24 recuperados nesta ter\u00e7a-feira, 06 - Not&iacute;cias em Destaque","og_description":"A Secretaria Municipal de Sa\u00fade de Sum\u00e9 informa que foram registrados 19 casos positivos para o\u00a0Coronav\u00edrus\u00a0nesta ter\u00e7a-feira, 06.\u00a0 1\u00ba caso: sexo masculino, 65 anos, sem comorbidades, Renascer;\u00a0 2\u00ba caso: sexo masculino, 20 anos, sem comorbidades, Renascer;\u00a0 3\u00ba caso: sexo masculino, 42 anos, com comorbidades, Alto Alegre;\u00a0 4\u00ba caso: sexo feminino, 15 anos, sem comorbidades, Alto Alegre;\u00a0 5\u00ba caso: sexo masculino, 46 anos, sem comorbidades, Alto Alegre;\u00a0 6\u00ba caso: sexo feminino, 41 anos, sem comorbidades, Alto Alegre;\u00a0 7\u00ba caso: sexo feminino, 02 anos, sem comorbidades, Alto\u00a0Alegre;\u00a0 8\u00ba caso: sexo feminino, 26 anos, com\u00a0comorbidades,Alto\u00a0Alegre;\u00a0 9\u00ba caso: sexo feminino, 54 anos, com comorbidades, Alto Alegre;\u00a0 10\u00b0 caso: sexo feminino, 10 anos, sem\u00a0comorbidades, Alto Alegre;\u00a0 11\u00ba caso: sexo feminino, 26 anos, sem comorbidades, Santa Rosa;\u00a0 12\u00b0 caso: sexo masculino, 36 anos, sem comorbidades, V\u00e1rzea Redonda;\u00a0 13\u00ba caso: sexo feminino, 51 anos, com comorbidades, Conjunto Habitacional;\u00a0 14\u00ba caso: sexo feminino, 34 anos, sem comorbidades, Centro;\u00a0 15\u00ba caso: sexo masculino, 75 anos, com comorbidades, Centro;\u00a0 16\u00ba caso: sexo feminino, 33 anos, sem comorbidades, Santa Rosa;\u00a0 17\u00ba caso: sexo masculino, 09 anos, sem comorbidades, Centro;\u00a0 18\u00ba caso: sexo feminino, 20 anos, sem comorbidades, Alto Alegre;\u00a0 19\u00ba caso: sexo feminino, 31 anos, sem comorbidades, Centro.\u00a0 Foram registrados 24 casos recuperados nesta data.\u00a0 N\u00e3o se descuide, ao sair use m\u00e1scara, cubra bem o nariz e a boca, lave sempre as m\u00e3os e use \u00e1lcool em gel 70%.\u00a0 Ascom\u00a0PMS\u00a0 06\/10\/2020\u00a0","og_url":"https:\/\/noticiasemdestaque.com\/cd\/?p=27196","og_site_name":"Not&iacute;cias em Destaque","article_published_time":"2020-10-06T21:07:36+00:00","og_image":[{"width":1198,"height":1200,"url":"https:\/\/noticiasemdestaque.com\/cd\/wp-content\/uploads\/2020\/10\/06.jpg","type":"image\/jpeg"}],"author":"Not\u00edcias em Destaque","twitter_card":"summary_large_image","twitter_misc":{"Escrito por":"Not\u00edcias em Destaque","Est. tempo de leitura":"1 minuto"},"schema":{"@context":"https:\/\/schema.org","@graph":[{"@type":"Article","@id":"https:\/\/noticiasemdestaque.com\/cd\/?p=27196#article","isPartOf":{"@id":"https:\/\/noticiasemdestaque.com\/cd\/?p=27196"},"author":{"name":"Not\u00edcias em Destaque","@id":"https:\/\/noticiasemdestaque.com\/cd\/#\/schema\/person\/21320b03a7e8bb90128938dafc9b908a"},"headline":"Sum\u00e9 registra 19 casos positivos de coronav\u00edrus e 24 recuperados nesta ter\u00e7a-feira, 06","datePublished":"2020-10-06T21:07:36+00:00","mainEntityOfPage":{"@id":"https:\/\/noticiasemdestaque.com\/cd\/?p=27196"},"wordCount":214,"publisher":{"@id":"https:\/\/noticiasemdestaque.com\/cd\/#organization"},"image":{"@id":"https:\/\/noticiasemdestaque.com\/cd\/?p=27196#primaryimage"},"thumbnailUrl":"https:\/\/noticiasemdestaque.com\/cd\/wp-content\/uploads\/2020\/10\/06.jpg","articleSection":["Cidades"],"inLanguage":"pt-BR"},{"@type":"WebPage","@id":"https:\/\/noticiasemdestaque.com\/cd\/?p=27196","url":"https:\/\/noticiasemdestaque.com\/cd\/?p=27196","name":"Sum\u00e9 registra 19 casos positivos de coronav\u00edrus e 24 recuperados nesta ter\u00e7a-feira, 06 - Not&iacute;cias em Destaque","isPartOf":{"@id":"https:\/\/noticiasemdestaque.com\/cd\/#website"},"primaryImageOfPage":{"@id":"https:\/\/noticiasemdestaque.com\/cd\/?p=27196#primaryimage"},"image":{"@id":"https:\/\/noticiasemdestaque.com\/cd\/?p=27196#primaryimage"},"thumbnailUrl":"https:\/\/noticiasemdestaque.com\/cd\/wp-content\/uploads\/2020\/10\/06.jpg","datePublished":"2020-10-06T21:07:36+00:00","breadcrumb":{"@id":"https:\/\/noticiasemdestaque.com\/cd\/?p=27196#breadcrumb"},"inLanguage":"pt-BR","potentialAction":[{"@type":"ReadAction","target":["https:\/\/noticiasemdestaque.com\/cd\/?p=27196"]}]},{"@type":"ImageObject","inLanguage":"pt-BR","@id":"https:\/\/noticiasemdestaque.com\/cd\/?p=27196#primaryimage","url":"https:\/\/noticiasemdestaque.com\/cd\/wp-content\/uploads\/2020\/10\/06.jpg","contentUrl":"https:\/\/noticiasemdestaque.com\/cd\/wp-content\/uploads\/2020\/10\/06.jpg","width":1198,"height":1200},{"@type":"BreadcrumbList","@id":"https:\/\/noticiasemdestaque.com\/cd\/?p=27196#breadcrumb","itemListElement":[{"@type":"ListItem","position":1,"name":"In\u00edcio","item":"https:\/\/noticiasemdestaque.com\/cd\/"},{"@type":"ListItem","position":2,"name":"Sum\u00e9 registra 19 casos positivos de coronav\u00edrus e 24 recuperados nesta ter\u00e7a-feira, 06"}]},{"@type":"WebSite","@id":"https:\/\/noticiasemdestaque.com\/cd\/#website","url":"https:\/\/noticiasemdestaque.com\/cd\/","name":"Not&iacute;cias em Destaque","description":"","publisher":{"@id":"https:\/\/noticiasemdestaque.com\/cd\/#organization"},"potentialAction":[{"@type":"SearchAction","target":{"@type":"EntryPoint","urlTemplate":"https:\/\/noticiasemdestaque.com\/cd\/?s={search_term_string}"},"query-input":{"@type":"PropertyValueSpecification","valueRequired":true,"valueName":"search_term_string"}}],"inLanguage":"pt-BR"},{"@type":"Organization","@id":"https:\/\/noticiasemdestaque.com\/cd\/#organization","name":"Not\u00edcias em Destaque","url":"https:\/\/noticiasemdestaque.com\/cd\/","logo":{"@type":"ImageObject","inLanguage":"pt-BR","@id":"https:\/\/noticiasemdestaque.com\/cd\/#\/schema\/logo\/image\/","url":"https:\/\/noticiasemdestaque.com\/cd\/wp-content\/uploads\/2022\/05\/imagem-base-noticiasemdestaque.png","contentUrl":"https:\/\/noticiasemdestaque.com\/cd\/wp-content\/uploads\/2022\/05\/imagem-base-noticiasemdestaque.png","width":1200,"height":630,"caption":"Not\u00edcias em Destaque"},"image":{"@id":"https:\/\/noticiasemdestaque.com\/cd\/#\/schema\/logo\/image\/"}},{"@type":"Person","@id":"https:\/\/noticiasemdestaque.com\/cd\/#\/schema\/person\/21320b03a7e8bb90128938dafc9b908a","name":"Not\u00edcias em Destaque","url":"https:\/\/noticiasemdestaque.com\/cd\/?author=2"}]}},"jetpack_featured_media_url":"https:\/\/noticiasemdestaque.com\/cd\/wp-content\/uploads\/2020\/10\/06.jpg","jetpack_sharing_enabled":true,"_links":{"self":[{"href":"https:\/\/noticiasemdestaque.com\/cd\/index.php?rest_route=\/wp\/v2\/posts\/27196","targetHints":{"allow":["GET"]}}],"collection":[{"href":"https:\/\/noticiasemdestaque.com\/cd\/index.php?rest_route=\/wp\/v2\/posts"}],"about":[{"href":"https:\/\/noticiasemdestaque.com\/cd\/index.php?rest_route=\/wp\/v2\/types\/post"}],"author":[{"embeddable":true,"href":"https:\/\/noticiasemdestaque.com\/cd\/index.php?rest_route=\/wp\/v2\/users\/2"}],"replies":[{"embeddable":true,"href":"https:\/\/noticiasemdestaque.com\/cd\/index.php?rest_route=%2Fwp%2Fv2%2Fcomments&post=27196"}],"version-history":[{"count":1,"href":"https:\/\/noticiasemdestaque.com\/cd\/index.php?rest_route=\/wp\/v2\/posts\/27196\/revisions"}],"predecessor-version":[{"id":27198,"href":"https:\/\/noticiasemdestaque.com\/cd\/index.php?rest_route=\/wp\/v2\/posts\/27196\/revisions\/27198"}],"wp:featuredmedia":[{"embeddable":true,"href":"https:\/\/noticiasemdestaque.com\/cd\/index.php?rest_route=\/wp\/v2\/media\/27197"}],"wp:attachment":[{"href":"https:\/\/noticiasemdestaque.com\/cd\/index.php?rest_route=%2Fwp%2Fv2%2Fmedia&parent=27196"}],"wp:term":[{"taxonomy":"category","embeddable":true,"href":"https:\/\/noticiasemdestaque.com\/cd\/index.php?rest_route=%2Fwp%2Fv2%2Fcategories&post=27196"},{"taxonomy":"post_tag","embeddable":true,"href":"https:\/\/noticiasemdestaque.com\/cd\/index.php?rest_route=%2Fwp%2Fv2%2Ftags&post=27196"}],"curies":[{"name":"wp","href":"https:\/\/api.w.org\/{rel}","templated":true}]}}