{"id":27191,"date":"2020-10-06T07:16:32","date_gmt":"2020-10-06T10:16:32","guid":{"rendered":"http:\/\/noticiasemdestaque.com\/cd\/?p=27191"},"modified":"2020-10-06T07:16:32","modified_gmt":"2020-10-06T10:16:32","slug":"selecao-brasileira-faz-primeiro-treino-para-estreia-nas-eliminatorias","status":"publish","type":"post","link":"https:\/\/noticiasemdestaque.com\/cd\/?p=27191","title":{"rendered":"Sele\u00e7\u00e3o brasileira faz primeiro treino para estreia nas eliminat\u00f3rias"},"content":{"rendered":"<p><a href=\"https:\/\/noticiasemdestaque.com\/cd\/wp-content\/uploads\/2020\/10\/05102020primeiro_treino_da_selecao_brasileira_na_granja_comarycbffutebol1373_0.jpg\"><img fetchpriority=\"high\" decoding=\"async\" class=\"size-medium wp-image-27192\" src=\"https:\/\/noticiasemdestaque.com\/cd\/wp-content\/uploads\/2020\/10\/05102020primeiro_treino_da_selecao_brasileira_na_granja_comarycbffutebol1373_0-300x179.jpg\" alt=\"\" width=\"300\" height=\"179\" srcset=\"https:\/\/noticiasemdestaque.com\/cd\/wp-content\/uploads\/2020\/10\/05102020primeiro_treino_da_selecao_brasileira_na_granja_comarycbffutebol1373_0-300x179.jpg 300w, https:\/\/noticiasemdestaque.com\/cd\/wp-content\/uploads\/2020\/10\/05102020primeiro_treino_da_selecao_brasileira_na_granja_comarycbffutebol1373_0-1024x613.jpg 1024w, https:\/\/noticiasemdestaque.com\/cd\/wp-content\/uploads\/2020\/10\/05102020primeiro_treino_da_selecao_brasileira_na_granja_comarycbffutebol1373_0-768x459.jpg 768w, https:\/\/noticiasemdestaque.com\/cd\/wp-content\/uploads\/2020\/10\/05102020primeiro_treino_da_selecao_brasileira_na_granja_comarycbffutebol1373_0.jpg 1170w\" sizes=\"(max-width: 300px) 100vw, 300px\" \/><\/a><\/p>\n<p>A sele\u00e7\u00e3o brasileira realizou, nesta\u00a0segunda-feira (5) \u00e0 tarde, o primeiro treino na Granja Comary, em Teres\u00f3polis (RJ),\u00a0projetando a estreia nas eliminat\u00f3rias para a Copa do Mundo de 2022, no Catar. Na\u00a0sexta-feira (9), os comandados de Tite enfrentam a Bol\u00edvia na Neo Qu\u00edmica Arena, em S\u00e3o Paulo, \u00e0s 21h30 (hor\u00e1rio de Bras\u00edlia).<\/p>\n<p>J\u00e1 na\u00a0ter\u00e7a-feira da pr\u00f3xima semana (13), \u00e0s 21h, o Brasil mede for\u00e7as com o Peru, em Lima, capital peruana.<img decoding=\"async\" src=\"https:\/\/agenciabrasil.ebc.com.br\/ebc.png?id=1389858&amp;o=node\" \/><img decoding=\"async\" src=\"https:\/\/agenciabrasil.ebc.com.br\/ebc.gif?id=1389858&amp;o=node\" \/><\/p>\n<p><em><strong>Not\u00edcias em Destaque<\/strong><\/em><\/p>\n<p>Com EBC<\/p>\n","protected":false},"excerpt":{"rendered":"<p>A sele\u00e7\u00e3o brasileira realizou, nesta\u00a0segunda-feira (5) \u00e0 tarde, o primeiro treino na Granja Comary, em Teres\u00f3polis (RJ),\u00a0projetando a estreia nas eliminat\u00f3rias para a Copa do Mundo de 2022, no Catar. Na\u00a0sexta-feira (9), os comandados de Tite enfrentam a Bol\u00edvia na Neo Qu\u00edmica Arena, em S\u00e3o Paulo, \u00e0s 21h30 (hor\u00e1rio de Bras\u00edlia). J\u00e1 na\u00a0ter\u00e7a-feira da pr\u00f3xima semana (13), \u00e0s 21h, o Brasil mede for\u00e7as com o Peru, em Lima, capital peruana. Not\u00edcias em Destaque Com EBC<\/p>\n","protected":false},"author":2,"featured_media":27192,"comment_status":"closed","ping_status":"open","sticky":false,"template":"","format":"standard","meta":{"_eb_attr":"","_jetpack_memberships_contains_paid_content":false,"footnotes":""},"categories":[12],"tags":[],"class_list":["post-27191","post","type-post","status-publish","format-standard","has-post-thumbnail","hentry","category-geral"],"yoast_head":"<!-- This site is optimized with the Yoast SEO plugin v26.5 - https:\/\/yoast.com\/wordpress\/plugins\/seo\/ -->\n<title>Sele\u00e7\u00e3o brasileira faz primeiro treino para estreia nas eliminat\u00f3rias - Not&iacute;cias em Destaque<\/title>\n<meta name=\"robots\" content=\"index, follow, max-snippet:-1, max-image-preview:large, max-video-preview:-1\" \/>\n<link rel=\"canonical\" href=\"https:\/\/noticiasemdestaque.com\/cd\/?p=27191\" \/>\n<meta property=\"og:locale\" content=\"pt_BR\" \/>\n<meta property=\"og:type\" content=\"article\" \/>\n<meta property=\"og:title\" content=\"Sele\u00e7\u00e3o brasileira faz primeiro treino para estreia nas eliminat\u00f3rias - Not&iacute;cias em Destaque\" \/>\n<meta property=\"og:description\" content=\"A sele\u00e7\u00e3o brasileira realizou, nesta\u00a0segunda-feira (5) \u00e0 tarde, o primeiro treino na Granja Comary, em Teres\u00f3polis (RJ),\u00a0projetando a estreia nas eliminat\u00f3rias para a Copa do Mundo de 2022, no Catar. Na\u00a0sexta-feira (9), os comandados de Tite enfrentam a Bol\u00edvia na Neo Qu\u00edmica Arena, em S\u00e3o Paulo, \u00e0s 21h30 (hor\u00e1rio de Bras\u00edlia). J\u00e1 na\u00a0ter\u00e7a-feira da pr\u00f3xima semana (13), \u00e0s 21h, o Brasil mede for\u00e7as com o Peru, em Lima, capital peruana. Not\u00edcias em Destaque Com EBC\" \/>\n<meta property=\"og:url\" content=\"https:\/\/noticiasemdestaque.com\/cd\/?p=27191\" \/>\n<meta property=\"og:site_name\" content=\"Not&iacute;cias em Destaque\" \/>\n<meta property=\"article:published_time\" content=\"2020-10-06T10:16:32+00:00\" \/>\n<meta property=\"og:image\" content=\"https:\/\/noticiasemdestaque.com\/cd\/wp-content\/uploads\/2020\/10\/05102020primeiro_treino_da_selecao_brasileira_na_granja_comarycbffutebol1373_0.jpg\" \/>\n\t<meta property=\"og:image:width\" content=\"1170\" \/>\n\t<meta property=\"og:image:height\" content=\"700\" \/>\n\t<meta property=\"og:image:type\" content=\"image\/jpeg\" \/>\n<meta name=\"author\" content=\"Not\u00edcias em Destaque\" \/>\n<meta name=\"twitter:card\" content=\"summary_large_image\" \/>\n<meta name=\"twitter:label1\" content=\"Escrito por\" \/>\n\t<meta name=\"twitter:data1\" content=\"Not\u00edcias em Destaque\" \/>\n<script type=\"application\/ld+json\" class=\"yoast-schema-graph\">{\"@context\":\"https:\/\/schema.org\",\"@graph\":[{\"@type\":\"Article\",\"@id\":\"https:\/\/noticiasemdestaque.com\/cd\/?p=27191#article\",\"isPartOf\":{\"@id\":\"https:\/\/noticiasemdestaque.com\/cd\/?p=27191\"},\"author\":{\"name\":\"Not\u00edcias em Destaque\",\"@id\":\"https:\/\/noticiasemdestaque.com\/cd\/#\/schema\/person\/21320b03a7e8bb90128938dafc9b908a\"},\"headline\":\"Sele\u00e7\u00e3o brasileira faz primeiro treino para estreia nas eliminat\u00f3rias\",\"datePublished\":\"2020-10-06T10:16:32+00:00\",\"mainEntityOfPage\":{\"@id\":\"https:\/\/noticiasemdestaque.com\/cd\/?p=27191\"},\"wordCount\":97,\"publisher\":{\"@id\":\"https:\/\/noticiasemdestaque.com\/cd\/#organization\"},\"image\":{\"@id\":\"https:\/\/noticiasemdestaque.com\/cd\/?p=27191#primaryimage\"},\"thumbnailUrl\":\"https:\/\/noticiasemdestaque.com\/cd\/wp-content\/uploads\/2020\/10\/05102020primeiro_treino_da_selecao_brasileira_na_granja_comarycbffutebol1373_0.jpg\",\"articleSection\":[\"Geral\"],\"inLanguage\":\"pt-BR\"},{\"@type\":\"WebPage\",\"@id\":\"https:\/\/noticiasemdestaque.com\/cd\/?p=27191\",\"url\":\"https:\/\/noticiasemdestaque.com\/cd\/?p=27191\",\"name\":\"Sele\u00e7\u00e3o brasileira faz primeiro treino para estreia nas eliminat\u00f3rias - Not&iacute;cias em Destaque\",\"isPartOf\":{\"@id\":\"https:\/\/noticiasemdestaque.com\/cd\/#website\"},\"primaryImageOfPage\":{\"@id\":\"https:\/\/noticiasemdestaque.com\/cd\/?p=27191#primaryimage\"},\"image\":{\"@id\":\"https:\/\/noticiasemdestaque.com\/cd\/?p=27191#primaryimage\"},\"thumbnailUrl\":\"https:\/\/noticiasemdestaque.com\/cd\/wp-content\/uploads\/2020\/10\/05102020primeiro_treino_da_selecao_brasileira_na_granja_comarycbffutebol1373_0.jpg\",\"datePublished\":\"2020-10-06T10:16:32+00:00\",\"breadcrumb\":{\"@id\":\"https:\/\/noticiasemdestaque.com\/cd\/?p=27191#breadcrumb\"},\"inLanguage\":\"pt-BR\",\"potentialAction\":[{\"@type\":\"ReadAction\",\"target\":[\"https:\/\/noticiasemdestaque.com\/cd\/?p=27191\"]}]},{\"@type\":\"ImageObject\",\"inLanguage\":\"pt-BR\",\"@id\":\"https:\/\/noticiasemdestaque.com\/cd\/?p=27191#primaryimage\",\"url\":\"https:\/\/noticiasemdestaque.com\/cd\/wp-content\/uploads\/2020\/10\/05102020primeiro_treino_da_selecao_brasileira_na_granja_comarycbffutebol1373_0.jpg\",\"contentUrl\":\"https:\/\/noticiasemdestaque.com\/cd\/wp-content\/uploads\/2020\/10\/05102020primeiro_treino_da_selecao_brasileira_na_granja_comarycbffutebol1373_0.jpg\",\"width\":1170,\"height\":700,\"caption\":\"Primeiro treino da Sele\u00e7\u00e3o Brasileira na Granja Comary durante a prepara\u00e7\u00e3o para o jogo contra a Bol\u00edvia pela primeira rodada das Eliminat\u00f3rias da Copa do Mundo 2022. Lucas Figueiredo\/CBF\"},{\"@type\":\"BreadcrumbList\",\"@id\":\"https:\/\/noticiasemdestaque.com\/cd\/?p=27191#breadcrumb\",\"itemListElement\":[{\"@type\":\"ListItem\",\"position\":1,\"name\":\"In\u00edcio\",\"item\":\"https:\/\/noticiasemdestaque.com\/cd\/\"},{\"@type\":\"ListItem\",\"position\":2,\"name\":\"Sele\u00e7\u00e3o brasileira faz primeiro treino para estreia nas eliminat\u00f3rias\"}]},{\"@type\":\"WebSite\",\"@id\":\"https:\/\/noticiasemdestaque.com\/cd\/#website\",\"url\":\"https:\/\/noticiasemdestaque.com\/cd\/\",\"name\":\"Not&iacute;cias em Destaque\",\"description\":\"\",\"publisher\":{\"@id\":\"https:\/\/noticiasemdestaque.com\/cd\/#organization\"},\"potentialAction\":[{\"@type\":\"SearchAction\",\"target\":{\"@type\":\"EntryPoint\",\"urlTemplate\":\"https:\/\/noticiasemdestaque.com\/cd\/?s={search_term_string}\"},\"query-input\":{\"@type\":\"PropertyValueSpecification\",\"valueRequired\":true,\"valueName\":\"search_term_string\"}}],\"inLanguage\":\"pt-BR\"},{\"@type\":\"Organization\",\"@id\":\"https:\/\/noticiasemdestaque.com\/cd\/#organization\",\"name\":\"Not\u00edcias em Destaque\",\"url\":\"https:\/\/noticiasemdestaque.com\/cd\/\",\"logo\":{\"@type\":\"ImageObject\",\"inLanguage\":\"pt-BR\",\"@id\":\"https:\/\/noticiasemdestaque.com\/cd\/#\/schema\/logo\/image\/\",\"url\":\"https:\/\/noticiasemdestaque.com\/cd\/wp-content\/uploads\/2022\/05\/imagem-base-noticiasemdestaque.png\",\"contentUrl\":\"https:\/\/noticiasemdestaque.com\/cd\/wp-content\/uploads\/2022\/05\/imagem-base-noticiasemdestaque.png\",\"width\":1200,\"height\":630,\"caption\":\"Not\u00edcias em Destaque\"},\"image\":{\"@id\":\"https:\/\/noticiasemdestaque.com\/cd\/#\/schema\/logo\/image\/\"}},{\"@type\":\"Person\",\"@id\":\"https:\/\/noticiasemdestaque.com\/cd\/#\/schema\/person\/21320b03a7e8bb90128938dafc9b908a\",\"name\":\"Not\u00edcias em Destaque\",\"url\":\"https:\/\/noticiasemdestaque.com\/cd\/?author=2\"}]}<\/script>\n<!-- \/ Yoast SEO plugin. -->","yoast_head_json":{"title":"Sele\u00e7\u00e3o brasileira faz primeiro treino para estreia nas eliminat\u00f3rias - Not&iacute;cias em Destaque","robots":{"index":"index","follow":"follow","max-snippet":"max-snippet:-1","max-image-preview":"max-image-preview:large","max-video-preview":"max-video-preview:-1"},"canonical":"https:\/\/noticiasemdestaque.com\/cd\/?p=27191","og_locale":"pt_BR","og_type":"article","og_title":"Sele\u00e7\u00e3o brasileira faz primeiro treino para estreia nas eliminat\u00f3rias - Not&iacute;cias em Destaque","og_description":"A sele\u00e7\u00e3o brasileira realizou, nesta\u00a0segunda-feira (5) \u00e0 tarde, o primeiro treino na Granja Comary, em Teres\u00f3polis (RJ),\u00a0projetando a estreia nas eliminat\u00f3rias para a Copa do Mundo de 2022, no Catar. Na\u00a0sexta-feira (9), os comandados de Tite enfrentam a Bol\u00edvia na Neo Qu\u00edmica Arena, em S\u00e3o Paulo, \u00e0s 21h30 (hor\u00e1rio de Bras\u00edlia). J\u00e1 na\u00a0ter\u00e7a-feira da pr\u00f3xima semana (13), \u00e0s 21h, o Brasil mede for\u00e7as com o Peru, em Lima, capital peruana. Not\u00edcias em Destaque Com EBC","og_url":"https:\/\/noticiasemdestaque.com\/cd\/?p=27191","og_site_name":"Not&iacute;cias em Destaque","article_published_time":"2020-10-06T10:16:32+00:00","og_image":[{"width":1170,"height":700,"url":"https:\/\/noticiasemdestaque.com\/cd\/wp-content\/uploads\/2020\/10\/05102020primeiro_treino_da_selecao_brasileira_na_granja_comarycbffutebol1373_0.jpg","type":"image\/jpeg"}],"author":"Not\u00edcias em Destaque","twitter_card":"summary_large_image","twitter_misc":{"Escrito por":"Not\u00edcias em Destaque"},"schema":{"@context":"https:\/\/schema.org","@graph":[{"@type":"Article","@id":"https:\/\/noticiasemdestaque.com\/cd\/?p=27191#article","isPartOf":{"@id":"https:\/\/noticiasemdestaque.com\/cd\/?p=27191"},"author":{"name":"Not\u00edcias em Destaque","@id":"https:\/\/noticiasemdestaque.com\/cd\/#\/schema\/person\/21320b03a7e8bb90128938dafc9b908a"},"headline":"Sele\u00e7\u00e3o brasileira faz primeiro treino para estreia nas eliminat\u00f3rias","datePublished":"2020-10-06T10:16:32+00:00","mainEntityOfPage":{"@id":"https:\/\/noticiasemdestaque.com\/cd\/?p=27191"},"wordCount":97,"publisher":{"@id":"https:\/\/noticiasemdestaque.com\/cd\/#organization"},"image":{"@id":"https:\/\/noticiasemdestaque.com\/cd\/?p=27191#primaryimage"},"thumbnailUrl":"https:\/\/noticiasemdestaque.com\/cd\/wp-content\/uploads\/2020\/10\/05102020primeiro_treino_da_selecao_brasileira_na_granja_comarycbffutebol1373_0.jpg","articleSection":["Geral"],"inLanguage":"pt-BR"},{"@type":"WebPage","@id":"https:\/\/noticiasemdestaque.com\/cd\/?p=27191","url":"https:\/\/noticiasemdestaque.com\/cd\/?p=27191","name":"Sele\u00e7\u00e3o brasileira faz primeiro treino para estreia nas eliminat\u00f3rias - Not&iacute;cias em Destaque","isPartOf":{"@id":"https:\/\/noticiasemdestaque.com\/cd\/#website"},"primaryImageOfPage":{"@id":"https:\/\/noticiasemdestaque.com\/cd\/?p=27191#primaryimage"},"image":{"@id":"https:\/\/noticiasemdestaque.com\/cd\/?p=27191#primaryimage"},"thumbnailUrl":"https:\/\/noticiasemdestaque.com\/cd\/wp-content\/uploads\/2020\/10\/05102020primeiro_treino_da_selecao_brasileira_na_granja_comarycbffutebol1373_0.jpg","datePublished":"2020-10-06T10:16:32+00:00","breadcrumb":{"@id":"https:\/\/noticiasemdestaque.com\/cd\/?p=27191#breadcrumb"},"inLanguage":"pt-BR","potentialAction":[{"@type":"ReadAction","target":["https:\/\/noticiasemdestaque.com\/cd\/?p=27191"]}]},{"@type":"ImageObject","inLanguage":"pt-BR","@id":"https:\/\/noticiasemdestaque.com\/cd\/?p=27191#primaryimage","url":"https:\/\/noticiasemdestaque.com\/cd\/wp-content\/uploads\/2020\/10\/05102020primeiro_treino_da_selecao_brasileira_na_granja_comarycbffutebol1373_0.jpg","contentUrl":"https:\/\/noticiasemdestaque.com\/cd\/wp-content\/uploads\/2020\/10\/05102020primeiro_treino_da_selecao_brasileira_na_granja_comarycbffutebol1373_0.jpg","width":1170,"height":700,"caption":"Primeiro treino da Sele\u00e7\u00e3o Brasileira na Granja Comary durante a prepara\u00e7\u00e3o para o jogo contra a Bol\u00edvia pela primeira rodada das Eliminat\u00f3rias da Copa do Mundo 2022. Lucas Figueiredo\/CBF"},{"@type":"BreadcrumbList","@id":"https:\/\/noticiasemdestaque.com\/cd\/?p=27191#breadcrumb","itemListElement":[{"@type":"ListItem","position":1,"name":"In\u00edcio","item":"https:\/\/noticiasemdestaque.com\/cd\/"},{"@type":"ListItem","position":2,"name":"Sele\u00e7\u00e3o brasileira faz primeiro treino para estreia nas eliminat\u00f3rias"}]},{"@type":"WebSite","@id":"https:\/\/noticiasemdestaque.com\/cd\/#website","url":"https:\/\/noticiasemdestaque.com\/cd\/","name":"Not&iacute;cias em Destaque","description":"","publisher":{"@id":"https:\/\/noticiasemdestaque.com\/cd\/#organization"},"potentialAction":[{"@type":"SearchAction","target":{"@type":"EntryPoint","urlTemplate":"https:\/\/noticiasemdestaque.com\/cd\/?s={search_term_string}"},"query-input":{"@type":"PropertyValueSpecification","valueRequired":true,"valueName":"search_term_string"}}],"inLanguage":"pt-BR"},{"@type":"Organization","@id":"https:\/\/noticiasemdestaque.com\/cd\/#organization","name":"Not\u00edcias em Destaque","url":"https:\/\/noticiasemdestaque.com\/cd\/","logo":{"@type":"ImageObject","inLanguage":"pt-BR","@id":"https:\/\/noticiasemdestaque.com\/cd\/#\/schema\/logo\/image\/","url":"https:\/\/noticiasemdestaque.com\/cd\/wp-content\/uploads\/2022\/05\/imagem-base-noticiasemdestaque.png","contentUrl":"https:\/\/noticiasemdestaque.com\/cd\/wp-content\/uploads\/2022\/05\/imagem-base-noticiasemdestaque.png","width":1200,"height":630,"caption":"Not\u00edcias em Destaque"},"image":{"@id":"https:\/\/noticiasemdestaque.com\/cd\/#\/schema\/logo\/image\/"}},{"@type":"Person","@id":"https:\/\/noticiasemdestaque.com\/cd\/#\/schema\/person\/21320b03a7e8bb90128938dafc9b908a","name":"Not\u00edcias em Destaque","url":"https:\/\/noticiasemdestaque.com\/cd\/?author=2"}]}},"jetpack_featured_media_url":"https:\/\/noticiasemdestaque.com\/cd\/wp-content\/uploads\/2020\/10\/05102020primeiro_treino_da_selecao_brasileira_na_granja_comarycbffutebol1373_0.jpg","jetpack_sharing_enabled":true,"_links":{"self":[{"href":"https:\/\/noticiasemdestaque.com\/cd\/index.php?rest_route=\/wp\/v2\/posts\/27191","targetHints":{"allow":["GET"]}}],"collection":[{"href":"https:\/\/noticiasemdestaque.com\/cd\/index.php?rest_route=\/wp\/v2\/posts"}],"about":[{"href":"https:\/\/noticiasemdestaque.com\/cd\/index.php?rest_route=\/wp\/v2\/types\/post"}],"author":[{"embeddable":true,"href":"https:\/\/noticiasemdestaque.com\/cd\/index.php?rest_route=\/wp\/v2\/users\/2"}],"replies":[{"embeddable":true,"href":"https:\/\/noticiasemdestaque.com\/cd\/index.php?rest_route=%2Fwp%2Fv2%2Fcomments&post=27191"}],"version-history":[{"count":1,"href":"https:\/\/noticiasemdestaque.com\/cd\/index.php?rest_route=\/wp\/v2\/posts\/27191\/revisions"}],"predecessor-version":[{"id":27193,"href":"https:\/\/noticiasemdestaque.com\/cd\/index.php?rest_route=\/wp\/v2\/posts\/27191\/revisions\/27193"}],"wp:featuredmedia":[{"embeddable":true,"href":"https:\/\/noticiasemdestaque.com\/cd\/index.php?rest_route=\/wp\/v2\/media\/27192"}],"wp:attachment":[{"href":"https:\/\/noticiasemdestaque.com\/cd\/index.php?rest_route=%2Fwp%2Fv2%2Fmedia&parent=27191"}],"wp:term":[{"taxonomy":"category","embeddable":true,"href":"https:\/\/noticiasemdestaque.com\/cd\/index.php?rest_route=%2Fwp%2Fv2%2Fcategories&post=27191"},{"taxonomy":"post_tag","embeddable":true,"href":"https:\/\/noticiasemdestaque.com\/cd\/index.php?rest_route=%2Fwp%2Fv2%2Ftags&post=27191"}],"curies":[{"name":"wp","href":"https:\/\/api.w.org\/{rel}","templated":true}]}}