{"id":27188,"date":"2020-10-06T07:11:21","date_gmt":"2020-10-06T10:11:21","guid":{"rendered":"http:\/\/noticiasemdestaque.com\/cd\/?p=27188"},"modified":"2020-10-06T07:11:21","modified_gmt":"2020-10-06T10:11:21","slug":"joao-azevedo-anuncia-conclusao-de-obras-da-unidade-do-corpo-de-bombeiros-de-sume","status":"publish","type":"post","link":"https:\/\/noticiasemdestaque.com\/cd\/?p=27188","title":{"rendered":"Jo\u00e3o Azev\u00eado anuncia conclus\u00e3o de obras da unidade do Corpo de Bombeiros de Sum\u00e9"},"content":{"rendered":"<p><a href=\"https:\/\/noticiasemdestaque.com\/cd\/wp-content\/uploads\/2020\/10\/fd2c1003-8736-4947-a561-b94eb4c10931.jpg\"><img fetchpriority=\"high\" decoding=\"async\" class=\"size-medium wp-image-27189 alignleft\" src=\"https:\/\/noticiasemdestaque.com\/cd\/wp-content\/uploads\/2020\/10\/fd2c1003-8736-4947-a561-b94eb4c10931-300x199.jpg\" alt=\"\" width=\"300\" height=\"199\" srcset=\"https:\/\/noticiasemdestaque.com\/cd\/wp-content\/uploads\/2020\/10\/fd2c1003-8736-4947-a561-b94eb4c10931-300x199.jpg 300w, https:\/\/noticiasemdestaque.com\/cd\/wp-content\/uploads\/2020\/10\/fd2c1003-8736-4947-a561-b94eb4c10931-1024x681.jpg 1024w, https:\/\/noticiasemdestaque.com\/cd\/wp-content\/uploads\/2020\/10\/fd2c1003-8736-4947-a561-b94eb4c10931-768x511.jpg 768w, https:\/\/noticiasemdestaque.com\/cd\/wp-content\/uploads\/2020\/10\/fd2c1003-8736-4947-a561-b94eb4c10931-480x320.jpg 480w, https:\/\/noticiasemdestaque.com\/cd\/wp-content\/uploads\/2020\/10\/fd2c1003-8736-4947-a561-b94eb4c10931.jpg 1280w\" sizes=\"(max-width: 300px) 100vw, 300px\" \/><\/a><\/p>\n<p>O governador Jo\u00e3o Azev\u00eado anunciou, nesta segunda-feira (5), durante o programa semanal \u2018Fala, governador\u2019, transmitido em cadeia estadual pela R\u00e1dio Tabajara, a conclus\u00e3o das obras das novas instala\u00e7\u00f5es da Companhia do Corpo de Bombeiros de Sum\u00e9, no Cariri paraibano. O investimento \u00e9 resultado de uma a\u00e7\u00e3o conjunta entre o Governo da Para\u00edba, por meio da Secretaria da Seguran\u00e7a e da Defesa Social e do Corpo de Bombeiros Militar; da Prefeitura Municipal de Sum\u00e9, da Justi\u00e7a Federal e do Minist\u00e9rio P\u00fablico Federal.<\/p>\n<p>Al\u00e9m de ficar respons\u00e1vel pela operacionaliza\u00e7\u00e3o da Companhia, com a disponibiliza\u00e7\u00e3o de efetivo necess\u00e1rio, viaturas operacionais e administrativa, equipamentos e materiais operacionais para a\u00e7\u00f5es de combate a inc\u00eandio, busca e resgate, a gest\u00e3o estadual tamb\u00e9m ir\u00e1 destinar \u00e0 subunidade do Bombeiro Militar uma ambul\u00e2ncia de resgate e uma viatura de combate a inc\u00eandio.<\/p>\n<p>O pr\u00e9dio, localizado na Rua Adamastor Gomes de Ara\u00fajo, no Bairro Carro Quebrado, foi totalmente reformado e ampliado pelo munic\u00edpio de Sum\u00e9. J\u00e1 a Justi\u00e7a Federal e o Minist\u00e9rio P\u00fablico Federal repassaram recursos para aquisi\u00e7\u00e3o de mobili\u00e1rios e eletroeletr\u00f4nicos.<\/p>\n<p>\u201cEssa obra nos tranquiliza porque a regi\u00e3o do Cariri ter\u00e1 uma unidade estruturada para dar apoio, quando necess\u00e1rio, \u00e0 popula\u00e7\u00e3o. Esse investimento \u00e9 fruto de uma parceria com o munic\u00edpio de Sum\u00e9, que reformou o pr\u00e9dio e o colocou \u00e0 disposi\u00e7\u00e3o do Corpo de Bombeiros; com a Justi\u00e7a Federal; e com o Minist\u00e9rio P\u00fablico Federal, atendendo a um sonho antigo da popula\u00e7\u00e3o\u201d, disse o governador.<\/p>\n","protected":false},"excerpt":{"rendered":"<p>O governador Jo\u00e3o Azev\u00eado anunciou, nesta segunda-feira (5), durante o programa semanal \u2018Fala, governador\u2019, transmitido em cadeia estadual pela R\u00e1dio Tabajara, a conclus\u00e3o das obras das novas instala\u00e7\u00f5es da Companhia do Corpo de Bombeiros de Sum\u00e9, no Cariri paraibano. O investimento \u00e9 resultado de uma a\u00e7\u00e3o conjunta entre o Governo da Para\u00edba, por meio da Secretaria da Seguran\u00e7a e da Defesa Social e do Corpo de Bombeiros Militar; da Prefeitura Municipal de Sum\u00e9, da Justi\u00e7a Federal e do Minist\u00e9rio P\u00fablico Federal. Al\u00e9m de ficar respons\u00e1vel pela operacionaliza\u00e7\u00e3o da Companhia, com a disponibiliza\u00e7\u00e3o de efetivo necess\u00e1rio, viaturas operacionais e administrativa, equipamentos e materiais operacionais para a\u00e7\u00f5es de combate a inc\u00eandio, busca e resgate, a gest\u00e3o estadual tamb\u00e9m ir\u00e1 destinar \u00e0 subunidade do Bombeiro Militar uma ambul\u00e2ncia de resgate e uma viatura de combate a inc\u00eandio. O pr\u00e9dio, localizado na Rua Adamastor Gomes de Ara\u00fajo, no Bairro Carro Quebrado, foi totalmente reformado e ampliado pelo munic\u00edpio de Sum\u00e9. J\u00e1 a Justi\u00e7a Federal e o Minist\u00e9rio P\u00fablico Federal repassaram recursos para aquisi\u00e7\u00e3o de mobili\u00e1rios e eletroeletr\u00f4nicos. \u201cEssa obra nos tranquiliza porque a regi\u00e3o do Cariri ter\u00e1 uma unidade estruturada para dar apoio, quando necess\u00e1rio, \u00e0 popula\u00e7\u00e3o. Esse investimento \u00e9 fruto de uma parceria com o munic\u00edpio de Sum\u00e9, que reformou o pr\u00e9dio e o colocou \u00e0 disposi\u00e7\u00e3o do Corpo de Bombeiros; com a Justi\u00e7a Federal; e com o Minist\u00e9rio P\u00fablico Federal, atendendo a um sonho antigo da popula\u00e7\u00e3o\u201d, disse o governador.<\/p>\n","protected":false},"author":2,"featured_media":27189,"comment_status":"closed","ping_status":"open","sticky":false,"template":"","format":"standard","meta":{"_eb_attr":"","_jetpack_memberships_contains_paid_content":false,"footnotes":""},"categories":[4],"tags":[],"class_list":["post-27188","post","type-post","status-publish","format-standard","has-post-thumbnail","hentry","category-politica"],"yoast_head":"<!-- This site is optimized with the Yoast SEO plugin v26.5 - https:\/\/yoast.com\/wordpress\/plugins\/seo\/ -->\n<title>Jo\u00e3o Azev\u00eado anuncia conclus\u00e3o de obras da unidade do Corpo de Bombeiros de Sum\u00e9 - Not&iacute;cias em Destaque<\/title>\n<meta name=\"robots\" content=\"index, follow, max-snippet:-1, max-image-preview:large, max-video-preview:-1\" \/>\n<link rel=\"canonical\" href=\"https:\/\/noticiasemdestaque.com\/cd\/?p=27188\" \/>\n<meta property=\"og:locale\" content=\"pt_BR\" \/>\n<meta property=\"og:type\" content=\"article\" \/>\n<meta property=\"og:title\" content=\"Jo\u00e3o Azev\u00eado anuncia conclus\u00e3o de obras da unidade do Corpo de Bombeiros de Sum\u00e9 - Not&iacute;cias em Destaque\" \/>\n<meta property=\"og:description\" content=\"O governador Jo\u00e3o Azev\u00eado anunciou, nesta segunda-feira (5), durante o programa semanal \u2018Fala, governador\u2019, transmitido em cadeia estadual pela R\u00e1dio Tabajara, a conclus\u00e3o das obras das novas instala\u00e7\u00f5es da Companhia do Corpo de Bombeiros de Sum\u00e9, no Cariri paraibano. O investimento \u00e9 resultado de uma a\u00e7\u00e3o conjunta entre o Governo da Para\u00edba, por meio da Secretaria da Seguran\u00e7a e da Defesa Social e do Corpo de Bombeiros Militar; da Prefeitura Municipal de Sum\u00e9, da Justi\u00e7a Federal e do Minist\u00e9rio P\u00fablico Federal. Al\u00e9m de ficar respons\u00e1vel pela operacionaliza\u00e7\u00e3o da Companhia, com a disponibiliza\u00e7\u00e3o de efetivo necess\u00e1rio, viaturas operacionais e administrativa, equipamentos e materiais operacionais para a\u00e7\u00f5es de combate a inc\u00eandio, busca e resgate, a gest\u00e3o estadual tamb\u00e9m ir\u00e1 destinar \u00e0 subunidade do Bombeiro Militar uma ambul\u00e2ncia de resgate e uma viatura de combate a inc\u00eandio. O pr\u00e9dio, localizado na Rua Adamastor Gomes de Ara\u00fajo, no Bairro Carro Quebrado, foi totalmente reformado e ampliado pelo munic\u00edpio de Sum\u00e9. J\u00e1 a Justi\u00e7a Federal e o Minist\u00e9rio P\u00fablico Federal repassaram recursos para aquisi\u00e7\u00e3o de mobili\u00e1rios e eletroeletr\u00f4nicos. \u201cEssa obra nos tranquiliza porque a regi\u00e3o do Cariri ter\u00e1 uma unidade estruturada para dar apoio, quando necess\u00e1rio, \u00e0 popula\u00e7\u00e3o. Esse investimento \u00e9 fruto de uma parceria com o munic\u00edpio de Sum\u00e9, que reformou o pr\u00e9dio e o colocou \u00e0 disposi\u00e7\u00e3o do Corpo de Bombeiros; com a Justi\u00e7a Federal; e com o Minist\u00e9rio P\u00fablico Federal, atendendo a um sonho antigo da popula\u00e7\u00e3o\u201d, disse o governador.\" \/>\n<meta property=\"og:url\" content=\"https:\/\/noticiasemdestaque.com\/cd\/?p=27188\" \/>\n<meta property=\"og:site_name\" content=\"Not&iacute;cias em Destaque\" \/>\n<meta property=\"article:published_time\" content=\"2020-10-06T10:11:21+00:00\" \/>\n<meta property=\"og:image\" content=\"https:\/\/noticiasemdestaque.com\/cd\/wp-content\/uploads\/2020\/10\/fd2c1003-8736-4947-a561-b94eb4c10931.jpg\" \/>\n\t<meta property=\"og:image:width\" content=\"1280\" \/>\n\t<meta property=\"og:image:height\" content=\"851\" \/>\n\t<meta property=\"og:image:type\" content=\"image\/jpeg\" \/>\n<meta name=\"author\" content=\"Not\u00edcias em Destaque\" \/>\n<meta name=\"twitter:card\" content=\"summary_large_image\" \/>\n<meta name=\"twitter:label1\" content=\"Escrito por\" \/>\n\t<meta name=\"twitter:data1\" content=\"Not\u00edcias em Destaque\" \/>\n\t<meta name=\"twitter:label2\" content=\"Est. tempo de leitura\" \/>\n\t<meta name=\"twitter:data2\" content=\"1 minuto\" \/>\n<script type=\"application\/ld+json\" class=\"yoast-schema-graph\">{\"@context\":\"https:\/\/schema.org\",\"@graph\":[{\"@type\":\"Article\",\"@id\":\"https:\/\/noticiasemdestaque.com\/cd\/?p=27188#article\",\"isPartOf\":{\"@id\":\"https:\/\/noticiasemdestaque.com\/cd\/?p=27188\"},\"author\":{\"name\":\"Not\u00edcias em Destaque\",\"@id\":\"https:\/\/noticiasemdestaque.com\/cd\/#\/schema\/person\/21320b03a7e8bb90128938dafc9b908a\"},\"headline\":\"Jo\u00e3o Azev\u00eado anuncia conclus\u00e3o de obras da unidade do Corpo de Bombeiros de Sum\u00e9\",\"datePublished\":\"2020-10-06T10:11:21+00:00\",\"mainEntityOfPage\":{\"@id\":\"https:\/\/noticiasemdestaque.com\/cd\/?p=27188\"},\"wordCount\":290,\"publisher\":{\"@id\":\"https:\/\/noticiasemdestaque.com\/cd\/#organization\"},\"image\":{\"@id\":\"https:\/\/noticiasemdestaque.com\/cd\/?p=27188#primaryimage\"},\"thumbnailUrl\":\"https:\/\/noticiasemdestaque.com\/cd\/wp-content\/uploads\/2020\/10\/fd2c1003-8736-4947-a561-b94eb4c10931.jpg\",\"articleSection\":[\"Pol\u00edtica\"],\"inLanguage\":\"pt-BR\"},{\"@type\":\"WebPage\",\"@id\":\"https:\/\/noticiasemdestaque.com\/cd\/?p=27188\",\"url\":\"https:\/\/noticiasemdestaque.com\/cd\/?p=27188\",\"name\":\"Jo\u00e3o Azev\u00eado anuncia conclus\u00e3o de obras da unidade do Corpo de Bombeiros de Sum\u00e9 - Not&iacute;cias em Destaque\",\"isPartOf\":{\"@id\":\"https:\/\/noticiasemdestaque.com\/cd\/#website\"},\"primaryImageOfPage\":{\"@id\":\"https:\/\/noticiasemdestaque.com\/cd\/?p=27188#primaryimage\"},\"image\":{\"@id\":\"https:\/\/noticiasemdestaque.com\/cd\/?p=27188#primaryimage\"},\"thumbnailUrl\":\"https:\/\/noticiasemdestaque.com\/cd\/wp-content\/uploads\/2020\/10\/fd2c1003-8736-4947-a561-b94eb4c10931.jpg\",\"datePublished\":\"2020-10-06T10:11:21+00:00\",\"breadcrumb\":{\"@id\":\"https:\/\/noticiasemdestaque.com\/cd\/?p=27188#breadcrumb\"},\"inLanguage\":\"pt-BR\",\"potentialAction\":[{\"@type\":\"ReadAction\",\"target\":[\"https:\/\/noticiasemdestaque.com\/cd\/?p=27188\"]}]},{\"@type\":\"ImageObject\",\"inLanguage\":\"pt-BR\",\"@id\":\"https:\/\/noticiasemdestaque.com\/cd\/?p=27188#primaryimage\",\"url\":\"https:\/\/noticiasemdestaque.com\/cd\/wp-content\/uploads\/2020\/10\/fd2c1003-8736-4947-a561-b94eb4c10931.jpg\",\"contentUrl\":\"https:\/\/noticiasemdestaque.com\/cd\/wp-content\/uploads\/2020\/10\/fd2c1003-8736-4947-a561-b94eb4c10931.jpg\",\"width\":1280,\"height\":851},{\"@type\":\"BreadcrumbList\",\"@id\":\"https:\/\/noticiasemdestaque.com\/cd\/?p=27188#breadcrumb\",\"itemListElement\":[{\"@type\":\"ListItem\",\"position\":1,\"name\":\"In\u00edcio\",\"item\":\"https:\/\/noticiasemdestaque.com\/cd\/\"},{\"@type\":\"ListItem\",\"position\":2,\"name\":\"Jo\u00e3o Azev\u00eado anuncia conclus\u00e3o de obras da unidade do Corpo de Bombeiros de Sum\u00e9\"}]},{\"@type\":\"WebSite\",\"@id\":\"https:\/\/noticiasemdestaque.com\/cd\/#website\",\"url\":\"https:\/\/noticiasemdestaque.com\/cd\/\",\"name\":\"Not&iacute;cias em Destaque\",\"description\":\"\",\"publisher\":{\"@id\":\"https:\/\/noticiasemdestaque.com\/cd\/#organization\"},\"potentialAction\":[{\"@type\":\"SearchAction\",\"target\":{\"@type\":\"EntryPoint\",\"urlTemplate\":\"https:\/\/noticiasemdestaque.com\/cd\/?s={search_term_string}\"},\"query-input\":{\"@type\":\"PropertyValueSpecification\",\"valueRequired\":true,\"valueName\":\"search_term_string\"}}],\"inLanguage\":\"pt-BR\"},{\"@type\":\"Organization\",\"@id\":\"https:\/\/noticiasemdestaque.com\/cd\/#organization\",\"name\":\"Not\u00edcias em Destaque\",\"url\":\"https:\/\/noticiasemdestaque.com\/cd\/\",\"logo\":{\"@type\":\"ImageObject\",\"inLanguage\":\"pt-BR\",\"@id\":\"https:\/\/noticiasemdestaque.com\/cd\/#\/schema\/logo\/image\/\",\"url\":\"https:\/\/noticiasemdestaque.com\/cd\/wp-content\/uploads\/2022\/05\/imagem-base-noticiasemdestaque.png\",\"contentUrl\":\"https:\/\/noticiasemdestaque.com\/cd\/wp-content\/uploads\/2022\/05\/imagem-base-noticiasemdestaque.png\",\"width\":1200,\"height\":630,\"caption\":\"Not\u00edcias em Destaque\"},\"image\":{\"@id\":\"https:\/\/noticiasemdestaque.com\/cd\/#\/schema\/logo\/image\/\"}},{\"@type\":\"Person\",\"@id\":\"https:\/\/noticiasemdestaque.com\/cd\/#\/schema\/person\/21320b03a7e8bb90128938dafc9b908a\",\"name\":\"Not\u00edcias em Destaque\",\"url\":\"https:\/\/noticiasemdestaque.com\/cd\/?author=2\"}]}<\/script>\n<!-- \/ Yoast SEO plugin. -->","yoast_head_json":{"title":"Jo\u00e3o Azev\u00eado anuncia conclus\u00e3o de obras da unidade do Corpo de Bombeiros de Sum\u00e9 - Not&iacute;cias em Destaque","robots":{"index":"index","follow":"follow","max-snippet":"max-snippet:-1","max-image-preview":"max-image-preview:large","max-video-preview":"max-video-preview:-1"},"canonical":"https:\/\/noticiasemdestaque.com\/cd\/?p=27188","og_locale":"pt_BR","og_type":"article","og_title":"Jo\u00e3o Azev\u00eado anuncia conclus\u00e3o de obras da unidade do Corpo de Bombeiros de Sum\u00e9 - Not&iacute;cias em Destaque","og_description":"O governador Jo\u00e3o Azev\u00eado anunciou, nesta segunda-feira (5), durante o programa semanal \u2018Fala, governador\u2019, transmitido em cadeia estadual pela R\u00e1dio Tabajara, a conclus\u00e3o das obras das novas instala\u00e7\u00f5es da Companhia do Corpo de Bombeiros de Sum\u00e9, no Cariri paraibano. O investimento \u00e9 resultado de uma a\u00e7\u00e3o conjunta entre o Governo da Para\u00edba, por meio da Secretaria da Seguran\u00e7a e da Defesa Social e do Corpo de Bombeiros Militar; da Prefeitura Municipal de Sum\u00e9, da Justi\u00e7a Federal e do Minist\u00e9rio P\u00fablico Federal. Al\u00e9m de ficar respons\u00e1vel pela operacionaliza\u00e7\u00e3o da Companhia, com a disponibiliza\u00e7\u00e3o de efetivo necess\u00e1rio, viaturas operacionais e administrativa, equipamentos e materiais operacionais para a\u00e7\u00f5es de combate a inc\u00eandio, busca e resgate, a gest\u00e3o estadual tamb\u00e9m ir\u00e1 destinar \u00e0 subunidade do Bombeiro Militar uma ambul\u00e2ncia de resgate e uma viatura de combate a inc\u00eandio. O pr\u00e9dio, localizado na Rua Adamastor Gomes de Ara\u00fajo, no Bairro Carro Quebrado, foi totalmente reformado e ampliado pelo munic\u00edpio de Sum\u00e9. J\u00e1 a Justi\u00e7a Federal e o Minist\u00e9rio P\u00fablico Federal repassaram recursos para aquisi\u00e7\u00e3o de mobili\u00e1rios e eletroeletr\u00f4nicos. \u201cEssa obra nos tranquiliza porque a regi\u00e3o do Cariri ter\u00e1 uma unidade estruturada para dar apoio, quando necess\u00e1rio, \u00e0 popula\u00e7\u00e3o. Esse investimento \u00e9 fruto de uma parceria com o munic\u00edpio de Sum\u00e9, que reformou o pr\u00e9dio e o colocou \u00e0 disposi\u00e7\u00e3o do Corpo de Bombeiros; com a Justi\u00e7a Federal; e com o Minist\u00e9rio P\u00fablico Federal, atendendo a um sonho antigo da popula\u00e7\u00e3o\u201d, disse o governador.","og_url":"https:\/\/noticiasemdestaque.com\/cd\/?p=27188","og_site_name":"Not&iacute;cias em Destaque","article_published_time":"2020-10-06T10:11:21+00:00","og_image":[{"width":1280,"height":851,"url":"https:\/\/noticiasemdestaque.com\/cd\/wp-content\/uploads\/2020\/10\/fd2c1003-8736-4947-a561-b94eb4c10931.jpg","type":"image\/jpeg"}],"author":"Not\u00edcias em Destaque","twitter_card":"summary_large_image","twitter_misc":{"Escrito por":"Not\u00edcias em Destaque","Est. tempo de leitura":"1 minuto"},"schema":{"@context":"https:\/\/schema.org","@graph":[{"@type":"Article","@id":"https:\/\/noticiasemdestaque.com\/cd\/?p=27188#article","isPartOf":{"@id":"https:\/\/noticiasemdestaque.com\/cd\/?p=27188"},"author":{"name":"Not\u00edcias em Destaque","@id":"https:\/\/noticiasemdestaque.com\/cd\/#\/schema\/person\/21320b03a7e8bb90128938dafc9b908a"},"headline":"Jo\u00e3o Azev\u00eado anuncia conclus\u00e3o de obras da unidade do Corpo de Bombeiros de Sum\u00e9","datePublished":"2020-10-06T10:11:21+00:00","mainEntityOfPage":{"@id":"https:\/\/noticiasemdestaque.com\/cd\/?p=27188"},"wordCount":290,"publisher":{"@id":"https:\/\/noticiasemdestaque.com\/cd\/#organization"},"image":{"@id":"https:\/\/noticiasemdestaque.com\/cd\/?p=27188#primaryimage"},"thumbnailUrl":"https:\/\/noticiasemdestaque.com\/cd\/wp-content\/uploads\/2020\/10\/fd2c1003-8736-4947-a561-b94eb4c10931.jpg","articleSection":["Pol\u00edtica"],"inLanguage":"pt-BR"},{"@type":"WebPage","@id":"https:\/\/noticiasemdestaque.com\/cd\/?p=27188","url":"https:\/\/noticiasemdestaque.com\/cd\/?p=27188","name":"Jo\u00e3o Azev\u00eado anuncia conclus\u00e3o de obras da unidade do Corpo de Bombeiros de Sum\u00e9 - Not&iacute;cias em Destaque","isPartOf":{"@id":"https:\/\/noticiasemdestaque.com\/cd\/#website"},"primaryImageOfPage":{"@id":"https:\/\/noticiasemdestaque.com\/cd\/?p=27188#primaryimage"},"image":{"@id":"https:\/\/noticiasemdestaque.com\/cd\/?p=27188#primaryimage"},"thumbnailUrl":"https:\/\/noticiasemdestaque.com\/cd\/wp-content\/uploads\/2020\/10\/fd2c1003-8736-4947-a561-b94eb4c10931.jpg","datePublished":"2020-10-06T10:11:21+00:00","breadcrumb":{"@id":"https:\/\/noticiasemdestaque.com\/cd\/?p=27188#breadcrumb"},"inLanguage":"pt-BR","potentialAction":[{"@type":"ReadAction","target":["https:\/\/noticiasemdestaque.com\/cd\/?p=27188"]}]},{"@type":"ImageObject","inLanguage":"pt-BR","@id":"https:\/\/noticiasemdestaque.com\/cd\/?p=27188#primaryimage","url":"https:\/\/noticiasemdestaque.com\/cd\/wp-content\/uploads\/2020\/10\/fd2c1003-8736-4947-a561-b94eb4c10931.jpg","contentUrl":"https:\/\/noticiasemdestaque.com\/cd\/wp-content\/uploads\/2020\/10\/fd2c1003-8736-4947-a561-b94eb4c10931.jpg","width":1280,"height":851},{"@type":"BreadcrumbList","@id":"https:\/\/noticiasemdestaque.com\/cd\/?p=27188#breadcrumb","itemListElement":[{"@type":"ListItem","position":1,"name":"In\u00edcio","item":"https:\/\/noticiasemdestaque.com\/cd\/"},{"@type":"ListItem","position":2,"name":"Jo\u00e3o Azev\u00eado anuncia conclus\u00e3o de obras da unidade do Corpo de Bombeiros de Sum\u00e9"}]},{"@type":"WebSite","@id":"https:\/\/noticiasemdestaque.com\/cd\/#website","url":"https:\/\/noticiasemdestaque.com\/cd\/","name":"Not&iacute;cias em Destaque","description":"","publisher":{"@id":"https:\/\/noticiasemdestaque.com\/cd\/#organization"},"potentialAction":[{"@type":"SearchAction","target":{"@type":"EntryPoint","urlTemplate":"https:\/\/noticiasemdestaque.com\/cd\/?s={search_term_string}"},"query-input":{"@type":"PropertyValueSpecification","valueRequired":true,"valueName":"search_term_string"}}],"inLanguage":"pt-BR"},{"@type":"Organization","@id":"https:\/\/noticiasemdestaque.com\/cd\/#organization","name":"Not\u00edcias em Destaque","url":"https:\/\/noticiasemdestaque.com\/cd\/","logo":{"@type":"ImageObject","inLanguage":"pt-BR","@id":"https:\/\/noticiasemdestaque.com\/cd\/#\/schema\/logo\/image\/","url":"https:\/\/noticiasemdestaque.com\/cd\/wp-content\/uploads\/2022\/05\/imagem-base-noticiasemdestaque.png","contentUrl":"https:\/\/noticiasemdestaque.com\/cd\/wp-content\/uploads\/2022\/05\/imagem-base-noticiasemdestaque.png","width":1200,"height":630,"caption":"Not\u00edcias em Destaque"},"image":{"@id":"https:\/\/noticiasemdestaque.com\/cd\/#\/schema\/logo\/image\/"}},{"@type":"Person","@id":"https:\/\/noticiasemdestaque.com\/cd\/#\/schema\/person\/21320b03a7e8bb90128938dafc9b908a","name":"Not\u00edcias em Destaque","url":"https:\/\/noticiasemdestaque.com\/cd\/?author=2"}]}},"jetpack_featured_media_url":"https:\/\/noticiasemdestaque.com\/cd\/wp-content\/uploads\/2020\/10\/fd2c1003-8736-4947-a561-b94eb4c10931.jpg","jetpack_sharing_enabled":true,"_links":{"self":[{"href":"https:\/\/noticiasemdestaque.com\/cd\/index.php?rest_route=\/wp\/v2\/posts\/27188","targetHints":{"allow":["GET"]}}],"collection":[{"href":"https:\/\/noticiasemdestaque.com\/cd\/index.php?rest_route=\/wp\/v2\/posts"}],"about":[{"href":"https:\/\/noticiasemdestaque.com\/cd\/index.php?rest_route=\/wp\/v2\/types\/post"}],"author":[{"embeddable":true,"href":"https:\/\/noticiasemdestaque.com\/cd\/index.php?rest_route=\/wp\/v2\/users\/2"}],"replies":[{"embeddable":true,"href":"https:\/\/noticiasemdestaque.com\/cd\/index.php?rest_route=%2Fwp%2Fv2%2Fcomments&post=27188"}],"version-history":[{"count":1,"href":"https:\/\/noticiasemdestaque.com\/cd\/index.php?rest_route=\/wp\/v2\/posts\/27188\/revisions"}],"predecessor-version":[{"id":27190,"href":"https:\/\/noticiasemdestaque.com\/cd\/index.php?rest_route=\/wp\/v2\/posts\/27188\/revisions\/27190"}],"wp:featuredmedia":[{"embeddable":true,"href":"https:\/\/noticiasemdestaque.com\/cd\/index.php?rest_route=\/wp\/v2\/media\/27189"}],"wp:attachment":[{"href":"https:\/\/noticiasemdestaque.com\/cd\/index.php?rest_route=%2Fwp%2Fv2%2Fmedia&parent=27188"}],"wp:term":[{"taxonomy":"category","embeddable":true,"href":"https:\/\/noticiasemdestaque.com\/cd\/index.php?rest_route=%2Fwp%2Fv2%2Fcategories&post=27188"},{"taxonomy":"post_tag","embeddable":true,"href":"https:\/\/noticiasemdestaque.com\/cd\/index.php?rest_route=%2Fwp%2Fv2%2Ftags&post=27188"}],"curies":[{"name":"wp","href":"https:\/\/api.w.org\/{rel}","templated":true}]}}