{"id":27121,"date":"2020-09-30T22:11:37","date_gmt":"2020-10-01T01:11:37","guid":{"rendered":"http:\/\/noticiasemdestaque.com\/cd\/?p=27121"},"modified":"2020-09-30T22:12:10","modified_gmt":"2020-10-01T01:12:10","slug":"camara-de-vereadores-de-sume-realizou-reuniao-nesta-terca-feira","status":"publish","type":"post","link":"https:\/\/noticiasemdestaque.com\/cd\/?p=27121","title":{"rendered":"C\u00e2mara de vereadores de Sum\u00e9 realizou reuni\u00e3o nesta ter\u00e7a-feira"},"content":{"rendered":"<p style=\"text-align: center;\"><a href=\"https:\/\/noticiasemdestaque.com\/cd\/wp-content\/uploads\/2020\/09\/DSC_1121-scaled.jpg\"><img fetchpriority=\"high\" decoding=\"async\" class=\"alignnone size-medium wp-image-27123\" src=\"https:\/\/noticiasemdestaque.com\/cd\/wp-content\/uploads\/2020\/09\/DSC_1121-300x190.jpg\" alt=\"\" width=\"300\" height=\"190\" srcset=\"https:\/\/noticiasemdestaque.com\/cd\/wp-content\/uploads\/2020\/09\/DSC_1121-300x190.jpg 300w, https:\/\/noticiasemdestaque.com\/cd\/wp-content\/uploads\/2020\/09\/DSC_1121-1024x648.jpg 1024w, https:\/\/noticiasemdestaque.com\/cd\/wp-content\/uploads\/2020\/09\/DSC_1121-768x486.jpg 768w, https:\/\/noticiasemdestaque.com\/cd\/wp-content\/uploads\/2020\/09\/DSC_1121-1536x972.jpg 1536w, https:\/\/noticiasemdestaque.com\/cd\/wp-content\/uploads\/2020\/09\/DSC_1121-2048x1295.jpg 2048w\" sizes=\"(max-width: 300px) 100vw, 300px\" \/><\/a><\/p>\n<p><strong>\u00a0<\/strong>Na noite desta ter\u00e7a-feira (29), a C\u00e2mara de Vereadores de Sum\u00e9 realizou a reuni\u00e3o do Legislativo do munic\u00edpio.<\/p>\n<p><a href=\"https:\/\/noticiasemdestaque.com\/cd\/wp-content\/uploads\/2020\/09\/DSC_1107-scaled.jpg\"><img decoding=\"async\" class=\"size-medium wp-image-27122 aligncenter\" src=\"https:\/\/noticiasemdestaque.com\/cd\/wp-content\/uploads\/2020\/09\/DSC_1107-300x269.jpg\" alt=\"\" width=\"300\" height=\"269\" srcset=\"https:\/\/noticiasemdestaque.com\/cd\/wp-content\/uploads\/2020\/09\/DSC_1107-300x269.jpg 300w, https:\/\/noticiasemdestaque.com\/cd\/wp-content\/uploads\/2020\/09\/DSC_1107-1024x919.jpg 1024w, https:\/\/noticiasemdestaque.com\/cd\/wp-content\/uploads\/2020\/09\/DSC_1107-768x689.jpg 768w, https:\/\/noticiasemdestaque.com\/cd\/wp-content\/uploads\/2020\/09\/DSC_1107-1536x1379.jpg 1536w, https:\/\/noticiasemdestaque.com\/cd\/wp-content\/uploads\/2020\/09\/DSC_1107-2048x1839.jpg 2048w\" sizes=\"(max-width: 300px) 100vw, 300px\" \/><\/a><\/p>\n<p>O vereador Antonio Carlos apresentou voto de pesar a fam\u00edlia da senhora Geny Barros Mayer.<\/p>\n<p>O vereador Antonio Carlos apresentou ainda, indica\u00e7\u00e3o para que seja implementado no munic\u00edpio, o Programa Bolsa Fam\u00edlia Municipal, a indica\u00e7\u00e3o ser\u00e1 discutida e votada na pr\u00f3xima reuni\u00e3o.<\/p>\n<p><a href=\"https:\/\/noticiasemdestaque.com\/cd\/wp-content\/uploads\/2020\/09\/DSC_1128-2-scaled.jpg\"><img decoding=\"async\" class=\"size-medium wp-image-27126 alignleft\" src=\"https:\/\/noticiasemdestaque.com\/cd\/wp-content\/uploads\/2020\/09\/DSC_1128-2-300x233.jpg\" alt=\"\" width=\"300\" height=\"233\" \/><\/a><\/p>\n<p>Foi aprovado o projeto de lei que altera o sistema de previd\u00eancia do munic\u00edpio, se adequando a reforma da previd\u00eancia aprovada pelo Congresso Nacional.<\/p>\n<p>O projeto foi aprovado com juntamente com uma emenda da vereadora Br\u00edgida Xavier.<\/p>\n<p>Sendo:<\/p>\n<p>Art 3\u00ba \u201cOs ocupantes do cargo de professor, de ambos os sexos, ter\u00e3o tempo de contribui\u00e7\u00e3o reduzido em 5 anos em rela\u00e7\u00e3o ao tempo de contribui\u00e7\u00e3o decorrentes deste artigo\u201d.<\/p>\n<p>Acrescente-se a se\u00e7\u00e3o \u00fanica que trata das prescri\u00e7\u00f5es diversas, do cap\u00edtulo II, que trata das disposi\u00e7\u00f5es especiais os artigos,<\/p>\n<p>Art 12&#8230;<\/p>\n<p>\u201c1\u00ba S\u00e3o assegurados os direitos adquiridos e a concess\u00e3o, a qualquer tempo, de aposentadoria aos servidores p\u00fablicos, bem como pens\u00e3o aos seus dependentes, que at\u00e9 a data da publica\u00e7\u00e3o desta lei complementar, tenham cumprido todos os requisitos para obten\u00e7\u00e3o do benef\u00edcio, com base nos crit\u00e9rios da legisla\u00e7\u00e3o vigente ent\u00e3o vigente\u201d<\/p>\n<p>\u201c 2\u00ba O munic\u00edpio de Sum\u00e9, utilizar\u00e1 em seu regime pr\u00f3prio de previd\u00eancia social, para o servidor publico municipal que tenha ingressado no servi\u00e7o publico em cargo efetivo at\u00e9 a data de entrada em vigor desta lei complementar, as regras de transi\u00e7\u00e3o para concess\u00e3o de benef\u00edcios previdenci\u00e1rios de regime geral da previd\u00eancia social, do Governo Federal, estabelecidas na emenda constitucional n\u00ba 103\/1019\u201d.<\/p>\n<p>Ascom\/C\u00e2mara<\/p>\n<p>&nbsp;<\/p>\n","protected":false},"excerpt":{"rendered":"<p>\u00a0Na noite desta ter\u00e7a-feira (29), a C\u00e2mara de Vereadores de Sum\u00e9 realizou a reuni\u00e3o do Legislativo do munic\u00edpio. O vereador Antonio Carlos apresentou voto de pesar a fam\u00edlia da senhora Geny Barros Mayer. O vereador Antonio Carlos apresentou ainda, indica\u00e7\u00e3o para que seja implementado no munic\u00edpio, o Programa Bolsa Fam\u00edlia Municipal, a indica\u00e7\u00e3o ser\u00e1 discutida e votada na pr\u00f3xima reuni\u00e3o. Foi aprovado o projeto de lei que altera o sistema de previd\u00eancia do munic\u00edpio, se adequando a reforma da previd\u00eancia aprovada pelo Congresso Nacional. O projeto foi aprovado com juntamente com uma emenda da vereadora Br\u00edgida Xavier. Sendo: Art 3\u00ba \u201cOs ocupantes do cargo de professor, de ambos os sexos, ter\u00e3o tempo de contribui\u00e7\u00e3o reduzido em 5 anos em rela\u00e7\u00e3o ao tempo de contribui\u00e7\u00e3o decorrentes deste artigo\u201d. Acrescente-se a se\u00e7\u00e3o \u00fanica que trata das prescri\u00e7\u00f5es diversas, do cap\u00edtulo II, que trata das disposi\u00e7\u00f5es especiais os artigos, Art 12&#8230; \u201c1\u00ba S\u00e3o assegurados os direitos adquiridos e a concess\u00e3o, a qualquer tempo, de aposentadoria aos servidores p\u00fablicos, bem como pens\u00e3o aos seus dependentes, que at\u00e9 a data da publica\u00e7\u00e3o desta lei complementar, tenham cumprido todos os requisitos para obten\u00e7\u00e3o do benef\u00edcio, com base nos crit\u00e9rios da legisla\u00e7\u00e3o vigente ent\u00e3o vigente\u201d \u201c 2\u00ba O munic\u00edpio de Sum\u00e9, utilizar\u00e1 em seu regime pr\u00f3prio de previd\u00eancia social, para o servidor publico municipal que tenha ingressado no servi\u00e7o publico em cargo efetivo at\u00e9 a data de entrada em vigor desta lei complementar, as regras de transi\u00e7\u00e3o para concess\u00e3o de benef\u00edcios previdenci\u00e1rios de regime geral da previd\u00eancia social, do Governo Federal, estabelecidas na emenda constitucional n\u00ba 103\/1019\u201d. Ascom\/C\u00e2mara &nbsp;<\/p>\n","protected":false},"author":2,"featured_media":27123,"comment_status":"closed","ping_status":"open","sticky":false,"template":"","format":"standard","meta":{"_eb_attr":"","_jetpack_memberships_contains_paid_content":false,"footnotes":""},"categories":[4],"tags":[],"class_list":["post-27121","post","type-post","status-publish","format-standard","has-post-thumbnail","hentry","category-politica"],"yoast_head":"<!-- This site is optimized with the Yoast SEO plugin v26.5 - https:\/\/yoast.com\/wordpress\/plugins\/seo\/ -->\n<title>C\u00e2mara de vereadores de Sum\u00e9 realizou reuni\u00e3o nesta ter\u00e7a-feira - Not&iacute;cias em Destaque<\/title>\n<meta name=\"robots\" content=\"index, follow, max-snippet:-1, max-image-preview:large, max-video-preview:-1\" \/>\n<link rel=\"canonical\" href=\"https:\/\/noticiasemdestaque.com\/cd\/?p=27121\" \/>\n<meta property=\"og:locale\" content=\"pt_BR\" \/>\n<meta property=\"og:type\" content=\"article\" \/>\n<meta property=\"og:title\" content=\"C\u00e2mara de vereadores de Sum\u00e9 realizou reuni\u00e3o nesta ter\u00e7a-feira - Not&iacute;cias em Destaque\" \/>\n<meta property=\"og:description\" content=\"\u00a0Na noite desta ter\u00e7a-feira (29), a C\u00e2mara de Vereadores de Sum\u00e9 realizou a reuni\u00e3o do Legislativo do munic\u00edpio. O vereador Antonio Carlos apresentou voto de pesar a fam\u00edlia da senhora Geny Barros Mayer. O vereador Antonio Carlos apresentou ainda, indica\u00e7\u00e3o para que seja implementado no munic\u00edpio, o Programa Bolsa Fam\u00edlia Municipal, a indica\u00e7\u00e3o ser\u00e1 discutida e votada na pr\u00f3xima reuni\u00e3o. Foi aprovado o projeto de lei que altera o sistema de previd\u00eancia do munic\u00edpio, se adequando a reforma da previd\u00eancia aprovada pelo Congresso Nacional. O projeto foi aprovado com juntamente com uma emenda da vereadora Br\u00edgida Xavier. Sendo: Art 3\u00ba \u201cOs ocupantes do cargo de professor, de ambos os sexos, ter\u00e3o tempo de contribui\u00e7\u00e3o reduzido em 5 anos em rela\u00e7\u00e3o ao tempo de contribui\u00e7\u00e3o decorrentes deste artigo\u201d. Acrescente-se a se\u00e7\u00e3o \u00fanica que trata das prescri\u00e7\u00f5es diversas, do cap\u00edtulo II, que trata das disposi\u00e7\u00f5es especiais os artigos, Art 12&#8230; \u201c1\u00ba S\u00e3o assegurados os direitos adquiridos e a concess\u00e3o, a qualquer tempo, de aposentadoria aos servidores p\u00fablicos, bem como pens\u00e3o aos seus dependentes, que at\u00e9 a data da publica\u00e7\u00e3o desta lei complementar, tenham cumprido todos os requisitos para obten\u00e7\u00e3o do benef\u00edcio, com base nos crit\u00e9rios da legisla\u00e7\u00e3o vigente ent\u00e3o vigente\u201d \u201c 2\u00ba O munic\u00edpio de Sum\u00e9, utilizar\u00e1 em seu regime pr\u00f3prio de previd\u00eancia social, para o servidor publico municipal que tenha ingressado no servi\u00e7o publico em cargo efetivo at\u00e9 a data de entrada em vigor desta lei complementar, as regras de transi\u00e7\u00e3o para concess\u00e3o de benef\u00edcios previdenci\u00e1rios de regime geral da previd\u00eancia social, do Governo Federal, estabelecidas na emenda constitucional n\u00ba 103\/1019\u201d. Ascom\/C\u00e2mara &nbsp;\" \/>\n<meta property=\"og:url\" content=\"https:\/\/noticiasemdestaque.com\/cd\/?p=27121\" \/>\n<meta property=\"og:site_name\" content=\"Not&iacute;cias em Destaque\" \/>\n<meta property=\"article:published_time\" content=\"2020-10-01T01:11:37+00:00\" \/>\n<meta property=\"article:modified_time\" content=\"2020-10-01T01:12:10+00:00\" \/>\n<meta property=\"og:image\" content=\"https:\/\/noticiasemdestaque.com\/cd\/wp-content\/uploads\/2020\/09\/DSC_1121-scaled.jpg\" \/>\n\t<meta property=\"og:image:width\" content=\"2560\" \/>\n\t<meta property=\"og:image:height\" content=\"1619\" \/>\n\t<meta property=\"og:image:type\" content=\"image\/jpeg\" \/>\n<meta name=\"author\" content=\"Not\u00edcias em Destaque\" \/>\n<meta name=\"twitter:card\" content=\"summary_large_image\" \/>\n<meta name=\"twitter:label1\" content=\"Escrito por\" \/>\n\t<meta name=\"twitter:data1\" content=\"Not\u00edcias em Destaque\" \/>\n\t<meta name=\"twitter:label2\" content=\"Est. tempo de leitura\" \/>\n\t<meta name=\"twitter:data2\" content=\"1 minuto\" \/>\n<script type=\"application\/ld+json\" class=\"yoast-schema-graph\">{\"@context\":\"https:\/\/schema.org\",\"@graph\":[{\"@type\":\"Article\",\"@id\":\"https:\/\/noticiasemdestaque.com\/cd\/?p=27121#article\",\"isPartOf\":{\"@id\":\"https:\/\/noticiasemdestaque.com\/cd\/?p=27121\"},\"author\":{\"name\":\"Not\u00edcias em Destaque\",\"@id\":\"https:\/\/noticiasemdestaque.com\/cd\/#\/schema\/person\/47f7d4f55eec17c6b2ca036c5500f6ce\"},\"headline\":\"C\u00e2mara de vereadores de Sum\u00e9 realizou reuni\u00e3o nesta ter\u00e7a-feira\",\"datePublished\":\"2020-10-01T01:11:37+00:00\",\"dateModified\":\"2020-10-01T01:12:10+00:00\",\"mainEntityOfPage\":{\"@id\":\"https:\/\/noticiasemdestaque.com\/cd\/?p=27121\"},\"wordCount\":310,\"publisher\":{\"@id\":\"https:\/\/noticiasemdestaque.com\/cd\/#organization\"},\"image\":{\"@id\":\"https:\/\/noticiasemdestaque.com\/cd\/?p=27121#primaryimage\"},\"thumbnailUrl\":\"https:\/\/noticiasemdestaque.com\/cd\/wp-content\/uploads\/2020\/09\/DSC_1121-scaled.jpg\",\"articleSection\":[\"Pol\u00edtica\"],\"inLanguage\":\"pt-BR\"},{\"@type\":\"WebPage\",\"@id\":\"https:\/\/noticiasemdestaque.com\/cd\/?p=27121\",\"url\":\"https:\/\/noticiasemdestaque.com\/cd\/?p=27121\",\"name\":\"C\u00e2mara de vereadores de Sum\u00e9 realizou reuni\u00e3o nesta ter\u00e7a-feira - Not&iacute;cias em Destaque\",\"isPartOf\":{\"@id\":\"https:\/\/noticiasemdestaque.com\/cd\/#website\"},\"primaryImageOfPage\":{\"@id\":\"https:\/\/noticiasemdestaque.com\/cd\/?p=27121#primaryimage\"},\"image\":{\"@id\":\"https:\/\/noticiasemdestaque.com\/cd\/?p=27121#primaryimage\"},\"thumbnailUrl\":\"https:\/\/noticiasemdestaque.com\/cd\/wp-content\/uploads\/2020\/09\/DSC_1121-scaled.jpg\",\"datePublished\":\"2020-10-01T01:11:37+00:00\",\"dateModified\":\"2020-10-01T01:12:10+00:00\",\"breadcrumb\":{\"@id\":\"https:\/\/noticiasemdestaque.com\/cd\/?p=27121#breadcrumb\"},\"inLanguage\":\"pt-BR\",\"potentialAction\":[{\"@type\":\"ReadAction\",\"target\":[\"https:\/\/noticiasemdestaque.com\/cd\/?p=27121\"]}]},{\"@type\":\"ImageObject\",\"inLanguage\":\"pt-BR\",\"@id\":\"https:\/\/noticiasemdestaque.com\/cd\/?p=27121#primaryimage\",\"url\":\"https:\/\/noticiasemdestaque.com\/cd\/wp-content\/uploads\/2020\/09\/DSC_1121-scaled.jpg\",\"contentUrl\":\"https:\/\/noticiasemdestaque.com\/cd\/wp-content\/uploads\/2020\/09\/DSC_1121-scaled.jpg\",\"width\":2560,\"height\":1619},{\"@type\":\"BreadcrumbList\",\"@id\":\"https:\/\/noticiasemdestaque.com\/cd\/?p=27121#breadcrumb\",\"itemListElement\":[{\"@type\":\"ListItem\",\"position\":1,\"name\":\"In\u00edcio\",\"item\":\"https:\/\/noticiasemdestaque.com\/cd\/\"},{\"@type\":\"ListItem\",\"position\":2,\"name\":\"C\u00e2mara de vereadores de Sum\u00e9 realizou reuni\u00e3o nesta ter\u00e7a-feira\"}]},{\"@type\":\"WebSite\",\"@id\":\"https:\/\/noticiasemdestaque.com\/cd\/#website\",\"url\":\"https:\/\/noticiasemdestaque.com\/cd\/\",\"name\":\"Not&iacute;cias em Destaque\",\"description\":\"\",\"publisher\":{\"@id\":\"https:\/\/noticiasemdestaque.com\/cd\/#organization\"},\"potentialAction\":[{\"@type\":\"SearchAction\",\"target\":{\"@type\":\"EntryPoint\",\"urlTemplate\":\"https:\/\/noticiasemdestaque.com\/cd\/?s={search_term_string}\"},\"query-input\":{\"@type\":\"PropertyValueSpecification\",\"valueRequired\":true,\"valueName\":\"search_term_string\"}}],\"inLanguage\":\"pt-BR\"},{\"@type\":\"Organization\",\"@id\":\"https:\/\/noticiasemdestaque.com\/cd\/#organization\",\"name\":\"Not\u00edcias em Destaque\",\"url\":\"https:\/\/noticiasemdestaque.com\/cd\/\",\"logo\":{\"@type\":\"ImageObject\",\"inLanguage\":\"pt-BR\",\"@id\":\"https:\/\/noticiasemdestaque.com\/cd\/#\/schema\/logo\/image\/\",\"url\":\"https:\/\/noticiasemdestaque.com\/cd\/wp-content\/uploads\/2022\/05\/imagem-base-noticiasemdestaque.png\",\"contentUrl\":\"https:\/\/noticiasemdestaque.com\/cd\/wp-content\/uploads\/2022\/05\/imagem-base-noticiasemdestaque.png\",\"width\":1200,\"height\":630,\"caption\":\"Not\u00edcias em Destaque\"},\"image\":{\"@id\":\"https:\/\/noticiasemdestaque.com\/cd\/#\/schema\/logo\/image\/\"}},{\"@type\":\"Person\",\"@id\":\"https:\/\/noticiasemdestaque.com\/cd\/#\/schema\/person\/47f7d4f55eec17c6b2ca036c5500f6ce\",\"name\":\"Not\u00edcias em Destaque\",\"url\":\"https:\/\/noticiasemdestaque.com\/cd\/?author=2\"}]}<\/script>\n<!-- \/ Yoast SEO plugin. -->","yoast_head_json":{"title":"C\u00e2mara de vereadores de Sum\u00e9 realizou reuni\u00e3o nesta ter\u00e7a-feira - Not&iacute;cias em Destaque","robots":{"index":"index","follow":"follow","max-snippet":"max-snippet:-1","max-image-preview":"max-image-preview:large","max-video-preview":"max-video-preview:-1"},"canonical":"https:\/\/noticiasemdestaque.com\/cd\/?p=27121","og_locale":"pt_BR","og_type":"article","og_title":"C\u00e2mara de vereadores de Sum\u00e9 realizou reuni\u00e3o nesta ter\u00e7a-feira - Not&iacute;cias em Destaque","og_description":"\u00a0Na noite desta ter\u00e7a-feira (29), a C\u00e2mara de Vereadores de Sum\u00e9 realizou a reuni\u00e3o do Legislativo do munic\u00edpio. O vereador Antonio Carlos apresentou voto de pesar a fam\u00edlia da senhora Geny Barros Mayer. O vereador Antonio Carlos apresentou ainda, indica\u00e7\u00e3o para que seja implementado no munic\u00edpio, o Programa Bolsa Fam\u00edlia Municipal, a indica\u00e7\u00e3o ser\u00e1 discutida e votada na pr\u00f3xima reuni\u00e3o. Foi aprovado o projeto de lei que altera o sistema de previd\u00eancia do munic\u00edpio, se adequando a reforma da previd\u00eancia aprovada pelo Congresso Nacional. O projeto foi aprovado com juntamente com uma emenda da vereadora Br\u00edgida Xavier. Sendo: Art 3\u00ba \u201cOs ocupantes do cargo de professor, de ambos os sexos, ter\u00e3o tempo de contribui\u00e7\u00e3o reduzido em 5 anos em rela\u00e7\u00e3o ao tempo de contribui\u00e7\u00e3o decorrentes deste artigo\u201d. Acrescente-se a se\u00e7\u00e3o \u00fanica que trata das prescri\u00e7\u00f5es diversas, do cap\u00edtulo II, que trata das disposi\u00e7\u00f5es especiais os artigos, Art 12&#8230; \u201c1\u00ba S\u00e3o assegurados os direitos adquiridos e a concess\u00e3o, a qualquer tempo, de aposentadoria aos servidores p\u00fablicos, bem como pens\u00e3o aos seus dependentes, que at\u00e9 a data da publica\u00e7\u00e3o desta lei complementar, tenham cumprido todos os requisitos para obten\u00e7\u00e3o do benef\u00edcio, com base nos crit\u00e9rios da legisla\u00e7\u00e3o vigente ent\u00e3o vigente\u201d \u201c 2\u00ba O munic\u00edpio de Sum\u00e9, utilizar\u00e1 em seu regime pr\u00f3prio de previd\u00eancia social, para o servidor publico municipal que tenha ingressado no servi\u00e7o publico em cargo efetivo at\u00e9 a data de entrada em vigor desta lei complementar, as regras de transi\u00e7\u00e3o para concess\u00e3o de benef\u00edcios previdenci\u00e1rios de regime geral da previd\u00eancia social, do Governo Federal, estabelecidas na emenda constitucional n\u00ba 103\/1019\u201d. Ascom\/C\u00e2mara &nbsp;","og_url":"https:\/\/noticiasemdestaque.com\/cd\/?p=27121","og_site_name":"Not&iacute;cias em Destaque","article_published_time":"2020-10-01T01:11:37+00:00","article_modified_time":"2020-10-01T01:12:10+00:00","og_image":[{"width":2560,"height":1619,"url":"https:\/\/noticiasemdestaque.com\/cd\/wp-content\/uploads\/2020\/09\/DSC_1121-scaled.jpg","type":"image\/jpeg"}],"author":"Not\u00edcias em Destaque","twitter_card":"summary_large_image","twitter_misc":{"Escrito por":"Not\u00edcias em Destaque","Est. tempo de leitura":"1 minuto"},"schema":{"@context":"https:\/\/schema.org","@graph":[{"@type":"Article","@id":"https:\/\/noticiasemdestaque.com\/cd\/?p=27121#article","isPartOf":{"@id":"https:\/\/noticiasemdestaque.com\/cd\/?p=27121"},"author":{"name":"Not\u00edcias em Destaque","@id":"https:\/\/noticiasemdestaque.com\/cd\/#\/schema\/person\/47f7d4f55eec17c6b2ca036c5500f6ce"},"headline":"C\u00e2mara de vereadores de Sum\u00e9 realizou reuni\u00e3o nesta ter\u00e7a-feira","datePublished":"2020-10-01T01:11:37+00:00","dateModified":"2020-10-01T01:12:10+00:00","mainEntityOfPage":{"@id":"https:\/\/noticiasemdestaque.com\/cd\/?p=27121"},"wordCount":310,"publisher":{"@id":"https:\/\/noticiasemdestaque.com\/cd\/#organization"},"image":{"@id":"https:\/\/noticiasemdestaque.com\/cd\/?p=27121#primaryimage"},"thumbnailUrl":"https:\/\/noticiasemdestaque.com\/cd\/wp-content\/uploads\/2020\/09\/DSC_1121-scaled.jpg","articleSection":["Pol\u00edtica"],"inLanguage":"pt-BR"},{"@type":"WebPage","@id":"https:\/\/noticiasemdestaque.com\/cd\/?p=27121","url":"https:\/\/noticiasemdestaque.com\/cd\/?p=27121","name":"C\u00e2mara de vereadores de Sum\u00e9 realizou reuni\u00e3o nesta ter\u00e7a-feira - Not&iacute;cias em Destaque","isPartOf":{"@id":"https:\/\/noticiasemdestaque.com\/cd\/#website"},"primaryImageOfPage":{"@id":"https:\/\/noticiasemdestaque.com\/cd\/?p=27121#primaryimage"},"image":{"@id":"https:\/\/noticiasemdestaque.com\/cd\/?p=27121#primaryimage"},"thumbnailUrl":"https:\/\/noticiasemdestaque.com\/cd\/wp-content\/uploads\/2020\/09\/DSC_1121-scaled.jpg","datePublished":"2020-10-01T01:11:37+00:00","dateModified":"2020-10-01T01:12:10+00:00","breadcrumb":{"@id":"https:\/\/noticiasemdestaque.com\/cd\/?p=27121#breadcrumb"},"inLanguage":"pt-BR","potentialAction":[{"@type":"ReadAction","target":["https:\/\/noticiasemdestaque.com\/cd\/?p=27121"]}]},{"@type":"ImageObject","inLanguage":"pt-BR","@id":"https:\/\/noticiasemdestaque.com\/cd\/?p=27121#primaryimage","url":"https:\/\/noticiasemdestaque.com\/cd\/wp-content\/uploads\/2020\/09\/DSC_1121-scaled.jpg","contentUrl":"https:\/\/noticiasemdestaque.com\/cd\/wp-content\/uploads\/2020\/09\/DSC_1121-scaled.jpg","width":2560,"height":1619},{"@type":"BreadcrumbList","@id":"https:\/\/noticiasemdestaque.com\/cd\/?p=27121#breadcrumb","itemListElement":[{"@type":"ListItem","position":1,"name":"In\u00edcio","item":"https:\/\/noticiasemdestaque.com\/cd\/"},{"@type":"ListItem","position":2,"name":"C\u00e2mara de vereadores de Sum\u00e9 realizou reuni\u00e3o nesta ter\u00e7a-feira"}]},{"@type":"WebSite","@id":"https:\/\/noticiasemdestaque.com\/cd\/#website","url":"https:\/\/noticiasemdestaque.com\/cd\/","name":"Not&iacute;cias em Destaque","description":"","publisher":{"@id":"https:\/\/noticiasemdestaque.com\/cd\/#organization"},"potentialAction":[{"@type":"SearchAction","target":{"@type":"EntryPoint","urlTemplate":"https:\/\/noticiasemdestaque.com\/cd\/?s={search_term_string}"},"query-input":{"@type":"PropertyValueSpecification","valueRequired":true,"valueName":"search_term_string"}}],"inLanguage":"pt-BR"},{"@type":"Organization","@id":"https:\/\/noticiasemdestaque.com\/cd\/#organization","name":"Not\u00edcias em Destaque","url":"https:\/\/noticiasemdestaque.com\/cd\/","logo":{"@type":"ImageObject","inLanguage":"pt-BR","@id":"https:\/\/noticiasemdestaque.com\/cd\/#\/schema\/logo\/image\/","url":"https:\/\/noticiasemdestaque.com\/cd\/wp-content\/uploads\/2022\/05\/imagem-base-noticiasemdestaque.png","contentUrl":"https:\/\/noticiasemdestaque.com\/cd\/wp-content\/uploads\/2022\/05\/imagem-base-noticiasemdestaque.png","width":1200,"height":630,"caption":"Not\u00edcias em Destaque"},"image":{"@id":"https:\/\/noticiasemdestaque.com\/cd\/#\/schema\/logo\/image\/"}},{"@type":"Person","@id":"https:\/\/noticiasemdestaque.com\/cd\/#\/schema\/person\/47f7d4f55eec17c6b2ca036c5500f6ce","name":"Not\u00edcias em Destaque","url":"https:\/\/noticiasemdestaque.com\/cd\/?author=2"}]}},"jetpack_featured_media_url":"https:\/\/noticiasemdestaque.com\/cd\/wp-content\/uploads\/2020\/09\/DSC_1121-scaled.jpg","jetpack_sharing_enabled":true,"_links":{"self":[{"href":"https:\/\/noticiasemdestaque.com\/cd\/index.php?rest_route=\/wp\/v2\/posts\/27121","targetHints":{"allow":["GET"]}}],"collection":[{"href":"https:\/\/noticiasemdestaque.com\/cd\/index.php?rest_route=\/wp\/v2\/posts"}],"about":[{"href":"https:\/\/noticiasemdestaque.com\/cd\/index.php?rest_route=\/wp\/v2\/types\/post"}],"author":[{"embeddable":true,"href":"https:\/\/noticiasemdestaque.com\/cd\/index.php?rest_route=\/wp\/v2\/users\/2"}],"replies":[{"embeddable":true,"href":"https:\/\/noticiasemdestaque.com\/cd\/index.php?rest_route=%2Fwp%2Fv2%2Fcomments&post=27121"}],"version-history":[{"count":1,"href":"https:\/\/noticiasemdestaque.com\/cd\/index.php?rest_route=\/wp\/v2\/posts\/27121\/revisions"}],"predecessor-version":[{"id":27128,"href":"https:\/\/noticiasemdestaque.com\/cd\/index.php?rest_route=\/wp\/v2\/posts\/27121\/revisions\/27128"}],"wp:featuredmedia":[{"embeddable":true,"href":"https:\/\/noticiasemdestaque.com\/cd\/index.php?rest_route=\/wp\/v2\/media\/27123"}],"wp:attachment":[{"href":"https:\/\/noticiasemdestaque.com\/cd\/index.php?rest_route=%2Fwp%2Fv2%2Fmedia&parent=27121"}],"wp:term":[{"taxonomy":"category","embeddable":true,"href":"https:\/\/noticiasemdestaque.com\/cd\/index.php?rest_route=%2Fwp%2Fv2%2Fcategories&post=27121"},{"taxonomy":"post_tag","embeddable":true,"href":"https:\/\/noticiasemdestaque.com\/cd\/index.php?rest_route=%2Fwp%2Fv2%2Ftags&post=27121"}],"curies":[{"name":"wp","href":"https:\/\/api.w.org\/{rel}","templated":true}]}}