{"id":27091,"date":"2020-09-28T17:06:05","date_gmt":"2020-09-28T20:06:05","guid":{"rendered":"http:\/\/noticiasemdestaque.com\/cd\/?p=27091"},"modified":"2020-09-28T17:06:05","modified_gmt":"2020-09-28T20:06:05","slug":"professor-do-cdsa-lanca-revista-cientifica-voltada-a-gestao-e-desenvolvimento","status":"publish","type":"post","link":"https:\/\/noticiasemdestaque.com\/cd\/?p=27091","title":{"rendered":"Professor do CDSA lan\u00e7a revista cient\u00edfica voltada \u00e0 Gest\u00e3o e Desenvolvimento"},"content":{"rendered":"<p><a href=\"https:\/\/noticiasemdestaque.com\/cd\/wp-content\/uploads\/2019\/09\/Aerea-CDSA.jpg\"><img fetchpriority=\"high\" decoding=\"async\" class=\"size-medium wp-image-19881 alignleft\" src=\"https:\/\/noticiasemdestaque.com\/cd\/wp-content\/uploads\/2019\/09\/Aerea-CDSA-300x169.jpg\" alt=\"\" width=\"300\" height=\"169\" srcset=\"https:\/\/noticiasemdestaque.com\/cd\/wp-content\/uploads\/2019\/09\/Aerea-CDSA-300x169.jpg 300w, https:\/\/noticiasemdestaque.com\/cd\/wp-content\/uploads\/2019\/09\/Aerea-CDSA-768x432.jpg 768w, https:\/\/noticiasemdestaque.com\/cd\/wp-content\/uploads\/2019\/09\/Aerea-CDSA.jpg 960w\" sizes=\"(max-width: 300px) 100vw, 300px\" \/><\/a><\/p>\n<p style=\"font-weight: 400;\">Na\u00a0data que\u00a0se\u00a0comemora os 11 anos de cria\u00e7\u00e3o do Centro de Desenvolvimento Sustent\u00e1vel do Semi\u00e1rido\u00a0da\u00a0Universidade Federal de Campina Grande, \u00e9 lan\u00e7ada pelo\u00a0professor Allan Gustavo Freire da Silva\u00a0(da Unidade Acad\u00eamica de Gest\u00e3o P\u00fablica &#8211; UAGESP\/CDSA), a Revista Brasileira de Gest\u00e3o e Desenvolvimento\u00a0(RBGD),\u00a0peri\u00f3dico vinculado a\u00a0esse Centro\u00a0e \u00e0 UFCG.<\/p>\n<p style=\"font-weight: 400;\">A revista \u00e9\u00a0voltada\u00a0\u00e0s discuss\u00f5es interdisciplinares nas \u00e1reas de gest\u00e3o p\u00fablica, meio ambiente, desenvolvimento regional e outros campos das ci\u00eancias sociais aplicadas.<\/p>\n<p style=\"font-weight: 400;\">O professor Allan Gustavo, coordenador da revista, enfatiza que &#8220;a inten\u00e7\u00e3o \u00e9 potencializar pesquisas e a dissemina\u00e7\u00e3o de estudos relacionados \u00e0 Gest\u00e3o e Desenvolvimento, salientando a qualidade e protagonismo cient\u00edfico do CDSA e da UFCG como institui\u00e7\u00f5es fomentadoras de positivas transforma\u00e7\u00f5es sociais, econ\u00f4micas, ambientais e pol\u00edticas&#8221;.<\/p>\n<p style=\"font-weight: 400;\">Para mais informa\u00e7\u00f5es e conhecimento do peri\u00f3dico, acesse:\u00a0<a href=\"http:\/\/www.cdsa.revistas.ufcg.edu.br\/index.php\/rbgd\" data-saferedirecturl=\"https:\/\/www.google.com\/url?q=http:\/\/www.cdsa.revistas.ufcg.edu.br\/index.php\/rbgd&amp;source=gmail&amp;ust=1601402596657000&amp;usg=AFQjCNH7m8-0dziJK6RpZ1uKa7O3u7sc6Q\"><u>www.cdsa.revistas.ufcg.edu.br\/index.php\/rbgd<\/u><\/a><\/p>\n<p style=\"font-weight: 400;\">A primeira edi\u00e7\u00e3o est\u00e1 programada para ocorrer ainda neste segundo semestre, para tanto,\u00a0est\u00e1 recebendo artigos para sua primeira publica\u00e7\u00e3o. Os textos podem ser enviados em portugu\u00eas, ingl\u00eas ou espanhol, com refer\u00eancias em formato ABNT.<\/p>\n<p style=\"font-weight: 400;\">Assimp CDSA\/UFCG<\/p>\n","protected":false},"excerpt":{"rendered":"<p>Na\u00a0data que\u00a0se\u00a0comemora os 11 anos de cria\u00e7\u00e3o do Centro de Desenvolvimento Sustent\u00e1vel do Semi\u00e1rido\u00a0da\u00a0Universidade Federal de Campina Grande, \u00e9 lan\u00e7ada pelo\u00a0professor Allan Gustavo Freire da Silva\u00a0(da Unidade Acad\u00eamica de Gest\u00e3o P\u00fablica &#8211; UAGESP\/CDSA), a Revista Brasileira de Gest\u00e3o e Desenvolvimento\u00a0(RBGD),\u00a0peri\u00f3dico vinculado a\u00a0esse Centro\u00a0e \u00e0 UFCG. A revista \u00e9\u00a0voltada\u00a0\u00e0s discuss\u00f5es interdisciplinares nas \u00e1reas de gest\u00e3o p\u00fablica, meio ambiente, desenvolvimento regional e outros campos das ci\u00eancias sociais aplicadas. O professor Allan Gustavo, coordenador da revista, enfatiza que &#8220;a inten\u00e7\u00e3o \u00e9 potencializar pesquisas e a dissemina\u00e7\u00e3o de estudos relacionados \u00e0 Gest\u00e3o e Desenvolvimento, salientando a qualidade e protagonismo cient\u00edfico do CDSA e da UFCG como institui\u00e7\u00f5es fomentadoras de positivas transforma\u00e7\u00f5es sociais, econ\u00f4micas, ambientais e pol\u00edticas&#8221;. Para mais informa\u00e7\u00f5es e conhecimento do peri\u00f3dico, acesse:\u00a0www.cdsa.revistas.ufcg.edu.br\/index.php\/rbgd A primeira edi\u00e7\u00e3o est\u00e1 programada para ocorrer ainda neste segundo semestre, para tanto,\u00a0est\u00e1 recebendo artigos para sua primeira publica\u00e7\u00e3o. Os textos podem ser enviados em portugu\u00eas, ingl\u00eas ou espanhol, com refer\u00eancias em formato ABNT. Assimp CDSA\/UFCG<\/p>\n","protected":false},"author":2,"featured_media":5336,"comment_status":"closed","ping_status":"open","sticky":false,"template":"","format":"standard","meta":{"_eb_attr":"","_jetpack_memberships_contains_paid_content":false,"footnotes":""},"categories":[6],"tags":[],"class_list":["post-27091","post","type-post","status-publish","format-standard","has-post-thumbnail","hentry","category-educacao"],"yoast_head":"<!-- This site is optimized with the Yoast SEO plugin v26.5 - https:\/\/yoast.com\/wordpress\/plugins\/seo\/ -->\n<title>Professor do CDSA lan\u00e7a revista cient\u00edfica voltada \u00e0 Gest\u00e3o e Desenvolvimento - Not&iacute;cias em Destaque<\/title>\n<meta name=\"robots\" content=\"index, follow, max-snippet:-1, max-image-preview:large, max-video-preview:-1\" \/>\n<link rel=\"canonical\" href=\"https:\/\/noticiasemdestaque.com\/cd\/?p=27091\" \/>\n<meta property=\"og:locale\" content=\"pt_BR\" \/>\n<meta property=\"og:type\" content=\"article\" \/>\n<meta property=\"og:title\" content=\"Professor do CDSA lan\u00e7a revista cient\u00edfica voltada \u00e0 Gest\u00e3o e Desenvolvimento - Not&iacute;cias em Destaque\" \/>\n<meta property=\"og:description\" content=\"Na\u00a0data que\u00a0se\u00a0comemora os 11 anos de cria\u00e7\u00e3o do Centro de Desenvolvimento Sustent\u00e1vel do Semi\u00e1rido\u00a0da\u00a0Universidade Federal de Campina Grande, \u00e9 lan\u00e7ada pelo\u00a0professor Allan Gustavo Freire da Silva\u00a0(da Unidade Acad\u00eamica de Gest\u00e3o P\u00fablica &#8211; UAGESP\/CDSA), a Revista Brasileira de Gest\u00e3o e Desenvolvimento\u00a0(RBGD),\u00a0peri\u00f3dico vinculado a\u00a0esse Centro\u00a0e \u00e0 UFCG. A revista \u00e9\u00a0voltada\u00a0\u00e0s discuss\u00f5es interdisciplinares nas \u00e1reas de gest\u00e3o p\u00fablica, meio ambiente, desenvolvimento regional e outros campos das ci\u00eancias sociais aplicadas. O professor Allan Gustavo, coordenador da revista, enfatiza que &#8220;a inten\u00e7\u00e3o \u00e9 potencializar pesquisas e a dissemina\u00e7\u00e3o de estudos relacionados \u00e0 Gest\u00e3o e Desenvolvimento, salientando a qualidade e protagonismo cient\u00edfico do CDSA e da UFCG como institui\u00e7\u00f5es fomentadoras de positivas transforma\u00e7\u00f5es sociais, econ\u00f4micas, ambientais e pol\u00edticas&#8221;. Para mais informa\u00e7\u00f5es e conhecimento do peri\u00f3dico, acesse:\u00a0www.cdsa.revistas.ufcg.edu.br\/index.php\/rbgd A primeira edi\u00e7\u00e3o est\u00e1 programada para ocorrer ainda neste segundo semestre, para tanto,\u00a0est\u00e1 recebendo artigos para sua primeira publica\u00e7\u00e3o. Os textos podem ser enviados em portugu\u00eas, ingl\u00eas ou espanhol, com refer\u00eancias em formato ABNT. Assimp CDSA\/UFCG\" \/>\n<meta property=\"og:url\" content=\"https:\/\/noticiasemdestaque.com\/cd\/?p=27091\" \/>\n<meta property=\"og:site_name\" content=\"Not&iacute;cias em Destaque\" \/>\n<meta property=\"article:published_time\" content=\"2020-09-28T20:06:05+00:00\" \/>\n<meta property=\"og:image\" content=\"https:\/\/noticiasemdestaque.com\/cd\/wp-content\/uploads\/2017\/10\/ufcgcdsa-500x3122-1.jpg\" \/>\n\t<meta property=\"og:image:width\" content=\"500\" \/>\n\t<meta property=\"og:image:height\" content=\"312\" \/>\n\t<meta property=\"og:image:type\" content=\"image\/jpeg\" \/>\n<meta name=\"author\" content=\"Not\u00edcias em Destaque\" \/>\n<meta name=\"twitter:card\" content=\"summary_large_image\" \/>\n<meta name=\"twitter:label1\" content=\"Escrito por\" \/>\n\t<meta name=\"twitter:data1\" content=\"Not\u00edcias em Destaque\" \/>\n\t<meta name=\"twitter:label2\" content=\"Est. tempo de leitura\" \/>\n\t<meta name=\"twitter:data2\" content=\"1 minuto\" \/>\n<script type=\"application\/ld+json\" class=\"yoast-schema-graph\">{\"@context\":\"https:\/\/schema.org\",\"@graph\":[{\"@type\":\"Article\",\"@id\":\"https:\/\/noticiasemdestaque.com\/cd\/?p=27091#article\",\"isPartOf\":{\"@id\":\"https:\/\/noticiasemdestaque.com\/cd\/?p=27091\"},\"author\":{\"name\":\"Not\u00edcias em Destaque\",\"@id\":\"https:\/\/noticiasemdestaque.com\/cd\/#\/schema\/person\/c1451142d5e4d7aa7848244ea9e4606f\"},\"headline\":\"Professor do CDSA lan\u00e7a revista cient\u00edfica voltada \u00e0 Gest\u00e3o e Desenvolvimento\",\"datePublished\":\"2020-09-28T20:06:05+00:00\",\"mainEntityOfPage\":{\"@id\":\"https:\/\/noticiasemdestaque.com\/cd\/?p=27091\"},\"wordCount\":216,\"publisher\":{\"@id\":\"https:\/\/noticiasemdestaque.com\/cd\/#organization\"},\"image\":{\"@id\":\"https:\/\/noticiasemdestaque.com\/cd\/?p=27091#primaryimage\"},\"thumbnailUrl\":\"https:\/\/noticiasemdestaque.com\/cd\/wp-content\/uploads\/2017\/10\/ufcgcdsa-500x3122-1.jpg\",\"articleSection\":[\"Educa\u00e7\u00e3o\"],\"inLanguage\":\"pt-BR\"},{\"@type\":\"WebPage\",\"@id\":\"https:\/\/noticiasemdestaque.com\/cd\/?p=27091\",\"url\":\"https:\/\/noticiasemdestaque.com\/cd\/?p=27091\",\"name\":\"Professor do CDSA lan\u00e7a revista cient\u00edfica voltada \u00e0 Gest\u00e3o e Desenvolvimento - Not&iacute;cias em Destaque\",\"isPartOf\":{\"@id\":\"https:\/\/noticiasemdestaque.com\/cd\/#website\"},\"primaryImageOfPage\":{\"@id\":\"https:\/\/noticiasemdestaque.com\/cd\/?p=27091#primaryimage\"},\"image\":{\"@id\":\"https:\/\/noticiasemdestaque.com\/cd\/?p=27091#primaryimage\"},\"thumbnailUrl\":\"https:\/\/noticiasemdestaque.com\/cd\/wp-content\/uploads\/2017\/10\/ufcgcdsa-500x3122-1.jpg\",\"datePublished\":\"2020-09-28T20:06:05+00:00\",\"breadcrumb\":{\"@id\":\"https:\/\/noticiasemdestaque.com\/cd\/?p=27091#breadcrumb\"},\"inLanguage\":\"pt-BR\",\"potentialAction\":[{\"@type\":\"ReadAction\",\"target\":[\"https:\/\/noticiasemdestaque.com\/cd\/?p=27091\"]}]},{\"@type\":\"ImageObject\",\"inLanguage\":\"pt-BR\",\"@id\":\"https:\/\/noticiasemdestaque.com\/cd\/?p=27091#primaryimage\",\"url\":\"https:\/\/noticiasemdestaque.com\/cd\/wp-content\/uploads\/2017\/10\/ufcgcdsa-500x3122-1.jpg\",\"contentUrl\":\"https:\/\/noticiasemdestaque.com\/cd\/wp-content\/uploads\/2017\/10\/ufcgcdsa-500x3122-1.jpg\",\"width\":500,\"height\":312},{\"@type\":\"BreadcrumbList\",\"@id\":\"https:\/\/noticiasemdestaque.com\/cd\/?p=27091#breadcrumb\",\"itemListElement\":[{\"@type\":\"ListItem\",\"position\":1,\"name\":\"In\u00edcio\",\"item\":\"https:\/\/noticiasemdestaque.com\/cd\/\"},{\"@type\":\"ListItem\",\"position\":2,\"name\":\"Professor do CDSA lan\u00e7a revista cient\u00edfica voltada \u00e0 Gest\u00e3o e Desenvolvimento\"}]},{\"@type\":\"WebSite\",\"@id\":\"https:\/\/noticiasemdestaque.com\/cd\/#website\",\"url\":\"https:\/\/noticiasemdestaque.com\/cd\/\",\"name\":\"Not&iacute;cias em Destaque\",\"description\":\"\",\"publisher\":{\"@id\":\"https:\/\/noticiasemdestaque.com\/cd\/#organization\"},\"potentialAction\":[{\"@type\":\"SearchAction\",\"target\":{\"@type\":\"EntryPoint\",\"urlTemplate\":\"https:\/\/noticiasemdestaque.com\/cd\/?s={search_term_string}\"},\"query-input\":{\"@type\":\"PropertyValueSpecification\",\"valueRequired\":true,\"valueName\":\"search_term_string\"}}],\"inLanguage\":\"pt-BR\"},{\"@type\":\"Organization\",\"@id\":\"https:\/\/noticiasemdestaque.com\/cd\/#organization\",\"name\":\"Not\u00edcias em Destaque\",\"url\":\"https:\/\/noticiasemdestaque.com\/cd\/\",\"logo\":{\"@type\":\"ImageObject\",\"inLanguage\":\"pt-BR\",\"@id\":\"https:\/\/noticiasemdestaque.com\/cd\/#\/schema\/logo\/image\/\",\"url\":\"https:\/\/noticiasemdestaque.com\/cd\/wp-content\/uploads\/2022\/05\/imagem-base-noticiasemdestaque.png\",\"contentUrl\":\"https:\/\/noticiasemdestaque.com\/cd\/wp-content\/uploads\/2022\/05\/imagem-base-noticiasemdestaque.png\",\"width\":1200,\"height\":630,\"caption\":\"Not\u00edcias em Destaque\"},\"image\":{\"@id\":\"https:\/\/noticiasemdestaque.com\/cd\/#\/schema\/logo\/image\/\"}},{\"@type\":\"Person\",\"@id\":\"https:\/\/noticiasemdestaque.com\/cd\/#\/schema\/person\/c1451142d5e4d7aa7848244ea9e4606f\",\"name\":\"Not\u00edcias em Destaque\",\"url\":\"https:\/\/noticiasemdestaque.com\/cd\/?author=2\"}]}<\/script>\n<!-- \/ Yoast SEO plugin. -->","yoast_head_json":{"title":"Professor do CDSA lan\u00e7a revista cient\u00edfica voltada \u00e0 Gest\u00e3o e Desenvolvimento - Not&iacute;cias em Destaque","robots":{"index":"index","follow":"follow","max-snippet":"max-snippet:-1","max-image-preview":"max-image-preview:large","max-video-preview":"max-video-preview:-1"},"canonical":"https:\/\/noticiasemdestaque.com\/cd\/?p=27091","og_locale":"pt_BR","og_type":"article","og_title":"Professor do CDSA lan\u00e7a revista cient\u00edfica voltada \u00e0 Gest\u00e3o e Desenvolvimento - Not&iacute;cias em Destaque","og_description":"Na\u00a0data que\u00a0se\u00a0comemora os 11 anos de cria\u00e7\u00e3o do Centro de Desenvolvimento Sustent\u00e1vel do Semi\u00e1rido\u00a0da\u00a0Universidade Federal de Campina Grande, \u00e9 lan\u00e7ada pelo\u00a0professor Allan Gustavo Freire da Silva\u00a0(da Unidade Acad\u00eamica de Gest\u00e3o P\u00fablica &#8211; UAGESP\/CDSA), a Revista Brasileira de Gest\u00e3o e Desenvolvimento\u00a0(RBGD),\u00a0peri\u00f3dico vinculado a\u00a0esse Centro\u00a0e \u00e0 UFCG. A revista \u00e9\u00a0voltada\u00a0\u00e0s discuss\u00f5es interdisciplinares nas \u00e1reas de gest\u00e3o p\u00fablica, meio ambiente, desenvolvimento regional e outros campos das ci\u00eancias sociais aplicadas. O professor Allan Gustavo, coordenador da revista, enfatiza que &#8220;a inten\u00e7\u00e3o \u00e9 potencializar pesquisas e a dissemina\u00e7\u00e3o de estudos relacionados \u00e0 Gest\u00e3o e Desenvolvimento, salientando a qualidade e protagonismo cient\u00edfico do CDSA e da UFCG como institui\u00e7\u00f5es fomentadoras de positivas transforma\u00e7\u00f5es sociais, econ\u00f4micas, ambientais e pol\u00edticas&#8221;. Para mais informa\u00e7\u00f5es e conhecimento do peri\u00f3dico, acesse:\u00a0www.cdsa.revistas.ufcg.edu.br\/index.php\/rbgd A primeira edi\u00e7\u00e3o est\u00e1 programada para ocorrer ainda neste segundo semestre, para tanto,\u00a0est\u00e1 recebendo artigos para sua primeira publica\u00e7\u00e3o. Os textos podem ser enviados em portugu\u00eas, ingl\u00eas ou espanhol, com refer\u00eancias em formato ABNT. Assimp CDSA\/UFCG","og_url":"https:\/\/noticiasemdestaque.com\/cd\/?p=27091","og_site_name":"Not&iacute;cias em Destaque","article_published_time":"2020-09-28T20:06:05+00:00","og_image":[{"width":500,"height":312,"url":"https:\/\/noticiasemdestaque.com\/cd\/wp-content\/uploads\/2017\/10\/ufcgcdsa-500x3122-1.jpg","type":"image\/jpeg"}],"author":"Not\u00edcias em Destaque","twitter_card":"summary_large_image","twitter_misc":{"Escrito por":"Not\u00edcias em Destaque","Est. tempo de leitura":"1 minuto"},"schema":{"@context":"https:\/\/schema.org","@graph":[{"@type":"Article","@id":"https:\/\/noticiasemdestaque.com\/cd\/?p=27091#article","isPartOf":{"@id":"https:\/\/noticiasemdestaque.com\/cd\/?p=27091"},"author":{"name":"Not\u00edcias em Destaque","@id":"https:\/\/noticiasemdestaque.com\/cd\/#\/schema\/person\/c1451142d5e4d7aa7848244ea9e4606f"},"headline":"Professor do CDSA lan\u00e7a revista cient\u00edfica voltada \u00e0 Gest\u00e3o e Desenvolvimento","datePublished":"2020-09-28T20:06:05+00:00","mainEntityOfPage":{"@id":"https:\/\/noticiasemdestaque.com\/cd\/?p=27091"},"wordCount":216,"publisher":{"@id":"https:\/\/noticiasemdestaque.com\/cd\/#organization"},"image":{"@id":"https:\/\/noticiasemdestaque.com\/cd\/?p=27091#primaryimage"},"thumbnailUrl":"https:\/\/noticiasemdestaque.com\/cd\/wp-content\/uploads\/2017\/10\/ufcgcdsa-500x3122-1.jpg","articleSection":["Educa\u00e7\u00e3o"],"inLanguage":"pt-BR"},{"@type":"WebPage","@id":"https:\/\/noticiasemdestaque.com\/cd\/?p=27091","url":"https:\/\/noticiasemdestaque.com\/cd\/?p=27091","name":"Professor do CDSA lan\u00e7a revista cient\u00edfica voltada \u00e0 Gest\u00e3o e Desenvolvimento - Not&iacute;cias em Destaque","isPartOf":{"@id":"https:\/\/noticiasemdestaque.com\/cd\/#website"},"primaryImageOfPage":{"@id":"https:\/\/noticiasemdestaque.com\/cd\/?p=27091#primaryimage"},"image":{"@id":"https:\/\/noticiasemdestaque.com\/cd\/?p=27091#primaryimage"},"thumbnailUrl":"https:\/\/noticiasemdestaque.com\/cd\/wp-content\/uploads\/2017\/10\/ufcgcdsa-500x3122-1.jpg","datePublished":"2020-09-28T20:06:05+00:00","breadcrumb":{"@id":"https:\/\/noticiasemdestaque.com\/cd\/?p=27091#breadcrumb"},"inLanguage":"pt-BR","potentialAction":[{"@type":"ReadAction","target":["https:\/\/noticiasemdestaque.com\/cd\/?p=27091"]}]},{"@type":"ImageObject","inLanguage":"pt-BR","@id":"https:\/\/noticiasemdestaque.com\/cd\/?p=27091#primaryimage","url":"https:\/\/noticiasemdestaque.com\/cd\/wp-content\/uploads\/2017\/10\/ufcgcdsa-500x3122-1.jpg","contentUrl":"https:\/\/noticiasemdestaque.com\/cd\/wp-content\/uploads\/2017\/10\/ufcgcdsa-500x3122-1.jpg","width":500,"height":312},{"@type":"BreadcrumbList","@id":"https:\/\/noticiasemdestaque.com\/cd\/?p=27091#breadcrumb","itemListElement":[{"@type":"ListItem","position":1,"name":"In\u00edcio","item":"https:\/\/noticiasemdestaque.com\/cd\/"},{"@type":"ListItem","position":2,"name":"Professor do CDSA lan\u00e7a revista cient\u00edfica voltada \u00e0 Gest\u00e3o e Desenvolvimento"}]},{"@type":"WebSite","@id":"https:\/\/noticiasemdestaque.com\/cd\/#website","url":"https:\/\/noticiasemdestaque.com\/cd\/","name":"Not&iacute;cias em Destaque","description":"","publisher":{"@id":"https:\/\/noticiasemdestaque.com\/cd\/#organization"},"potentialAction":[{"@type":"SearchAction","target":{"@type":"EntryPoint","urlTemplate":"https:\/\/noticiasemdestaque.com\/cd\/?s={search_term_string}"},"query-input":{"@type":"PropertyValueSpecification","valueRequired":true,"valueName":"search_term_string"}}],"inLanguage":"pt-BR"},{"@type":"Organization","@id":"https:\/\/noticiasemdestaque.com\/cd\/#organization","name":"Not\u00edcias em Destaque","url":"https:\/\/noticiasemdestaque.com\/cd\/","logo":{"@type":"ImageObject","inLanguage":"pt-BR","@id":"https:\/\/noticiasemdestaque.com\/cd\/#\/schema\/logo\/image\/","url":"https:\/\/noticiasemdestaque.com\/cd\/wp-content\/uploads\/2022\/05\/imagem-base-noticiasemdestaque.png","contentUrl":"https:\/\/noticiasemdestaque.com\/cd\/wp-content\/uploads\/2022\/05\/imagem-base-noticiasemdestaque.png","width":1200,"height":630,"caption":"Not\u00edcias em Destaque"},"image":{"@id":"https:\/\/noticiasemdestaque.com\/cd\/#\/schema\/logo\/image\/"}},{"@type":"Person","@id":"https:\/\/noticiasemdestaque.com\/cd\/#\/schema\/person\/c1451142d5e4d7aa7848244ea9e4606f","name":"Not\u00edcias em Destaque","url":"https:\/\/noticiasemdestaque.com\/cd\/?author=2"}]}},"jetpack_featured_media_url":"https:\/\/noticiasemdestaque.com\/cd\/wp-content\/uploads\/2017\/10\/ufcgcdsa-500x3122-1.jpg","jetpack_sharing_enabled":true,"_links":{"self":[{"href":"https:\/\/noticiasemdestaque.com\/cd\/index.php?rest_route=\/wp\/v2\/posts\/27091","targetHints":{"allow":["GET"]}}],"collection":[{"href":"https:\/\/noticiasemdestaque.com\/cd\/index.php?rest_route=\/wp\/v2\/posts"}],"about":[{"href":"https:\/\/noticiasemdestaque.com\/cd\/index.php?rest_route=\/wp\/v2\/types\/post"}],"author":[{"embeddable":true,"href":"https:\/\/noticiasemdestaque.com\/cd\/index.php?rest_route=\/wp\/v2\/users\/2"}],"replies":[{"embeddable":true,"href":"https:\/\/noticiasemdestaque.com\/cd\/index.php?rest_route=%2Fwp%2Fv2%2Fcomments&post=27091"}],"version-history":[{"count":1,"href":"https:\/\/noticiasemdestaque.com\/cd\/index.php?rest_route=\/wp\/v2\/posts\/27091\/revisions"}],"predecessor-version":[{"id":27092,"href":"https:\/\/noticiasemdestaque.com\/cd\/index.php?rest_route=\/wp\/v2\/posts\/27091\/revisions\/27092"}],"wp:featuredmedia":[{"embeddable":true,"href":"https:\/\/noticiasemdestaque.com\/cd\/index.php?rest_route=\/wp\/v2\/media\/5336"}],"wp:attachment":[{"href":"https:\/\/noticiasemdestaque.com\/cd\/index.php?rest_route=%2Fwp%2Fv2%2Fmedia&parent=27091"}],"wp:term":[{"taxonomy":"category","embeddable":true,"href":"https:\/\/noticiasemdestaque.com\/cd\/index.php?rest_route=%2Fwp%2Fv2%2Fcategories&post=27091"},{"taxonomy":"post_tag","embeddable":true,"href":"https:\/\/noticiasemdestaque.com\/cd\/index.php?rest_route=%2Fwp%2Fv2%2Ftags&post=27091"}],"curies":[{"name":"wp","href":"https:\/\/api.w.org\/{rel}","templated":true}]}}