{"id":27081,"date":"2020-09-26T19:19:44","date_gmt":"2020-09-26T22:19:44","guid":{"rendered":"http:\/\/noticiasemdestaque.com\/cd\/?p=27081"},"modified":"2020-09-26T19:19:44","modified_gmt":"2020-09-26T22:19:44","slug":"sume-registra-02-casos-positivos-de-coronavirus-neste-sabado-26","status":"publish","type":"post","link":"https:\/\/noticiasemdestaque.com\/cd\/?p=27081","title":{"rendered":"Sum\u00e9 registra 02 casos positivos de coronav\u00edrus neste s\u00e1bado, 26"},"content":{"rendered":"<p><a href=\"https:\/\/noticiasemdestaque.com\/cd\/wp-content\/uploads\/2020\/09\/410d00c2-55db-4c00-95c5-2b4a2bbe370b.jpg\"><img fetchpriority=\"high\" decoding=\"async\" class=\"size-medium wp-image-27083 aligncenter\" src=\"https:\/\/noticiasemdestaque.com\/cd\/wp-content\/uploads\/2020\/09\/410d00c2-55db-4c00-95c5-2b4a2bbe370b-300x300.jpg\" alt=\"\" width=\"300\" height=\"300\" srcset=\"https:\/\/noticiasemdestaque.com\/cd\/wp-content\/uploads\/2020\/09\/410d00c2-55db-4c00-95c5-2b4a2bbe370b-300x300.jpg 300w, https:\/\/noticiasemdestaque.com\/cd\/wp-content\/uploads\/2020\/09\/410d00c2-55db-4c00-95c5-2b4a2bbe370b-1022x1024.jpg 1022w, https:\/\/noticiasemdestaque.com\/cd\/wp-content\/uploads\/2020\/09\/410d00c2-55db-4c00-95c5-2b4a2bbe370b-150x150.jpg 150w, https:\/\/noticiasemdestaque.com\/cd\/wp-content\/uploads\/2020\/09\/410d00c2-55db-4c00-95c5-2b4a2bbe370b-768x769.jpg 768w, https:\/\/noticiasemdestaque.com\/cd\/wp-content\/uploads\/2020\/09\/410d00c2-55db-4c00-95c5-2b4a2bbe370b.jpg 1198w\" sizes=\"(max-width: 300px) 100vw, 300px\" \/><\/a><\/p>\n<p>A Secretaria Municipal de Sa\u00fade de Sum\u00e9 informa que foram registrados 2 casos positivos para o coronav\u00edrus neste s\u00e1bado, 26.<\/p>\n<p>1\u00ba caso: sexo feminino, 27 anos, com comorbidades, Zona Rural;<\/p>\n<p>2\u00ba caso: sexo masculino, 42 anos, sem comorbidades, Santa Rosa.<\/p>\n<p><a href=\"https:\/\/noticiasemdestaque.com\/cd\/wp-content\/uploads\/2020\/09\/5d04fd03-e93b-482b-b825-c6e896d2f712.jpg\"><img decoding=\"async\" class=\"size-medium wp-image-27082 aligncenter\" src=\"https:\/\/noticiasemdestaque.com\/cd\/wp-content\/uploads\/2020\/09\/5d04fd03-e93b-482b-b825-c6e896d2f712-300x300.jpg\" alt=\"\" width=\"300\" height=\"300\" srcset=\"https:\/\/noticiasemdestaque.com\/cd\/wp-content\/uploads\/2020\/09\/5d04fd03-e93b-482b-b825-c6e896d2f712-300x300.jpg 300w, https:\/\/noticiasemdestaque.com\/cd\/wp-content\/uploads\/2020\/09\/5d04fd03-e93b-482b-b825-c6e896d2f712-1022x1024.jpg 1022w, https:\/\/noticiasemdestaque.com\/cd\/wp-content\/uploads\/2020\/09\/5d04fd03-e93b-482b-b825-c6e896d2f712-150x150.jpg 150w, https:\/\/noticiasemdestaque.com\/cd\/wp-content\/uploads\/2020\/09\/5d04fd03-e93b-482b-b825-c6e896d2f712-768x769.jpg 768w, https:\/\/noticiasemdestaque.com\/cd\/wp-content\/uploads\/2020\/09\/5d04fd03-e93b-482b-b825-c6e896d2f712.jpg 1198w\" sizes=\"(max-width: 300px) 100vw, 300px\" \/><\/a><\/p>\n<p>Hoje o munic\u00edpio tamb\u00e9m registrou 1 caso recuperado.<\/p>\n<p>N\u00e3o se descuide, ao sair use m\u00e1scara, cubra bem o nariz e a boca, lave sempre as m\u00e3os e use \u00e1lcool em gel 70%.<\/p>\n<p>Ascom PMS<\/p>\n<p>26\/09\/2020<\/p>\n","protected":false},"excerpt":{"rendered":"<p>A Secretaria Municipal de Sa\u00fade de Sum\u00e9 informa que foram registrados 2 casos positivos para o coronav\u00edrus neste s\u00e1bado, 26. 1\u00ba caso: sexo feminino, 27 anos, com comorbidades, Zona Rural; 2\u00ba caso: sexo masculino, 42 anos, sem comorbidades, Santa Rosa. Hoje o munic\u00edpio tamb\u00e9m registrou 1 caso recuperado. N\u00e3o se descuide, ao sair use m\u00e1scara, cubra bem o nariz e a boca, lave sempre as m\u00e3os e use \u00e1lcool em gel 70%. Ascom PMS 26\/09\/2020<\/p>\n","protected":false},"author":2,"featured_media":27083,"comment_status":"closed","ping_status":"open","sticky":false,"template":"","format":"standard","meta":{"_eb_attr":"","_jetpack_memberships_contains_paid_content":false,"footnotes":""},"categories":[3],"tags":[],"class_list":["post-27081","post","type-post","status-publish","format-standard","has-post-thumbnail","hentry","category-cidades"],"yoast_head":"<!-- This site is optimized with the Yoast SEO plugin v26.5 - https:\/\/yoast.com\/wordpress\/plugins\/seo\/ -->\n<title>Sum\u00e9 registra 02 casos positivos de coronav\u00edrus neste s\u00e1bado, 26 - Not&iacute;cias em Destaque<\/title>\n<meta name=\"robots\" content=\"index, follow, max-snippet:-1, max-image-preview:large, max-video-preview:-1\" \/>\n<link rel=\"canonical\" href=\"https:\/\/noticiasemdestaque.com\/cd\/?p=27081\" \/>\n<meta property=\"og:locale\" content=\"pt_BR\" \/>\n<meta property=\"og:type\" content=\"article\" \/>\n<meta property=\"og:title\" content=\"Sum\u00e9 registra 02 casos positivos de coronav\u00edrus neste s\u00e1bado, 26 - Not&iacute;cias em Destaque\" \/>\n<meta property=\"og:description\" content=\"A Secretaria Municipal de Sa\u00fade de Sum\u00e9 informa que foram registrados 2 casos positivos para o coronav\u00edrus neste s\u00e1bado, 26. 1\u00ba caso: sexo feminino, 27 anos, com comorbidades, Zona Rural; 2\u00ba caso: sexo masculino, 42 anos, sem comorbidades, Santa Rosa. Hoje o munic\u00edpio tamb\u00e9m registrou 1 caso recuperado. N\u00e3o se descuide, ao sair use m\u00e1scara, cubra bem o nariz e a boca, lave sempre as m\u00e3os e use \u00e1lcool em gel 70%. Ascom PMS 26\/09\/2020\" \/>\n<meta property=\"og:url\" content=\"https:\/\/noticiasemdestaque.com\/cd\/?p=27081\" \/>\n<meta property=\"og:site_name\" content=\"Not&iacute;cias em Destaque\" \/>\n<meta property=\"article:published_time\" content=\"2020-09-26T22:19:44+00:00\" \/>\n<meta property=\"og:image\" content=\"https:\/\/noticiasemdestaque.com\/cd\/wp-content\/uploads\/2020\/09\/410d00c2-55db-4c00-95c5-2b4a2bbe370b.jpg\" \/>\n\t<meta property=\"og:image:width\" content=\"1198\" \/>\n\t<meta property=\"og:image:height\" content=\"1200\" \/>\n\t<meta property=\"og:image:type\" content=\"image\/jpeg\" \/>\n<meta name=\"author\" content=\"Not\u00edcias em Destaque\" \/>\n<meta name=\"twitter:card\" content=\"summary_large_image\" \/>\n<meta name=\"twitter:label1\" content=\"Escrito por\" \/>\n\t<meta name=\"twitter:data1\" content=\"Not\u00edcias em Destaque\" \/>\n<script type=\"application\/ld+json\" class=\"yoast-schema-graph\">{\"@context\":\"https:\/\/schema.org\",\"@graph\":[{\"@type\":\"Article\",\"@id\":\"https:\/\/noticiasemdestaque.com\/cd\/?p=27081#article\",\"isPartOf\":{\"@id\":\"https:\/\/noticiasemdestaque.com\/cd\/?p=27081\"},\"author\":{\"name\":\"Not\u00edcias em Destaque\",\"@id\":\"https:\/\/noticiasemdestaque.com\/cd\/#\/schema\/person\/c1451142d5e4d7aa7848244ea9e4606f\"},\"headline\":\"Sum\u00e9 registra 02 casos positivos de coronav\u00edrus neste s\u00e1bado, 26\",\"datePublished\":\"2020-09-26T22:19:44+00:00\",\"mainEntityOfPage\":{\"@id\":\"https:\/\/noticiasemdestaque.com\/cd\/?p=27081\"},\"wordCount\":84,\"publisher\":{\"@id\":\"https:\/\/noticiasemdestaque.com\/cd\/#organization\"},\"image\":{\"@id\":\"https:\/\/noticiasemdestaque.com\/cd\/?p=27081#primaryimage\"},\"thumbnailUrl\":\"https:\/\/noticiasemdestaque.com\/cd\/wp-content\/uploads\/2020\/09\/410d00c2-55db-4c00-95c5-2b4a2bbe370b.jpg\",\"articleSection\":[\"Cidades\"],\"inLanguage\":\"pt-BR\"},{\"@type\":\"WebPage\",\"@id\":\"https:\/\/noticiasemdestaque.com\/cd\/?p=27081\",\"url\":\"https:\/\/noticiasemdestaque.com\/cd\/?p=27081\",\"name\":\"Sum\u00e9 registra 02 casos positivos de coronav\u00edrus neste s\u00e1bado, 26 - Not&iacute;cias em Destaque\",\"isPartOf\":{\"@id\":\"https:\/\/noticiasemdestaque.com\/cd\/#website\"},\"primaryImageOfPage\":{\"@id\":\"https:\/\/noticiasemdestaque.com\/cd\/?p=27081#primaryimage\"},\"image\":{\"@id\":\"https:\/\/noticiasemdestaque.com\/cd\/?p=27081#primaryimage\"},\"thumbnailUrl\":\"https:\/\/noticiasemdestaque.com\/cd\/wp-content\/uploads\/2020\/09\/410d00c2-55db-4c00-95c5-2b4a2bbe370b.jpg\",\"datePublished\":\"2020-09-26T22:19:44+00:00\",\"breadcrumb\":{\"@id\":\"https:\/\/noticiasemdestaque.com\/cd\/?p=27081#breadcrumb\"},\"inLanguage\":\"pt-BR\",\"potentialAction\":[{\"@type\":\"ReadAction\",\"target\":[\"https:\/\/noticiasemdestaque.com\/cd\/?p=27081\"]}]},{\"@type\":\"ImageObject\",\"inLanguage\":\"pt-BR\",\"@id\":\"https:\/\/noticiasemdestaque.com\/cd\/?p=27081#primaryimage\",\"url\":\"https:\/\/noticiasemdestaque.com\/cd\/wp-content\/uploads\/2020\/09\/410d00c2-55db-4c00-95c5-2b4a2bbe370b.jpg\",\"contentUrl\":\"https:\/\/noticiasemdestaque.com\/cd\/wp-content\/uploads\/2020\/09\/410d00c2-55db-4c00-95c5-2b4a2bbe370b.jpg\",\"width\":1198,\"height\":1200},{\"@type\":\"BreadcrumbList\",\"@id\":\"https:\/\/noticiasemdestaque.com\/cd\/?p=27081#breadcrumb\",\"itemListElement\":[{\"@type\":\"ListItem\",\"position\":1,\"name\":\"In\u00edcio\",\"item\":\"https:\/\/noticiasemdestaque.com\/cd\/\"},{\"@type\":\"ListItem\",\"position\":2,\"name\":\"Sum\u00e9 registra 02 casos positivos de coronav\u00edrus neste s\u00e1bado, 26\"}]},{\"@type\":\"WebSite\",\"@id\":\"https:\/\/noticiasemdestaque.com\/cd\/#website\",\"url\":\"https:\/\/noticiasemdestaque.com\/cd\/\",\"name\":\"Not&iacute;cias em Destaque\",\"description\":\"\",\"publisher\":{\"@id\":\"https:\/\/noticiasemdestaque.com\/cd\/#organization\"},\"potentialAction\":[{\"@type\":\"SearchAction\",\"target\":{\"@type\":\"EntryPoint\",\"urlTemplate\":\"https:\/\/noticiasemdestaque.com\/cd\/?s={search_term_string}\"},\"query-input\":{\"@type\":\"PropertyValueSpecification\",\"valueRequired\":true,\"valueName\":\"search_term_string\"}}],\"inLanguage\":\"pt-BR\"},{\"@type\":\"Organization\",\"@id\":\"https:\/\/noticiasemdestaque.com\/cd\/#organization\",\"name\":\"Not\u00edcias em Destaque\",\"url\":\"https:\/\/noticiasemdestaque.com\/cd\/\",\"logo\":{\"@type\":\"ImageObject\",\"inLanguage\":\"pt-BR\",\"@id\":\"https:\/\/noticiasemdestaque.com\/cd\/#\/schema\/logo\/image\/\",\"url\":\"https:\/\/noticiasemdestaque.com\/cd\/wp-content\/uploads\/2022\/05\/imagem-base-noticiasemdestaque.png\",\"contentUrl\":\"https:\/\/noticiasemdestaque.com\/cd\/wp-content\/uploads\/2022\/05\/imagem-base-noticiasemdestaque.png\",\"width\":1200,\"height\":630,\"caption\":\"Not\u00edcias em Destaque\"},\"image\":{\"@id\":\"https:\/\/noticiasemdestaque.com\/cd\/#\/schema\/logo\/image\/\"}},{\"@type\":\"Person\",\"@id\":\"https:\/\/noticiasemdestaque.com\/cd\/#\/schema\/person\/c1451142d5e4d7aa7848244ea9e4606f\",\"name\":\"Not\u00edcias em Destaque\",\"url\":\"https:\/\/noticiasemdestaque.com\/cd\/?author=2\"}]}<\/script>\n<!-- \/ Yoast SEO plugin. -->","yoast_head_json":{"title":"Sum\u00e9 registra 02 casos positivos de coronav\u00edrus neste s\u00e1bado, 26 - Not&iacute;cias em Destaque","robots":{"index":"index","follow":"follow","max-snippet":"max-snippet:-1","max-image-preview":"max-image-preview:large","max-video-preview":"max-video-preview:-1"},"canonical":"https:\/\/noticiasemdestaque.com\/cd\/?p=27081","og_locale":"pt_BR","og_type":"article","og_title":"Sum\u00e9 registra 02 casos positivos de coronav\u00edrus neste s\u00e1bado, 26 - Not&iacute;cias em Destaque","og_description":"A Secretaria Municipal de Sa\u00fade de Sum\u00e9 informa que foram registrados 2 casos positivos para o coronav\u00edrus neste s\u00e1bado, 26. 1\u00ba caso: sexo feminino, 27 anos, com comorbidades, Zona Rural; 2\u00ba caso: sexo masculino, 42 anos, sem comorbidades, Santa Rosa. Hoje o munic\u00edpio tamb\u00e9m registrou 1 caso recuperado. N\u00e3o se descuide, ao sair use m\u00e1scara, cubra bem o nariz e a boca, lave sempre as m\u00e3os e use \u00e1lcool em gel 70%. Ascom PMS 26\/09\/2020","og_url":"https:\/\/noticiasemdestaque.com\/cd\/?p=27081","og_site_name":"Not&iacute;cias em Destaque","article_published_time":"2020-09-26T22:19:44+00:00","og_image":[{"width":1198,"height":1200,"url":"https:\/\/noticiasemdestaque.com\/cd\/wp-content\/uploads\/2020\/09\/410d00c2-55db-4c00-95c5-2b4a2bbe370b.jpg","type":"image\/jpeg"}],"author":"Not\u00edcias em Destaque","twitter_card":"summary_large_image","twitter_misc":{"Escrito por":"Not\u00edcias em Destaque"},"schema":{"@context":"https:\/\/schema.org","@graph":[{"@type":"Article","@id":"https:\/\/noticiasemdestaque.com\/cd\/?p=27081#article","isPartOf":{"@id":"https:\/\/noticiasemdestaque.com\/cd\/?p=27081"},"author":{"name":"Not\u00edcias em Destaque","@id":"https:\/\/noticiasemdestaque.com\/cd\/#\/schema\/person\/c1451142d5e4d7aa7848244ea9e4606f"},"headline":"Sum\u00e9 registra 02 casos positivos de coronav\u00edrus neste s\u00e1bado, 26","datePublished":"2020-09-26T22:19:44+00:00","mainEntityOfPage":{"@id":"https:\/\/noticiasemdestaque.com\/cd\/?p=27081"},"wordCount":84,"publisher":{"@id":"https:\/\/noticiasemdestaque.com\/cd\/#organization"},"image":{"@id":"https:\/\/noticiasemdestaque.com\/cd\/?p=27081#primaryimage"},"thumbnailUrl":"https:\/\/noticiasemdestaque.com\/cd\/wp-content\/uploads\/2020\/09\/410d00c2-55db-4c00-95c5-2b4a2bbe370b.jpg","articleSection":["Cidades"],"inLanguage":"pt-BR"},{"@type":"WebPage","@id":"https:\/\/noticiasemdestaque.com\/cd\/?p=27081","url":"https:\/\/noticiasemdestaque.com\/cd\/?p=27081","name":"Sum\u00e9 registra 02 casos positivos de coronav\u00edrus neste s\u00e1bado, 26 - Not&iacute;cias em Destaque","isPartOf":{"@id":"https:\/\/noticiasemdestaque.com\/cd\/#website"},"primaryImageOfPage":{"@id":"https:\/\/noticiasemdestaque.com\/cd\/?p=27081#primaryimage"},"image":{"@id":"https:\/\/noticiasemdestaque.com\/cd\/?p=27081#primaryimage"},"thumbnailUrl":"https:\/\/noticiasemdestaque.com\/cd\/wp-content\/uploads\/2020\/09\/410d00c2-55db-4c00-95c5-2b4a2bbe370b.jpg","datePublished":"2020-09-26T22:19:44+00:00","breadcrumb":{"@id":"https:\/\/noticiasemdestaque.com\/cd\/?p=27081#breadcrumb"},"inLanguage":"pt-BR","potentialAction":[{"@type":"ReadAction","target":["https:\/\/noticiasemdestaque.com\/cd\/?p=27081"]}]},{"@type":"ImageObject","inLanguage":"pt-BR","@id":"https:\/\/noticiasemdestaque.com\/cd\/?p=27081#primaryimage","url":"https:\/\/noticiasemdestaque.com\/cd\/wp-content\/uploads\/2020\/09\/410d00c2-55db-4c00-95c5-2b4a2bbe370b.jpg","contentUrl":"https:\/\/noticiasemdestaque.com\/cd\/wp-content\/uploads\/2020\/09\/410d00c2-55db-4c00-95c5-2b4a2bbe370b.jpg","width":1198,"height":1200},{"@type":"BreadcrumbList","@id":"https:\/\/noticiasemdestaque.com\/cd\/?p=27081#breadcrumb","itemListElement":[{"@type":"ListItem","position":1,"name":"In\u00edcio","item":"https:\/\/noticiasemdestaque.com\/cd\/"},{"@type":"ListItem","position":2,"name":"Sum\u00e9 registra 02 casos positivos de coronav\u00edrus neste s\u00e1bado, 26"}]},{"@type":"WebSite","@id":"https:\/\/noticiasemdestaque.com\/cd\/#website","url":"https:\/\/noticiasemdestaque.com\/cd\/","name":"Not&iacute;cias em Destaque","description":"","publisher":{"@id":"https:\/\/noticiasemdestaque.com\/cd\/#organization"},"potentialAction":[{"@type":"SearchAction","target":{"@type":"EntryPoint","urlTemplate":"https:\/\/noticiasemdestaque.com\/cd\/?s={search_term_string}"},"query-input":{"@type":"PropertyValueSpecification","valueRequired":true,"valueName":"search_term_string"}}],"inLanguage":"pt-BR"},{"@type":"Organization","@id":"https:\/\/noticiasemdestaque.com\/cd\/#organization","name":"Not\u00edcias em Destaque","url":"https:\/\/noticiasemdestaque.com\/cd\/","logo":{"@type":"ImageObject","inLanguage":"pt-BR","@id":"https:\/\/noticiasemdestaque.com\/cd\/#\/schema\/logo\/image\/","url":"https:\/\/noticiasemdestaque.com\/cd\/wp-content\/uploads\/2022\/05\/imagem-base-noticiasemdestaque.png","contentUrl":"https:\/\/noticiasemdestaque.com\/cd\/wp-content\/uploads\/2022\/05\/imagem-base-noticiasemdestaque.png","width":1200,"height":630,"caption":"Not\u00edcias em Destaque"},"image":{"@id":"https:\/\/noticiasemdestaque.com\/cd\/#\/schema\/logo\/image\/"}},{"@type":"Person","@id":"https:\/\/noticiasemdestaque.com\/cd\/#\/schema\/person\/c1451142d5e4d7aa7848244ea9e4606f","name":"Not\u00edcias em Destaque","url":"https:\/\/noticiasemdestaque.com\/cd\/?author=2"}]}},"jetpack_featured_media_url":"https:\/\/noticiasemdestaque.com\/cd\/wp-content\/uploads\/2020\/09\/410d00c2-55db-4c00-95c5-2b4a2bbe370b.jpg","jetpack_sharing_enabled":true,"_links":{"self":[{"href":"https:\/\/noticiasemdestaque.com\/cd\/index.php?rest_route=\/wp\/v2\/posts\/27081","targetHints":{"allow":["GET"]}}],"collection":[{"href":"https:\/\/noticiasemdestaque.com\/cd\/index.php?rest_route=\/wp\/v2\/posts"}],"about":[{"href":"https:\/\/noticiasemdestaque.com\/cd\/index.php?rest_route=\/wp\/v2\/types\/post"}],"author":[{"embeddable":true,"href":"https:\/\/noticiasemdestaque.com\/cd\/index.php?rest_route=\/wp\/v2\/users\/2"}],"replies":[{"embeddable":true,"href":"https:\/\/noticiasemdestaque.com\/cd\/index.php?rest_route=%2Fwp%2Fv2%2Fcomments&post=27081"}],"version-history":[{"count":1,"href":"https:\/\/noticiasemdestaque.com\/cd\/index.php?rest_route=\/wp\/v2\/posts\/27081\/revisions"}],"predecessor-version":[{"id":27084,"href":"https:\/\/noticiasemdestaque.com\/cd\/index.php?rest_route=\/wp\/v2\/posts\/27081\/revisions\/27084"}],"wp:featuredmedia":[{"embeddable":true,"href":"https:\/\/noticiasemdestaque.com\/cd\/index.php?rest_route=\/wp\/v2\/media\/27083"}],"wp:attachment":[{"href":"https:\/\/noticiasemdestaque.com\/cd\/index.php?rest_route=%2Fwp%2Fv2%2Fmedia&parent=27081"}],"wp:term":[{"taxonomy":"category","embeddable":true,"href":"https:\/\/noticiasemdestaque.com\/cd\/index.php?rest_route=%2Fwp%2Fv2%2Fcategories&post=27081"},{"taxonomy":"post_tag","embeddable":true,"href":"https:\/\/noticiasemdestaque.com\/cd\/index.php?rest_route=%2Fwp%2Fv2%2Ftags&post=27081"}],"curies":[{"name":"wp","href":"https:\/\/api.w.org\/{rel}","templated":true}]}}