{"id":27068,"date":"2020-09-26T11:46:20","date_gmt":"2020-09-26T14:46:20","guid":{"rendered":"http:\/\/noticiasemdestaque.com\/cd\/?p=27068"},"modified":"2020-09-26T11:47:36","modified_gmt":"2020-09-26T14:47:36","slug":"felisardo-moura-registra-candidatura-no-tse-pelo-democratas-para-disputar-prefeitura-da-prata","status":"publish","type":"post","link":"https:\/\/noticiasemdestaque.com\/cd\/?p=27068","title":{"rendered":"Felisardo Moura registra candidatura no TSE pelo Democratas para disputar Prefeitura da Prata"},"content":{"rendered":"<p><a href=\"https:\/\/noticiasemdestaque.com\/cd\/wp-content\/uploads\/2020\/09\/000.jpg\"><img fetchpriority=\"high\" decoding=\"async\" class=\"size-medium wp-image-27069 aligncenter\" src=\"https:\/\/noticiasemdestaque.com\/cd\/wp-content\/uploads\/2020\/09\/000-235x300.jpg\" alt=\"\" width=\"235\" height=\"300\" srcset=\"https:\/\/noticiasemdestaque.com\/cd\/wp-content\/uploads\/2020\/09\/000-235x300.jpg 235w, https:\/\/noticiasemdestaque.com\/cd\/wp-content\/uploads\/2020\/09\/000-804x1024.jpg 804w, https:\/\/noticiasemdestaque.com\/cd\/wp-content\/uploads\/2020\/09\/000-768x979.jpg 768w, https:\/\/noticiasemdestaque.com\/cd\/wp-content\/uploads\/2020\/09\/000.jpg 897w\" sizes=\"(max-width: 235px) 100vw, 235px\" \/><\/a><\/p>\n<p>O Democratas (DEM) registrou no Tribunal Superior Eleitoral (TSE), a candidatura do poeta Felisardo Moura para disputar as elei\u00e7\u00f5es 2020 para Prefeitura da Prata, no cariri paraibano.<\/p>\n<p>Na oportunidade, tamb\u00e9m foi registrada a candidatura de Caf\u00e9, do Partido da Mobiliza\u00e7\u00e3o Nacional (PMN), como candidato a vice-prefeito.<\/p>\n<p>Al\u00e9m do candidato a prefeito, Felisardo Moura, fazem parte dos quadros do partido Democratas 12 candidatos a vereadores, s\u00e3o eles: Adeilza, Carlos Juranil, Francineide de Oliveira, Jos\u00e9 de Assis, Jos\u00e9 Erinaldo, Jos\u00e9 Erm\u00edrio, Jos\u00e9 Natanaelson, Jos\u00e9 Fl\u00e1vio, Jos\u00e9 Claudino, Quit\u00e9ria L\u00facia, T\u00e2nia de F\u00e1tima e Adenivaldo Barros.<\/p>\n<p>&nbsp;<\/p>\n","protected":false},"excerpt":{"rendered":"<p>O Democratas (DEM) registrou no Tribunal Superior Eleitoral (TSE), a candidatura do poeta Felisardo Moura para disputar as elei\u00e7\u00f5es 2020 para Prefeitura da Prata, no cariri paraibano. Na oportunidade, tamb\u00e9m foi registrada a candidatura de Caf\u00e9, do Partido da Mobiliza\u00e7\u00e3o Nacional (PMN), como candidato a vice-prefeito. Al\u00e9m do candidato a prefeito, Felisardo Moura, fazem parte dos quadros do partido Democratas 12 candidatos a vereadores, s\u00e3o eles: Adeilza, Carlos Juranil, Francineide de Oliveira, Jos\u00e9 de Assis, Jos\u00e9 Erinaldo, Jos\u00e9 Erm\u00edrio, Jos\u00e9 Natanaelson, Jos\u00e9 Fl\u00e1vio, Jos\u00e9 Claudino, Quit\u00e9ria L\u00facia, T\u00e2nia de F\u00e1tima e Adenivaldo Barros. &nbsp;<\/p>\n","protected":false},"author":2,"featured_media":27071,"comment_status":"closed","ping_status":"open","sticky":false,"template":"","format":"standard","meta":{"_eb_attr":"","_jetpack_memberships_contains_paid_content":false,"footnotes":""},"categories":[4],"tags":[],"class_list":["post-27068","post","type-post","status-publish","format-standard","has-post-thumbnail","hentry","category-politica"],"yoast_head":"<!-- This site is optimized with the Yoast SEO plugin v26.5 - https:\/\/yoast.com\/wordpress\/plugins\/seo\/ -->\n<title>Felisardo Moura registra candidatura no TSE pelo Democratas para disputar Prefeitura da Prata - Not&iacute;cias em Destaque<\/title>\n<meta name=\"robots\" content=\"index, follow, max-snippet:-1, max-image-preview:large, max-video-preview:-1\" \/>\n<link rel=\"canonical\" href=\"https:\/\/noticiasemdestaque.com\/cd\/?p=27068\" \/>\n<meta property=\"og:locale\" content=\"pt_BR\" \/>\n<meta property=\"og:type\" content=\"article\" \/>\n<meta property=\"og:title\" content=\"Felisardo Moura registra candidatura no TSE pelo Democratas para disputar Prefeitura da Prata - Not&iacute;cias em Destaque\" \/>\n<meta property=\"og:description\" content=\"O Democratas (DEM) registrou no Tribunal Superior Eleitoral (TSE), a candidatura do poeta Felisardo Moura para disputar as elei\u00e7\u00f5es 2020 para Prefeitura da Prata, no cariri paraibano. Na oportunidade, tamb\u00e9m foi registrada a candidatura de Caf\u00e9, do Partido da Mobiliza\u00e7\u00e3o Nacional (PMN), como candidato a vice-prefeito. Al\u00e9m do candidato a prefeito, Felisardo Moura, fazem parte dos quadros do partido Democratas 12 candidatos a vereadores, s\u00e3o eles: Adeilza, Carlos Juranil, Francineide de Oliveira, Jos\u00e9 de Assis, Jos\u00e9 Erinaldo, Jos\u00e9 Erm\u00edrio, Jos\u00e9 Natanaelson, Jos\u00e9 Fl\u00e1vio, Jos\u00e9 Claudino, Quit\u00e9ria L\u00facia, T\u00e2nia de F\u00e1tima e Adenivaldo Barros. &nbsp;\" \/>\n<meta property=\"og:url\" content=\"https:\/\/noticiasemdestaque.com\/cd\/?p=27068\" \/>\n<meta property=\"og:site_name\" content=\"Not&iacute;cias em Destaque\" \/>\n<meta property=\"article:published_time\" content=\"2020-09-26T14:46:20+00:00\" \/>\n<meta property=\"article:modified_time\" content=\"2020-09-26T14:47:36+00:00\" \/>\n<meta property=\"og:image\" content=\"https:\/\/noticiasemdestaque.com\/cd\/wp-content\/uploads\/2020\/09\/000-1.jpg\" \/>\n\t<meta property=\"og:image:width\" content=\"888\" \/>\n\t<meta property=\"og:image:height\" content=\"993\" \/>\n\t<meta property=\"og:image:type\" content=\"image\/jpeg\" \/>\n<meta name=\"author\" content=\"Not\u00edcias em Destaque\" \/>\n<meta name=\"twitter:card\" content=\"summary_large_image\" \/>\n<meta name=\"twitter:label1\" content=\"Escrito por\" \/>\n\t<meta name=\"twitter:data1\" content=\"Not\u00edcias em Destaque\" \/>\n\t<meta name=\"twitter:label2\" content=\"Est. tempo de leitura\" \/>\n\t<meta name=\"twitter:data2\" content=\"1 minuto\" \/>\n<script type=\"application\/ld+json\" class=\"yoast-schema-graph\">{\"@context\":\"https:\/\/schema.org\",\"@graph\":[{\"@type\":\"Article\",\"@id\":\"https:\/\/noticiasemdestaque.com\/cd\/?p=27068#article\",\"isPartOf\":{\"@id\":\"https:\/\/noticiasemdestaque.com\/cd\/?p=27068\"},\"author\":{\"name\":\"Not\u00edcias em Destaque\",\"@id\":\"https:\/\/noticiasemdestaque.com\/cd\/#\/schema\/person\/c1451142d5e4d7aa7848244ea9e4606f\"},\"headline\":\"Felisardo Moura registra candidatura no TSE pelo Democratas para disputar Prefeitura da Prata\",\"datePublished\":\"2020-09-26T14:46:20+00:00\",\"dateModified\":\"2020-09-26T14:47:36+00:00\",\"mainEntityOfPage\":{\"@id\":\"https:\/\/noticiasemdestaque.com\/cd\/?p=27068\"},\"wordCount\":116,\"publisher\":{\"@id\":\"https:\/\/noticiasemdestaque.com\/cd\/#organization\"},\"image\":{\"@id\":\"https:\/\/noticiasemdestaque.com\/cd\/?p=27068#primaryimage\"},\"thumbnailUrl\":\"https:\/\/noticiasemdestaque.com\/cd\/wp-content\/uploads\/2020\/09\/000-1.jpg\",\"articleSection\":[\"Pol\u00edtica\"],\"inLanguage\":\"pt-BR\"},{\"@type\":\"WebPage\",\"@id\":\"https:\/\/noticiasemdestaque.com\/cd\/?p=27068\",\"url\":\"https:\/\/noticiasemdestaque.com\/cd\/?p=27068\",\"name\":\"Felisardo Moura registra candidatura no TSE pelo Democratas para disputar Prefeitura da Prata - Not&iacute;cias em Destaque\",\"isPartOf\":{\"@id\":\"https:\/\/noticiasemdestaque.com\/cd\/#website\"},\"primaryImageOfPage\":{\"@id\":\"https:\/\/noticiasemdestaque.com\/cd\/?p=27068#primaryimage\"},\"image\":{\"@id\":\"https:\/\/noticiasemdestaque.com\/cd\/?p=27068#primaryimage\"},\"thumbnailUrl\":\"https:\/\/noticiasemdestaque.com\/cd\/wp-content\/uploads\/2020\/09\/000-1.jpg\",\"datePublished\":\"2020-09-26T14:46:20+00:00\",\"dateModified\":\"2020-09-26T14:47:36+00:00\",\"breadcrumb\":{\"@id\":\"https:\/\/noticiasemdestaque.com\/cd\/?p=27068#breadcrumb\"},\"inLanguage\":\"pt-BR\",\"potentialAction\":[{\"@type\":\"ReadAction\",\"target\":[\"https:\/\/noticiasemdestaque.com\/cd\/?p=27068\"]}]},{\"@type\":\"ImageObject\",\"inLanguage\":\"pt-BR\",\"@id\":\"https:\/\/noticiasemdestaque.com\/cd\/?p=27068#primaryimage\",\"url\":\"https:\/\/noticiasemdestaque.com\/cd\/wp-content\/uploads\/2020\/09\/000-1.jpg\",\"contentUrl\":\"https:\/\/noticiasemdestaque.com\/cd\/wp-content\/uploads\/2020\/09\/000-1.jpg\",\"width\":888,\"height\":993},{\"@type\":\"BreadcrumbList\",\"@id\":\"https:\/\/noticiasemdestaque.com\/cd\/?p=27068#breadcrumb\",\"itemListElement\":[{\"@type\":\"ListItem\",\"position\":1,\"name\":\"In\u00edcio\",\"item\":\"https:\/\/noticiasemdestaque.com\/cd\/\"},{\"@type\":\"ListItem\",\"position\":2,\"name\":\"Felisardo Moura registra candidatura no TSE pelo Democratas para disputar Prefeitura da Prata\"}]},{\"@type\":\"WebSite\",\"@id\":\"https:\/\/noticiasemdestaque.com\/cd\/#website\",\"url\":\"https:\/\/noticiasemdestaque.com\/cd\/\",\"name\":\"Not&iacute;cias em Destaque\",\"description\":\"\",\"publisher\":{\"@id\":\"https:\/\/noticiasemdestaque.com\/cd\/#organization\"},\"potentialAction\":[{\"@type\":\"SearchAction\",\"target\":{\"@type\":\"EntryPoint\",\"urlTemplate\":\"https:\/\/noticiasemdestaque.com\/cd\/?s={search_term_string}\"},\"query-input\":{\"@type\":\"PropertyValueSpecification\",\"valueRequired\":true,\"valueName\":\"search_term_string\"}}],\"inLanguage\":\"pt-BR\"},{\"@type\":\"Organization\",\"@id\":\"https:\/\/noticiasemdestaque.com\/cd\/#organization\",\"name\":\"Not\u00edcias em Destaque\",\"url\":\"https:\/\/noticiasemdestaque.com\/cd\/\",\"logo\":{\"@type\":\"ImageObject\",\"inLanguage\":\"pt-BR\",\"@id\":\"https:\/\/noticiasemdestaque.com\/cd\/#\/schema\/logo\/image\/\",\"url\":\"https:\/\/noticiasemdestaque.com\/cd\/wp-content\/uploads\/2022\/05\/imagem-base-noticiasemdestaque.png\",\"contentUrl\":\"https:\/\/noticiasemdestaque.com\/cd\/wp-content\/uploads\/2022\/05\/imagem-base-noticiasemdestaque.png\",\"width\":1200,\"height\":630,\"caption\":\"Not\u00edcias em Destaque\"},\"image\":{\"@id\":\"https:\/\/noticiasemdestaque.com\/cd\/#\/schema\/logo\/image\/\"}},{\"@type\":\"Person\",\"@id\":\"https:\/\/noticiasemdestaque.com\/cd\/#\/schema\/person\/c1451142d5e4d7aa7848244ea9e4606f\",\"name\":\"Not\u00edcias em Destaque\",\"url\":\"https:\/\/noticiasemdestaque.com\/cd\/?author=2\"}]}<\/script>\n<!-- \/ Yoast SEO plugin. -->","yoast_head_json":{"title":"Felisardo Moura registra candidatura no TSE pelo Democratas para disputar Prefeitura da Prata - Not&iacute;cias em Destaque","robots":{"index":"index","follow":"follow","max-snippet":"max-snippet:-1","max-image-preview":"max-image-preview:large","max-video-preview":"max-video-preview:-1"},"canonical":"https:\/\/noticiasemdestaque.com\/cd\/?p=27068","og_locale":"pt_BR","og_type":"article","og_title":"Felisardo Moura registra candidatura no TSE pelo Democratas para disputar Prefeitura da Prata - Not&iacute;cias em Destaque","og_description":"O Democratas (DEM) registrou no Tribunal Superior Eleitoral (TSE), a candidatura do poeta Felisardo Moura para disputar as elei\u00e7\u00f5es 2020 para Prefeitura da Prata, no cariri paraibano. Na oportunidade, tamb\u00e9m foi registrada a candidatura de Caf\u00e9, do Partido da Mobiliza\u00e7\u00e3o Nacional (PMN), como candidato a vice-prefeito. Al\u00e9m do candidato a prefeito, Felisardo Moura, fazem parte dos quadros do partido Democratas 12 candidatos a vereadores, s\u00e3o eles: Adeilza, Carlos Juranil, Francineide de Oliveira, Jos\u00e9 de Assis, Jos\u00e9 Erinaldo, Jos\u00e9 Erm\u00edrio, Jos\u00e9 Natanaelson, Jos\u00e9 Fl\u00e1vio, Jos\u00e9 Claudino, Quit\u00e9ria L\u00facia, T\u00e2nia de F\u00e1tima e Adenivaldo Barros. &nbsp;","og_url":"https:\/\/noticiasemdestaque.com\/cd\/?p=27068","og_site_name":"Not&iacute;cias em Destaque","article_published_time":"2020-09-26T14:46:20+00:00","article_modified_time":"2020-09-26T14:47:36+00:00","og_image":[{"width":888,"height":993,"url":"https:\/\/noticiasemdestaque.com\/cd\/wp-content\/uploads\/2020\/09\/000-1.jpg","type":"image\/jpeg"}],"author":"Not\u00edcias em Destaque","twitter_card":"summary_large_image","twitter_misc":{"Escrito por":"Not\u00edcias em Destaque","Est. tempo de leitura":"1 minuto"},"schema":{"@context":"https:\/\/schema.org","@graph":[{"@type":"Article","@id":"https:\/\/noticiasemdestaque.com\/cd\/?p=27068#article","isPartOf":{"@id":"https:\/\/noticiasemdestaque.com\/cd\/?p=27068"},"author":{"name":"Not\u00edcias em Destaque","@id":"https:\/\/noticiasemdestaque.com\/cd\/#\/schema\/person\/c1451142d5e4d7aa7848244ea9e4606f"},"headline":"Felisardo Moura registra candidatura no TSE pelo Democratas para disputar Prefeitura da Prata","datePublished":"2020-09-26T14:46:20+00:00","dateModified":"2020-09-26T14:47:36+00:00","mainEntityOfPage":{"@id":"https:\/\/noticiasemdestaque.com\/cd\/?p=27068"},"wordCount":116,"publisher":{"@id":"https:\/\/noticiasemdestaque.com\/cd\/#organization"},"image":{"@id":"https:\/\/noticiasemdestaque.com\/cd\/?p=27068#primaryimage"},"thumbnailUrl":"https:\/\/noticiasemdestaque.com\/cd\/wp-content\/uploads\/2020\/09\/000-1.jpg","articleSection":["Pol\u00edtica"],"inLanguage":"pt-BR"},{"@type":"WebPage","@id":"https:\/\/noticiasemdestaque.com\/cd\/?p=27068","url":"https:\/\/noticiasemdestaque.com\/cd\/?p=27068","name":"Felisardo Moura registra candidatura no TSE pelo Democratas para disputar Prefeitura da Prata - Not&iacute;cias em Destaque","isPartOf":{"@id":"https:\/\/noticiasemdestaque.com\/cd\/#website"},"primaryImageOfPage":{"@id":"https:\/\/noticiasemdestaque.com\/cd\/?p=27068#primaryimage"},"image":{"@id":"https:\/\/noticiasemdestaque.com\/cd\/?p=27068#primaryimage"},"thumbnailUrl":"https:\/\/noticiasemdestaque.com\/cd\/wp-content\/uploads\/2020\/09\/000-1.jpg","datePublished":"2020-09-26T14:46:20+00:00","dateModified":"2020-09-26T14:47:36+00:00","breadcrumb":{"@id":"https:\/\/noticiasemdestaque.com\/cd\/?p=27068#breadcrumb"},"inLanguage":"pt-BR","potentialAction":[{"@type":"ReadAction","target":["https:\/\/noticiasemdestaque.com\/cd\/?p=27068"]}]},{"@type":"ImageObject","inLanguage":"pt-BR","@id":"https:\/\/noticiasemdestaque.com\/cd\/?p=27068#primaryimage","url":"https:\/\/noticiasemdestaque.com\/cd\/wp-content\/uploads\/2020\/09\/000-1.jpg","contentUrl":"https:\/\/noticiasemdestaque.com\/cd\/wp-content\/uploads\/2020\/09\/000-1.jpg","width":888,"height":993},{"@type":"BreadcrumbList","@id":"https:\/\/noticiasemdestaque.com\/cd\/?p=27068#breadcrumb","itemListElement":[{"@type":"ListItem","position":1,"name":"In\u00edcio","item":"https:\/\/noticiasemdestaque.com\/cd\/"},{"@type":"ListItem","position":2,"name":"Felisardo Moura registra candidatura no TSE pelo Democratas para disputar Prefeitura da Prata"}]},{"@type":"WebSite","@id":"https:\/\/noticiasemdestaque.com\/cd\/#website","url":"https:\/\/noticiasemdestaque.com\/cd\/","name":"Not&iacute;cias em Destaque","description":"","publisher":{"@id":"https:\/\/noticiasemdestaque.com\/cd\/#organization"},"potentialAction":[{"@type":"SearchAction","target":{"@type":"EntryPoint","urlTemplate":"https:\/\/noticiasemdestaque.com\/cd\/?s={search_term_string}"},"query-input":{"@type":"PropertyValueSpecification","valueRequired":true,"valueName":"search_term_string"}}],"inLanguage":"pt-BR"},{"@type":"Organization","@id":"https:\/\/noticiasemdestaque.com\/cd\/#organization","name":"Not\u00edcias em Destaque","url":"https:\/\/noticiasemdestaque.com\/cd\/","logo":{"@type":"ImageObject","inLanguage":"pt-BR","@id":"https:\/\/noticiasemdestaque.com\/cd\/#\/schema\/logo\/image\/","url":"https:\/\/noticiasemdestaque.com\/cd\/wp-content\/uploads\/2022\/05\/imagem-base-noticiasemdestaque.png","contentUrl":"https:\/\/noticiasemdestaque.com\/cd\/wp-content\/uploads\/2022\/05\/imagem-base-noticiasemdestaque.png","width":1200,"height":630,"caption":"Not\u00edcias em Destaque"},"image":{"@id":"https:\/\/noticiasemdestaque.com\/cd\/#\/schema\/logo\/image\/"}},{"@type":"Person","@id":"https:\/\/noticiasemdestaque.com\/cd\/#\/schema\/person\/c1451142d5e4d7aa7848244ea9e4606f","name":"Not\u00edcias em Destaque","url":"https:\/\/noticiasemdestaque.com\/cd\/?author=2"}]}},"jetpack_featured_media_url":"https:\/\/noticiasemdestaque.com\/cd\/wp-content\/uploads\/2020\/09\/000-1.jpg","jetpack_sharing_enabled":true,"_links":{"self":[{"href":"https:\/\/noticiasemdestaque.com\/cd\/index.php?rest_route=\/wp\/v2\/posts\/27068","targetHints":{"allow":["GET"]}}],"collection":[{"href":"https:\/\/noticiasemdestaque.com\/cd\/index.php?rest_route=\/wp\/v2\/posts"}],"about":[{"href":"https:\/\/noticiasemdestaque.com\/cd\/index.php?rest_route=\/wp\/v2\/types\/post"}],"author":[{"embeddable":true,"href":"https:\/\/noticiasemdestaque.com\/cd\/index.php?rest_route=\/wp\/v2\/users\/2"}],"replies":[{"embeddable":true,"href":"https:\/\/noticiasemdestaque.com\/cd\/index.php?rest_route=%2Fwp%2Fv2%2Fcomments&post=27068"}],"version-history":[{"count":1,"href":"https:\/\/noticiasemdestaque.com\/cd\/index.php?rest_route=\/wp\/v2\/posts\/27068\/revisions"}],"predecessor-version":[{"id":27070,"href":"https:\/\/noticiasemdestaque.com\/cd\/index.php?rest_route=\/wp\/v2\/posts\/27068\/revisions\/27070"}],"wp:featuredmedia":[{"embeddable":true,"href":"https:\/\/noticiasemdestaque.com\/cd\/index.php?rest_route=\/wp\/v2\/media\/27071"}],"wp:attachment":[{"href":"https:\/\/noticiasemdestaque.com\/cd\/index.php?rest_route=%2Fwp%2Fv2%2Fmedia&parent=27068"}],"wp:term":[{"taxonomy":"category","embeddable":true,"href":"https:\/\/noticiasemdestaque.com\/cd\/index.php?rest_route=%2Fwp%2Fv2%2Fcategories&post=27068"},{"taxonomy":"post_tag","embeddable":true,"href":"https:\/\/noticiasemdestaque.com\/cd\/index.php?rest_route=%2Fwp%2Fv2%2Ftags&post=27068"}],"curies":[{"name":"wp","href":"https:\/\/api.w.org\/{rel}","templated":true}]}}