{"id":26952,"date":"2020-09-19T10:41:32","date_gmt":"2020-09-19T13:41:32","guid":{"rendered":"http:\/\/noticiasemdestaque.com\/cd\/?p=26952"},"modified":"2020-09-19T10:41:32","modified_gmt":"2020-09-19T13:41:32","slug":"em-sume-casa-da-cidadania-volta-a-funcionar-apenas-para-emissao-de-rg","status":"publish","type":"post","link":"https:\/\/noticiasemdestaque.com\/cd\/?p=26952","title":{"rendered":"Em Sum\u00e9: Casa da Cidadania volta a funcionar apenas para emiss\u00e3o de RG"},"content":{"rendered":"<p><a href=\"https:\/\/noticiasemdestaque.com\/cd\/wp-content\/uploads\/2020\/09\/identidadew.jpg\"><img fetchpriority=\"high\" decoding=\"async\" class=\"size-full wp-image-26953 aligncenter\" src=\"https:\/\/noticiasemdestaque.com\/cd\/wp-content\/uploads\/2020\/09\/identidadew.jpg\" alt=\"\" width=\"700\" height=\"393\" srcset=\"https:\/\/noticiasemdestaque.com\/cd\/wp-content\/uploads\/2020\/09\/identidadew.jpg 700w, https:\/\/noticiasemdestaque.com\/cd\/wp-content\/uploads\/2020\/09\/identidadew-300x168.jpg 300w\" sizes=\"(max-width: 700px) 100vw, 700px\" \/><\/a><\/p>\n<p style=\"font-weight: 400;\">Come\u00e7a na pr\u00f3xima ter\u00e7a-feira (22\/09), o atendimento na Casa da Cidadania que fica localizada no Shopping Sum\u00e9. Inicialmente esse retorno ser\u00e1 apenas para emiss\u00e3o de Registrado Geral (RG). Os demais servi\u00e7os continuam de forma home-off.<\/p>\n<p style=\"font-weight: 400;\">Os atendimentos estavam suspensos desde mar\u00e7o deste ano por causa da pandemia do novo coronav\u00edrus.<\/p>\n<p style=\"font-weight: 400;\"><strong>\u00a0<\/strong>A reabertura atende especialmente \u00e0 grande demanda de solicita\u00e7\u00e3o do RG, um dos servi\u00e7os priorit\u00e1rios nas Casas, embora o Instituto de Pol\u00edcia Cient\u00edfica (IPC), mesmo com a suspens\u00e3o do funcionamento destes espa\u00e7os, tenha continuado trabalhando e n\u00e3o deixou de atender \u00e0s situa\u00e7\u00f5es emergenciais da popula\u00e7\u00e3o, mas com o novo normal n\u00e3o est\u00e1 conseguindo suprir a necessidade daqueles que buscam o servi\u00e7o.<\/p>\n<p style=\"font-weight: 400;\">Para solicitar a emiss\u00e3o do RG, na Casa da Cidadania em Sum\u00e9, os interessados devem entrar em contato pelo 3353-2525 ou atrav\u00e9s do e-mail:\u00a0<a href=\"mailto:casadacidadaniasume@gmail.com\">casadacidadaniasume@gmail.com<\/a>.<\/p>\n<p style=\"font-weight: 400;\"><strong>Focando Para\u00edba<\/strong><\/p>\n","protected":false},"excerpt":{"rendered":"<p>Come\u00e7a na pr\u00f3xima ter\u00e7a-feira (22\/09), o atendimento na Casa da Cidadania que fica localizada no Shopping Sum\u00e9. Inicialmente esse retorno ser\u00e1 apenas para emiss\u00e3o de Registrado Geral (RG). Os demais servi\u00e7os continuam de forma home-off. Os atendimentos estavam suspensos desde mar\u00e7o deste ano por causa da pandemia do novo coronav\u00edrus. \u00a0A reabertura atende especialmente \u00e0 grande demanda de solicita\u00e7\u00e3o do RG, um dos servi\u00e7os priorit\u00e1rios nas Casas, embora o Instituto de Pol\u00edcia Cient\u00edfica (IPC), mesmo com a suspens\u00e3o do funcionamento destes espa\u00e7os, tenha continuado trabalhando e n\u00e3o deixou de atender \u00e0s situa\u00e7\u00f5es emergenciais da popula\u00e7\u00e3o, mas com o novo normal n\u00e3o est\u00e1 conseguindo suprir a necessidade daqueles que buscam o servi\u00e7o. Para solicitar a emiss\u00e3o do RG, na Casa da Cidadania em Sum\u00e9, os interessados devem entrar em contato pelo 3353-2525 ou atrav\u00e9s do e-mail:\u00a0casadacidadaniasume@gmail.com. Focando Para\u00edba<\/p>\n","protected":false},"author":2,"featured_media":26953,"comment_status":"closed","ping_status":"open","sticky":false,"template":"","format":"standard","meta":{"_eb_attr":"","_jetpack_memberships_contains_paid_content":false,"footnotes":""},"categories":[3],"tags":[],"class_list":["post-26952","post","type-post","status-publish","format-standard","has-post-thumbnail","hentry","category-cidades"],"yoast_head":"<!-- This site is optimized with the Yoast SEO plugin v26.5 - https:\/\/yoast.com\/wordpress\/plugins\/seo\/ -->\n<title>Em Sum\u00e9: Casa da Cidadania volta a funcionar apenas para emiss\u00e3o de RG - Not&iacute;cias em Destaque<\/title>\n<meta name=\"robots\" content=\"index, follow, max-snippet:-1, max-image-preview:large, max-video-preview:-1\" \/>\n<link rel=\"canonical\" href=\"https:\/\/noticiasemdestaque.com\/cd\/?p=26952\" \/>\n<meta property=\"og:locale\" content=\"pt_BR\" \/>\n<meta property=\"og:type\" content=\"article\" \/>\n<meta property=\"og:title\" content=\"Em Sum\u00e9: Casa da Cidadania volta a funcionar apenas para emiss\u00e3o de RG - Not&iacute;cias em Destaque\" \/>\n<meta property=\"og:description\" content=\"Come\u00e7a na pr\u00f3xima ter\u00e7a-feira (22\/09), o atendimento na Casa da Cidadania que fica localizada no Shopping Sum\u00e9. Inicialmente esse retorno ser\u00e1 apenas para emiss\u00e3o de Registrado Geral (RG). Os demais servi\u00e7os continuam de forma home-off. Os atendimentos estavam suspensos desde mar\u00e7o deste ano por causa da pandemia do novo coronav\u00edrus. \u00a0A reabertura atende especialmente \u00e0 grande demanda de solicita\u00e7\u00e3o do RG, um dos servi\u00e7os priorit\u00e1rios nas Casas, embora o Instituto de Pol\u00edcia Cient\u00edfica (IPC), mesmo com a suspens\u00e3o do funcionamento destes espa\u00e7os, tenha continuado trabalhando e n\u00e3o deixou de atender \u00e0s situa\u00e7\u00f5es emergenciais da popula\u00e7\u00e3o, mas com o novo normal n\u00e3o est\u00e1 conseguindo suprir a necessidade daqueles que buscam o servi\u00e7o. Para solicitar a emiss\u00e3o do RG, na Casa da Cidadania em Sum\u00e9, os interessados devem entrar em contato pelo 3353-2525 ou atrav\u00e9s do e-mail:\u00a0casadacidadaniasume@gmail.com. Focando Para\u00edba\" \/>\n<meta property=\"og:url\" content=\"https:\/\/noticiasemdestaque.com\/cd\/?p=26952\" \/>\n<meta property=\"og:site_name\" content=\"Not&iacute;cias em Destaque\" \/>\n<meta property=\"article:published_time\" content=\"2020-09-19T13:41:32+00:00\" \/>\n<meta property=\"og:image\" content=\"https:\/\/noticiasemdestaque.com\/cd\/wp-content\/uploads\/2020\/09\/identidadew.jpg\" \/>\n\t<meta property=\"og:image:width\" content=\"700\" \/>\n\t<meta property=\"og:image:height\" content=\"393\" \/>\n\t<meta property=\"og:image:type\" content=\"image\/jpeg\" \/>\n<meta name=\"author\" content=\"Not\u00edcias em Destaque\" \/>\n<meta name=\"twitter:card\" content=\"summary_large_image\" \/>\n<meta name=\"twitter:label1\" content=\"Escrito por\" \/>\n\t<meta name=\"twitter:data1\" content=\"Not\u00edcias em Destaque\" \/>\n\t<meta name=\"twitter:label2\" content=\"Est. tempo de leitura\" \/>\n\t<meta name=\"twitter:data2\" content=\"1 minuto\" \/>\n<script type=\"application\/ld+json\" class=\"yoast-schema-graph\">{\"@context\":\"https:\/\/schema.org\",\"@graph\":[{\"@type\":\"Article\",\"@id\":\"https:\/\/noticiasemdestaque.com\/cd\/?p=26952#article\",\"isPartOf\":{\"@id\":\"https:\/\/noticiasemdestaque.com\/cd\/?p=26952\"},\"author\":{\"name\":\"Not\u00edcias em Destaque\",\"@id\":\"https:\/\/noticiasemdestaque.com\/cd\/#\/schema\/person\/967a459378479d4fa07976fedd8a7b5e\"},\"headline\":\"Em Sum\u00e9: Casa da Cidadania volta a funcionar apenas para emiss\u00e3o de RG\",\"datePublished\":\"2020-09-19T13:41:32+00:00\",\"mainEntityOfPage\":{\"@id\":\"https:\/\/noticiasemdestaque.com\/cd\/?p=26952\"},\"wordCount\":174,\"publisher\":{\"@id\":\"https:\/\/noticiasemdestaque.com\/cd\/#organization\"},\"image\":{\"@id\":\"https:\/\/noticiasemdestaque.com\/cd\/?p=26952#primaryimage\"},\"thumbnailUrl\":\"https:\/\/noticiasemdestaque.com\/cd\/wp-content\/uploads\/2020\/09\/identidadew.jpg\",\"articleSection\":[\"Cidades\"],\"inLanguage\":\"pt-BR\"},{\"@type\":\"WebPage\",\"@id\":\"https:\/\/noticiasemdestaque.com\/cd\/?p=26952\",\"url\":\"https:\/\/noticiasemdestaque.com\/cd\/?p=26952\",\"name\":\"Em Sum\u00e9: Casa da Cidadania volta a funcionar apenas para emiss\u00e3o de RG - Not&iacute;cias em Destaque\",\"isPartOf\":{\"@id\":\"https:\/\/noticiasemdestaque.com\/cd\/#website\"},\"primaryImageOfPage\":{\"@id\":\"https:\/\/noticiasemdestaque.com\/cd\/?p=26952#primaryimage\"},\"image\":{\"@id\":\"https:\/\/noticiasemdestaque.com\/cd\/?p=26952#primaryimage\"},\"thumbnailUrl\":\"https:\/\/noticiasemdestaque.com\/cd\/wp-content\/uploads\/2020\/09\/identidadew.jpg\",\"datePublished\":\"2020-09-19T13:41:32+00:00\",\"breadcrumb\":{\"@id\":\"https:\/\/noticiasemdestaque.com\/cd\/?p=26952#breadcrumb\"},\"inLanguage\":\"pt-BR\",\"potentialAction\":[{\"@type\":\"ReadAction\",\"target\":[\"https:\/\/noticiasemdestaque.com\/cd\/?p=26952\"]}]},{\"@type\":\"ImageObject\",\"inLanguage\":\"pt-BR\",\"@id\":\"https:\/\/noticiasemdestaque.com\/cd\/?p=26952#primaryimage\",\"url\":\"https:\/\/noticiasemdestaque.com\/cd\/wp-content\/uploads\/2020\/09\/identidadew.jpg\",\"contentUrl\":\"https:\/\/noticiasemdestaque.com\/cd\/wp-content\/uploads\/2020\/09\/identidadew.jpg\",\"width\":700,\"height\":393},{\"@type\":\"BreadcrumbList\",\"@id\":\"https:\/\/noticiasemdestaque.com\/cd\/?p=26952#breadcrumb\",\"itemListElement\":[{\"@type\":\"ListItem\",\"position\":1,\"name\":\"In\u00edcio\",\"item\":\"https:\/\/noticiasemdestaque.com\/cd\/\"},{\"@type\":\"ListItem\",\"position\":2,\"name\":\"Em Sum\u00e9: Casa da Cidadania volta a funcionar apenas para emiss\u00e3o de RG\"}]},{\"@type\":\"WebSite\",\"@id\":\"https:\/\/noticiasemdestaque.com\/cd\/#website\",\"url\":\"https:\/\/noticiasemdestaque.com\/cd\/\",\"name\":\"Not&iacute;cias em Destaque\",\"description\":\"\",\"publisher\":{\"@id\":\"https:\/\/noticiasemdestaque.com\/cd\/#organization\"},\"potentialAction\":[{\"@type\":\"SearchAction\",\"target\":{\"@type\":\"EntryPoint\",\"urlTemplate\":\"https:\/\/noticiasemdestaque.com\/cd\/?s={search_term_string}\"},\"query-input\":{\"@type\":\"PropertyValueSpecification\",\"valueRequired\":true,\"valueName\":\"search_term_string\"}}],\"inLanguage\":\"pt-BR\"},{\"@type\":\"Organization\",\"@id\":\"https:\/\/noticiasemdestaque.com\/cd\/#organization\",\"name\":\"Not\u00edcias em Destaque\",\"url\":\"https:\/\/noticiasemdestaque.com\/cd\/\",\"logo\":{\"@type\":\"ImageObject\",\"inLanguage\":\"pt-BR\",\"@id\":\"https:\/\/noticiasemdestaque.com\/cd\/#\/schema\/logo\/image\/\",\"url\":\"https:\/\/noticiasemdestaque.com\/cd\/wp-content\/uploads\/2022\/05\/imagem-base-noticiasemdestaque.png\",\"contentUrl\":\"https:\/\/noticiasemdestaque.com\/cd\/wp-content\/uploads\/2022\/05\/imagem-base-noticiasemdestaque.png\",\"width\":1200,\"height\":630,\"caption\":\"Not\u00edcias em Destaque\"},\"image\":{\"@id\":\"https:\/\/noticiasemdestaque.com\/cd\/#\/schema\/logo\/image\/\"}},{\"@type\":\"Person\",\"@id\":\"https:\/\/noticiasemdestaque.com\/cd\/#\/schema\/person\/967a459378479d4fa07976fedd8a7b5e\",\"name\":\"Not\u00edcias em Destaque\",\"url\":\"https:\/\/noticiasemdestaque.com\/cd\/?author=2\"}]}<\/script>\n<!-- \/ Yoast SEO plugin. -->","yoast_head_json":{"title":"Em Sum\u00e9: Casa da Cidadania volta a funcionar apenas para emiss\u00e3o de RG - Not&iacute;cias em Destaque","robots":{"index":"index","follow":"follow","max-snippet":"max-snippet:-1","max-image-preview":"max-image-preview:large","max-video-preview":"max-video-preview:-1"},"canonical":"https:\/\/noticiasemdestaque.com\/cd\/?p=26952","og_locale":"pt_BR","og_type":"article","og_title":"Em Sum\u00e9: Casa da Cidadania volta a funcionar apenas para emiss\u00e3o de RG - Not&iacute;cias em Destaque","og_description":"Come\u00e7a na pr\u00f3xima ter\u00e7a-feira (22\/09), o atendimento na Casa da Cidadania que fica localizada no Shopping Sum\u00e9. Inicialmente esse retorno ser\u00e1 apenas para emiss\u00e3o de Registrado Geral (RG). Os demais servi\u00e7os continuam de forma home-off. Os atendimentos estavam suspensos desde mar\u00e7o deste ano por causa da pandemia do novo coronav\u00edrus. \u00a0A reabertura atende especialmente \u00e0 grande demanda de solicita\u00e7\u00e3o do RG, um dos servi\u00e7os priorit\u00e1rios nas Casas, embora o Instituto de Pol\u00edcia Cient\u00edfica (IPC), mesmo com a suspens\u00e3o do funcionamento destes espa\u00e7os, tenha continuado trabalhando e n\u00e3o deixou de atender \u00e0s situa\u00e7\u00f5es emergenciais da popula\u00e7\u00e3o, mas com o novo normal n\u00e3o est\u00e1 conseguindo suprir a necessidade daqueles que buscam o servi\u00e7o. Para solicitar a emiss\u00e3o do RG, na Casa da Cidadania em Sum\u00e9, os interessados devem entrar em contato pelo 3353-2525 ou atrav\u00e9s do e-mail:\u00a0casadacidadaniasume@gmail.com. Focando Para\u00edba","og_url":"https:\/\/noticiasemdestaque.com\/cd\/?p=26952","og_site_name":"Not&iacute;cias em Destaque","article_published_time":"2020-09-19T13:41:32+00:00","og_image":[{"width":700,"height":393,"url":"https:\/\/noticiasemdestaque.com\/cd\/wp-content\/uploads\/2020\/09\/identidadew.jpg","type":"image\/jpeg"}],"author":"Not\u00edcias em Destaque","twitter_card":"summary_large_image","twitter_misc":{"Escrito por":"Not\u00edcias em Destaque","Est. tempo de leitura":"1 minuto"},"schema":{"@context":"https:\/\/schema.org","@graph":[{"@type":"Article","@id":"https:\/\/noticiasemdestaque.com\/cd\/?p=26952#article","isPartOf":{"@id":"https:\/\/noticiasemdestaque.com\/cd\/?p=26952"},"author":{"name":"Not\u00edcias em Destaque","@id":"https:\/\/noticiasemdestaque.com\/cd\/#\/schema\/person\/967a459378479d4fa07976fedd8a7b5e"},"headline":"Em Sum\u00e9: Casa da Cidadania volta a funcionar apenas para emiss\u00e3o de RG","datePublished":"2020-09-19T13:41:32+00:00","mainEntityOfPage":{"@id":"https:\/\/noticiasemdestaque.com\/cd\/?p=26952"},"wordCount":174,"publisher":{"@id":"https:\/\/noticiasemdestaque.com\/cd\/#organization"},"image":{"@id":"https:\/\/noticiasemdestaque.com\/cd\/?p=26952#primaryimage"},"thumbnailUrl":"https:\/\/noticiasemdestaque.com\/cd\/wp-content\/uploads\/2020\/09\/identidadew.jpg","articleSection":["Cidades"],"inLanguage":"pt-BR"},{"@type":"WebPage","@id":"https:\/\/noticiasemdestaque.com\/cd\/?p=26952","url":"https:\/\/noticiasemdestaque.com\/cd\/?p=26952","name":"Em Sum\u00e9: Casa da Cidadania volta a funcionar apenas para emiss\u00e3o de RG - Not&iacute;cias em Destaque","isPartOf":{"@id":"https:\/\/noticiasemdestaque.com\/cd\/#website"},"primaryImageOfPage":{"@id":"https:\/\/noticiasemdestaque.com\/cd\/?p=26952#primaryimage"},"image":{"@id":"https:\/\/noticiasemdestaque.com\/cd\/?p=26952#primaryimage"},"thumbnailUrl":"https:\/\/noticiasemdestaque.com\/cd\/wp-content\/uploads\/2020\/09\/identidadew.jpg","datePublished":"2020-09-19T13:41:32+00:00","breadcrumb":{"@id":"https:\/\/noticiasemdestaque.com\/cd\/?p=26952#breadcrumb"},"inLanguage":"pt-BR","potentialAction":[{"@type":"ReadAction","target":["https:\/\/noticiasemdestaque.com\/cd\/?p=26952"]}]},{"@type":"ImageObject","inLanguage":"pt-BR","@id":"https:\/\/noticiasemdestaque.com\/cd\/?p=26952#primaryimage","url":"https:\/\/noticiasemdestaque.com\/cd\/wp-content\/uploads\/2020\/09\/identidadew.jpg","contentUrl":"https:\/\/noticiasemdestaque.com\/cd\/wp-content\/uploads\/2020\/09\/identidadew.jpg","width":700,"height":393},{"@type":"BreadcrumbList","@id":"https:\/\/noticiasemdestaque.com\/cd\/?p=26952#breadcrumb","itemListElement":[{"@type":"ListItem","position":1,"name":"In\u00edcio","item":"https:\/\/noticiasemdestaque.com\/cd\/"},{"@type":"ListItem","position":2,"name":"Em Sum\u00e9: Casa da Cidadania volta a funcionar apenas para emiss\u00e3o de RG"}]},{"@type":"WebSite","@id":"https:\/\/noticiasemdestaque.com\/cd\/#website","url":"https:\/\/noticiasemdestaque.com\/cd\/","name":"Not&iacute;cias em Destaque","description":"","publisher":{"@id":"https:\/\/noticiasemdestaque.com\/cd\/#organization"},"potentialAction":[{"@type":"SearchAction","target":{"@type":"EntryPoint","urlTemplate":"https:\/\/noticiasemdestaque.com\/cd\/?s={search_term_string}"},"query-input":{"@type":"PropertyValueSpecification","valueRequired":true,"valueName":"search_term_string"}}],"inLanguage":"pt-BR"},{"@type":"Organization","@id":"https:\/\/noticiasemdestaque.com\/cd\/#organization","name":"Not\u00edcias em Destaque","url":"https:\/\/noticiasemdestaque.com\/cd\/","logo":{"@type":"ImageObject","inLanguage":"pt-BR","@id":"https:\/\/noticiasemdestaque.com\/cd\/#\/schema\/logo\/image\/","url":"https:\/\/noticiasemdestaque.com\/cd\/wp-content\/uploads\/2022\/05\/imagem-base-noticiasemdestaque.png","contentUrl":"https:\/\/noticiasemdestaque.com\/cd\/wp-content\/uploads\/2022\/05\/imagem-base-noticiasemdestaque.png","width":1200,"height":630,"caption":"Not\u00edcias em Destaque"},"image":{"@id":"https:\/\/noticiasemdestaque.com\/cd\/#\/schema\/logo\/image\/"}},{"@type":"Person","@id":"https:\/\/noticiasemdestaque.com\/cd\/#\/schema\/person\/967a459378479d4fa07976fedd8a7b5e","name":"Not\u00edcias em Destaque","url":"https:\/\/noticiasemdestaque.com\/cd\/?author=2"}]}},"jetpack_featured_media_url":"https:\/\/noticiasemdestaque.com\/cd\/wp-content\/uploads\/2020\/09\/identidadew.jpg","jetpack_sharing_enabled":true,"_links":{"self":[{"href":"https:\/\/noticiasemdestaque.com\/cd\/index.php?rest_route=\/wp\/v2\/posts\/26952","targetHints":{"allow":["GET"]}}],"collection":[{"href":"https:\/\/noticiasemdestaque.com\/cd\/index.php?rest_route=\/wp\/v2\/posts"}],"about":[{"href":"https:\/\/noticiasemdestaque.com\/cd\/index.php?rest_route=\/wp\/v2\/types\/post"}],"author":[{"embeddable":true,"href":"https:\/\/noticiasemdestaque.com\/cd\/index.php?rest_route=\/wp\/v2\/users\/2"}],"replies":[{"embeddable":true,"href":"https:\/\/noticiasemdestaque.com\/cd\/index.php?rest_route=%2Fwp%2Fv2%2Fcomments&post=26952"}],"version-history":[{"count":1,"href":"https:\/\/noticiasemdestaque.com\/cd\/index.php?rest_route=\/wp\/v2\/posts\/26952\/revisions"}],"predecessor-version":[{"id":26954,"href":"https:\/\/noticiasemdestaque.com\/cd\/index.php?rest_route=\/wp\/v2\/posts\/26952\/revisions\/26954"}],"wp:featuredmedia":[{"embeddable":true,"href":"https:\/\/noticiasemdestaque.com\/cd\/index.php?rest_route=\/wp\/v2\/media\/26953"}],"wp:attachment":[{"href":"https:\/\/noticiasemdestaque.com\/cd\/index.php?rest_route=%2Fwp%2Fv2%2Fmedia&parent=26952"}],"wp:term":[{"taxonomy":"category","embeddable":true,"href":"https:\/\/noticiasemdestaque.com\/cd\/index.php?rest_route=%2Fwp%2Fv2%2Fcategories&post=26952"},{"taxonomy":"post_tag","embeddable":true,"href":"https:\/\/noticiasemdestaque.com\/cd\/index.php?rest_route=%2Fwp%2Fv2%2Ftags&post=26952"}],"curies":[{"name":"wp","href":"https:\/\/api.w.org\/{rel}","templated":true}]}}