{"id":26943,"date":"2020-09-18T18:30:50","date_gmt":"2020-09-18T21:30:50","guid":{"rendered":"http:\/\/noticiasemdestaque.com\/cd\/?p=26943"},"modified":"2020-09-18T19:26:00","modified_gmt":"2020-09-18T22:26:00","slug":"municipio-de-sume-liderou-ranking-de-empregos-na-regiao-do-cariri-segundo-dados-do-ministerio-da-economia","status":"publish","type":"post","link":"https:\/\/noticiasemdestaque.com\/cd\/?p=26943","title":{"rendered":"Munic\u00edpio de Sum\u00e9 liderou ranking de empregos na regi\u00e3o do Cariri, segundo dados do Minist\u00e9rio da Economia"},"content":{"rendered":"<p><a href=\"https:\/\/noticiasemdestaque.com\/cd\/wp-content\/uploads\/2017\/12\/concurso-sum\u00e9.jpg\"><img fetchpriority=\"high\" decoding=\"async\" class=\"size-full wp-image-6596 aligncenter\" src=\"https:\/\/noticiasemdestaque.com\/cd\/wp-content\/uploads\/2017\/12\/concurso-sum\u00e9.jpg\" alt=\"\" width=\"480\" height=\"360\" srcset=\"https:\/\/noticiasemdestaque.com\/cd\/wp-content\/uploads\/2017\/12\/concurso-sum\u00e9.jpg 480w, https:\/\/noticiasemdestaque.com\/cd\/wp-content\/uploads\/2017\/12\/concurso-sum\u00e9-300x225.jpg 300w, https:\/\/noticiasemdestaque.com\/cd\/wp-content\/uploads\/2017\/12\/concurso-sum\u00e9-200x150.jpg 200w\" sizes=\"(max-width: 480px) 100vw, 480px\" \/><\/a><\/p>\n<p>O munic\u00edpio de Sum\u00e9 foi o que obteve o maior saldo positivo na gera\u00e7\u00e3o de empregos com carteira assinada nas regi\u00f5es do Cariri Oriental e Ocidental no ano de 2019. Os dados foram do CAGED (Cadastro Geral de Empregados e Desempregados), departamento do Governo Federal ligado ao Minist\u00e9rio da Economia. Ao longo do ano passado em Sum\u00e9 foram 221 pessoas admitidas com carteira assinada e 142 demitidas, gerando um saldo positivo de 79 empregos.<\/p>\n<p>As atividades econ\u00f4micas que mais geraram empregos com carteira assinada no munic\u00edpio de Sum\u00e9 foram Servi\u00e7os e Com\u00e9rcio respectivamente, o primeiro gerou um saldo positivo de 53 empregos com carteira assinada e o segundo 17 empregos, cabe destacar que dentro do setor de servi\u00e7os as atividades de alimenta\u00e7\u00e3o, alojamento e manuten\u00e7\u00e3o em geral geraram 27 empregos e a atividade de ensino 19 vagas.<\/p>\n<p>Em 2019, no Cariri Paraibano, foram admitidas 1.370 pessoas com carteira assinada, e foram demitidas 1.258, gerando um saldo positivo de 112 empregos com carteira assinadas, o estoque de empregos com carteira assinada para at\u00e9 o dia 31 de dezembro de 2019 foi de 6.731 pessoas. Os setores que mais geraram empregos no Cariri foram de Servi\u00e7os, saldo de 139 admiss\u00f5es e com\u00e9rcio com 76 admiss\u00f5es. A maior perda dos empregos foi na ind\u00fastria com um saldo de 45 demiss\u00f5es.<\/p>\n<p><strong>Empregos por regi\u00e3o (Cariri Oriental e Ocidental) <\/strong><\/p>\n<p>O Cariri Oriental possu\u00eda um estoque de 1.520 empregos com carteira assinada at\u00e9 31 de dezembro de 2019, e fechou o ano passado com um saldo de 86 empregos. Nessa regi\u00e3o o munic\u00edpio de S\u00e3o Jo\u00e3o do Cariri foi quem fechou com o maior saldo positivo 76, seguido de Boqueir\u00e3o que possu\u00ed o maior estoque de empregos com 796 carteiras assinadas, quem fechou com o maior <em>defict <\/em>foi Caturit\u00e9 com \u2013 82 e Cabaceiras (-10).<\/p>\n<p>A Microrregi\u00e3o do Cariri Ocidental tamb\u00e9m fechou o ano de 2019 com saldo positivo na gera\u00e7\u00e3o empregos com carteira assinada, neste per\u00edodo foram admitidas 726 pessoas e demitidas 676, gerando um saldo positivo de 50 empregos com carteira assinadas, o estoque de empregos com carteiras assinadas em 31\/12\/2019 era de 3.490, sendo que o Munic\u00edpio com maior estoque foi Monteiro com 1.442, seguido de Sum\u00e9 com 662. Nessa regi\u00e3o Monteiro e Serra Branca tiveram os maiores saldos negativos de empregos.<\/p>\n<p><a href=\"https:\/\/noticiasemdestaque.com\/cd\/wp-content\/uploads\/2020\/09\/DADOS.png\"><img decoding=\"async\" class=\"alignnone size-full wp-image-26946\" src=\"https:\/\/noticiasemdestaque.com\/cd\/wp-content\/uploads\/2020\/09\/DADOS.png\" alt=\"\" width=\"611\" height=\"727\" srcset=\"https:\/\/noticiasemdestaque.com\/cd\/wp-content\/uploads\/2020\/09\/DADOS.png 611w, https:\/\/noticiasemdestaque.com\/cd\/wp-content\/uploads\/2020\/09\/DADOS-252x300.png 252w\" sizes=\"(max-width: 611px) 100vw, 611px\" \/><\/a><\/p>\n<p><em><strong>Not\u00edcias em Destaque<\/strong><\/em><\/p>\n","protected":false},"excerpt":{"rendered":"<p>O munic\u00edpio de Sum\u00e9 foi o que obteve o maior saldo positivo na gera\u00e7\u00e3o de empregos com carteira assinada nas regi\u00f5es do Cariri Oriental e Ocidental no ano de 2019. Os dados foram do CAGED (Cadastro Geral de Empregados e Desempregados), departamento do Governo Federal ligado ao Minist\u00e9rio da Economia. Ao longo do ano passado em Sum\u00e9 foram 221 pessoas admitidas com carteira assinada e 142 demitidas, gerando um saldo positivo de 79 empregos. As atividades econ\u00f4micas que mais geraram empregos com carteira assinada no munic\u00edpio de Sum\u00e9 foram Servi\u00e7os e Com\u00e9rcio respectivamente, o primeiro gerou um saldo positivo de 53 empregos com carteira assinada e o segundo 17 empregos, cabe destacar que dentro do setor de servi\u00e7os as atividades de alimenta\u00e7\u00e3o, alojamento e manuten\u00e7\u00e3o em geral geraram 27 empregos e a atividade de ensino 19 vagas. Em 2019, no Cariri Paraibano, foram admitidas 1.370 pessoas com carteira assinada, e foram demitidas 1.258, gerando um saldo positivo de 112 empregos com carteira assinadas, o estoque de empregos com carteira assinada para at\u00e9 o dia 31 de dezembro de 2019 foi de 6.731 pessoas. Os setores que mais geraram empregos no Cariri foram de Servi\u00e7os, saldo de 139 admiss\u00f5es e com\u00e9rcio com 76 admiss\u00f5es. A maior perda dos empregos foi na ind\u00fastria com um saldo de 45 demiss\u00f5es. Empregos por regi\u00e3o (Cariri Oriental e Ocidental) O Cariri Oriental possu\u00eda um estoque de 1.520 empregos com carteira assinada at\u00e9 31 de dezembro de 2019, e fechou o ano passado com um saldo de 86 empregos. Nessa regi\u00e3o o munic\u00edpio de S\u00e3o Jo\u00e3o do Cariri foi quem fechou com o maior saldo positivo 76, seguido de Boqueir\u00e3o que possu\u00ed o maior estoque de empregos com 796 carteiras assinadas, quem fechou com o maior defict foi Caturit\u00e9 com \u2013 82 e Cabaceiras (-10). A Microrregi\u00e3o do Cariri Ocidental tamb\u00e9m fechou o ano de 2019 com saldo positivo na gera\u00e7\u00e3o empregos com carteira assinada, neste per\u00edodo foram admitidas 726 pessoas e demitidas 676, gerando um saldo positivo de 50 empregos com carteira assinadas, o estoque de empregos com carteiras assinadas em 31\/12\/2019 era de 3.490, sendo que o Munic\u00edpio com maior estoque foi Monteiro com 1.442, seguido de Sum\u00e9 com 662. Nessa regi\u00e3o Monteiro e Serra Branca tiveram os maiores saldos negativos de empregos. Not\u00edcias em Destaque<\/p>\n","protected":false},"author":2,"featured_media":6596,"comment_status":"closed","ping_status":"open","sticky":false,"template":"","format":"standard","meta":{"_eb_attr":"","_jetpack_memberships_contains_paid_content":false,"footnotes":""},"categories":[12],"tags":[],"class_list":["post-26943","post","type-post","status-publish","format-standard","has-post-thumbnail","hentry","category-geral"],"yoast_head":"<!-- This site is optimized with the Yoast SEO plugin v26.5 - https:\/\/yoast.com\/wordpress\/plugins\/seo\/ -->\n<title>Munic\u00edpio de Sum\u00e9 liderou ranking de empregos na regi\u00e3o do Cariri, segundo dados do Minist\u00e9rio da Economia - Not&iacute;cias em Destaque<\/title>\n<meta name=\"robots\" content=\"index, follow, max-snippet:-1, max-image-preview:large, max-video-preview:-1\" \/>\n<link rel=\"canonical\" href=\"https:\/\/noticiasemdestaque.com\/cd\/?p=26943\" \/>\n<meta property=\"og:locale\" content=\"pt_BR\" \/>\n<meta property=\"og:type\" content=\"article\" \/>\n<meta property=\"og:title\" content=\"Munic\u00edpio de Sum\u00e9 liderou ranking de empregos na regi\u00e3o do Cariri, segundo dados do Minist\u00e9rio da Economia - Not&iacute;cias em Destaque\" \/>\n<meta property=\"og:description\" content=\"O munic\u00edpio de Sum\u00e9 foi o que obteve o maior saldo positivo na gera\u00e7\u00e3o de empregos com carteira assinada nas regi\u00f5es do Cariri Oriental e Ocidental no ano de 2019. Os dados foram do CAGED (Cadastro Geral de Empregados e Desempregados), departamento do Governo Federal ligado ao Minist\u00e9rio da Economia. Ao longo do ano passado em Sum\u00e9 foram 221 pessoas admitidas com carteira assinada e 142 demitidas, gerando um saldo positivo de 79 empregos. As atividades econ\u00f4micas que mais geraram empregos com carteira assinada no munic\u00edpio de Sum\u00e9 foram Servi\u00e7os e Com\u00e9rcio respectivamente, o primeiro gerou um saldo positivo de 53 empregos com carteira assinada e o segundo 17 empregos, cabe destacar que dentro do setor de servi\u00e7os as atividades de alimenta\u00e7\u00e3o, alojamento e manuten\u00e7\u00e3o em geral geraram 27 empregos e a atividade de ensino 19 vagas. Em 2019, no Cariri Paraibano, foram admitidas 1.370 pessoas com carteira assinada, e foram demitidas 1.258, gerando um saldo positivo de 112 empregos com carteira assinadas, o estoque de empregos com carteira assinada para at\u00e9 o dia 31 de dezembro de 2019 foi de 6.731 pessoas. Os setores que mais geraram empregos no Cariri foram de Servi\u00e7os, saldo de 139 admiss\u00f5es e com\u00e9rcio com 76 admiss\u00f5es. A maior perda dos empregos foi na ind\u00fastria com um saldo de 45 demiss\u00f5es. Empregos por regi\u00e3o (Cariri Oriental e Ocidental) O Cariri Oriental possu\u00eda um estoque de 1.520 empregos com carteira assinada at\u00e9 31 de dezembro de 2019, e fechou o ano passado com um saldo de 86 empregos. Nessa regi\u00e3o o munic\u00edpio de S\u00e3o Jo\u00e3o do Cariri foi quem fechou com o maior saldo positivo 76, seguido de Boqueir\u00e3o que possu\u00ed o maior estoque de empregos com 796 carteiras assinadas, quem fechou com o maior defict foi Caturit\u00e9 com \u2013 82 e Cabaceiras (-10). A Microrregi\u00e3o do Cariri Ocidental tamb\u00e9m fechou o ano de 2019 com saldo positivo na gera\u00e7\u00e3o empregos com carteira assinada, neste per\u00edodo foram admitidas 726 pessoas e demitidas 676, gerando um saldo positivo de 50 empregos com carteira assinadas, o estoque de empregos com carteiras assinadas em 31\/12\/2019 era de 3.490, sendo que o Munic\u00edpio com maior estoque foi Monteiro com 1.442, seguido de Sum\u00e9 com 662. Nessa regi\u00e3o Monteiro e Serra Branca tiveram os maiores saldos negativos de empregos. Not\u00edcias em Destaque\" \/>\n<meta property=\"og:url\" content=\"https:\/\/noticiasemdestaque.com\/cd\/?p=26943\" \/>\n<meta property=\"og:site_name\" content=\"Not&iacute;cias em Destaque\" \/>\n<meta property=\"article:published_time\" content=\"2020-09-18T21:30:50+00:00\" \/>\n<meta property=\"article:modified_time\" content=\"2020-09-18T22:26:00+00:00\" \/>\n<meta property=\"og:image\" content=\"https:\/\/noticiasemdestaque.com\/cd\/wp-content\/uploads\/2017\/12\/concurso-sum\u00e9.jpg\" \/>\n\t<meta property=\"og:image:width\" content=\"480\" \/>\n\t<meta property=\"og:image:height\" content=\"360\" \/>\n\t<meta property=\"og:image:type\" content=\"image\/jpeg\" \/>\n<meta name=\"author\" content=\"Not\u00edcias em Destaque\" \/>\n<meta name=\"twitter:card\" content=\"summary_large_image\" \/>\n<meta name=\"twitter:label1\" content=\"Escrito por\" \/>\n\t<meta name=\"twitter:data1\" content=\"Not\u00edcias em Destaque\" \/>\n\t<meta name=\"twitter:label2\" content=\"Est. tempo de leitura\" \/>\n\t<meta name=\"twitter:data2\" content=\"2 minutos\" \/>\n<script type=\"application\/ld+json\" class=\"yoast-schema-graph\">{\"@context\":\"https:\/\/schema.org\",\"@graph\":[{\"@type\":\"Article\",\"@id\":\"https:\/\/noticiasemdestaque.com\/cd\/?p=26943#article\",\"isPartOf\":{\"@id\":\"https:\/\/noticiasemdestaque.com\/cd\/?p=26943\"},\"author\":{\"name\":\"Not\u00edcias em Destaque\",\"@id\":\"https:\/\/noticiasemdestaque.com\/cd\/#\/schema\/person\/967a459378479d4fa07976fedd8a7b5e\"},\"headline\":\"Munic\u00edpio de Sum\u00e9 liderou ranking de empregos na regi\u00e3o do Cariri, segundo dados do Minist\u00e9rio da Economia\",\"datePublished\":\"2020-09-18T21:30:50+00:00\",\"dateModified\":\"2020-09-18T22:26:00+00:00\",\"mainEntityOfPage\":{\"@id\":\"https:\/\/noticiasemdestaque.com\/cd\/?p=26943\"},\"wordCount\":399,\"publisher\":{\"@id\":\"https:\/\/noticiasemdestaque.com\/cd\/#organization\"},\"image\":{\"@id\":\"https:\/\/noticiasemdestaque.com\/cd\/?p=26943#primaryimage\"},\"thumbnailUrl\":\"https:\/\/noticiasemdestaque.com\/cd\/wp-content\/uploads\/2017\/12\/concurso-sum\u00e9.jpg\",\"articleSection\":[\"Geral\"],\"inLanguage\":\"pt-BR\"},{\"@type\":\"WebPage\",\"@id\":\"https:\/\/noticiasemdestaque.com\/cd\/?p=26943\",\"url\":\"https:\/\/noticiasemdestaque.com\/cd\/?p=26943\",\"name\":\"Munic\u00edpio de Sum\u00e9 liderou ranking de empregos na regi\u00e3o do Cariri, segundo dados do Minist\u00e9rio da Economia - Not&iacute;cias em Destaque\",\"isPartOf\":{\"@id\":\"https:\/\/noticiasemdestaque.com\/cd\/#website\"},\"primaryImageOfPage\":{\"@id\":\"https:\/\/noticiasemdestaque.com\/cd\/?p=26943#primaryimage\"},\"image\":{\"@id\":\"https:\/\/noticiasemdestaque.com\/cd\/?p=26943#primaryimage\"},\"thumbnailUrl\":\"https:\/\/noticiasemdestaque.com\/cd\/wp-content\/uploads\/2017\/12\/concurso-sum\u00e9.jpg\",\"datePublished\":\"2020-09-18T21:30:50+00:00\",\"dateModified\":\"2020-09-18T22:26:00+00:00\",\"breadcrumb\":{\"@id\":\"https:\/\/noticiasemdestaque.com\/cd\/?p=26943#breadcrumb\"},\"inLanguage\":\"pt-BR\",\"potentialAction\":[{\"@type\":\"ReadAction\",\"target\":[\"https:\/\/noticiasemdestaque.com\/cd\/?p=26943\"]}]},{\"@type\":\"ImageObject\",\"inLanguage\":\"pt-BR\",\"@id\":\"https:\/\/noticiasemdestaque.com\/cd\/?p=26943#primaryimage\",\"url\":\"https:\/\/noticiasemdestaque.com\/cd\/wp-content\/uploads\/2017\/12\/concurso-sum\u00e9.jpg\",\"contentUrl\":\"https:\/\/noticiasemdestaque.com\/cd\/wp-content\/uploads\/2017\/12\/concurso-sum\u00e9.jpg\",\"width\":480,\"height\":360},{\"@type\":\"BreadcrumbList\",\"@id\":\"https:\/\/noticiasemdestaque.com\/cd\/?p=26943#breadcrumb\",\"itemListElement\":[{\"@type\":\"ListItem\",\"position\":1,\"name\":\"In\u00edcio\",\"item\":\"https:\/\/noticiasemdestaque.com\/cd\/\"},{\"@type\":\"ListItem\",\"position\":2,\"name\":\"Munic\u00edpio de Sum\u00e9 liderou ranking de empregos na regi\u00e3o do Cariri, segundo dados do Minist\u00e9rio da Economia\"}]},{\"@type\":\"WebSite\",\"@id\":\"https:\/\/noticiasemdestaque.com\/cd\/#website\",\"url\":\"https:\/\/noticiasemdestaque.com\/cd\/\",\"name\":\"Not&iacute;cias em Destaque\",\"description\":\"\",\"publisher\":{\"@id\":\"https:\/\/noticiasemdestaque.com\/cd\/#organization\"},\"potentialAction\":[{\"@type\":\"SearchAction\",\"target\":{\"@type\":\"EntryPoint\",\"urlTemplate\":\"https:\/\/noticiasemdestaque.com\/cd\/?s={search_term_string}\"},\"query-input\":{\"@type\":\"PropertyValueSpecification\",\"valueRequired\":true,\"valueName\":\"search_term_string\"}}],\"inLanguage\":\"pt-BR\"},{\"@type\":\"Organization\",\"@id\":\"https:\/\/noticiasemdestaque.com\/cd\/#organization\",\"name\":\"Not\u00edcias em Destaque\",\"url\":\"https:\/\/noticiasemdestaque.com\/cd\/\",\"logo\":{\"@type\":\"ImageObject\",\"inLanguage\":\"pt-BR\",\"@id\":\"https:\/\/noticiasemdestaque.com\/cd\/#\/schema\/logo\/image\/\",\"url\":\"https:\/\/noticiasemdestaque.com\/cd\/wp-content\/uploads\/2022\/05\/imagem-base-noticiasemdestaque.png\",\"contentUrl\":\"https:\/\/noticiasemdestaque.com\/cd\/wp-content\/uploads\/2022\/05\/imagem-base-noticiasemdestaque.png\",\"width\":1200,\"height\":630,\"caption\":\"Not\u00edcias em Destaque\"},\"image\":{\"@id\":\"https:\/\/noticiasemdestaque.com\/cd\/#\/schema\/logo\/image\/\"}},{\"@type\":\"Person\",\"@id\":\"https:\/\/noticiasemdestaque.com\/cd\/#\/schema\/person\/967a459378479d4fa07976fedd8a7b5e\",\"name\":\"Not\u00edcias em Destaque\",\"url\":\"https:\/\/noticiasemdestaque.com\/cd\/?author=2\"}]}<\/script>\n<!-- \/ Yoast SEO plugin. -->","yoast_head_json":{"title":"Munic\u00edpio de Sum\u00e9 liderou ranking de empregos na regi\u00e3o do Cariri, segundo dados do Minist\u00e9rio da Economia - Not&iacute;cias em Destaque","robots":{"index":"index","follow":"follow","max-snippet":"max-snippet:-1","max-image-preview":"max-image-preview:large","max-video-preview":"max-video-preview:-1"},"canonical":"https:\/\/noticiasemdestaque.com\/cd\/?p=26943","og_locale":"pt_BR","og_type":"article","og_title":"Munic\u00edpio de Sum\u00e9 liderou ranking de empregos na regi\u00e3o do Cariri, segundo dados do Minist\u00e9rio da Economia - Not&iacute;cias em Destaque","og_description":"O munic\u00edpio de Sum\u00e9 foi o que obteve o maior saldo positivo na gera\u00e7\u00e3o de empregos com carteira assinada nas regi\u00f5es do Cariri Oriental e Ocidental no ano de 2019. Os dados foram do CAGED (Cadastro Geral de Empregados e Desempregados), departamento do Governo Federal ligado ao Minist\u00e9rio da Economia. Ao longo do ano passado em Sum\u00e9 foram 221 pessoas admitidas com carteira assinada e 142 demitidas, gerando um saldo positivo de 79 empregos. As atividades econ\u00f4micas que mais geraram empregos com carteira assinada no munic\u00edpio de Sum\u00e9 foram Servi\u00e7os e Com\u00e9rcio respectivamente, o primeiro gerou um saldo positivo de 53 empregos com carteira assinada e o segundo 17 empregos, cabe destacar que dentro do setor de servi\u00e7os as atividades de alimenta\u00e7\u00e3o, alojamento e manuten\u00e7\u00e3o em geral geraram 27 empregos e a atividade de ensino 19 vagas. Em 2019, no Cariri Paraibano, foram admitidas 1.370 pessoas com carteira assinada, e foram demitidas 1.258, gerando um saldo positivo de 112 empregos com carteira assinadas, o estoque de empregos com carteira assinada para at\u00e9 o dia 31 de dezembro de 2019 foi de 6.731 pessoas. Os setores que mais geraram empregos no Cariri foram de Servi\u00e7os, saldo de 139 admiss\u00f5es e com\u00e9rcio com 76 admiss\u00f5es. A maior perda dos empregos foi na ind\u00fastria com um saldo de 45 demiss\u00f5es. Empregos por regi\u00e3o (Cariri Oriental e Ocidental) O Cariri Oriental possu\u00eda um estoque de 1.520 empregos com carteira assinada at\u00e9 31 de dezembro de 2019, e fechou o ano passado com um saldo de 86 empregos. Nessa regi\u00e3o o munic\u00edpio de S\u00e3o Jo\u00e3o do Cariri foi quem fechou com o maior saldo positivo 76, seguido de Boqueir\u00e3o que possu\u00ed o maior estoque de empregos com 796 carteiras assinadas, quem fechou com o maior defict foi Caturit\u00e9 com \u2013 82 e Cabaceiras (-10). A Microrregi\u00e3o do Cariri Ocidental tamb\u00e9m fechou o ano de 2019 com saldo positivo na gera\u00e7\u00e3o empregos com carteira assinada, neste per\u00edodo foram admitidas 726 pessoas e demitidas 676, gerando um saldo positivo de 50 empregos com carteira assinadas, o estoque de empregos com carteiras assinadas em 31\/12\/2019 era de 3.490, sendo que o Munic\u00edpio com maior estoque foi Monteiro com 1.442, seguido de Sum\u00e9 com 662. Nessa regi\u00e3o Monteiro e Serra Branca tiveram os maiores saldos negativos de empregos. Not\u00edcias em Destaque","og_url":"https:\/\/noticiasemdestaque.com\/cd\/?p=26943","og_site_name":"Not&iacute;cias em Destaque","article_published_time":"2020-09-18T21:30:50+00:00","article_modified_time":"2020-09-18T22:26:00+00:00","og_image":[{"width":480,"height":360,"url":"https:\/\/noticiasemdestaque.com\/cd\/wp-content\/uploads\/2017\/12\/concurso-sum\u00e9.jpg","type":"image\/jpeg"}],"author":"Not\u00edcias em Destaque","twitter_card":"summary_large_image","twitter_misc":{"Escrito por":"Not\u00edcias em Destaque","Est. tempo de leitura":"2 minutos"},"schema":{"@context":"https:\/\/schema.org","@graph":[{"@type":"Article","@id":"https:\/\/noticiasemdestaque.com\/cd\/?p=26943#article","isPartOf":{"@id":"https:\/\/noticiasemdestaque.com\/cd\/?p=26943"},"author":{"name":"Not\u00edcias em Destaque","@id":"https:\/\/noticiasemdestaque.com\/cd\/#\/schema\/person\/967a459378479d4fa07976fedd8a7b5e"},"headline":"Munic\u00edpio de Sum\u00e9 liderou ranking de empregos na regi\u00e3o do Cariri, segundo dados do Minist\u00e9rio da Economia","datePublished":"2020-09-18T21:30:50+00:00","dateModified":"2020-09-18T22:26:00+00:00","mainEntityOfPage":{"@id":"https:\/\/noticiasemdestaque.com\/cd\/?p=26943"},"wordCount":399,"publisher":{"@id":"https:\/\/noticiasemdestaque.com\/cd\/#organization"},"image":{"@id":"https:\/\/noticiasemdestaque.com\/cd\/?p=26943#primaryimage"},"thumbnailUrl":"https:\/\/noticiasemdestaque.com\/cd\/wp-content\/uploads\/2017\/12\/concurso-sum\u00e9.jpg","articleSection":["Geral"],"inLanguage":"pt-BR"},{"@type":"WebPage","@id":"https:\/\/noticiasemdestaque.com\/cd\/?p=26943","url":"https:\/\/noticiasemdestaque.com\/cd\/?p=26943","name":"Munic\u00edpio de Sum\u00e9 liderou ranking de empregos na regi\u00e3o do Cariri, segundo dados do Minist\u00e9rio da Economia - Not&iacute;cias em Destaque","isPartOf":{"@id":"https:\/\/noticiasemdestaque.com\/cd\/#website"},"primaryImageOfPage":{"@id":"https:\/\/noticiasemdestaque.com\/cd\/?p=26943#primaryimage"},"image":{"@id":"https:\/\/noticiasemdestaque.com\/cd\/?p=26943#primaryimage"},"thumbnailUrl":"https:\/\/noticiasemdestaque.com\/cd\/wp-content\/uploads\/2017\/12\/concurso-sum\u00e9.jpg","datePublished":"2020-09-18T21:30:50+00:00","dateModified":"2020-09-18T22:26:00+00:00","breadcrumb":{"@id":"https:\/\/noticiasemdestaque.com\/cd\/?p=26943#breadcrumb"},"inLanguage":"pt-BR","potentialAction":[{"@type":"ReadAction","target":["https:\/\/noticiasemdestaque.com\/cd\/?p=26943"]}]},{"@type":"ImageObject","inLanguage":"pt-BR","@id":"https:\/\/noticiasemdestaque.com\/cd\/?p=26943#primaryimage","url":"https:\/\/noticiasemdestaque.com\/cd\/wp-content\/uploads\/2017\/12\/concurso-sum\u00e9.jpg","contentUrl":"https:\/\/noticiasemdestaque.com\/cd\/wp-content\/uploads\/2017\/12\/concurso-sum\u00e9.jpg","width":480,"height":360},{"@type":"BreadcrumbList","@id":"https:\/\/noticiasemdestaque.com\/cd\/?p=26943#breadcrumb","itemListElement":[{"@type":"ListItem","position":1,"name":"In\u00edcio","item":"https:\/\/noticiasemdestaque.com\/cd\/"},{"@type":"ListItem","position":2,"name":"Munic\u00edpio de Sum\u00e9 liderou ranking de empregos na regi\u00e3o do Cariri, segundo dados do Minist\u00e9rio da Economia"}]},{"@type":"WebSite","@id":"https:\/\/noticiasemdestaque.com\/cd\/#website","url":"https:\/\/noticiasemdestaque.com\/cd\/","name":"Not&iacute;cias em Destaque","description":"","publisher":{"@id":"https:\/\/noticiasemdestaque.com\/cd\/#organization"},"potentialAction":[{"@type":"SearchAction","target":{"@type":"EntryPoint","urlTemplate":"https:\/\/noticiasemdestaque.com\/cd\/?s={search_term_string}"},"query-input":{"@type":"PropertyValueSpecification","valueRequired":true,"valueName":"search_term_string"}}],"inLanguage":"pt-BR"},{"@type":"Organization","@id":"https:\/\/noticiasemdestaque.com\/cd\/#organization","name":"Not\u00edcias em Destaque","url":"https:\/\/noticiasemdestaque.com\/cd\/","logo":{"@type":"ImageObject","inLanguage":"pt-BR","@id":"https:\/\/noticiasemdestaque.com\/cd\/#\/schema\/logo\/image\/","url":"https:\/\/noticiasemdestaque.com\/cd\/wp-content\/uploads\/2022\/05\/imagem-base-noticiasemdestaque.png","contentUrl":"https:\/\/noticiasemdestaque.com\/cd\/wp-content\/uploads\/2022\/05\/imagem-base-noticiasemdestaque.png","width":1200,"height":630,"caption":"Not\u00edcias em Destaque"},"image":{"@id":"https:\/\/noticiasemdestaque.com\/cd\/#\/schema\/logo\/image\/"}},{"@type":"Person","@id":"https:\/\/noticiasemdestaque.com\/cd\/#\/schema\/person\/967a459378479d4fa07976fedd8a7b5e","name":"Not\u00edcias em Destaque","url":"https:\/\/noticiasemdestaque.com\/cd\/?author=2"}]}},"jetpack_featured_media_url":"https:\/\/noticiasemdestaque.com\/cd\/wp-content\/uploads\/2017\/12\/concurso-sum\u00e9.jpg","jetpack_sharing_enabled":true,"_links":{"self":[{"href":"https:\/\/noticiasemdestaque.com\/cd\/index.php?rest_route=\/wp\/v2\/posts\/26943","targetHints":{"allow":["GET"]}}],"collection":[{"href":"https:\/\/noticiasemdestaque.com\/cd\/index.php?rest_route=\/wp\/v2\/posts"}],"about":[{"href":"https:\/\/noticiasemdestaque.com\/cd\/index.php?rest_route=\/wp\/v2\/types\/post"}],"author":[{"embeddable":true,"href":"https:\/\/noticiasemdestaque.com\/cd\/index.php?rest_route=\/wp\/v2\/users\/2"}],"replies":[{"embeddable":true,"href":"https:\/\/noticiasemdestaque.com\/cd\/index.php?rest_route=%2Fwp%2Fv2%2Fcomments&post=26943"}],"version-history":[{"count":4,"href":"https:\/\/noticiasemdestaque.com\/cd\/index.php?rest_route=\/wp\/v2\/posts\/26943\/revisions"}],"predecessor-version":[{"id":26951,"href":"https:\/\/noticiasemdestaque.com\/cd\/index.php?rest_route=\/wp\/v2\/posts\/26943\/revisions\/26951"}],"wp:featuredmedia":[{"embeddable":true,"href":"https:\/\/noticiasemdestaque.com\/cd\/index.php?rest_route=\/wp\/v2\/media\/6596"}],"wp:attachment":[{"href":"https:\/\/noticiasemdestaque.com\/cd\/index.php?rest_route=%2Fwp%2Fv2%2Fmedia&parent=26943"}],"wp:term":[{"taxonomy":"category","embeddable":true,"href":"https:\/\/noticiasemdestaque.com\/cd\/index.php?rest_route=%2Fwp%2Fv2%2Fcategories&post=26943"},{"taxonomy":"post_tag","embeddable":true,"href":"https:\/\/noticiasemdestaque.com\/cd\/index.php?rest_route=%2Fwp%2Fv2%2Ftags&post=26943"}],"curies":[{"name":"wp","href":"https:\/\/api.w.org\/{rel}","templated":true}]}}