{"id":26930,"date":"2020-09-18T11:40:54","date_gmt":"2020-09-18T14:40:54","guid":{"rendered":"http:\/\/noticiasemdestaque.com\/cd\/?p=26930"},"modified":"2020-09-18T11:40:54","modified_gmt":"2020-09-18T14:40:54","slug":"bomba-recebe-adesao-de-lideres-comunitarios-para-sua-pre-candidatura-a-vereador-de-sume","status":"publish","type":"post","link":"https:\/\/noticiasemdestaque.com\/cd\/?p=26930","title":{"rendered":"Bomba recebe ades\u00e3o de l\u00edderes comunit\u00e1rios para sua pr\u00e9 candidatura a vereador de Sum\u00e9"},"content":{"rendered":"<p><a href=\"https:\/\/noticiasemdestaque.com\/cd\/wp-content\/uploads\/2020\/09\/SAVE_20200917_195354.jpg\"><img fetchpriority=\"high\" decoding=\"async\" class=\"wp-image-26931 aligncenter\" src=\"https:\/\/noticiasemdestaque.com\/cd\/wp-content\/uploads\/2020\/09\/SAVE_20200917_195354-1024x768.jpg\" alt=\"\" width=\"514\" height=\"385\" srcset=\"https:\/\/noticiasemdestaque.com\/cd\/wp-content\/uploads\/2020\/09\/SAVE_20200917_195354-1024x768.jpg 1024w, https:\/\/noticiasemdestaque.com\/cd\/wp-content\/uploads\/2020\/09\/SAVE_20200917_195354-300x225.jpg 300w, https:\/\/noticiasemdestaque.com\/cd\/wp-content\/uploads\/2020\/09\/SAVE_20200917_195354-768x576.jpg 768w, https:\/\/noticiasemdestaque.com\/cd\/wp-content\/uploads\/2020\/09\/SAVE_20200917_195354-640x480.jpg 640w, https:\/\/noticiasemdestaque.com\/cd\/wp-content\/uploads\/2020\/09\/SAVE_20200917_195354.jpg 1032w\" sizes=\"(max-width: 514px) 100vw, 514px\" \/><\/a><\/p>\n<p>O atual vereador e presidente da C\u00e2mara Municipal de Vereadores de Sum\u00e9, Le\u00f4nidas Albino, conhecido como Bomba, ap\u00f3s anunciar que disputaria mais uma vez uma vaga no Parlamento sumeense nas elei\u00e7\u00f5es deste ano, vem recebendo in\u00fameras ades\u00f5es.<\/p>\n<p>Desta vez, Bomba recebeu a ades\u00e3o de Maria Alcideni, presidente da Associa\u00e7\u00e3o Comunit\u00e1ria Unidos Venceremos que atende os bairros de V\u00e1rzea Redonda, Carro Quebrado e Frei Dami\u00e3o e vem fazendo um grande trabalho.<\/p>\n<p>Al\u00e9m de Alcideni, que tamb\u00e9m \u00e9 conselheira do Or\u00e7amento democr\u00e1tico municipal, Bomba recebeu o apoio da conselheira do ODM, Lucineia, que ao lado de Alcideni representam estes 03 bairros no ODM.<\/p>\n<p>Recentemente, o vereador Bomba tamb\u00e9m recebeu o apoio da ex-prefeita Niedja Rodrigues e da Vereadora Br\u00edgida Xavier.<\/p>\n<p>Com Cariri em A\u00e7\u00e3o<\/p>\n","protected":false},"excerpt":{"rendered":"<p>O atual vereador e presidente da C\u00e2mara Municipal de Vereadores de Sum\u00e9, Le\u00f4nidas Albino, conhecido como Bomba, ap\u00f3s anunciar que disputaria mais uma vez uma vaga no Parlamento sumeense nas elei\u00e7\u00f5es deste ano, vem recebendo in\u00fameras ades\u00f5es. Desta vez, Bomba recebeu a ades\u00e3o de Maria Alcideni, presidente da Associa\u00e7\u00e3o Comunit\u00e1ria Unidos Venceremos que atende os bairros de V\u00e1rzea Redonda, Carro Quebrado e Frei Dami\u00e3o e vem fazendo um grande trabalho. Al\u00e9m de Alcideni, que tamb\u00e9m \u00e9 conselheira do Or\u00e7amento democr\u00e1tico municipal, Bomba recebeu o apoio da conselheira do ODM, Lucineia, que ao lado de Alcideni representam estes 03 bairros no ODM. Recentemente, o vereador Bomba tamb\u00e9m recebeu o apoio da ex-prefeita Niedja Rodrigues e da Vereadora Br\u00edgida Xavier. Com Cariri em A\u00e7\u00e3o<\/p>\n","protected":false},"author":2,"featured_media":26931,"comment_status":"closed","ping_status":"open","sticky":false,"template":"","format":"standard","meta":{"_eb_attr":"","_jetpack_memberships_contains_paid_content":false,"footnotes":""},"categories":[4],"tags":[],"class_list":["post-26930","post","type-post","status-publish","format-standard","has-post-thumbnail","hentry","category-politica"],"yoast_head":"<!-- This site is optimized with the Yoast SEO plugin v26.5 - https:\/\/yoast.com\/wordpress\/plugins\/seo\/ -->\n<title>Bomba recebe ades\u00e3o de l\u00edderes comunit\u00e1rios para sua pr\u00e9 candidatura a vereador de Sum\u00e9 - Not&iacute;cias em Destaque<\/title>\n<meta name=\"robots\" content=\"index, follow, max-snippet:-1, max-image-preview:large, max-video-preview:-1\" \/>\n<link rel=\"canonical\" href=\"https:\/\/noticiasemdestaque.com\/cd\/?p=26930\" \/>\n<meta property=\"og:locale\" content=\"pt_BR\" \/>\n<meta property=\"og:type\" content=\"article\" \/>\n<meta property=\"og:title\" content=\"Bomba recebe ades\u00e3o de l\u00edderes comunit\u00e1rios para sua pr\u00e9 candidatura a vereador de Sum\u00e9 - Not&iacute;cias em Destaque\" \/>\n<meta property=\"og:description\" content=\"O atual vereador e presidente da C\u00e2mara Municipal de Vereadores de Sum\u00e9, Le\u00f4nidas Albino, conhecido como Bomba, ap\u00f3s anunciar que disputaria mais uma vez uma vaga no Parlamento sumeense nas elei\u00e7\u00f5es deste ano, vem recebendo in\u00fameras ades\u00f5es. Desta vez, Bomba recebeu a ades\u00e3o de Maria Alcideni, presidente da Associa\u00e7\u00e3o Comunit\u00e1ria Unidos Venceremos que atende os bairros de V\u00e1rzea Redonda, Carro Quebrado e Frei Dami\u00e3o e vem fazendo um grande trabalho. Al\u00e9m de Alcideni, que tamb\u00e9m \u00e9 conselheira do Or\u00e7amento democr\u00e1tico municipal, Bomba recebeu o apoio da conselheira do ODM, Lucineia, que ao lado de Alcideni representam estes 03 bairros no ODM. Recentemente, o vereador Bomba tamb\u00e9m recebeu o apoio da ex-prefeita Niedja Rodrigues e da Vereadora Br\u00edgida Xavier. Com Cariri em A\u00e7\u00e3o\" \/>\n<meta property=\"og:url\" content=\"https:\/\/noticiasemdestaque.com\/cd\/?p=26930\" \/>\n<meta property=\"og:site_name\" content=\"Not&iacute;cias em Destaque\" \/>\n<meta property=\"article:published_time\" content=\"2020-09-18T14:40:54+00:00\" \/>\n<meta property=\"og:image\" content=\"https:\/\/noticiasemdestaque.com\/cd\/wp-content\/uploads\/2020\/09\/SAVE_20200917_195354.jpg\" \/>\n\t<meta property=\"og:image:width\" content=\"1032\" \/>\n\t<meta property=\"og:image:height\" content=\"774\" \/>\n\t<meta property=\"og:image:type\" content=\"image\/jpeg\" \/>\n<meta name=\"author\" content=\"Not\u00edcias em Destaque\" \/>\n<meta name=\"twitter:card\" content=\"summary_large_image\" \/>\n<meta name=\"twitter:label1\" content=\"Escrito por\" \/>\n\t<meta name=\"twitter:data1\" content=\"Not\u00edcias em Destaque\" \/>\n\t<meta name=\"twitter:label2\" content=\"Est. tempo de leitura\" \/>\n\t<meta name=\"twitter:data2\" content=\"1 minuto\" \/>\n<script type=\"application\/ld+json\" class=\"yoast-schema-graph\">{\"@context\":\"https:\/\/schema.org\",\"@graph\":[{\"@type\":\"Article\",\"@id\":\"https:\/\/noticiasemdestaque.com\/cd\/?p=26930#article\",\"isPartOf\":{\"@id\":\"https:\/\/noticiasemdestaque.com\/cd\/?p=26930\"},\"author\":{\"name\":\"Not\u00edcias em Destaque\",\"@id\":\"https:\/\/noticiasemdestaque.com\/cd\/#\/schema\/person\/967a459378479d4fa07976fedd8a7b5e\"},\"headline\":\"Bomba recebe ades\u00e3o de l\u00edderes comunit\u00e1rios para sua pr\u00e9 candidatura a vereador de Sum\u00e9\",\"datePublished\":\"2020-09-18T14:40:54+00:00\",\"mainEntityOfPage\":{\"@id\":\"https:\/\/noticiasemdestaque.com\/cd\/?p=26930\"},\"wordCount\":155,\"publisher\":{\"@id\":\"https:\/\/noticiasemdestaque.com\/cd\/#organization\"},\"image\":{\"@id\":\"https:\/\/noticiasemdestaque.com\/cd\/?p=26930#primaryimage\"},\"thumbnailUrl\":\"https:\/\/noticiasemdestaque.com\/cd\/wp-content\/uploads\/2020\/09\/SAVE_20200917_195354.jpg\",\"articleSection\":[\"Pol\u00edtica\"],\"inLanguage\":\"pt-BR\"},{\"@type\":\"WebPage\",\"@id\":\"https:\/\/noticiasemdestaque.com\/cd\/?p=26930\",\"url\":\"https:\/\/noticiasemdestaque.com\/cd\/?p=26930\",\"name\":\"Bomba recebe ades\u00e3o de l\u00edderes comunit\u00e1rios para sua pr\u00e9 candidatura a vereador de Sum\u00e9 - Not&iacute;cias em Destaque\",\"isPartOf\":{\"@id\":\"https:\/\/noticiasemdestaque.com\/cd\/#website\"},\"primaryImageOfPage\":{\"@id\":\"https:\/\/noticiasemdestaque.com\/cd\/?p=26930#primaryimage\"},\"image\":{\"@id\":\"https:\/\/noticiasemdestaque.com\/cd\/?p=26930#primaryimage\"},\"thumbnailUrl\":\"https:\/\/noticiasemdestaque.com\/cd\/wp-content\/uploads\/2020\/09\/SAVE_20200917_195354.jpg\",\"datePublished\":\"2020-09-18T14:40:54+00:00\",\"breadcrumb\":{\"@id\":\"https:\/\/noticiasemdestaque.com\/cd\/?p=26930#breadcrumb\"},\"inLanguage\":\"pt-BR\",\"potentialAction\":[{\"@type\":\"ReadAction\",\"target\":[\"https:\/\/noticiasemdestaque.com\/cd\/?p=26930\"]}]},{\"@type\":\"ImageObject\",\"inLanguage\":\"pt-BR\",\"@id\":\"https:\/\/noticiasemdestaque.com\/cd\/?p=26930#primaryimage\",\"url\":\"https:\/\/noticiasemdestaque.com\/cd\/wp-content\/uploads\/2020\/09\/SAVE_20200917_195354.jpg\",\"contentUrl\":\"https:\/\/noticiasemdestaque.com\/cd\/wp-content\/uploads\/2020\/09\/SAVE_20200917_195354.jpg\",\"width\":1032,\"height\":774},{\"@type\":\"BreadcrumbList\",\"@id\":\"https:\/\/noticiasemdestaque.com\/cd\/?p=26930#breadcrumb\",\"itemListElement\":[{\"@type\":\"ListItem\",\"position\":1,\"name\":\"In\u00edcio\",\"item\":\"https:\/\/noticiasemdestaque.com\/cd\/\"},{\"@type\":\"ListItem\",\"position\":2,\"name\":\"Bomba recebe ades\u00e3o de l\u00edderes comunit\u00e1rios para sua pr\u00e9 candidatura a vereador de Sum\u00e9\"}]},{\"@type\":\"WebSite\",\"@id\":\"https:\/\/noticiasemdestaque.com\/cd\/#website\",\"url\":\"https:\/\/noticiasemdestaque.com\/cd\/\",\"name\":\"Not&iacute;cias em Destaque\",\"description\":\"\",\"publisher\":{\"@id\":\"https:\/\/noticiasemdestaque.com\/cd\/#organization\"},\"potentialAction\":[{\"@type\":\"SearchAction\",\"target\":{\"@type\":\"EntryPoint\",\"urlTemplate\":\"https:\/\/noticiasemdestaque.com\/cd\/?s={search_term_string}\"},\"query-input\":{\"@type\":\"PropertyValueSpecification\",\"valueRequired\":true,\"valueName\":\"search_term_string\"}}],\"inLanguage\":\"pt-BR\"},{\"@type\":\"Organization\",\"@id\":\"https:\/\/noticiasemdestaque.com\/cd\/#organization\",\"name\":\"Not\u00edcias em Destaque\",\"url\":\"https:\/\/noticiasemdestaque.com\/cd\/\",\"logo\":{\"@type\":\"ImageObject\",\"inLanguage\":\"pt-BR\",\"@id\":\"https:\/\/noticiasemdestaque.com\/cd\/#\/schema\/logo\/image\/\",\"url\":\"https:\/\/noticiasemdestaque.com\/cd\/wp-content\/uploads\/2022\/05\/imagem-base-noticiasemdestaque.png\",\"contentUrl\":\"https:\/\/noticiasemdestaque.com\/cd\/wp-content\/uploads\/2022\/05\/imagem-base-noticiasemdestaque.png\",\"width\":1200,\"height\":630,\"caption\":\"Not\u00edcias em Destaque\"},\"image\":{\"@id\":\"https:\/\/noticiasemdestaque.com\/cd\/#\/schema\/logo\/image\/\"}},{\"@type\":\"Person\",\"@id\":\"https:\/\/noticiasemdestaque.com\/cd\/#\/schema\/person\/967a459378479d4fa07976fedd8a7b5e\",\"name\":\"Not\u00edcias em Destaque\",\"url\":\"https:\/\/noticiasemdestaque.com\/cd\/?author=2\"}]}<\/script>\n<!-- \/ Yoast SEO plugin. -->","yoast_head_json":{"title":"Bomba recebe ades\u00e3o de l\u00edderes comunit\u00e1rios para sua pr\u00e9 candidatura a vereador de Sum\u00e9 - Not&iacute;cias em Destaque","robots":{"index":"index","follow":"follow","max-snippet":"max-snippet:-1","max-image-preview":"max-image-preview:large","max-video-preview":"max-video-preview:-1"},"canonical":"https:\/\/noticiasemdestaque.com\/cd\/?p=26930","og_locale":"pt_BR","og_type":"article","og_title":"Bomba recebe ades\u00e3o de l\u00edderes comunit\u00e1rios para sua pr\u00e9 candidatura a vereador de Sum\u00e9 - Not&iacute;cias em Destaque","og_description":"O atual vereador e presidente da C\u00e2mara Municipal de Vereadores de Sum\u00e9, Le\u00f4nidas Albino, conhecido como Bomba, ap\u00f3s anunciar que disputaria mais uma vez uma vaga no Parlamento sumeense nas elei\u00e7\u00f5es deste ano, vem recebendo in\u00fameras ades\u00f5es. Desta vez, Bomba recebeu a ades\u00e3o de Maria Alcideni, presidente da Associa\u00e7\u00e3o Comunit\u00e1ria Unidos Venceremos que atende os bairros de V\u00e1rzea Redonda, Carro Quebrado e Frei Dami\u00e3o e vem fazendo um grande trabalho. Al\u00e9m de Alcideni, que tamb\u00e9m \u00e9 conselheira do Or\u00e7amento democr\u00e1tico municipal, Bomba recebeu o apoio da conselheira do ODM, Lucineia, que ao lado de Alcideni representam estes 03 bairros no ODM. Recentemente, o vereador Bomba tamb\u00e9m recebeu o apoio da ex-prefeita Niedja Rodrigues e da Vereadora Br\u00edgida Xavier. Com Cariri em A\u00e7\u00e3o","og_url":"https:\/\/noticiasemdestaque.com\/cd\/?p=26930","og_site_name":"Not&iacute;cias em Destaque","article_published_time":"2020-09-18T14:40:54+00:00","og_image":[{"width":1032,"height":774,"url":"https:\/\/noticiasemdestaque.com\/cd\/wp-content\/uploads\/2020\/09\/SAVE_20200917_195354.jpg","type":"image\/jpeg"}],"author":"Not\u00edcias em Destaque","twitter_card":"summary_large_image","twitter_misc":{"Escrito por":"Not\u00edcias em Destaque","Est. tempo de leitura":"1 minuto"},"schema":{"@context":"https:\/\/schema.org","@graph":[{"@type":"Article","@id":"https:\/\/noticiasemdestaque.com\/cd\/?p=26930#article","isPartOf":{"@id":"https:\/\/noticiasemdestaque.com\/cd\/?p=26930"},"author":{"name":"Not\u00edcias em Destaque","@id":"https:\/\/noticiasemdestaque.com\/cd\/#\/schema\/person\/967a459378479d4fa07976fedd8a7b5e"},"headline":"Bomba recebe ades\u00e3o de l\u00edderes comunit\u00e1rios para sua pr\u00e9 candidatura a vereador de Sum\u00e9","datePublished":"2020-09-18T14:40:54+00:00","mainEntityOfPage":{"@id":"https:\/\/noticiasemdestaque.com\/cd\/?p=26930"},"wordCount":155,"publisher":{"@id":"https:\/\/noticiasemdestaque.com\/cd\/#organization"},"image":{"@id":"https:\/\/noticiasemdestaque.com\/cd\/?p=26930#primaryimage"},"thumbnailUrl":"https:\/\/noticiasemdestaque.com\/cd\/wp-content\/uploads\/2020\/09\/SAVE_20200917_195354.jpg","articleSection":["Pol\u00edtica"],"inLanguage":"pt-BR"},{"@type":"WebPage","@id":"https:\/\/noticiasemdestaque.com\/cd\/?p=26930","url":"https:\/\/noticiasemdestaque.com\/cd\/?p=26930","name":"Bomba recebe ades\u00e3o de l\u00edderes comunit\u00e1rios para sua pr\u00e9 candidatura a vereador de Sum\u00e9 - Not&iacute;cias em Destaque","isPartOf":{"@id":"https:\/\/noticiasemdestaque.com\/cd\/#website"},"primaryImageOfPage":{"@id":"https:\/\/noticiasemdestaque.com\/cd\/?p=26930#primaryimage"},"image":{"@id":"https:\/\/noticiasemdestaque.com\/cd\/?p=26930#primaryimage"},"thumbnailUrl":"https:\/\/noticiasemdestaque.com\/cd\/wp-content\/uploads\/2020\/09\/SAVE_20200917_195354.jpg","datePublished":"2020-09-18T14:40:54+00:00","breadcrumb":{"@id":"https:\/\/noticiasemdestaque.com\/cd\/?p=26930#breadcrumb"},"inLanguage":"pt-BR","potentialAction":[{"@type":"ReadAction","target":["https:\/\/noticiasemdestaque.com\/cd\/?p=26930"]}]},{"@type":"ImageObject","inLanguage":"pt-BR","@id":"https:\/\/noticiasemdestaque.com\/cd\/?p=26930#primaryimage","url":"https:\/\/noticiasemdestaque.com\/cd\/wp-content\/uploads\/2020\/09\/SAVE_20200917_195354.jpg","contentUrl":"https:\/\/noticiasemdestaque.com\/cd\/wp-content\/uploads\/2020\/09\/SAVE_20200917_195354.jpg","width":1032,"height":774},{"@type":"BreadcrumbList","@id":"https:\/\/noticiasemdestaque.com\/cd\/?p=26930#breadcrumb","itemListElement":[{"@type":"ListItem","position":1,"name":"In\u00edcio","item":"https:\/\/noticiasemdestaque.com\/cd\/"},{"@type":"ListItem","position":2,"name":"Bomba recebe ades\u00e3o de l\u00edderes comunit\u00e1rios para sua pr\u00e9 candidatura a vereador de Sum\u00e9"}]},{"@type":"WebSite","@id":"https:\/\/noticiasemdestaque.com\/cd\/#website","url":"https:\/\/noticiasemdestaque.com\/cd\/","name":"Not&iacute;cias em Destaque","description":"","publisher":{"@id":"https:\/\/noticiasemdestaque.com\/cd\/#organization"},"potentialAction":[{"@type":"SearchAction","target":{"@type":"EntryPoint","urlTemplate":"https:\/\/noticiasemdestaque.com\/cd\/?s={search_term_string}"},"query-input":{"@type":"PropertyValueSpecification","valueRequired":true,"valueName":"search_term_string"}}],"inLanguage":"pt-BR"},{"@type":"Organization","@id":"https:\/\/noticiasemdestaque.com\/cd\/#organization","name":"Not\u00edcias em Destaque","url":"https:\/\/noticiasemdestaque.com\/cd\/","logo":{"@type":"ImageObject","inLanguage":"pt-BR","@id":"https:\/\/noticiasemdestaque.com\/cd\/#\/schema\/logo\/image\/","url":"https:\/\/noticiasemdestaque.com\/cd\/wp-content\/uploads\/2022\/05\/imagem-base-noticiasemdestaque.png","contentUrl":"https:\/\/noticiasemdestaque.com\/cd\/wp-content\/uploads\/2022\/05\/imagem-base-noticiasemdestaque.png","width":1200,"height":630,"caption":"Not\u00edcias em Destaque"},"image":{"@id":"https:\/\/noticiasemdestaque.com\/cd\/#\/schema\/logo\/image\/"}},{"@type":"Person","@id":"https:\/\/noticiasemdestaque.com\/cd\/#\/schema\/person\/967a459378479d4fa07976fedd8a7b5e","name":"Not\u00edcias em Destaque","url":"https:\/\/noticiasemdestaque.com\/cd\/?author=2"}]}},"jetpack_featured_media_url":"https:\/\/noticiasemdestaque.com\/cd\/wp-content\/uploads\/2020\/09\/SAVE_20200917_195354.jpg","jetpack_sharing_enabled":true,"_links":{"self":[{"href":"https:\/\/noticiasemdestaque.com\/cd\/index.php?rest_route=\/wp\/v2\/posts\/26930","targetHints":{"allow":["GET"]}}],"collection":[{"href":"https:\/\/noticiasemdestaque.com\/cd\/index.php?rest_route=\/wp\/v2\/posts"}],"about":[{"href":"https:\/\/noticiasemdestaque.com\/cd\/index.php?rest_route=\/wp\/v2\/types\/post"}],"author":[{"embeddable":true,"href":"https:\/\/noticiasemdestaque.com\/cd\/index.php?rest_route=\/wp\/v2\/users\/2"}],"replies":[{"embeddable":true,"href":"https:\/\/noticiasemdestaque.com\/cd\/index.php?rest_route=%2Fwp%2Fv2%2Fcomments&post=26930"}],"version-history":[{"count":1,"href":"https:\/\/noticiasemdestaque.com\/cd\/index.php?rest_route=\/wp\/v2\/posts\/26930\/revisions"}],"predecessor-version":[{"id":26932,"href":"https:\/\/noticiasemdestaque.com\/cd\/index.php?rest_route=\/wp\/v2\/posts\/26930\/revisions\/26932"}],"wp:featuredmedia":[{"embeddable":true,"href":"https:\/\/noticiasemdestaque.com\/cd\/index.php?rest_route=\/wp\/v2\/media\/26931"}],"wp:attachment":[{"href":"https:\/\/noticiasemdestaque.com\/cd\/index.php?rest_route=%2Fwp%2Fv2%2Fmedia&parent=26930"}],"wp:term":[{"taxonomy":"category","embeddable":true,"href":"https:\/\/noticiasemdestaque.com\/cd\/index.php?rest_route=%2Fwp%2Fv2%2Fcategories&post=26930"},{"taxonomy":"post_tag","embeddable":true,"href":"https:\/\/noticiasemdestaque.com\/cd\/index.php?rest_route=%2Fwp%2Fv2%2Ftags&post=26930"}],"curies":[{"name":"wp","href":"https:\/\/api.w.org\/{rel}","templated":true}]}}