{"id":26927,"date":"2020-09-18T11:29:51","date_gmt":"2020-09-18T14:29:51","guid":{"rendered":"http:\/\/noticiasemdestaque.com\/cd\/?p=26927"},"modified":"2020-09-18T11:29:51","modified_gmt":"2020-09-18T14:29:51","slug":"sume-registra-7-casos-de-coronavirus-e-11-recuperados-nesta-quinta-feira-17","status":"publish","type":"post","link":"https:\/\/noticiasemdestaque.com\/cd\/?p=26927","title":{"rendered":"Sum\u00e9 registra 7 casos de coronav\u00edrus e 11 recuperados nesta quinta-feira, 17"},"content":{"rendered":"<p><a href=\"https:\/\/noticiasemdestaque.com\/cd\/wp-content\/uploads\/2020\/09\/99f0c8cc-6ade-4fd2-b410-140a1689eaee.jpg\"><img fetchpriority=\"high\" decoding=\"async\" class=\"wp-image-26928 aligncenter\" src=\"https:\/\/noticiasemdestaque.com\/cd\/wp-content\/uploads\/2020\/09\/99f0c8cc-6ade-4fd2-b410-140a1689eaee-1024x1024.jpg\" alt=\"\" width=\"483\" height=\"483\" srcset=\"https:\/\/noticiasemdestaque.com\/cd\/wp-content\/uploads\/2020\/09\/99f0c8cc-6ade-4fd2-b410-140a1689eaee-1024x1024.jpg 1024w, https:\/\/noticiasemdestaque.com\/cd\/wp-content\/uploads\/2020\/09\/99f0c8cc-6ade-4fd2-b410-140a1689eaee-300x300.jpg 300w, https:\/\/noticiasemdestaque.com\/cd\/wp-content\/uploads\/2020\/09\/99f0c8cc-6ade-4fd2-b410-140a1689eaee-150x150.jpg 150w, https:\/\/noticiasemdestaque.com\/cd\/wp-content\/uploads\/2020\/09\/99f0c8cc-6ade-4fd2-b410-140a1689eaee-768x768.jpg 768w, https:\/\/noticiasemdestaque.com\/cd\/wp-content\/uploads\/2020\/09\/99f0c8cc-6ade-4fd2-b410-140a1689eaee.jpg 1080w\" sizes=\"(max-width: 483px) 100vw, 483px\" \/><\/a><\/p>\n<p>A Secretaria Municipal de Sa\u00fade de Sum\u00e9 informa que foram registrados 07 casos positivos para o coronav\u00edrus nesta quinta-feira, 17.<\/p>\n<p>1\u00ba caso: sexo masculino, 46 anos, sem comorbidades, Alto do Jorge;<br \/>\n2\u00ba caso: sexo masculino, 45 anos, sem comorbidades, Alto do Jorge;<br \/>\n3\u00ba caso: sexo feminino, 53 anos, com comorbidades, Frei Dami\u00e3o;<br \/>\n4\u00ba caso: sexo masculino, 37 anos, sem comorbidades, Alto Alegre;<br \/>\n5\u00ba caso: sexo feminino, 42 anos, sem comorbidades, Alto do Jorge;<br \/>\n6\u00ba caso: sexo feminino, 71 anos, com comorbidades, V\u00e1rzea Redonda;<br \/>\n7\u00ba caso: sexo feminino, 40 anos, sem comorbidades, V\u00e1rzea Redonda.<\/p>\n<p>Foram registrados 11 casos recuperados na data de hoje<\/p>\n<p>N\u00e3o se descuide, cubra bem o nariz e a boca e evite aglomera\u00e7\u00f5es, use \u00e1lcool em gel 70%, e ao sair use m\u00e1scara.<\/p>\n<p>Ascom PMS<\/p>\n","protected":false},"excerpt":{"rendered":"<p>A Secretaria Municipal de Sa\u00fade de Sum\u00e9 informa que foram registrados 07 casos positivos para o coronav\u00edrus nesta quinta-feira, 17. 1\u00ba caso: sexo masculino, 46 anos, sem comorbidades, Alto do Jorge; 2\u00ba caso: sexo masculino, 45 anos, sem comorbidades, Alto do Jorge; 3\u00ba caso: sexo feminino, 53 anos, com comorbidades, Frei Dami\u00e3o; 4\u00ba caso: sexo masculino, 37 anos, sem comorbidades, Alto Alegre; 5\u00ba caso: sexo feminino, 42 anos, sem comorbidades, Alto do Jorge; 6\u00ba caso: sexo feminino, 71 anos, com comorbidades, V\u00e1rzea Redonda; 7\u00ba caso: sexo feminino, 40 anos, sem comorbidades, V\u00e1rzea Redonda. Foram registrados 11 casos recuperados na data de hoje N\u00e3o se descuide, cubra bem o nariz e a boca e evite aglomera\u00e7\u00f5es, use \u00e1lcool em gel 70%, e ao sair use m\u00e1scara. Ascom PMS<\/p>\n","protected":false},"author":2,"featured_media":26928,"comment_status":"closed","ping_status":"open","sticky":false,"template":"","format":"standard","meta":{"_eb_attr":"","_jetpack_memberships_contains_paid_content":false,"footnotes":""},"categories":[3],"tags":[],"class_list":["post-26927","post","type-post","status-publish","format-standard","has-post-thumbnail","hentry","category-cidades"],"yoast_head":"<!-- This site is optimized with the Yoast SEO plugin v26.5 - https:\/\/yoast.com\/wordpress\/plugins\/seo\/ -->\n<title>Sum\u00e9 registra 7 casos de coronav\u00edrus e 11 recuperados nesta quinta-feira, 17 - Not&iacute;cias em Destaque<\/title>\n<meta name=\"robots\" content=\"index, follow, max-snippet:-1, max-image-preview:large, max-video-preview:-1\" \/>\n<link rel=\"canonical\" href=\"https:\/\/noticiasemdestaque.com\/cd\/?p=26927\" \/>\n<meta property=\"og:locale\" content=\"pt_BR\" \/>\n<meta property=\"og:type\" content=\"article\" \/>\n<meta property=\"og:title\" content=\"Sum\u00e9 registra 7 casos de coronav\u00edrus e 11 recuperados nesta quinta-feira, 17 - Not&iacute;cias em Destaque\" \/>\n<meta property=\"og:description\" content=\"A Secretaria Municipal de Sa\u00fade de Sum\u00e9 informa que foram registrados 07 casos positivos para o coronav\u00edrus nesta quinta-feira, 17. 1\u00ba caso: sexo masculino, 46 anos, sem comorbidades, Alto do Jorge; 2\u00ba caso: sexo masculino, 45 anos, sem comorbidades, Alto do Jorge; 3\u00ba caso: sexo feminino, 53 anos, com comorbidades, Frei Dami\u00e3o; 4\u00ba caso: sexo masculino, 37 anos, sem comorbidades, Alto Alegre; 5\u00ba caso: sexo feminino, 42 anos, sem comorbidades, Alto do Jorge; 6\u00ba caso: sexo feminino, 71 anos, com comorbidades, V\u00e1rzea Redonda; 7\u00ba caso: sexo feminino, 40 anos, sem comorbidades, V\u00e1rzea Redonda. Foram registrados 11 casos recuperados na data de hoje N\u00e3o se descuide, cubra bem o nariz e a boca e evite aglomera\u00e7\u00f5es, use \u00e1lcool em gel 70%, e ao sair use m\u00e1scara. Ascom PMS\" \/>\n<meta property=\"og:url\" content=\"https:\/\/noticiasemdestaque.com\/cd\/?p=26927\" \/>\n<meta property=\"og:site_name\" content=\"Not&iacute;cias em Destaque\" \/>\n<meta property=\"article:published_time\" content=\"2020-09-18T14:29:51+00:00\" \/>\n<meta property=\"og:image\" content=\"https:\/\/noticiasemdestaque.com\/cd\/wp-content\/uploads\/2020\/09\/99f0c8cc-6ade-4fd2-b410-140a1689eaee.jpg\" \/>\n\t<meta property=\"og:image:width\" content=\"1080\" \/>\n\t<meta property=\"og:image:height\" content=\"1080\" \/>\n\t<meta property=\"og:image:type\" content=\"image\/jpeg\" \/>\n<meta name=\"author\" content=\"Not\u00edcias em Destaque\" \/>\n<meta name=\"twitter:card\" content=\"summary_large_image\" \/>\n<meta name=\"twitter:label1\" content=\"Escrito por\" \/>\n\t<meta name=\"twitter:data1\" content=\"Not\u00edcias em Destaque\" \/>\n\t<meta name=\"twitter:label2\" content=\"Est. tempo de leitura\" \/>\n\t<meta name=\"twitter:data2\" content=\"1 minuto\" \/>\n<script type=\"application\/ld+json\" class=\"yoast-schema-graph\">{\"@context\":\"https:\/\/schema.org\",\"@graph\":[{\"@type\":\"Article\",\"@id\":\"https:\/\/noticiasemdestaque.com\/cd\/?p=26927#article\",\"isPartOf\":{\"@id\":\"https:\/\/noticiasemdestaque.com\/cd\/?p=26927\"},\"author\":{\"name\":\"Not\u00edcias em Destaque\",\"@id\":\"https:\/\/noticiasemdestaque.com\/cd\/#\/schema\/person\/967a459378479d4fa07976fedd8a7b5e\"},\"headline\":\"Sum\u00e9 registra 7 casos de coronav\u00edrus e 11 recuperados nesta quinta-feira, 17\",\"datePublished\":\"2020-09-18T14:29:51+00:00\",\"mainEntityOfPage\":{\"@id\":\"https:\/\/noticiasemdestaque.com\/cd\/?p=26927\"},\"wordCount\":127,\"publisher\":{\"@id\":\"https:\/\/noticiasemdestaque.com\/cd\/#organization\"},\"image\":{\"@id\":\"https:\/\/noticiasemdestaque.com\/cd\/?p=26927#primaryimage\"},\"thumbnailUrl\":\"https:\/\/noticiasemdestaque.com\/cd\/wp-content\/uploads\/2020\/09\/99f0c8cc-6ade-4fd2-b410-140a1689eaee.jpg\",\"articleSection\":[\"Cidades\"],\"inLanguage\":\"pt-BR\"},{\"@type\":\"WebPage\",\"@id\":\"https:\/\/noticiasemdestaque.com\/cd\/?p=26927\",\"url\":\"https:\/\/noticiasemdestaque.com\/cd\/?p=26927\",\"name\":\"Sum\u00e9 registra 7 casos de coronav\u00edrus e 11 recuperados nesta quinta-feira, 17 - Not&iacute;cias em Destaque\",\"isPartOf\":{\"@id\":\"https:\/\/noticiasemdestaque.com\/cd\/#website\"},\"primaryImageOfPage\":{\"@id\":\"https:\/\/noticiasemdestaque.com\/cd\/?p=26927#primaryimage\"},\"image\":{\"@id\":\"https:\/\/noticiasemdestaque.com\/cd\/?p=26927#primaryimage\"},\"thumbnailUrl\":\"https:\/\/noticiasemdestaque.com\/cd\/wp-content\/uploads\/2020\/09\/99f0c8cc-6ade-4fd2-b410-140a1689eaee.jpg\",\"datePublished\":\"2020-09-18T14:29:51+00:00\",\"breadcrumb\":{\"@id\":\"https:\/\/noticiasemdestaque.com\/cd\/?p=26927#breadcrumb\"},\"inLanguage\":\"pt-BR\",\"potentialAction\":[{\"@type\":\"ReadAction\",\"target\":[\"https:\/\/noticiasemdestaque.com\/cd\/?p=26927\"]}]},{\"@type\":\"ImageObject\",\"inLanguage\":\"pt-BR\",\"@id\":\"https:\/\/noticiasemdestaque.com\/cd\/?p=26927#primaryimage\",\"url\":\"https:\/\/noticiasemdestaque.com\/cd\/wp-content\/uploads\/2020\/09\/99f0c8cc-6ade-4fd2-b410-140a1689eaee.jpg\",\"contentUrl\":\"https:\/\/noticiasemdestaque.com\/cd\/wp-content\/uploads\/2020\/09\/99f0c8cc-6ade-4fd2-b410-140a1689eaee.jpg\",\"width\":1080,\"height\":1080},{\"@type\":\"BreadcrumbList\",\"@id\":\"https:\/\/noticiasemdestaque.com\/cd\/?p=26927#breadcrumb\",\"itemListElement\":[{\"@type\":\"ListItem\",\"position\":1,\"name\":\"In\u00edcio\",\"item\":\"https:\/\/noticiasemdestaque.com\/cd\/\"},{\"@type\":\"ListItem\",\"position\":2,\"name\":\"Sum\u00e9 registra 7 casos de coronav\u00edrus e 11 recuperados nesta quinta-feira, 17\"}]},{\"@type\":\"WebSite\",\"@id\":\"https:\/\/noticiasemdestaque.com\/cd\/#website\",\"url\":\"https:\/\/noticiasemdestaque.com\/cd\/\",\"name\":\"Not&iacute;cias em Destaque\",\"description\":\"\",\"publisher\":{\"@id\":\"https:\/\/noticiasemdestaque.com\/cd\/#organization\"},\"potentialAction\":[{\"@type\":\"SearchAction\",\"target\":{\"@type\":\"EntryPoint\",\"urlTemplate\":\"https:\/\/noticiasemdestaque.com\/cd\/?s={search_term_string}\"},\"query-input\":{\"@type\":\"PropertyValueSpecification\",\"valueRequired\":true,\"valueName\":\"search_term_string\"}}],\"inLanguage\":\"pt-BR\"},{\"@type\":\"Organization\",\"@id\":\"https:\/\/noticiasemdestaque.com\/cd\/#organization\",\"name\":\"Not\u00edcias em Destaque\",\"url\":\"https:\/\/noticiasemdestaque.com\/cd\/\",\"logo\":{\"@type\":\"ImageObject\",\"inLanguage\":\"pt-BR\",\"@id\":\"https:\/\/noticiasemdestaque.com\/cd\/#\/schema\/logo\/image\/\",\"url\":\"https:\/\/noticiasemdestaque.com\/cd\/wp-content\/uploads\/2022\/05\/imagem-base-noticiasemdestaque.png\",\"contentUrl\":\"https:\/\/noticiasemdestaque.com\/cd\/wp-content\/uploads\/2022\/05\/imagem-base-noticiasemdestaque.png\",\"width\":1200,\"height\":630,\"caption\":\"Not\u00edcias em Destaque\"},\"image\":{\"@id\":\"https:\/\/noticiasemdestaque.com\/cd\/#\/schema\/logo\/image\/\"}},{\"@type\":\"Person\",\"@id\":\"https:\/\/noticiasemdestaque.com\/cd\/#\/schema\/person\/967a459378479d4fa07976fedd8a7b5e\",\"name\":\"Not\u00edcias em Destaque\",\"url\":\"https:\/\/noticiasemdestaque.com\/cd\/?author=2\"}]}<\/script>\n<!-- \/ Yoast SEO plugin. -->","yoast_head_json":{"title":"Sum\u00e9 registra 7 casos de coronav\u00edrus e 11 recuperados nesta quinta-feira, 17 - Not&iacute;cias em Destaque","robots":{"index":"index","follow":"follow","max-snippet":"max-snippet:-1","max-image-preview":"max-image-preview:large","max-video-preview":"max-video-preview:-1"},"canonical":"https:\/\/noticiasemdestaque.com\/cd\/?p=26927","og_locale":"pt_BR","og_type":"article","og_title":"Sum\u00e9 registra 7 casos de coronav\u00edrus e 11 recuperados nesta quinta-feira, 17 - Not&iacute;cias em Destaque","og_description":"A Secretaria Municipal de Sa\u00fade de Sum\u00e9 informa que foram registrados 07 casos positivos para o coronav\u00edrus nesta quinta-feira, 17. 1\u00ba caso: sexo masculino, 46 anos, sem comorbidades, Alto do Jorge; 2\u00ba caso: sexo masculino, 45 anos, sem comorbidades, Alto do Jorge; 3\u00ba caso: sexo feminino, 53 anos, com comorbidades, Frei Dami\u00e3o; 4\u00ba caso: sexo masculino, 37 anos, sem comorbidades, Alto Alegre; 5\u00ba caso: sexo feminino, 42 anos, sem comorbidades, Alto do Jorge; 6\u00ba caso: sexo feminino, 71 anos, com comorbidades, V\u00e1rzea Redonda; 7\u00ba caso: sexo feminino, 40 anos, sem comorbidades, V\u00e1rzea Redonda. Foram registrados 11 casos recuperados na data de hoje N\u00e3o se descuide, cubra bem o nariz e a boca e evite aglomera\u00e7\u00f5es, use \u00e1lcool em gel 70%, e ao sair use m\u00e1scara. Ascom PMS","og_url":"https:\/\/noticiasemdestaque.com\/cd\/?p=26927","og_site_name":"Not&iacute;cias em Destaque","article_published_time":"2020-09-18T14:29:51+00:00","og_image":[{"width":1080,"height":1080,"url":"https:\/\/noticiasemdestaque.com\/cd\/wp-content\/uploads\/2020\/09\/99f0c8cc-6ade-4fd2-b410-140a1689eaee.jpg","type":"image\/jpeg"}],"author":"Not\u00edcias em Destaque","twitter_card":"summary_large_image","twitter_misc":{"Escrito por":"Not\u00edcias em Destaque","Est. tempo de leitura":"1 minuto"},"schema":{"@context":"https:\/\/schema.org","@graph":[{"@type":"Article","@id":"https:\/\/noticiasemdestaque.com\/cd\/?p=26927#article","isPartOf":{"@id":"https:\/\/noticiasemdestaque.com\/cd\/?p=26927"},"author":{"name":"Not\u00edcias em Destaque","@id":"https:\/\/noticiasemdestaque.com\/cd\/#\/schema\/person\/967a459378479d4fa07976fedd8a7b5e"},"headline":"Sum\u00e9 registra 7 casos de coronav\u00edrus e 11 recuperados nesta quinta-feira, 17","datePublished":"2020-09-18T14:29:51+00:00","mainEntityOfPage":{"@id":"https:\/\/noticiasemdestaque.com\/cd\/?p=26927"},"wordCount":127,"publisher":{"@id":"https:\/\/noticiasemdestaque.com\/cd\/#organization"},"image":{"@id":"https:\/\/noticiasemdestaque.com\/cd\/?p=26927#primaryimage"},"thumbnailUrl":"https:\/\/noticiasemdestaque.com\/cd\/wp-content\/uploads\/2020\/09\/99f0c8cc-6ade-4fd2-b410-140a1689eaee.jpg","articleSection":["Cidades"],"inLanguage":"pt-BR"},{"@type":"WebPage","@id":"https:\/\/noticiasemdestaque.com\/cd\/?p=26927","url":"https:\/\/noticiasemdestaque.com\/cd\/?p=26927","name":"Sum\u00e9 registra 7 casos de coronav\u00edrus e 11 recuperados nesta quinta-feira, 17 - Not&iacute;cias em Destaque","isPartOf":{"@id":"https:\/\/noticiasemdestaque.com\/cd\/#website"},"primaryImageOfPage":{"@id":"https:\/\/noticiasemdestaque.com\/cd\/?p=26927#primaryimage"},"image":{"@id":"https:\/\/noticiasemdestaque.com\/cd\/?p=26927#primaryimage"},"thumbnailUrl":"https:\/\/noticiasemdestaque.com\/cd\/wp-content\/uploads\/2020\/09\/99f0c8cc-6ade-4fd2-b410-140a1689eaee.jpg","datePublished":"2020-09-18T14:29:51+00:00","breadcrumb":{"@id":"https:\/\/noticiasemdestaque.com\/cd\/?p=26927#breadcrumb"},"inLanguage":"pt-BR","potentialAction":[{"@type":"ReadAction","target":["https:\/\/noticiasemdestaque.com\/cd\/?p=26927"]}]},{"@type":"ImageObject","inLanguage":"pt-BR","@id":"https:\/\/noticiasemdestaque.com\/cd\/?p=26927#primaryimage","url":"https:\/\/noticiasemdestaque.com\/cd\/wp-content\/uploads\/2020\/09\/99f0c8cc-6ade-4fd2-b410-140a1689eaee.jpg","contentUrl":"https:\/\/noticiasemdestaque.com\/cd\/wp-content\/uploads\/2020\/09\/99f0c8cc-6ade-4fd2-b410-140a1689eaee.jpg","width":1080,"height":1080},{"@type":"BreadcrumbList","@id":"https:\/\/noticiasemdestaque.com\/cd\/?p=26927#breadcrumb","itemListElement":[{"@type":"ListItem","position":1,"name":"In\u00edcio","item":"https:\/\/noticiasemdestaque.com\/cd\/"},{"@type":"ListItem","position":2,"name":"Sum\u00e9 registra 7 casos de coronav\u00edrus e 11 recuperados nesta quinta-feira, 17"}]},{"@type":"WebSite","@id":"https:\/\/noticiasemdestaque.com\/cd\/#website","url":"https:\/\/noticiasemdestaque.com\/cd\/","name":"Not&iacute;cias em Destaque","description":"","publisher":{"@id":"https:\/\/noticiasemdestaque.com\/cd\/#organization"},"potentialAction":[{"@type":"SearchAction","target":{"@type":"EntryPoint","urlTemplate":"https:\/\/noticiasemdestaque.com\/cd\/?s={search_term_string}"},"query-input":{"@type":"PropertyValueSpecification","valueRequired":true,"valueName":"search_term_string"}}],"inLanguage":"pt-BR"},{"@type":"Organization","@id":"https:\/\/noticiasemdestaque.com\/cd\/#organization","name":"Not\u00edcias em Destaque","url":"https:\/\/noticiasemdestaque.com\/cd\/","logo":{"@type":"ImageObject","inLanguage":"pt-BR","@id":"https:\/\/noticiasemdestaque.com\/cd\/#\/schema\/logo\/image\/","url":"https:\/\/noticiasemdestaque.com\/cd\/wp-content\/uploads\/2022\/05\/imagem-base-noticiasemdestaque.png","contentUrl":"https:\/\/noticiasemdestaque.com\/cd\/wp-content\/uploads\/2022\/05\/imagem-base-noticiasemdestaque.png","width":1200,"height":630,"caption":"Not\u00edcias em Destaque"},"image":{"@id":"https:\/\/noticiasemdestaque.com\/cd\/#\/schema\/logo\/image\/"}},{"@type":"Person","@id":"https:\/\/noticiasemdestaque.com\/cd\/#\/schema\/person\/967a459378479d4fa07976fedd8a7b5e","name":"Not\u00edcias em Destaque","url":"https:\/\/noticiasemdestaque.com\/cd\/?author=2"}]}},"jetpack_featured_media_url":"https:\/\/noticiasemdestaque.com\/cd\/wp-content\/uploads\/2020\/09\/99f0c8cc-6ade-4fd2-b410-140a1689eaee.jpg","jetpack_sharing_enabled":true,"_links":{"self":[{"href":"https:\/\/noticiasemdestaque.com\/cd\/index.php?rest_route=\/wp\/v2\/posts\/26927","targetHints":{"allow":["GET"]}}],"collection":[{"href":"https:\/\/noticiasemdestaque.com\/cd\/index.php?rest_route=\/wp\/v2\/posts"}],"about":[{"href":"https:\/\/noticiasemdestaque.com\/cd\/index.php?rest_route=\/wp\/v2\/types\/post"}],"author":[{"embeddable":true,"href":"https:\/\/noticiasemdestaque.com\/cd\/index.php?rest_route=\/wp\/v2\/users\/2"}],"replies":[{"embeddable":true,"href":"https:\/\/noticiasemdestaque.com\/cd\/index.php?rest_route=%2Fwp%2Fv2%2Fcomments&post=26927"}],"version-history":[{"count":1,"href":"https:\/\/noticiasemdestaque.com\/cd\/index.php?rest_route=\/wp\/v2\/posts\/26927\/revisions"}],"predecessor-version":[{"id":26929,"href":"https:\/\/noticiasemdestaque.com\/cd\/index.php?rest_route=\/wp\/v2\/posts\/26927\/revisions\/26929"}],"wp:featuredmedia":[{"embeddable":true,"href":"https:\/\/noticiasemdestaque.com\/cd\/index.php?rest_route=\/wp\/v2\/media\/26928"}],"wp:attachment":[{"href":"https:\/\/noticiasemdestaque.com\/cd\/index.php?rest_route=%2Fwp%2Fv2%2Fmedia&parent=26927"}],"wp:term":[{"taxonomy":"category","embeddable":true,"href":"https:\/\/noticiasemdestaque.com\/cd\/index.php?rest_route=%2Fwp%2Fv2%2Fcategories&post=26927"},{"taxonomy":"post_tag","embeddable":true,"href":"https:\/\/noticiasemdestaque.com\/cd\/index.php?rest_route=%2Fwp%2Fv2%2Ftags&post=26927"}],"curies":[{"name":"wp","href":"https:\/\/api.w.org\/{rel}","templated":true}]}}