{"id":26923,"date":"2020-09-18T11:27:44","date_gmt":"2020-09-18T14:27:44","guid":{"rendered":"http:\/\/noticiasemdestaque.com\/cd\/?p=26923"},"modified":"2020-09-18T11:27:44","modified_gmt":"2020-09-18T14:27:44","slug":"fe-e-acao-paroquia-de-nossa-senhora-do-rosario-da-cidade-de-prata-arrecada-donativos-durante-a-pandemia","status":"publish","type":"post","link":"https:\/\/noticiasemdestaque.com\/cd\/?p=26923","title":{"rendered":"F\u00e9 e a\u00e7\u00e3o: Par\u00f3quia de Nossa Senhora do Ros\u00e1rio, da cidade de Prata, arrecada donativos durante a pandemia"},"content":{"rendered":"<p><a href=\"https:\/\/noticiasemdestaque.com\/cd\/wp-content\/uploads\/2020\/09\/854dacf0-6bd8-47ab-af4f-fea25fb77479-990x990-1.jpg\"><img fetchpriority=\"high\" decoding=\"async\" class=\"wp-image-26924 aligncenter\" src=\"https:\/\/noticiasemdestaque.com\/cd\/wp-content\/uploads\/2020\/09\/854dacf0-6bd8-47ab-af4f-fea25fb77479-990x990-1.jpg\" alt=\"\" width=\"497\" height=\"497\" srcset=\"https:\/\/noticiasemdestaque.com\/cd\/wp-content\/uploads\/2020\/09\/854dacf0-6bd8-47ab-af4f-fea25fb77479-990x990-1.jpg 990w, https:\/\/noticiasemdestaque.com\/cd\/wp-content\/uploads\/2020\/09\/854dacf0-6bd8-47ab-af4f-fea25fb77479-990x990-1-300x300.jpg 300w, https:\/\/noticiasemdestaque.com\/cd\/wp-content\/uploads\/2020\/09\/854dacf0-6bd8-47ab-af4f-fea25fb77479-990x990-1-150x150.jpg 150w, https:\/\/noticiasemdestaque.com\/cd\/wp-content\/uploads\/2020\/09\/854dacf0-6bd8-47ab-af4f-fea25fb77479-990x990-1-768x768.jpg 768w\" sizes=\"(max-width: 497px) 100vw, 497px\" \/><\/a><\/p>\n<p>\u201cDe que aproveitar\u00e1, irm\u00e3os, a algu\u00e9m dizer que tem f\u00e9, se n\u00e3o tiver obras?\u201d, a Carta de S\u00e3o Tiago, em seu cap\u00edtulo 2, vers\u00edculo 14, adverte para a import\u00e2ncia da f\u00e9 est\u00e1 unida a a\u00e7\u00e3o, nesse sentido, podemos dizer que a Par\u00f3quia de Nossa Senhora do Ros\u00e1rio, com sede na cidade Prata, e que compreende tamb\u00e9m os munic\u00edpios de Ouro Velho e Amparo, no cariri paraibano, ao longo desses meses de pandemia desenvolveu um trabalho enobrecedor na causa social, arrecadando donativos que foram destinados \u00e0s fam\u00edlias carentes dos tr\u00eas munic\u00edpios, uma institui\u00e7\u00e3o de caridade e mais uma comunidade fora de seu territ\u00f3rio paroquial que passou por um desastre ambiental.<\/p>\n<p>Impulsionados pela f\u00e9, a par\u00f3quia realizou os eventos (retiros abertos) em forma de live durante este per\u00edodo de pandemia, transmitida pelas m\u00eddias sociais da par\u00f3quia com as pastorais e as equipes de servi\u00e7o; os eventos fomentaram nos paroquianos e nas pessoas de boa vontade, o desejo de serem mais solid\u00e1rias. Atrav\u00e9s de eventos on-line, tais como a Festa da Miseric\u00f3rdia, realizada na cidade de Amparo l, e o Santifik (considerado o maior retiro aberto do cariri paraibano), a par\u00f3quia conseguiu arrecadar grande quantidade de doa\u00e7\u00f5es.<\/p>\n<p>Denominado Santifik da Solidariedade, o evento trabalhou a tem\u00e1tica da \u2018gratid\u00e3o\u2019 e, de acordo com o P\u00e1roco, Padre Eude Gomes, agradecer a Deus pela vida, independentemente da circunst\u00e2ncia, \u00e9 motivo de louvor ao bom Deus: \u201cDiante de tudo o que estamos vivenciando, o sofrimento dessa pandemia, temos algo a agradecer a Deus, pela nossa vida, por tudo o que o Senhor realizou. Agradecemos a Deus, tamb\u00e9m, porque tivemos uma grande quantidade de chuva, na zona rural teve muita colheita, foi tempo de fartura, e como agradecer a Deus? Estendendo a m\u00e3o a quem precisa\u201d! Afirmou.<\/p>\n<p>Este mesmo evento apresentou algo curioso; o Padre Eude, esteve participando \u00e0 dist\u00e2ncia, isto porque, ele manteve contato com uma pessoa infectada com o coronav\u00edrus dias antecedentes do Santifik. Contando com o servi\u00e7o da Pastoral da Comunica\u00e7\u00e3o, o Padre montou um est\u00fadio em sua Casa Paroquial e, de l\u00e1, p\u00f4de participar virtualmente, pregando e conduzindo a Adora\u00e7\u00e3o ao Sant\u00edssimo Sacramento, com a participa\u00e7\u00e3o do Padre Marcos Souza (Par\u00f3quia de S\u00e3o Sebasti\u00e3o do Umbuzeiro). Tamb\u00e9m participou desta edi\u00e7\u00e3o do Santifik, o Padre Ednaldo (Par\u00f3quia de Camala\u00fa).<\/p>\n<p>Confira em n\u00fameros, as doa\u00e7\u00f5es arrecadadas:<\/p>\n<p>\u27a1\ufe0f Alimentos (perec\u00edveis e n\u00e3o-perec\u00edveis) \u2013 3.560kg<br \/>\n\u27a1\ufe0f Higiene pessoal e limpeza dom\u00e9stica \u2013 911 unidades<br \/>\n\u27a1\ufe0f Roupas e cal\u00e7ados \u2013 530 unidades<br \/>\n\u27a1\ufe0f Rem\u00e9dios \u2013 57 unidades (caixas)<br \/>\n\u27a1\ufe0f Dinheiro \u2013 R$ 1.900,00Ap\u00f3s o significativo resultado, o Padre Eude rendeu gra\u00e7as a Deus pela partilha generosa: \u201cSinto-me imensamente grato a Deus, por poder contemplar em meus paroquianos, que o Evangelho est\u00e1 saindo do p\u00falpito e ganhando as fam\u00edlias em seus cora\u00e7\u00f5es. Durante estes meses, pudemos experimentar que \u2018de gr\u00e3o em gr\u00e3o a gente faz um ro\u00e7ado\u2019. Obrigado Senhor\u201d. Agradeceu o P\u00e1roco.<\/p>\n<pre>Por: Ascom\r\nFotos e informa\u00e7\u00f5es: Padre Eude Gomes<\/pre>\n","protected":false},"excerpt":{"rendered":"<p>\u201cDe que aproveitar\u00e1, irm\u00e3os, a algu\u00e9m dizer que tem f\u00e9, se n\u00e3o tiver obras?\u201d, a Carta de S\u00e3o Tiago, em seu cap\u00edtulo 2, vers\u00edculo 14, adverte para a import\u00e2ncia da f\u00e9 est\u00e1 unida a a\u00e7\u00e3o, nesse sentido, podemos dizer que a Par\u00f3quia de Nossa Senhora do Ros\u00e1rio, com sede na cidade Prata, e que compreende tamb\u00e9m os munic\u00edpios de Ouro Velho e Amparo, no cariri paraibano, ao longo desses meses de pandemia desenvolveu um trabalho enobrecedor na causa social, arrecadando donativos que foram destinados \u00e0s fam\u00edlias carentes dos tr\u00eas munic\u00edpios, uma institui\u00e7\u00e3o de caridade e mais uma comunidade fora de seu territ\u00f3rio paroquial que passou por um desastre ambiental. Impulsionados pela f\u00e9, a par\u00f3quia realizou os eventos (retiros abertos) em forma de live durante este per\u00edodo de pandemia, transmitida pelas m\u00eddias sociais da par\u00f3quia com as pastorais e as equipes de servi\u00e7o; os eventos fomentaram nos paroquianos e nas pessoas de boa vontade, o desejo de serem mais solid\u00e1rias. Atrav\u00e9s de eventos on-line, tais como a Festa da Miseric\u00f3rdia, realizada na cidade de Amparo l, e o Santifik (considerado o maior retiro aberto do cariri paraibano), a par\u00f3quia conseguiu arrecadar grande quantidade de doa\u00e7\u00f5es. Denominado Santifik da Solidariedade, o evento trabalhou a tem\u00e1tica da \u2018gratid\u00e3o\u2019 e, de acordo com o P\u00e1roco, Padre Eude Gomes, agradecer a Deus pela vida, independentemente da circunst\u00e2ncia, \u00e9 motivo de louvor ao bom Deus: \u201cDiante de tudo o que estamos vivenciando, o sofrimento dessa pandemia, temos algo a agradecer a Deus, pela nossa vida, por tudo o que o Senhor realizou. Agradecemos a Deus, tamb\u00e9m, porque tivemos uma grande quantidade de chuva, na zona rural teve muita colheita, foi tempo de fartura, e como agradecer a Deus? Estendendo a m\u00e3o a quem precisa\u201d! Afirmou. Este mesmo evento apresentou algo curioso; o Padre Eude, esteve participando \u00e0 dist\u00e2ncia, isto porque, ele manteve contato com uma pessoa infectada com o coronav\u00edrus dias antecedentes do Santifik. Contando com o servi\u00e7o da Pastoral da Comunica\u00e7\u00e3o, o Padre montou um est\u00fadio em sua Casa Paroquial e, de l\u00e1, p\u00f4de participar virtualmente, pregando e conduzindo a Adora\u00e7\u00e3o ao Sant\u00edssimo Sacramento, com a participa\u00e7\u00e3o do Padre Marcos Souza (Par\u00f3quia de S\u00e3o Sebasti\u00e3o do Umbuzeiro). Tamb\u00e9m participou desta edi\u00e7\u00e3o do Santifik, o Padre Ednaldo (Par\u00f3quia de Camala\u00fa). Confira em n\u00fameros, as doa\u00e7\u00f5es arrecadadas: \u27a1\ufe0f Alimentos (perec\u00edveis e n\u00e3o-perec\u00edveis) \u2013 3.560kg \u27a1\ufe0f Higiene pessoal e limpeza dom\u00e9stica \u2013 911 unidades \u27a1\ufe0f Roupas e cal\u00e7ados \u2013 530 unidades \u27a1\ufe0f Rem\u00e9dios \u2013 57 unidades (caixas) \u27a1\ufe0f Dinheiro \u2013 R$ 1.900,00Ap\u00f3s o significativo resultado, o Padre Eude rendeu gra\u00e7as a Deus pela partilha generosa: \u201cSinto-me imensamente grato a Deus, por poder contemplar em meus paroquianos, que o Evangelho est\u00e1 saindo do p\u00falpito e ganhando as fam\u00edlias em seus cora\u00e7\u00f5es. Durante estes meses, pudemos experimentar que \u2018de gr\u00e3o em gr\u00e3o a gente faz um ro\u00e7ado\u2019. Obrigado Senhor\u201d. Agradeceu o P\u00e1roco. Por: Ascom Fotos e informa\u00e7\u00f5es: Padre Eude Gomes<\/p>\n","protected":false},"author":2,"featured_media":26924,"comment_status":"closed","ping_status":"open","sticky":false,"template":"","format":"standard","meta":{"_eb_attr":"","_jetpack_memberships_contains_paid_content":false,"footnotes":""},"categories":[3],"tags":[],"class_list":["post-26923","post","type-post","status-publish","format-standard","has-post-thumbnail","hentry","category-cidades"],"yoast_head":"<!-- This site is optimized with the Yoast SEO plugin v26.5 - https:\/\/yoast.com\/wordpress\/plugins\/seo\/ -->\n<title>F\u00e9 e a\u00e7\u00e3o: Par\u00f3quia de Nossa Senhora do Ros\u00e1rio, da cidade de Prata, arrecada donativos durante a pandemia - Not&iacute;cias em Destaque<\/title>\n<meta name=\"robots\" content=\"index, follow, max-snippet:-1, max-image-preview:large, max-video-preview:-1\" \/>\n<link rel=\"canonical\" href=\"https:\/\/noticiasemdestaque.com\/cd\/?p=26923\" \/>\n<meta property=\"og:locale\" content=\"pt_BR\" \/>\n<meta property=\"og:type\" content=\"article\" \/>\n<meta property=\"og:title\" content=\"F\u00e9 e a\u00e7\u00e3o: Par\u00f3quia de Nossa Senhora do Ros\u00e1rio, da cidade de Prata, arrecada donativos durante a pandemia - Not&iacute;cias em Destaque\" \/>\n<meta property=\"og:description\" content=\"\u201cDe que aproveitar\u00e1, irm\u00e3os, a algu\u00e9m dizer que tem f\u00e9, se n\u00e3o tiver obras?\u201d, a Carta de S\u00e3o Tiago, em seu cap\u00edtulo 2, vers\u00edculo 14, adverte para a import\u00e2ncia da f\u00e9 est\u00e1 unida a a\u00e7\u00e3o, nesse sentido, podemos dizer que a Par\u00f3quia de Nossa Senhora do Ros\u00e1rio, com sede na cidade Prata, e que compreende tamb\u00e9m os munic\u00edpios de Ouro Velho e Amparo, no cariri paraibano, ao longo desses meses de pandemia desenvolveu um trabalho enobrecedor na causa social, arrecadando donativos que foram destinados \u00e0s fam\u00edlias carentes dos tr\u00eas munic\u00edpios, uma institui\u00e7\u00e3o de caridade e mais uma comunidade fora de seu territ\u00f3rio paroquial que passou por um desastre ambiental. Impulsionados pela f\u00e9, a par\u00f3quia realizou os eventos (retiros abertos) em forma de live durante este per\u00edodo de pandemia, transmitida pelas m\u00eddias sociais da par\u00f3quia com as pastorais e as equipes de servi\u00e7o; os eventos fomentaram nos paroquianos e nas pessoas de boa vontade, o desejo de serem mais solid\u00e1rias. Atrav\u00e9s de eventos on-line, tais como a Festa da Miseric\u00f3rdia, realizada na cidade de Amparo l, e o Santifik (considerado o maior retiro aberto do cariri paraibano), a par\u00f3quia conseguiu arrecadar grande quantidade de doa\u00e7\u00f5es. Denominado Santifik da Solidariedade, o evento trabalhou a tem\u00e1tica da \u2018gratid\u00e3o\u2019 e, de acordo com o P\u00e1roco, Padre Eude Gomes, agradecer a Deus pela vida, independentemente da circunst\u00e2ncia, \u00e9 motivo de louvor ao bom Deus: \u201cDiante de tudo o que estamos vivenciando, o sofrimento dessa pandemia, temos algo a agradecer a Deus, pela nossa vida, por tudo o que o Senhor realizou. Agradecemos a Deus, tamb\u00e9m, porque tivemos uma grande quantidade de chuva, na zona rural teve muita colheita, foi tempo de fartura, e como agradecer a Deus? Estendendo a m\u00e3o a quem precisa\u201d! Afirmou. Este mesmo evento apresentou algo curioso; o Padre Eude, esteve participando \u00e0 dist\u00e2ncia, isto porque, ele manteve contato com uma pessoa infectada com o coronav\u00edrus dias antecedentes do Santifik. Contando com o servi\u00e7o da Pastoral da Comunica\u00e7\u00e3o, o Padre montou um est\u00fadio em sua Casa Paroquial e, de l\u00e1, p\u00f4de participar virtualmente, pregando e conduzindo a Adora\u00e7\u00e3o ao Sant\u00edssimo Sacramento, com a participa\u00e7\u00e3o do Padre Marcos Souza (Par\u00f3quia de S\u00e3o Sebasti\u00e3o do Umbuzeiro). Tamb\u00e9m participou desta edi\u00e7\u00e3o do Santifik, o Padre Ednaldo (Par\u00f3quia de Camala\u00fa). Confira em n\u00fameros, as doa\u00e7\u00f5es arrecadadas: \u27a1\ufe0f Alimentos (perec\u00edveis e n\u00e3o-perec\u00edveis) \u2013 3.560kg \u27a1\ufe0f Higiene pessoal e limpeza dom\u00e9stica \u2013 911 unidades \u27a1\ufe0f Roupas e cal\u00e7ados \u2013 530 unidades \u27a1\ufe0f Rem\u00e9dios \u2013 57 unidades (caixas) \u27a1\ufe0f Dinheiro \u2013 R$ 1.900,00Ap\u00f3s o significativo resultado, o Padre Eude rendeu gra\u00e7as a Deus pela partilha generosa: \u201cSinto-me imensamente grato a Deus, por poder contemplar em meus paroquianos, que o Evangelho est\u00e1 saindo do p\u00falpito e ganhando as fam\u00edlias em seus cora\u00e7\u00f5es. Durante estes meses, pudemos experimentar que \u2018de gr\u00e3o em gr\u00e3o a gente faz um ro\u00e7ado\u2019. Obrigado Senhor\u201d. Agradeceu o P\u00e1roco. Por: Ascom Fotos e informa\u00e7\u00f5es: Padre Eude Gomes\" \/>\n<meta property=\"og:url\" content=\"https:\/\/noticiasemdestaque.com\/cd\/?p=26923\" \/>\n<meta property=\"og:site_name\" content=\"Not&iacute;cias em Destaque\" \/>\n<meta property=\"article:published_time\" content=\"2020-09-18T14:27:44+00:00\" \/>\n<meta property=\"og:image\" content=\"https:\/\/noticiasemdestaque.com\/cd\/wp-content\/uploads\/2020\/09\/854dacf0-6bd8-47ab-af4f-fea25fb77479-990x990-1.jpg\" \/>\n\t<meta property=\"og:image:width\" content=\"990\" \/>\n\t<meta property=\"og:image:height\" content=\"990\" \/>\n\t<meta property=\"og:image:type\" content=\"image\/jpeg\" \/>\n<meta name=\"author\" content=\"Not\u00edcias em Destaque\" \/>\n<meta name=\"twitter:card\" content=\"summary_large_image\" \/>\n<meta name=\"twitter:label1\" content=\"Escrito por\" \/>\n\t<meta name=\"twitter:data1\" content=\"Not\u00edcias em Destaque\" \/>\n\t<meta name=\"twitter:label2\" content=\"Est. tempo de leitura\" \/>\n\t<meta name=\"twitter:data2\" content=\"3 minutos\" \/>\n<script type=\"application\/ld+json\" class=\"yoast-schema-graph\">{\"@context\":\"https:\/\/schema.org\",\"@graph\":[{\"@type\":\"Article\",\"@id\":\"https:\/\/noticiasemdestaque.com\/cd\/?p=26923#article\",\"isPartOf\":{\"@id\":\"https:\/\/noticiasemdestaque.com\/cd\/?p=26923\"},\"author\":{\"name\":\"Not\u00edcias em Destaque\",\"@id\":\"https:\/\/noticiasemdestaque.com\/cd\/#\/schema\/person\/967a459378479d4fa07976fedd8a7b5e\"},\"headline\":\"F\u00e9 e a\u00e7\u00e3o: Par\u00f3quia de Nossa Senhora do Ros\u00e1rio, da cidade de Prata, arrecada donativos durante a pandemia\",\"datePublished\":\"2020-09-18T14:27:44+00:00\",\"mainEntityOfPage\":{\"@id\":\"https:\/\/noticiasemdestaque.com\/cd\/?p=26923\"},\"wordCount\":541,\"publisher\":{\"@id\":\"https:\/\/noticiasemdestaque.com\/cd\/#organization\"},\"image\":{\"@id\":\"https:\/\/noticiasemdestaque.com\/cd\/?p=26923#primaryimage\"},\"thumbnailUrl\":\"https:\/\/noticiasemdestaque.com\/cd\/wp-content\/uploads\/2020\/09\/854dacf0-6bd8-47ab-af4f-fea25fb77479-990x990-1.jpg\",\"articleSection\":[\"Cidades\"],\"inLanguage\":\"pt-BR\"},{\"@type\":\"WebPage\",\"@id\":\"https:\/\/noticiasemdestaque.com\/cd\/?p=26923\",\"url\":\"https:\/\/noticiasemdestaque.com\/cd\/?p=26923\",\"name\":\"F\u00e9 e a\u00e7\u00e3o: Par\u00f3quia de Nossa Senhora do Ros\u00e1rio, da cidade de Prata, arrecada donativos durante a pandemia - Not&iacute;cias em Destaque\",\"isPartOf\":{\"@id\":\"https:\/\/noticiasemdestaque.com\/cd\/#website\"},\"primaryImageOfPage\":{\"@id\":\"https:\/\/noticiasemdestaque.com\/cd\/?p=26923#primaryimage\"},\"image\":{\"@id\":\"https:\/\/noticiasemdestaque.com\/cd\/?p=26923#primaryimage\"},\"thumbnailUrl\":\"https:\/\/noticiasemdestaque.com\/cd\/wp-content\/uploads\/2020\/09\/854dacf0-6bd8-47ab-af4f-fea25fb77479-990x990-1.jpg\",\"datePublished\":\"2020-09-18T14:27:44+00:00\",\"breadcrumb\":{\"@id\":\"https:\/\/noticiasemdestaque.com\/cd\/?p=26923#breadcrumb\"},\"inLanguage\":\"pt-BR\",\"potentialAction\":[{\"@type\":\"ReadAction\",\"target\":[\"https:\/\/noticiasemdestaque.com\/cd\/?p=26923\"]}]},{\"@type\":\"ImageObject\",\"inLanguage\":\"pt-BR\",\"@id\":\"https:\/\/noticiasemdestaque.com\/cd\/?p=26923#primaryimage\",\"url\":\"https:\/\/noticiasemdestaque.com\/cd\/wp-content\/uploads\/2020\/09\/854dacf0-6bd8-47ab-af4f-fea25fb77479-990x990-1.jpg\",\"contentUrl\":\"https:\/\/noticiasemdestaque.com\/cd\/wp-content\/uploads\/2020\/09\/854dacf0-6bd8-47ab-af4f-fea25fb77479-990x990-1.jpg\",\"width\":990,\"height\":990},{\"@type\":\"BreadcrumbList\",\"@id\":\"https:\/\/noticiasemdestaque.com\/cd\/?p=26923#breadcrumb\",\"itemListElement\":[{\"@type\":\"ListItem\",\"position\":1,\"name\":\"In\u00edcio\",\"item\":\"https:\/\/noticiasemdestaque.com\/cd\/\"},{\"@type\":\"ListItem\",\"position\":2,\"name\":\"F\u00e9 e a\u00e7\u00e3o: Par\u00f3quia de Nossa Senhora do Ros\u00e1rio, da cidade de Prata, arrecada donativos durante a pandemia\"}]},{\"@type\":\"WebSite\",\"@id\":\"https:\/\/noticiasemdestaque.com\/cd\/#website\",\"url\":\"https:\/\/noticiasemdestaque.com\/cd\/\",\"name\":\"Not&iacute;cias em Destaque\",\"description\":\"\",\"publisher\":{\"@id\":\"https:\/\/noticiasemdestaque.com\/cd\/#organization\"},\"potentialAction\":[{\"@type\":\"SearchAction\",\"target\":{\"@type\":\"EntryPoint\",\"urlTemplate\":\"https:\/\/noticiasemdestaque.com\/cd\/?s={search_term_string}\"},\"query-input\":{\"@type\":\"PropertyValueSpecification\",\"valueRequired\":true,\"valueName\":\"search_term_string\"}}],\"inLanguage\":\"pt-BR\"},{\"@type\":\"Organization\",\"@id\":\"https:\/\/noticiasemdestaque.com\/cd\/#organization\",\"name\":\"Not\u00edcias em Destaque\",\"url\":\"https:\/\/noticiasemdestaque.com\/cd\/\",\"logo\":{\"@type\":\"ImageObject\",\"inLanguage\":\"pt-BR\",\"@id\":\"https:\/\/noticiasemdestaque.com\/cd\/#\/schema\/logo\/image\/\",\"url\":\"https:\/\/noticiasemdestaque.com\/cd\/wp-content\/uploads\/2022\/05\/imagem-base-noticiasemdestaque.png\",\"contentUrl\":\"https:\/\/noticiasemdestaque.com\/cd\/wp-content\/uploads\/2022\/05\/imagem-base-noticiasemdestaque.png\",\"width\":1200,\"height\":630,\"caption\":\"Not\u00edcias em Destaque\"},\"image\":{\"@id\":\"https:\/\/noticiasemdestaque.com\/cd\/#\/schema\/logo\/image\/\"}},{\"@type\":\"Person\",\"@id\":\"https:\/\/noticiasemdestaque.com\/cd\/#\/schema\/person\/967a459378479d4fa07976fedd8a7b5e\",\"name\":\"Not\u00edcias em Destaque\",\"url\":\"https:\/\/noticiasemdestaque.com\/cd\/?author=2\"}]}<\/script>\n<!-- \/ Yoast SEO plugin. -->","yoast_head_json":{"title":"F\u00e9 e a\u00e7\u00e3o: Par\u00f3quia de Nossa Senhora do Ros\u00e1rio, da cidade de Prata, arrecada donativos durante a pandemia - Not&iacute;cias em Destaque","robots":{"index":"index","follow":"follow","max-snippet":"max-snippet:-1","max-image-preview":"max-image-preview:large","max-video-preview":"max-video-preview:-1"},"canonical":"https:\/\/noticiasemdestaque.com\/cd\/?p=26923","og_locale":"pt_BR","og_type":"article","og_title":"F\u00e9 e a\u00e7\u00e3o: Par\u00f3quia de Nossa Senhora do Ros\u00e1rio, da cidade de Prata, arrecada donativos durante a pandemia - Not&iacute;cias em Destaque","og_description":"\u201cDe que aproveitar\u00e1, irm\u00e3os, a algu\u00e9m dizer que tem f\u00e9, se n\u00e3o tiver obras?\u201d, a Carta de S\u00e3o Tiago, em seu cap\u00edtulo 2, vers\u00edculo 14, adverte para a import\u00e2ncia da f\u00e9 est\u00e1 unida a a\u00e7\u00e3o, nesse sentido, podemos dizer que a Par\u00f3quia de Nossa Senhora do Ros\u00e1rio, com sede na cidade Prata, e que compreende tamb\u00e9m os munic\u00edpios de Ouro Velho e Amparo, no cariri paraibano, ao longo desses meses de pandemia desenvolveu um trabalho enobrecedor na causa social, arrecadando donativos que foram destinados \u00e0s fam\u00edlias carentes dos tr\u00eas munic\u00edpios, uma institui\u00e7\u00e3o de caridade e mais uma comunidade fora de seu territ\u00f3rio paroquial que passou por um desastre ambiental. Impulsionados pela f\u00e9, a par\u00f3quia realizou os eventos (retiros abertos) em forma de live durante este per\u00edodo de pandemia, transmitida pelas m\u00eddias sociais da par\u00f3quia com as pastorais e as equipes de servi\u00e7o; os eventos fomentaram nos paroquianos e nas pessoas de boa vontade, o desejo de serem mais solid\u00e1rias. Atrav\u00e9s de eventos on-line, tais como a Festa da Miseric\u00f3rdia, realizada na cidade de Amparo l, e o Santifik (considerado o maior retiro aberto do cariri paraibano), a par\u00f3quia conseguiu arrecadar grande quantidade de doa\u00e7\u00f5es. Denominado Santifik da Solidariedade, o evento trabalhou a tem\u00e1tica da \u2018gratid\u00e3o\u2019 e, de acordo com o P\u00e1roco, Padre Eude Gomes, agradecer a Deus pela vida, independentemente da circunst\u00e2ncia, \u00e9 motivo de louvor ao bom Deus: \u201cDiante de tudo o que estamos vivenciando, o sofrimento dessa pandemia, temos algo a agradecer a Deus, pela nossa vida, por tudo o que o Senhor realizou. Agradecemos a Deus, tamb\u00e9m, porque tivemos uma grande quantidade de chuva, na zona rural teve muita colheita, foi tempo de fartura, e como agradecer a Deus? Estendendo a m\u00e3o a quem precisa\u201d! Afirmou. Este mesmo evento apresentou algo curioso; o Padre Eude, esteve participando \u00e0 dist\u00e2ncia, isto porque, ele manteve contato com uma pessoa infectada com o coronav\u00edrus dias antecedentes do Santifik. Contando com o servi\u00e7o da Pastoral da Comunica\u00e7\u00e3o, o Padre montou um est\u00fadio em sua Casa Paroquial e, de l\u00e1, p\u00f4de participar virtualmente, pregando e conduzindo a Adora\u00e7\u00e3o ao Sant\u00edssimo Sacramento, com a participa\u00e7\u00e3o do Padre Marcos Souza (Par\u00f3quia de S\u00e3o Sebasti\u00e3o do Umbuzeiro). Tamb\u00e9m participou desta edi\u00e7\u00e3o do Santifik, o Padre Ednaldo (Par\u00f3quia de Camala\u00fa). Confira em n\u00fameros, as doa\u00e7\u00f5es arrecadadas: \u27a1\ufe0f Alimentos (perec\u00edveis e n\u00e3o-perec\u00edveis) \u2013 3.560kg \u27a1\ufe0f Higiene pessoal e limpeza dom\u00e9stica \u2013 911 unidades \u27a1\ufe0f Roupas e cal\u00e7ados \u2013 530 unidades \u27a1\ufe0f Rem\u00e9dios \u2013 57 unidades (caixas) \u27a1\ufe0f Dinheiro \u2013 R$ 1.900,00Ap\u00f3s o significativo resultado, o Padre Eude rendeu gra\u00e7as a Deus pela partilha generosa: \u201cSinto-me imensamente grato a Deus, por poder contemplar em meus paroquianos, que o Evangelho est\u00e1 saindo do p\u00falpito e ganhando as fam\u00edlias em seus cora\u00e7\u00f5es. Durante estes meses, pudemos experimentar que \u2018de gr\u00e3o em gr\u00e3o a gente faz um ro\u00e7ado\u2019. Obrigado Senhor\u201d. Agradeceu o P\u00e1roco. Por: Ascom Fotos e informa\u00e7\u00f5es: Padre Eude Gomes","og_url":"https:\/\/noticiasemdestaque.com\/cd\/?p=26923","og_site_name":"Not&iacute;cias em Destaque","article_published_time":"2020-09-18T14:27:44+00:00","og_image":[{"width":990,"height":990,"url":"https:\/\/noticiasemdestaque.com\/cd\/wp-content\/uploads\/2020\/09\/854dacf0-6bd8-47ab-af4f-fea25fb77479-990x990-1.jpg","type":"image\/jpeg"}],"author":"Not\u00edcias em Destaque","twitter_card":"summary_large_image","twitter_misc":{"Escrito por":"Not\u00edcias em Destaque","Est. tempo de leitura":"3 minutos"},"schema":{"@context":"https:\/\/schema.org","@graph":[{"@type":"Article","@id":"https:\/\/noticiasemdestaque.com\/cd\/?p=26923#article","isPartOf":{"@id":"https:\/\/noticiasemdestaque.com\/cd\/?p=26923"},"author":{"name":"Not\u00edcias em Destaque","@id":"https:\/\/noticiasemdestaque.com\/cd\/#\/schema\/person\/967a459378479d4fa07976fedd8a7b5e"},"headline":"F\u00e9 e a\u00e7\u00e3o: Par\u00f3quia de Nossa Senhora do Ros\u00e1rio, da cidade de Prata, arrecada donativos durante a pandemia","datePublished":"2020-09-18T14:27:44+00:00","mainEntityOfPage":{"@id":"https:\/\/noticiasemdestaque.com\/cd\/?p=26923"},"wordCount":541,"publisher":{"@id":"https:\/\/noticiasemdestaque.com\/cd\/#organization"},"image":{"@id":"https:\/\/noticiasemdestaque.com\/cd\/?p=26923#primaryimage"},"thumbnailUrl":"https:\/\/noticiasemdestaque.com\/cd\/wp-content\/uploads\/2020\/09\/854dacf0-6bd8-47ab-af4f-fea25fb77479-990x990-1.jpg","articleSection":["Cidades"],"inLanguage":"pt-BR"},{"@type":"WebPage","@id":"https:\/\/noticiasemdestaque.com\/cd\/?p=26923","url":"https:\/\/noticiasemdestaque.com\/cd\/?p=26923","name":"F\u00e9 e a\u00e7\u00e3o: Par\u00f3quia de Nossa Senhora do Ros\u00e1rio, da cidade de Prata, arrecada donativos durante a pandemia - Not&iacute;cias em Destaque","isPartOf":{"@id":"https:\/\/noticiasemdestaque.com\/cd\/#website"},"primaryImageOfPage":{"@id":"https:\/\/noticiasemdestaque.com\/cd\/?p=26923#primaryimage"},"image":{"@id":"https:\/\/noticiasemdestaque.com\/cd\/?p=26923#primaryimage"},"thumbnailUrl":"https:\/\/noticiasemdestaque.com\/cd\/wp-content\/uploads\/2020\/09\/854dacf0-6bd8-47ab-af4f-fea25fb77479-990x990-1.jpg","datePublished":"2020-09-18T14:27:44+00:00","breadcrumb":{"@id":"https:\/\/noticiasemdestaque.com\/cd\/?p=26923#breadcrumb"},"inLanguage":"pt-BR","potentialAction":[{"@type":"ReadAction","target":["https:\/\/noticiasemdestaque.com\/cd\/?p=26923"]}]},{"@type":"ImageObject","inLanguage":"pt-BR","@id":"https:\/\/noticiasemdestaque.com\/cd\/?p=26923#primaryimage","url":"https:\/\/noticiasemdestaque.com\/cd\/wp-content\/uploads\/2020\/09\/854dacf0-6bd8-47ab-af4f-fea25fb77479-990x990-1.jpg","contentUrl":"https:\/\/noticiasemdestaque.com\/cd\/wp-content\/uploads\/2020\/09\/854dacf0-6bd8-47ab-af4f-fea25fb77479-990x990-1.jpg","width":990,"height":990},{"@type":"BreadcrumbList","@id":"https:\/\/noticiasemdestaque.com\/cd\/?p=26923#breadcrumb","itemListElement":[{"@type":"ListItem","position":1,"name":"In\u00edcio","item":"https:\/\/noticiasemdestaque.com\/cd\/"},{"@type":"ListItem","position":2,"name":"F\u00e9 e a\u00e7\u00e3o: Par\u00f3quia de Nossa Senhora do Ros\u00e1rio, da cidade de Prata, arrecada donativos durante a pandemia"}]},{"@type":"WebSite","@id":"https:\/\/noticiasemdestaque.com\/cd\/#website","url":"https:\/\/noticiasemdestaque.com\/cd\/","name":"Not&iacute;cias em Destaque","description":"","publisher":{"@id":"https:\/\/noticiasemdestaque.com\/cd\/#organization"},"potentialAction":[{"@type":"SearchAction","target":{"@type":"EntryPoint","urlTemplate":"https:\/\/noticiasemdestaque.com\/cd\/?s={search_term_string}"},"query-input":{"@type":"PropertyValueSpecification","valueRequired":true,"valueName":"search_term_string"}}],"inLanguage":"pt-BR"},{"@type":"Organization","@id":"https:\/\/noticiasemdestaque.com\/cd\/#organization","name":"Not\u00edcias em Destaque","url":"https:\/\/noticiasemdestaque.com\/cd\/","logo":{"@type":"ImageObject","inLanguage":"pt-BR","@id":"https:\/\/noticiasemdestaque.com\/cd\/#\/schema\/logo\/image\/","url":"https:\/\/noticiasemdestaque.com\/cd\/wp-content\/uploads\/2022\/05\/imagem-base-noticiasemdestaque.png","contentUrl":"https:\/\/noticiasemdestaque.com\/cd\/wp-content\/uploads\/2022\/05\/imagem-base-noticiasemdestaque.png","width":1200,"height":630,"caption":"Not\u00edcias em Destaque"},"image":{"@id":"https:\/\/noticiasemdestaque.com\/cd\/#\/schema\/logo\/image\/"}},{"@type":"Person","@id":"https:\/\/noticiasemdestaque.com\/cd\/#\/schema\/person\/967a459378479d4fa07976fedd8a7b5e","name":"Not\u00edcias em Destaque","url":"https:\/\/noticiasemdestaque.com\/cd\/?author=2"}]}},"jetpack_featured_media_url":"https:\/\/noticiasemdestaque.com\/cd\/wp-content\/uploads\/2020\/09\/854dacf0-6bd8-47ab-af4f-fea25fb77479-990x990-1.jpg","jetpack_sharing_enabled":true,"_links":{"self":[{"href":"https:\/\/noticiasemdestaque.com\/cd\/index.php?rest_route=\/wp\/v2\/posts\/26923","targetHints":{"allow":["GET"]}}],"collection":[{"href":"https:\/\/noticiasemdestaque.com\/cd\/index.php?rest_route=\/wp\/v2\/posts"}],"about":[{"href":"https:\/\/noticiasemdestaque.com\/cd\/index.php?rest_route=\/wp\/v2\/types\/post"}],"author":[{"embeddable":true,"href":"https:\/\/noticiasemdestaque.com\/cd\/index.php?rest_route=\/wp\/v2\/users\/2"}],"replies":[{"embeddable":true,"href":"https:\/\/noticiasemdestaque.com\/cd\/index.php?rest_route=%2Fwp%2Fv2%2Fcomments&post=26923"}],"version-history":[{"count":1,"href":"https:\/\/noticiasemdestaque.com\/cd\/index.php?rest_route=\/wp\/v2\/posts\/26923\/revisions"}],"predecessor-version":[{"id":26925,"href":"https:\/\/noticiasemdestaque.com\/cd\/index.php?rest_route=\/wp\/v2\/posts\/26923\/revisions\/26925"}],"wp:featuredmedia":[{"embeddable":true,"href":"https:\/\/noticiasemdestaque.com\/cd\/index.php?rest_route=\/wp\/v2\/media\/26924"}],"wp:attachment":[{"href":"https:\/\/noticiasemdestaque.com\/cd\/index.php?rest_route=%2Fwp%2Fv2%2Fmedia&parent=26923"}],"wp:term":[{"taxonomy":"category","embeddable":true,"href":"https:\/\/noticiasemdestaque.com\/cd\/index.php?rest_route=%2Fwp%2Fv2%2Fcategories&post=26923"},{"taxonomy":"post_tag","embeddable":true,"href":"https:\/\/noticiasemdestaque.com\/cd\/index.php?rest_route=%2Fwp%2Fv2%2Ftags&post=26923"}],"curies":[{"name":"wp","href":"https:\/\/api.w.org\/{rel}","templated":true}]}}