{"id":26914,"date":"2020-09-17T08:23:48","date_gmt":"2020-09-17T11:23:48","guid":{"rendered":"http:\/\/noticiasemdestaque.com\/cd\/?p=26914"},"modified":"2020-09-17T08:23:48","modified_gmt":"2020-09-17T11:23:48","slug":"bolsa-familia-comeca-a-receber-nova-parcela-do-auxilio-de-r-300","status":"publish","type":"post","link":"https:\/\/noticiasemdestaque.com\/cd\/?p=26914","title":{"rendered":"Bolsa Fam\u00edlia come\u00e7a a receber nova parcela do aux\u00edlio de R$ 300"},"content":{"rendered":"<p><a href=\"https:\/\/noticiasemdestaque.com\/cd\/wp-content\/uploads\/2020\/03\/bolsa-familia-550x352.jpg\"><img fetchpriority=\"high\" decoding=\"async\" class=\"size-full wp-image-23555 aligncenter\" src=\"https:\/\/noticiasemdestaque.com\/cd\/wp-content\/uploads\/2020\/03\/bolsa-familia-550x352.jpg\" alt=\"\" width=\"550\" height=\"352\" srcset=\"https:\/\/noticiasemdestaque.com\/cd\/wp-content\/uploads\/2020\/03\/bolsa-familia-550x352.jpg 550w, https:\/\/noticiasemdestaque.com\/cd\/wp-content\/uploads\/2020\/03\/bolsa-familia-550x352-300x192.jpg 300w\" sizes=\"(max-width: 550px) 100vw, 550px\" \/><\/a><\/p>\n<p>O Bolsa Fam\u00edlia come\u00e7a a receber as novas parcelas do\u00a0<a href=\"https:\/\/noticias.r7.com\/economia\/caixa-deposita-auxilio-de-r-600-para-mais-39-milhoes-nesta-quarta-16092020\"><strong>aux\u00edlio emergencial<\/strong><\/a>\u00a0de R$ 300 nesta quinta-feira (17). Com a mudan\u00e7a de valor, 4,9 millh\u00f5es deixaram de ganhar o aux\u00edlio neste grupo, ou seja, 15% dos 19,2 milh\u00f5es de inscritos em abril. No caso de o benef\u00edcio ser maior que a nova parcela do aux\u00edlio, a pessoa escolhe o mais vantajoso.<\/p>\n<p>Esse grupo \u00e9 o primeiro a ganhar a parcela extra porque segue calend\u00e1rio de pagamento do programa, realizado sempre nos dez \u00faltimos dias \u00fateis de cada m\u00eas, de acordo com o final do NIS (N\u00famero de Identifica\u00e7\u00e3o Social).<\/p>\n<p>Ser\u00e3o beneficiadas hoje 1,6 milh\u00e3o de pessoas com NIS final 1. O pagamento segue at\u00e9 o dia 30, para os que t\u00eam o NIS final 0.\u00a0No total, ser\u00e3o pagos R$ 4,3 bilh\u00f5es para mais de 16,3 milh\u00f5es de pessoas.<\/p>\n<p>Com R7<\/p>\n","protected":false},"excerpt":{"rendered":"<p>O Bolsa Fam\u00edlia come\u00e7a a receber as novas parcelas do\u00a0aux\u00edlio emergencial\u00a0de R$ 300 nesta quinta-feira (17). Com a mudan\u00e7a de valor, 4,9 millh\u00f5es deixaram de ganhar o aux\u00edlio neste grupo, ou seja, 15% dos 19,2 milh\u00f5es de inscritos em abril. No caso de o benef\u00edcio ser maior que a nova parcela do aux\u00edlio, a pessoa escolhe o mais vantajoso. Esse grupo \u00e9 o primeiro a ganhar a parcela extra porque segue calend\u00e1rio de pagamento do programa, realizado sempre nos dez \u00faltimos dias \u00fateis de cada m\u00eas, de acordo com o final do NIS (N\u00famero de Identifica\u00e7\u00e3o Social). Ser\u00e3o beneficiadas hoje 1,6 milh\u00e3o de pessoas com NIS final 1. O pagamento segue at\u00e9 o dia 30, para os que t\u00eam o NIS final 0.\u00a0No total, ser\u00e3o pagos R$ 4,3 bilh\u00f5es para mais de 16,3 milh\u00f5es de pessoas. Com R7<\/p>\n","protected":false},"author":2,"featured_media":4443,"comment_status":"closed","ping_status":"open","sticky":false,"template":"","format":"standard","meta":{"_eb_attr":"","_jetpack_memberships_contains_paid_content":false,"footnotes":""},"categories":[12],"tags":[],"class_list":["post-26914","post","type-post","status-publish","format-standard","has-post-thumbnail","hentry","category-geral"],"yoast_head":"<!-- This site is optimized with the Yoast SEO plugin v26.5 - https:\/\/yoast.com\/wordpress\/plugins\/seo\/ -->\n<title>Bolsa Fam\u00edlia come\u00e7a a receber nova parcela do aux\u00edlio de R$ 300 - Not&iacute;cias em Destaque<\/title>\n<meta name=\"robots\" content=\"index, follow, max-snippet:-1, max-image-preview:large, max-video-preview:-1\" \/>\n<link rel=\"canonical\" href=\"https:\/\/noticiasemdestaque.com\/cd\/?p=26914\" \/>\n<meta property=\"og:locale\" content=\"pt_BR\" \/>\n<meta property=\"og:type\" content=\"article\" \/>\n<meta property=\"og:title\" content=\"Bolsa Fam\u00edlia come\u00e7a a receber nova parcela do aux\u00edlio de R$ 300 - Not&iacute;cias em Destaque\" \/>\n<meta property=\"og:description\" content=\"O Bolsa Fam\u00edlia come\u00e7a a receber as novas parcelas do\u00a0aux\u00edlio emergencial\u00a0de R$ 300 nesta quinta-feira (17). Com a mudan\u00e7a de valor, 4,9 millh\u00f5es deixaram de ganhar o aux\u00edlio neste grupo, ou seja, 15% dos 19,2 milh\u00f5es de inscritos em abril. No caso de o benef\u00edcio ser maior que a nova parcela do aux\u00edlio, a pessoa escolhe o mais vantajoso. Esse grupo \u00e9 o primeiro a ganhar a parcela extra porque segue calend\u00e1rio de pagamento do programa, realizado sempre nos dez \u00faltimos dias \u00fateis de cada m\u00eas, de acordo com o final do NIS (N\u00famero de Identifica\u00e7\u00e3o Social). Ser\u00e3o beneficiadas hoje 1,6 milh\u00e3o de pessoas com NIS final 1. O pagamento segue at\u00e9 o dia 30, para os que t\u00eam o NIS final 0.\u00a0No total, ser\u00e3o pagos R$ 4,3 bilh\u00f5es para mais de 16,3 milh\u00f5es de pessoas. Com R7\" \/>\n<meta property=\"og:url\" content=\"https:\/\/noticiasemdestaque.com\/cd\/?p=26914\" \/>\n<meta property=\"og:site_name\" content=\"Not&iacute;cias em Destaque\" \/>\n<meta property=\"article:published_time\" content=\"2020-09-17T11:23:48+00:00\" \/>\n<meta property=\"og:image\" content=\"https:\/\/noticiasemdestaque.com\/cd\/wp-content\/uploads\/2017\/09\/cartao-bolsa-familia.jpg\" \/>\n\t<meta property=\"og:image:width\" content=\"660\" \/>\n\t<meta property=\"og:image:height\" content=\"371\" \/>\n\t<meta property=\"og:image:type\" content=\"image\/jpeg\" \/>\n<meta name=\"author\" content=\"Not\u00edcias em Destaque\" \/>\n<meta name=\"twitter:card\" content=\"summary_large_image\" \/>\n<meta name=\"twitter:label1\" content=\"Escrito por\" \/>\n\t<meta name=\"twitter:data1\" content=\"Not\u00edcias em Destaque\" \/>\n\t<meta name=\"twitter:label2\" content=\"Est. tempo de leitura\" \/>\n\t<meta name=\"twitter:data2\" content=\"1 minuto\" \/>\n<script type=\"application\/ld+json\" class=\"yoast-schema-graph\">{\"@context\":\"https:\/\/schema.org\",\"@graph\":[{\"@type\":\"Article\",\"@id\":\"https:\/\/noticiasemdestaque.com\/cd\/?p=26914#article\",\"isPartOf\":{\"@id\":\"https:\/\/noticiasemdestaque.com\/cd\/?p=26914\"},\"author\":{\"name\":\"Not\u00edcias em Destaque\",\"@id\":\"https:\/\/noticiasemdestaque.com\/cd\/#\/schema\/person\/967a459378479d4fa07976fedd8a7b5e\"},\"headline\":\"Bolsa Fam\u00edlia come\u00e7a a receber nova parcela do aux\u00edlio de R$ 300\",\"datePublished\":\"2020-09-17T11:23:48+00:00\",\"mainEntityOfPage\":{\"@id\":\"https:\/\/noticiasemdestaque.com\/cd\/?p=26914\"},\"wordCount\":162,\"publisher\":{\"@id\":\"https:\/\/noticiasemdestaque.com\/cd\/#organization\"},\"image\":{\"@id\":\"https:\/\/noticiasemdestaque.com\/cd\/?p=26914#primaryimage\"},\"thumbnailUrl\":\"https:\/\/noticiasemdestaque.com\/cd\/wp-content\/uploads\/2017\/09\/cartao-bolsa-familia.jpg\",\"articleSection\":[\"Geral\"],\"inLanguage\":\"pt-BR\"},{\"@type\":\"WebPage\",\"@id\":\"https:\/\/noticiasemdestaque.com\/cd\/?p=26914\",\"url\":\"https:\/\/noticiasemdestaque.com\/cd\/?p=26914\",\"name\":\"Bolsa Fam\u00edlia come\u00e7a a receber nova parcela do aux\u00edlio de R$ 300 - Not&iacute;cias em Destaque\",\"isPartOf\":{\"@id\":\"https:\/\/noticiasemdestaque.com\/cd\/#website\"},\"primaryImageOfPage\":{\"@id\":\"https:\/\/noticiasemdestaque.com\/cd\/?p=26914#primaryimage\"},\"image\":{\"@id\":\"https:\/\/noticiasemdestaque.com\/cd\/?p=26914#primaryimage\"},\"thumbnailUrl\":\"https:\/\/noticiasemdestaque.com\/cd\/wp-content\/uploads\/2017\/09\/cartao-bolsa-familia.jpg\",\"datePublished\":\"2020-09-17T11:23:48+00:00\",\"breadcrumb\":{\"@id\":\"https:\/\/noticiasemdestaque.com\/cd\/?p=26914#breadcrumb\"},\"inLanguage\":\"pt-BR\",\"potentialAction\":[{\"@type\":\"ReadAction\",\"target\":[\"https:\/\/noticiasemdestaque.com\/cd\/?p=26914\"]}]},{\"@type\":\"ImageObject\",\"inLanguage\":\"pt-BR\",\"@id\":\"https:\/\/noticiasemdestaque.com\/cd\/?p=26914#primaryimage\",\"url\":\"https:\/\/noticiasemdestaque.com\/cd\/wp-content\/uploads\/2017\/09\/cartao-bolsa-familia.jpg\",\"contentUrl\":\"https:\/\/noticiasemdestaque.com\/cd\/wp-content\/uploads\/2017\/09\/cartao-bolsa-familia.jpg\",\"width\":660,\"height\":371},{\"@type\":\"BreadcrumbList\",\"@id\":\"https:\/\/noticiasemdestaque.com\/cd\/?p=26914#breadcrumb\",\"itemListElement\":[{\"@type\":\"ListItem\",\"position\":1,\"name\":\"In\u00edcio\",\"item\":\"https:\/\/noticiasemdestaque.com\/cd\/\"},{\"@type\":\"ListItem\",\"position\":2,\"name\":\"Bolsa Fam\u00edlia come\u00e7a a receber nova parcela do aux\u00edlio de R$ 300\"}]},{\"@type\":\"WebSite\",\"@id\":\"https:\/\/noticiasemdestaque.com\/cd\/#website\",\"url\":\"https:\/\/noticiasemdestaque.com\/cd\/\",\"name\":\"Not&iacute;cias em Destaque\",\"description\":\"\",\"publisher\":{\"@id\":\"https:\/\/noticiasemdestaque.com\/cd\/#organization\"},\"potentialAction\":[{\"@type\":\"SearchAction\",\"target\":{\"@type\":\"EntryPoint\",\"urlTemplate\":\"https:\/\/noticiasemdestaque.com\/cd\/?s={search_term_string}\"},\"query-input\":{\"@type\":\"PropertyValueSpecification\",\"valueRequired\":true,\"valueName\":\"search_term_string\"}}],\"inLanguage\":\"pt-BR\"},{\"@type\":\"Organization\",\"@id\":\"https:\/\/noticiasemdestaque.com\/cd\/#organization\",\"name\":\"Not\u00edcias em Destaque\",\"url\":\"https:\/\/noticiasemdestaque.com\/cd\/\",\"logo\":{\"@type\":\"ImageObject\",\"inLanguage\":\"pt-BR\",\"@id\":\"https:\/\/noticiasemdestaque.com\/cd\/#\/schema\/logo\/image\/\",\"url\":\"https:\/\/noticiasemdestaque.com\/cd\/wp-content\/uploads\/2022\/05\/imagem-base-noticiasemdestaque.png\",\"contentUrl\":\"https:\/\/noticiasemdestaque.com\/cd\/wp-content\/uploads\/2022\/05\/imagem-base-noticiasemdestaque.png\",\"width\":1200,\"height\":630,\"caption\":\"Not\u00edcias em Destaque\"},\"image\":{\"@id\":\"https:\/\/noticiasemdestaque.com\/cd\/#\/schema\/logo\/image\/\"}},{\"@type\":\"Person\",\"@id\":\"https:\/\/noticiasemdestaque.com\/cd\/#\/schema\/person\/967a459378479d4fa07976fedd8a7b5e\",\"name\":\"Not\u00edcias em Destaque\",\"url\":\"https:\/\/noticiasemdestaque.com\/cd\/?author=2\"}]}<\/script>\n<!-- \/ Yoast SEO plugin. -->","yoast_head_json":{"title":"Bolsa Fam\u00edlia come\u00e7a a receber nova parcela do aux\u00edlio de R$ 300 - Not&iacute;cias em Destaque","robots":{"index":"index","follow":"follow","max-snippet":"max-snippet:-1","max-image-preview":"max-image-preview:large","max-video-preview":"max-video-preview:-1"},"canonical":"https:\/\/noticiasemdestaque.com\/cd\/?p=26914","og_locale":"pt_BR","og_type":"article","og_title":"Bolsa Fam\u00edlia come\u00e7a a receber nova parcela do aux\u00edlio de R$ 300 - Not&iacute;cias em Destaque","og_description":"O Bolsa Fam\u00edlia come\u00e7a a receber as novas parcelas do\u00a0aux\u00edlio emergencial\u00a0de R$ 300 nesta quinta-feira (17). Com a mudan\u00e7a de valor, 4,9 millh\u00f5es deixaram de ganhar o aux\u00edlio neste grupo, ou seja, 15% dos 19,2 milh\u00f5es de inscritos em abril. No caso de o benef\u00edcio ser maior que a nova parcela do aux\u00edlio, a pessoa escolhe o mais vantajoso. Esse grupo \u00e9 o primeiro a ganhar a parcela extra porque segue calend\u00e1rio de pagamento do programa, realizado sempre nos dez \u00faltimos dias \u00fateis de cada m\u00eas, de acordo com o final do NIS (N\u00famero de Identifica\u00e7\u00e3o Social). Ser\u00e3o beneficiadas hoje 1,6 milh\u00e3o de pessoas com NIS final 1. O pagamento segue at\u00e9 o dia 30, para os que t\u00eam o NIS final 0.\u00a0No total, ser\u00e3o pagos R$ 4,3 bilh\u00f5es para mais de 16,3 milh\u00f5es de pessoas. Com R7","og_url":"https:\/\/noticiasemdestaque.com\/cd\/?p=26914","og_site_name":"Not&iacute;cias em Destaque","article_published_time":"2020-09-17T11:23:48+00:00","og_image":[{"width":660,"height":371,"url":"https:\/\/noticiasemdestaque.com\/cd\/wp-content\/uploads\/2017\/09\/cartao-bolsa-familia.jpg","type":"image\/jpeg"}],"author":"Not\u00edcias em Destaque","twitter_card":"summary_large_image","twitter_misc":{"Escrito por":"Not\u00edcias em Destaque","Est. tempo de leitura":"1 minuto"},"schema":{"@context":"https:\/\/schema.org","@graph":[{"@type":"Article","@id":"https:\/\/noticiasemdestaque.com\/cd\/?p=26914#article","isPartOf":{"@id":"https:\/\/noticiasemdestaque.com\/cd\/?p=26914"},"author":{"name":"Not\u00edcias em Destaque","@id":"https:\/\/noticiasemdestaque.com\/cd\/#\/schema\/person\/967a459378479d4fa07976fedd8a7b5e"},"headline":"Bolsa Fam\u00edlia come\u00e7a a receber nova parcela do aux\u00edlio de R$ 300","datePublished":"2020-09-17T11:23:48+00:00","mainEntityOfPage":{"@id":"https:\/\/noticiasemdestaque.com\/cd\/?p=26914"},"wordCount":162,"publisher":{"@id":"https:\/\/noticiasemdestaque.com\/cd\/#organization"},"image":{"@id":"https:\/\/noticiasemdestaque.com\/cd\/?p=26914#primaryimage"},"thumbnailUrl":"https:\/\/noticiasemdestaque.com\/cd\/wp-content\/uploads\/2017\/09\/cartao-bolsa-familia.jpg","articleSection":["Geral"],"inLanguage":"pt-BR"},{"@type":"WebPage","@id":"https:\/\/noticiasemdestaque.com\/cd\/?p=26914","url":"https:\/\/noticiasemdestaque.com\/cd\/?p=26914","name":"Bolsa Fam\u00edlia come\u00e7a a receber nova parcela do aux\u00edlio de R$ 300 - Not&iacute;cias em Destaque","isPartOf":{"@id":"https:\/\/noticiasemdestaque.com\/cd\/#website"},"primaryImageOfPage":{"@id":"https:\/\/noticiasemdestaque.com\/cd\/?p=26914#primaryimage"},"image":{"@id":"https:\/\/noticiasemdestaque.com\/cd\/?p=26914#primaryimage"},"thumbnailUrl":"https:\/\/noticiasemdestaque.com\/cd\/wp-content\/uploads\/2017\/09\/cartao-bolsa-familia.jpg","datePublished":"2020-09-17T11:23:48+00:00","breadcrumb":{"@id":"https:\/\/noticiasemdestaque.com\/cd\/?p=26914#breadcrumb"},"inLanguage":"pt-BR","potentialAction":[{"@type":"ReadAction","target":["https:\/\/noticiasemdestaque.com\/cd\/?p=26914"]}]},{"@type":"ImageObject","inLanguage":"pt-BR","@id":"https:\/\/noticiasemdestaque.com\/cd\/?p=26914#primaryimage","url":"https:\/\/noticiasemdestaque.com\/cd\/wp-content\/uploads\/2017\/09\/cartao-bolsa-familia.jpg","contentUrl":"https:\/\/noticiasemdestaque.com\/cd\/wp-content\/uploads\/2017\/09\/cartao-bolsa-familia.jpg","width":660,"height":371},{"@type":"BreadcrumbList","@id":"https:\/\/noticiasemdestaque.com\/cd\/?p=26914#breadcrumb","itemListElement":[{"@type":"ListItem","position":1,"name":"In\u00edcio","item":"https:\/\/noticiasemdestaque.com\/cd\/"},{"@type":"ListItem","position":2,"name":"Bolsa Fam\u00edlia come\u00e7a a receber nova parcela do aux\u00edlio de R$ 300"}]},{"@type":"WebSite","@id":"https:\/\/noticiasemdestaque.com\/cd\/#website","url":"https:\/\/noticiasemdestaque.com\/cd\/","name":"Not&iacute;cias em Destaque","description":"","publisher":{"@id":"https:\/\/noticiasemdestaque.com\/cd\/#organization"},"potentialAction":[{"@type":"SearchAction","target":{"@type":"EntryPoint","urlTemplate":"https:\/\/noticiasemdestaque.com\/cd\/?s={search_term_string}"},"query-input":{"@type":"PropertyValueSpecification","valueRequired":true,"valueName":"search_term_string"}}],"inLanguage":"pt-BR"},{"@type":"Organization","@id":"https:\/\/noticiasemdestaque.com\/cd\/#organization","name":"Not\u00edcias em Destaque","url":"https:\/\/noticiasemdestaque.com\/cd\/","logo":{"@type":"ImageObject","inLanguage":"pt-BR","@id":"https:\/\/noticiasemdestaque.com\/cd\/#\/schema\/logo\/image\/","url":"https:\/\/noticiasemdestaque.com\/cd\/wp-content\/uploads\/2022\/05\/imagem-base-noticiasemdestaque.png","contentUrl":"https:\/\/noticiasemdestaque.com\/cd\/wp-content\/uploads\/2022\/05\/imagem-base-noticiasemdestaque.png","width":1200,"height":630,"caption":"Not\u00edcias em Destaque"},"image":{"@id":"https:\/\/noticiasemdestaque.com\/cd\/#\/schema\/logo\/image\/"}},{"@type":"Person","@id":"https:\/\/noticiasemdestaque.com\/cd\/#\/schema\/person\/967a459378479d4fa07976fedd8a7b5e","name":"Not\u00edcias em Destaque","url":"https:\/\/noticiasemdestaque.com\/cd\/?author=2"}]}},"jetpack_featured_media_url":"https:\/\/noticiasemdestaque.com\/cd\/wp-content\/uploads\/2017\/09\/cartao-bolsa-familia.jpg","jetpack_sharing_enabled":true,"_links":{"self":[{"href":"https:\/\/noticiasemdestaque.com\/cd\/index.php?rest_route=\/wp\/v2\/posts\/26914","targetHints":{"allow":["GET"]}}],"collection":[{"href":"https:\/\/noticiasemdestaque.com\/cd\/index.php?rest_route=\/wp\/v2\/posts"}],"about":[{"href":"https:\/\/noticiasemdestaque.com\/cd\/index.php?rest_route=\/wp\/v2\/types\/post"}],"author":[{"embeddable":true,"href":"https:\/\/noticiasemdestaque.com\/cd\/index.php?rest_route=\/wp\/v2\/users\/2"}],"replies":[{"embeddable":true,"href":"https:\/\/noticiasemdestaque.com\/cd\/index.php?rest_route=%2Fwp%2Fv2%2Fcomments&post=26914"}],"version-history":[{"count":1,"href":"https:\/\/noticiasemdestaque.com\/cd\/index.php?rest_route=\/wp\/v2\/posts\/26914\/revisions"}],"predecessor-version":[{"id":26915,"href":"https:\/\/noticiasemdestaque.com\/cd\/index.php?rest_route=\/wp\/v2\/posts\/26914\/revisions\/26915"}],"wp:featuredmedia":[{"embeddable":true,"href":"https:\/\/noticiasemdestaque.com\/cd\/index.php?rest_route=\/wp\/v2\/media\/4443"}],"wp:attachment":[{"href":"https:\/\/noticiasemdestaque.com\/cd\/index.php?rest_route=%2Fwp%2Fv2%2Fmedia&parent=26914"}],"wp:term":[{"taxonomy":"category","embeddable":true,"href":"https:\/\/noticiasemdestaque.com\/cd\/index.php?rest_route=%2Fwp%2Fv2%2Fcategories&post=26914"},{"taxonomy":"post_tag","embeddable":true,"href":"https:\/\/noticiasemdestaque.com\/cd\/index.php?rest_route=%2Fwp%2Fv2%2Ftags&post=26914"}],"curies":[{"name":"wp","href":"https:\/\/api.w.org\/{rel}","templated":true}]}}