{"id":269,"date":"2017-06-07T19:51:37","date_gmt":"2017-06-07T22:51:37","guid":{"rendered":"http:\/\/caririemdestaque.com\/cd\/?p=269"},"modified":"2017-06-07T19:51:37","modified_gmt":"2017-06-07T22:51:37","slug":"gas-de-cozinha-tera-aumento-de-67-nas-refinarias-anuncia-petrobras","status":"publish","type":"post","link":"https:\/\/noticiasemdestaque.com\/cd\/?p=269","title":{"rendered":"G\u00e1s de cozinha ter\u00e1 aumento de 6,7% nas refinarias, anuncia Petrobras"},"content":{"rendered":"<p>A Petrobras aprovou nesta quarta-feira (07) uma nova pol\u00edtica de pre\u00e7os para a comercializa\u00e7\u00e3o \u00e0s distribuidoras do G\u00e1s Liquefeito de Petr\u00f3leo comercializado em botij\u00f5es de at\u00e9 13 kg e de uso residencial, o GLP-P13.<\/p>\n<p>Isso implicar\u00e1 um aumento m\u00e9dio nas refinarias de 6,7% no produto este m\u00eas. Se for integralmente repassado, a companhia estima que o reajuste deve ser de 2,5% por botij\u00e3o, cerca de R$ 1,25.<\/p>\n<p>O pre\u00e7o final \u00e0s distribuidoras ser\u00e1 formado pela m\u00e9dia mensal das cota\u00e7\u00f5es do butano e do propano no mercado europeu convertida em reais pela m\u00e9dia di\u00e1ria das cota\u00e7\u00f5es de venda do d\u00f3lar, divulgada pelo Banco Central, acrescida de uma margem de 5%.<\/p>\n<p>As corre\u00e7\u00f5es de pre\u00e7os ter\u00e3o vig\u00eancia a partir do dia 5 de cada m\u00eas. A exce\u00e7\u00e3o ser\u00e1 este m\u00eas de junho, quando o ajuste de pre\u00e7os passar\u00e1 a ser praticado nas vendas \u00e0s distribuidoras realizadas a partir de amanh\u00e3. A aplica\u00e7\u00e3o da nova f\u00f3rmula de pre\u00e7os para o GLP-P13 implicar\u00e1 um aumento m\u00e9dio nas refinarias de 6,7% no produto este m\u00eas.<\/p>\n<p>O pre\u00e7o final ao consumidor pode ou n\u00e3o refletir o ajuste feito nas refinarias. &#8220;Isso depender\u00e1 de repasses feitos por outros integrantes da cadeia de combust\u00edveis, especialmente distribuidoras e revendedores, uma vez que a lei brasileira garante liberdade de pre\u00e7os no mercado de combust\u00edveis e derivados&#8221;, afirma a Petrobras, em nota.<\/p>\n<p>Na composi\u00e7\u00e3o de pre\u00e7os ao consumidor, a petroleira responde por cerca de 25% do valor final, outros 20% s\u00e3o tributos e o restante do pre\u00e7o \u00e9 composto por distribui\u00e7\u00e3o e revenda (55%). O \u00faltimo reajuste no pre\u00e7o de GLP-P13 aplicado pela Petrobras ocorreu em 21 de mar\u00e7o deste ano.<\/p>\n<p><em><strong>Cariri em Destaque<\/strong><\/em><\/p>\n","protected":false},"excerpt":{"rendered":"<p>A Petrobras aprovou nesta quarta-feira (07) uma nova pol\u00edtica de pre\u00e7os para a comercializa\u00e7\u00e3o \u00e0s distribuidoras do G\u00e1s Liquefeito de Petr\u00f3leo comercializado em botij\u00f5es de at\u00e9 13 kg e de uso residencial, o GLP-P13. Isso implicar\u00e1 um aumento m\u00e9dio nas refinarias de 6,7% no produto este m\u00eas. Se for integralmente repassado, a companhia estima que o reajuste deve ser de 2,5% por botij\u00e3o, cerca de R$ 1,25. O pre\u00e7o final \u00e0s distribuidoras ser\u00e1 formado pela m\u00e9dia mensal das cota\u00e7\u00f5es do butano e do propano no mercado europeu convertida em reais pela m\u00e9dia di\u00e1ria das cota\u00e7\u00f5es de venda do d\u00f3lar, divulgada pelo Banco Central, acrescida de uma margem de 5%. As corre\u00e7\u00f5es de pre\u00e7os ter\u00e3o vig\u00eancia a partir do dia 5 de cada m\u00eas. A exce\u00e7\u00e3o ser\u00e1 este m\u00eas de junho, quando o ajuste de pre\u00e7os passar\u00e1 a ser praticado nas vendas \u00e0s distribuidoras realizadas a partir de amanh\u00e3. A aplica\u00e7\u00e3o da nova f\u00f3rmula de pre\u00e7os para o GLP-P13 implicar\u00e1 um aumento m\u00e9dio nas refinarias de 6,7% no produto este m\u00eas. O pre\u00e7o final ao consumidor pode ou n\u00e3o refletir o ajuste feito nas refinarias. &#8220;Isso depender\u00e1 de repasses feitos por outros integrantes da cadeia de combust\u00edveis, especialmente distribuidoras e revendedores, uma vez que a lei brasileira garante liberdade de pre\u00e7os no mercado de combust\u00edveis e derivados&#8221;, afirma a Petrobras, em nota. Na composi\u00e7\u00e3o de pre\u00e7os ao consumidor, a petroleira responde por cerca de 25% do valor final, outros 20% s\u00e3o tributos e o restante do pre\u00e7o \u00e9 composto por distribui\u00e7\u00e3o e revenda (55%). O \u00faltimo reajuste no pre\u00e7o de GLP-P13 aplicado pela Petrobras ocorreu em 21 de mar\u00e7o deste ano. Cariri em Destaque<\/p>\n","protected":false},"author":2,"featured_media":270,"comment_status":"closed","ping_status":"open","sticky":false,"template":"","format":"standard","meta":{"_eb_attr":"","_jetpack_memberships_contains_paid_content":false,"footnotes":""},"categories":[11],"tags":[],"class_list":["post-269","post","type-post","status-publish","format-standard","has-post-thumbnail","hentry","category-economia"],"yoast_head":"<!-- This site is optimized with the Yoast SEO plugin v26.5 - https:\/\/yoast.com\/wordpress\/plugins\/seo\/ -->\n<title>G\u00e1s de cozinha ter\u00e1 aumento de 6,7% nas refinarias, anuncia Petrobras - Not&iacute;cias em Destaque<\/title>\n<meta name=\"robots\" content=\"index, follow, max-snippet:-1, max-image-preview:large, max-video-preview:-1\" \/>\n<link rel=\"canonical\" href=\"https:\/\/noticiasemdestaque.com\/cd\/?p=269\" \/>\n<meta property=\"og:locale\" content=\"pt_BR\" \/>\n<meta property=\"og:type\" content=\"article\" \/>\n<meta property=\"og:title\" content=\"G\u00e1s de cozinha ter\u00e1 aumento de 6,7% nas refinarias, anuncia Petrobras - Not&iacute;cias em Destaque\" \/>\n<meta property=\"og:description\" content=\"A Petrobras aprovou nesta quarta-feira (07) uma nova pol\u00edtica de pre\u00e7os para a comercializa\u00e7\u00e3o \u00e0s distribuidoras do G\u00e1s Liquefeito de Petr\u00f3leo comercializado em botij\u00f5es de at\u00e9 13 kg e de uso residencial, o GLP-P13. Isso implicar\u00e1 um aumento m\u00e9dio nas refinarias de 6,7% no produto este m\u00eas. Se for integralmente repassado, a companhia estima que o reajuste deve ser de 2,5% por botij\u00e3o, cerca de R$ 1,25. O pre\u00e7o final \u00e0s distribuidoras ser\u00e1 formado pela m\u00e9dia mensal das cota\u00e7\u00f5es do butano e do propano no mercado europeu convertida em reais pela m\u00e9dia di\u00e1ria das cota\u00e7\u00f5es de venda do d\u00f3lar, divulgada pelo Banco Central, acrescida de uma margem de 5%. As corre\u00e7\u00f5es de pre\u00e7os ter\u00e3o vig\u00eancia a partir do dia 5 de cada m\u00eas. A exce\u00e7\u00e3o ser\u00e1 este m\u00eas de junho, quando o ajuste de pre\u00e7os passar\u00e1 a ser praticado nas vendas \u00e0s distribuidoras realizadas a partir de amanh\u00e3. A aplica\u00e7\u00e3o da nova f\u00f3rmula de pre\u00e7os para o GLP-P13 implicar\u00e1 um aumento m\u00e9dio nas refinarias de 6,7% no produto este m\u00eas. O pre\u00e7o final ao consumidor pode ou n\u00e3o refletir o ajuste feito nas refinarias. &#8220;Isso depender\u00e1 de repasses feitos por outros integrantes da cadeia de combust\u00edveis, especialmente distribuidoras e revendedores, uma vez que a lei brasileira garante liberdade de pre\u00e7os no mercado de combust\u00edveis e derivados&#8221;, afirma a Petrobras, em nota. Na composi\u00e7\u00e3o de pre\u00e7os ao consumidor, a petroleira responde por cerca de 25% do valor final, outros 20% s\u00e3o tributos e o restante do pre\u00e7o \u00e9 composto por distribui\u00e7\u00e3o e revenda (55%). O \u00faltimo reajuste no pre\u00e7o de GLP-P13 aplicado pela Petrobras ocorreu em 21 de mar\u00e7o deste ano. Cariri em Destaque\" \/>\n<meta property=\"og:url\" content=\"https:\/\/noticiasemdestaque.com\/cd\/?p=269\" \/>\n<meta property=\"og:site_name\" content=\"Not&iacute;cias em Destaque\" \/>\n<meta property=\"article:published_time\" content=\"2017-06-07T22:51:37+00:00\" \/>\n<meta property=\"og:image\" content=\"https:\/\/noticiasemdestaque.com\/cd\/wp-content\/uploads\/2017\/06\/gas___preco_botijao___paulo_pires__2_-1031067.jpg\" \/>\n\t<meta property=\"og:image:width\" content=\"876\" \/>\n\t<meta property=\"og:image:height\" content=\"585\" \/>\n\t<meta property=\"og:image:type\" content=\"image\/jpeg\" \/>\n<meta name=\"author\" content=\"Not\u00edcias em Destaque\" \/>\n<meta name=\"twitter:card\" content=\"summary_large_image\" \/>\n<meta name=\"twitter:label1\" content=\"Escrito por\" \/>\n\t<meta name=\"twitter:data1\" content=\"Not\u00edcias em Destaque\" \/>\n\t<meta name=\"twitter:label2\" content=\"Est. tempo de leitura\" \/>\n\t<meta name=\"twitter:data2\" content=\"2 minutos\" \/>\n<script type=\"application\/ld+json\" class=\"yoast-schema-graph\">{\"@context\":\"https:\/\/schema.org\",\"@graph\":[{\"@type\":\"Article\",\"@id\":\"https:\/\/noticiasemdestaque.com\/cd\/?p=269#article\",\"isPartOf\":{\"@id\":\"https:\/\/noticiasemdestaque.com\/cd\/?p=269\"},\"author\":{\"name\":\"Not\u00edcias em Destaque\",\"@id\":\"https:\/\/noticiasemdestaque.com\/cd\/#\/schema\/person\/45ca272b3e1246ef14ebb78a48dbb218\"},\"headline\":\"G\u00e1s de cozinha ter\u00e1 aumento de 6,7% nas refinarias, anuncia Petrobras\",\"datePublished\":\"2017-06-07T22:51:37+00:00\",\"mainEntityOfPage\":{\"@id\":\"https:\/\/noticiasemdestaque.com\/cd\/?p=269\"},\"wordCount\":312,\"publisher\":{\"@id\":\"https:\/\/noticiasemdestaque.com\/cd\/#organization\"},\"image\":{\"@id\":\"https:\/\/noticiasemdestaque.com\/cd\/?p=269#primaryimage\"},\"thumbnailUrl\":\"https:\/\/noticiasemdestaque.com\/cd\/wp-content\/uploads\/2017\/06\/gas___preco_botijao___paulo_pires__2_-1031067.jpg\",\"articleSection\":[\"Economia\"],\"inLanguage\":\"pt-BR\"},{\"@type\":\"WebPage\",\"@id\":\"https:\/\/noticiasemdestaque.com\/cd\/?p=269\",\"url\":\"https:\/\/noticiasemdestaque.com\/cd\/?p=269\",\"name\":\"G\u00e1s de cozinha ter\u00e1 aumento de 6,7% nas refinarias, anuncia Petrobras - Not&iacute;cias em Destaque\",\"isPartOf\":{\"@id\":\"https:\/\/noticiasemdestaque.com\/cd\/#website\"},\"primaryImageOfPage\":{\"@id\":\"https:\/\/noticiasemdestaque.com\/cd\/?p=269#primaryimage\"},\"image\":{\"@id\":\"https:\/\/noticiasemdestaque.com\/cd\/?p=269#primaryimage\"},\"thumbnailUrl\":\"https:\/\/noticiasemdestaque.com\/cd\/wp-content\/uploads\/2017\/06\/gas___preco_botijao___paulo_pires__2_-1031067.jpg\",\"datePublished\":\"2017-06-07T22:51:37+00:00\",\"breadcrumb\":{\"@id\":\"https:\/\/noticiasemdestaque.com\/cd\/?p=269#breadcrumb\"},\"inLanguage\":\"pt-BR\",\"potentialAction\":[{\"@type\":\"ReadAction\",\"target\":[\"https:\/\/noticiasemdestaque.com\/cd\/?p=269\"]}]},{\"@type\":\"ImageObject\",\"inLanguage\":\"pt-BR\",\"@id\":\"https:\/\/noticiasemdestaque.com\/cd\/?p=269#primaryimage\",\"url\":\"https:\/\/noticiasemdestaque.com\/cd\/wp-content\/uploads\/2017\/06\/gas___preco_botijao___paulo_pires__2_-1031067.jpg\",\"contentUrl\":\"https:\/\/noticiasemdestaque.com\/cd\/wp-content\/uploads\/2017\/06\/gas___preco_botijao___paulo_pires__2_-1031067.jpg\",\"width\":876,\"height\":585},{\"@type\":\"BreadcrumbList\",\"@id\":\"https:\/\/noticiasemdestaque.com\/cd\/?p=269#breadcrumb\",\"itemListElement\":[{\"@type\":\"ListItem\",\"position\":1,\"name\":\"In\u00edcio\",\"item\":\"https:\/\/noticiasemdestaque.com\/cd\/\"},{\"@type\":\"ListItem\",\"position\":2,\"name\":\"G\u00e1s de cozinha ter\u00e1 aumento de 6,7% nas refinarias, anuncia Petrobras\"}]},{\"@type\":\"WebSite\",\"@id\":\"https:\/\/noticiasemdestaque.com\/cd\/#website\",\"url\":\"https:\/\/noticiasemdestaque.com\/cd\/\",\"name\":\"Not&iacute;cias em Destaque\",\"description\":\"\",\"publisher\":{\"@id\":\"https:\/\/noticiasemdestaque.com\/cd\/#organization\"},\"potentialAction\":[{\"@type\":\"SearchAction\",\"target\":{\"@type\":\"EntryPoint\",\"urlTemplate\":\"https:\/\/noticiasemdestaque.com\/cd\/?s={search_term_string}\"},\"query-input\":{\"@type\":\"PropertyValueSpecification\",\"valueRequired\":true,\"valueName\":\"search_term_string\"}}],\"inLanguage\":\"pt-BR\"},{\"@type\":\"Organization\",\"@id\":\"https:\/\/noticiasemdestaque.com\/cd\/#organization\",\"name\":\"Not\u00edcias em Destaque\",\"url\":\"https:\/\/noticiasemdestaque.com\/cd\/\",\"logo\":{\"@type\":\"ImageObject\",\"inLanguage\":\"pt-BR\",\"@id\":\"https:\/\/noticiasemdestaque.com\/cd\/#\/schema\/logo\/image\/\",\"url\":\"https:\/\/noticiasemdestaque.com\/cd\/wp-content\/uploads\/2022\/05\/imagem-base-noticiasemdestaque.png\",\"contentUrl\":\"https:\/\/noticiasemdestaque.com\/cd\/wp-content\/uploads\/2022\/05\/imagem-base-noticiasemdestaque.png\",\"width\":1200,\"height\":630,\"caption\":\"Not\u00edcias em Destaque\"},\"image\":{\"@id\":\"https:\/\/noticiasemdestaque.com\/cd\/#\/schema\/logo\/image\/\"}},{\"@type\":\"Person\",\"@id\":\"https:\/\/noticiasemdestaque.com\/cd\/#\/schema\/person\/45ca272b3e1246ef14ebb78a48dbb218\",\"name\":\"Not\u00edcias em Destaque\",\"url\":\"https:\/\/noticiasemdestaque.com\/cd\/?author=2\"}]}<\/script>\n<!-- \/ Yoast SEO plugin. -->","yoast_head_json":{"title":"G\u00e1s de cozinha ter\u00e1 aumento de 6,7% nas refinarias, anuncia Petrobras - Not&iacute;cias em Destaque","robots":{"index":"index","follow":"follow","max-snippet":"max-snippet:-1","max-image-preview":"max-image-preview:large","max-video-preview":"max-video-preview:-1"},"canonical":"https:\/\/noticiasemdestaque.com\/cd\/?p=269","og_locale":"pt_BR","og_type":"article","og_title":"G\u00e1s de cozinha ter\u00e1 aumento de 6,7% nas refinarias, anuncia Petrobras - Not&iacute;cias em Destaque","og_description":"A Petrobras aprovou nesta quarta-feira (07) uma nova pol\u00edtica de pre\u00e7os para a comercializa\u00e7\u00e3o \u00e0s distribuidoras do G\u00e1s Liquefeito de Petr\u00f3leo comercializado em botij\u00f5es de at\u00e9 13 kg e de uso residencial, o GLP-P13. Isso implicar\u00e1 um aumento m\u00e9dio nas refinarias de 6,7% no produto este m\u00eas. Se for integralmente repassado, a companhia estima que o reajuste deve ser de 2,5% por botij\u00e3o, cerca de R$ 1,25. O pre\u00e7o final \u00e0s distribuidoras ser\u00e1 formado pela m\u00e9dia mensal das cota\u00e7\u00f5es do butano e do propano no mercado europeu convertida em reais pela m\u00e9dia di\u00e1ria das cota\u00e7\u00f5es de venda do d\u00f3lar, divulgada pelo Banco Central, acrescida de uma margem de 5%. As corre\u00e7\u00f5es de pre\u00e7os ter\u00e3o vig\u00eancia a partir do dia 5 de cada m\u00eas. A exce\u00e7\u00e3o ser\u00e1 este m\u00eas de junho, quando o ajuste de pre\u00e7os passar\u00e1 a ser praticado nas vendas \u00e0s distribuidoras realizadas a partir de amanh\u00e3. A aplica\u00e7\u00e3o da nova f\u00f3rmula de pre\u00e7os para o GLP-P13 implicar\u00e1 um aumento m\u00e9dio nas refinarias de 6,7% no produto este m\u00eas. O pre\u00e7o final ao consumidor pode ou n\u00e3o refletir o ajuste feito nas refinarias. &#8220;Isso depender\u00e1 de repasses feitos por outros integrantes da cadeia de combust\u00edveis, especialmente distribuidoras e revendedores, uma vez que a lei brasileira garante liberdade de pre\u00e7os no mercado de combust\u00edveis e derivados&#8221;, afirma a Petrobras, em nota. Na composi\u00e7\u00e3o de pre\u00e7os ao consumidor, a petroleira responde por cerca de 25% do valor final, outros 20% s\u00e3o tributos e o restante do pre\u00e7o \u00e9 composto por distribui\u00e7\u00e3o e revenda (55%). O \u00faltimo reajuste no pre\u00e7o de GLP-P13 aplicado pela Petrobras ocorreu em 21 de mar\u00e7o deste ano. Cariri em Destaque","og_url":"https:\/\/noticiasemdestaque.com\/cd\/?p=269","og_site_name":"Not&iacute;cias em Destaque","article_published_time":"2017-06-07T22:51:37+00:00","og_image":[{"width":876,"height":585,"url":"https:\/\/noticiasemdestaque.com\/cd\/wp-content\/uploads\/2017\/06\/gas___preco_botijao___paulo_pires__2_-1031067.jpg","type":"image\/jpeg"}],"author":"Not\u00edcias em Destaque","twitter_card":"summary_large_image","twitter_misc":{"Escrito por":"Not\u00edcias em Destaque","Est. tempo de leitura":"2 minutos"},"schema":{"@context":"https:\/\/schema.org","@graph":[{"@type":"Article","@id":"https:\/\/noticiasemdestaque.com\/cd\/?p=269#article","isPartOf":{"@id":"https:\/\/noticiasemdestaque.com\/cd\/?p=269"},"author":{"name":"Not\u00edcias em Destaque","@id":"https:\/\/noticiasemdestaque.com\/cd\/#\/schema\/person\/45ca272b3e1246ef14ebb78a48dbb218"},"headline":"G\u00e1s de cozinha ter\u00e1 aumento de 6,7% nas refinarias, anuncia Petrobras","datePublished":"2017-06-07T22:51:37+00:00","mainEntityOfPage":{"@id":"https:\/\/noticiasemdestaque.com\/cd\/?p=269"},"wordCount":312,"publisher":{"@id":"https:\/\/noticiasemdestaque.com\/cd\/#organization"},"image":{"@id":"https:\/\/noticiasemdestaque.com\/cd\/?p=269#primaryimage"},"thumbnailUrl":"https:\/\/noticiasemdestaque.com\/cd\/wp-content\/uploads\/2017\/06\/gas___preco_botijao___paulo_pires__2_-1031067.jpg","articleSection":["Economia"],"inLanguage":"pt-BR"},{"@type":"WebPage","@id":"https:\/\/noticiasemdestaque.com\/cd\/?p=269","url":"https:\/\/noticiasemdestaque.com\/cd\/?p=269","name":"G\u00e1s de cozinha ter\u00e1 aumento de 6,7% nas refinarias, anuncia Petrobras - Not&iacute;cias em Destaque","isPartOf":{"@id":"https:\/\/noticiasemdestaque.com\/cd\/#website"},"primaryImageOfPage":{"@id":"https:\/\/noticiasemdestaque.com\/cd\/?p=269#primaryimage"},"image":{"@id":"https:\/\/noticiasemdestaque.com\/cd\/?p=269#primaryimage"},"thumbnailUrl":"https:\/\/noticiasemdestaque.com\/cd\/wp-content\/uploads\/2017\/06\/gas___preco_botijao___paulo_pires__2_-1031067.jpg","datePublished":"2017-06-07T22:51:37+00:00","breadcrumb":{"@id":"https:\/\/noticiasemdestaque.com\/cd\/?p=269#breadcrumb"},"inLanguage":"pt-BR","potentialAction":[{"@type":"ReadAction","target":["https:\/\/noticiasemdestaque.com\/cd\/?p=269"]}]},{"@type":"ImageObject","inLanguage":"pt-BR","@id":"https:\/\/noticiasemdestaque.com\/cd\/?p=269#primaryimage","url":"https:\/\/noticiasemdestaque.com\/cd\/wp-content\/uploads\/2017\/06\/gas___preco_botijao___paulo_pires__2_-1031067.jpg","contentUrl":"https:\/\/noticiasemdestaque.com\/cd\/wp-content\/uploads\/2017\/06\/gas___preco_botijao___paulo_pires__2_-1031067.jpg","width":876,"height":585},{"@type":"BreadcrumbList","@id":"https:\/\/noticiasemdestaque.com\/cd\/?p=269#breadcrumb","itemListElement":[{"@type":"ListItem","position":1,"name":"In\u00edcio","item":"https:\/\/noticiasemdestaque.com\/cd\/"},{"@type":"ListItem","position":2,"name":"G\u00e1s de cozinha ter\u00e1 aumento de 6,7% nas refinarias, anuncia Petrobras"}]},{"@type":"WebSite","@id":"https:\/\/noticiasemdestaque.com\/cd\/#website","url":"https:\/\/noticiasemdestaque.com\/cd\/","name":"Not&iacute;cias em Destaque","description":"","publisher":{"@id":"https:\/\/noticiasemdestaque.com\/cd\/#organization"},"potentialAction":[{"@type":"SearchAction","target":{"@type":"EntryPoint","urlTemplate":"https:\/\/noticiasemdestaque.com\/cd\/?s={search_term_string}"},"query-input":{"@type":"PropertyValueSpecification","valueRequired":true,"valueName":"search_term_string"}}],"inLanguage":"pt-BR"},{"@type":"Organization","@id":"https:\/\/noticiasemdestaque.com\/cd\/#organization","name":"Not\u00edcias em Destaque","url":"https:\/\/noticiasemdestaque.com\/cd\/","logo":{"@type":"ImageObject","inLanguage":"pt-BR","@id":"https:\/\/noticiasemdestaque.com\/cd\/#\/schema\/logo\/image\/","url":"https:\/\/noticiasemdestaque.com\/cd\/wp-content\/uploads\/2022\/05\/imagem-base-noticiasemdestaque.png","contentUrl":"https:\/\/noticiasemdestaque.com\/cd\/wp-content\/uploads\/2022\/05\/imagem-base-noticiasemdestaque.png","width":1200,"height":630,"caption":"Not\u00edcias em Destaque"},"image":{"@id":"https:\/\/noticiasemdestaque.com\/cd\/#\/schema\/logo\/image\/"}},{"@type":"Person","@id":"https:\/\/noticiasemdestaque.com\/cd\/#\/schema\/person\/45ca272b3e1246ef14ebb78a48dbb218","name":"Not\u00edcias em Destaque","url":"https:\/\/noticiasemdestaque.com\/cd\/?author=2"}]}},"jetpack_featured_media_url":"https:\/\/noticiasemdestaque.com\/cd\/wp-content\/uploads\/2017\/06\/gas___preco_botijao___paulo_pires__2_-1031067.jpg","jetpack_sharing_enabled":true,"_links":{"self":[{"href":"https:\/\/noticiasemdestaque.com\/cd\/index.php?rest_route=\/wp\/v2\/posts\/269","targetHints":{"allow":["GET"]}}],"collection":[{"href":"https:\/\/noticiasemdestaque.com\/cd\/index.php?rest_route=\/wp\/v2\/posts"}],"about":[{"href":"https:\/\/noticiasemdestaque.com\/cd\/index.php?rest_route=\/wp\/v2\/types\/post"}],"author":[{"embeddable":true,"href":"https:\/\/noticiasemdestaque.com\/cd\/index.php?rest_route=\/wp\/v2\/users\/2"}],"replies":[{"embeddable":true,"href":"https:\/\/noticiasemdestaque.com\/cd\/index.php?rest_route=%2Fwp%2Fv2%2Fcomments&post=269"}],"version-history":[{"count":1,"href":"https:\/\/noticiasemdestaque.com\/cd\/index.php?rest_route=\/wp\/v2\/posts\/269\/revisions"}],"predecessor-version":[{"id":271,"href":"https:\/\/noticiasemdestaque.com\/cd\/index.php?rest_route=\/wp\/v2\/posts\/269\/revisions\/271"}],"wp:featuredmedia":[{"embeddable":true,"href":"https:\/\/noticiasemdestaque.com\/cd\/index.php?rest_route=\/wp\/v2\/media\/270"}],"wp:attachment":[{"href":"https:\/\/noticiasemdestaque.com\/cd\/index.php?rest_route=%2Fwp%2Fv2%2Fmedia&parent=269"}],"wp:term":[{"taxonomy":"category","embeddable":true,"href":"https:\/\/noticiasemdestaque.com\/cd\/index.php?rest_route=%2Fwp%2Fv2%2Fcategories&post=269"},{"taxonomy":"post_tag","embeddable":true,"href":"https:\/\/noticiasemdestaque.com\/cd\/index.php?rest_route=%2Fwp%2Fv2%2Ftags&post=269"}],"curies":[{"name":"wp","href":"https:\/\/api.w.org\/{rel}","templated":true}]}}