{"id":26850,"date":"2020-09-15T10:56:24","date_gmt":"2020-09-15T13:56:24","guid":{"rendered":"http:\/\/noticiasemdestaque.com\/cd\/?p=26850"},"modified":"2020-09-15T10:59:19","modified_gmt":"2020-09-15T13:59:19","slug":"convencao-do-pt-acontecera-nesta-terca-feira-em-serra-branca","status":"publish","type":"post","link":"https:\/\/noticiasemdestaque.com\/cd\/?p=26850","title":{"rendered":"Conven\u00e7\u00e3o do PT acontecer\u00e1 nesta ter\u00e7a-feira em Serra Branca"},"content":{"rendered":"<p><a href=\"https:\/\/noticiasemdestaque.com\/cd\/wp-content\/uploads\/2017\/07\/zizomamede1.jpg\"><img fetchpriority=\"high\" decoding=\"async\" class=\"size-full wp-image-1667 aligncenter\" src=\"https:\/\/noticiasemdestaque.com\/cd\/wp-content\/uploads\/2017\/07\/zizomamede1.jpg\" alt=\"\" width=\"547\" height=\"392\" srcset=\"https:\/\/noticiasemdestaque.com\/cd\/wp-content\/uploads\/2017\/07\/zizomamede1.jpg 547w, https:\/\/noticiasemdestaque.com\/cd\/wp-content\/uploads\/2017\/07\/zizomamede1-300x215.jpg 300w\" sizes=\"(max-width: 547px) 100vw, 547px\" \/><\/a><\/p>\n<p style=\"font-weight: 400;\">Acontecer\u00e1 nesta ter\u00e7a-feira (15), na Escola T\u00e9cnica In\u00e1cio Antonino, \u00e0s 19h13, em Serra Branca, a conven\u00e7\u00e3o do PT.<\/p>\n<p style=\"font-weight: 400;\">No evento ser\u00e1 anunciada a pr\u00e9-candidatura a prefeito de Zizo Mamede e ser\u00e1 apresentado o pr\u00e9-candidato a vice-prefeito. Tamb\u00e9m ser\u00e3o anunciados os pr\u00e9-candidatos a vereadores do partido.<\/p>\n<p style=\"font-weight: 400;\">Todas as medidas de prote\u00e7\u00e3o contra o novo Coronav\u00edrus ser\u00e3o tomadas no evento.<\/p>\n<p style=\"font-weight: 400;\">A conven\u00e7\u00e3o ser\u00e1 transmitida pelo perfil do Facebook de Zizo Mamede.<\/p>\n<p style=\"font-weight: 400;\">Focando Para\u00edba<\/p>\n","protected":false},"excerpt":{"rendered":"<p>Acontecer\u00e1 nesta ter\u00e7a-feira (15), na Escola T\u00e9cnica In\u00e1cio Antonino, \u00e0s 19h13, em Serra Branca, a conven\u00e7\u00e3o do PT. No evento ser\u00e1 anunciada a pr\u00e9-candidatura a prefeito de Zizo Mamede e ser\u00e1 apresentado o pr\u00e9-candidato a vice-prefeito. Tamb\u00e9m ser\u00e3o anunciados os pr\u00e9-candidatos a vereadores do partido. Todas as medidas de prote\u00e7\u00e3o contra o novo Coronav\u00edrus ser\u00e3o tomadas no evento. A conven\u00e7\u00e3o ser\u00e1 transmitida pelo perfil do Facebook de Zizo Mamede. Focando Para\u00edba<\/p>\n","protected":false},"author":2,"featured_media":1667,"comment_status":"closed","ping_status":"open","sticky":false,"template":"","format":"standard","meta":{"_eb_attr":"","_jetpack_memberships_contains_paid_content":false,"footnotes":""},"categories":[4],"tags":[],"class_list":["post-26850","post","type-post","status-publish","format-standard","has-post-thumbnail","hentry","category-politica"],"yoast_head":"<!-- This site is optimized with the Yoast SEO plugin v26.5 - https:\/\/yoast.com\/wordpress\/plugins\/seo\/ -->\n<title>Conven\u00e7\u00e3o do PT acontecer\u00e1 nesta ter\u00e7a-feira em Serra Branca - Not&iacute;cias em Destaque<\/title>\n<meta name=\"robots\" content=\"index, follow, max-snippet:-1, max-image-preview:large, max-video-preview:-1\" \/>\n<link rel=\"canonical\" href=\"https:\/\/noticiasemdestaque.com\/cd\/?p=26850\" \/>\n<meta property=\"og:locale\" content=\"pt_BR\" \/>\n<meta property=\"og:type\" content=\"article\" \/>\n<meta property=\"og:title\" content=\"Conven\u00e7\u00e3o do PT acontecer\u00e1 nesta ter\u00e7a-feira em Serra Branca - Not&iacute;cias em Destaque\" \/>\n<meta property=\"og:description\" content=\"Acontecer\u00e1 nesta ter\u00e7a-feira (15), na Escola T\u00e9cnica In\u00e1cio Antonino, \u00e0s 19h13, em Serra Branca, a conven\u00e7\u00e3o do PT. No evento ser\u00e1 anunciada a pr\u00e9-candidatura a prefeito de Zizo Mamede e ser\u00e1 apresentado o pr\u00e9-candidato a vice-prefeito. Tamb\u00e9m ser\u00e3o anunciados os pr\u00e9-candidatos a vereadores do partido. Todas as medidas de prote\u00e7\u00e3o contra o novo Coronav\u00edrus ser\u00e3o tomadas no evento. A conven\u00e7\u00e3o ser\u00e1 transmitida pelo perfil do Facebook de Zizo Mamede. Focando Para\u00edba\" \/>\n<meta property=\"og:url\" content=\"https:\/\/noticiasemdestaque.com\/cd\/?p=26850\" \/>\n<meta property=\"og:site_name\" content=\"Not&iacute;cias em Destaque\" \/>\n<meta property=\"article:published_time\" content=\"2020-09-15T13:56:24+00:00\" \/>\n<meta property=\"article:modified_time\" content=\"2020-09-15T13:59:19+00:00\" \/>\n<meta property=\"og:image\" content=\"https:\/\/noticiasemdestaque.com\/cd\/wp-content\/uploads\/2017\/07\/zizomamede1.jpg\" \/>\n\t<meta property=\"og:image:width\" content=\"547\" \/>\n\t<meta property=\"og:image:height\" content=\"392\" \/>\n\t<meta property=\"og:image:type\" content=\"image\/jpeg\" \/>\n<meta name=\"author\" content=\"Not\u00edcias em Destaque\" \/>\n<meta name=\"twitter:card\" content=\"summary_large_image\" \/>\n<meta name=\"twitter:label1\" content=\"Escrito por\" \/>\n\t<meta name=\"twitter:data1\" content=\"Not\u00edcias em Destaque\" \/>\n<script type=\"application\/ld+json\" class=\"yoast-schema-graph\">{\"@context\":\"https:\/\/schema.org\",\"@graph\":[{\"@type\":\"Article\",\"@id\":\"https:\/\/noticiasemdestaque.com\/cd\/?p=26850#article\",\"isPartOf\":{\"@id\":\"https:\/\/noticiasemdestaque.com\/cd\/?p=26850\"},\"author\":{\"name\":\"Not\u00edcias em Destaque\",\"@id\":\"https:\/\/noticiasemdestaque.com\/cd\/#\/schema\/person\/21320b03a7e8bb90128938dafc9b908a\"},\"headline\":\"Conven\u00e7\u00e3o do PT acontecer\u00e1 nesta ter\u00e7a-feira em Serra Branca\",\"datePublished\":\"2020-09-15T13:56:24+00:00\",\"dateModified\":\"2020-09-15T13:59:19+00:00\",\"mainEntityOfPage\":{\"@id\":\"https:\/\/noticiasemdestaque.com\/cd\/?p=26850\"},\"wordCount\":95,\"publisher\":{\"@id\":\"https:\/\/noticiasemdestaque.com\/cd\/#organization\"},\"image\":{\"@id\":\"https:\/\/noticiasemdestaque.com\/cd\/?p=26850#primaryimage\"},\"thumbnailUrl\":\"https:\/\/noticiasemdestaque.com\/cd\/wp-content\/uploads\/2017\/07\/zizomamede1.jpg\",\"articleSection\":[\"Pol\u00edtica\"],\"inLanguage\":\"pt-BR\"},{\"@type\":\"WebPage\",\"@id\":\"https:\/\/noticiasemdestaque.com\/cd\/?p=26850\",\"url\":\"https:\/\/noticiasemdestaque.com\/cd\/?p=26850\",\"name\":\"Conven\u00e7\u00e3o do PT acontecer\u00e1 nesta ter\u00e7a-feira em Serra Branca - Not&iacute;cias em Destaque\",\"isPartOf\":{\"@id\":\"https:\/\/noticiasemdestaque.com\/cd\/#website\"},\"primaryImageOfPage\":{\"@id\":\"https:\/\/noticiasemdestaque.com\/cd\/?p=26850#primaryimage\"},\"image\":{\"@id\":\"https:\/\/noticiasemdestaque.com\/cd\/?p=26850#primaryimage\"},\"thumbnailUrl\":\"https:\/\/noticiasemdestaque.com\/cd\/wp-content\/uploads\/2017\/07\/zizomamede1.jpg\",\"datePublished\":\"2020-09-15T13:56:24+00:00\",\"dateModified\":\"2020-09-15T13:59:19+00:00\",\"breadcrumb\":{\"@id\":\"https:\/\/noticiasemdestaque.com\/cd\/?p=26850#breadcrumb\"},\"inLanguage\":\"pt-BR\",\"potentialAction\":[{\"@type\":\"ReadAction\",\"target\":[\"https:\/\/noticiasemdestaque.com\/cd\/?p=26850\"]}]},{\"@type\":\"ImageObject\",\"inLanguage\":\"pt-BR\",\"@id\":\"https:\/\/noticiasemdestaque.com\/cd\/?p=26850#primaryimage\",\"url\":\"https:\/\/noticiasemdestaque.com\/cd\/wp-content\/uploads\/2017\/07\/zizomamede1.jpg\",\"contentUrl\":\"https:\/\/noticiasemdestaque.com\/cd\/wp-content\/uploads\/2017\/07\/zizomamede1.jpg\",\"width\":547,\"height\":392},{\"@type\":\"BreadcrumbList\",\"@id\":\"https:\/\/noticiasemdestaque.com\/cd\/?p=26850#breadcrumb\",\"itemListElement\":[{\"@type\":\"ListItem\",\"position\":1,\"name\":\"In\u00edcio\",\"item\":\"https:\/\/noticiasemdestaque.com\/cd\/\"},{\"@type\":\"ListItem\",\"position\":2,\"name\":\"Conven\u00e7\u00e3o do PT acontecer\u00e1 nesta ter\u00e7a-feira em Serra Branca\"}]},{\"@type\":\"WebSite\",\"@id\":\"https:\/\/noticiasemdestaque.com\/cd\/#website\",\"url\":\"https:\/\/noticiasemdestaque.com\/cd\/\",\"name\":\"Not&iacute;cias em Destaque\",\"description\":\"\",\"publisher\":{\"@id\":\"https:\/\/noticiasemdestaque.com\/cd\/#organization\"},\"potentialAction\":[{\"@type\":\"SearchAction\",\"target\":{\"@type\":\"EntryPoint\",\"urlTemplate\":\"https:\/\/noticiasemdestaque.com\/cd\/?s={search_term_string}\"},\"query-input\":{\"@type\":\"PropertyValueSpecification\",\"valueRequired\":true,\"valueName\":\"search_term_string\"}}],\"inLanguage\":\"pt-BR\"},{\"@type\":\"Organization\",\"@id\":\"https:\/\/noticiasemdestaque.com\/cd\/#organization\",\"name\":\"Not\u00edcias em Destaque\",\"url\":\"https:\/\/noticiasemdestaque.com\/cd\/\",\"logo\":{\"@type\":\"ImageObject\",\"inLanguage\":\"pt-BR\",\"@id\":\"https:\/\/noticiasemdestaque.com\/cd\/#\/schema\/logo\/image\/\",\"url\":\"https:\/\/noticiasemdestaque.com\/cd\/wp-content\/uploads\/2022\/05\/imagem-base-noticiasemdestaque.png\",\"contentUrl\":\"https:\/\/noticiasemdestaque.com\/cd\/wp-content\/uploads\/2022\/05\/imagem-base-noticiasemdestaque.png\",\"width\":1200,\"height\":630,\"caption\":\"Not\u00edcias em Destaque\"},\"image\":{\"@id\":\"https:\/\/noticiasemdestaque.com\/cd\/#\/schema\/logo\/image\/\"}},{\"@type\":\"Person\",\"@id\":\"https:\/\/noticiasemdestaque.com\/cd\/#\/schema\/person\/21320b03a7e8bb90128938dafc9b908a\",\"name\":\"Not\u00edcias em Destaque\",\"url\":\"https:\/\/noticiasemdestaque.com\/cd\/?author=2\"}]}<\/script>\n<!-- \/ Yoast SEO plugin. -->","yoast_head_json":{"title":"Conven\u00e7\u00e3o do PT acontecer\u00e1 nesta ter\u00e7a-feira em Serra Branca - Not&iacute;cias em Destaque","robots":{"index":"index","follow":"follow","max-snippet":"max-snippet:-1","max-image-preview":"max-image-preview:large","max-video-preview":"max-video-preview:-1"},"canonical":"https:\/\/noticiasemdestaque.com\/cd\/?p=26850","og_locale":"pt_BR","og_type":"article","og_title":"Conven\u00e7\u00e3o do PT acontecer\u00e1 nesta ter\u00e7a-feira em Serra Branca - Not&iacute;cias em Destaque","og_description":"Acontecer\u00e1 nesta ter\u00e7a-feira (15), na Escola T\u00e9cnica In\u00e1cio Antonino, \u00e0s 19h13, em Serra Branca, a conven\u00e7\u00e3o do PT. No evento ser\u00e1 anunciada a pr\u00e9-candidatura a prefeito de Zizo Mamede e ser\u00e1 apresentado o pr\u00e9-candidato a vice-prefeito. Tamb\u00e9m ser\u00e3o anunciados os pr\u00e9-candidatos a vereadores do partido. Todas as medidas de prote\u00e7\u00e3o contra o novo Coronav\u00edrus ser\u00e3o tomadas no evento. A conven\u00e7\u00e3o ser\u00e1 transmitida pelo perfil do Facebook de Zizo Mamede. Focando Para\u00edba","og_url":"https:\/\/noticiasemdestaque.com\/cd\/?p=26850","og_site_name":"Not&iacute;cias em Destaque","article_published_time":"2020-09-15T13:56:24+00:00","article_modified_time":"2020-09-15T13:59:19+00:00","og_image":[{"width":547,"height":392,"url":"https:\/\/noticiasemdestaque.com\/cd\/wp-content\/uploads\/2017\/07\/zizomamede1.jpg","type":"image\/jpeg"}],"author":"Not\u00edcias em Destaque","twitter_card":"summary_large_image","twitter_misc":{"Escrito por":"Not\u00edcias em Destaque"},"schema":{"@context":"https:\/\/schema.org","@graph":[{"@type":"Article","@id":"https:\/\/noticiasemdestaque.com\/cd\/?p=26850#article","isPartOf":{"@id":"https:\/\/noticiasemdestaque.com\/cd\/?p=26850"},"author":{"name":"Not\u00edcias em Destaque","@id":"https:\/\/noticiasemdestaque.com\/cd\/#\/schema\/person\/21320b03a7e8bb90128938dafc9b908a"},"headline":"Conven\u00e7\u00e3o do PT acontecer\u00e1 nesta ter\u00e7a-feira em Serra Branca","datePublished":"2020-09-15T13:56:24+00:00","dateModified":"2020-09-15T13:59:19+00:00","mainEntityOfPage":{"@id":"https:\/\/noticiasemdestaque.com\/cd\/?p=26850"},"wordCount":95,"publisher":{"@id":"https:\/\/noticiasemdestaque.com\/cd\/#organization"},"image":{"@id":"https:\/\/noticiasemdestaque.com\/cd\/?p=26850#primaryimage"},"thumbnailUrl":"https:\/\/noticiasemdestaque.com\/cd\/wp-content\/uploads\/2017\/07\/zizomamede1.jpg","articleSection":["Pol\u00edtica"],"inLanguage":"pt-BR"},{"@type":"WebPage","@id":"https:\/\/noticiasemdestaque.com\/cd\/?p=26850","url":"https:\/\/noticiasemdestaque.com\/cd\/?p=26850","name":"Conven\u00e7\u00e3o do PT acontecer\u00e1 nesta ter\u00e7a-feira em Serra Branca - Not&iacute;cias em Destaque","isPartOf":{"@id":"https:\/\/noticiasemdestaque.com\/cd\/#website"},"primaryImageOfPage":{"@id":"https:\/\/noticiasemdestaque.com\/cd\/?p=26850#primaryimage"},"image":{"@id":"https:\/\/noticiasemdestaque.com\/cd\/?p=26850#primaryimage"},"thumbnailUrl":"https:\/\/noticiasemdestaque.com\/cd\/wp-content\/uploads\/2017\/07\/zizomamede1.jpg","datePublished":"2020-09-15T13:56:24+00:00","dateModified":"2020-09-15T13:59:19+00:00","breadcrumb":{"@id":"https:\/\/noticiasemdestaque.com\/cd\/?p=26850#breadcrumb"},"inLanguage":"pt-BR","potentialAction":[{"@type":"ReadAction","target":["https:\/\/noticiasemdestaque.com\/cd\/?p=26850"]}]},{"@type":"ImageObject","inLanguage":"pt-BR","@id":"https:\/\/noticiasemdestaque.com\/cd\/?p=26850#primaryimage","url":"https:\/\/noticiasemdestaque.com\/cd\/wp-content\/uploads\/2017\/07\/zizomamede1.jpg","contentUrl":"https:\/\/noticiasemdestaque.com\/cd\/wp-content\/uploads\/2017\/07\/zizomamede1.jpg","width":547,"height":392},{"@type":"BreadcrumbList","@id":"https:\/\/noticiasemdestaque.com\/cd\/?p=26850#breadcrumb","itemListElement":[{"@type":"ListItem","position":1,"name":"In\u00edcio","item":"https:\/\/noticiasemdestaque.com\/cd\/"},{"@type":"ListItem","position":2,"name":"Conven\u00e7\u00e3o do PT acontecer\u00e1 nesta ter\u00e7a-feira em Serra Branca"}]},{"@type":"WebSite","@id":"https:\/\/noticiasemdestaque.com\/cd\/#website","url":"https:\/\/noticiasemdestaque.com\/cd\/","name":"Not&iacute;cias em Destaque","description":"","publisher":{"@id":"https:\/\/noticiasemdestaque.com\/cd\/#organization"},"potentialAction":[{"@type":"SearchAction","target":{"@type":"EntryPoint","urlTemplate":"https:\/\/noticiasemdestaque.com\/cd\/?s={search_term_string}"},"query-input":{"@type":"PropertyValueSpecification","valueRequired":true,"valueName":"search_term_string"}}],"inLanguage":"pt-BR"},{"@type":"Organization","@id":"https:\/\/noticiasemdestaque.com\/cd\/#organization","name":"Not\u00edcias em Destaque","url":"https:\/\/noticiasemdestaque.com\/cd\/","logo":{"@type":"ImageObject","inLanguage":"pt-BR","@id":"https:\/\/noticiasemdestaque.com\/cd\/#\/schema\/logo\/image\/","url":"https:\/\/noticiasemdestaque.com\/cd\/wp-content\/uploads\/2022\/05\/imagem-base-noticiasemdestaque.png","contentUrl":"https:\/\/noticiasemdestaque.com\/cd\/wp-content\/uploads\/2022\/05\/imagem-base-noticiasemdestaque.png","width":1200,"height":630,"caption":"Not\u00edcias em Destaque"},"image":{"@id":"https:\/\/noticiasemdestaque.com\/cd\/#\/schema\/logo\/image\/"}},{"@type":"Person","@id":"https:\/\/noticiasemdestaque.com\/cd\/#\/schema\/person\/21320b03a7e8bb90128938dafc9b908a","name":"Not\u00edcias em Destaque","url":"https:\/\/noticiasemdestaque.com\/cd\/?author=2"}]}},"jetpack_featured_media_url":"https:\/\/noticiasemdestaque.com\/cd\/wp-content\/uploads\/2017\/07\/zizomamede1.jpg","jetpack_sharing_enabled":true,"_links":{"self":[{"href":"https:\/\/noticiasemdestaque.com\/cd\/index.php?rest_route=\/wp\/v2\/posts\/26850","targetHints":{"allow":["GET"]}}],"collection":[{"href":"https:\/\/noticiasemdestaque.com\/cd\/index.php?rest_route=\/wp\/v2\/posts"}],"about":[{"href":"https:\/\/noticiasemdestaque.com\/cd\/index.php?rest_route=\/wp\/v2\/types\/post"}],"author":[{"embeddable":true,"href":"https:\/\/noticiasemdestaque.com\/cd\/index.php?rest_route=\/wp\/v2\/users\/2"}],"replies":[{"embeddable":true,"href":"https:\/\/noticiasemdestaque.com\/cd\/index.php?rest_route=%2Fwp%2Fv2%2Fcomments&post=26850"}],"version-history":[{"count":3,"href":"https:\/\/noticiasemdestaque.com\/cd\/index.php?rest_route=\/wp\/v2\/posts\/26850\/revisions"}],"predecessor-version":[{"id":26853,"href":"https:\/\/noticiasemdestaque.com\/cd\/index.php?rest_route=\/wp\/v2\/posts\/26850\/revisions\/26853"}],"wp:featuredmedia":[{"embeddable":true,"href":"https:\/\/noticiasemdestaque.com\/cd\/index.php?rest_route=\/wp\/v2\/media\/1667"}],"wp:attachment":[{"href":"https:\/\/noticiasemdestaque.com\/cd\/index.php?rest_route=%2Fwp%2Fv2%2Fmedia&parent=26850"}],"wp:term":[{"taxonomy":"category","embeddable":true,"href":"https:\/\/noticiasemdestaque.com\/cd\/index.php?rest_route=%2Fwp%2Fv2%2Fcategories&post=26850"},{"taxonomy":"post_tag","embeddable":true,"href":"https:\/\/noticiasemdestaque.com\/cd\/index.php?rest_route=%2Fwp%2Fv2%2Ftags&post=26850"}],"curies":[{"name":"wp","href":"https:\/\/api.w.org\/{rel}","templated":true}]}}