{"id":26804,"date":"2020-09-13T19:54:18","date_gmt":"2020-09-13T22:54:18","guid":{"rendered":"http:\/\/noticiasemdestaque.com\/cd\/?p=26804"},"modified":"2020-09-13T19:54:18","modified_gmt":"2020-09-13T22:54:18","slug":"sandro-moco-e-kiel-tem-candidaturas-homologadas-em-camalau","status":"publish","type":"post","link":"https:\/\/noticiasemdestaque.com\/cd\/?p=26804","title":{"rendered":"Sandro M\u00f4co e Kiel tem candidaturas homologadas em Camala\u00fa"},"content":{"rendered":"<p><a href=\"https:\/\/noticiasemdestaque.com\/cd\/wp-content\/uploads\/2020\/09\/119461061_1033911267054763_8595215407726214948_n.jpg\"><img fetchpriority=\"high\" decoding=\"async\" class=\"wp-image-26805 aligncenter\" src=\"https:\/\/noticiasemdestaque.com\/cd\/wp-content\/uploads\/2020\/09\/119461061_1033911267054763_8595215407726214948_n.jpg\" alt=\"\" width=\"404\" height=\"269\" srcset=\"https:\/\/noticiasemdestaque.com\/cd\/wp-content\/uploads\/2020\/09\/119461061_1033911267054763_8595215407726214948_n.jpg 960w, https:\/\/noticiasemdestaque.com\/cd\/wp-content\/uploads\/2020\/09\/119461061_1033911267054763_8595215407726214948_n-300x200.jpg 300w, https:\/\/noticiasemdestaque.com\/cd\/wp-content\/uploads\/2020\/09\/119461061_1033911267054763_8595215407726214948_n-768x512.jpg 768w, https:\/\/noticiasemdestaque.com\/cd\/wp-content\/uploads\/2020\/09\/119461061_1033911267054763_8595215407726214948_n-480x320.jpg 480w\" sizes=\"(max-width: 404px) 100vw, 404px\" \/><\/a><\/p>\n<p>O prefeito afastado de Camala\u00fa, Sandro M\u00f4co e o atual prefeito Kiel, tiveram as suas candidaturas homologadas em um evento realizado no \u00faltimo s\u00e1bado no munic\u00edpio.<\/p>\n<p>A conven\u00e7\u00e3o foi realizada no CEHAGRO e al\u00e9m de contar com a presen\u00e7a marcante do povo, estiveram presentes dando apoio incondicional a Sandro e Kiel, o deputado federal Pedro Cunha Lima (Presidente Estadual do PSDB), o deputado estadual Jo\u00e3o Henrique e outras lideran\u00e7as pol\u00edticas do munic\u00edpio, a exemplo do ex-prefeito e professor Ant\u00f4nio Mariano.<\/p>\n<p><em><strong>Not\u00edcias em Destaque<\/strong><\/em><\/p>\n<p>Com informa\u00e7\u00f5es do De Olho no Cariri<\/p>\n","protected":false},"excerpt":{"rendered":"<p>O prefeito afastado de Camala\u00fa, Sandro M\u00f4co e o atual prefeito Kiel, tiveram as suas candidaturas homologadas em um evento realizado no \u00faltimo s\u00e1bado no munic\u00edpio. A conven\u00e7\u00e3o foi realizada no CEHAGRO e al\u00e9m de contar com a presen\u00e7a marcante do povo, estiveram presentes dando apoio incondicional a Sandro e Kiel, o deputado federal Pedro Cunha Lima (Presidente Estadual do PSDB), o deputado estadual Jo\u00e3o Henrique e outras lideran\u00e7as pol\u00edticas do munic\u00edpio, a exemplo do ex-prefeito e professor Ant\u00f4nio Mariano. Not\u00edcias em Destaque Com informa\u00e7\u00f5es do De Olho no Cariri<\/p>\n","protected":false},"author":2,"featured_media":26805,"comment_status":"closed","ping_status":"open","sticky":false,"template":"","format":"standard","meta":{"_eb_attr":"","_jetpack_memberships_contains_paid_content":false,"footnotes":""},"categories":[3],"tags":[],"class_list":["post-26804","post","type-post","status-publish","format-standard","has-post-thumbnail","hentry","category-cidades"],"yoast_head":"<!-- This site is optimized with the Yoast SEO plugin v26.5 - https:\/\/yoast.com\/wordpress\/plugins\/seo\/ -->\n<title>Sandro M\u00f4co e Kiel tem candidaturas homologadas em Camala\u00fa - Not&iacute;cias em Destaque<\/title>\n<meta name=\"robots\" content=\"index, follow, max-snippet:-1, max-image-preview:large, max-video-preview:-1\" \/>\n<link rel=\"canonical\" href=\"https:\/\/noticiasemdestaque.com\/cd\/?p=26804\" \/>\n<meta property=\"og:locale\" content=\"pt_BR\" \/>\n<meta property=\"og:type\" content=\"article\" \/>\n<meta property=\"og:title\" content=\"Sandro M\u00f4co e Kiel tem candidaturas homologadas em Camala\u00fa - Not&iacute;cias em Destaque\" \/>\n<meta property=\"og:description\" content=\"O prefeito afastado de Camala\u00fa, Sandro M\u00f4co e o atual prefeito Kiel, tiveram as suas candidaturas homologadas em um evento realizado no \u00faltimo s\u00e1bado no munic\u00edpio. A conven\u00e7\u00e3o foi realizada no CEHAGRO e al\u00e9m de contar com a presen\u00e7a marcante do povo, estiveram presentes dando apoio incondicional a Sandro e Kiel, o deputado federal Pedro Cunha Lima (Presidente Estadual do PSDB), o deputado estadual Jo\u00e3o Henrique e outras lideran\u00e7as pol\u00edticas do munic\u00edpio, a exemplo do ex-prefeito e professor Ant\u00f4nio Mariano. Not\u00edcias em Destaque Com informa\u00e7\u00f5es do De Olho no Cariri\" \/>\n<meta property=\"og:url\" content=\"https:\/\/noticiasemdestaque.com\/cd\/?p=26804\" \/>\n<meta property=\"og:site_name\" content=\"Not&iacute;cias em Destaque\" \/>\n<meta property=\"article:published_time\" content=\"2020-09-13T22:54:18+00:00\" \/>\n<meta property=\"og:image\" content=\"https:\/\/noticiasemdestaque.com\/cd\/wp-content\/uploads\/2020\/09\/119461061_1033911267054763_8595215407726214948_n.jpg\" \/>\n\t<meta property=\"og:image:width\" content=\"960\" \/>\n\t<meta property=\"og:image:height\" content=\"640\" \/>\n\t<meta property=\"og:image:type\" content=\"image\/jpeg\" \/>\n<meta name=\"author\" content=\"Not\u00edcias em Destaque\" \/>\n<meta name=\"twitter:card\" content=\"summary_large_image\" \/>\n<meta name=\"twitter:label1\" content=\"Escrito por\" \/>\n\t<meta name=\"twitter:data1\" content=\"Not\u00edcias em Destaque\" \/>\n\t<meta name=\"twitter:label2\" content=\"Est. tempo de leitura\" \/>\n\t<meta name=\"twitter:data2\" content=\"1 minuto\" \/>\n<script type=\"application\/ld+json\" class=\"yoast-schema-graph\">{\"@context\":\"https:\/\/schema.org\",\"@graph\":[{\"@type\":\"Article\",\"@id\":\"https:\/\/noticiasemdestaque.com\/cd\/?p=26804#article\",\"isPartOf\":{\"@id\":\"https:\/\/noticiasemdestaque.com\/cd\/?p=26804\"},\"author\":{\"name\":\"Not\u00edcias em Destaque\",\"@id\":\"https:\/\/noticiasemdestaque.com\/cd\/#\/schema\/person\/4a81fb71f77579d059c3045891fa1786\"},\"headline\":\"Sandro M\u00f4co e Kiel tem candidaturas homologadas em Camala\u00fa\",\"datePublished\":\"2020-09-13T22:54:18+00:00\",\"mainEntityOfPage\":{\"@id\":\"https:\/\/noticiasemdestaque.com\/cd\/?p=26804\"},\"wordCount\":113,\"publisher\":{\"@id\":\"https:\/\/noticiasemdestaque.com\/cd\/#organization\"},\"image\":{\"@id\":\"https:\/\/noticiasemdestaque.com\/cd\/?p=26804#primaryimage\"},\"thumbnailUrl\":\"https:\/\/noticiasemdestaque.com\/cd\/wp-content\/uploads\/2020\/09\/119461061_1033911267054763_8595215407726214948_n.jpg\",\"articleSection\":[\"Cidades\"],\"inLanguage\":\"pt-BR\"},{\"@type\":\"WebPage\",\"@id\":\"https:\/\/noticiasemdestaque.com\/cd\/?p=26804\",\"url\":\"https:\/\/noticiasemdestaque.com\/cd\/?p=26804\",\"name\":\"Sandro M\u00f4co e Kiel tem candidaturas homologadas em Camala\u00fa - Not&iacute;cias em Destaque\",\"isPartOf\":{\"@id\":\"https:\/\/noticiasemdestaque.com\/cd\/#website\"},\"primaryImageOfPage\":{\"@id\":\"https:\/\/noticiasemdestaque.com\/cd\/?p=26804#primaryimage\"},\"image\":{\"@id\":\"https:\/\/noticiasemdestaque.com\/cd\/?p=26804#primaryimage\"},\"thumbnailUrl\":\"https:\/\/noticiasemdestaque.com\/cd\/wp-content\/uploads\/2020\/09\/119461061_1033911267054763_8595215407726214948_n.jpg\",\"datePublished\":\"2020-09-13T22:54:18+00:00\",\"breadcrumb\":{\"@id\":\"https:\/\/noticiasemdestaque.com\/cd\/?p=26804#breadcrumb\"},\"inLanguage\":\"pt-BR\",\"potentialAction\":[{\"@type\":\"ReadAction\",\"target\":[\"https:\/\/noticiasemdestaque.com\/cd\/?p=26804\"]}]},{\"@type\":\"ImageObject\",\"inLanguage\":\"pt-BR\",\"@id\":\"https:\/\/noticiasemdestaque.com\/cd\/?p=26804#primaryimage\",\"url\":\"https:\/\/noticiasemdestaque.com\/cd\/wp-content\/uploads\/2020\/09\/119461061_1033911267054763_8595215407726214948_n.jpg\",\"contentUrl\":\"https:\/\/noticiasemdestaque.com\/cd\/wp-content\/uploads\/2020\/09\/119461061_1033911267054763_8595215407726214948_n.jpg\",\"width\":960,\"height\":640},{\"@type\":\"BreadcrumbList\",\"@id\":\"https:\/\/noticiasemdestaque.com\/cd\/?p=26804#breadcrumb\",\"itemListElement\":[{\"@type\":\"ListItem\",\"position\":1,\"name\":\"In\u00edcio\",\"item\":\"https:\/\/noticiasemdestaque.com\/cd\/\"},{\"@type\":\"ListItem\",\"position\":2,\"name\":\"Sandro M\u00f4co e Kiel tem candidaturas homologadas em Camala\u00fa\"}]},{\"@type\":\"WebSite\",\"@id\":\"https:\/\/noticiasemdestaque.com\/cd\/#website\",\"url\":\"https:\/\/noticiasemdestaque.com\/cd\/\",\"name\":\"Not&iacute;cias em Destaque\",\"description\":\"\",\"publisher\":{\"@id\":\"https:\/\/noticiasemdestaque.com\/cd\/#organization\"},\"potentialAction\":[{\"@type\":\"SearchAction\",\"target\":{\"@type\":\"EntryPoint\",\"urlTemplate\":\"https:\/\/noticiasemdestaque.com\/cd\/?s={search_term_string}\"},\"query-input\":{\"@type\":\"PropertyValueSpecification\",\"valueRequired\":true,\"valueName\":\"search_term_string\"}}],\"inLanguage\":\"pt-BR\"},{\"@type\":\"Organization\",\"@id\":\"https:\/\/noticiasemdestaque.com\/cd\/#organization\",\"name\":\"Not\u00edcias em Destaque\",\"url\":\"https:\/\/noticiasemdestaque.com\/cd\/\",\"logo\":{\"@type\":\"ImageObject\",\"inLanguage\":\"pt-BR\",\"@id\":\"https:\/\/noticiasemdestaque.com\/cd\/#\/schema\/logo\/image\/\",\"url\":\"https:\/\/noticiasemdestaque.com\/cd\/wp-content\/uploads\/2022\/05\/imagem-base-noticiasemdestaque.png\",\"contentUrl\":\"https:\/\/noticiasemdestaque.com\/cd\/wp-content\/uploads\/2022\/05\/imagem-base-noticiasemdestaque.png\",\"width\":1200,\"height\":630,\"caption\":\"Not\u00edcias em Destaque\"},\"image\":{\"@id\":\"https:\/\/noticiasemdestaque.com\/cd\/#\/schema\/logo\/image\/\"}},{\"@type\":\"Person\",\"@id\":\"https:\/\/noticiasemdestaque.com\/cd\/#\/schema\/person\/4a81fb71f77579d059c3045891fa1786\",\"name\":\"Not\u00edcias em Destaque\",\"url\":\"https:\/\/noticiasemdestaque.com\/cd\/?author=2\"}]}<\/script>\n<!-- \/ Yoast SEO plugin. -->","yoast_head_json":{"title":"Sandro M\u00f4co e Kiel tem candidaturas homologadas em Camala\u00fa - Not&iacute;cias em Destaque","robots":{"index":"index","follow":"follow","max-snippet":"max-snippet:-1","max-image-preview":"max-image-preview:large","max-video-preview":"max-video-preview:-1"},"canonical":"https:\/\/noticiasemdestaque.com\/cd\/?p=26804","og_locale":"pt_BR","og_type":"article","og_title":"Sandro M\u00f4co e Kiel tem candidaturas homologadas em Camala\u00fa - Not&iacute;cias em Destaque","og_description":"O prefeito afastado de Camala\u00fa, Sandro M\u00f4co e o atual prefeito Kiel, tiveram as suas candidaturas homologadas em um evento realizado no \u00faltimo s\u00e1bado no munic\u00edpio. A conven\u00e7\u00e3o foi realizada no CEHAGRO e al\u00e9m de contar com a presen\u00e7a marcante do povo, estiveram presentes dando apoio incondicional a Sandro e Kiel, o deputado federal Pedro Cunha Lima (Presidente Estadual do PSDB), o deputado estadual Jo\u00e3o Henrique e outras lideran\u00e7as pol\u00edticas do munic\u00edpio, a exemplo do ex-prefeito e professor Ant\u00f4nio Mariano. Not\u00edcias em Destaque Com informa\u00e7\u00f5es do De Olho no Cariri","og_url":"https:\/\/noticiasemdestaque.com\/cd\/?p=26804","og_site_name":"Not&iacute;cias em Destaque","article_published_time":"2020-09-13T22:54:18+00:00","og_image":[{"width":960,"height":640,"url":"https:\/\/noticiasemdestaque.com\/cd\/wp-content\/uploads\/2020\/09\/119461061_1033911267054763_8595215407726214948_n.jpg","type":"image\/jpeg"}],"author":"Not\u00edcias em Destaque","twitter_card":"summary_large_image","twitter_misc":{"Escrito por":"Not\u00edcias em Destaque","Est. tempo de leitura":"1 minuto"},"schema":{"@context":"https:\/\/schema.org","@graph":[{"@type":"Article","@id":"https:\/\/noticiasemdestaque.com\/cd\/?p=26804#article","isPartOf":{"@id":"https:\/\/noticiasemdestaque.com\/cd\/?p=26804"},"author":{"name":"Not\u00edcias em Destaque","@id":"https:\/\/noticiasemdestaque.com\/cd\/#\/schema\/person\/4a81fb71f77579d059c3045891fa1786"},"headline":"Sandro M\u00f4co e Kiel tem candidaturas homologadas em Camala\u00fa","datePublished":"2020-09-13T22:54:18+00:00","mainEntityOfPage":{"@id":"https:\/\/noticiasemdestaque.com\/cd\/?p=26804"},"wordCount":113,"publisher":{"@id":"https:\/\/noticiasemdestaque.com\/cd\/#organization"},"image":{"@id":"https:\/\/noticiasemdestaque.com\/cd\/?p=26804#primaryimage"},"thumbnailUrl":"https:\/\/noticiasemdestaque.com\/cd\/wp-content\/uploads\/2020\/09\/119461061_1033911267054763_8595215407726214948_n.jpg","articleSection":["Cidades"],"inLanguage":"pt-BR"},{"@type":"WebPage","@id":"https:\/\/noticiasemdestaque.com\/cd\/?p=26804","url":"https:\/\/noticiasemdestaque.com\/cd\/?p=26804","name":"Sandro M\u00f4co e Kiel tem candidaturas homologadas em Camala\u00fa - Not&iacute;cias em Destaque","isPartOf":{"@id":"https:\/\/noticiasemdestaque.com\/cd\/#website"},"primaryImageOfPage":{"@id":"https:\/\/noticiasemdestaque.com\/cd\/?p=26804#primaryimage"},"image":{"@id":"https:\/\/noticiasemdestaque.com\/cd\/?p=26804#primaryimage"},"thumbnailUrl":"https:\/\/noticiasemdestaque.com\/cd\/wp-content\/uploads\/2020\/09\/119461061_1033911267054763_8595215407726214948_n.jpg","datePublished":"2020-09-13T22:54:18+00:00","breadcrumb":{"@id":"https:\/\/noticiasemdestaque.com\/cd\/?p=26804#breadcrumb"},"inLanguage":"pt-BR","potentialAction":[{"@type":"ReadAction","target":["https:\/\/noticiasemdestaque.com\/cd\/?p=26804"]}]},{"@type":"ImageObject","inLanguage":"pt-BR","@id":"https:\/\/noticiasemdestaque.com\/cd\/?p=26804#primaryimage","url":"https:\/\/noticiasemdestaque.com\/cd\/wp-content\/uploads\/2020\/09\/119461061_1033911267054763_8595215407726214948_n.jpg","contentUrl":"https:\/\/noticiasemdestaque.com\/cd\/wp-content\/uploads\/2020\/09\/119461061_1033911267054763_8595215407726214948_n.jpg","width":960,"height":640},{"@type":"BreadcrumbList","@id":"https:\/\/noticiasemdestaque.com\/cd\/?p=26804#breadcrumb","itemListElement":[{"@type":"ListItem","position":1,"name":"In\u00edcio","item":"https:\/\/noticiasemdestaque.com\/cd\/"},{"@type":"ListItem","position":2,"name":"Sandro M\u00f4co e Kiel tem candidaturas homologadas em Camala\u00fa"}]},{"@type":"WebSite","@id":"https:\/\/noticiasemdestaque.com\/cd\/#website","url":"https:\/\/noticiasemdestaque.com\/cd\/","name":"Not&iacute;cias em Destaque","description":"","publisher":{"@id":"https:\/\/noticiasemdestaque.com\/cd\/#organization"},"potentialAction":[{"@type":"SearchAction","target":{"@type":"EntryPoint","urlTemplate":"https:\/\/noticiasemdestaque.com\/cd\/?s={search_term_string}"},"query-input":{"@type":"PropertyValueSpecification","valueRequired":true,"valueName":"search_term_string"}}],"inLanguage":"pt-BR"},{"@type":"Organization","@id":"https:\/\/noticiasemdestaque.com\/cd\/#organization","name":"Not\u00edcias em Destaque","url":"https:\/\/noticiasemdestaque.com\/cd\/","logo":{"@type":"ImageObject","inLanguage":"pt-BR","@id":"https:\/\/noticiasemdestaque.com\/cd\/#\/schema\/logo\/image\/","url":"https:\/\/noticiasemdestaque.com\/cd\/wp-content\/uploads\/2022\/05\/imagem-base-noticiasemdestaque.png","contentUrl":"https:\/\/noticiasemdestaque.com\/cd\/wp-content\/uploads\/2022\/05\/imagem-base-noticiasemdestaque.png","width":1200,"height":630,"caption":"Not\u00edcias em Destaque"},"image":{"@id":"https:\/\/noticiasemdestaque.com\/cd\/#\/schema\/logo\/image\/"}},{"@type":"Person","@id":"https:\/\/noticiasemdestaque.com\/cd\/#\/schema\/person\/4a81fb71f77579d059c3045891fa1786","name":"Not\u00edcias em Destaque","url":"https:\/\/noticiasemdestaque.com\/cd\/?author=2"}]}},"jetpack_featured_media_url":"https:\/\/noticiasemdestaque.com\/cd\/wp-content\/uploads\/2020\/09\/119461061_1033911267054763_8595215407726214948_n.jpg","jetpack_sharing_enabled":true,"_links":{"self":[{"href":"https:\/\/noticiasemdestaque.com\/cd\/index.php?rest_route=\/wp\/v2\/posts\/26804","targetHints":{"allow":["GET"]}}],"collection":[{"href":"https:\/\/noticiasemdestaque.com\/cd\/index.php?rest_route=\/wp\/v2\/posts"}],"about":[{"href":"https:\/\/noticiasemdestaque.com\/cd\/index.php?rest_route=\/wp\/v2\/types\/post"}],"author":[{"embeddable":true,"href":"https:\/\/noticiasemdestaque.com\/cd\/index.php?rest_route=\/wp\/v2\/users\/2"}],"replies":[{"embeddable":true,"href":"https:\/\/noticiasemdestaque.com\/cd\/index.php?rest_route=%2Fwp%2Fv2%2Fcomments&post=26804"}],"version-history":[{"count":1,"href":"https:\/\/noticiasemdestaque.com\/cd\/index.php?rest_route=\/wp\/v2\/posts\/26804\/revisions"}],"predecessor-version":[{"id":26806,"href":"https:\/\/noticiasemdestaque.com\/cd\/index.php?rest_route=\/wp\/v2\/posts\/26804\/revisions\/26806"}],"wp:featuredmedia":[{"embeddable":true,"href":"https:\/\/noticiasemdestaque.com\/cd\/index.php?rest_route=\/wp\/v2\/media\/26805"}],"wp:attachment":[{"href":"https:\/\/noticiasemdestaque.com\/cd\/index.php?rest_route=%2Fwp%2Fv2%2Fmedia&parent=26804"}],"wp:term":[{"taxonomy":"category","embeddable":true,"href":"https:\/\/noticiasemdestaque.com\/cd\/index.php?rest_route=%2Fwp%2Fv2%2Fcategories&post=26804"},{"taxonomy":"post_tag","embeddable":true,"href":"https:\/\/noticiasemdestaque.com\/cd\/index.php?rest_route=%2Fwp%2Fv2%2Ftags&post=26804"}],"curies":[{"name":"wp","href":"https:\/\/api.w.org\/{rel}","templated":true}]}}