{"id":26783,"date":"2020-09-12T20:33:03","date_gmt":"2020-09-12T23:33:03","guid":{"rendered":"http:\/\/noticiasemdestaque.com\/cd\/?p=26783"},"modified":"2020-09-12T21:33:46","modified_gmt":"2020-09-13T00:33:46","slug":"convencao-confirma-eden-duarte-e-manezinho-lourenco-para-concorrer-a-prefeitura-de-sume","status":"publish","type":"post","link":"https:\/\/noticiasemdestaque.com\/cd\/?p=26783","title":{"rendered":"Conven\u00e7\u00e3o confirma \u00c9den Duarte e Manezinho Louren\u00e7o para concorrer \u00e0 Prefeitura de Sum\u00e9"},"content":{"rendered":"<p><a href=\"https:\/\/noticiasemdestaque.com\/cd\/wp-content\/uploads\/2020\/09\/119036403_2041569135976606_8292783877598849682_n.jpg\"><img fetchpriority=\"high\" decoding=\"async\" class=\"wp-image-26784 aligncenter\" src=\"https:\/\/noticiasemdestaque.com\/cd\/wp-content\/uploads\/2020\/09\/119036403_2041569135976606_8292783877598849682_n.jpg\" alt=\"\" width=\"400\" height=\"266\" srcset=\"https:\/\/noticiasemdestaque.com\/cd\/wp-content\/uploads\/2020\/09\/119036403_2041569135976606_8292783877598849682_n.jpg 750w, https:\/\/noticiasemdestaque.com\/cd\/wp-content\/uploads\/2020\/09\/119036403_2041569135976606_8292783877598849682_n-300x200.jpg 300w, https:\/\/noticiasemdestaque.com\/cd\/wp-content\/uploads\/2020\/09\/119036403_2041569135976606_8292783877598849682_n-480x320.jpg 480w\" sizes=\"(max-width: 400px) 100vw, 400px\" \/><\/a><\/p>\n<p>A conven\u00e7\u00e3o do PL, Cidadania e PT, confirmou neste s\u00e1bado (12), \u00e0 candidatura de \u00c9den Duarte \u00e0 reelei\u00e7\u00e3o na disputa pela Prefeitura de Sum\u00e9, tendo como companheiro de chapa, o ex-vereador Manezinho Lourenco.<\/p>\n<p><a href=\"https:\/\/noticiasemdestaque.com\/cd\/wp-content\/uploads\/2020\/09\/119123768_2041566669310186_7986918189337919297_n.jpg\"><img decoding=\"async\" class=\"wp-image-26788 aligncenter\" src=\"https:\/\/noticiasemdestaque.com\/cd\/wp-content\/uploads\/2020\/09\/119123768_2041566669310186_7986918189337919297_n.jpg\" alt=\"\" width=\"377\" height=\"251\" srcset=\"https:\/\/noticiasemdestaque.com\/cd\/wp-content\/uploads\/2020\/09\/119123768_2041566669310186_7986918189337919297_n.jpg 750w, https:\/\/noticiasemdestaque.com\/cd\/wp-content\/uploads\/2020\/09\/119123768_2041566669310186_7986918189337919297_n-300x200.jpg 300w, https:\/\/noticiasemdestaque.com\/cd\/wp-content\/uploads\/2020\/09\/119123768_2041566669310186_7986918189337919297_n-480x320.jpg 480w\" sizes=\"(max-width: 377px) 100vw, 377px\" \/><\/a><\/p>\n<p>Foram confirmados ainda, os nomes que disputar\u00e3o uma vaga na C\u00e2mara Municipal, sendo 15 nomes representando o PL e 15 candidatos pelo Cidadania.<\/p>\n<p><a href=\"https:\/\/noticiasemdestaque.com\/cd\/wp-content\/uploads\/2020\/09\/119036403_2041569135976606_8292783877598849682_n.jpg\"><img decoding=\"async\" class=\"wp-image-26784 aligncenter\" src=\"https:\/\/noticiasemdestaque.com\/cd\/wp-content\/uploads\/2020\/09\/119036403_2041569135976606_8292783877598849682_n.jpg\" alt=\"\" width=\"401\" height=\"267\" srcset=\"https:\/\/noticiasemdestaque.com\/cd\/wp-content\/uploads\/2020\/09\/119036403_2041569135976606_8292783877598849682_n.jpg 750w, https:\/\/noticiasemdestaque.com\/cd\/wp-content\/uploads\/2020\/09\/119036403_2041569135976606_8292783877598849682_n-300x200.jpg 300w, https:\/\/noticiasemdestaque.com\/cd\/wp-content\/uploads\/2020\/09\/119036403_2041569135976606_8292783877598849682_n-480x320.jpg 480w\" sizes=\"(max-width: 401px) 100vw, 401px\" \/><\/a><\/p>\n<p>Estiveram prestigiando a conven\u00e7\u00e3o, o deputado estadual Branco Mendes, o suplente de deputado, Romualdo Quirino, o m\u00e9dico Francisco Braz e o ex-prefeito de Sum\u00e9, Neto Duarte.<\/p>\n<p><a href=\"https:\/\/noticiasemdestaque.com\/cd\/wp-content\/uploads\/2020\/09\/119198151_2041563269310526_1286219969537785505_n.jpg\"><img loading=\"lazy\" decoding=\"async\" class=\"wp-image-26787 aligncenter\" src=\"https:\/\/noticiasemdestaque.com\/cd\/wp-content\/uploads\/2020\/09\/119198151_2041563269310526_1286219969537785505_n.jpg\" alt=\"\" width=\"401\" height=\"267\" srcset=\"https:\/\/noticiasemdestaque.com\/cd\/wp-content\/uploads\/2020\/09\/119198151_2041563269310526_1286219969537785505_n.jpg 750w, https:\/\/noticiasemdestaque.com\/cd\/wp-content\/uploads\/2020\/09\/119198151_2041563269310526_1286219969537785505_n-300x200.jpg 300w, https:\/\/noticiasemdestaque.com\/cd\/wp-content\/uploads\/2020\/09\/119198151_2041563269310526_1286219969537785505_n-480x320.jpg 480w\" sizes=\"(max-width: 401px) 100vw, 401px\" \/><\/a><\/p>\n<p>O prefeito \u00c9den Duarte agradeceu a todo o grupo pol\u00edtico pelo apoio a sua pr\u00e9-candidatura e afirmou que pretende continuar trabalhando por Sum\u00e9, \u201cPodemos andar em todos os locais do munic\u00edpio, temos servi\u00e7os prestados, precisamos avan\u00e7ar e aperfei\u00e7oar o nosso governo\u201d, disse \u00c9den.<\/p>\n<p><a href=\"https:\/\/noticiasemdestaque.com\/cd\/wp-content\/uploads\/2020\/09\/119140593_2041573889309464_289285482443677958_n.jpg\"><img loading=\"lazy\" decoding=\"async\" class=\"wp-image-26786 aligncenter\" src=\"https:\/\/noticiasemdestaque.com\/cd\/wp-content\/uploads\/2020\/09\/119140593_2041573889309464_289285482443677958_n.jpg\" alt=\"\" width=\"395\" height=\"263\" srcset=\"https:\/\/noticiasemdestaque.com\/cd\/wp-content\/uploads\/2020\/09\/119140593_2041573889309464_289285482443677958_n.jpg 750w, https:\/\/noticiasemdestaque.com\/cd\/wp-content\/uploads\/2020\/09\/119140593_2041573889309464_289285482443677958_n-300x200.jpg 300w, https:\/\/noticiasemdestaque.com\/cd\/wp-content\/uploads\/2020\/09\/119140593_2041573889309464_289285482443677958_n-480x320.jpg 480w\" sizes=\"(max-width: 395px) 100vw, 395px\" \/><\/a><\/p>\n<p>Em virtude da pandemia do coronav\u00edrus a conven\u00e7\u00e3o contou apenas com a participa\u00e7\u00e3o de candidatos e convidados, obedecendo \u00e0s normas estabelecidas pela Vigil\u00e2ncia Sanit\u00e1ria Municipal, com distanciamento social, sendo disponibilizado \u00e1lcool em gel e o uso obrigat\u00f3rio de m\u00e1scara.<\/p>\n<p>https:\/\/www.facebook.com\/media\/set\/?vanity=noticiasemdestaqueND&#038;set=a.2041575332642653&#038;__cft__[0]=AZVTZQCYfdrgRL4PWTRUWv8TIsW0qsMHwxrBK-qiqNUWpyrjoSdPhRPdfhAOPVjWVmlTejqnXayLuwndBVce0ZXZco30dumhfOmlslD_ohCVhctx5fi_l93_L77IbpFDaI_yfnl4VFTF3fzXTbkQqI_LHO5r7-4RLqFawowGJaSFOw&#038;__tn__=-R<\/p>\n<p><strong><em>Not\u00edcias em Destaque<\/em><\/strong><\/p>\n","protected":false},"excerpt":{"rendered":"<p>A conven\u00e7\u00e3o do PL, Cidadania e PT, confirmou neste s\u00e1bado (12), \u00e0 candidatura de \u00c9den Duarte \u00e0 reelei\u00e7\u00e3o na disputa pela Prefeitura de Sum\u00e9, tendo como companheiro de chapa, o ex-vereador Manezinho Lourenco. Foram confirmados ainda, os nomes que disputar\u00e3o uma vaga na C\u00e2mara Municipal, sendo 15 nomes representando o PL e 15 candidatos pelo Cidadania. Estiveram prestigiando a conven\u00e7\u00e3o, o deputado estadual Branco Mendes, o suplente de deputado, Romualdo Quirino, o m\u00e9dico Francisco Braz e o ex-prefeito de Sum\u00e9, Neto Duarte. O prefeito \u00c9den Duarte agradeceu a todo o grupo pol\u00edtico pelo apoio a sua pr\u00e9-candidatura e afirmou que pretende continuar trabalhando por Sum\u00e9, \u201cPodemos andar em todos os locais do munic\u00edpio, temos servi\u00e7os prestados, precisamos avan\u00e7ar e aperfei\u00e7oar o nosso governo\u201d, disse \u00c9den. Em virtude da pandemia do coronav\u00edrus a conven\u00e7\u00e3o contou apenas com a participa\u00e7\u00e3o de candidatos e convidados, obedecendo \u00e0s normas estabelecidas pela Vigil\u00e2ncia Sanit\u00e1ria Municipal, com distanciamento social, sendo disponibilizado \u00e1lcool em gel e o uso obrigat\u00f3rio de m\u00e1scara. https:\/\/www.facebook.com\/media\/set\/?vanity=noticiasemdestaqueND&#038;set=a.2041575332642653&#038;__cft__[0]=AZVTZQCYfdrgRL4PWTRUWv8TIsW0qsMHwxrBK-qiqNUWpyrjoSdPhRPdfhAOPVjWVmlTejqnXayLuwndBVce0ZXZco30dumhfOmlslD_ohCVhctx5fi_l93_L77IbpFDaI_yfnl4VFTF3fzXTbkQqI_LHO5r7-4RLqFawowGJaSFOw&#038;__tn__=-R Not\u00edcias em Destaque<\/p>\n","protected":false},"author":2,"featured_media":26785,"comment_status":"closed","ping_status":"open","sticky":false,"template":"","format":"standard","meta":{"_eb_attr":"","_jetpack_memberships_contains_paid_content":false,"footnotes":""},"categories":[4],"tags":[],"class_list":["post-26783","post","type-post","status-publish","format-standard","has-post-thumbnail","hentry","category-politica"],"yoast_head":"<!-- This site is optimized with the Yoast SEO plugin v26.5 - https:\/\/yoast.com\/wordpress\/plugins\/seo\/ -->\n<title>Conven\u00e7\u00e3o confirma \u00c9den Duarte e Manezinho Louren\u00e7o para concorrer \u00e0 Prefeitura de Sum\u00e9 - Not&iacute;cias em Destaque<\/title>\n<meta name=\"robots\" content=\"index, follow, max-snippet:-1, max-image-preview:large, max-video-preview:-1\" \/>\n<link rel=\"canonical\" href=\"https:\/\/noticiasemdestaque.com\/cd\/?p=26783\" \/>\n<meta property=\"og:locale\" content=\"pt_BR\" \/>\n<meta property=\"og:type\" content=\"article\" \/>\n<meta property=\"og:title\" content=\"Conven\u00e7\u00e3o confirma \u00c9den Duarte e Manezinho Louren\u00e7o para concorrer \u00e0 Prefeitura de Sum\u00e9 - Not&iacute;cias em Destaque\" \/>\n<meta property=\"og:description\" content=\"A conven\u00e7\u00e3o do PL, Cidadania e PT, confirmou neste s\u00e1bado (12), \u00e0 candidatura de \u00c9den Duarte \u00e0 reelei\u00e7\u00e3o na disputa pela Prefeitura de Sum\u00e9, tendo como companheiro de chapa, o ex-vereador Manezinho Lourenco. Foram confirmados ainda, os nomes que disputar\u00e3o uma vaga na C\u00e2mara Municipal, sendo 15 nomes representando o PL e 15 candidatos pelo Cidadania. Estiveram prestigiando a conven\u00e7\u00e3o, o deputado estadual Branco Mendes, o suplente de deputado, Romualdo Quirino, o m\u00e9dico Francisco Braz e o ex-prefeito de Sum\u00e9, Neto Duarte. O prefeito \u00c9den Duarte agradeceu a todo o grupo pol\u00edtico pelo apoio a sua pr\u00e9-candidatura e afirmou que pretende continuar trabalhando por Sum\u00e9, \u201cPodemos andar em todos os locais do munic\u00edpio, temos servi\u00e7os prestados, precisamos avan\u00e7ar e aperfei\u00e7oar o nosso governo\u201d, disse \u00c9den. Em virtude da pandemia do coronav\u00edrus a conven\u00e7\u00e3o contou apenas com a participa\u00e7\u00e3o de candidatos e convidados, obedecendo \u00e0s normas estabelecidas pela Vigil\u00e2ncia Sanit\u00e1ria Municipal, com distanciamento social, sendo disponibilizado \u00e1lcool em gel e o uso obrigat\u00f3rio de m\u00e1scara. https:\/\/www.facebook.com\/media\/set\/?vanity=noticiasemdestaqueND&#038;set=a.2041575332642653&#038;__cft__[0]=AZVTZQCYfdrgRL4PWTRUWv8TIsW0qsMHwxrBK-qiqNUWpyrjoSdPhRPdfhAOPVjWVmlTejqnXayLuwndBVce0ZXZco30dumhfOmlslD_ohCVhctx5fi_l93_L77IbpFDaI_yfnl4VFTF3fzXTbkQqI_LHO5r7-4RLqFawowGJaSFOw&#038;__tn__=-R Not\u00edcias em Destaque\" \/>\n<meta property=\"og:url\" content=\"https:\/\/noticiasemdestaque.com\/cd\/?p=26783\" \/>\n<meta property=\"og:site_name\" content=\"Not&iacute;cias em Destaque\" \/>\n<meta property=\"article:published_time\" content=\"2020-09-12T23:33:03+00:00\" \/>\n<meta property=\"article:modified_time\" content=\"2020-09-13T00:33:46+00:00\" \/>\n<meta property=\"og:image\" content=\"https:\/\/noticiasemdestaque.com\/cd\/wp-content\/uploads\/2020\/09\/119058531_2041564419310411_4544084389895949087_n.jpg\" \/>\n\t<meta property=\"og:image:width\" content=\"750\" \/>\n\t<meta property=\"og:image:height\" content=\"499\" \/>\n\t<meta property=\"og:image:type\" content=\"image\/jpeg\" \/>\n<meta name=\"author\" content=\"Not\u00edcias em Destaque\" \/>\n<meta name=\"twitter:card\" content=\"summary_large_image\" \/>\n<meta name=\"twitter:label1\" content=\"Escrito por\" \/>\n\t<meta name=\"twitter:data1\" content=\"Not\u00edcias em Destaque\" \/>\n\t<meta name=\"twitter:label2\" content=\"Est. tempo de leitura\" \/>\n\t<meta name=\"twitter:data2\" content=\"1 minuto\" \/>\n<script type=\"application\/ld+json\" class=\"yoast-schema-graph\">{\"@context\":\"https:\/\/schema.org\",\"@graph\":[{\"@type\":\"Article\",\"@id\":\"https:\/\/noticiasemdestaque.com\/cd\/?p=26783#article\",\"isPartOf\":{\"@id\":\"https:\/\/noticiasemdestaque.com\/cd\/?p=26783\"},\"author\":{\"name\":\"Not\u00edcias em Destaque\",\"@id\":\"https:\/\/noticiasemdestaque.com\/cd\/#\/schema\/person\/4a81fb71f77579d059c3045891fa1786\"},\"headline\":\"Conven\u00e7\u00e3o confirma \u00c9den Duarte e Manezinho Louren\u00e7o para concorrer \u00e0 Prefeitura de Sum\u00e9\",\"datePublished\":\"2020-09-12T23:33:03+00:00\",\"dateModified\":\"2020-09-13T00:33:46+00:00\",\"mainEntityOfPage\":{\"@id\":\"https:\/\/noticiasemdestaque.com\/cd\/?p=26783\"},\"wordCount\":231,\"publisher\":{\"@id\":\"https:\/\/noticiasemdestaque.com\/cd\/#organization\"},\"image\":{\"@id\":\"https:\/\/noticiasemdestaque.com\/cd\/?p=26783#primaryimage\"},\"thumbnailUrl\":\"https:\/\/noticiasemdestaque.com\/cd\/wp-content\/uploads\/2020\/09\/119058531_2041564419310411_4544084389895949087_n.jpg\",\"articleSection\":[\"Pol\u00edtica\"],\"inLanguage\":\"pt-BR\"},{\"@type\":\"WebPage\",\"@id\":\"https:\/\/noticiasemdestaque.com\/cd\/?p=26783\",\"url\":\"https:\/\/noticiasemdestaque.com\/cd\/?p=26783\",\"name\":\"Conven\u00e7\u00e3o confirma \u00c9den Duarte e Manezinho Louren\u00e7o para concorrer \u00e0 Prefeitura de Sum\u00e9 - Not&iacute;cias em Destaque\",\"isPartOf\":{\"@id\":\"https:\/\/noticiasemdestaque.com\/cd\/#website\"},\"primaryImageOfPage\":{\"@id\":\"https:\/\/noticiasemdestaque.com\/cd\/?p=26783#primaryimage\"},\"image\":{\"@id\":\"https:\/\/noticiasemdestaque.com\/cd\/?p=26783#primaryimage\"},\"thumbnailUrl\":\"https:\/\/noticiasemdestaque.com\/cd\/wp-content\/uploads\/2020\/09\/119058531_2041564419310411_4544084389895949087_n.jpg\",\"datePublished\":\"2020-09-12T23:33:03+00:00\",\"dateModified\":\"2020-09-13T00:33:46+00:00\",\"breadcrumb\":{\"@id\":\"https:\/\/noticiasemdestaque.com\/cd\/?p=26783#breadcrumb\"},\"inLanguage\":\"pt-BR\",\"potentialAction\":[{\"@type\":\"ReadAction\",\"target\":[\"https:\/\/noticiasemdestaque.com\/cd\/?p=26783\"]}]},{\"@type\":\"ImageObject\",\"inLanguage\":\"pt-BR\",\"@id\":\"https:\/\/noticiasemdestaque.com\/cd\/?p=26783#primaryimage\",\"url\":\"https:\/\/noticiasemdestaque.com\/cd\/wp-content\/uploads\/2020\/09\/119058531_2041564419310411_4544084389895949087_n.jpg\",\"contentUrl\":\"https:\/\/noticiasemdestaque.com\/cd\/wp-content\/uploads\/2020\/09\/119058531_2041564419310411_4544084389895949087_n.jpg\",\"width\":750,\"height\":499},{\"@type\":\"BreadcrumbList\",\"@id\":\"https:\/\/noticiasemdestaque.com\/cd\/?p=26783#breadcrumb\",\"itemListElement\":[{\"@type\":\"ListItem\",\"position\":1,\"name\":\"In\u00edcio\",\"item\":\"https:\/\/noticiasemdestaque.com\/cd\/\"},{\"@type\":\"ListItem\",\"position\":2,\"name\":\"Conven\u00e7\u00e3o confirma \u00c9den Duarte e Manezinho Louren\u00e7o para concorrer \u00e0 Prefeitura de Sum\u00e9\"}]},{\"@type\":\"WebSite\",\"@id\":\"https:\/\/noticiasemdestaque.com\/cd\/#website\",\"url\":\"https:\/\/noticiasemdestaque.com\/cd\/\",\"name\":\"Not&iacute;cias em Destaque\",\"description\":\"\",\"publisher\":{\"@id\":\"https:\/\/noticiasemdestaque.com\/cd\/#organization\"},\"potentialAction\":[{\"@type\":\"SearchAction\",\"target\":{\"@type\":\"EntryPoint\",\"urlTemplate\":\"https:\/\/noticiasemdestaque.com\/cd\/?s={search_term_string}\"},\"query-input\":{\"@type\":\"PropertyValueSpecification\",\"valueRequired\":true,\"valueName\":\"search_term_string\"}}],\"inLanguage\":\"pt-BR\"},{\"@type\":\"Organization\",\"@id\":\"https:\/\/noticiasemdestaque.com\/cd\/#organization\",\"name\":\"Not\u00edcias em Destaque\",\"url\":\"https:\/\/noticiasemdestaque.com\/cd\/\",\"logo\":{\"@type\":\"ImageObject\",\"inLanguage\":\"pt-BR\",\"@id\":\"https:\/\/noticiasemdestaque.com\/cd\/#\/schema\/logo\/image\/\",\"url\":\"https:\/\/noticiasemdestaque.com\/cd\/wp-content\/uploads\/2022\/05\/imagem-base-noticiasemdestaque.png\",\"contentUrl\":\"https:\/\/noticiasemdestaque.com\/cd\/wp-content\/uploads\/2022\/05\/imagem-base-noticiasemdestaque.png\",\"width\":1200,\"height\":630,\"caption\":\"Not\u00edcias em Destaque\"},\"image\":{\"@id\":\"https:\/\/noticiasemdestaque.com\/cd\/#\/schema\/logo\/image\/\"}},{\"@type\":\"Person\",\"@id\":\"https:\/\/noticiasemdestaque.com\/cd\/#\/schema\/person\/4a81fb71f77579d059c3045891fa1786\",\"name\":\"Not\u00edcias em Destaque\",\"url\":\"https:\/\/noticiasemdestaque.com\/cd\/?author=2\"}]}<\/script>\n<!-- \/ Yoast SEO plugin. -->","yoast_head_json":{"title":"Conven\u00e7\u00e3o confirma \u00c9den Duarte e Manezinho Louren\u00e7o para concorrer \u00e0 Prefeitura de Sum\u00e9 - Not&iacute;cias em Destaque","robots":{"index":"index","follow":"follow","max-snippet":"max-snippet:-1","max-image-preview":"max-image-preview:large","max-video-preview":"max-video-preview:-1"},"canonical":"https:\/\/noticiasemdestaque.com\/cd\/?p=26783","og_locale":"pt_BR","og_type":"article","og_title":"Conven\u00e7\u00e3o confirma \u00c9den Duarte e Manezinho Louren\u00e7o para concorrer \u00e0 Prefeitura de Sum\u00e9 - Not&iacute;cias em Destaque","og_description":"A conven\u00e7\u00e3o do PL, Cidadania e PT, confirmou neste s\u00e1bado (12), \u00e0 candidatura de \u00c9den Duarte \u00e0 reelei\u00e7\u00e3o na disputa pela Prefeitura de Sum\u00e9, tendo como companheiro de chapa, o ex-vereador Manezinho Lourenco. Foram confirmados ainda, os nomes que disputar\u00e3o uma vaga na C\u00e2mara Municipal, sendo 15 nomes representando o PL e 15 candidatos pelo Cidadania. Estiveram prestigiando a conven\u00e7\u00e3o, o deputado estadual Branco Mendes, o suplente de deputado, Romualdo Quirino, o m\u00e9dico Francisco Braz e o ex-prefeito de Sum\u00e9, Neto Duarte. O prefeito \u00c9den Duarte agradeceu a todo o grupo pol\u00edtico pelo apoio a sua pr\u00e9-candidatura e afirmou que pretende continuar trabalhando por Sum\u00e9, \u201cPodemos andar em todos os locais do munic\u00edpio, temos servi\u00e7os prestados, precisamos avan\u00e7ar e aperfei\u00e7oar o nosso governo\u201d, disse \u00c9den. Em virtude da pandemia do coronav\u00edrus a conven\u00e7\u00e3o contou apenas com a participa\u00e7\u00e3o de candidatos e convidados, obedecendo \u00e0s normas estabelecidas pela Vigil\u00e2ncia Sanit\u00e1ria Municipal, com distanciamento social, sendo disponibilizado \u00e1lcool em gel e o uso obrigat\u00f3rio de m\u00e1scara. https:\/\/www.facebook.com\/media\/set\/?vanity=noticiasemdestaqueND&#038;set=a.2041575332642653&#038;__cft__[0]=AZVTZQCYfdrgRL4PWTRUWv8TIsW0qsMHwxrBK-qiqNUWpyrjoSdPhRPdfhAOPVjWVmlTejqnXayLuwndBVce0ZXZco30dumhfOmlslD_ohCVhctx5fi_l93_L77IbpFDaI_yfnl4VFTF3fzXTbkQqI_LHO5r7-4RLqFawowGJaSFOw&#038;__tn__=-R Not\u00edcias em Destaque","og_url":"https:\/\/noticiasemdestaque.com\/cd\/?p=26783","og_site_name":"Not&iacute;cias em Destaque","article_published_time":"2020-09-12T23:33:03+00:00","article_modified_time":"2020-09-13T00:33:46+00:00","og_image":[{"width":750,"height":499,"url":"https:\/\/noticiasemdestaque.com\/cd\/wp-content\/uploads\/2020\/09\/119058531_2041564419310411_4544084389895949087_n.jpg","type":"image\/jpeg"}],"author":"Not\u00edcias em Destaque","twitter_card":"summary_large_image","twitter_misc":{"Escrito por":"Not\u00edcias em Destaque","Est. tempo de leitura":"1 minuto"},"schema":{"@context":"https:\/\/schema.org","@graph":[{"@type":"Article","@id":"https:\/\/noticiasemdestaque.com\/cd\/?p=26783#article","isPartOf":{"@id":"https:\/\/noticiasemdestaque.com\/cd\/?p=26783"},"author":{"name":"Not\u00edcias em Destaque","@id":"https:\/\/noticiasemdestaque.com\/cd\/#\/schema\/person\/4a81fb71f77579d059c3045891fa1786"},"headline":"Conven\u00e7\u00e3o confirma \u00c9den Duarte e Manezinho Louren\u00e7o para concorrer \u00e0 Prefeitura de Sum\u00e9","datePublished":"2020-09-12T23:33:03+00:00","dateModified":"2020-09-13T00:33:46+00:00","mainEntityOfPage":{"@id":"https:\/\/noticiasemdestaque.com\/cd\/?p=26783"},"wordCount":231,"publisher":{"@id":"https:\/\/noticiasemdestaque.com\/cd\/#organization"},"image":{"@id":"https:\/\/noticiasemdestaque.com\/cd\/?p=26783#primaryimage"},"thumbnailUrl":"https:\/\/noticiasemdestaque.com\/cd\/wp-content\/uploads\/2020\/09\/119058531_2041564419310411_4544084389895949087_n.jpg","articleSection":["Pol\u00edtica"],"inLanguage":"pt-BR"},{"@type":"WebPage","@id":"https:\/\/noticiasemdestaque.com\/cd\/?p=26783","url":"https:\/\/noticiasemdestaque.com\/cd\/?p=26783","name":"Conven\u00e7\u00e3o confirma \u00c9den Duarte e Manezinho Louren\u00e7o para concorrer \u00e0 Prefeitura de Sum\u00e9 - Not&iacute;cias em Destaque","isPartOf":{"@id":"https:\/\/noticiasemdestaque.com\/cd\/#website"},"primaryImageOfPage":{"@id":"https:\/\/noticiasemdestaque.com\/cd\/?p=26783#primaryimage"},"image":{"@id":"https:\/\/noticiasemdestaque.com\/cd\/?p=26783#primaryimage"},"thumbnailUrl":"https:\/\/noticiasemdestaque.com\/cd\/wp-content\/uploads\/2020\/09\/119058531_2041564419310411_4544084389895949087_n.jpg","datePublished":"2020-09-12T23:33:03+00:00","dateModified":"2020-09-13T00:33:46+00:00","breadcrumb":{"@id":"https:\/\/noticiasemdestaque.com\/cd\/?p=26783#breadcrumb"},"inLanguage":"pt-BR","potentialAction":[{"@type":"ReadAction","target":["https:\/\/noticiasemdestaque.com\/cd\/?p=26783"]}]},{"@type":"ImageObject","inLanguage":"pt-BR","@id":"https:\/\/noticiasemdestaque.com\/cd\/?p=26783#primaryimage","url":"https:\/\/noticiasemdestaque.com\/cd\/wp-content\/uploads\/2020\/09\/119058531_2041564419310411_4544084389895949087_n.jpg","contentUrl":"https:\/\/noticiasemdestaque.com\/cd\/wp-content\/uploads\/2020\/09\/119058531_2041564419310411_4544084389895949087_n.jpg","width":750,"height":499},{"@type":"BreadcrumbList","@id":"https:\/\/noticiasemdestaque.com\/cd\/?p=26783#breadcrumb","itemListElement":[{"@type":"ListItem","position":1,"name":"In\u00edcio","item":"https:\/\/noticiasemdestaque.com\/cd\/"},{"@type":"ListItem","position":2,"name":"Conven\u00e7\u00e3o confirma \u00c9den Duarte e Manezinho Louren\u00e7o para concorrer \u00e0 Prefeitura de Sum\u00e9"}]},{"@type":"WebSite","@id":"https:\/\/noticiasemdestaque.com\/cd\/#website","url":"https:\/\/noticiasemdestaque.com\/cd\/","name":"Not&iacute;cias em Destaque","description":"","publisher":{"@id":"https:\/\/noticiasemdestaque.com\/cd\/#organization"},"potentialAction":[{"@type":"SearchAction","target":{"@type":"EntryPoint","urlTemplate":"https:\/\/noticiasemdestaque.com\/cd\/?s={search_term_string}"},"query-input":{"@type":"PropertyValueSpecification","valueRequired":true,"valueName":"search_term_string"}}],"inLanguage":"pt-BR"},{"@type":"Organization","@id":"https:\/\/noticiasemdestaque.com\/cd\/#organization","name":"Not\u00edcias em Destaque","url":"https:\/\/noticiasemdestaque.com\/cd\/","logo":{"@type":"ImageObject","inLanguage":"pt-BR","@id":"https:\/\/noticiasemdestaque.com\/cd\/#\/schema\/logo\/image\/","url":"https:\/\/noticiasemdestaque.com\/cd\/wp-content\/uploads\/2022\/05\/imagem-base-noticiasemdestaque.png","contentUrl":"https:\/\/noticiasemdestaque.com\/cd\/wp-content\/uploads\/2022\/05\/imagem-base-noticiasemdestaque.png","width":1200,"height":630,"caption":"Not\u00edcias em Destaque"},"image":{"@id":"https:\/\/noticiasemdestaque.com\/cd\/#\/schema\/logo\/image\/"}},{"@type":"Person","@id":"https:\/\/noticiasemdestaque.com\/cd\/#\/schema\/person\/4a81fb71f77579d059c3045891fa1786","name":"Not\u00edcias em Destaque","url":"https:\/\/noticiasemdestaque.com\/cd\/?author=2"}]}},"jetpack_featured_media_url":"https:\/\/noticiasemdestaque.com\/cd\/wp-content\/uploads\/2020\/09\/119058531_2041564419310411_4544084389895949087_n.jpg","jetpack_sharing_enabled":true,"_links":{"self":[{"href":"https:\/\/noticiasemdestaque.com\/cd\/index.php?rest_route=\/wp\/v2\/posts\/26783","targetHints":{"allow":["GET"]}}],"collection":[{"href":"https:\/\/noticiasemdestaque.com\/cd\/index.php?rest_route=\/wp\/v2\/posts"}],"about":[{"href":"https:\/\/noticiasemdestaque.com\/cd\/index.php?rest_route=\/wp\/v2\/types\/post"}],"author":[{"embeddable":true,"href":"https:\/\/noticiasemdestaque.com\/cd\/index.php?rest_route=\/wp\/v2\/users\/2"}],"replies":[{"embeddable":true,"href":"https:\/\/noticiasemdestaque.com\/cd\/index.php?rest_route=%2Fwp%2Fv2%2Fcomments&post=26783"}],"version-history":[{"count":5,"href":"https:\/\/noticiasemdestaque.com\/cd\/index.php?rest_route=\/wp\/v2\/posts\/26783\/revisions"}],"predecessor-version":[{"id":26799,"href":"https:\/\/noticiasemdestaque.com\/cd\/index.php?rest_route=\/wp\/v2\/posts\/26783\/revisions\/26799"}],"wp:featuredmedia":[{"embeddable":true,"href":"https:\/\/noticiasemdestaque.com\/cd\/index.php?rest_route=\/wp\/v2\/media\/26785"}],"wp:attachment":[{"href":"https:\/\/noticiasemdestaque.com\/cd\/index.php?rest_route=%2Fwp%2Fv2%2Fmedia&parent=26783"}],"wp:term":[{"taxonomy":"category","embeddable":true,"href":"https:\/\/noticiasemdestaque.com\/cd\/index.php?rest_route=%2Fwp%2Fv2%2Fcategories&post=26783"},{"taxonomy":"post_tag","embeddable":true,"href":"https:\/\/noticiasemdestaque.com\/cd\/index.php?rest_route=%2Fwp%2Fv2%2Ftags&post=26783"}],"curies":[{"name":"wp","href":"https:\/\/api.w.org\/{rel}","templated":true}]}}