{"id":26699,"date":"2020-09-05T19:47:15","date_gmt":"2020-09-05T22:47:15","guid":{"rendered":"http:\/\/noticiasemdestaque.com\/cd\/?p=26699"},"modified":"2020-09-05T20:04:07","modified_gmt":"2020-09-05T23:04:07","slug":"aristeu-chaves-e-bibi-sao-oficializados-candidatos-a-prefeito-e-vice-de-camalau","status":"publish","type":"post","link":"https:\/\/noticiasemdestaque.com\/cd\/?p=26699","title":{"rendered":"Aristeu Chaves e Bibi s\u00e3o oficializados candidatos a prefeito e vice de Camala\u00fa"},"content":{"rendered":"<p><a href=\"https:\/\/noticiasemdestaque.com\/cd\/wp-content\/uploads\/2020\/09\/DSC_0258-scaled.jpg\"><img fetchpriority=\"high\" decoding=\"async\" class=\"wp-image-26700 aligncenter\" src=\"https:\/\/noticiasemdestaque.com\/cd\/wp-content\/uploads\/2020\/09\/DSC_0258-1024x681.jpg\" alt=\"\" width=\"437\" height=\"291\" srcset=\"https:\/\/noticiasemdestaque.com\/cd\/wp-content\/uploads\/2020\/09\/DSC_0258-1024x681.jpg 1024w, https:\/\/noticiasemdestaque.com\/cd\/wp-content\/uploads\/2020\/09\/DSC_0258-300x199.jpg 300w, https:\/\/noticiasemdestaque.com\/cd\/wp-content\/uploads\/2020\/09\/DSC_0258-768x511.jpg 768w, https:\/\/noticiasemdestaque.com\/cd\/wp-content\/uploads\/2020\/09\/DSC_0258-1536x1021.jpg 1536w, https:\/\/noticiasemdestaque.com\/cd\/wp-content\/uploads\/2020\/09\/DSC_0258-2048x1362.jpg 2048w, https:\/\/noticiasemdestaque.com\/cd\/wp-content\/uploads\/2020\/09\/DSC_0258-480x320.jpg 480w\" sizes=\"(max-width: 437px) 100vw, 437px\" \/><\/a><\/p>\n<p>Em solenidade realizada na manh\u00e3 deste s\u00e1bado (05), na C\u00e2mara de Vereadores de Camala\u00fa, o Cidadania e o PL, homologaram a candidatura do ex-prefeito Aristeu Chaves e Bibi de Ivo Neco, para disputa \u00e0 Prefeitura de Camala\u00fa.<\/p>\n<p><a href=\"https:\/\/noticiasemdestaque.com\/cd\/wp-content\/uploads\/2020\/09\/DSC_0305.jpg\"><img decoding=\"async\" class=\"wp-image-26706 aligncenter\" src=\"https:\/\/noticiasemdestaque.com\/cd\/wp-content\/uploads\/2020\/09\/DSC_0305.jpg\" alt=\"\" width=\"422\" height=\"280\" srcset=\"https:\/\/noticiasemdestaque.com\/cd\/wp-content\/uploads\/2020\/09\/DSC_0305.jpg 700w, https:\/\/noticiasemdestaque.com\/cd\/wp-content\/uploads\/2020\/09\/DSC_0305-300x199.jpg 300w, https:\/\/noticiasemdestaque.com\/cd\/wp-content\/uploads\/2020\/09\/DSC_0305-480x320.jpg 480w\" sizes=\"(max-width: 422px) 100vw, 422px\" \/><\/a><\/p>\n<p>A conven\u00e7\u00e3o contou com a participa\u00e7\u00e3o dos candidatos, alguns convidados e a popula\u00e7\u00e3o, em virtude da pandemia do novo coronav\u00edrus, o evento obedeceu a todos os protocolos de sa\u00fade: uso de m\u00e1scaras e \u00e1lcool em gel, de modo a garantir a participa\u00e7\u00e3o dos convencionais com a seguran\u00e7a que o momento exige.<\/p>\n<p><a href=\"https:\/\/noticiasemdestaque.com\/cd\/wp-content\/uploads\/2020\/09\/DSC_0288-1-scaled.jpg\"><img decoding=\"async\" class=\"alignnone wp-image-26704\" src=\"https:\/\/noticiasemdestaque.com\/cd\/wp-content\/uploads\/2020\/09\/DSC_0288-1-1024x681.jpg\" alt=\"\" width=\"249\" height=\"166\" srcset=\"https:\/\/noticiasemdestaque.com\/cd\/wp-content\/uploads\/2020\/09\/DSC_0288-1-1024x681.jpg 1024w, https:\/\/noticiasemdestaque.com\/cd\/wp-content\/uploads\/2020\/09\/DSC_0288-1-300x199.jpg 300w, https:\/\/noticiasemdestaque.com\/cd\/wp-content\/uploads\/2020\/09\/DSC_0288-1-768x511.jpg 768w, https:\/\/noticiasemdestaque.com\/cd\/wp-content\/uploads\/2020\/09\/DSC_0288-1-1536x1021.jpg 1536w, https:\/\/noticiasemdestaque.com\/cd\/wp-content\/uploads\/2020\/09\/DSC_0288-1-2048x1362.jpg 2048w, https:\/\/noticiasemdestaque.com\/cd\/wp-content\/uploads\/2020\/09\/DSC_0288-1-480x320.jpg 480w\" sizes=\"(max-width: 249px) 100vw, 249px\" \/><\/a> <a href=\"https:\/\/noticiasemdestaque.com\/cd\/wp-content\/uploads\/2020\/09\/DSC_0309-1.jpg\"><img loading=\"lazy\" decoding=\"async\" class=\"alignnone wp-image-26707\" src=\"https:\/\/noticiasemdestaque.com\/cd\/wp-content\/uploads\/2020\/09\/DSC_0309-1.jpg\" alt=\"\" width=\"242\" height=\"161\" srcset=\"https:\/\/noticiasemdestaque.com\/cd\/wp-content\/uploads\/2020\/09\/DSC_0309-1.jpg 700w, https:\/\/noticiasemdestaque.com\/cd\/wp-content\/uploads\/2020\/09\/DSC_0309-1-300x199.jpg 300w, https:\/\/noticiasemdestaque.com\/cd\/wp-content\/uploads\/2020\/09\/DSC_0309-1-480x320.jpg 480w\" sizes=\"(max-width: 242px) 100vw, 242px\" \/><\/a><a href=\"https:\/\/noticiasemdestaque.com\/cd\/wp-content\/uploads\/2020\/09\/DSC_0008-scaled.jpg\"><img loading=\"lazy\" decoding=\"async\" class=\"alignnone wp-image-26716\" src=\"https:\/\/noticiasemdestaque.com\/cd\/wp-content\/uploads\/2020\/09\/DSC_0008-1024x681.jpg\" alt=\"\" width=\"236\" height=\"157\" srcset=\"https:\/\/noticiasemdestaque.com\/cd\/wp-content\/uploads\/2020\/09\/DSC_0008-1024x681.jpg 1024w, https:\/\/noticiasemdestaque.com\/cd\/wp-content\/uploads\/2020\/09\/DSC_0008-300x199.jpg 300w, https:\/\/noticiasemdestaque.com\/cd\/wp-content\/uploads\/2020\/09\/DSC_0008-768x511.jpg 768w, https:\/\/noticiasemdestaque.com\/cd\/wp-content\/uploads\/2020\/09\/DSC_0008-1536x1021.jpg 1536w, https:\/\/noticiasemdestaque.com\/cd\/wp-content\/uploads\/2020\/09\/DSC_0008-2048x1362.jpg 2048w, https:\/\/noticiasemdestaque.com\/cd\/wp-content\/uploads\/2020\/09\/DSC_0008-480x320.jpg 480w\" sizes=\"(max-width: 236px) 100vw, 236px\" \/><\/a><\/p>\n<p>Durante a conven\u00e7\u00e3o, Aristeu Chaves, agradeceu a participa\u00e7\u00e3o de todos e afirmou que sua candidatura visa resgatar o orgulho da popula\u00e7\u00e3o de\u00a0<span class=\"hiddenGrammarError\">Camala\u00fa \u201c Nossa<\/span>\u00a0cidade ultimamente \u00e9 destaque de forma negativa, nossa campanha pregar\u00e1 o respeito e a honestidade aos moradores de nossa terra, com nossa experi\u00eancia em\u00a0<span class=\"hiddenSuggestion\">gest\u00e3o<\/span> p\u00fablica vamos fazer um governo que atenda aos anseios de todos, trazendo a paz de volta para nossa comunidade\u201d, disse Aristeu.<\/p>\n<p><strong><em>Not\u00edcias em Destaque<\/em><\/strong><\/p>\n","protected":false},"excerpt":{"rendered":"<p>Em solenidade realizada na manh\u00e3 deste s\u00e1bado (05), na C\u00e2mara de Vereadores de Camala\u00fa, o Cidadania e o PL, homologaram a candidatura do ex-prefeito Aristeu Chaves e Bibi de Ivo Neco, para disputa \u00e0 Prefeitura de Camala\u00fa. A conven\u00e7\u00e3o contou com a participa\u00e7\u00e3o dos candidatos, alguns convidados e a popula\u00e7\u00e3o, em virtude da pandemia do novo coronav\u00edrus, o evento obedeceu a todos os protocolos de sa\u00fade: uso de m\u00e1scaras e \u00e1lcool em gel, de modo a garantir a participa\u00e7\u00e3o dos convencionais com a seguran\u00e7a que o momento exige. Durante a conven\u00e7\u00e3o, Aristeu Chaves, agradeceu a participa\u00e7\u00e3o de todos e afirmou que sua candidatura visa resgatar o orgulho da popula\u00e7\u00e3o de\u00a0Camala\u00fa \u201c Nossa\u00a0cidade ultimamente \u00e9 destaque de forma negativa, nossa campanha pregar\u00e1 o respeito e a honestidade aos moradores de nossa terra, com nossa experi\u00eancia em\u00a0gest\u00e3o p\u00fablica vamos fazer um governo que atenda aos anseios de todos, trazendo a paz de volta para nossa comunidade\u201d, disse Aristeu. Not\u00edcias em Destaque<\/p>\n","protected":false},"author":2,"featured_media":26700,"comment_status":"closed","ping_status":"open","sticky":false,"template":"","format":"standard","meta":{"_eb_attr":"","_jetpack_memberships_contains_paid_content":false,"footnotes":""},"categories":[4],"tags":[],"class_list":["post-26699","post","type-post","status-publish","format-standard","has-post-thumbnail","hentry","category-politica"],"yoast_head":"<!-- This site is optimized with the Yoast SEO plugin v26.5 - https:\/\/yoast.com\/wordpress\/plugins\/seo\/ -->\n<title>Aristeu Chaves e Bibi s\u00e3o oficializados candidatos a prefeito e vice de Camala\u00fa - Not&iacute;cias em Destaque<\/title>\n<meta name=\"robots\" content=\"index, follow, max-snippet:-1, max-image-preview:large, max-video-preview:-1\" \/>\n<link rel=\"canonical\" href=\"https:\/\/noticiasemdestaque.com\/cd\/?p=26699\" \/>\n<meta property=\"og:locale\" content=\"pt_BR\" \/>\n<meta property=\"og:type\" content=\"article\" \/>\n<meta property=\"og:title\" content=\"Aristeu Chaves e Bibi s\u00e3o oficializados candidatos a prefeito e vice de Camala\u00fa - Not&iacute;cias em Destaque\" \/>\n<meta property=\"og:description\" content=\"Em solenidade realizada na manh\u00e3 deste s\u00e1bado (05), na C\u00e2mara de Vereadores de Camala\u00fa, o Cidadania e o PL, homologaram a candidatura do ex-prefeito Aristeu Chaves e Bibi de Ivo Neco, para disputa \u00e0 Prefeitura de Camala\u00fa. A conven\u00e7\u00e3o contou com a participa\u00e7\u00e3o dos candidatos, alguns convidados e a popula\u00e7\u00e3o, em virtude da pandemia do novo coronav\u00edrus, o evento obedeceu a todos os protocolos de sa\u00fade: uso de m\u00e1scaras e \u00e1lcool em gel, de modo a garantir a participa\u00e7\u00e3o dos convencionais com a seguran\u00e7a que o momento exige. Durante a conven\u00e7\u00e3o, Aristeu Chaves, agradeceu a participa\u00e7\u00e3o de todos e afirmou que sua candidatura visa resgatar o orgulho da popula\u00e7\u00e3o de\u00a0Camala\u00fa \u201c Nossa\u00a0cidade ultimamente \u00e9 destaque de forma negativa, nossa campanha pregar\u00e1 o respeito e a honestidade aos moradores de nossa terra, com nossa experi\u00eancia em\u00a0gest\u00e3o p\u00fablica vamos fazer um governo que atenda aos anseios de todos, trazendo a paz de volta para nossa comunidade\u201d, disse Aristeu. Not\u00edcias em Destaque\" \/>\n<meta property=\"og:url\" content=\"https:\/\/noticiasemdestaque.com\/cd\/?p=26699\" \/>\n<meta property=\"og:site_name\" content=\"Not&iacute;cias em Destaque\" \/>\n<meta property=\"article:published_time\" content=\"2020-09-05T22:47:15+00:00\" \/>\n<meta property=\"article:modified_time\" content=\"2020-09-05T23:04:07+00:00\" \/>\n<meta property=\"og:image\" content=\"https:\/\/noticiasemdestaque.com\/cd\/wp-content\/uploads\/2020\/09\/DSC_0258-scaled.jpg\" \/>\n\t<meta property=\"og:image:width\" content=\"2560\" \/>\n\t<meta property=\"og:image:height\" content=\"1702\" \/>\n\t<meta property=\"og:image:type\" content=\"image\/jpeg\" \/>\n<meta name=\"author\" content=\"Not\u00edcias em Destaque\" \/>\n<meta name=\"twitter:card\" content=\"summary_large_image\" \/>\n<meta name=\"twitter:label1\" content=\"Escrito por\" \/>\n\t<meta name=\"twitter:data1\" content=\"Not\u00edcias em Destaque\" \/>\n\t<meta name=\"twitter:label2\" content=\"Est. tempo de leitura\" \/>\n\t<meta name=\"twitter:data2\" content=\"1 minuto\" \/>\n<script type=\"application\/ld+json\" class=\"yoast-schema-graph\">{\"@context\":\"https:\/\/schema.org\",\"@graph\":[{\"@type\":\"Article\",\"@id\":\"https:\/\/noticiasemdestaque.com\/cd\/?p=26699#article\",\"isPartOf\":{\"@id\":\"https:\/\/noticiasemdestaque.com\/cd\/?p=26699\"},\"author\":{\"name\":\"Not\u00edcias em Destaque\",\"@id\":\"https:\/\/noticiasemdestaque.com\/cd\/#\/schema\/person\/21320b03a7e8bb90128938dafc9b908a\"},\"headline\":\"Aristeu Chaves e Bibi s\u00e3o oficializados candidatos a prefeito e vice de Camala\u00fa\",\"datePublished\":\"2020-09-05T22:47:15+00:00\",\"dateModified\":\"2020-09-05T23:04:07+00:00\",\"mainEntityOfPage\":{\"@id\":\"https:\/\/noticiasemdestaque.com\/cd\/?p=26699\"},\"wordCount\":189,\"publisher\":{\"@id\":\"https:\/\/noticiasemdestaque.com\/cd\/#organization\"},\"image\":{\"@id\":\"https:\/\/noticiasemdestaque.com\/cd\/?p=26699#primaryimage\"},\"thumbnailUrl\":\"https:\/\/noticiasemdestaque.com\/cd\/wp-content\/uploads\/2020\/09\/DSC_0258-scaled.jpg\",\"articleSection\":[\"Pol\u00edtica\"],\"inLanguage\":\"pt-BR\"},{\"@type\":\"WebPage\",\"@id\":\"https:\/\/noticiasemdestaque.com\/cd\/?p=26699\",\"url\":\"https:\/\/noticiasemdestaque.com\/cd\/?p=26699\",\"name\":\"Aristeu Chaves e Bibi s\u00e3o oficializados candidatos a prefeito e vice de Camala\u00fa - Not&iacute;cias em Destaque\",\"isPartOf\":{\"@id\":\"https:\/\/noticiasemdestaque.com\/cd\/#website\"},\"primaryImageOfPage\":{\"@id\":\"https:\/\/noticiasemdestaque.com\/cd\/?p=26699#primaryimage\"},\"image\":{\"@id\":\"https:\/\/noticiasemdestaque.com\/cd\/?p=26699#primaryimage\"},\"thumbnailUrl\":\"https:\/\/noticiasemdestaque.com\/cd\/wp-content\/uploads\/2020\/09\/DSC_0258-scaled.jpg\",\"datePublished\":\"2020-09-05T22:47:15+00:00\",\"dateModified\":\"2020-09-05T23:04:07+00:00\",\"breadcrumb\":{\"@id\":\"https:\/\/noticiasemdestaque.com\/cd\/?p=26699#breadcrumb\"},\"inLanguage\":\"pt-BR\",\"potentialAction\":[{\"@type\":\"ReadAction\",\"target\":[\"https:\/\/noticiasemdestaque.com\/cd\/?p=26699\"]}]},{\"@type\":\"ImageObject\",\"inLanguage\":\"pt-BR\",\"@id\":\"https:\/\/noticiasemdestaque.com\/cd\/?p=26699#primaryimage\",\"url\":\"https:\/\/noticiasemdestaque.com\/cd\/wp-content\/uploads\/2020\/09\/DSC_0258-scaled.jpg\",\"contentUrl\":\"https:\/\/noticiasemdestaque.com\/cd\/wp-content\/uploads\/2020\/09\/DSC_0258-scaled.jpg\",\"width\":2560,\"height\":1702},{\"@type\":\"BreadcrumbList\",\"@id\":\"https:\/\/noticiasemdestaque.com\/cd\/?p=26699#breadcrumb\",\"itemListElement\":[{\"@type\":\"ListItem\",\"position\":1,\"name\":\"In\u00edcio\",\"item\":\"https:\/\/noticiasemdestaque.com\/cd\/\"},{\"@type\":\"ListItem\",\"position\":2,\"name\":\"Aristeu Chaves e Bibi s\u00e3o oficializados candidatos a prefeito e vice de Camala\u00fa\"}]},{\"@type\":\"WebSite\",\"@id\":\"https:\/\/noticiasemdestaque.com\/cd\/#website\",\"url\":\"https:\/\/noticiasemdestaque.com\/cd\/\",\"name\":\"Not&iacute;cias em Destaque\",\"description\":\"\",\"publisher\":{\"@id\":\"https:\/\/noticiasemdestaque.com\/cd\/#organization\"},\"potentialAction\":[{\"@type\":\"SearchAction\",\"target\":{\"@type\":\"EntryPoint\",\"urlTemplate\":\"https:\/\/noticiasemdestaque.com\/cd\/?s={search_term_string}\"},\"query-input\":{\"@type\":\"PropertyValueSpecification\",\"valueRequired\":true,\"valueName\":\"search_term_string\"}}],\"inLanguage\":\"pt-BR\"},{\"@type\":\"Organization\",\"@id\":\"https:\/\/noticiasemdestaque.com\/cd\/#organization\",\"name\":\"Not\u00edcias em Destaque\",\"url\":\"https:\/\/noticiasemdestaque.com\/cd\/\",\"logo\":{\"@type\":\"ImageObject\",\"inLanguage\":\"pt-BR\",\"@id\":\"https:\/\/noticiasemdestaque.com\/cd\/#\/schema\/logo\/image\/\",\"url\":\"https:\/\/noticiasemdestaque.com\/cd\/wp-content\/uploads\/2022\/05\/imagem-base-noticiasemdestaque.png\",\"contentUrl\":\"https:\/\/noticiasemdestaque.com\/cd\/wp-content\/uploads\/2022\/05\/imagem-base-noticiasemdestaque.png\",\"width\":1200,\"height\":630,\"caption\":\"Not\u00edcias em Destaque\"},\"image\":{\"@id\":\"https:\/\/noticiasemdestaque.com\/cd\/#\/schema\/logo\/image\/\"}},{\"@type\":\"Person\",\"@id\":\"https:\/\/noticiasemdestaque.com\/cd\/#\/schema\/person\/21320b03a7e8bb90128938dafc9b908a\",\"name\":\"Not\u00edcias em Destaque\",\"url\":\"https:\/\/noticiasemdestaque.com\/cd\/?author=2\"}]}<\/script>\n<!-- \/ Yoast SEO plugin. -->","yoast_head_json":{"title":"Aristeu Chaves e Bibi s\u00e3o oficializados candidatos a prefeito e vice de Camala\u00fa - Not&iacute;cias em Destaque","robots":{"index":"index","follow":"follow","max-snippet":"max-snippet:-1","max-image-preview":"max-image-preview:large","max-video-preview":"max-video-preview:-1"},"canonical":"https:\/\/noticiasemdestaque.com\/cd\/?p=26699","og_locale":"pt_BR","og_type":"article","og_title":"Aristeu Chaves e Bibi s\u00e3o oficializados candidatos a prefeito e vice de Camala\u00fa - Not&iacute;cias em Destaque","og_description":"Em solenidade realizada na manh\u00e3 deste s\u00e1bado (05), na C\u00e2mara de Vereadores de Camala\u00fa, o Cidadania e o PL, homologaram a candidatura do ex-prefeito Aristeu Chaves e Bibi de Ivo Neco, para disputa \u00e0 Prefeitura de Camala\u00fa. A conven\u00e7\u00e3o contou com a participa\u00e7\u00e3o dos candidatos, alguns convidados e a popula\u00e7\u00e3o, em virtude da pandemia do novo coronav\u00edrus, o evento obedeceu a todos os protocolos de sa\u00fade: uso de m\u00e1scaras e \u00e1lcool em gel, de modo a garantir a participa\u00e7\u00e3o dos convencionais com a seguran\u00e7a que o momento exige. Durante a conven\u00e7\u00e3o, Aristeu Chaves, agradeceu a participa\u00e7\u00e3o de todos e afirmou que sua candidatura visa resgatar o orgulho da popula\u00e7\u00e3o de\u00a0Camala\u00fa \u201c Nossa\u00a0cidade ultimamente \u00e9 destaque de forma negativa, nossa campanha pregar\u00e1 o respeito e a honestidade aos moradores de nossa terra, com nossa experi\u00eancia em\u00a0gest\u00e3o p\u00fablica vamos fazer um governo que atenda aos anseios de todos, trazendo a paz de volta para nossa comunidade\u201d, disse Aristeu. Not\u00edcias em Destaque","og_url":"https:\/\/noticiasemdestaque.com\/cd\/?p=26699","og_site_name":"Not&iacute;cias em Destaque","article_published_time":"2020-09-05T22:47:15+00:00","article_modified_time":"2020-09-05T23:04:07+00:00","og_image":[{"width":2560,"height":1702,"url":"https:\/\/noticiasemdestaque.com\/cd\/wp-content\/uploads\/2020\/09\/DSC_0258-scaled.jpg","type":"image\/jpeg"}],"author":"Not\u00edcias em Destaque","twitter_card":"summary_large_image","twitter_misc":{"Escrito por":"Not\u00edcias em Destaque","Est. tempo de leitura":"1 minuto"},"schema":{"@context":"https:\/\/schema.org","@graph":[{"@type":"Article","@id":"https:\/\/noticiasemdestaque.com\/cd\/?p=26699#article","isPartOf":{"@id":"https:\/\/noticiasemdestaque.com\/cd\/?p=26699"},"author":{"name":"Not\u00edcias em Destaque","@id":"https:\/\/noticiasemdestaque.com\/cd\/#\/schema\/person\/21320b03a7e8bb90128938dafc9b908a"},"headline":"Aristeu Chaves e Bibi s\u00e3o oficializados candidatos a prefeito e vice de Camala\u00fa","datePublished":"2020-09-05T22:47:15+00:00","dateModified":"2020-09-05T23:04:07+00:00","mainEntityOfPage":{"@id":"https:\/\/noticiasemdestaque.com\/cd\/?p=26699"},"wordCount":189,"publisher":{"@id":"https:\/\/noticiasemdestaque.com\/cd\/#organization"},"image":{"@id":"https:\/\/noticiasemdestaque.com\/cd\/?p=26699#primaryimage"},"thumbnailUrl":"https:\/\/noticiasemdestaque.com\/cd\/wp-content\/uploads\/2020\/09\/DSC_0258-scaled.jpg","articleSection":["Pol\u00edtica"],"inLanguage":"pt-BR"},{"@type":"WebPage","@id":"https:\/\/noticiasemdestaque.com\/cd\/?p=26699","url":"https:\/\/noticiasemdestaque.com\/cd\/?p=26699","name":"Aristeu Chaves e Bibi s\u00e3o oficializados candidatos a prefeito e vice de Camala\u00fa - Not&iacute;cias em Destaque","isPartOf":{"@id":"https:\/\/noticiasemdestaque.com\/cd\/#website"},"primaryImageOfPage":{"@id":"https:\/\/noticiasemdestaque.com\/cd\/?p=26699#primaryimage"},"image":{"@id":"https:\/\/noticiasemdestaque.com\/cd\/?p=26699#primaryimage"},"thumbnailUrl":"https:\/\/noticiasemdestaque.com\/cd\/wp-content\/uploads\/2020\/09\/DSC_0258-scaled.jpg","datePublished":"2020-09-05T22:47:15+00:00","dateModified":"2020-09-05T23:04:07+00:00","breadcrumb":{"@id":"https:\/\/noticiasemdestaque.com\/cd\/?p=26699#breadcrumb"},"inLanguage":"pt-BR","potentialAction":[{"@type":"ReadAction","target":["https:\/\/noticiasemdestaque.com\/cd\/?p=26699"]}]},{"@type":"ImageObject","inLanguage":"pt-BR","@id":"https:\/\/noticiasemdestaque.com\/cd\/?p=26699#primaryimage","url":"https:\/\/noticiasemdestaque.com\/cd\/wp-content\/uploads\/2020\/09\/DSC_0258-scaled.jpg","contentUrl":"https:\/\/noticiasemdestaque.com\/cd\/wp-content\/uploads\/2020\/09\/DSC_0258-scaled.jpg","width":2560,"height":1702},{"@type":"BreadcrumbList","@id":"https:\/\/noticiasemdestaque.com\/cd\/?p=26699#breadcrumb","itemListElement":[{"@type":"ListItem","position":1,"name":"In\u00edcio","item":"https:\/\/noticiasemdestaque.com\/cd\/"},{"@type":"ListItem","position":2,"name":"Aristeu Chaves e Bibi s\u00e3o oficializados candidatos a prefeito e vice de Camala\u00fa"}]},{"@type":"WebSite","@id":"https:\/\/noticiasemdestaque.com\/cd\/#website","url":"https:\/\/noticiasemdestaque.com\/cd\/","name":"Not&iacute;cias em Destaque","description":"","publisher":{"@id":"https:\/\/noticiasemdestaque.com\/cd\/#organization"},"potentialAction":[{"@type":"SearchAction","target":{"@type":"EntryPoint","urlTemplate":"https:\/\/noticiasemdestaque.com\/cd\/?s={search_term_string}"},"query-input":{"@type":"PropertyValueSpecification","valueRequired":true,"valueName":"search_term_string"}}],"inLanguage":"pt-BR"},{"@type":"Organization","@id":"https:\/\/noticiasemdestaque.com\/cd\/#organization","name":"Not\u00edcias em Destaque","url":"https:\/\/noticiasemdestaque.com\/cd\/","logo":{"@type":"ImageObject","inLanguage":"pt-BR","@id":"https:\/\/noticiasemdestaque.com\/cd\/#\/schema\/logo\/image\/","url":"https:\/\/noticiasemdestaque.com\/cd\/wp-content\/uploads\/2022\/05\/imagem-base-noticiasemdestaque.png","contentUrl":"https:\/\/noticiasemdestaque.com\/cd\/wp-content\/uploads\/2022\/05\/imagem-base-noticiasemdestaque.png","width":1200,"height":630,"caption":"Not\u00edcias em Destaque"},"image":{"@id":"https:\/\/noticiasemdestaque.com\/cd\/#\/schema\/logo\/image\/"}},{"@type":"Person","@id":"https:\/\/noticiasemdestaque.com\/cd\/#\/schema\/person\/21320b03a7e8bb90128938dafc9b908a","name":"Not\u00edcias em Destaque","url":"https:\/\/noticiasemdestaque.com\/cd\/?author=2"}]}},"jetpack_featured_media_url":"https:\/\/noticiasemdestaque.com\/cd\/wp-content\/uploads\/2020\/09\/DSC_0258-scaled.jpg","jetpack_sharing_enabled":true,"_links":{"self":[{"href":"https:\/\/noticiasemdestaque.com\/cd\/index.php?rest_route=\/wp\/v2\/posts\/26699","targetHints":{"allow":["GET"]}}],"collection":[{"href":"https:\/\/noticiasemdestaque.com\/cd\/index.php?rest_route=\/wp\/v2\/posts"}],"about":[{"href":"https:\/\/noticiasemdestaque.com\/cd\/index.php?rest_route=\/wp\/v2\/types\/post"}],"author":[{"embeddable":true,"href":"https:\/\/noticiasemdestaque.com\/cd\/index.php?rest_route=\/wp\/v2\/users\/2"}],"replies":[{"embeddable":true,"href":"https:\/\/noticiasemdestaque.com\/cd\/index.php?rest_route=%2Fwp%2Fv2%2Fcomments&post=26699"}],"version-history":[{"count":10,"href":"https:\/\/noticiasemdestaque.com\/cd\/index.php?rest_route=\/wp\/v2\/posts\/26699\/revisions"}],"predecessor-version":[{"id":26719,"href":"https:\/\/noticiasemdestaque.com\/cd\/index.php?rest_route=\/wp\/v2\/posts\/26699\/revisions\/26719"}],"wp:featuredmedia":[{"embeddable":true,"href":"https:\/\/noticiasemdestaque.com\/cd\/index.php?rest_route=\/wp\/v2\/media\/26700"}],"wp:attachment":[{"href":"https:\/\/noticiasemdestaque.com\/cd\/index.php?rest_route=%2Fwp%2Fv2%2Fmedia&parent=26699"}],"wp:term":[{"taxonomy":"category","embeddable":true,"href":"https:\/\/noticiasemdestaque.com\/cd\/index.php?rest_route=%2Fwp%2Fv2%2Fcategories&post=26699"},{"taxonomy":"post_tag","embeddable":true,"href":"https:\/\/noticiasemdestaque.com\/cd\/index.php?rest_route=%2Fwp%2Fv2%2Ftags&post=26699"}],"curies":[{"name":"wp","href":"https:\/\/api.w.org\/{rel}","templated":true}]}}