{"id":26697,"date":"2020-09-05T19:06:18","date_gmt":"2020-09-05T22:06:18","guid":{"rendered":"http:\/\/noticiasemdestaque.com\/cd\/?p=26697"},"modified":"2020-09-05T19:06:18","modified_gmt":"2020-09-05T22:06:18","slug":"microempreendedores-de-sume-se-destacam-em-nivel-estadual","status":"publish","type":"post","link":"https:\/\/noticiasemdestaque.com\/cd\/?p=26697","title":{"rendered":"Microempreendedores de Sum\u00e9 se destacam em n\u00edvel estadual"},"content":{"rendered":"<p><a href=\"https:\/\/noticiasemdestaque.com\/cd\/wp-content\/uploads\/2017\/08\/sum\u00e9.jpg\"><img fetchpriority=\"high\" decoding=\"async\" class=\"size-full wp-image-2558 aligncenter\" src=\"https:\/\/noticiasemdestaque.com\/cd\/wp-content\/uploads\/2017\/08\/sum\u00e9.jpg\" alt=\"\" width=\"547\" height=\"398\" srcset=\"https:\/\/noticiasemdestaque.com\/cd\/wp-content\/uploads\/2017\/08\/sum\u00e9.jpg 547w, https:\/\/noticiasemdestaque.com\/cd\/wp-content\/uploads\/2017\/08\/sum\u00e9-300x218.jpg 300w\" sizes=\"(max-width: 547px) 100vw, 547px\" \/><\/a><\/p>\n<p>O Munic\u00edpio de Sum\u00e9 possui 17.031 habitantes segundo estimativas do IBGE para o ano de 2020, ocupando a posi\u00e7\u00e3o 50\u00ba entre os 223 demais munic\u00edpios do Estado da Para\u00edba, al\u00e9m disso Sum\u00e9 possui o 43\u00b0 PIB (Produto Interno Bruto) em n\u00edvel estadual.<\/p>\n<p>Mas, um fator econ\u00f4mico que chama muita aten\u00e7\u00e3o no Estado da Para\u00edba em rela\u00e7\u00e3o a Sum\u00e9, s\u00e3o seus 695 Microempreendedores Individuais (MEI) ativos at\u00e9 a data desta publica\u00e7\u00e3o, que colocam o munic\u00edpio na 30\u00b0 posi\u00e7\u00e3o entre os 223 munic\u00edpios da Para\u00edba, estes empreendedores est\u00e3o distribu\u00eddos em mais de 147 atividades econ\u00f4micas.<\/p>\n<p>Estes 695 MEI\u2019s correspondem a 6 % da Popula\u00e7\u00e3o Econ\u00f4micamente Ativa (PEA) de Sum\u00e9, de acordo com com dados coletados pelo Censo demogr\u00e1fico do IBGE em 2010, a PEA do munic\u00edpio corresponde a aproximadamente 66 % da popula\u00e7\u00e3o total.<\/p>\n<p>De acordo com o SEBRAE, o Microempreendedor Individual (MEI) \u00e9 a pessoa que trabalha por conta pr\u00f3pria e que se legaliza como pequeno empres\u00e1rio, podendo se enquadrar em uma ou mais atividades no \u00fanico CNPJ e ter somente um empregado.<\/p>\n<p>A Lei Complementar n\u00ba 128, de 19\/12\/2008, criou condi\u00e7\u00f5es especiais para que o trabalhador conhecido como informal possa se tornar um MEI legalizado. Essa Lei estabelece percentual de contribui\u00e7\u00e3o mensal para a Previd\u00eancia Social e valores direcionados para o tributo municipal e estatual, mediante os quais, o Microempreendedor Individual tem acesso a benef\u00edcios como aux\u00edlio maternidade, aux\u00edlio doen\u00e7a, aposentadoria, entre outros.<\/p>\n<p>As atividades econ\u00f4micas com mais\u00a0 MEI\u2019s em Sum\u00e9 s\u00e3o: Com\u00e9rcio varejista de artigos do vestu\u00e1rio e acess\u00f3rios; Com\u00e9rcio varejista de mercadorias em geral, minimercados, mercearias e armaz\u00e9ns; Sal\u00e3o de beleza, barbearia e tratamento capilar.<\/p>\n<p>As atividades econ\u00f4micas dos Microemprendedores Individuais de Sum\u00e9 est\u00e3o descritas na tabela abaixo.<\/p>\n<table width=\"666\">\n<tbody>\n<tr>\n<td width=\"66\"><strong><em>TOTAL<\/em><\/strong><\/td>\n<td width=\"600\"><strong><em>Atividades Econ\u00f4micas dos Microempreendedores de Sum\u00e9-PB ativos at\u00e9 05\/09\/2020.<\/em><\/strong><\/td>\n<\/tr>\n<tr>\n<td width=\"66\">64<\/td>\n<td width=\"600\">Com\u00e9rcio varejista de artigos do vestu\u00e1rio e acess\u00f3rios<\/td>\n<\/tr>\n<tr>\n<td width=\"66\">49<\/td>\n<td width=\"600\">Com\u00e9rcio varejista de mercadorias em geral, minimercados, mercearias e armaz\u00e9ns<\/td>\n<\/tr>\n<tr>\n<td width=\"66\">33<\/td>\n<td width=\"600\">Sal\u00e3o de beleza, barbearia e tratamento capilar.<\/td>\n<\/tr>\n<tr>\n<td width=\"66\">28<\/td>\n<td width=\"600\">Comercio de colclh\u00f5es e artigos de colchoaria e comercios varejista.<\/td>\n<\/tr>\n<tr>\n<td width=\"66\">21<\/td>\n<td width=\"600\">Lanchonetes, casas de ch\u00e1, de sucos e similares<\/td>\n<\/tr>\n<tr>\n<td width=\"66\">17<\/td>\n<td width=\"600\">Moto taxi, taxi, transporte de passageiros<\/td>\n<\/tr>\n<tr>\n<td width=\"66\">16<\/td>\n<td width=\"600\">Restaurantes e similares<\/td>\n<\/tr>\n<tr>\n<td width=\"66\">14<\/td>\n<td width=\"600\">Organiza\u00e7\u00e3o de eventos<\/td>\n<\/tr>\n<tr>\n<td width=\"66\">14<\/td>\n<td width=\"600\">Com\u00e9rcio varejista de materiais de constru\u00e7\u00e3o em geral<\/td>\n<\/tr>\n<tr>\n<td width=\"66\">13<\/td>\n<td width=\"600\">Venda e Distribuicao de bebidas sem entreterimento<\/td>\n<\/tr>\n<tr>\n<td width=\"66\">13<\/td>\n<td width=\"600\">Servi\u00e7os para constru\u00e7\u00e3o civil<\/td>\n<\/tr>\n<tr>\n<td width=\"66\">12<\/td>\n<td width=\"600\"><u>Comercio varejista de cosmeticos e higiene pessoal<\/u><\/td>\n<\/tr>\n<tr>\n<td width=\"66\">12<\/td>\n<td width=\"600\">Comercio Varejista de Hortifrutigranjeiros<\/td>\n<\/tr>\n<tr>\n<td width=\"66\">12<\/td>\n<td width=\"600\">Com\u00e9rcio a varejo de pe\u00e7as e acess\u00f3rios novos para ve\u00edculos automotores<\/td>\n<\/tr>\n<tr>\n<td width=\"66\">11<\/td>\n<td width=\"600\">Fornecimento de alimentos preparados preponderantemente para consumo domiciliar<\/td>\n<\/tr>\n<tr>\n<td width=\"66\">10<\/td>\n<td width=\"600\">Promo\u00e7\u00e3o de vendas<\/td>\n<\/tr>\n<tr>\n<td width=\"66\">10<\/td>\n<td width=\"600\">Servi\u00e7os ambulantes de alimenta\u00e7\u00e3o<\/td>\n<\/tr>\n<tr>\n<td width=\"66\">9<\/td>\n<td width=\"600\">Comercio varejista de artigos de cama, mesa e banho<\/td>\n<\/tr>\n<tr>\n<td width=\"66\">9<\/td>\n<td width=\"600\">Padaria e confeitaria com predomin\u00e2ncia de revenda<\/td>\n<\/tr>\n<tr>\n<td width=\"66\">9<\/td>\n<td width=\"600\">Instala\u00e7\u00e3o e manuten\u00e7\u00e3o el\u00e9trica<\/td>\n<\/tr>\n<tr>\n<td width=\"66\">8<\/td>\n<td width=\"600\">Com\u00e9rcio Varejista de acessorios em geral. artigos religiosos e de culto, artigos er\u00f3ticos (sex shop), artigos funer\u00e1rios, artigos para festas, plantas, flores e frutos artificiais para ornamenta\u00e7\u00e3o,<\/td>\n<\/tr>\n<tr>\n<td width=\"66\">8<\/td>\n<td width=\"600\">Com\u00e9rcio varejista de bebidas \u2013 distribui\u00e7\u00e3o de bebidas<\/td>\n<\/tr>\n<tr>\n<td width=\"66\">7<\/td>\n<td width=\"600\">Com\u00e9rcio varejista de carnes &#8211; a\u00e7ougues<\/td>\n<\/tr>\n<tr>\n<td width=\"66\">7<\/td>\n<td width=\"600\">Servi\u00e7os de borracharia para ve\u00edculos automotores<\/td>\n<\/tr>\n<tr>\n<td width=\"66\">7<\/td>\n<td width=\"600\">Servi\u00e7os de manuten\u00e7\u00e3o e repara\u00e7\u00e3o mec\u00e2nica de ve\u00edculos automotores<\/td>\n<\/tr>\n<tr>\n<td width=\"66\">6<\/td>\n<td width=\"600\">Atividades de est\u00e9tica e outros servi\u00e7os de cuidados com a beleza<\/td>\n<\/tr>\n<tr>\n<td width=\"66\">6<\/td>\n<td width=\"600\">Repara\u00e7\u00e3o e manuten\u00e7\u00e3o de computadores e de equipamentos perif\u00e9ricos<\/td>\n<\/tr>\n<tr>\n<td width=\"66\">6<\/td>\n<td width=\"600\">Atividades de produ\u00e7\u00e3o de fotografias, exceto a\u00e9rea e submarina<\/td>\n<\/tr>\n<tr>\n<td width=\"66\">6<\/td>\n<td width=\"600\">Com\u00e9rcio varejista de produtos aliment\u00edcios em geral ou especializado em produtos aliment\u00edcios n\u00e3o especificados anteriormente<\/td>\n<\/tr>\n<tr>\n<td width=\"66\">6<\/td>\n<td width=\"600\">Fabrica\u00e7\u00e3o de massas aliment\u00edcias<\/td>\n<\/tr>\n<tr>\n<td width=\"66\">5<\/td>\n<td width=\"600\">Treinamento em desenvolvimento profissional e gerencial<\/td>\n<\/tr>\n<tr>\n<td width=\"66\">5<\/td>\n<td width=\"600\">\u00a0Ensino de arte e cultura n\u00e3o especificado anteriormente<\/td>\n<\/tr>\n<tr>\n<td width=\"66\">5<\/td>\n<td width=\"600\">Transporte rodovi\u00e1rio de carga, exceto produtos perigosos e mudan\u00e7as, intermunicipal, interestadual e internacional<\/td>\n<\/tr>\n<tr>\n<td width=\"66\">5<\/td>\n<td width=\"600\">Transporte rodovi\u00e1rio coletivo de passageiros, sob regime de fretamento, municipal<\/td>\n<\/tr>\n<tr>\n<td width=\"66\">5<\/td>\n<td width=\"600\">Transporte escolar<\/td>\n<\/tr>\n<tr>\n<td width=\"66\">5<\/td>\n<td width=\"600\">Com\u00e9rcio varejista de artigos de \u00f3ptica<\/td>\n<\/tr>\n<tr>\n<td width=\"66\">5<\/td>\n<td width=\"600\">Comercio varejista de artigos de armarinho<\/td>\n<\/tr>\n<tr>\n<td width=\"66\">5<\/td>\n<td width=\"600\">Com\u00e9rcio varejista especializado de equipamentos de telefonia e comunica\u00e7\u00e3o<\/td>\n<\/tr>\n<tr>\n<td width=\"66\">5<\/td>\n<td width=\"600\">Com\u00e9rcio varejista de doces, balas, bombons e semelhantes<\/td>\n<\/tr>\n<tr>\n<td width=\"66\">5<\/td>\n<td width=\"600\">Com\u00e9rcio a varejo de pe\u00e7as e acess\u00f3rios novos para motocicletas e motonetas<\/td>\n<\/tr>\n<tr>\n<td width=\"66\">5<\/td>\n<td width=\"600\">Servi\u00e7os de lanternagem ou funilaria e pintura de ve\u00edculos automotores<\/td>\n<\/tr>\n<tr>\n<td width=\"66\">5<\/td>\n<td width=\"600\">Fabrica\u00e7\u00e3o de m\u00f3veis com predomin\u00e2ncia de madeira<\/td>\n<\/tr>\n<tr>\n<td width=\"66\">5<\/td>\n<td width=\"600\">Fabrica\u00e7\u00e3o de artigos de serralheria, exceto esquadrias<\/td>\n<\/tr>\n<tr>\n<td width=\"66\">5<\/td>\n<td width=\"600\">Impress\u00e3o de material para outros usos<\/td>\n<\/tr>\n<tr>\n<td width=\"66\">4<\/td>\n<td width=\"600\">Repara\u00e7\u00e3o e manuten\u00e7\u00e3o de equipamentos eletroeletr\u00f4nicos de uso pessoal e dom\u00e9stico<\/td>\n<\/tr>\n<tr>\n<td width=\"66\">4<\/td>\n<td width=\"600\">\u00a0Com\u00e9rcio varejista de bicicletas e triciclos; pe\u00e7as e acess\u00f3rios<\/td>\n<\/tr>\n<tr>\n<td width=\"66\">4<\/td>\n<td width=\"600\">Com\u00e9rcio varejista de m\u00f3veis<\/td>\n<\/tr>\n<tr>\n<td width=\"66\">4<\/td>\n<td width=\"600\">Peixaria<\/td>\n<\/tr>\n<tr>\n<td width=\"66\">4<\/td>\n<td width=\"600\">Com\u00e9rcio varejista de latic\u00ednios e frios<\/td>\n<\/tr>\n<tr>\n<td width=\"66\">4<\/td>\n<td width=\"600\">Servi\u00e7os de pintura de edif\u00edcios em geral<\/td>\n<\/tr>\n<tr>\n<td width=\"66\">3<\/td>\n<td width=\"600\">Servi\u00e7os dom\u00e9sticos<\/td>\n<\/tr>\n<tr>\n<td width=\"66\">3<\/td>\n<td width=\"600\">Repara\u00e7\u00e3o de artigos do mobili\u00e1rio<\/td>\n<\/tr>\n<tr>\n<td width=\"66\">3<\/td>\n<td width=\"600\">Prepara\u00e7\u00e3o de documentos e servi\u00e7os especializados de apoio administrativo n\u00e3o especificados anteriormente<\/td>\n<\/tr>\n<tr>\n<td width=\"66\">3<\/td>\n<td width=\"600\">Marketing direto<\/td>\n<\/tr>\n<tr>\n<td width=\"66\">3<\/td>\n<td width=\"600\">Outras atividades de telecomunica\u00e7\u00f5es n\u00e3o especificadas anteriormente<\/td>\n<\/tr>\n<tr>\n<td width=\"66\">3<\/td>\n<td width=\"600\">Servi\u00e7os de alimenta\u00e7\u00e3o para eventos e recep\u00e7\u00f5es &#8211; buf\u00ea<\/td>\n<\/tr>\n<tr>\n<td width=\"66\">3<\/td>\n<td width=\"600\">Bares e outros estabelecimentos especializados em servir bebidas, com entretenimento<\/td>\n<\/tr>\n<tr>\n<td width=\"66\">3<\/td>\n<td width=\"600\">Com\u00e9rcio varejista de artigos de joalheria<\/td>\n<\/tr>\n<tr>\n<td width=\"66\">3<\/td>\n<td width=\"600\">Com\u00e9rcio varejista de brinquedos e artigos recreativos<\/td>\n<\/tr>\n<tr>\n<td width=\"66\">3<\/td>\n<td width=\"600\">Servi\u00e7os de lavagem, lubrifica\u00e7\u00e3o e polimento de ve\u00edculos automotores<\/td>\n<\/tr>\n<tr>\n<td width=\"66\">3<\/td>\n<td width=\"600\">Servi\u00e7os de manuten\u00e7\u00e3o e repara\u00e7\u00e3o el\u00e9trica de ve\u00edculos automotores<\/td>\n<\/tr>\n<tr>\n<td width=\"66\">3<\/td>\n<td width=\"600\">Instala\u00e7\u00e3o e manuten\u00e7\u00e3o de sistemas centrais de ar condicionado, de ventila\u00e7\u00e3o e refrigera\u00e7\u00e3o<\/td>\n<\/tr>\n<tr>\n<td width=\"66\">3<\/td>\n<td width=\"600\">Fabrica\u00e7\u00e3o de produtos diversos n\u00e3o especificados anteriormente<\/td>\n<\/tr>\n<tr>\n<td width=\"66\">3<\/td>\n<td width=\"600\">Confec\u00e7\u00e3o, sob medida, de pe\u00e7as do vestu\u00e1rio, exceto roupas \u00edntimas<\/td>\n<\/tr>\n<tr>\n<td width=\"66\">2<\/td>\n<td width=\"600\">Higiene e embelezamento de animais dom\u00e9sticos<\/td>\n<\/tr>\n<tr>\n<td width=\"66\">2<\/td>\n<td width=\"600\">Servi\u00e7os de sepultamento<\/td>\n<\/tr>\n<tr>\n<td width=\"66\">2<\/td>\n<td width=\"600\">Lavanderias<\/td>\n<\/tr>\n<tr>\n<td width=\"66\">2<\/td>\n<td width=\"600\">Repara\u00e7\u00e3o e manuten\u00e7\u00e3o de equipamentos de comunica\u00e7\u00e3o<\/td>\n<\/tr>\n<tr>\n<td width=\"66\">2<\/td>\n<td width=\"600\">Atividades de fornecimento de infraestrutura de apoio e assist\u00eancia a paciente no domic\u00edlio<\/td>\n<\/tr>\n<tr>\n<td width=\"66\">2<\/td>\n<td width=\"600\">Outras atividades de ensino n\u00e3o especificadas anteriormente<\/td>\n<\/tr>\n<tr>\n<td width=\"66\">2<\/td>\n<td width=\"600\">Atividades de cobran\u00e7as e informa\u00e7\u00f5es cadastrais<\/td>\n<\/tr>\n<tr>\n<td width=\"66\">2<\/td>\n<td width=\"600\">\u00a0Atividades paisag\u00edsticas<\/td>\n<\/tr>\n<tr>\n<td width=\"66\">2<\/td>\n<td width=\"600\">Ag\u00eancias de viagens<\/td>\n<\/tr>\n<tr>\n<td width=\"66\">2<\/td>\n<td width=\"600\">Outras atividades de publicidade n\u00e3o especificadas anteriormente<\/td>\n<\/tr>\n<tr>\n<td width=\"66\">2<\/td>\n<td width=\"600\">Edi\u00e7\u00e3o de livros<\/td>\n<\/tr>\n<tr>\n<td width=\"66\">2<\/td>\n<td width=\"600\">Cantinas &#8211; servi\u00e7os de alimenta\u00e7\u00e3o privativos<\/td>\n<\/tr>\n<tr>\n<td width=\"66\">2<\/td>\n<td width=\"600\">Servi\u00e7os de entrega r\u00e1pida<\/td>\n<\/tr>\n<tr>\n<td width=\"66\">2<\/td>\n<td width=\"600\">Transporte rodovi\u00e1rio de carga, exceto produtos perigosos e mudan\u00e7as, municipal<\/td>\n<\/tr>\n<tr>\n<td width=\"66\">2<\/td>\n<td width=\"600\">Transporte rodovi\u00e1rio coletivo de passageiros, sob regime de fretamento, intermunicipal, interestadual e internacional<\/td>\n<\/tr>\n<tr>\n<td width=\"66\">2<\/td>\n<td width=\"600\">Com\u00e9rcio varejista de suvenires, bijuterias e artesanatos<\/td>\n<\/tr>\n<tr>\n<td width=\"66\">2<\/td>\n<td width=\"600\">Com\u00e9rcio varejista de cal\u00e7ados<\/td>\n<\/tr>\n<tr>\n<td width=\"66\">2<\/td>\n<td width=\"600\">Com\u00e9rcio varejista de artigos de papelaria<\/td>\n<\/tr>\n<tr>\n<td width=\"66\">2<\/td>\n<td width=\"600\">Com\u00e9rcio varejista de material el\u00e9trico<\/td>\n<\/tr>\n<tr>\n<td width=\"66\">2<\/td>\n<td width=\"600\">Lojas de variedades, exceto lojas de departamentos ou magazines<\/td>\n<\/tr>\n<tr>\n<td width=\"66\">2<\/td>\n<td width=\"600\">Fabrica\u00e7\u00e3o de bijuterias e artefatos semelhantes<\/td>\n<\/tr>\n<tr>\n<td width=\"66\">2<\/td>\n<td width=\"600\">Fabrica\u00e7\u00e3o de esquadrias de metal<\/td>\n<\/tr>\n<tr>\n<td width=\"66\">2<\/td>\n<td width=\"600\">Fabrica\u00e7\u00e3o de produtos de limpeza e polimento<\/td>\n<\/tr>\n<tr>\n<td width=\"66\">2<\/td>\n<td width=\"600\">Impress\u00e3o de material para uso publicit\u00e1rio<\/td>\n<\/tr>\n<tr>\n<td width=\"66\">2<\/td>\n<td width=\"600\">Fac\u00e7\u00e3o de pe\u00e7as do vestu\u00e1rio, exceto roupas \u00edntimas<\/td>\n<\/tr>\n<tr>\n<td width=\"66\">2<\/td>\n<td width=\"600\">Fabrica\u00e7\u00e3o de artefatos de tape\u00e7aria<\/td>\n<\/tr>\n<tr>\n<td width=\"66\">2<\/td>\n<td width=\"600\">Fabrica\u00e7\u00e3o de produtos de padaria e confeitaria com predomin\u00e2ncia de produ\u00e7\u00e3o pr\u00f3pria<\/td>\n<\/tr>\n<\/tbody>\n<\/table>\n<p>Fonte: Cariri em A\u00e7\u00e3o\/Not\u00edcias em Destaque.<\/p>\n<p>A mat\u00e9ria foi produzida com dados disponibilizados pelo Governo Federal, atrav\u00e9s do Portal do Empreendedor, o qual segue o link dispon\u00edvel para consultas: <a href=\"http:\/\/www.portaldoempreendedor.gov.br\/estatisticas\">http:\/\/www.portaldoempreendedor.gov.br\/estatisticas<\/a><\/p>\n<p>Produ\u00e7\u00e3o: Cariri em A\u00e7\u00e3o\/Not\u00edcias em Destaque<\/p>\n","protected":false},"excerpt":{"rendered":"<p>O Munic\u00edpio de Sum\u00e9 possui 17.031 habitantes segundo estimativas do IBGE para o ano de 2020, ocupando a posi\u00e7\u00e3o 50\u00ba entre os 223 demais munic\u00edpios do Estado da Para\u00edba, al\u00e9m disso Sum\u00e9 possui o 43\u00b0 PIB (Produto Interno Bruto) em n\u00edvel estadual. Mas, um fator econ\u00f4mico que chama muita aten\u00e7\u00e3o no Estado da Para\u00edba em rela\u00e7\u00e3o a Sum\u00e9, s\u00e3o seus 695 Microempreendedores Individuais (MEI) ativos at\u00e9 a data desta publica\u00e7\u00e3o, que colocam o munic\u00edpio na 30\u00b0 posi\u00e7\u00e3o entre os 223 munic\u00edpios da Para\u00edba, estes empreendedores est\u00e3o distribu\u00eddos em mais de 147 atividades econ\u00f4micas. Estes 695 MEI\u2019s correspondem a 6 % da Popula\u00e7\u00e3o Econ\u00f4micamente Ativa (PEA) de Sum\u00e9, de acordo com com dados coletados pelo Censo demogr\u00e1fico do IBGE em 2010, a PEA do munic\u00edpio corresponde a aproximadamente 66 % da popula\u00e7\u00e3o total. De acordo com o SEBRAE, o Microempreendedor Individual (MEI) \u00e9 a pessoa que trabalha por conta pr\u00f3pria e que se legaliza como pequeno empres\u00e1rio, podendo se enquadrar em uma ou mais atividades no \u00fanico CNPJ e ter somente um empregado. A Lei Complementar n\u00ba 128, de 19\/12\/2008, criou condi\u00e7\u00f5es especiais para que o trabalhador conhecido como informal possa se tornar um MEI legalizado. Essa Lei estabelece percentual de contribui\u00e7\u00e3o mensal para a Previd\u00eancia Social e valores direcionados para o tributo municipal e estatual, mediante os quais, o Microempreendedor Individual tem acesso a benef\u00edcios como aux\u00edlio maternidade, aux\u00edlio doen\u00e7a, aposentadoria, entre outros. As atividades econ\u00f4micas com mais\u00a0 MEI\u2019s em Sum\u00e9 s\u00e3o: Com\u00e9rcio varejista de artigos do vestu\u00e1rio e acess\u00f3rios; Com\u00e9rcio varejista de mercadorias em geral, minimercados, mercearias e armaz\u00e9ns; Sal\u00e3o de beleza, barbearia e tratamento capilar. As atividades econ\u00f4micas dos Microemprendedores Individuais de Sum\u00e9 est\u00e3o descritas na tabela abaixo. TOTAL Atividades Econ\u00f4micas dos Microempreendedores de Sum\u00e9-PB ativos at\u00e9 05\/09\/2020. 64 Com\u00e9rcio varejista de artigos do vestu\u00e1rio e acess\u00f3rios 49 Com\u00e9rcio varejista de mercadorias em geral, minimercados, mercearias e armaz\u00e9ns 33 Sal\u00e3o de beleza, barbearia e tratamento capilar. 28 Comercio de colclh\u00f5es e artigos de colchoaria e comercios varejista. 21 Lanchonetes, casas de ch\u00e1, de sucos e similares 17 Moto taxi, taxi, transporte de passageiros 16 Restaurantes e similares 14 Organiza\u00e7\u00e3o de eventos 14 Com\u00e9rcio varejista de materiais de constru\u00e7\u00e3o em geral 13 Venda e Distribuicao de bebidas sem entreterimento 13 Servi\u00e7os para constru\u00e7\u00e3o civil 12 Comercio varejista de cosmeticos e higiene pessoal 12 Comercio Varejista de Hortifrutigranjeiros 12 Com\u00e9rcio a varejo de pe\u00e7as e acess\u00f3rios novos para ve\u00edculos automotores 11 Fornecimento de alimentos preparados preponderantemente para consumo domiciliar 10 Promo\u00e7\u00e3o de vendas 10 Servi\u00e7os ambulantes de alimenta\u00e7\u00e3o 9 Comercio varejista de artigos de cama, mesa e banho 9 Padaria e confeitaria com predomin\u00e2ncia de revenda 9 Instala\u00e7\u00e3o e manuten\u00e7\u00e3o el\u00e9trica 8 Com\u00e9rcio Varejista de acessorios em geral. artigos religiosos e de culto, artigos er\u00f3ticos (sex shop), artigos funer\u00e1rios, artigos para festas, plantas, flores e frutos artificiais para ornamenta\u00e7\u00e3o, 8 Com\u00e9rcio varejista de bebidas \u2013 distribui\u00e7\u00e3o de bebidas 7 Com\u00e9rcio varejista de carnes &#8211; a\u00e7ougues 7 Servi\u00e7os de borracharia para ve\u00edculos automotores 7 Servi\u00e7os de manuten\u00e7\u00e3o e repara\u00e7\u00e3o mec\u00e2nica de ve\u00edculos automotores 6 Atividades de est\u00e9tica e outros servi\u00e7os de cuidados com a beleza 6 Repara\u00e7\u00e3o e manuten\u00e7\u00e3o de computadores e de equipamentos perif\u00e9ricos 6 Atividades de produ\u00e7\u00e3o de fotografias, exceto a\u00e9rea e submarina 6 Com\u00e9rcio varejista de produtos aliment\u00edcios em geral ou especializado em produtos aliment\u00edcios n\u00e3o especificados anteriormente 6 Fabrica\u00e7\u00e3o de massas aliment\u00edcias 5 Treinamento em desenvolvimento profissional e gerencial 5 \u00a0Ensino de arte e cultura n\u00e3o especificado anteriormente 5 Transporte rodovi\u00e1rio de carga, exceto produtos perigosos e mudan\u00e7as, intermunicipal, interestadual e internacional 5 Transporte rodovi\u00e1rio coletivo de passageiros, sob regime de fretamento, municipal 5 Transporte escolar 5 Com\u00e9rcio varejista de artigos de \u00f3ptica 5 Comercio varejista de artigos de armarinho 5 Com\u00e9rcio varejista especializado de equipamentos de telefonia e comunica\u00e7\u00e3o 5 Com\u00e9rcio varejista de doces, balas, bombons e semelhantes 5 Com\u00e9rcio a varejo de pe\u00e7as e acess\u00f3rios novos para motocicletas e motonetas 5 Servi\u00e7os de lanternagem ou funilaria e pintura de ve\u00edculos automotores 5 Fabrica\u00e7\u00e3o de m\u00f3veis com predomin\u00e2ncia de madeira 5 Fabrica\u00e7\u00e3o de artigos de serralheria, exceto esquadrias 5 Impress\u00e3o de material para outros usos 4 Repara\u00e7\u00e3o e manuten\u00e7\u00e3o de equipamentos eletroeletr\u00f4nicos de uso pessoal e dom\u00e9stico 4 \u00a0Com\u00e9rcio varejista de bicicletas e triciclos; pe\u00e7as e acess\u00f3rios 4 Com\u00e9rcio varejista de m\u00f3veis 4 Peixaria 4 Com\u00e9rcio varejista de latic\u00ednios e frios 4 Servi\u00e7os de pintura de edif\u00edcios em geral 3 Servi\u00e7os dom\u00e9sticos 3 Repara\u00e7\u00e3o de artigos do mobili\u00e1rio 3 Prepara\u00e7\u00e3o de documentos e servi\u00e7os especializados de apoio administrativo n\u00e3o especificados anteriormente 3 Marketing direto 3 Outras atividades de telecomunica\u00e7\u00f5es n\u00e3o especificadas anteriormente 3 Servi\u00e7os de alimenta\u00e7\u00e3o para eventos e recep\u00e7\u00f5es &#8211; buf\u00ea 3 Bares e outros estabelecimentos especializados em servir bebidas, com entretenimento 3 Com\u00e9rcio varejista de artigos de joalheria 3 Com\u00e9rcio varejista de brinquedos e artigos recreativos 3 Servi\u00e7os de lavagem, lubrifica\u00e7\u00e3o e polimento de ve\u00edculos automotores 3 Servi\u00e7os de manuten\u00e7\u00e3o e repara\u00e7\u00e3o el\u00e9trica de ve\u00edculos automotores 3 Instala\u00e7\u00e3o e manuten\u00e7\u00e3o de sistemas centrais de ar condicionado, de ventila\u00e7\u00e3o e refrigera\u00e7\u00e3o 3 Fabrica\u00e7\u00e3o de produtos diversos n\u00e3o especificados anteriormente 3 Confec\u00e7\u00e3o, sob medida, de pe\u00e7as do vestu\u00e1rio, exceto roupas \u00edntimas 2 Higiene e embelezamento de animais dom\u00e9sticos 2 Servi\u00e7os de sepultamento 2 Lavanderias 2 Repara\u00e7\u00e3o e manuten\u00e7\u00e3o de equipamentos de comunica\u00e7\u00e3o 2 Atividades de fornecimento de infraestrutura de apoio e assist\u00eancia a paciente no domic\u00edlio 2 Outras atividades de ensino n\u00e3o especificadas anteriormente 2 Atividades de cobran\u00e7as e informa\u00e7\u00f5es cadastrais 2 \u00a0Atividades paisag\u00edsticas 2 Ag\u00eancias de viagens 2 Outras atividades de publicidade n\u00e3o especificadas anteriormente 2 Edi\u00e7\u00e3o de livros 2 Cantinas &#8211; servi\u00e7os de alimenta\u00e7\u00e3o privativos 2 Servi\u00e7os de entrega r\u00e1pida 2 Transporte rodovi\u00e1rio de carga, exceto produtos perigosos e mudan\u00e7as, municipal 2 Transporte rodovi\u00e1rio coletivo de passageiros, sob regime de fretamento, intermunicipal, interestadual e internacional 2 Com\u00e9rcio varejista de suvenires, bijuterias e artesanatos 2 Com\u00e9rcio varejista de cal\u00e7ados 2 Com\u00e9rcio varejista de artigos de papelaria 2 Com\u00e9rcio varejista de material el\u00e9trico 2 Lojas de variedades, exceto lojas de departamentos ou magazines 2 Fabrica\u00e7\u00e3o de bijuterias e artefatos semelhantes 2 Fabrica\u00e7\u00e3o de esquadrias de<\/p>\n","protected":false},"author":2,"featured_media":2029,"comment_status":"closed","ping_status":"open","sticky":false,"template":"","format":"standard","meta":{"_eb_attr":"","_jetpack_memberships_contains_paid_content":false,"footnotes":""},"categories":[3],"tags":[],"class_list":["post-26697","post","type-post","status-publish","format-standard","has-post-thumbnail","hentry","category-cidades"],"yoast_head":"<!-- This site is optimized with the Yoast SEO plugin v26.5 - https:\/\/yoast.com\/wordpress\/plugins\/seo\/ -->\n<title>Microempreendedores de Sum\u00e9 se destacam em n\u00edvel estadual - Not&iacute;cias em Destaque<\/title>\n<meta name=\"robots\" content=\"index, follow, max-snippet:-1, max-image-preview:large, max-video-preview:-1\" \/>\n<link rel=\"canonical\" href=\"https:\/\/noticiasemdestaque.com\/cd\/?p=26697\" \/>\n<meta property=\"og:locale\" content=\"pt_BR\" \/>\n<meta property=\"og:type\" content=\"article\" \/>\n<meta property=\"og:title\" content=\"Microempreendedores de Sum\u00e9 se destacam em n\u00edvel estadual - Not&iacute;cias em Destaque\" \/>\n<meta property=\"og:description\" content=\"O Munic\u00edpio de Sum\u00e9 possui 17.031 habitantes segundo estimativas do IBGE para o ano de 2020, ocupando a posi\u00e7\u00e3o 50\u00ba entre os 223 demais munic\u00edpios do Estado da Para\u00edba, al\u00e9m disso Sum\u00e9 possui o 43\u00b0 PIB (Produto Interno Bruto) em n\u00edvel estadual. Mas, um fator econ\u00f4mico que chama muita aten\u00e7\u00e3o no Estado da Para\u00edba em rela\u00e7\u00e3o a Sum\u00e9, s\u00e3o seus 695 Microempreendedores Individuais (MEI) ativos at\u00e9 a data desta publica\u00e7\u00e3o, que colocam o munic\u00edpio na 30\u00b0 posi\u00e7\u00e3o entre os 223 munic\u00edpios da Para\u00edba, estes empreendedores est\u00e3o distribu\u00eddos em mais de 147 atividades econ\u00f4micas. Estes 695 MEI\u2019s correspondem a 6 % da Popula\u00e7\u00e3o Econ\u00f4micamente Ativa (PEA) de Sum\u00e9, de acordo com com dados coletados pelo Censo demogr\u00e1fico do IBGE em 2010, a PEA do munic\u00edpio corresponde a aproximadamente 66 % da popula\u00e7\u00e3o total. De acordo com o SEBRAE, o Microempreendedor Individual (MEI) \u00e9 a pessoa que trabalha por conta pr\u00f3pria e que se legaliza como pequeno empres\u00e1rio, podendo se enquadrar em uma ou mais atividades no \u00fanico CNPJ e ter somente um empregado. A Lei Complementar n\u00ba 128, de 19\/12\/2008, criou condi\u00e7\u00f5es especiais para que o trabalhador conhecido como informal possa se tornar um MEI legalizado. Essa Lei estabelece percentual de contribui\u00e7\u00e3o mensal para a Previd\u00eancia Social e valores direcionados para o tributo municipal e estatual, mediante os quais, o Microempreendedor Individual tem acesso a benef\u00edcios como aux\u00edlio maternidade, aux\u00edlio doen\u00e7a, aposentadoria, entre outros. As atividades econ\u00f4micas com mais\u00a0 MEI\u2019s em Sum\u00e9 s\u00e3o: Com\u00e9rcio varejista de artigos do vestu\u00e1rio e acess\u00f3rios; Com\u00e9rcio varejista de mercadorias em geral, minimercados, mercearias e armaz\u00e9ns; Sal\u00e3o de beleza, barbearia e tratamento capilar. As atividades econ\u00f4micas dos Microemprendedores Individuais de Sum\u00e9 est\u00e3o descritas na tabela abaixo. TOTAL Atividades Econ\u00f4micas dos Microempreendedores de Sum\u00e9-PB ativos at\u00e9 05\/09\/2020. 64 Com\u00e9rcio varejista de artigos do vestu\u00e1rio e acess\u00f3rios 49 Com\u00e9rcio varejista de mercadorias em geral, minimercados, mercearias e armaz\u00e9ns 33 Sal\u00e3o de beleza, barbearia e tratamento capilar. 28 Comercio de colclh\u00f5es e artigos de colchoaria e comercios varejista. 21 Lanchonetes, casas de ch\u00e1, de sucos e similares 17 Moto taxi, taxi, transporte de passageiros 16 Restaurantes e similares 14 Organiza\u00e7\u00e3o de eventos 14 Com\u00e9rcio varejista de materiais de constru\u00e7\u00e3o em geral 13 Venda e Distribuicao de bebidas sem entreterimento 13 Servi\u00e7os para constru\u00e7\u00e3o civil 12 Comercio varejista de cosmeticos e higiene pessoal 12 Comercio Varejista de Hortifrutigranjeiros 12 Com\u00e9rcio a varejo de pe\u00e7as e acess\u00f3rios novos para ve\u00edculos automotores 11 Fornecimento de alimentos preparados preponderantemente para consumo domiciliar 10 Promo\u00e7\u00e3o de vendas 10 Servi\u00e7os ambulantes de alimenta\u00e7\u00e3o 9 Comercio varejista de artigos de cama, mesa e banho 9 Padaria e confeitaria com predomin\u00e2ncia de revenda 9 Instala\u00e7\u00e3o e manuten\u00e7\u00e3o el\u00e9trica 8 Com\u00e9rcio Varejista de acessorios em geral. artigos religiosos e de culto, artigos er\u00f3ticos (sex shop), artigos funer\u00e1rios, artigos para festas, plantas, flores e frutos artificiais para ornamenta\u00e7\u00e3o, 8 Com\u00e9rcio varejista de bebidas \u2013 distribui\u00e7\u00e3o de bebidas 7 Com\u00e9rcio varejista de carnes &#8211; a\u00e7ougues 7 Servi\u00e7os de borracharia para ve\u00edculos automotores 7 Servi\u00e7os de manuten\u00e7\u00e3o e repara\u00e7\u00e3o mec\u00e2nica de ve\u00edculos automotores 6 Atividades de est\u00e9tica e outros servi\u00e7os de cuidados com a beleza 6 Repara\u00e7\u00e3o e manuten\u00e7\u00e3o de computadores e de equipamentos perif\u00e9ricos 6 Atividades de produ\u00e7\u00e3o de fotografias, exceto a\u00e9rea e submarina 6 Com\u00e9rcio varejista de produtos aliment\u00edcios em geral ou especializado em produtos aliment\u00edcios n\u00e3o especificados anteriormente 6 Fabrica\u00e7\u00e3o de massas aliment\u00edcias 5 Treinamento em desenvolvimento profissional e gerencial 5 \u00a0Ensino de arte e cultura n\u00e3o especificado anteriormente 5 Transporte rodovi\u00e1rio de carga, exceto produtos perigosos e mudan\u00e7as, intermunicipal, interestadual e internacional 5 Transporte rodovi\u00e1rio coletivo de passageiros, sob regime de fretamento, municipal 5 Transporte escolar 5 Com\u00e9rcio varejista de artigos de \u00f3ptica 5 Comercio varejista de artigos de armarinho 5 Com\u00e9rcio varejista especializado de equipamentos de telefonia e comunica\u00e7\u00e3o 5 Com\u00e9rcio varejista de doces, balas, bombons e semelhantes 5 Com\u00e9rcio a varejo de pe\u00e7as e acess\u00f3rios novos para motocicletas e motonetas 5 Servi\u00e7os de lanternagem ou funilaria e pintura de ve\u00edculos automotores 5 Fabrica\u00e7\u00e3o de m\u00f3veis com predomin\u00e2ncia de madeira 5 Fabrica\u00e7\u00e3o de artigos de serralheria, exceto esquadrias 5 Impress\u00e3o de material para outros usos 4 Repara\u00e7\u00e3o e manuten\u00e7\u00e3o de equipamentos eletroeletr\u00f4nicos de uso pessoal e dom\u00e9stico 4 \u00a0Com\u00e9rcio varejista de bicicletas e triciclos; pe\u00e7as e acess\u00f3rios 4 Com\u00e9rcio varejista de m\u00f3veis 4 Peixaria 4 Com\u00e9rcio varejista de latic\u00ednios e frios 4 Servi\u00e7os de pintura de edif\u00edcios em geral 3 Servi\u00e7os dom\u00e9sticos 3 Repara\u00e7\u00e3o de artigos do mobili\u00e1rio 3 Prepara\u00e7\u00e3o de documentos e servi\u00e7os especializados de apoio administrativo n\u00e3o especificados anteriormente 3 Marketing direto 3 Outras atividades de telecomunica\u00e7\u00f5es n\u00e3o especificadas anteriormente 3 Servi\u00e7os de alimenta\u00e7\u00e3o para eventos e recep\u00e7\u00f5es &#8211; buf\u00ea 3 Bares e outros estabelecimentos especializados em servir bebidas, com entretenimento 3 Com\u00e9rcio varejista de artigos de joalheria 3 Com\u00e9rcio varejista de brinquedos e artigos recreativos 3 Servi\u00e7os de lavagem, lubrifica\u00e7\u00e3o e polimento de ve\u00edculos automotores 3 Servi\u00e7os de manuten\u00e7\u00e3o e repara\u00e7\u00e3o el\u00e9trica de ve\u00edculos automotores 3 Instala\u00e7\u00e3o e manuten\u00e7\u00e3o de sistemas centrais de ar condicionado, de ventila\u00e7\u00e3o e refrigera\u00e7\u00e3o 3 Fabrica\u00e7\u00e3o de produtos diversos n\u00e3o especificados anteriormente 3 Confec\u00e7\u00e3o, sob medida, de pe\u00e7as do vestu\u00e1rio, exceto roupas \u00edntimas 2 Higiene e embelezamento de animais dom\u00e9sticos 2 Servi\u00e7os de sepultamento 2 Lavanderias 2 Repara\u00e7\u00e3o e manuten\u00e7\u00e3o de equipamentos de comunica\u00e7\u00e3o 2 Atividades de fornecimento de infraestrutura de apoio e assist\u00eancia a paciente no domic\u00edlio 2 Outras atividades de ensino n\u00e3o especificadas anteriormente 2 Atividades de cobran\u00e7as e informa\u00e7\u00f5es cadastrais 2 \u00a0Atividades paisag\u00edsticas 2 Ag\u00eancias de viagens 2 Outras atividades de publicidade n\u00e3o especificadas anteriormente 2 Edi\u00e7\u00e3o de livros 2 Cantinas &#8211; servi\u00e7os de alimenta\u00e7\u00e3o privativos 2 Servi\u00e7os de entrega r\u00e1pida 2 Transporte rodovi\u00e1rio de carga, exceto produtos perigosos e mudan\u00e7as, municipal 2 Transporte rodovi\u00e1rio coletivo de passageiros, sob regime de fretamento, intermunicipal, interestadual e internacional 2 Com\u00e9rcio varejista de suvenires, bijuterias e artesanatos 2 Com\u00e9rcio varejista de cal\u00e7ados 2 Com\u00e9rcio varejista de artigos de papelaria 2 Com\u00e9rcio varejista de material el\u00e9trico 2 Lojas de variedades, exceto lojas de departamentos ou magazines 2 Fabrica\u00e7\u00e3o de bijuterias e artefatos semelhantes 2 Fabrica\u00e7\u00e3o de esquadrias de\" \/>\n<meta property=\"og:url\" content=\"https:\/\/noticiasemdestaque.com\/cd\/?p=26697\" \/>\n<meta property=\"og:site_name\" content=\"Not&iacute;cias em Destaque\" \/>\n<meta property=\"article:published_time\" content=\"2020-09-05T22:06:18+00:00\" \/>\n<meta property=\"og:image\" content=\"https:\/\/noticiasemdestaque.com\/cd\/wp-content\/uploads\/2017\/07\/sum\u00e9.jpg\" \/>\n\t<meta property=\"og:image:width\" content=\"547\" \/>\n\t<meta property=\"og:image:height\" content=\"398\" \/>\n\t<meta property=\"og:image:type\" content=\"image\/jpeg\" \/>\n<meta name=\"author\" content=\"Not\u00edcias em Destaque\" \/>\n<meta name=\"twitter:card\" content=\"summary_large_image\" \/>\n<meta name=\"twitter:label1\" content=\"Escrito por\" \/>\n\t<meta name=\"twitter:data1\" content=\"Not\u00edcias em Destaque\" \/>\n\t<meta name=\"twitter:label2\" content=\"Est. tempo de leitura\" \/>\n\t<meta name=\"twitter:data2\" content=\"6 minutos\" \/>\n<script type=\"application\/ld+json\" class=\"yoast-schema-graph\">{\"@context\":\"https:\/\/schema.org\",\"@graph\":[{\"@type\":\"Article\",\"@id\":\"https:\/\/noticiasemdestaque.com\/cd\/?p=26697#article\",\"isPartOf\":{\"@id\":\"https:\/\/noticiasemdestaque.com\/cd\/?p=26697\"},\"author\":{\"name\":\"Not\u00edcias em Destaque\",\"@id\":\"https:\/\/noticiasemdestaque.com\/cd\/#\/schema\/person\/21320b03a7e8bb90128938dafc9b908a\"},\"headline\":\"Microempreendedores de Sum\u00e9 se destacam em n\u00edvel estadual\",\"datePublished\":\"2020-09-05T22:06:18+00:00\",\"mainEntityOfPage\":{\"@id\":\"https:\/\/noticiasemdestaque.com\/cd\/?p=26697\"},\"wordCount\":1193,\"publisher\":{\"@id\":\"https:\/\/noticiasemdestaque.com\/cd\/#organization\"},\"image\":{\"@id\":\"https:\/\/noticiasemdestaque.com\/cd\/?p=26697#primaryimage\"},\"thumbnailUrl\":\"https:\/\/noticiasemdestaque.com\/cd\/wp-content\/uploads\/2017\/07\/sum\u00e9.jpg\",\"articleSection\":[\"Cidades\"],\"inLanguage\":\"pt-BR\"},{\"@type\":\"WebPage\",\"@id\":\"https:\/\/noticiasemdestaque.com\/cd\/?p=26697\",\"url\":\"https:\/\/noticiasemdestaque.com\/cd\/?p=26697\",\"name\":\"Microempreendedores de Sum\u00e9 se destacam em n\u00edvel estadual - Not&iacute;cias em Destaque\",\"isPartOf\":{\"@id\":\"https:\/\/noticiasemdestaque.com\/cd\/#website\"},\"primaryImageOfPage\":{\"@id\":\"https:\/\/noticiasemdestaque.com\/cd\/?p=26697#primaryimage\"},\"image\":{\"@id\":\"https:\/\/noticiasemdestaque.com\/cd\/?p=26697#primaryimage\"},\"thumbnailUrl\":\"https:\/\/noticiasemdestaque.com\/cd\/wp-content\/uploads\/2017\/07\/sum\u00e9.jpg\",\"datePublished\":\"2020-09-05T22:06:18+00:00\",\"breadcrumb\":{\"@id\":\"https:\/\/noticiasemdestaque.com\/cd\/?p=26697#breadcrumb\"},\"inLanguage\":\"pt-BR\",\"potentialAction\":[{\"@type\":\"ReadAction\",\"target\":[\"https:\/\/noticiasemdestaque.com\/cd\/?p=26697\"]}]},{\"@type\":\"ImageObject\",\"inLanguage\":\"pt-BR\",\"@id\":\"https:\/\/noticiasemdestaque.com\/cd\/?p=26697#primaryimage\",\"url\":\"https:\/\/noticiasemdestaque.com\/cd\/wp-content\/uploads\/2017\/07\/sum\u00e9.jpg\",\"contentUrl\":\"https:\/\/noticiasemdestaque.com\/cd\/wp-content\/uploads\/2017\/07\/sum\u00e9.jpg\",\"width\":547,\"height\":398},{\"@type\":\"BreadcrumbList\",\"@id\":\"https:\/\/noticiasemdestaque.com\/cd\/?p=26697#breadcrumb\",\"itemListElement\":[{\"@type\":\"ListItem\",\"position\":1,\"name\":\"In\u00edcio\",\"item\":\"https:\/\/noticiasemdestaque.com\/cd\/\"},{\"@type\":\"ListItem\",\"position\":2,\"name\":\"Microempreendedores de Sum\u00e9 se destacam em n\u00edvel estadual\"}]},{\"@type\":\"WebSite\",\"@id\":\"https:\/\/noticiasemdestaque.com\/cd\/#website\",\"url\":\"https:\/\/noticiasemdestaque.com\/cd\/\",\"name\":\"Not&iacute;cias em Destaque\",\"description\":\"\",\"publisher\":{\"@id\":\"https:\/\/noticiasemdestaque.com\/cd\/#organization\"},\"potentialAction\":[{\"@type\":\"SearchAction\",\"target\":{\"@type\":\"EntryPoint\",\"urlTemplate\":\"https:\/\/noticiasemdestaque.com\/cd\/?s={search_term_string}\"},\"query-input\":{\"@type\":\"PropertyValueSpecification\",\"valueRequired\":true,\"valueName\":\"search_term_string\"}}],\"inLanguage\":\"pt-BR\"},{\"@type\":\"Organization\",\"@id\":\"https:\/\/noticiasemdestaque.com\/cd\/#organization\",\"name\":\"Not\u00edcias em Destaque\",\"url\":\"https:\/\/noticiasemdestaque.com\/cd\/\",\"logo\":{\"@type\":\"ImageObject\",\"inLanguage\":\"pt-BR\",\"@id\":\"https:\/\/noticiasemdestaque.com\/cd\/#\/schema\/logo\/image\/\",\"url\":\"https:\/\/noticiasemdestaque.com\/cd\/wp-content\/uploads\/2022\/05\/imagem-base-noticiasemdestaque.png\",\"contentUrl\":\"https:\/\/noticiasemdestaque.com\/cd\/wp-content\/uploads\/2022\/05\/imagem-base-noticiasemdestaque.png\",\"width\":1200,\"height\":630,\"caption\":\"Not\u00edcias em Destaque\"},\"image\":{\"@id\":\"https:\/\/noticiasemdestaque.com\/cd\/#\/schema\/logo\/image\/\"}},{\"@type\":\"Person\",\"@id\":\"https:\/\/noticiasemdestaque.com\/cd\/#\/schema\/person\/21320b03a7e8bb90128938dafc9b908a\",\"name\":\"Not\u00edcias em Destaque\",\"url\":\"https:\/\/noticiasemdestaque.com\/cd\/?author=2\"}]}<\/script>\n<!-- \/ Yoast SEO plugin. -->","yoast_head_json":{"title":"Microempreendedores de Sum\u00e9 se destacam em n\u00edvel estadual - Not&iacute;cias em Destaque","robots":{"index":"index","follow":"follow","max-snippet":"max-snippet:-1","max-image-preview":"max-image-preview:large","max-video-preview":"max-video-preview:-1"},"canonical":"https:\/\/noticiasemdestaque.com\/cd\/?p=26697","og_locale":"pt_BR","og_type":"article","og_title":"Microempreendedores de Sum\u00e9 se destacam em n\u00edvel estadual - Not&iacute;cias em Destaque","og_description":"O Munic\u00edpio de Sum\u00e9 possui 17.031 habitantes segundo estimativas do IBGE para o ano de 2020, ocupando a posi\u00e7\u00e3o 50\u00ba entre os 223 demais munic\u00edpios do Estado da Para\u00edba, al\u00e9m disso Sum\u00e9 possui o 43\u00b0 PIB (Produto Interno Bruto) em n\u00edvel estadual. Mas, um fator econ\u00f4mico que chama muita aten\u00e7\u00e3o no Estado da Para\u00edba em rela\u00e7\u00e3o a Sum\u00e9, s\u00e3o seus 695 Microempreendedores Individuais (MEI) ativos at\u00e9 a data desta publica\u00e7\u00e3o, que colocam o munic\u00edpio na 30\u00b0 posi\u00e7\u00e3o entre os 223 munic\u00edpios da Para\u00edba, estes empreendedores est\u00e3o distribu\u00eddos em mais de 147 atividades econ\u00f4micas. Estes 695 MEI\u2019s correspondem a 6 % da Popula\u00e7\u00e3o Econ\u00f4micamente Ativa (PEA) de Sum\u00e9, de acordo com com dados coletados pelo Censo demogr\u00e1fico do IBGE em 2010, a PEA do munic\u00edpio corresponde a aproximadamente 66 % da popula\u00e7\u00e3o total. De acordo com o SEBRAE, o Microempreendedor Individual (MEI) \u00e9 a pessoa que trabalha por conta pr\u00f3pria e que se legaliza como pequeno empres\u00e1rio, podendo se enquadrar em uma ou mais atividades no \u00fanico CNPJ e ter somente um empregado. A Lei Complementar n\u00ba 128, de 19\/12\/2008, criou condi\u00e7\u00f5es especiais para que o trabalhador conhecido como informal possa se tornar um MEI legalizado. Essa Lei estabelece percentual de contribui\u00e7\u00e3o mensal para a Previd\u00eancia Social e valores direcionados para o tributo municipal e estatual, mediante os quais, o Microempreendedor Individual tem acesso a benef\u00edcios como aux\u00edlio maternidade, aux\u00edlio doen\u00e7a, aposentadoria, entre outros. As atividades econ\u00f4micas com mais\u00a0 MEI\u2019s em Sum\u00e9 s\u00e3o: Com\u00e9rcio varejista de artigos do vestu\u00e1rio e acess\u00f3rios; Com\u00e9rcio varejista de mercadorias em geral, minimercados, mercearias e armaz\u00e9ns; Sal\u00e3o de beleza, barbearia e tratamento capilar. As atividades econ\u00f4micas dos Microemprendedores Individuais de Sum\u00e9 est\u00e3o descritas na tabela abaixo. TOTAL Atividades Econ\u00f4micas dos Microempreendedores de Sum\u00e9-PB ativos at\u00e9 05\/09\/2020. 64 Com\u00e9rcio varejista de artigos do vestu\u00e1rio e acess\u00f3rios 49 Com\u00e9rcio varejista de mercadorias em geral, minimercados, mercearias e armaz\u00e9ns 33 Sal\u00e3o de beleza, barbearia e tratamento capilar. 28 Comercio de colclh\u00f5es e artigos de colchoaria e comercios varejista. 21 Lanchonetes, casas de ch\u00e1, de sucos e similares 17 Moto taxi, taxi, transporte de passageiros 16 Restaurantes e similares 14 Organiza\u00e7\u00e3o de eventos 14 Com\u00e9rcio varejista de materiais de constru\u00e7\u00e3o em geral 13 Venda e Distribuicao de bebidas sem entreterimento 13 Servi\u00e7os para constru\u00e7\u00e3o civil 12 Comercio varejista de cosmeticos e higiene pessoal 12 Comercio Varejista de Hortifrutigranjeiros 12 Com\u00e9rcio a varejo de pe\u00e7as e acess\u00f3rios novos para ve\u00edculos automotores 11 Fornecimento de alimentos preparados preponderantemente para consumo domiciliar 10 Promo\u00e7\u00e3o de vendas 10 Servi\u00e7os ambulantes de alimenta\u00e7\u00e3o 9 Comercio varejista de artigos de cama, mesa e banho 9 Padaria e confeitaria com predomin\u00e2ncia de revenda 9 Instala\u00e7\u00e3o e manuten\u00e7\u00e3o el\u00e9trica 8 Com\u00e9rcio Varejista de acessorios em geral. artigos religiosos e de culto, artigos er\u00f3ticos (sex shop), artigos funer\u00e1rios, artigos para festas, plantas, flores e frutos artificiais para ornamenta\u00e7\u00e3o, 8 Com\u00e9rcio varejista de bebidas \u2013 distribui\u00e7\u00e3o de bebidas 7 Com\u00e9rcio varejista de carnes &#8211; a\u00e7ougues 7 Servi\u00e7os de borracharia para ve\u00edculos automotores 7 Servi\u00e7os de manuten\u00e7\u00e3o e repara\u00e7\u00e3o mec\u00e2nica de ve\u00edculos automotores 6 Atividades de est\u00e9tica e outros servi\u00e7os de cuidados com a beleza 6 Repara\u00e7\u00e3o e manuten\u00e7\u00e3o de computadores e de equipamentos perif\u00e9ricos 6 Atividades de produ\u00e7\u00e3o de fotografias, exceto a\u00e9rea e submarina 6 Com\u00e9rcio varejista de produtos aliment\u00edcios em geral ou especializado em produtos aliment\u00edcios n\u00e3o especificados anteriormente 6 Fabrica\u00e7\u00e3o de massas aliment\u00edcias 5 Treinamento em desenvolvimento profissional e gerencial 5 \u00a0Ensino de arte e cultura n\u00e3o especificado anteriormente 5 Transporte rodovi\u00e1rio de carga, exceto produtos perigosos e mudan\u00e7as, intermunicipal, interestadual e internacional 5 Transporte rodovi\u00e1rio coletivo de passageiros, sob regime de fretamento, municipal 5 Transporte escolar 5 Com\u00e9rcio varejista de artigos de \u00f3ptica 5 Comercio varejista de artigos de armarinho 5 Com\u00e9rcio varejista especializado de equipamentos de telefonia e comunica\u00e7\u00e3o 5 Com\u00e9rcio varejista de doces, balas, bombons e semelhantes 5 Com\u00e9rcio a varejo de pe\u00e7as e acess\u00f3rios novos para motocicletas e motonetas 5 Servi\u00e7os de lanternagem ou funilaria e pintura de ve\u00edculos automotores 5 Fabrica\u00e7\u00e3o de m\u00f3veis com predomin\u00e2ncia de madeira 5 Fabrica\u00e7\u00e3o de artigos de serralheria, exceto esquadrias 5 Impress\u00e3o de material para outros usos 4 Repara\u00e7\u00e3o e manuten\u00e7\u00e3o de equipamentos eletroeletr\u00f4nicos de uso pessoal e dom\u00e9stico 4 \u00a0Com\u00e9rcio varejista de bicicletas e triciclos; pe\u00e7as e acess\u00f3rios 4 Com\u00e9rcio varejista de m\u00f3veis 4 Peixaria 4 Com\u00e9rcio varejista de latic\u00ednios e frios 4 Servi\u00e7os de pintura de edif\u00edcios em geral 3 Servi\u00e7os dom\u00e9sticos 3 Repara\u00e7\u00e3o de artigos do mobili\u00e1rio 3 Prepara\u00e7\u00e3o de documentos e servi\u00e7os especializados de apoio administrativo n\u00e3o especificados anteriormente 3 Marketing direto 3 Outras atividades de telecomunica\u00e7\u00f5es n\u00e3o especificadas anteriormente 3 Servi\u00e7os de alimenta\u00e7\u00e3o para eventos e recep\u00e7\u00f5es &#8211; buf\u00ea 3 Bares e outros estabelecimentos especializados em servir bebidas, com entretenimento 3 Com\u00e9rcio varejista de artigos de joalheria 3 Com\u00e9rcio varejista de brinquedos e artigos recreativos 3 Servi\u00e7os de lavagem, lubrifica\u00e7\u00e3o e polimento de ve\u00edculos automotores 3 Servi\u00e7os de manuten\u00e7\u00e3o e repara\u00e7\u00e3o el\u00e9trica de ve\u00edculos automotores 3 Instala\u00e7\u00e3o e manuten\u00e7\u00e3o de sistemas centrais de ar condicionado, de ventila\u00e7\u00e3o e refrigera\u00e7\u00e3o 3 Fabrica\u00e7\u00e3o de produtos diversos n\u00e3o especificados anteriormente 3 Confec\u00e7\u00e3o, sob medida, de pe\u00e7as do vestu\u00e1rio, exceto roupas \u00edntimas 2 Higiene e embelezamento de animais dom\u00e9sticos 2 Servi\u00e7os de sepultamento 2 Lavanderias 2 Repara\u00e7\u00e3o e manuten\u00e7\u00e3o de equipamentos de comunica\u00e7\u00e3o 2 Atividades de fornecimento de infraestrutura de apoio e assist\u00eancia a paciente no domic\u00edlio 2 Outras atividades de ensino n\u00e3o especificadas anteriormente 2 Atividades de cobran\u00e7as e informa\u00e7\u00f5es cadastrais 2 \u00a0Atividades paisag\u00edsticas 2 Ag\u00eancias de viagens 2 Outras atividades de publicidade n\u00e3o especificadas anteriormente 2 Edi\u00e7\u00e3o de livros 2 Cantinas &#8211; servi\u00e7os de alimenta\u00e7\u00e3o privativos 2 Servi\u00e7os de entrega r\u00e1pida 2 Transporte rodovi\u00e1rio de carga, exceto produtos perigosos e mudan\u00e7as, municipal 2 Transporte rodovi\u00e1rio coletivo de passageiros, sob regime de fretamento, intermunicipal, interestadual e internacional 2 Com\u00e9rcio varejista de suvenires, bijuterias e artesanatos 2 Com\u00e9rcio varejista de cal\u00e7ados 2 Com\u00e9rcio varejista de artigos de papelaria 2 Com\u00e9rcio varejista de material el\u00e9trico 2 Lojas de variedades, exceto lojas de departamentos ou magazines 2 Fabrica\u00e7\u00e3o de bijuterias e artefatos semelhantes 2 Fabrica\u00e7\u00e3o de esquadrias de","og_url":"https:\/\/noticiasemdestaque.com\/cd\/?p=26697","og_site_name":"Not&iacute;cias em Destaque","article_published_time":"2020-09-05T22:06:18+00:00","og_image":[{"width":547,"height":398,"url":"https:\/\/noticiasemdestaque.com\/cd\/wp-content\/uploads\/2017\/07\/sum\u00e9.jpg","type":"image\/jpeg"}],"author":"Not\u00edcias em Destaque","twitter_card":"summary_large_image","twitter_misc":{"Escrito por":"Not\u00edcias em Destaque","Est. tempo de leitura":"6 minutos"},"schema":{"@context":"https:\/\/schema.org","@graph":[{"@type":"Article","@id":"https:\/\/noticiasemdestaque.com\/cd\/?p=26697#article","isPartOf":{"@id":"https:\/\/noticiasemdestaque.com\/cd\/?p=26697"},"author":{"name":"Not\u00edcias em Destaque","@id":"https:\/\/noticiasemdestaque.com\/cd\/#\/schema\/person\/21320b03a7e8bb90128938dafc9b908a"},"headline":"Microempreendedores de Sum\u00e9 se destacam em n\u00edvel estadual","datePublished":"2020-09-05T22:06:18+00:00","mainEntityOfPage":{"@id":"https:\/\/noticiasemdestaque.com\/cd\/?p=26697"},"wordCount":1193,"publisher":{"@id":"https:\/\/noticiasemdestaque.com\/cd\/#organization"},"image":{"@id":"https:\/\/noticiasemdestaque.com\/cd\/?p=26697#primaryimage"},"thumbnailUrl":"https:\/\/noticiasemdestaque.com\/cd\/wp-content\/uploads\/2017\/07\/sum\u00e9.jpg","articleSection":["Cidades"],"inLanguage":"pt-BR"},{"@type":"WebPage","@id":"https:\/\/noticiasemdestaque.com\/cd\/?p=26697","url":"https:\/\/noticiasemdestaque.com\/cd\/?p=26697","name":"Microempreendedores de Sum\u00e9 se destacam em n\u00edvel estadual - Not&iacute;cias em Destaque","isPartOf":{"@id":"https:\/\/noticiasemdestaque.com\/cd\/#website"},"primaryImageOfPage":{"@id":"https:\/\/noticiasemdestaque.com\/cd\/?p=26697#primaryimage"},"image":{"@id":"https:\/\/noticiasemdestaque.com\/cd\/?p=26697#primaryimage"},"thumbnailUrl":"https:\/\/noticiasemdestaque.com\/cd\/wp-content\/uploads\/2017\/07\/sum\u00e9.jpg","datePublished":"2020-09-05T22:06:18+00:00","breadcrumb":{"@id":"https:\/\/noticiasemdestaque.com\/cd\/?p=26697#breadcrumb"},"inLanguage":"pt-BR","potentialAction":[{"@type":"ReadAction","target":["https:\/\/noticiasemdestaque.com\/cd\/?p=26697"]}]},{"@type":"ImageObject","inLanguage":"pt-BR","@id":"https:\/\/noticiasemdestaque.com\/cd\/?p=26697#primaryimage","url":"https:\/\/noticiasemdestaque.com\/cd\/wp-content\/uploads\/2017\/07\/sum\u00e9.jpg","contentUrl":"https:\/\/noticiasemdestaque.com\/cd\/wp-content\/uploads\/2017\/07\/sum\u00e9.jpg","width":547,"height":398},{"@type":"BreadcrumbList","@id":"https:\/\/noticiasemdestaque.com\/cd\/?p=26697#breadcrumb","itemListElement":[{"@type":"ListItem","position":1,"name":"In\u00edcio","item":"https:\/\/noticiasemdestaque.com\/cd\/"},{"@type":"ListItem","position":2,"name":"Microempreendedores de Sum\u00e9 se destacam em n\u00edvel estadual"}]},{"@type":"WebSite","@id":"https:\/\/noticiasemdestaque.com\/cd\/#website","url":"https:\/\/noticiasemdestaque.com\/cd\/","name":"Not&iacute;cias em Destaque","description":"","publisher":{"@id":"https:\/\/noticiasemdestaque.com\/cd\/#organization"},"potentialAction":[{"@type":"SearchAction","target":{"@type":"EntryPoint","urlTemplate":"https:\/\/noticiasemdestaque.com\/cd\/?s={search_term_string}"},"query-input":{"@type":"PropertyValueSpecification","valueRequired":true,"valueName":"search_term_string"}}],"inLanguage":"pt-BR"},{"@type":"Organization","@id":"https:\/\/noticiasemdestaque.com\/cd\/#organization","name":"Not\u00edcias em Destaque","url":"https:\/\/noticiasemdestaque.com\/cd\/","logo":{"@type":"ImageObject","inLanguage":"pt-BR","@id":"https:\/\/noticiasemdestaque.com\/cd\/#\/schema\/logo\/image\/","url":"https:\/\/noticiasemdestaque.com\/cd\/wp-content\/uploads\/2022\/05\/imagem-base-noticiasemdestaque.png","contentUrl":"https:\/\/noticiasemdestaque.com\/cd\/wp-content\/uploads\/2022\/05\/imagem-base-noticiasemdestaque.png","width":1200,"height":630,"caption":"Not\u00edcias em Destaque"},"image":{"@id":"https:\/\/noticiasemdestaque.com\/cd\/#\/schema\/logo\/image\/"}},{"@type":"Person","@id":"https:\/\/noticiasemdestaque.com\/cd\/#\/schema\/person\/21320b03a7e8bb90128938dafc9b908a","name":"Not\u00edcias em Destaque","url":"https:\/\/noticiasemdestaque.com\/cd\/?author=2"}]}},"jetpack_featured_media_url":"https:\/\/noticiasemdestaque.com\/cd\/wp-content\/uploads\/2017\/07\/sum\u00e9.jpg","jetpack_sharing_enabled":true,"_links":{"self":[{"href":"https:\/\/noticiasemdestaque.com\/cd\/index.php?rest_route=\/wp\/v2\/posts\/26697","targetHints":{"allow":["GET"]}}],"collection":[{"href":"https:\/\/noticiasemdestaque.com\/cd\/index.php?rest_route=\/wp\/v2\/posts"}],"about":[{"href":"https:\/\/noticiasemdestaque.com\/cd\/index.php?rest_route=\/wp\/v2\/types\/post"}],"author":[{"embeddable":true,"href":"https:\/\/noticiasemdestaque.com\/cd\/index.php?rest_route=\/wp\/v2\/users\/2"}],"replies":[{"embeddable":true,"href":"https:\/\/noticiasemdestaque.com\/cd\/index.php?rest_route=%2Fwp%2Fv2%2Fcomments&post=26697"}],"version-history":[{"count":1,"href":"https:\/\/noticiasemdestaque.com\/cd\/index.php?rest_route=\/wp\/v2\/posts\/26697\/revisions"}],"predecessor-version":[{"id":26698,"href":"https:\/\/noticiasemdestaque.com\/cd\/index.php?rest_route=\/wp\/v2\/posts\/26697\/revisions\/26698"}],"wp:featuredmedia":[{"embeddable":true,"href":"https:\/\/noticiasemdestaque.com\/cd\/index.php?rest_route=\/wp\/v2\/media\/2029"}],"wp:attachment":[{"href":"https:\/\/noticiasemdestaque.com\/cd\/index.php?rest_route=%2Fwp%2Fv2%2Fmedia&parent=26697"}],"wp:term":[{"taxonomy":"category","embeddable":true,"href":"https:\/\/noticiasemdestaque.com\/cd\/index.php?rest_route=%2Fwp%2Fv2%2Fcategories&post=26697"},{"taxonomy":"post_tag","embeddable":true,"href":"https:\/\/noticiasemdestaque.com\/cd\/index.php?rest_route=%2Fwp%2Fv2%2Ftags&post=26697"}],"curies":[{"name":"wp","href":"https:\/\/api.w.org\/{rel}","templated":true}]}}