{"id":26672,"date":"2020-09-03T11:47:20","date_gmt":"2020-09-03T14:47:20","guid":{"rendered":"http:\/\/noticiasemdestaque.com\/cd\/?p=26672"},"modified":"2020-09-03T11:47:20","modified_gmt":"2020-09-03T14:47:20","slug":"tce-divulga-lista-de-ficha-suja-e-ex-gestores-caririzeiros-poderao-ter-problemas-para-a-disputa-eleitoral","status":"publish","type":"post","link":"https:\/\/noticiasemdestaque.com\/cd\/?p=26672","title":{"rendered":"TCE divulga lista de \u2018ficha suja\u2019 e ex-gestores caririzeiros poder\u00e3o ter problemas para a disputa eleitoral"},"content":{"rendered":"<p><a href=\"https:\/\/noticiasemdestaque.com\/cd\/wp-content\/uploads\/2020\/04\/PAG-2-elei\u00e7\u00f5es-2020.png\"><img fetchpriority=\"high\" decoding=\"async\" class=\"size-full wp-image-24401 aligncenter\" src=\"https:\/\/noticiasemdestaque.com\/cd\/wp-content\/uploads\/2020\/04\/PAG-2-elei\u00e7\u00f5es-2020.png\" alt=\"\" width=\"683\" height=\"464\" srcset=\"https:\/\/noticiasemdestaque.com\/cd\/wp-content\/uploads\/2020\/04\/PAG-2-elei\u00e7\u00f5es-2020.png 683w, https:\/\/noticiasemdestaque.com\/cd\/wp-content\/uploads\/2020\/04\/PAG-2-elei\u00e7\u00f5es-2020-300x204.png 300w\" sizes=\"(max-width: 683px) 100vw, 683px\" \/><\/a><\/p>\n<p>J\u00e1 est\u00e1 dispon\u00edvel no portal do Tribunal de Contas da Para\u00edba a rela\u00e7\u00e3o dos gestores p\u00fablicos no Estado com contas reprovadas e com pareceres contr\u00e1rios \u00e0 aprova\u00e7\u00e3o. Essa rela\u00e7\u00e3o \u00e9 referente \u00e0s contas de 2012 a 2020.<\/p>\n<p>CLIQUE AQUI E VEJA LISTA COM TODOS OS NOMES DOS QUE T\u00caM CONTAS REPROVADAS NO TCE<\/p>\n<p>A lista \u00e9 liberada pela Corte de Contas durante o per\u00edodo eleitoral e \u00e9 uma refer\u00eancia para o Minist\u00e9rio P\u00fablico Eleitoral nos pedidos de cassa\u00e7\u00e3o do registro de candidatura, caso ache v\u00e1lido. Essa lista ainda pode sofrer altera\u00e7\u00f5es.<\/p>\n<p>Os Tribunais de Contas t\u00eam at\u00e9 o dia 26 deste m\u00eas, excepcionalmente nas elei\u00e7\u00f5es de 2020, o prazo para envio da rela\u00e7\u00e3o dos gestores que tiveram contas julgadas irregulares. Essa lista \u00e9 divulgada permanentemente no Portal e atualizada mensalmente.<\/p>\n<p>Na regi\u00e3o do Cariri, diversos ex-gestores foram listados com o julgamento das contas irregulares. Confira os nomes:<\/p>\n<p>Bevilacqua Matias Maracaj\u00e1 \u2013 Prefeitura de Juazeirinho<\/p>\n<p>Joselito Cavalcanti da Costa \u2013 C\u00e2mara de Juazeirinho<\/p>\n<p>C\u00edcero Valdeci \u2013 C\u00e2mara de S\u00e3o Sebasti\u00e3o do Umbuzeiro<\/p>\n<p>Eduardo Jorge Lima de Ara\u00fajo \u2013 Prefeitura de S\u00e3o Jo\u00e3o do Tigre<\/p>\n<p>Eduardo Jos\u00e9 Torre\u00e3o Mota \u2013 Prefeitura de Serra Branca<\/p>\n<p>Fenelon Medeiros Filho \u2013 Prefeitura de Santo Andr\u00e9<\/p>\n<p>In\u00e1cio Amaro dos Santos Filho \u2013 Prefeitura de Ouro Velho<\/p>\n<p>Jarbas Correia Bezerra \u2013 Prefeitura de Livramento<\/p>\n<p>Jo\u00e3o Luis de Lacerda J\u00fanior \u2013 Prefeitura de Amparo<\/p>\n<p>Jos\u00e9 Ademar de Farias \u2013 Prefeitura de Alcantil<\/p>\n<p>Jos\u00e9 Ivanildo Barros Gouveia \u2013 Prefeitura de Soledade<\/p>\n<p>Jos\u00e9 Martinho C\u00e2ndido de Castro \u2013 Prefeitura de Gurj\u00e3o<\/p>\n<p>Jos\u00e9 Roberto de Lima \u2013 Prefeitura de Riacho de Santo Ant\u00f4nio<\/p>\n<p>Maria das Dores Ferreira \u2013 C\u00e2mara de Caturit\u00e9<\/p>\n<p><em><strong>Not\u00edcias em Destaque<\/strong><\/em><\/p>\n<p>Com Sony Lacerda<\/p>\n","protected":false},"excerpt":{"rendered":"<p>J\u00e1 est\u00e1 dispon\u00edvel no portal do Tribunal de Contas da Para\u00edba a rela\u00e7\u00e3o dos gestores p\u00fablicos no Estado com contas reprovadas e com pareceres contr\u00e1rios \u00e0 aprova\u00e7\u00e3o. Essa rela\u00e7\u00e3o \u00e9 referente \u00e0s contas de 2012 a 2020. CLIQUE AQUI E VEJA LISTA COM TODOS OS NOMES DOS QUE T\u00caM CONTAS REPROVADAS NO TCE A lista \u00e9 liberada pela Corte de Contas durante o per\u00edodo eleitoral e \u00e9 uma refer\u00eancia para o Minist\u00e9rio P\u00fablico Eleitoral nos pedidos de cassa\u00e7\u00e3o do registro de candidatura, caso ache v\u00e1lido. Essa lista ainda pode sofrer altera\u00e7\u00f5es. Os Tribunais de Contas t\u00eam at\u00e9 o dia 26 deste m\u00eas, excepcionalmente nas elei\u00e7\u00f5es de 2020, o prazo para envio da rela\u00e7\u00e3o dos gestores que tiveram contas julgadas irregulares. Essa lista \u00e9 divulgada permanentemente no Portal e atualizada mensalmente. Na regi\u00e3o do Cariri, diversos ex-gestores foram listados com o julgamento das contas irregulares. Confira os nomes: Bevilacqua Matias Maracaj\u00e1 \u2013 Prefeitura de Juazeirinho Joselito Cavalcanti da Costa \u2013 C\u00e2mara de Juazeirinho C\u00edcero Valdeci \u2013 C\u00e2mara de S\u00e3o Sebasti\u00e3o do Umbuzeiro Eduardo Jorge Lima de Ara\u00fajo \u2013 Prefeitura de S\u00e3o Jo\u00e3o do Tigre Eduardo Jos\u00e9 Torre\u00e3o Mota \u2013 Prefeitura de Serra Branca Fenelon Medeiros Filho \u2013 Prefeitura de Santo Andr\u00e9 In\u00e1cio Amaro dos Santos Filho \u2013 Prefeitura de Ouro Velho Jarbas Correia Bezerra \u2013 Prefeitura de Livramento Jo\u00e3o Luis de Lacerda J\u00fanior \u2013 Prefeitura de Amparo Jos\u00e9 Ademar de Farias \u2013 Prefeitura de Alcantil Jos\u00e9 Ivanildo Barros Gouveia \u2013 Prefeitura de Soledade Jos\u00e9 Martinho C\u00e2ndido de Castro \u2013 Prefeitura de Gurj\u00e3o Jos\u00e9 Roberto de Lima \u2013 Prefeitura de Riacho de Santo Ant\u00f4nio Maria das Dores Ferreira \u2013 C\u00e2mara de Caturit\u00e9 Not\u00edcias em Destaque Com Sony Lacerda<\/p>\n","protected":false},"author":2,"featured_media":24401,"comment_status":"closed","ping_status":"open","sticky":false,"template":"","format":"standard","meta":{"_eb_attr":"","_jetpack_memberships_contains_paid_content":false,"footnotes":""},"categories":[4],"tags":[],"class_list":["post-26672","post","type-post","status-publish","format-standard","has-post-thumbnail","hentry","category-politica"],"yoast_head":"<!-- This site is optimized with the Yoast SEO plugin v26.5 - https:\/\/yoast.com\/wordpress\/plugins\/seo\/ -->\n<title>TCE divulga lista de \u2018ficha suja\u2019 e ex-gestores caririzeiros poder\u00e3o ter problemas para a disputa eleitoral - Not&iacute;cias em Destaque<\/title>\n<meta name=\"robots\" content=\"index, follow, max-snippet:-1, max-image-preview:large, max-video-preview:-1\" \/>\n<link rel=\"canonical\" href=\"https:\/\/noticiasemdestaque.com\/cd\/?p=26672\" \/>\n<meta property=\"og:locale\" content=\"pt_BR\" \/>\n<meta property=\"og:type\" content=\"article\" \/>\n<meta property=\"og:title\" content=\"TCE divulga lista de \u2018ficha suja\u2019 e ex-gestores caririzeiros poder\u00e3o ter problemas para a disputa eleitoral - Not&iacute;cias em Destaque\" \/>\n<meta property=\"og:description\" content=\"J\u00e1 est\u00e1 dispon\u00edvel no portal do Tribunal de Contas da Para\u00edba a rela\u00e7\u00e3o dos gestores p\u00fablicos no Estado com contas reprovadas e com pareceres contr\u00e1rios \u00e0 aprova\u00e7\u00e3o. Essa rela\u00e7\u00e3o \u00e9 referente \u00e0s contas de 2012 a 2020. CLIQUE AQUI E VEJA LISTA COM TODOS OS NOMES DOS QUE T\u00caM CONTAS REPROVADAS NO TCE A lista \u00e9 liberada pela Corte de Contas durante o per\u00edodo eleitoral e \u00e9 uma refer\u00eancia para o Minist\u00e9rio P\u00fablico Eleitoral nos pedidos de cassa\u00e7\u00e3o do registro de candidatura, caso ache v\u00e1lido. Essa lista ainda pode sofrer altera\u00e7\u00f5es. Os Tribunais de Contas t\u00eam at\u00e9 o dia 26 deste m\u00eas, excepcionalmente nas elei\u00e7\u00f5es de 2020, o prazo para envio da rela\u00e7\u00e3o dos gestores que tiveram contas julgadas irregulares. Essa lista \u00e9 divulgada permanentemente no Portal e atualizada mensalmente. Na regi\u00e3o do Cariri, diversos ex-gestores foram listados com o julgamento das contas irregulares. Confira os nomes: Bevilacqua Matias Maracaj\u00e1 \u2013 Prefeitura de Juazeirinho Joselito Cavalcanti da Costa \u2013 C\u00e2mara de Juazeirinho C\u00edcero Valdeci \u2013 C\u00e2mara de S\u00e3o Sebasti\u00e3o do Umbuzeiro Eduardo Jorge Lima de Ara\u00fajo \u2013 Prefeitura de S\u00e3o Jo\u00e3o do Tigre Eduardo Jos\u00e9 Torre\u00e3o Mota \u2013 Prefeitura de Serra Branca Fenelon Medeiros Filho \u2013 Prefeitura de Santo Andr\u00e9 In\u00e1cio Amaro dos Santos Filho \u2013 Prefeitura de Ouro Velho Jarbas Correia Bezerra \u2013 Prefeitura de Livramento Jo\u00e3o Luis de Lacerda J\u00fanior \u2013 Prefeitura de Amparo Jos\u00e9 Ademar de Farias \u2013 Prefeitura de Alcantil Jos\u00e9 Ivanildo Barros Gouveia \u2013 Prefeitura de Soledade Jos\u00e9 Martinho C\u00e2ndido de Castro \u2013 Prefeitura de Gurj\u00e3o Jos\u00e9 Roberto de Lima \u2013 Prefeitura de Riacho de Santo Ant\u00f4nio Maria das Dores Ferreira \u2013 C\u00e2mara de Caturit\u00e9 Not\u00edcias em Destaque Com Sony Lacerda\" \/>\n<meta property=\"og:url\" content=\"https:\/\/noticiasemdestaque.com\/cd\/?p=26672\" \/>\n<meta property=\"og:site_name\" content=\"Not&iacute;cias em Destaque\" \/>\n<meta property=\"article:published_time\" content=\"2020-09-03T14:47:20+00:00\" \/>\n<meta property=\"og:image\" content=\"https:\/\/noticiasemdestaque.com\/cd\/wp-content\/uploads\/2020\/04\/PAG-2-elei\u00e7\u00f5es-2020.png\" \/>\n\t<meta property=\"og:image:width\" content=\"683\" \/>\n\t<meta property=\"og:image:height\" content=\"464\" \/>\n\t<meta property=\"og:image:type\" content=\"image\/png\" \/>\n<meta name=\"author\" content=\"Not\u00edcias em Destaque\" \/>\n<meta name=\"twitter:card\" content=\"summary_large_image\" \/>\n<meta name=\"twitter:label1\" content=\"Escrito por\" \/>\n\t<meta name=\"twitter:data1\" content=\"Not\u00edcias em Destaque\" \/>\n\t<meta name=\"twitter:label2\" content=\"Est. tempo de leitura\" \/>\n\t<meta name=\"twitter:data2\" content=\"1 minuto\" \/>\n<script type=\"application\/ld+json\" class=\"yoast-schema-graph\">{\"@context\":\"https:\/\/schema.org\",\"@graph\":[{\"@type\":\"Article\",\"@id\":\"https:\/\/noticiasemdestaque.com\/cd\/?p=26672#article\",\"isPartOf\":{\"@id\":\"https:\/\/noticiasemdestaque.com\/cd\/?p=26672\"},\"author\":{\"name\":\"Not\u00edcias em Destaque\",\"@id\":\"https:\/\/noticiasemdestaque.com\/cd\/#\/schema\/person\/4a81fb71f77579d059c3045891fa1786\"},\"headline\":\"TCE divulga lista de \u2018ficha suja\u2019 e ex-gestores caririzeiros poder\u00e3o ter problemas para a disputa eleitoral\",\"datePublished\":\"2020-09-03T14:47:20+00:00\",\"mainEntityOfPage\":{\"@id\":\"https:\/\/noticiasemdestaque.com\/cd\/?p=26672\"},\"wordCount\":307,\"publisher\":{\"@id\":\"https:\/\/noticiasemdestaque.com\/cd\/#organization\"},\"image\":{\"@id\":\"https:\/\/noticiasemdestaque.com\/cd\/?p=26672#primaryimage\"},\"thumbnailUrl\":\"https:\/\/noticiasemdestaque.com\/cd\/wp-content\/uploads\/2020\/04\/PAG-2-elei\u00e7\u00f5es-2020.png\",\"articleSection\":[\"Pol\u00edtica\"],\"inLanguage\":\"pt-BR\"},{\"@type\":\"WebPage\",\"@id\":\"https:\/\/noticiasemdestaque.com\/cd\/?p=26672\",\"url\":\"https:\/\/noticiasemdestaque.com\/cd\/?p=26672\",\"name\":\"TCE divulga lista de \u2018ficha suja\u2019 e ex-gestores caririzeiros poder\u00e3o ter problemas para a disputa eleitoral - Not&iacute;cias em Destaque\",\"isPartOf\":{\"@id\":\"https:\/\/noticiasemdestaque.com\/cd\/#website\"},\"primaryImageOfPage\":{\"@id\":\"https:\/\/noticiasemdestaque.com\/cd\/?p=26672#primaryimage\"},\"image\":{\"@id\":\"https:\/\/noticiasemdestaque.com\/cd\/?p=26672#primaryimage\"},\"thumbnailUrl\":\"https:\/\/noticiasemdestaque.com\/cd\/wp-content\/uploads\/2020\/04\/PAG-2-elei\u00e7\u00f5es-2020.png\",\"datePublished\":\"2020-09-03T14:47:20+00:00\",\"breadcrumb\":{\"@id\":\"https:\/\/noticiasemdestaque.com\/cd\/?p=26672#breadcrumb\"},\"inLanguage\":\"pt-BR\",\"potentialAction\":[{\"@type\":\"ReadAction\",\"target\":[\"https:\/\/noticiasemdestaque.com\/cd\/?p=26672\"]}]},{\"@type\":\"ImageObject\",\"inLanguage\":\"pt-BR\",\"@id\":\"https:\/\/noticiasemdestaque.com\/cd\/?p=26672#primaryimage\",\"url\":\"https:\/\/noticiasemdestaque.com\/cd\/wp-content\/uploads\/2020\/04\/PAG-2-elei\u00e7\u00f5es-2020.png\",\"contentUrl\":\"https:\/\/noticiasemdestaque.com\/cd\/wp-content\/uploads\/2020\/04\/PAG-2-elei\u00e7\u00f5es-2020.png\",\"width\":683,\"height\":464},{\"@type\":\"BreadcrumbList\",\"@id\":\"https:\/\/noticiasemdestaque.com\/cd\/?p=26672#breadcrumb\",\"itemListElement\":[{\"@type\":\"ListItem\",\"position\":1,\"name\":\"In\u00edcio\",\"item\":\"https:\/\/noticiasemdestaque.com\/cd\/\"},{\"@type\":\"ListItem\",\"position\":2,\"name\":\"TCE divulga lista de \u2018ficha suja\u2019 e ex-gestores caririzeiros poder\u00e3o ter problemas para a disputa eleitoral\"}]},{\"@type\":\"WebSite\",\"@id\":\"https:\/\/noticiasemdestaque.com\/cd\/#website\",\"url\":\"https:\/\/noticiasemdestaque.com\/cd\/\",\"name\":\"Not&iacute;cias em Destaque\",\"description\":\"\",\"publisher\":{\"@id\":\"https:\/\/noticiasemdestaque.com\/cd\/#organization\"},\"potentialAction\":[{\"@type\":\"SearchAction\",\"target\":{\"@type\":\"EntryPoint\",\"urlTemplate\":\"https:\/\/noticiasemdestaque.com\/cd\/?s={search_term_string}\"},\"query-input\":{\"@type\":\"PropertyValueSpecification\",\"valueRequired\":true,\"valueName\":\"search_term_string\"}}],\"inLanguage\":\"pt-BR\"},{\"@type\":\"Organization\",\"@id\":\"https:\/\/noticiasemdestaque.com\/cd\/#organization\",\"name\":\"Not\u00edcias em Destaque\",\"url\":\"https:\/\/noticiasemdestaque.com\/cd\/\",\"logo\":{\"@type\":\"ImageObject\",\"inLanguage\":\"pt-BR\",\"@id\":\"https:\/\/noticiasemdestaque.com\/cd\/#\/schema\/logo\/image\/\",\"url\":\"https:\/\/noticiasemdestaque.com\/cd\/wp-content\/uploads\/2022\/05\/imagem-base-noticiasemdestaque.png\",\"contentUrl\":\"https:\/\/noticiasemdestaque.com\/cd\/wp-content\/uploads\/2022\/05\/imagem-base-noticiasemdestaque.png\",\"width\":1200,\"height\":630,\"caption\":\"Not\u00edcias em Destaque\"},\"image\":{\"@id\":\"https:\/\/noticiasemdestaque.com\/cd\/#\/schema\/logo\/image\/\"}},{\"@type\":\"Person\",\"@id\":\"https:\/\/noticiasemdestaque.com\/cd\/#\/schema\/person\/4a81fb71f77579d059c3045891fa1786\",\"name\":\"Not\u00edcias em Destaque\",\"url\":\"https:\/\/noticiasemdestaque.com\/cd\/?author=2\"}]}<\/script>\n<!-- \/ Yoast SEO plugin. -->","yoast_head_json":{"title":"TCE divulga lista de \u2018ficha suja\u2019 e ex-gestores caririzeiros poder\u00e3o ter problemas para a disputa eleitoral - Not&iacute;cias em Destaque","robots":{"index":"index","follow":"follow","max-snippet":"max-snippet:-1","max-image-preview":"max-image-preview:large","max-video-preview":"max-video-preview:-1"},"canonical":"https:\/\/noticiasemdestaque.com\/cd\/?p=26672","og_locale":"pt_BR","og_type":"article","og_title":"TCE divulga lista de \u2018ficha suja\u2019 e ex-gestores caririzeiros poder\u00e3o ter problemas para a disputa eleitoral - Not&iacute;cias em Destaque","og_description":"J\u00e1 est\u00e1 dispon\u00edvel no portal do Tribunal de Contas da Para\u00edba a rela\u00e7\u00e3o dos gestores p\u00fablicos no Estado com contas reprovadas e com pareceres contr\u00e1rios \u00e0 aprova\u00e7\u00e3o. Essa rela\u00e7\u00e3o \u00e9 referente \u00e0s contas de 2012 a 2020. CLIQUE AQUI E VEJA LISTA COM TODOS OS NOMES DOS QUE T\u00caM CONTAS REPROVADAS NO TCE A lista \u00e9 liberada pela Corte de Contas durante o per\u00edodo eleitoral e \u00e9 uma refer\u00eancia para o Minist\u00e9rio P\u00fablico Eleitoral nos pedidos de cassa\u00e7\u00e3o do registro de candidatura, caso ache v\u00e1lido. Essa lista ainda pode sofrer altera\u00e7\u00f5es. Os Tribunais de Contas t\u00eam at\u00e9 o dia 26 deste m\u00eas, excepcionalmente nas elei\u00e7\u00f5es de 2020, o prazo para envio da rela\u00e7\u00e3o dos gestores que tiveram contas julgadas irregulares. Essa lista \u00e9 divulgada permanentemente no Portal e atualizada mensalmente. Na regi\u00e3o do Cariri, diversos ex-gestores foram listados com o julgamento das contas irregulares. Confira os nomes: Bevilacqua Matias Maracaj\u00e1 \u2013 Prefeitura de Juazeirinho Joselito Cavalcanti da Costa \u2013 C\u00e2mara de Juazeirinho C\u00edcero Valdeci \u2013 C\u00e2mara de S\u00e3o Sebasti\u00e3o do Umbuzeiro Eduardo Jorge Lima de Ara\u00fajo \u2013 Prefeitura de S\u00e3o Jo\u00e3o do Tigre Eduardo Jos\u00e9 Torre\u00e3o Mota \u2013 Prefeitura de Serra Branca Fenelon Medeiros Filho \u2013 Prefeitura de Santo Andr\u00e9 In\u00e1cio Amaro dos Santos Filho \u2013 Prefeitura de Ouro Velho Jarbas Correia Bezerra \u2013 Prefeitura de Livramento Jo\u00e3o Luis de Lacerda J\u00fanior \u2013 Prefeitura de Amparo Jos\u00e9 Ademar de Farias \u2013 Prefeitura de Alcantil Jos\u00e9 Ivanildo Barros Gouveia \u2013 Prefeitura de Soledade Jos\u00e9 Martinho C\u00e2ndido de Castro \u2013 Prefeitura de Gurj\u00e3o Jos\u00e9 Roberto de Lima \u2013 Prefeitura de Riacho de Santo Ant\u00f4nio Maria das Dores Ferreira \u2013 C\u00e2mara de Caturit\u00e9 Not\u00edcias em Destaque Com Sony Lacerda","og_url":"https:\/\/noticiasemdestaque.com\/cd\/?p=26672","og_site_name":"Not&iacute;cias em Destaque","article_published_time":"2020-09-03T14:47:20+00:00","og_image":[{"width":683,"height":464,"url":"https:\/\/noticiasemdestaque.com\/cd\/wp-content\/uploads\/2020\/04\/PAG-2-elei\u00e7\u00f5es-2020.png","type":"image\/png"}],"author":"Not\u00edcias em Destaque","twitter_card":"summary_large_image","twitter_misc":{"Escrito por":"Not\u00edcias em Destaque","Est. tempo de leitura":"1 minuto"},"schema":{"@context":"https:\/\/schema.org","@graph":[{"@type":"Article","@id":"https:\/\/noticiasemdestaque.com\/cd\/?p=26672#article","isPartOf":{"@id":"https:\/\/noticiasemdestaque.com\/cd\/?p=26672"},"author":{"name":"Not\u00edcias em Destaque","@id":"https:\/\/noticiasemdestaque.com\/cd\/#\/schema\/person\/4a81fb71f77579d059c3045891fa1786"},"headline":"TCE divulga lista de \u2018ficha suja\u2019 e ex-gestores caririzeiros poder\u00e3o ter problemas para a disputa eleitoral","datePublished":"2020-09-03T14:47:20+00:00","mainEntityOfPage":{"@id":"https:\/\/noticiasemdestaque.com\/cd\/?p=26672"},"wordCount":307,"publisher":{"@id":"https:\/\/noticiasemdestaque.com\/cd\/#organization"},"image":{"@id":"https:\/\/noticiasemdestaque.com\/cd\/?p=26672#primaryimage"},"thumbnailUrl":"https:\/\/noticiasemdestaque.com\/cd\/wp-content\/uploads\/2020\/04\/PAG-2-elei\u00e7\u00f5es-2020.png","articleSection":["Pol\u00edtica"],"inLanguage":"pt-BR"},{"@type":"WebPage","@id":"https:\/\/noticiasemdestaque.com\/cd\/?p=26672","url":"https:\/\/noticiasemdestaque.com\/cd\/?p=26672","name":"TCE divulga lista de \u2018ficha suja\u2019 e ex-gestores caririzeiros poder\u00e3o ter problemas para a disputa eleitoral - Not&iacute;cias em Destaque","isPartOf":{"@id":"https:\/\/noticiasemdestaque.com\/cd\/#website"},"primaryImageOfPage":{"@id":"https:\/\/noticiasemdestaque.com\/cd\/?p=26672#primaryimage"},"image":{"@id":"https:\/\/noticiasemdestaque.com\/cd\/?p=26672#primaryimage"},"thumbnailUrl":"https:\/\/noticiasemdestaque.com\/cd\/wp-content\/uploads\/2020\/04\/PAG-2-elei\u00e7\u00f5es-2020.png","datePublished":"2020-09-03T14:47:20+00:00","breadcrumb":{"@id":"https:\/\/noticiasemdestaque.com\/cd\/?p=26672#breadcrumb"},"inLanguage":"pt-BR","potentialAction":[{"@type":"ReadAction","target":["https:\/\/noticiasemdestaque.com\/cd\/?p=26672"]}]},{"@type":"ImageObject","inLanguage":"pt-BR","@id":"https:\/\/noticiasemdestaque.com\/cd\/?p=26672#primaryimage","url":"https:\/\/noticiasemdestaque.com\/cd\/wp-content\/uploads\/2020\/04\/PAG-2-elei\u00e7\u00f5es-2020.png","contentUrl":"https:\/\/noticiasemdestaque.com\/cd\/wp-content\/uploads\/2020\/04\/PAG-2-elei\u00e7\u00f5es-2020.png","width":683,"height":464},{"@type":"BreadcrumbList","@id":"https:\/\/noticiasemdestaque.com\/cd\/?p=26672#breadcrumb","itemListElement":[{"@type":"ListItem","position":1,"name":"In\u00edcio","item":"https:\/\/noticiasemdestaque.com\/cd\/"},{"@type":"ListItem","position":2,"name":"TCE divulga lista de \u2018ficha suja\u2019 e ex-gestores caririzeiros poder\u00e3o ter problemas para a disputa eleitoral"}]},{"@type":"WebSite","@id":"https:\/\/noticiasemdestaque.com\/cd\/#website","url":"https:\/\/noticiasemdestaque.com\/cd\/","name":"Not&iacute;cias em Destaque","description":"","publisher":{"@id":"https:\/\/noticiasemdestaque.com\/cd\/#organization"},"potentialAction":[{"@type":"SearchAction","target":{"@type":"EntryPoint","urlTemplate":"https:\/\/noticiasemdestaque.com\/cd\/?s={search_term_string}"},"query-input":{"@type":"PropertyValueSpecification","valueRequired":true,"valueName":"search_term_string"}}],"inLanguage":"pt-BR"},{"@type":"Organization","@id":"https:\/\/noticiasemdestaque.com\/cd\/#organization","name":"Not\u00edcias em Destaque","url":"https:\/\/noticiasemdestaque.com\/cd\/","logo":{"@type":"ImageObject","inLanguage":"pt-BR","@id":"https:\/\/noticiasemdestaque.com\/cd\/#\/schema\/logo\/image\/","url":"https:\/\/noticiasemdestaque.com\/cd\/wp-content\/uploads\/2022\/05\/imagem-base-noticiasemdestaque.png","contentUrl":"https:\/\/noticiasemdestaque.com\/cd\/wp-content\/uploads\/2022\/05\/imagem-base-noticiasemdestaque.png","width":1200,"height":630,"caption":"Not\u00edcias em Destaque"},"image":{"@id":"https:\/\/noticiasemdestaque.com\/cd\/#\/schema\/logo\/image\/"}},{"@type":"Person","@id":"https:\/\/noticiasemdestaque.com\/cd\/#\/schema\/person\/4a81fb71f77579d059c3045891fa1786","name":"Not\u00edcias em Destaque","url":"https:\/\/noticiasemdestaque.com\/cd\/?author=2"}]}},"jetpack_featured_media_url":"https:\/\/noticiasemdestaque.com\/cd\/wp-content\/uploads\/2020\/04\/PAG-2-elei\u00e7\u00f5es-2020.png","jetpack_sharing_enabled":true,"_links":{"self":[{"href":"https:\/\/noticiasemdestaque.com\/cd\/index.php?rest_route=\/wp\/v2\/posts\/26672","targetHints":{"allow":["GET"]}}],"collection":[{"href":"https:\/\/noticiasemdestaque.com\/cd\/index.php?rest_route=\/wp\/v2\/posts"}],"about":[{"href":"https:\/\/noticiasemdestaque.com\/cd\/index.php?rest_route=\/wp\/v2\/types\/post"}],"author":[{"embeddable":true,"href":"https:\/\/noticiasemdestaque.com\/cd\/index.php?rest_route=\/wp\/v2\/users\/2"}],"replies":[{"embeddable":true,"href":"https:\/\/noticiasemdestaque.com\/cd\/index.php?rest_route=%2Fwp%2Fv2%2Fcomments&post=26672"}],"version-history":[{"count":1,"href":"https:\/\/noticiasemdestaque.com\/cd\/index.php?rest_route=\/wp\/v2\/posts\/26672\/revisions"}],"predecessor-version":[{"id":26673,"href":"https:\/\/noticiasemdestaque.com\/cd\/index.php?rest_route=\/wp\/v2\/posts\/26672\/revisions\/26673"}],"wp:featuredmedia":[{"embeddable":true,"href":"https:\/\/noticiasemdestaque.com\/cd\/index.php?rest_route=\/wp\/v2\/media\/24401"}],"wp:attachment":[{"href":"https:\/\/noticiasemdestaque.com\/cd\/index.php?rest_route=%2Fwp%2Fv2%2Fmedia&parent=26672"}],"wp:term":[{"taxonomy":"category","embeddable":true,"href":"https:\/\/noticiasemdestaque.com\/cd\/index.php?rest_route=%2Fwp%2Fv2%2Fcategories&post=26672"},{"taxonomy":"post_tag","embeddable":true,"href":"https:\/\/noticiasemdestaque.com\/cd\/index.php?rest_route=%2Fwp%2Fv2%2Ftags&post=26672"}],"curies":[{"name":"wp","href":"https:\/\/api.w.org\/{rel}","templated":true}]}}