{"id":26430,"date":"2020-08-22T09:07:39","date_gmt":"2020-08-22T12:07:39","guid":{"rendered":"http:\/\/noticiasemdestaque.com\/cd\/?p=26430"},"modified":"2020-08-22T09:10:25","modified_gmt":"2020-08-22T12:10:25","slug":"pt-confirma-apoio-a-pre-candidatura-de-eden-duarte-a-prefeitura-sume","status":"publish","type":"post","link":"https:\/\/noticiasemdestaque.com\/cd\/?p=26430","title":{"rendered":"PT confirma apoio a pr\u00e9-candidatura de \u00c9den Duarte \u00e0 Prefeitura Sum\u00e9"},"content":{"rendered":"<p><a href=\"https:\/\/noticiasemdestaque.com\/cd\/wp-content\/uploads\/2020\/08\/6ae4647b-baf5-4136-ba8b-40c0ca0cb10a.jpg\"><img fetchpriority=\"high\" decoding=\"async\" class=\"wp-image-26431 aligncenter\" src=\"https:\/\/noticiasemdestaque.com\/cd\/wp-content\/uploads\/2020\/08\/6ae4647b-baf5-4136-ba8b-40c0ca0cb10a-1024x768.jpg\" alt=\"\" width=\"543\" height=\"407\" srcset=\"https:\/\/noticiasemdestaque.com\/cd\/wp-content\/uploads\/2020\/08\/6ae4647b-baf5-4136-ba8b-40c0ca0cb10a-1024x768.jpg 1024w, https:\/\/noticiasemdestaque.com\/cd\/wp-content\/uploads\/2020\/08\/6ae4647b-baf5-4136-ba8b-40c0ca0cb10a-300x225.jpg 300w, https:\/\/noticiasemdestaque.com\/cd\/wp-content\/uploads\/2020\/08\/6ae4647b-baf5-4136-ba8b-40c0ca0cb10a-768x576.jpg 768w, https:\/\/noticiasemdestaque.com\/cd\/wp-content\/uploads\/2020\/08\/6ae4647b-baf5-4136-ba8b-40c0ca0cb10a-640x480.jpg 640w, https:\/\/noticiasemdestaque.com\/cd\/wp-content\/uploads\/2020\/08\/6ae4647b-baf5-4136-ba8b-40c0ca0cb10a.jpg 1280w\" sizes=\"(max-width: 543px) 100vw, 543px\" \/><\/a><\/p>\n<p>Na tarde de sexta-feira (21\/08) membros do diret\u00f3rio do PT\/Sum\u00e9 realizaram reuni\u00e3o que contou com a presen\u00e7a do pre-candidato a reelei\u00e7\u00e3o Eden Duarte, e na oportunidade comunicaram que o Partido dos Trabalhadores estar\u00e1 junto com ele em seu projeto de reelei\u00e7\u00e3o.<\/p>\n<p><a href=\"https:\/\/noticiasemdestaque.com\/cd\/wp-content\/uploads\/2020\/08\/62650857-4159-43fc-9b06-23143ec878f3-1.jpg\"><img decoding=\"async\" class=\"wp-image-26433 aligncenter\" src=\"https:\/\/noticiasemdestaque.com\/cd\/wp-content\/uploads\/2020\/08\/62650857-4159-43fc-9b06-23143ec878f3-1-1024x768.jpg\" alt=\"\" width=\"490\" height=\"367\" srcset=\"https:\/\/noticiasemdestaque.com\/cd\/wp-content\/uploads\/2020\/08\/62650857-4159-43fc-9b06-23143ec878f3-1-1024x768.jpg 1024w, https:\/\/noticiasemdestaque.com\/cd\/wp-content\/uploads\/2020\/08\/62650857-4159-43fc-9b06-23143ec878f3-1-300x225.jpg 300w, https:\/\/noticiasemdestaque.com\/cd\/wp-content\/uploads\/2020\/08\/62650857-4159-43fc-9b06-23143ec878f3-1-768x576.jpg 768w, https:\/\/noticiasemdestaque.com\/cd\/wp-content\/uploads\/2020\/08\/62650857-4159-43fc-9b06-23143ec878f3-1-640x480.jpg 640w, https:\/\/noticiasemdestaque.com\/cd\/wp-content\/uploads\/2020\/08\/62650857-4159-43fc-9b06-23143ec878f3-1.jpg 1280w\" sizes=\"(max-width: 490px) 100vw, 490px\" \/><\/a><\/p>\n<p>Sendo assim, o pr\u00e9-candidato Eden Duarte ser\u00e1 apoiado pelo PT e pelo ex-presidente Lula. De acordo com o presidente do diret\u00f3rio municipal do partido, S\u00e9rgio Cordeiro, Eden, al\u00e9m de sua compet\u00eancia, sempre apoiou o legado do presidente Lula.<\/p>\n<p>&#8220;\u00c9 importante para o partido fortalecer essa rela\u00e7\u00e3o que sempre trouxe boas a\u00e7\u00f5es para o munic\u00edpio, tendo em vista que Eden tem se mostrado um excelente gestor, respons\u00e1vel e comprometido com as pol\u00edticas de desenvolvimento de Sume&#8221;, disse S\u00e9rgio que ainda enfatizou, &#8221; Eden tem colocado em suas decis\u00f5es os princ\u00edpios republicanos que tanto defendemos. Na oportunidade cobramos que em seu plano de governo ele possa olhar ainda mais para os mais vulner\u00e1veis, para o homem do campo, que observe e pense em pol\u00edticas que possam atender de forma mas contundente a juventude, que busque estrat\u00e9gias de distribui\u00e7\u00e3o de renda&#8221;, declarou S\u00e9rgio.<\/p>\n<p>Not\u00edcias em Destaque<\/p>\n","protected":false},"excerpt":{"rendered":"<p>Na tarde de sexta-feira (21\/08) membros do diret\u00f3rio do PT\/Sum\u00e9 realizaram reuni\u00e3o que contou com a presen\u00e7a do pre-candidato a reelei\u00e7\u00e3o Eden Duarte, e na oportunidade comunicaram que o Partido dos Trabalhadores estar\u00e1 junto com ele em seu projeto de reelei\u00e7\u00e3o. Sendo assim, o pr\u00e9-candidato Eden Duarte ser\u00e1 apoiado pelo PT e pelo ex-presidente Lula. De acordo com o presidente do diret\u00f3rio municipal do partido, S\u00e9rgio Cordeiro, Eden, al\u00e9m de sua compet\u00eancia, sempre apoiou o legado do presidente Lula. &#8220;\u00c9 importante para o partido fortalecer essa rela\u00e7\u00e3o que sempre trouxe boas a\u00e7\u00f5es para o munic\u00edpio, tendo em vista que Eden tem se mostrado um excelente gestor, respons\u00e1vel e comprometido com as pol\u00edticas de desenvolvimento de Sume&#8221;, disse S\u00e9rgio que ainda enfatizou, &#8221; Eden tem colocado em suas decis\u00f5es os princ\u00edpios republicanos que tanto defendemos. Na oportunidade cobramos que em seu plano de governo ele possa olhar ainda mais para os mais vulner\u00e1veis, para o homem do campo, que observe e pense em pol\u00edticas que possam atender de forma mas contundente a juventude, que busque estrat\u00e9gias de distribui\u00e7\u00e3o de renda&#8221;, declarou S\u00e9rgio. Not\u00edcias em Destaque<\/p>\n","protected":false},"author":2,"featured_media":26431,"comment_status":"closed","ping_status":"open","sticky":false,"template":"","format":"standard","meta":{"_eb_attr":"","_jetpack_memberships_contains_paid_content":false,"footnotes":""},"categories":[4],"tags":[],"class_list":["post-26430","post","type-post","status-publish","format-standard","has-post-thumbnail","hentry","category-politica"],"yoast_head":"<!-- This site is optimized with the Yoast SEO plugin v26.5 - https:\/\/yoast.com\/wordpress\/plugins\/seo\/ -->\n<title>PT confirma apoio a pr\u00e9-candidatura de \u00c9den Duarte \u00e0 Prefeitura Sum\u00e9 - Not&iacute;cias em Destaque<\/title>\n<meta name=\"robots\" content=\"index, follow, max-snippet:-1, max-image-preview:large, max-video-preview:-1\" \/>\n<link rel=\"canonical\" href=\"https:\/\/noticiasemdestaque.com\/cd\/?p=26430\" \/>\n<meta property=\"og:locale\" content=\"pt_BR\" \/>\n<meta property=\"og:type\" content=\"article\" \/>\n<meta property=\"og:title\" content=\"PT confirma apoio a pr\u00e9-candidatura de \u00c9den Duarte \u00e0 Prefeitura Sum\u00e9 - Not&iacute;cias em Destaque\" \/>\n<meta property=\"og:description\" content=\"Na tarde de sexta-feira (21\/08) membros do diret\u00f3rio do PT\/Sum\u00e9 realizaram reuni\u00e3o que contou com a presen\u00e7a do pre-candidato a reelei\u00e7\u00e3o Eden Duarte, e na oportunidade comunicaram que o Partido dos Trabalhadores estar\u00e1 junto com ele em seu projeto de reelei\u00e7\u00e3o. Sendo assim, o pr\u00e9-candidato Eden Duarte ser\u00e1 apoiado pelo PT e pelo ex-presidente Lula. De acordo com o presidente do diret\u00f3rio municipal do partido, S\u00e9rgio Cordeiro, Eden, al\u00e9m de sua compet\u00eancia, sempre apoiou o legado do presidente Lula. &#8220;\u00c9 importante para o partido fortalecer essa rela\u00e7\u00e3o que sempre trouxe boas a\u00e7\u00f5es para o munic\u00edpio, tendo em vista que Eden tem se mostrado um excelente gestor, respons\u00e1vel e comprometido com as pol\u00edticas de desenvolvimento de Sume&#8221;, disse S\u00e9rgio que ainda enfatizou, &#8221; Eden tem colocado em suas decis\u00f5es os princ\u00edpios republicanos que tanto defendemos. Na oportunidade cobramos que em seu plano de governo ele possa olhar ainda mais para os mais vulner\u00e1veis, para o homem do campo, que observe e pense em pol\u00edticas que possam atender de forma mas contundente a juventude, que busque estrat\u00e9gias de distribui\u00e7\u00e3o de renda&#8221;, declarou S\u00e9rgio. Not\u00edcias em Destaque\" \/>\n<meta property=\"og:url\" content=\"https:\/\/noticiasemdestaque.com\/cd\/?p=26430\" \/>\n<meta property=\"og:site_name\" content=\"Not&iacute;cias em Destaque\" \/>\n<meta property=\"article:published_time\" content=\"2020-08-22T12:07:39+00:00\" \/>\n<meta property=\"article:modified_time\" content=\"2020-08-22T12:10:25+00:00\" \/>\n<meta property=\"og:image\" content=\"https:\/\/noticiasemdestaque.com\/cd\/wp-content\/uploads\/2020\/08\/6ae4647b-baf5-4136-ba8b-40c0ca0cb10a.jpg\" \/>\n\t<meta property=\"og:image:width\" content=\"1280\" \/>\n\t<meta property=\"og:image:height\" content=\"960\" \/>\n\t<meta property=\"og:image:type\" content=\"image\/jpeg\" \/>\n<meta name=\"author\" content=\"Not\u00edcias em Destaque\" \/>\n<meta name=\"twitter:card\" content=\"summary_large_image\" \/>\n<meta name=\"twitter:label1\" content=\"Escrito por\" \/>\n\t<meta name=\"twitter:data1\" content=\"Not\u00edcias em Destaque\" \/>\n\t<meta name=\"twitter:label2\" content=\"Est. tempo de leitura\" \/>\n\t<meta name=\"twitter:data2\" content=\"1 minuto\" \/>\n<script type=\"application\/ld+json\" class=\"yoast-schema-graph\">{\"@context\":\"https:\/\/schema.org\",\"@graph\":[{\"@type\":\"Article\",\"@id\":\"https:\/\/noticiasemdestaque.com\/cd\/?p=26430#article\",\"isPartOf\":{\"@id\":\"https:\/\/noticiasemdestaque.com\/cd\/?p=26430\"},\"author\":{\"name\":\"Not\u00edcias em Destaque\",\"@id\":\"https:\/\/noticiasemdestaque.com\/cd\/#\/schema\/person\/4a81fb71f77579d059c3045891fa1786\"},\"headline\":\"PT confirma apoio a pr\u00e9-candidatura de \u00c9den Duarte \u00e0 Prefeitura Sum\u00e9\",\"datePublished\":\"2020-08-22T12:07:39+00:00\",\"dateModified\":\"2020-08-22T12:10:25+00:00\",\"mainEntityOfPage\":{\"@id\":\"https:\/\/noticiasemdestaque.com\/cd\/?p=26430\"},\"wordCount\":217,\"publisher\":{\"@id\":\"https:\/\/noticiasemdestaque.com\/cd\/#organization\"},\"image\":{\"@id\":\"https:\/\/noticiasemdestaque.com\/cd\/?p=26430#primaryimage\"},\"thumbnailUrl\":\"https:\/\/noticiasemdestaque.com\/cd\/wp-content\/uploads\/2020\/08\/6ae4647b-baf5-4136-ba8b-40c0ca0cb10a.jpg\",\"articleSection\":[\"Pol\u00edtica\"],\"inLanguage\":\"pt-BR\"},{\"@type\":\"WebPage\",\"@id\":\"https:\/\/noticiasemdestaque.com\/cd\/?p=26430\",\"url\":\"https:\/\/noticiasemdestaque.com\/cd\/?p=26430\",\"name\":\"PT confirma apoio a pr\u00e9-candidatura de \u00c9den Duarte \u00e0 Prefeitura Sum\u00e9 - Not&iacute;cias em Destaque\",\"isPartOf\":{\"@id\":\"https:\/\/noticiasemdestaque.com\/cd\/#website\"},\"primaryImageOfPage\":{\"@id\":\"https:\/\/noticiasemdestaque.com\/cd\/?p=26430#primaryimage\"},\"image\":{\"@id\":\"https:\/\/noticiasemdestaque.com\/cd\/?p=26430#primaryimage\"},\"thumbnailUrl\":\"https:\/\/noticiasemdestaque.com\/cd\/wp-content\/uploads\/2020\/08\/6ae4647b-baf5-4136-ba8b-40c0ca0cb10a.jpg\",\"datePublished\":\"2020-08-22T12:07:39+00:00\",\"dateModified\":\"2020-08-22T12:10:25+00:00\",\"breadcrumb\":{\"@id\":\"https:\/\/noticiasemdestaque.com\/cd\/?p=26430#breadcrumb\"},\"inLanguage\":\"pt-BR\",\"potentialAction\":[{\"@type\":\"ReadAction\",\"target\":[\"https:\/\/noticiasemdestaque.com\/cd\/?p=26430\"]}]},{\"@type\":\"ImageObject\",\"inLanguage\":\"pt-BR\",\"@id\":\"https:\/\/noticiasemdestaque.com\/cd\/?p=26430#primaryimage\",\"url\":\"https:\/\/noticiasemdestaque.com\/cd\/wp-content\/uploads\/2020\/08\/6ae4647b-baf5-4136-ba8b-40c0ca0cb10a.jpg\",\"contentUrl\":\"https:\/\/noticiasemdestaque.com\/cd\/wp-content\/uploads\/2020\/08\/6ae4647b-baf5-4136-ba8b-40c0ca0cb10a.jpg\",\"width\":1280,\"height\":960},{\"@type\":\"BreadcrumbList\",\"@id\":\"https:\/\/noticiasemdestaque.com\/cd\/?p=26430#breadcrumb\",\"itemListElement\":[{\"@type\":\"ListItem\",\"position\":1,\"name\":\"In\u00edcio\",\"item\":\"https:\/\/noticiasemdestaque.com\/cd\/\"},{\"@type\":\"ListItem\",\"position\":2,\"name\":\"PT confirma apoio a pr\u00e9-candidatura de \u00c9den Duarte \u00e0 Prefeitura Sum\u00e9\"}]},{\"@type\":\"WebSite\",\"@id\":\"https:\/\/noticiasemdestaque.com\/cd\/#website\",\"url\":\"https:\/\/noticiasemdestaque.com\/cd\/\",\"name\":\"Not&iacute;cias em Destaque\",\"description\":\"\",\"publisher\":{\"@id\":\"https:\/\/noticiasemdestaque.com\/cd\/#organization\"},\"potentialAction\":[{\"@type\":\"SearchAction\",\"target\":{\"@type\":\"EntryPoint\",\"urlTemplate\":\"https:\/\/noticiasemdestaque.com\/cd\/?s={search_term_string}\"},\"query-input\":{\"@type\":\"PropertyValueSpecification\",\"valueRequired\":true,\"valueName\":\"search_term_string\"}}],\"inLanguage\":\"pt-BR\"},{\"@type\":\"Organization\",\"@id\":\"https:\/\/noticiasemdestaque.com\/cd\/#organization\",\"name\":\"Not\u00edcias em Destaque\",\"url\":\"https:\/\/noticiasemdestaque.com\/cd\/\",\"logo\":{\"@type\":\"ImageObject\",\"inLanguage\":\"pt-BR\",\"@id\":\"https:\/\/noticiasemdestaque.com\/cd\/#\/schema\/logo\/image\/\",\"url\":\"https:\/\/noticiasemdestaque.com\/cd\/wp-content\/uploads\/2022\/05\/imagem-base-noticiasemdestaque.png\",\"contentUrl\":\"https:\/\/noticiasemdestaque.com\/cd\/wp-content\/uploads\/2022\/05\/imagem-base-noticiasemdestaque.png\",\"width\":1200,\"height\":630,\"caption\":\"Not\u00edcias em Destaque\"},\"image\":{\"@id\":\"https:\/\/noticiasemdestaque.com\/cd\/#\/schema\/logo\/image\/\"}},{\"@type\":\"Person\",\"@id\":\"https:\/\/noticiasemdestaque.com\/cd\/#\/schema\/person\/4a81fb71f77579d059c3045891fa1786\",\"name\":\"Not\u00edcias em Destaque\",\"url\":\"https:\/\/noticiasemdestaque.com\/cd\/?author=2\"}]}<\/script>\n<!-- \/ Yoast SEO plugin. -->","yoast_head_json":{"title":"PT confirma apoio a pr\u00e9-candidatura de \u00c9den Duarte \u00e0 Prefeitura Sum\u00e9 - Not&iacute;cias em Destaque","robots":{"index":"index","follow":"follow","max-snippet":"max-snippet:-1","max-image-preview":"max-image-preview:large","max-video-preview":"max-video-preview:-1"},"canonical":"https:\/\/noticiasemdestaque.com\/cd\/?p=26430","og_locale":"pt_BR","og_type":"article","og_title":"PT confirma apoio a pr\u00e9-candidatura de \u00c9den Duarte \u00e0 Prefeitura Sum\u00e9 - Not&iacute;cias em Destaque","og_description":"Na tarde de sexta-feira (21\/08) membros do diret\u00f3rio do PT\/Sum\u00e9 realizaram reuni\u00e3o que contou com a presen\u00e7a do pre-candidato a reelei\u00e7\u00e3o Eden Duarte, e na oportunidade comunicaram que o Partido dos Trabalhadores estar\u00e1 junto com ele em seu projeto de reelei\u00e7\u00e3o. Sendo assim, o pr\u00e9-candidato Eden Duarte ser\u00e1 apoiado pelo PT e pelo ex-presidente Lula. De acordo com o presidente do diret\u00f3rio municipal do partido, S\u00e9rgio Cordeiro, Eden, al\u00e9m de sua compet\u00eancia, sempre apoiou o legado do presidente Lula. &#8220;\u00c9 importante para o partido fortalecer essa rela\u00e7\u00e3o que sempre trouxe boas a\u00e7\u00f5es para o munic\u00edpio, tendo em vista que Eden tem se mostrado um excelente gestor, respons\u00e1vel e comprometido com as pol\u00edticas de desenvolvimento de Sume&#8221;, disse S\u00e9rgio que ainda enfatizou, &#8221; Eden tem colocado em suas decis\u00f5es os princ\u00edpios republicanos que tanto defendemos. Na oportunidade cobramos que em seu plano de governo ele possa olhar ainda mais para os mais vulner\u00e1veis, para o homem do campo, que observe e pense em pol\u00edticas que possam atender de forma mas contundente a juventude, que busque estrat\u00e9gias de distribui\u00e7\u00e3o de renda&#8221;, declarou S\u00e9rgio. Not\u00edcias em Destaque","og_url":"https:\/\/noticiasemdestaque.com\/cd\/?p=26430","og_site_name":"Not&iacute;cias em Destaque","article_published_time":"2020-08-22T12:07:39+00:00","article_modified_time":"2020-08-22T12:10:25+00:00","og_image":[{"width":1280,"height":960,"url":"https:\/\/noticiasemdestaque.com\/cd\/wp-content\/uploads\/2020\/08\/6ae4647b-baf5-4136-ba8b-40c0ca0cb10a.jpg","type":"image\/jpeg"}],"author":"Not\u00edcias em Destaque","twitter_card":"summary_large_image","twitter_misc":{"Escrito por":"Not\u00edcias em Destaque","Est. tempo de leitura":"1 minuto"},"schema":{"@context":"https:\/\/schema.org","@graph":[{"@type":"Article","@id":"https:\/\/noticiasemdestaque.com\/cd\/?p=26430#article","isPartOf":{"@id":"https:\/\/noticiasemdestaque.com\/cd\/?p=26430"},"author":{"name":"Not\u00edcias em Destaque","@id":"https:\/\/noticiasemdestaque.com\/cd\/#\/schema\/person\/4a81fb71f77579d059c3045891fa1786"},"headline":"PT confirma apoio a pr\u00e9-candidatura de \u00c9den Duarte \u00e0 Prefeitura Sum\u00e9","datePublished":"2020-08-22T12:07:39+00:00","dateModified":"2020-08-22T12:10:25+00:00","mainEntityOfPage":{"@id":"https:\/\/noticiasemdestaque.com\/cd\/?p=26430"},"wordCount":217,"publisher":{"@id":"https:\/\/noticiasemdestaque.com\/cd\/#organization"},"image":{"@id":"https:\/\/noticiasemdestaque.com\/cd\/?p=26430#primaryimage"},"thumbnailUrl":"https:\/\/noticiasemdestaque.com\/cd\/wp-content\/uploads\/2020\/08\/6ae4647b-baf5-4136-ba8b-40c0ca0cb10a.jpg","articleSection":["Pol\u00edtica"],"inLanguage":"pt-BR"},{"@type":"WebPage","@id":"https:\/\/noticiasemdestaque.com\/cd\/?p=26430","url":"https:\/\/noticiasemdestaque.com\/cd\/?p=26430","name":"PT confirma apoio a pr\u00e9-candidatura de \u00c9den Duarte \u00e0 Prefeitura Sum\u00e9 - Not&iacute;cias em Destaque","isPartOf":{"@id":"https:\/\/noticiasemdestaque.com\/cd\/#website"},"primaryImageOfPage":{"@id":"https:\/\/noticiasemdestaque.com\/cd\/?p=26430#primaryimage"},"image":{"@id":"https:\/\/noticiasemdestaque.com\/cd\/?p=26430#primaryimage"},"thumbnailUrl":"https:\/\/noticiasemdestaque.com\/cd\/wp-content\/uploads\/2020\/08\/6ae4647b-baf5-4136-ba8b-40c0ca0cb10a.jpg","datePublished":"2020-08-22T12:07:39+00:00","dateModified":"2020-08-22T12:10:25+00:00","breadcrumb":{"@id":"https:\/\/noticiasemdestaque.com\/cd\/?p=26430#breadcrumb"},"inLanguage":"pt-BR","potentialAction":[{"@type":"ReadAction","target":["https:\/\/noticiasemdestaque.com\/cd\/?p=26430"]}]},{"@type":"ImageObject","inLanguage":"pt-BR","@id":"https:\/\/noticiasemdestaque.com\/cd\/?p=26430#primaryimage","url":"https:\/\/noticiasemdestaque.com\/cd\/wp-content\/uploads\/2020\/08\/6ae4647b-baf5-4136-ba8b-40c0ca0cb10a.jpg","contentUrl":"https:\/\/noticiasemdestaque.com\/cd\/wp-content\/uploads\/2020\/08\/6ae4647b-baf5-4136-ba8b-40c0ca0cb10a.jpg","width":1280,"height":960},{"@type":"BreadcrumbList","@id":"https:\/\/noticiasemdestaque.com\/cd\/?p=26430#breadcrumb","itemListElement":[{"@type":"ListItem","position":1,"name":"In\u00edcio","item":"https:\/\/noticiasemdestaque.com\/cd\/"},{"@type":"ListItem","position":2,"name":"PT confirma apoio a pr\u00e9-candidatura de \u00c9den Duarte \u00e0 Prefeitura Sum\u00e9"}]},{"@type":"WebSite","@id":"https:\/\/noticiasemdestaque.com\/cd\/#website","url":"https:\/\/noticiasemdestaque.com\/cd\/","name":"Not&iacute;cias em Destaque","description":"","publisher":{"@id":"https:\/\/noticiasemdestaque.com\/cd\/#organization"},"potentialAction":[{"@type":"SearchAction","target":{"@type":"EntryPoint","urlTemplate":"https:\/\/noticiasemdestaque.com\/cd\/?s={search_term_string}"},"query-input":{"@type":"PropertyValueSpecification","valueRequired":true,"valueName":"search_term_string"}}],"inLanguage":"pt-BR"},{"@type":"Organization","@id":"https:\/\/noticiasemdestaque.com\/cd\/#organization","name":"Not\u00edcias em Destaque","url":"https:\/\/noticiasemdestaque.com\/cd\/","logo":{"@type":"ImageObject","inLanguage":"pt-BR","@id":"https:\/\/noticiasemdestaque.com\/cd\/#\/schema\/logo\/image\/","url":"https:\/\/noticiasemdestaque.com\/cd\/wp-content\/uploads\/2022\/05\/imagem-base-noticiasemdestaque.png","contentUrl":"https:\/\/noticiasemdestaque.com\/cd\/wp-content\/uploads\/2022\/05\/imagem-base-noticiasemdestaque.png","width":1200,"height":630,"caption":"Not\u00edcias em Destaque"},"image":{"@id":"https:\/\/noticiasemdestaque.com\/cd\/#\/schema\/logo\/image\/"}},{"@type":"Person","@id":"https:\/\/noticiasemdestaque.com\/cd\/#\/schema\/person\/4a81fb71f77579d059c3045891fa1786","name":"Not\u00edcias em Destaque","url":"https:\/\/noticiasemdestaque.com\/cd\/?author=2"}]}},"jetpack_featured_media_url":"https:\/\/noticiasemdestaque.com\/cd\/wp-content\/uploads\/2020\/08\/6ae4647b-baf5-4136-ba8b-40c0ca0cb10a.jpg","jetpack_sharing_enabled":true,"_links":{"self":[{"href":"https:\/\/noticiasemdestaque.com\/cd\/index.php?rest_route=\/wp\/v2\/posts\/26430","targetHints":{"allow":["GET"]}}],"collection":[{"href":"https:\/\/noticiasemdestaque.com\/cd\/index.php?rest_route=\/wp\/v2\/posts"}],"about":[{"href":"https:\/\/noticiasemdestaque.com\/cd\/index.php?rest_route=\/wp\/v2\/types\/post"}],"author":[{"embeddable":true,"href":"https:\/\/noticiasemdestaque.com\/cd\/index.php?rest_route=\/wp\/v2\/users\/2"}],"replies":[{"embeddable":true,"href":"https:\/\/noticiasemdestaque.com\/cd\/index.php?rest_route=%2Fwp%2Fv2%2Fcomments&post=26430"}],"version-history":[{"count":3,"href":"https:\/\/noticiasemdestaque.com\/cd\/index.php?rest_route=\/wp\/v2\/posts\/26430\/revisions"}],"predecessor-version":[{"id":26437,"href":"https:\/\/noticiasemdestaque.com\/cd\/index.php?rest_route=\/wp\/v2\/posts\/26430\/revisions\/26437"}],"wp:featuredmedia":[{"embeddable":true,"href":"https:\/\/noticiasemdestaque.com\/cd\/index.php?rest_route=\/wp\/v2\/media\/26431"}],"wp:attachment":[{"href":"https:\/\/noticiasemdestaque.com\/cd\/index.php?rest_route=%2Fwp%2Fv2%2Fmedia&parent=26430"}],"wp:term":[{"taxonomy":"category","embeddable":true,"href":"https:\/\/noticiasemdestaque.com\/cd\/index.php?rest_route=%2Fwp%2Fv2%2Fcategories&post=26430"},{"taxonomy":"post_tag","embeddable":true,"href":"https:\/\/noticiasemdestaque.com\/cd\/index.php?rest_route=%2Fwp%2Fv2%2Ftags&post=26430"}],"curies":[{"name":"wp","href":"https:\/\/api.w.org\/{rel}","templated":true}]}}