{"id":26427,"date":"2020-08-20T18:20:13","date_gmt":"2020-08-20T21:20:13","guid":{"rendered":"http:\/\/noticiasemdestaque.com\/cd\/?p=26427"},"modified":"2020-08-20T18:20:13","modified_gmt":"2020-08-20T21:20:13","slug":"15-novos-casos-de-covid-19-sao-confirmados-em-monteiro","status":"publish","type":"post","link":"https:\/\/noticiasemdestaque.com\/cd\/?p=26427","title":{"rendered":"15 novos casos de Covid-19 s\u00e3o confirmados em Monteiro"},"content":{"rendered":"<p><a href=\"https:\/\/noticiasemdestaque.com\/cd\/wp-content\/uploads\/2020\/08\/indice-1.jpg\"><img fetchpriority=\"high\" decoding=\"async\" class=\"size-full wp-image-26428 aligncenter\" src=\"https:\/\/noticiasemdestaque.com\/cd\/wp-content\/uploads\/2020\/08\/indice-1.jpg\" alt=\"\" width=\"225\" height=\"400\" srcset=\"https:\/\/noticiasemdestaque.com\/cd\/wp-content\/uploads\/2020\/08\/indice-1.jpg 225w, https:\/\/noticiasemdestaque.com\/cd\/wp-content\/uploads\/2020\/08\/indice-1-169x300.jpg 169w\" sizes=\"(max-width: 225px) 100vw, 225px\" \/><\/a><\/p>\n<p style=\"font-weight: 400;\">A prefeitura municipal de Monteiro confirmou nesta quinta-feira(20\/08), 15 novos casos positivos de Covid-19, de uma s\u00f3 vez. Segundo o boletim emitido pela secretaria de sa\u00fade, agora o munic\u00edpio j\u00e1 t\u00eam 481 casos.<\/p>\n<p style=\"font-weight: 400;\">Ainda segundo o boletim, 337 casos est\u00e3o recuperados, 70 est\u00e3o em investiga\u00e7\u00e3o, 2001 foram descartados, 139 casos ativos e o munic\u00edpio t\u00eam cinco \u00f3bitos registrados.<\/p>\n<p style=\"font-weight: 400;\">Os casos de hoje:<\/p>\n<p style=\"font-weight: 400;\">Sendo 03 casos: 28, 59 e 72 anos do sexo feminino, e 12 casos: 05, 12, dois pacientes de 20 anos, 24, 26, 33, 36, 41, dois pacientes de 42 anos e 52 anos, sexo masculino.\u00a0\u00a0Est\u00e3o sendo monitorados pela equipe de Vigil\u00e2ncia em Sa\u00fade do Munic\u00edpio, em isolamento domiciliar.<\/p>\n<p style=\"font-weight: 400;\">Nesta data tem 01 paciente internado no Hospital de Trauma e outro paciente no Hospital das Cl\u00ednicas, em Campina Grande. Esses referidos pacientes permanecem est\u00e1veis.<\/p>\n","protected":false},"excerpt":{"rendered":"<p>A prefeitura municipal de Monteiro confirmou nesta quinta-feira(20\/08), 15 novos casos positivos de Covid-19, de uma s\u00f3 vez. Segundo o boletim emitido pela secretaria de sa\u00fade, agora o munic\u00edpio j\u00e1 t\u00eam 481 casos. Ainda segundo o boletim, 337 casos est\u00e3o recuperados, 70 est\u00e3o em investiga\u00e7\u00e3o, 2001 foram descartados, 139 casos ativos e o munic\u00edpio t\u00eam cinco \u00f3bitos registrados. Os casos de hoje: Sendo 03 casos: 28, 59 e 72 anos do sexo feminino, e 12 casos: 05, 12, dois pacientes de 20 anos, 24, 26, 33, 36, 41, dois pacientes de 42 anos e 52 anos, sexo masculino.\u00a0\u00a0Est\u00e3o sendo monitorados pela equipe de Vigil\u00e2ncia em Sa\u00fade do Munic\u00edpio, em isolamento domiciliar. Nesta data tem 01 paciente internado no Hospital de Trauma e outro paciente no Hospital das Cl\u00ednicas, em Campina Grande. Esses referidos pacientes permanecem est\u00e1veis.<\/p>\n","protected":false},"author":2,"featured_media":26428,"comment_status":"closed","ping_status":"open","sticky":false,"template":"","format":"standard","meta":{"_eb_attr":"","_jetpack_memberships_contains_paid_content":false,"footnotes":""},"categories":[3],"tags":[],"class_list":["post-26427","post","type-post","status-publish","format-standard","has-post-thumbnail","hentry","category-cidades"],"yoast_head":"<!-- This site is optimized with the Yoast SEO plugin v26.5 - https:\/\/yoast.com\/wordpress\/plugins\/seo\/ -->\n<title>15 novos casos de Covid-19 s\u00e3o confirmados em Monteiro - Not&iacute;cias em Destaque<\/title>\n<meta name=\"robots\" content=\"index, follow, max-snippet:-1, max-image-preview:large, max-video-preview:-1\" \/>\n<link rel=\"canonical\" href=\"https:\/\/noticiasemdestaque.com\/cd\/?p=26427\" \/>\n<meta property=\"og:locale\" content=\"pt_BR\" \/>\n<meta property=\"og:type\" content=\"article\" \/>\n<meta property=\"og:title\" content=\"15 novos casos de Covid-19 s\u00e3o confirmados em Monteiro - Not&iacute;cias em Destaque\" \/>\n<meta property=\"og:description\" content=\"A prefeitura municipal de Monteiro confirmou nesta quinta-feira(20\/08), 15 novos casos positivos de Covid-19, de uma s\u00f3 vez. Segundo o boletim emitido pela secretaria de sa\u00fade, agora o munic\u00edpio j\u00e1 t\u00eam 481 casos. Ainda segundo o boletim, 337 casos est\u00e3o recuperados, 70 est\u00e3o em investiga\u00e7\u00e3o, 2001 foram descartados, 139 casos ativos e o munic\u00edpio t\u00eam cinco \u00f3bitos registrados. Os casos de hoje: Sendo 03 casos: 28, 59 e 72 anos do sexo feminino, e 12 casos: 05, 12, dois pacientes de 20 anos, 24, 26, 33, 36, 41, dois pacientes de 42 anos e 52 anos, sexo masculino.\u00a0\u00a0Est\u00e3o sendo monitorados pela equipe de Vigil\u00e2ncia em Sa\u00fade do Munic\u00edpio, em isolamento domiciliar. Nesta data tem 01 paciente internado no Hospital de Trauma e outro paciente no Hospital das Cl\u00ednicas, em Campina Grande. Esses referidos pacientes permanecem est\u00e1veis.\" \/>\n<meta property=\"og:url\" content=\"https:\/\/noticiasemdestaque.com\/cd\/?p=26427\" \/>\n<meta property=\"og:site_name\" content=\"Not&iacute;cias em Destaque\" \/>\n<meta property=\"article:published_time\" content=\"2020-08-20T21:20:13+00:00\" \/>\n<meta property=\"og:image\" content=\"https:\/\/noticiasemdestaque.com\/cd\/wp-content\/uploads\/2020\/08\/indice-1.jpg\" \/>\n\t<meta property=\"og:image:width\" content=\"225\" \/>\n\t<meta property=\"og:image:height\" content=\"400\" \/>\n\t<meta property=\"og:image:type\" content=\"image\/jpeg\" \/>\n<meta name=\"author\" content=\"Not\u00edcias em Destaque\" \/>\n<meta name=\"twitter:card\" content=\"summary_large_image\" \/>\n<meta name=\"twitter:label1\" content=\"Escrito por\" \/>\n\t<meta name=\"twitter:data1\" content=\"Not\u00edcias em Destaque\" \/>\n\t<meta name=\"twitter:label2\" content=\"Est. tempo de leitura\" \/>\n\t<meta name=\"twitter:data2\" content=\"1 minuto\" \/>\n<script type=\"application\/ld+json\" class=\"yoast-schema-graph\">{\"@context\":\"https:\/\/schema.org\",\"@graph\":[{\"@type\":\"Article\",\"@id\":\"https:\/\/noticiasemdestaque.com\/cd\/?p=26427#article\",\"isPartOf\":{\"@id\":\"https:\/\/noticiasemdestaque.com\/cd\/?p=26427\"},\"author\":{\"name\":\"Not\u00edcias em Destaque\",\"@id\":\"https:\/\/noticiasemdestaque.com\/cd\/#\/schema\/person\/21320b03a7e8bb90128938dafc9b908a\"},\"headline\":\"15 novos casos de Covid-19 s\u00e3o confirmados em Monteiro\",\"datePublished\":\"2020-08-20T21:20:13+00:00\",\"mainEntityOfPage\":{\"@id\":\"https:\/\/noticiasemdestaque.com\/cd\/?p=26427\"},\"wordCount\":138,\"publisher\":{\"@id\":\"https:\/\/noticiasemdestaque.com\/cd\/#organization\"},\"image\":{\"@id\":\"https:\/\/noticiasemdestaque.com\/cd\/?p=26427#primaryimage\"},\"thumbnailUrl\":\"https:\/\/noticiasemdestaque.com\/cd\/wp-content\/uploads\/2020\/08\/indice-1.jpg\",\"articleSection\":[\"Cidades\"],\"inLanguage\":\"pt-BR\"},{\"@type\":\"WebPage\",\"@id\":\"https:\/\/noticiasemdestaque.com\/cd\/?p=26427\",\"url\":\"https:\/\/noticiasemdestaque.com\/cd\/?p=26427\",\"name\":\"15 novos casos de Covid-19 s\u00e3o confirmados em Monteiro - Not&iacute;cias em Destaque\",\"isPartOf\":{\"@id\":\"https:\/\/noticiasemdestaque.com\/cd\/#website\"},\"primaryImageOfPage\":{\"@id\":\"https:\/\/noticiasemdestaque.com\/cd\/?p=26427#primaryimage\"},\"image\":{\"@id\":\"https:\/\/noticiasemdestaque.com\/cd\/?p=26427#primaryimage\"},\"thumbnailUrl\":\"https:\/\/noticiasemdestaque.com\/cd\/wp-content\/uploads\/2020\/08\/indice-1.jpg\",\"datePublished\":\"2020-08-20T21:20:13+00:00\",\"breadcrumb\":{\"@id\":\"https:\/\/noticiasemdestaque.com\/cd\/?p=26427#breadcrumb\"},\"inLanguage\":\"pt-BR\",\"potentialAction\":[{\"@type\":\"ReadAction\",\"target\":[\"https:\/\/noticiasemdestaque.com\/cd\/?p=26427\"]}]},{\"@type\":\"ImageObject\",\"inLanguage\":\"pt-BR\",\"@id\":\"https:\/\/noticiasemdestaque.com\/cd\/?p=26427#primaryimage\",\"url\":\"https:\/\/noticiasemdestaque.com\/cd\/wp-content\/uploads\/2020\/08\/indice-1.jpg\",\"contentUrl\":\"https:\/\/noticiasemdestaque.com\/cd\/wp-content\/uploads\/2020\/08\/indice-1.jpg\",\"width\":225,\"height\":400},{\"@type\":\"BreadcrumbList\",\"@id\":\"https:\/\/noticiasemdestaque.com\/cd\/?p=26427#breadcrumb\",\"itemListElement\":[{\"@type\":\"ListItem\",\"position\":1,\"name\":\"In\u00edcio\",\"item\":\"https:\/\/noticiasemdestaque.com\/cd\/\"},{\"@type\":\"ListItem\",\"position\":2,\"name\":\"15 novos casos de Covid-19 s\u00e3o confirmados em Monteiro\"}]},{\"@type\":\"WebSite\",\"@id\":\"https:\/\/noticiasemdestaque.com\/cd\/#website\",\"url\":\"https:\/\/noticiasemdestaque.com\/cd\/\",\"name\":\"Not&iacute;cias em Destaque\",\"description\":\"\",\"publisher\":{\"@id\":\"https:\/\/noticiasemdestaque.com\/cd\/#organization\"},\"potentialAction\":[{\"@type\":\"SearchAction\",\"target\":{\"@type\":\"EntryPoint\",\"urlTemplate\":\"https:\/\/noticiasemdestaque.com\/cd\/?s={search_term_string}\"},\"query-input\":{\"@type\":\"PropertyValueSpecification\",\"valueRequired\":true,\"valueName\":\"search_term_string\"}}],\"inLanguage\":\"pt-BR\"},{\"@type\":\"Organization\",\"@id\":\"https:\/\/noticiasemdestaque.com\/cd\/#organization\",\"name\":\"Not\u00edcias em Destaque\",\"url\":\"https:\/\/noticiasemdestaque.com\/cd\/\",\"logo\":{\"@type\":\"ImageObject\",\"inLanguage\":\"pt-BR\",\"@id\":\"https:\/\/noticiasemdestaque.com\/cd\/#\/schema\/logo\/image\/\",\"url\":\"https:\/\/noticiasemdestaque.com\/cd\/wp-content\/uploads\/2022\/05\/imagem-base-noticiasemdestaque.png\",\"contentUrl\":\"https:\/\/noticiasemdestaque.com\/cd\/wp-content\/uploads\/2022\/05\/imagem-base-noticiasemdestaque.png\",\"width\":1200,\"height\":630,\"caption\":\"Not\u00edcias em Destaque\"},\"image\":{\"@id\":\"https:\/\/noticiasemdestaque.com\/cd\/#\/schema\/logo\/image\/\"}},{\"@type\":\"Person\",\"@id\":\"https:\/\/noticiasemdestaque.com\/cd\/#\/schema\/person\/21320b03a7e8bb90128938dafc9b908a\",\"name\":\"Not\u00edcias em Destaque\",\"url\":\"https:\/\/noticiasemdestaque.com\/cd\/?author=2\"}]}<\/script>\n<!-- \/ Yoast SEO plugin. -->","yoast_head_json":{"title":"15 novos casos de Covid-19 s\u00e3o confirmados em Monteiro - Not&iacute;cias em Destaque","robots":{"index":"index","follow":"follow","max-snippet":"max-snippet:-1","max-image-preview":"max-image-preview:large","max-video-preview":"max-video-preview:-1"},"canonical":"https:\/\/noticiasemdestaque.com\/cd\/?p=26427","og_locale":"pt_BR","og_type":"article","og_title":"15 novos casos de Covid-19 s\u00e3o confirmados em Monteiro - Not&iacute;cias em Destaque","og_description":"A prefeitura municipal de Monteiro confirmou nesta quinta-feira(20\/08), 15 novos casos positivos de Covid-19, de uma s\u00f3 vez. Segundo o boletim emitido pela secretaria de sa\u00fade, agora o munic\u00edpio j\u00e1 t\u00eam 481 casos. Ainda segundo o boletim, 337 casos est\u00e3o recuperados, 70 est\u00e3o em investiga\u00e7\u00e3o, 2001 foram descartados, 139 casos ativos e o munic\u00edpio t\u00eam cinco \u00f3bitos registrados. Os casos de hoje: Sendo 03 casos: 28, 59 e 72 anos do sexo feminino, e 12 casos: 05, 12, dois pacientes de 20 anos, 24, 26, 33, 36, 41, dois pacientes de 42 anos e 52 anos, sexo masculino.\u00a0\u00a0Est\u00e3o sendo monitorados pela equipe de Vigil\u00e2ncia em Sa\u00fade do Munic\u00edpio, em isolamento domiciliar. Nesta data tem 01 paciente internado no Hospital de Trauma e outro paciente no Hospital das Cl\u00ednicas, em Campina Grande. Esses referidos pacientes permanecem est\u00e1veis.","og_url":"https:\/\/noticiasemdestaque.com\/cd\/?p=26427","og_site_name":"Not&iacute;cias em Destaque","article_published_time":"2020-08-20T21:20:13+00:00","og_image":[{"width":225,"height":400,"url":"https:\/\/noticiasemdestaque.com\/cd\/wp-content\/uploads\/2020\/08\/indice-1.jpg","type":"image\/jpeg"}],"author":"Not\u00edcias em Destaque","twitter_card":"summary_large_image","twitter_misc":{"Escrito por":"Not\u00edcias em Destaque","Est. tempo de leitura":"1 minuto"},"schema":{"@context":"https:\/\/schema.org","@graph":[{"@type":"Article","@id":"https:\/\/noticiasemdestaque.com\/cd\/?p=26427#article","isPartOf":{"@id":"https:\/\/noticiasemdestaque.com\/cd\/?p=26427"},"author":{"name":"Not\u00edcias em Destaque","@id":"https:\/\/noticiasemdestaque.com\/cd\/#\/schema\/person\/21320b03a7e8bb90128938dafc9b908a"},"headline":"15 novos casos de Covid-19 s\u00e3o confirmados em Monteiro","datePublished":"2020-08-20T21:20:13+00:00","mainEntityOfPage":{"@id":"https:\/\/noticiasemdestaque.com\/cd\/?p=26427"},"wordCount":138,"publisher":{"@id":"https:\/\/noticiasemdestaque.com\/cd\/#organization"},"image":{"@id":"https:\/\/noticiasemdestaque.com\/cd\/?p=26427#primaryimage"},"thumbnailUrl":"https:\/\/noticiasemdestaque.com\/cd\/wp-content\/uploads\/2020\/08\/indice-1.jpg","articleSection":["Cidades"],"inLanguage":"pt-BR"},{"@type":"WebPage","@id":"https:\/\/noticiasemdestaque.com\/cd\/?p=26427","url":"https:\/\/noticiasemdestaque.com\/cd\/?p=26427","name":"15 novos casos de Covid-19 s\u00e3o confirmados em Monteiro - Not&iacute;cias em Destaque","isPartOf":{"@id":"https:\/\/noticiasemdestaque.com\/cd\/#website"},"primaryImageOfPage":{"@id":"https:\/\/noticiasemdestaque.com\/cd\/?p=26427#primaryimage"},"image":{"@id":"https:\/\/noticiasemdestaque.com\/cd\/?p=26427#primaryimage"},"thumbnailUrl":"https:\/\/noticiasemdestaque.com\/cd\/wp-content\/uploads\/2020\/08\/indice-1.jpg","datePublished":"2020-08-20T21:20:13+00:00","breadcrumb":{"@id":"https:\/\/noticiasemdestaque.com\/cd\/?p=26427#breadcrumb"},"inLanguage":"pt-BR","potentialAction":[{"@type":"ReadAction","target":["https:\/\/noticiasemdestaque.com\/cd\/?p=26427"]}]},{"@type":"ImageObject","inLanguage":"pt-BR","@id":"https:\/\/noticiasemdestaque.com\/cd\/?p=26427#primaryimage","url":"https:\/\/noticiasemdestaque.com\/cd\/wp-content\/uploads\/2020\/08\/indice-1.jpg","contentUrl":"https:\/\/noticiasemdestaque.com\/cd\/wp-content\/uploads\/2020\/08\/indice-1.jpg","width":225,"height":400},{"@type":"BreadcrumbList","@id":"https:\/\/noticiasemdestaque.com\/cd\/?p=26427#breadcrumb","itemListElement":[{"@type":"ListItem","position":1,"name":"In\u00edcio","item":"https:\/\/noticiasemdestaque.com\/cd\/"},{"@type":"ListItem","position":2,"name":"15 novos casos de Covid-19 s\u00e3o confirmados em Monteiro"}]},{"@type":"WebSite","@id":"https:\/\/noticiasemdestaque.com\/cd\/#website","url":"https:\/\/noticiasemdestaque.com\/cd\/","name":"Not&iacute;cias em Destaque","description":"","publisher":{"@id":"https:\/\/noticiasemdestaque.com\/cd\/#organization"},"potentialAction":[{"@type":"SearchAction","target":{"@type":"EntryPoint","urlTemplate":"https:\/\/noticiasemdestaque.com\/cd\/?s={search_term_string}"},"query-input":{"@type":"PropertyValueSpecification","valueRequired":true,"valueName":"search_term_string"}}],"inLanguage":"pt-BR"},{"@type":"Organization","@id":"https:\/\/noticiasemdestaque.com\/cd\/#organization","name":"Not\u00edcias em Destaque","url":"https:\/\/noticiasemdestaque.com\/cd\/","logo":{"@type":"ImageObject","inLanguage":"pt-BR","@id":"https:\/\/noticiasemdestaque.com\/cd\/#\/schema\/logo\/image\/","url":"https:\/\/noticiasemdestaque.com\/cd\/wp-content\/uploads\/2022\/05\/imagem-base-noticiasemdestaque.png","contentUrl":"https:\/\/noticiasemdestaque.com\/cd\/wp-content\/uploads\/2022\/05\/imagem-base-noticiasemdestaque.png","width":1200,"height":630,"caption":"Not\u00edcias em Destaque"},"image":{"@id":"https:\/\/noticiasemdestaque.com\/cd\/#\/schema\/logo\/image\/"}},{"@type":"Person","@id":"https:\/\/noticiasemdestaque.com\/cd\/#\/schema\/person\/21320b03a7e8bb90128938dafc9b908a","name":"Not\u00edcias em Destaque","url":"https:\/\/noticiasemdestaque.com\/cd\/?author=2"}]}},"jetpack_featured_media_url":"https:\/\/noticiasemdestaque.com\/cd\/wp-content\/uploads\/2020\/08\/indice-1.jpg","jetpack_sharing_enabled":true,"_links":{"self":[{"href":"https:\/\/noticiasemdestaque.com\/cd\/index.php?rest_route=\/wp\/v2\/posts\/26427","targetHints":{"allow":["GET"]}}],"collection":[{"href":"https:\/\/noticiasemdestaque.com\/cd\/index.php?rest_route=\/wp\/v2\/posts"}],"about":[{"href":"https:\/\/noticiasemdestaque.com\/cd\/index.php?rest_route=\/wp\/v2\/types\/post"}],"author":[{"embeddable":true,"href":"https:\/\/noticiasemdestaque.com\/cd\/index.php?rest_route=\/wp\/v2\/users\/2"}],"replies":[{"embeddable":true,"href":"https:\/\/noticiasemdestaque.com\/cd\/index.php?rest_route=%2Fwp%2Fv2%2Fcomments&post=26427"}],"version-history":[{"count":1,"href":"https:\/\/noticiasemdestaque.com\/cd\/index.php?rest_route=\/wp\/v2\/posts\/26427\/revisions"}],"predecessor-version":[{"id":26429,"href":"https:\/\/noticiasemdestaque.com\/cd\/index.php?rest_route=\/wp\/v2\/posts\/26427\/revisions\/26429"}],"wp:featuredmedia":[{"embeddable":true,"href":"https:\/\/noticiasemdestaque.com\/cd\/index.php?rest_route=\/wp\/v2\/media\/26428"}],"wp:attachment":[{"href":"https:\/\/noticiasemdestaque.com\/cd\/index.php?rest_route=%2Fwp%2Fv2%2Fmedia&parent=26427"}],"wp:term":[{"taxonomy":"category","embeddable":true,"href":"https:\/\/noticiasemdestaque.com\/cd\/index.php?rest_route=%2Fwp%2Fv2%2Fcategories&post=26427"},{"taxonomy":"post_tag","embeddable":true,"href":"https:\/\/noticiasemdestaque.com\/cd\/index.php?rest_route=%2Fwp%2Fv2%2Ftags&post=26427"}],"curies":[{"name":"wp","href":"https:\/\/api.w.org\/{rel}","templated":true}]}}