{"id":26298,"date":"2020-08-14T06:24:59","date_gmt":"2020-08-14T09:24:59","guid":{"rendered":"http:\/\/noticiasemdestaque.com\/cd\/?p=26298"},"modified":"2020-08-14T06:24:59","modified_gmt":"2020-08-14T09:24:59","slug":"fim-do-misterio-dr-junior-anunciara-nesta-sexta-feira-nome-do-pre-candidato-a-prefeito-e-vice-prefeito-de-ouro-velho","status":"publish","type":"post","link":"https:\/\/noticiasemdestaque.com\/cd\/?p=26298","title":{"rendered":"FIM DO MIST\u00c9RIO: Dr. J\u00fanior anunciar\u00e1 nesta sexta-feira nome do pr\u00e9-candidato a prefeito e vice-prefeito de Ouro Velho"},"content":{"rendered":"<p><a href=\"https:\/\/noticiasemdestaque.com\/cd\/wp-content\/uploads\/2020\/08\/DSC_0313.jpg\"><img fetchpriority=\"high\" decoding=\"async\" class=\"size-large wp-image-26299 aligncenter\" src=\"https:\/\/noticiasemdestaque.com\/cd\/wp-content\/uploads\/2020\/08\/DSC_0313-1024x683.jpg\" alt=\"\" width=\"1024\" height=\"683\" srcset=\"https:\/\/noticiasemdestaque.com\/cd\/wp-content\/uploads\/2020\/08\/DSC_0313-1024x683.jpg 1024w, https:\/\/noticiasemdestaque.com\/cd\/wp-content\/uploads\/2020\/08\/DSC_0313-300x200.jpg 300w, https:\/\/noticiasemdestaque.com\/cd\/wp-content\/uploads\/2020\/08\/DSC_0313-768x512.jpg 768w, https:\/\/noticiasemdestaque.com\/cd\/wp-content\/uploads\/2020\/08\/DSC_0313-480x320.jpg 480w, https:\/\/noticiasemdestaque.com\/cd\/wp-content\/uploads\/2020\/08\/DSC_0313.jpg 1600w\" sizes=\"(max-width: 1024px) 100vw, 1024px\" \/><\/a><\/p>\n<p>Nesta sexta-feira (14), o l\u00edder pol\u00edtico e m\u00e9dico Dr. J\u00fanior, esposo da prefeita Nat\u00e1lia, anunciar\u00e1 finalmente que vai ser o pr\u00e9-candidato a prefeito pelo grupo de situa\u00e7\u00e3o no munic\u00edpio de Ouro Velho.<\/p>\n<p>Al\u00e9m do nome do pr\u00e9-candidato a prefeito, tamb\u00e9m ser\u00e3o anunciados os nomes dos pr\u00e9-candidatos a vice-prefeito e dos pr\u00e9-candidatos a vereadores.<\/p>\n<p>O comunicado ser\u00e1 feito \u00e1s 15h, atrav\u00e9s de uma Live na p\u00e1gina do Cariri em A\u00e7\u00e3o no Facebook.<\/p>\n<p>Com Cariri em A\u00e7\u00e3o<\/p>\n","protected":false},"excerpt":{"rendered":"<p>Nesta sexta-feira (14), o l\u00edder pol\u00edtico e m\u00e9dico Dr. J\u00fanior, esposo da prefeita Nat\u00e1lia, anunciar\u00e1 finalmente que vai ser o pr\u00e9-candidato a prefeito pelo grupo de situa\u00e7\u00e3o no munic\u00edpio de Ouro Velho. Al\u00e9m do nome do pr\u00e9-candidato a prefeito, tamb\u00e9m ser\u00e3o anunciados os nomes dos pr\u00e9-candidatos a vice-prefeito e dos pr\u00e9-candidatos a vereadores. O comunicado ser\u00e1 feito \u00e1s 15h, atrav\u00e9s de uma Live na p\u00e1gina do Cariri em A\u00e7\u00e3o no Facebook. Com Cariri em A\u00e7\u00e3o<\/p>\n","protected":false},"author":2,"featured_media":26299,"comment_status":"closed","ping_status":"open","sticky":false,"template":"","format":"standard","meta":{"_eb_attr":"","_jetpack_memberships_contains_paid_content":false,"footnotes":""},"categories":[4],"tags":[],"class_list":["post-26298","post","type-post","status-publish","format-standard","has-post-thumbnail","hentry","category-politica"],"yoast_head":"<!-- This site is optimized with the Yoast SEO plugin v26.5 - https:\/\/yoast.com\/wordpress\/plugins\/seo\/ -->\n<title>FIM DO MIST\u00c9RIO: Dr. J\u00fanior anunciar\u00e1 nesta sexta-feira nome do pr\u00e9-candidato a prefeito e vice-prefeito de Ouro Velho - Not&iacute;cias em Destaque<\/title>\n<meta name=\"robots\" content=\"index, follow, max-snippet:-1, max-image-preview:large, max-video-preview:-1\" \/>\n<link rel=\"canonical\" href=\"https:\/\/noticiasemdestaque.com\/cd\/?p=26298\" \/>\n<meta property=\"og:locale\" content=\"pt_BR\" \/>\n<meta property=\"og:type\" content=\"article\" \/>\n<meta property=\"og:title\" content=\"FIM DO MIST\u00c9RIO: Dr. J\u00fanior anunciar\u00e1 nesta sexta-feira nome do pr\u00e9-candidato a prefeito e vice-prefeito de Ouro Velho - Not&iacute;cias em Destaque\" \/>\n<meta property=\"og:description\" content=\"Nesta sexta-feira (14), o l\u00edder pol\u00edtico e m\u00e9dico Dr. J\u00fanior, esposo da prefeita Nat\u00e1lia, anunciar\u00e1 finalmente que vai ser o pr\u00e9-candidato a prefeito pelo grupo de situa\u00e7\u00e3o no munic\u00edpio de Ouro Velho. Al\u00e9m do nome do pr\u00e9-candidato a prefeito, tamb\u00e9m ser\u00e3o anunciados os nomes dos pr\u00e9-candidatos a vice-prefeito e dos pr\u00e9-candidatos a vereadores. O comunicado ser\u00e1 feito \u00e1s 15h, atrav\u00e9s de uma Live na p\u00e1gina do Cariri em A\u00e7\u00e3o no Facebook. Com Cariri em A\u00e7\u00e3o\" \/>\n<meta property=\"og:url\" content=\"https:\/\/noticiasemdestaque.com\/cd\/?p=26298\" \/>\n<meta property=\"og:site_name\" content=\"Not&iacute;cias em Destaque\" \/>\n<meta property=\"article:published_time\" content=\"2020-08-14T09:24:59+00:00\" \/>\n<meta property=\"og:image\" content=\"https:\/\/noticiasemdestaque.com\/cd\/wp-content\/uploads\/2020\/08\/DSC_0313.jpg\" \/>\n\t<meta property=\"og:image:width\" content=\"1600\" \/>\n\t<meta property=\"og:image:height\" content=\"1067\" \/>\n\t<meta property=\"og:image:type\" content=\"image\/jpeg\" \/>\n<meta name=\"author\" content=\"Not\u00edcias em Destaque\" \/>\n<meta name=\"twitter:card\" content=\"summary_large_image\" \/>\n<meta name=\"twitter:label1\" content=\"Escrito por\" \/>\n\t<meta name=\"twitter:data1\" content=\"Not\u00edcias em Destaque\" \/>\n<script type=\"application\/ld+json\" class=\"yoast-schema-graph\">{\"@context\":\"https:\/\/schema.org\",\"@graph\":[{\"@type\":\"Article\",\"@id\":\"https:\/\/noticiasemdestaque.com\/cd\/?p=26298#article\",\"isPartOf\":{\"@id\":\"https:\/\/noticiasemdestaque.com\/cd\/?p=26298\"},\"author\":{\"name\":\"Not\u00edcias em Destaque\",\"@id\":\"https:\/\/noticiasemdestaque.com\/cd\/#\/schema\/person\/21320b03a7e8bb90128938dafc9b908a\"},\"headline\":\"FIM DO MIST\u00c9RIO: Dr. J\u00fanior anunciar\u00e1 nesta sexta-feira nome do pr\u00e9-candidato a prefeito e vice-prefeito de Ouro Velho\",\"datePublished\":\"2020-08-14T09:24:59+00:00\",\"mainEntityOfPage\":{\"@id\":\"https:\/\/noticiasemdestaque.com\/cd\/?p=26298\"},\"wordCount\":113,\"publisher\":{\"@id\":\"https:\/\/noticiasemdestaque.com\/cd\/#organization\"},\"image\":{\"@id\":\"https:\/\/noticiasemdestaque.com\/cd\/?p=26298#primaryimage\"},\"thumbnailUrl\":\"https:\/\/noticiasemdestaque.com\/cd\/wp-content\/uploads\/2020\/08\/DSC_0313.jpg\",\"articleSection\":[\"Pol\u00edtica\"],\"inLanguage\":\"pt-BR\"},{\"@type\":\"WebPage\",\"@id\":\"https:\/\/noticiasemdestaque.com\/cd\/?p=26298\",\"url\":\"https:\/\/noticiasemdestaque.com\/cd\/?p=26298\",\"name\":\"FIM DO MIST\u00c9RIO: Dr. J\u00fanior anunciar\u00e1 nesta sexta-feira nome do pr\u00e9-candidato a prefeito e vice-prefeito de Ouro Velho - Not&iacute;cias em Destaque\",\"isPartOf\":{\"@id\":\"https:\/\/noticiasemdestaque.com\/cd\/#website\"},\"primaryImageOfPage\":{\"@id\":\"https:\/\/noticiasemdestaque.com\/cd\/?p=26298#primaryimage\"},\"image\":{\"@id\":\"https:\/\/noticiasemdestaque.com\/cd\/?p=26298#primaryimage\"},\"thumbnailUrl\":\"https:\/\/noticiasemdestaque.com\/cd\/wp-content\/uploads\/2020\/08\/DSC_0313.jpg\",\"datePublished\":\"2020-08-14T09:24:59+00:00\",\"breadcrumb\":{\"@id\":\"https:\/\/noticiasemdestaque.com\/cd\/?p=26298#breadcrumb\"},\"inLanguage\":\"pt-BR\",\"potentialAction\":[{\"@type\":\"ReadAction\",\"target\":[\"https:\/\/noticiasemdestaque.com\/cd\/?p=26298\"]}]},{\"@type\":\"ImageObject\",\"inLanguage\":\"pt-BR\",\"@id\":\"https:\/\/noticiasemdestaque.com\/cd\/?p=26298#primaryimage\",\"url\":\"https:\/\/noticiasemdestaque.com\/cd\/wp-content\/uploads\/2020\/08\/DSC_0313.jpg\",\"contentUrl\":\"https:\/\/noticiasemdestaque.com\/cd\/wp-content\/uploads\/2020\/08\/DSC_0313.jpg\",\"width\":1600,\"height\":1067},{\"@type\":\"BreadcrumbList\",\"@id\":\"https:\/\/noticiasemdestaque.com\/cd\/?p=26298#breadcrumb\",\"itemListElement\":[{\"@type\":\"ListItem\",\"position\":1,\"name\":\"In\u00edcio\",\"item\":\"https:\/\/noticiasemdestaque.com\/cd\/\"},{\"@type\":\"ListItem\",\"position\":2,\"name\":\"FIM DO MIST\u00c9RIO: Dr. J\u00fanior anunciar\u00e1 nesta sexta-feira nome do pr\u00e9-candidato a prefeito e vice-prefeito de Ouro Velho\"}]},{\"@type\":\"WebSite\",\"@id\":\"https:\/\/noticiasemdestaque.com\/cd\/#website\",\"url\":\"https:\/\/noticiasemdestaque.com\/cd\/\",\"name\":\"Not&iacute;cias em Destaque\",\"description\":\"\",\"publisher\":{\"@id\":\"https:\/\/noticiasemdestaque.com\/cd\/#organization\"},\"potentialAction\":[{\"@type\":\"SearchAction\",\"target\":{\"@type\":\"EntryPoint\",\"urlTemplate\":\"https:\/\/noticiasemdestaque.com\/cd\/?s={search_term_string}\"},\"query-input\":{\"@type\":\"PropertyValueSpecification\",\"valueRequired\":true,\"valueName\":\"search_term_string\"}}],\"inLanguage\":\"pt-BR\"},{\"@type\":\"Organization\",\"@id\":\"https:\/\/noticiasemdestaque.com\/cd\/#organization\",\"name\":\"Not\u00edcias em Destaque\",\"url\":\"https:\/\/noticiasemdestaque.com\/cd\/\",\"logo\":{\"@type\":\"ImageObject\",\"inLanguage\":\"pt-BR\",\"@id\":\"https:\/\/noticiasemdestaque.com\/cd\/#\/schema\/logo\/image\/\",\"url\":\"https:\/\/noticiasemdestaque.com\/cd\/wp-content\/uploads\/2022\/05\/imagem-base-noticiasemdestaque.png\",\"contentUrl\":\"https:\/\/noticiasemdestaque.com\/cd\/wp-content\/uploads\/2022\/05\/imagem-base-noticiasemdestaque.png\",\"width\":1200,\"height\":630,\"caption\":\"Not\u00edcias em Destaque\"},\"image\":{\"@id\":\"https:\/\/noticiasemdestaque.com\/cd\/#\/schema\/logo\/image\/\"}},{\"@type\":\"Person\",\"@id\":\"https:\/\/noticiasemdestaque.com\/cd\/#\/schema\/person\/21320b03a7e8bb90128938dafc9b908a\",\"name\":\"Not\u00edcias em Destaque\",\"url\":\"https:\/\/noticiasemdestaque.com\/cd\/?author=2\"}]}<\/script>\n<!-- \/ Yoast SEO plugin. -->","yoast_head_json":{"title":"FIM DO MIST\u00c9RIO: Dr. J\u00fanior anunciar\u00e1 nesta sexta-feira nome do pr\u00e9-candidato a prefeito e vice-prefeito de Ouro Velho - Not&iacute;cias em Destaque","robots":{"index":"index","follow":"follow","max-snippet":"max-snippet:-1","max-image-preview":"max-image-preview:large","max-video-preview":"max-video-preview:-1"},"canonical":"https:\/\/noticiasemdestaque.com\/cd\/?p=26298","og_locale":"pt_BR","og_type":"article","og_title":"FIM DO MIST\u00c9RIO: Dr. J\u00fanior anunciar\u00e1 nesta sexta-feira nome do pr\u00e9-candidato a prefeito e vice-prefeito de Ouro Velho - Not&iacute;cias em Destaque","og_description":"Nesta sexta-feira (14), o l\u00edder pol\u00edtico e m\u00e9dico Dr. J\u00fanior, esposo da prefeita Nat\u00e1lia, anunciar\u00e1 finalmente que vai ser o pr\u00e9-candidato a prefeito pelo grupo de situa\u00e7\u00e3o no munic\u00edpio de Ouro Velho. Al\u00e9m do nome do pr\u00e9-candidato a prefeito, tamb\u00e9m ser\u00e3o anunciados os nomes dos pr\u00e9-candidatos a vice-prefeito e dos pr\u00e9-candidatos a vereadores. O comunicado ser\u00e1 feito \u00e1s 15h, atrav\u00e9s de uma Live na p\u00e1gina do Cariri em A\u00e7\u00e3o no Facebook. Com Cariri em A\u00e7\u00e3o","og_url":"https:\/\/noticiasemdestaque.com\/cd\/?p=26298","og_site_name":"Not&iacute;cias em Destaque","article_published_time":"2020-08-14T09:24:59+00:00","og_image":[{"width":1600,"height":1067,"url":"https:\/\/noticiasemdestaque.com\/cd\/wp-content\/uploads\/2020\/08\/DSC_0313.jpg","type":"image\/jpeg"}],"author":"Not\u00edcias em Destaque","twitter_card":"summary_large_image","twitter_misc":{"Escrito por":"Not\u00edcias em Destaque"},"schema":{"@context":"https:\/\/schema.org","@graph":[{"@type":"Article","@id":"https:\/\/noticiasemdestaque.com\/cd\/?p=26298#article","isPartOf":{"@id":"https:\/\/noticiasemdestaque.com\/cd\/?p=26298"},"author":{"name":"Not\u00edcias em Destaque","@id":"https:\/\/noticiasemdestaque.com\/cd\/#\/schema\/person\/21320b03a7e8bb90128938dafc9b908a"},"headline":"FIM DO MIST\u00c9RIO: Dr. J\u00fanior anunciar\u00e1 nesta sexta-feira nome do pr\u00e9-candidato a prefeito e vice-prefeito de Ouro Velho","datePublished":"2020-08-14T09:24:59+00:00","mainEntityOfPage":{"@id":"https:\/\/noticiasemdestaque.com\/cd\/?p=26298"},"wordCount":113,"publisher":{"@id":"https:\/\/noticiasemdestaque.com\/cd\/#organization"},"image":{"@id":"https:\/\/noticiasemdestaque.com\/cd\/?p=26298#primaryimage"},"thumbnailUrl":"https:\/\/noticiasemdestaque.com\/cd\/wp-content\/uploads\/2020\/08\/DSC_0313.jpg","articleSection":["Pol\u00edtica"],"inLanguage":"pt-BR"},{"@type":"WebPage","@id":"https:\/\/noticiasemdestaque.com\/cd\/?p=26298","url":"https:\/\/noticiasemdestaque.com\/cd\/?p=26298","name":"FIM DO MIST\u00c9RIO: Dr. J\u00fanior anunciar\u00e1 nesta sexta-feira nome do pr\u00e9-candidato a prefeito e vice-prefeito de Ouro Velho - Not&iacute;cias em Destaque","isPartOf":{"@id":"https:\/\/noticiasemdestaque.com\/cd\/#website"},"primaryImageOfPage":{"@id":"https:\/\/noticiasemdestaque.com\/cd\/?p=26298#primaryimage"},"image":{"@id":"https:\/\/noticiasemdestaque.com\/cd\/?p=26298#primaryimage"},"thumbnailUrl":"https:\/\/noticiasemdestaque.com\/cd\/wp-content\/uploads\/2020\/08\/DSC_0313.jpg","datePublished":"2020-08-14T09:24:59+00:00","breadcrumb":{"@id":"https:\/\/noticiasemdestaque.com\/cd\/?p=26298#breadcrumb"},"inLanguage":"pt-BR","potentialAction":[{"@type":"ReadAction","target":["https:\/\/noticiasemdestaque.com\/cd\/?p=26298"]}]},{"@type":"ImageObject","inLanguage":"pt-BR","@id":"https:\/\/noticiasemdestaque.com\/cd\/?p=26298#primaryimage","url":"https:\/\/noticiasemdestaque.com\/cd\/wp-content\/uploads\/2020\/08\/DSC_0313.jpg","contentUrl":"https:\/\/noticiasemdestaque.com\/cd\/wp-content\/uploads\/2020\/08\/DSC_0313.jpg","width":1600,"height":1067},{"@type":"BreadcrumbList","@id":"https:\/\/noticiasemdestaque.com\/cd\/?p=26298#breadcrumb","itemListElement":[{"@type":"ListItem","position":1,"name":"In\u00edcio","item":"https:\/\/noticiasemdestaque.com\/cd\/"},{"@type":"ListItem","position":2,"name":"FIM DO MIST\u00c9RIO: Dr. J\u00fanior anunciar\u00e1 nesta sexta-feira nome do pr\u00e9-candidato a prefeito e vice-prefeito de Ouro Velho"}]},{"@type":"WebSite","@id":"https:\/\/noticiasemdestaque.com\/cd\/#website","url":"https:\/\/noticiasemdestaque.com\/cd\/","name":"Not&iacute;cias em Destaque","description":"","publisher":{"@id":"https:\/\/noticiasemdestaque.com\/cd\/#organization"},"potentialAction":[{"@type":"SearchAction","target":{"@type":"EntryPoint","urlTemplate":"https:\/\/noticiasemdestaque.com\/cd\/?s={search_term_string}"},"query-input":{"@type":"PropertyValueSpecification","valueRequired":true,"valueName":"search_term_string"}}],"inLanguage":"pt-BR"},{"@type":"Organization","@id":"https:\/\/noticiasemdestaque.com\/cd\/#organization","name":"Not\u00edcias em Destaque","url":"https:\/\/noticiasemdestaque.com\/cd\/","logo":{"@type":"ImageObject","inLanguage":"pt-BR","@id":"https:\/\/noticiasemdestaque.com\/cd\/#\/schema\/logo\/image\/","url":"https:\/\/noticiasemdestaque.com\/cd\/wp-content\/uploads\/2022\/05\/imagem-base-noticiasemdestaque.png","contentUrl":"https:\/\/noticiasemdestaque.com\/cd\/wp-content\/uploads\/2022\/05\/imagem-base-noticiasemdestaque.png","width":1200,"height":630,"caption":"Not\u00edcias em Destaque"},"image":{"@id":"https:\/\/noticiasemdestaque.com\/cd\/#\/schema\/logo\/image\/"}},{"@type":"Person","@id":"https:\/\/noticiasemdestaque.com\/cd\/#\/schema\/person\/21320b03a7e8bb90128938dafc9b908a","name":"Not\u00edcias em Destaque","url":"https:\/\/noticiasemdestaque.com\/cd\/?author=2"}]}},"jetpack_featured_media_url":"https:\/\/noticiasemdestaque.com\/cd\/wp-content\/uploads\/2020\/08\/DSC_0313.jpg","jetpack_sharing_enabled":true,"_links":{"self":[{"href":"https:\/\/noticiasemdestaque.com\/cd\/index.php?rest_route=\/wp\/v2\/posts\/26298","targetHints":{"allow":["GET"]}}],"collection":[{"href":"https:\/\/noticiasemdestaque.com\/cd\/index.php?rest_route=\/wp\/v2\/posts"}],"about":[{"href":"https:\/\/noticiasemdestaque.com\/cd\/index.php?rest_route=\/wp\/v2\/types\/post"}],"author":[{"embeddable":true,"href":"https:\/\/noticiasemdestaque.com\/cd\/index.php?rest_route=\/wp\/v2\/users\/2"}],"replies":[{"embeddable":true,"href":"https:\/\/noticiasemdestaque.com\/cd\/index.php?rest_route=%2Fwp%2Fv2%2Fcomments&post=26298"}],"version-history":[{"count":1,"href":"https:\/\/noticiasemdestaque.com\/cd\/index.php?rest_route=\/wp\/v2\/posts\/26298\/revisions"}],"predecessor-version":[{"id":26300,"href":"https:\/\/noticiasemdestaque.com\/cd\/index.php?rest_route=\/wp\/v2\/posts\/26298\/revisions\/26300"}],"wp:featuredmedia":[{"embeddable":true,"href":"https:\/\/noticiasemdestaque.com\/cd\/index.php?rest_route=\/wp\/v2\/media\/26299"}],"wp:attachment":[{"href":"https:\/\/noticiasemdestaque.com\/cd\/index.php?rest_route=%2Fwp%2Fv2%2Fmedia&parent=26298"}],"wp:term":[{"taxonomy":"category","embeddable":true,"href":"https:\/\/noticiasemdestaque.com\/cd\/index.php?rest_route=%2Fwp%2Fv2%2Fcategories&post=26298"},{"taxonomy":"post_tag","embeddable":true,"href":"https:\/\/noticiasemdestaque.com\/cd\/index.php?rest_route=%2Fwp%2Fv2%2Ftags&post=26298"}],"curies":[{"name":"wp","href":"https:\/\/api.w.org\/{rel}","templated":true}]}}