{"id":26289,"date":"2020-08-12T20:49:18","date_gmt":"2020-08-12T23:49:18","guid":{"rendered":"http:\/\/noticiasemdestaque.com\/cd\/?p=26289"},"modified":"2020-08-12T20:49:18","modified_gmt":"2020-08-12T23:49:18","slug":"sem-aglomeracoes-secretaria-de-educacao-de-amparo-promoveu-dia-do-estudante","status":"publish","type":"post","link":"https:\/\/noticiasemdestaque.com\/cd\/?p=26289","title":{"rendered":"Sem aglomera\u00e7\u00f5es, Secretaria de Educa\u00e7\u00e3o de Amparo promoveu Dia do Estudante"},"content":{"rendered":"<p><a href=\"https:\/\/noticiasemdestaque.com\/cd\/wp-content\/uploads\/2020\/08\/DIA-DO-ESTUDANTE-31.jpg\"><img fetchpriority=\"high\" decoding=\"async\" class=\"size-full wp-image-26291 aligncenter\" src=\"https:\/\/noticiasemdestaque.com\/cd\/wp-content\/uploads\/2020\/08\/DIA-DO-ESTUDANTE-31.jpg\" alt=\"\" width=\"640\" height=\"424\" srcset=\"https:\/\/noticiasemdestaque.com\/cd\/wp-content\/uploads\/2020\/08\/DIA-DO-ESTUDANTE-31.jpg 640w, https:\/\/noticiasemdestaque.com\/cd\/wp-content\/uploads\/2020\/08\/DIA-DO-ESTUDANTE-31-300x199.jpg 300w\" sizes=\"(max-width: 640px) 100vw, 640px\" \/><\/a><\/p>\n<p style=\"font-weight: 400;\">Nessa ter\u00e7a-feira (11) \u00e9 Comemorado o Dia do Estudante, e mesmo em meio \u00e0 pandemia, a Secretaria de Educa\u00e7\u00e3o de Amparo deu um jeitinho de fazer uma bela comemora\u00e7\u00e3o para os alunos.<\/p>\n<p style=\"font-weight: 400;\">A Secretaria junto com os professores da Rede Municipal promoveram uma carreata pelas ruas onde foi feita a distribui\u00e7\u00e3o de kits de doces para todos os alunos da Zona Urbana, a entrega para os alunos da Zona Rural ser\u00e1 feita nessa quarta-feira (12) junto com os Kits Merenda.<\/p>\n<p><a href=\"https:\/\/noticiasemdestaque.com\/cd\/wp-content\/uploads\/2020\/08\/DIA-DO-ESTUDANTE-5.jpg\"><img decoding=\"async\" class=\"size-full wp-image-26290 aligncenter\" src=\"https:\/\/noticiasemdestaque.com\/cd\/wp-content\/uploads\/2020\/08\/DIA-DO-ESTUDANTE-5.jpg\" alt=\"\" width=\"640\" height=\"424\" srcset=\"https:\/\/noticiasemdestaque.com\/cd\/wp-content\/uploads\/2020\/08\/DIA-DO-ESTUDANTE-5.jpg 640w, https:\/\/noticiasemdestaque.com\/cd\/wp-content\/uploads\/2020\/08\/DIA-DO-ESTUDANTE-5-300x199.jpg 300w\" sizes=\"(max-width: 640px) 100vw, 640px\" \/><\/a><\/p>\n<p style=\"font-weight: 400;\">Todos os professores participaram voluntariamente em seus ve\u00edculos evitando assim aglomera\u00e7\u00f5es e preservando a sa\u00fade de todos.<\/p>\n<p style=\"font-weight: 400;\">Nessa quarta-feira (12) a Secretaria far\u00e1 a distribui\u00e7\u00e3o dos kits de merenda escolar para todos os alunos, a partir das 08h00min, para os alunos da zona urbana a entrega ser\u00e1 realizada na quadra do Col\u00e9gio Ildefonso A. da Silva, e para os alunos da Zona Rural, como j\u00e1 hav\u00edamos citado acima, passar\u00e1 uma equipe fazendo a distribui\u00e7\u00e3o.<\/p>\n<p>Com Amparo Ligado<\/p>\n","protected":false},"excerpt":{"rendered":"<p>Nessa ter\u00e7a-feira (11) \u00e9 Comemorado o Dia do Estudante, e mesmo em meio \u00e0 pandemia, a Secretaria de Educa\u00e7\u00e3o de Amparo deu um jeitinho de fazer uma bela comemora\u00e7\u00e3o para os alunos. A Secretaria junto com os professores da Rede Municipal promoveram uma carreata pelas ruas onde foi feita a distribui\u00e7\u00e3o de kits de doces para todos os alunos da Zona Urbana, a entrega para os alunos da Zona Rural ser\u00e1 feita nessa quarta-feira (12) junto com os Kits Merenda. Todos os professores participaram voluntariamente em seus ve\u00edculos evitando assim aglomera\u00e7\u00f5es e preservando a sa\u00fade de todos. Nessa quarta-feira (12) a Secretaria far\u00e1 a distribui\u00e7\u00e3o dos kits de merenda escolar para todos os alunos, a partir das 08h00min, para os alunos da zona urbana a entrega ser\u00e1 realizada na quadra do Col\u00e9gio Ildefonso A. da Silva, e para os alunos da Zona Rural, como j\u00e1 hav\u00edamos citado acima, passar\u00e1 uma equipe fazendo a distribui\u00e7\u00e3o. Com Amparo Ligado<\/p>\n","protected":false},"author":2,"featured_media":26291,"comment_status":"closed","ping_status":"open","sticky":false,"template":"","format":"standard","meta":{"_eb_attr":"","_jetpack_memberships_contains_paid_content":false,"footnotes":""},"categories":[12],"tags":[],"class_list":["post-26289","post","type-post","status-publish","format-standard","has-post-thumbnail","hentry","category-geral"],"yoast_head":"<!-- This site is optimized with the Yoast SEO plugin v26.5 - https:\/\/yoast.com\/wordpress\/plugins\/seo\/ -->\n<title>Sem aglomera\u00e7\u00f5es, Secretaria de Educa\u00e7\u00e3o de Amparo promoveu Dia do Estudante - Not&iacute;cias em Destaque<\/title>\n<meta name=\"robots\" content=\"index, follow, max-snippet:-1, max-image-preview:large, max-video-preview:-1\" \/>\n<link rel=\"canonical\" href=\"https:\/\/noticiasemdestaque.com\/cd\/?p=26289\" \/>\n<meta property=\"og:locale\" content=\"pt_BR\" \/>\n<meta property=\"og:type\" content=\"article\" \/>\n<meta property=\"og:title\" content=\"Sem aglomera\u00e7\u00f5es, Secretaria de Educa\u00e7\u00e3o de Amparo promoveu Dia do Estudante - Not&iacute;cias em Destaque\" \/>\n<meta property=\"og:description\" content=\"Nessa ter\u00e7a-feira (11) \u00e9 Comemorado o Dia do Estudante, e mesmo em meio \u00e0 pandemia, a Secretaria de Educa\u00e7\u00e3o de Amparo deu um jeitinho de fazer uma bela comemora\u00e7\u00e3o para os alunos. A Secretaria junto com os professores da Rede Municipal promoveram uma carreata pelas ruas onde foi feita a distribui\u00e7\u00e3o de kits de doces para todos os alunos da Zona Urbana, a entrega para os alunos da Zona Rural ser\u00e1 feita nessa quarta-feira (12) junto com os Kits Merenda. Todos os professores participaram voluntariamente em seus ve\u00edculos evitando assim aglomera\u00e7\u00f5es e preservando a sa\u00fade de todos. Nessa quarta-feira (12) a Secretaria far\u00e1 a distribui\u00e7\u00e3o dos kits de merenda escolar para todos os alunos, a partir das 08h00min, para os alunos da zona urbana a entrega ser\u00e1 realizada na quadra do Col\u00e9gio Ildefonso A. da Silva, e para os alunos da Zona Rural, como j\u00e1 hav\u00edamos citado acima, passar\u00e1 uma equipe fazendo a distribui\u00e7\u00e3o. Com Amparo Ligado\" \/>\n<meta property=\"og:url\" content=\"https:\/\/noticiasemdestaque.com\/cd\/?p=26289\" \/>\n<meta property=\"og:site_name\" content=\"Not&iacute;cias em Destaque\" \/>\n<meta property=\"article:published_time\" content=\"2020-08-12T23:49:18+00:00\" \/>\n<meta property=\"og:image\" content=\"https:\/\/noticiasemdestaque.com\/cd\/wp-content\/uploads\/2020\/08\/DIA-DO-ESTUDANTE-31.jpg\" \/>\n\t<meta property=\"og:image:width\" content=\"640\" \/>\n\t<meta property=\"og:image:height\" content=\"424\" \/>\n\t<meta property=\"og:image:type\" content=\"image\/jpeg\" \/>\n<meta name=\"author\" content=\"Not\u00edcias em Destaque\" \/>\n<meta name=\"twitter:card\" content=\"summary_large_image\" \/>\n<meta name=\"twitter:label1\" content=\"Escrito por\" \/>\n\t<meta name=\"twitter:data1\" content=\"Not\u00edcias em Destaque\" \/>\n\t<meta name=\"twitter:label2\" content=\"Est. tempo de leitura\" \/>\n\t<meta name=\"twitter:data2\" content=\"1 minuto\" \/>\n<script type=\"application\/ld+json\" class=\"yoast-schema-graph\">{\"@context\":\"https:\/\/schema.org\",\"@graph\":[{\"@type\":\"Article\",\"@id\":\"https:\/\/noticiasemdestaque.com\/cd\/?p=26289#article\",\"isPartOf\":{\"@id\":\"https:\/\/noticiasemdestaque.com\/cd\/?p=26289\"},\"author\":{\"name\":\"Not\u00edcias em Destaque\",\"@id\":\"https:\/\/noticiasemdestaque.com\/cd\/#\/schema\/person\/21320b03a7e8bb90128938dafc9b908a\"},\"headline\":\"Sem aglomera\u00e7\u00f5es, Secretaria de Educa\u00e7\u00e3o de Amparo promoveu Dia do Estudante\",\"datePublished\":\"2020-08-12T23:49:18+00:00\",\"mainEntityOfPage\":{\"@id\":\"https:\/\/noticiasemdestaque.com\/cd\/?p=26289\"},\"wordCount\":177,\"publisher\":{\"@id\":\"https:\/\/noticiasemdestaque.com\/cd\/#organization\"},\"image\":{\"@id\":\"https:\/\/noticiasemdestaque.com\/cd\/?p=26289#primaryimage\"},\"thumbnailUrl\":\"https:\/\/noticiasemdestaque.com\/cd\/wp-content\/uploads\/2020\/08\/DIA-DO-ESTUDANTE-31.jpg\",\"articleSection\":[\"Geral\"],\"inLanguage\":\"pt-BR\"},{\"@type\":\"WebPage\",\"@id\":\"https:\/\/noticiasemdestaque.com\/cd\/?p=26289\",\"url\":\"https:\/\/noticiasemdestaque.com\/cd\/?p=26289\",\"name\":\"Sem aglomera\u00e7\u00f5es, Secretaria de Educa\u00e7\u00e3o de Amparo promoveu Dia do Estudante - Not&iacute;cias em Destaque\",\"isPartOf\":{\"@id\":\"https:\/\/noticiasemdestaque.com\/cd\/#website\"},\"primaryImageOfPage\":{\"@id\":\"https:\/\/noticiasemdestaque.com\/cd\/?p=26289#primaryimage\"},\"image\":{\"@id\":\"https:\/\/noticiasemdestaque.com\/cd\/?p=26289#primaryimage\"},\"thumbnailUrl\":\"https:\/\/noticiasemdestaque.com\/cd\/wp-content\/uploads\/2020\/08\/DIA-DO-ESTUDANTE-31.jpg\",\"datePublished\":\"2020-08-12T23:49:18+00:00\",\"breadcrumb\":{\"@id\":\"https:\/\/noticiasemdestaque.com\/cd\/?p=26289#breadcrumb\"},\"inLanguage\":\"pt-BR\",\"potentialAction\":[{\"@type\":\"ReadAction\",\"target\":[\"https:\/\/noticiasemdestaque.com\/cd\/?p=26289\"]}]},{\"@type\":\"ImageObject\",\"inLanguage\":\"pt-BR\",\"@id\":\"https:\/\/noticiasemdestaque.com\/cd\/?p=26289#primaryimage\",\"url\":\"https:\/\/noticiasemdestaque.com\/cd\/wp-content\/uploads\/2020\/08\/DIA-DO-ESTUDANTE-31.jpg\",\"contentUrl\":\"https:\/\/noticiasemdestaque.com\/cd\/wp-content\/uploads\/2020\/08\/DIA-DO-ESTUDANTE-31.jpg\",\"width\":640,\"height\":424},{\"@type\":\"BreadcrumbList\",\"@id\":\"https:\/\/noticiasemdestaque.com\/cd\/?p=26289#breadcrumb\",\"itemListElement\":[{\"@type\":\"ListItem\",\"position\":1,\"name\":\"In\u00edcio\",\"item\":\"https:\/\/noticiasemdestaque.com\/cd\/\"},{\"@type\":\"ListItem\",\"position\":2,\"name\":\"Sem aglomera\u00e7\u00f5es, Secretaria de Educa\u00e7\u00e3o de Amparo promoveu Dia do Estudante\"}]},{\"@type\":\"WebSite\",\"@id\":\"https:\/\/noticiasemdestaque.com\/cd\/#website\",\"url\":\"https:\/\/noticiasemdestaque.com\/cd\/\",\"name\":\"Not&iacute;cias em Destaque\",\"description\":\"\",\"publisher\":{\"@id\":\"https:\/\/noticiasemdestaque.com\/cd\/#organization\"},\"potentialAction\":[{\"@type\":\"SearchAction\",\"target\":{\"@type\":\"EntryPoint\",\"urlTemplate\":\"https:\/\/noticiasemdestaque.com\/cd\/?s={search_term_string}\"},\"query-input\":{\"@type\":\"PropertyValueSpecification\",\"valueRequired\":true,\"valueName\":\"search_term_string\"}}],\"inLanguage\":\"pt-BR\"},{\"@type\":\"Organization\",\"@id\":\"https:\/\/noticiasemdestaque.com\/cd\/#organization\",\"name\":\"Not\u00edcias em Destaque\",\"url\":\"https:\/\/noticiasemdestaque.com\/cd\/\",\"logo\":{\"@type\":\"ImageObject\",\"inLanguage\":\"pt-BR\",\"@id\":\"https:\/\/noticiasemdestaque.com\/cd\/#\/schema\/logo\/image\/\",\"url\":\"https:\/\/noticiasemdestaque.com\/cd\/wp-content\/uploads\/2022\/05\/imagem-base-noticiasemdestaque.png\",\"contentUrl\":\"https:\/\/noticiasemdestaque.com\/cd\/wp-content\/uploads\/2022\/05\/imagem-base-noticiasemdestaque.png\",\"width\":1200,\"height\":630,\"caption\":\"Not\u00edcias em Destaque\"},\"image\":{\"@id\":\"https:\/\/noticiasemdestaque.com\/cd\/#\/schema\/logo\/image\/\"}},{\"@type\":\"Person\",\"@id\":\"https:\/\/noticiasemdestaque.com\/cd\/#\/schema\/person\/21320b03a7e8bb90128938dafc9b908a\",\"name\":\"Not\u00edcias em Destaque\",\"url\":\"https:\/\/noticiasemdestaque.com\/cd\/?author=2\"}]}<\/script>\n<!-- \/ Yoast SEO plugin. -->","yoast_head_json":{"title":"Sem aglomera\u00e7\u00f5es, Secretaria de Educa\u00e7\u00e3o de Amparo promoveu Dia do Estudante - Not&iacute;cias em Destaque","robots":{"index":"index","follow":"follow","max-snippet":"max-snippet:-1","max-image-preview":"max-image-preview:large","max-video-preview":"max-video-preview:-1"},"canonical":"https:\/\/noticiasemdestaque.com\/cd\/?p=26289","og_locale":"pt_BR","og_type":"article","og_title":"Sem aglomera\u00e7\u00f5es, Secretaria de Educa\u00e7\u00e3o de Amparo promoveu Dia do Estudante - Not&iacute;cias em Destaque","og_description":"Nessa ter\u00e7a-feira (11) \u00e9 Comemorado o Dia do Estudante, e mesmo em meio \u00e0 pandemia, a Secretaria de Educa\u00e7\u00e3o de Amparo deu um jeitinho de fazer uma bela comemora\u00e7\u00e3o para os alunos. A Secretaria junto com os professores da Rede Municipal promoveram uma carreata pelas ruas onde foi feita a distribui\u00e7\u00e3o de kits de doces para todos os alunos da Zona Urbana, a entrega para os alunos da Zona Rural ser\u00e1 feita nessa quarta-feira (12) junto com os Kits Merenda. Todos os professores participaram voluntariamente em seus ve\u00edculos evitando assim aglomera\u00e7\u00f5es e preservando a sa\u00fade de todos. Nessa quarta-feira (12) a Secretaria far\u00e1 a distribui\u00e7\u00e3o dos kits de merenda escolar para todos os alunos, a partir das 08h00min, para os alunos da zona urbana a entrega ser\u00e1 realizada na quadra do Col\u00e9gio Ildefonso A. da Silva, e para os alunos da Zona Rural, como j\u00e1 hav\u00edamos citado acima, passar\u00e1 uma equipe fazendo a distribui\u00e7\u00e3o. Com Amparo Ligado","og_url":"https:\/\/noticiasemdestaque.com\/cd\/?p=26289","og_site_name":"Not&iacute;cias em Destaque","article_published_time":"2020-08-12T23:49:18+00:00","og_image":[{"width":640,"height":424,"url":"https:\/\/noticiasemdestaque.com\/cd\/wp-content\/uploads\/2020\/08\/DIA-DO-ESTUDANTE-31.jpg","type":"image\/jpeg"}],"author":"Not\u00edcias em Destaque","twitter_card":"summary_large_image","twitter_misc":{"Escrito por":"Not\u00edcias em Destaque","Est. tempo de leitura":"1 minuto"},"schema":{"@context":"https:\/\/schema.org","@graph":[{"@type":"Article","@id":"https:\/\/noticiasemdestaque.com\/cd\/?p=26289#article","isPartOf":{"@id":"https:\/\/noticiasemdestaque.com\/cd\/?p=26289"},"author":{"name":"Not\u00edcias em Destaque","@id":"https:\/\/noticiasemdestaque.com\/cd\/#\/schema\/person\/21320b03a7e8bb90128938dafc9b908a"},"headline":"Sem aglomera\u00e7\u00f5es, Secretaria de Educa\u00e7\u00e3o de Amparo promoveu Dia do Estudante","datePublished":"2020-08-12T23:49:18+00:00","mainEntityOfPage":{"@id":"https:\/\/noticiasemdestaque.com\/cd\/?p=26289"},"wordCount":177,"publisher":{"@id":"https:\/\/noticiasemdestaque.com\/cd\/#organization"},"image":{"@id":"https:\/\/noticiasemdestaque.com\/cd\/?p=26289#primaryimage"},"thumbnailUrl":"https:\/\/noticiasemdestaque.com\/cd\/wp-content\/uploads\/2020\/08\/DIA-DO-ESTUDANTE-31.jpg","articleSection":["Geral"],"inLanguage":"pt-BR"},{"@type":"WebPage","@id":"https:\/\/noticiasemdestaque.com\/cd\/?p=26289","url":"https:\/\/noticiasemdestaque.com\/cd\/?p=26289","name":"Sem aglomera\u00e7\u00f5es, Secretaria de Educa\u00e7\u00e3o de Amparo promoveu Dia do Estudante - Not&iacute;cias em Destaque","isPartOf":{"@id":"https:\/\/noticiasemdestaque.com\/cd\/#website"},"primaryImageOfPage":{"@id":"https:\/\/noticiasemdestaque.com\/cd\/?p=26289#primaryimage"},"image":{"@id":"https:\/\/noticiasemdestaque.com\/cd\/?p=26289#primaryimage"},"thumbnailUrl":"https:\/\/noticiasemdestaque.com\/cd\/wp-content\/uploads\/2020\/08\/DIA-DO-ESTUDANTE-31.jpg","datePublished":"2020-08-12T23:49:18+00:00","breadcrumb":{"@id":"https:\/\/noticiasemdestaque.com\/cd\/?p=26289#breadcrumb"},"inLanguage":"pt-BR","potentialAction":[{"@type":"ReadAction","target":["https:\/\/noticiasemdestaque.com\/cd\/?p=26289"]}]},{"@type":"ImageObject","inLanguage":"pt-BR","@id":"https:\/\/noticiasemdestaque.com\/cd\/?p=26289#primaryimage","url":"https:\/\/noticiasemdestaque.com\/cd\/wp-content\/uploads\/2020\/08\/DIA-DO-ESTUDANTE-31.jpg","contentUrl":"https:\/\/noticiasemdestaque.com\/cd\/wp-content\/uploads\/2020\/08\/DIA-DO-ESTUDANTE-31.jpg","width":640,"height":424},{"@type":"BreadcrumbList","@id":"https:\/\/noticiasemdestaque.com\/cd\/?p=26289#breadcrumb","itemListElement":[{"@type":"ListItem","position":1,"name":"In\u00edcio","item":"https:\/\/noticiasemdestaque.com\/cd\/"},{"@type":"ListItem","position":2,"name":"Sem aglomera\u00e7\u00f5es, Secretaria de Educa\u00e7\u00e3o de Amparo promoveu Dia do Estudante"}]},{"@type":"WebSite","@id":"https:\/\/noticiasemdestaque.com\/cd\/#website","url":"https:\/\/noticiasemdestaque.com\/cd\/","name":"Not&iacute;cias em Destaque","description":"","publisher":{"@id":"https:\/\/noticiasemdestaque.com\/cd\/#organization"},"potentialAction":[{"@type":"SearchAction","target":{"@type":"EntryPoint","urlTemplate":"https:\/\/noticiasemdestaque.com\/cd\/?s={search_term_string}"},"query-input":{"@type":"PropertyValueSpecification","valueRequired":true,"valueName":"search_term_string"}}],"inLanguage":"pt-BR"},{"@type":"Organization","@id":"https:\/\/noticiasemdestaque.com\/cd\/#organization","name":"Not\u00edcias em Destaque","url":"https:\/\/noticiasemdestaque.com\/cd\/","logo":{"@type":"ImageObject","inLanguage":"pt-BR","@id":"https:\/\/noticiasemdestaque.com\/cd\/#\/schema\/logo\/image\/","url":"https:\/\/noticiasemdestaque.com\/cd\/wp-content\/uploads\/2022\/05\/imagem-base-noticiasemdestaque.png","contentUrl":"https:\/\/noticiasemdestaque.com\/cd\/wp-content\/uploads\/2022\/05\/imagem-base-noticiasemdestaque.png","width":1200,"height":630,"caption":"Not\u00edcias em Destaque"},"image":{"@id":"https:\/\/noticiasemdestaque.com\/cd\/#\/schema\/logo\/image\/"}},{"@type":"Person","@id":"https:\/\/noticiasemdestaque.com\/cd\/#\/schema\/person\/21320b03a7e8bb90128938dafc9b908a","name":"Not\u00edcias em Destaque","url":"https:\/\/noticiasemdestaque.com\/cd\/?author=2"}]}},"jetpack_featured_media_url":"https:\/\/noticiasemdestaque.com\/cd\/wp-content\/uploads\/2020\/08\/DIA-DO-ESTUDANTE-31.jpg","jetpack_sharing_enabled":true,"_links":{"self":[{"href":"https:\/\/noticiasemdestaque.com\/cd\/index.php?rest_route=\/wp\/v2\/posts\/26289","targetHints":{"allow":["GET"]}}],"collection":[{"href":"https:\/\/noticiasemdestaque.com\/cd\/index.php?rest_route=\/wp\/v2\/posts"}],"about":[{"href":"https:\/\/noticiasemdestaque.com\/cd\/index.php?rest_route=\/wp\/v2\/types\/post"}],"author":[{"embeddable":true,"href":"https:\/\/noticiasemdestaque.com\/cd\/index.php?rest_route=\/wp\/v2\/users\/2"}],"replies":[{"embeddable":true,"href":"https:\/\/noticiasemdestaque.com\/cd\/index.php?rest_route=%2Fwp%2Fv2%2Fcomments&post=26289"}],"version-history":[{"count":1,"href":"https:\/\/noticiasemdestaque.com\/cd\/index.php?rest_route=\/wp\/v2\/posts\/26289\/revisions"}],"predecessor-version":[{"id":26292,"href":"https:\/\/noticiasemdestaque.com\/cd\/index.php?rest_route=\/wp\/v2\/posts\/26289\/revisions\/26292"}],"wp:featuredmedia":[{"embeddable":true,"href":"https:\/\/noticiasemdestaque.com\/cd\/index.php?rest_route=\/wp\/v2\/media\/26291"}],"wp:attachment":[{"href":"https:\/\/noticiasemdestaque.com\/cd\/index.php?rest_route=%2Fwp%2Fv2%2Fmedia&parent=26289"}],"wp:term":[{"taxonomy":"category","embeddable":true,"href":"https:\/\/noticiasemdestaque.com\/cd\/index.php?rest_route=%2Fwp%2Fv2%2Fcategories&post=26289"},{"taxonomy":"post_tag","embeddable":true,"href":"https:\/\/noticiasemdestaque.com\/cd\/index.php?rest_route=%2Fwp%2Fv2%2Ftags&post=26289"}],"curies":[{"name":"wp","href":"https:\/\/api.w.org\/{rel}","templated":true}]}}