{"id":26246,"date":"2020-08-10T16:05:45","date_gmt":"2020-08-10T19:05:45","guid":{"rendered":"http:\/\/noticiasemdestaque.com\/cd\/?p=26246"},"modified":"2020-08-10T16:10:12","modified_gmt":"2020-08-10T19:10:12","slug":"prefeito-eden-duarte-entrega-obra-do-sume-shopping-a-populacao-sumeense","status":"publish","type":"post","link":"https:\/\/noticiasemdestaque.com\/cd\/?p=26246","title":{"rendered":"Prefeito \u00c9den Duarte entrega obra do Sum\u00e9 Shopping \u00e0 popula\u00e7\u00e3o sumeense"},"content":{"rendered":"<p><a href=\"https:\/\/noticiasemdestaque.com\/cd\/wp-content\/uploads\/2020\/08\/e964c7fb-575a-4820-811c-43110a6f4037.jpg\"><img fetchpriority=\"high\" decoding=\"async\" class=\"wp-image-26249 aligncenter\" src=\"https:\/\/noticiasemdestaque.com\/cd\/wp-content\/uploads\/2020\/08\/e964c7fb-575a-4820-811c-43110a6f4037.jpg\" alt=\"\" width=\"623\" height=\"415\" srcset=\"https:\/\/noticiasemdestaque.com\/cd\/wp-content\/uploads\/2020\/08\/e964c7fb-575a-4820-811c-43110a6f4037.jpg 800w, https:\/\/noticiasemdestaque.com\/cd\/wp-content\/uploads\/2020\/08\/e964c7fb-575a-4820-811c-43110a6f4037-300x200.jpg 300w, https:\/\/noticiasemdestaque.com\/cd\/wp-content\/uploads\/2020\/08\/e964c7fb-575a-4820-811c-43110a6f4037-768x512.jpg 768w, https:\/\/noticiasemdestaque.com\/cd\/wp-content\/uploads\/2020\/08\/e964c7fb-575a-4820-811c-43110a6f4037-480x320.jpg 480w\" sizes=\"(max-width: 623px) 100vw, 623px\" \/><\/a><\/p>\n<p>O prefeito \u00c9den entregou na manh\u00e3 dessa segunda-feira, 10, a obra do Centro de Comercializa\u00e7\u00e3o e Artesanato, o Sum\u00e9 Shopping.<\/p>\n<p>O evento contou com a participa\u00e7\u00e3o do prefeito \u00c9den Duarte, dos secret\u00e1rios municipais; dos vereadores: Le\u00f4nidas Albino (Bomba), Ant\u00f4nio Carlos Sarmento, Br\u00edgida Xavier, Daniel L\u00eala e Branco Xiliu; dos gerentes das ag\u00eancias banc\u00e1rias: Emanoel Moreira (Banco do Nordeste), Felipe Souza (Banco do Brasil) e Jo\u00e3o Paulo Miranda (Sicoob) e ainda do jovem L\u00facio Fl\u00e1vio, funcion\u00e1rio da empresa Guanabara, que na ocasi\u00e3o representou todos os lojistas do Shopping.<\/p>\n<p><a href=\"https:\/\/noticiasemdestaque.com\/cd\/wp-content\/uploads\/2020\/08\/74232802-dca3-4310-9b48-4fc610b7680b.jpg\"><img decoding=\"async\" class=\"wp-image-26247 aligncenter\" src=\"https:\/\/noticiasemdestaque.com\/cd\/wp-content\/uploads\/2020\/08\/74232802-dca3-4310-9b48-4fc610b7680b.jpg\" alt=\"\" width=\"501\" height=\"334\" srcset=\"https:\/\/noticiasemdestaque.com\/cd\/wp-content\/uploads\/2020\/08\/74232802-dca3-4310-9b48-4fc610b7680b.jpg 800w, https:\/\/noticiasemdestaque.com\/cd\/wp-content\/uploads\/2020\/08\/74232802-dca3-4310-9b48-4fc610b7680b-300x200.jpg 300w, https:\/\/noticiasemdestaque.com\/cd\/wp-content\/uploads\/2020\/08\/74232802-dca3-4310-9b48-4fc610b7680b-768x512.jpg 768w, https:\/\/noticiasemdestaque.com\/cd\/wp-content\/uploads\/2020\/08\/74232802-dca3-4310-9b48-4fc610b7680b-480x320.jpg 480w\" sizes=\"(max-width: 501px) 100vw, 501px\" \/><\/a><\/p>\n<p>A solenidade aconteceu nas depend\u00eancias do pr\u00e9dio, que leva o nome do senhor Elias Pereira de Ara\u00fajo, um dos primeiros comerciantes do munic\u00edpio de Sum\u00e9, que manteve alguns com\u00e9rcios em sua \u00e9poca e empregou muitos sumeenses naquele per\u00edodo.<\/p>\n<p>A obra traz em sua estrutura uma arquitetura moderna e impactante que abrigar\u00e1 51 lojas dos mais diversos segmentos, incluindo pra\u00e7a de alimenta\u00e7\u00e3o, choperia, pizzaria, restaurante, cafeteria e lanchonete gourmet. A maioria das salas ainda est\u00e1 sendo adaptada pelos comerciantes para que possam iniciar as atividades no pr\u00e9dio.<\/p>\n<p>O Shopping foi pensado de acordo com as caracter\u00edsticas culturais e econ\u00f4micas da regi\u00e3o, e conta com o apoio de uma consultoria especializada do Sebrae.<\/p>\n<p><a href=\"https:\/\/noticiasemdestaque.com\/cd\/wp-content\/uploads\/2020\/08\/9ccf8691-5cce-4c21-ade9-052ab173d54a.jpg\"><img decoding=\"async\" class=\"wp-image-26251 aligncenter\" src=\"https:\/\/noticiasemdestaque.com\/cd\/wp-content\/uploads\/2020\/08\/9ccf8691-5cce-4c21-ade9-052ab173d54a.jpg\" alt=\"\" width=\"504\" height=\"336\" srcset=\"https:\/\/noticiasemdestaque.com\/cd\/wp-content\/uploads\/2020\/08\/9ccf8691-5cce-4c21-ade9-052ab173d54a.jpg 800w, https:\/\/noticiasemdestaque.com\/cd\/wp-content\/uploads\/2020\/08\/9ccf8691-5cce-4c21-ade9-052ab173d54a-300x200.jpg 300w, https:\/\/noticiasemdestaque.com\/cd\/wp-content\/uploads\/2020\/08\/9ccf8691-5cce-4c21-ade9-052ab173d54a-768x512.jpg 768w, https:\/\/noticiasemdestaque.com\/cd\/wp-content\/uploads\/2020\/08\/9ccf8691-5cce-4c21-ade9-052ab173d54a-480x320.jpg 480w\" sizes=\"(max-width: 504px) 100vw, 504px\" \/><\/a><\/p>\n<p>Para o diretor do Shopping, Williams Martinho, falar do Sum\u00e9 Shopping lhe traz entusiasmo por se tratar de um empreendimento novo e desafiador, que vai agregar valor tanto no com\u00e9rcio local como na regi\u00e3o.<\/p>\n<p>Williams ainda destacou a vis\u00e3o contempor\u00e2nea dos gestores, do ex-prefeito Neto e do atual prefeito \u00c9den, que conseguiram identificar a oportunidade de gerar emprego e renda em grande escala, por meio das mais de 50 lojas que o pr\u00e9dio abriga. \u201cA estimativa \u00e9 de que mais de 100 empregos sejam gerados no munic\u00edpio. Entregar o Shopping \u00e9 muito mais que uma estrutura f\u00edsica, trata-se de uma pol\u00edtica p\u00fablica que vai transformar a vida de muitas pessoas por meio da gera\u00e7\u00e3o de emprego e renda. Isso \u00e9 um valor social, que est\u00e1 sendo entregue a todos voc\u00eas hoje\u201d, declarou Williams.<\/p>\n<p><a href=\"https:\/\/noticiasemdestaque.com\/cd\/wp-content\/uploads\/2020\/08\/ba2d2ef3-b5e4-4b66-b591-3bd0c5178e8d.jpg\"><img loading=\"lazy\" decoding=\"async\" class=\"wp-image-26252 aligncenter\" src=\"https:\/\/noticiasemdestaque.com\/cd\/wp-content\/uploads\/2020\/08\/ba2d2ef3-b5e4-4b66-b591-3bd0c5178e8d.jpg\" alt=\"\" width=\"501\" height=\"334\" srcset=\"https:\/\/noticiasemdestaque.com\/cd\/wp-content\/uploads\/2020\/08\/ba2d2ef3-b5e4-4b66-b591-3bd0c5178e8d.jpg 800w, https:\/\/noticiasemdestaque.com\/cd\/wp-content\/uploads\/2020\/08\/ba2d2ef3-b5e4-4b66-b591-3bd0c5178e8d-300x200.jpg 300w, https:\/\/noticiasemdestaque.com\/cd\/wp-content\/uploads\/2020\/08\/ba2d2ef3-b5e4-4b66-b591-3bd0c5178e8d-768x512.jpg 768w, https:\/\/noticiasemdestaque.com\/cd\/wp-content\/uploads\/2020\/08\/ba2d2ef3-b5e4-4b66-b591-3bd0c5178e8d-480x320.jpg 480w\" sizes=\"(max-width: 501px) 100vw, 501px\" \/><\/a><\/p>\n<p>O gerente do BNB, Emanoel Moreira, destacou os investimentos que a Prefeitura tem feito em todas as \u00e1reas da administra\u00e7\u00e3o, al\u00e9m do aspecto hospitaleiro da popula\u00e7\u00e3o sumeense. \u201cAqui \u00e9 uma cidade onde as coisas funcionam\u201d, afirmou.<\/p>\n<p><a href=\"https:\/\/noticiasemdestaque.com\/cd\/wp-content\/uploads\/2020\/08\/80cd8f68-9b7e-4b5d-a5a5-d566d5e349e5.jpg\"><img loading=\"lazy\" decoding=\"async\" class=\"wp-image-26250 aligncenter\" src=\"https:\/\/noticiasemdestaque.com\/cd\/wp-content\/uploads\/2020\/08\/80cd8f68-9b7e-4b5d-a5a5-d566d5e349e5.jpg\" alt=\"\" width=\"498\" height=\"332\" srcset=\"https:\/\/noticiasemdestaque.com\/cd\/wp-content\/uploads\/2020\/08\/80cd8f68-9b7e-4b5d-a5a5-d566d5e349e5.jpg 800w, https:\/\/noticiasemdestaque.com\/cd\/wp-content\/uploads\/2020\/08\/80cd8f68-9b7e-4b5d-a5a5-d566d5e349e5-300x200.jpg 300w, https:\/\/noticiasemdestaque.com\/cd\/wp-content\/uploads\/2020\/08\/80cd8f68-9b7e-4b5d-a5a5-d566d5e349e5-768x512.jpg 768w, https:\/\/noticiasemdestaque.com\/cd\/wp-content\/uploads\/2020\/08\/80cd8f68-9b7e-4b5d-a5a5-d566d5e349e5-480x320.jpg 480w\" sizes=\"(max-width: 498px) 100vw, 498px\" \/><\/a><\/p>\n<p>Em seu discurso, o prefeito \u00c9den Duarte disse que muitas pessoas estariam participando da solenidade, mas em raz\u00e3o da pandemia do coronav\u00edrus, o evento teve que ser reduzido a um n\u00famero limitado de convidados. Ele saudou os lojistas e desejou sucesso a todos. \u201cTenho certeza de que os filhos de Sum\u00e9, que visam o bem comum, \u00a0est\u00e3o em suas casas, em seus trabalhos torcendo por este empreendimento para que Sum\u00e9 continue sendo a cidade que mais cresce e se desenvolve na regi\u00e3o do Cariri\u201d, disse.<\/p>\n<p>\u00c9den tamb\u00e9m fez quest\u00e3o de lembrar do empenho do ex-prefeito Neto para a constru\u00e7\u00e3o da obra e declarou que a ideia, a luta e as dificuldades apresentadas no in\u00edcio foram enfrentadas pelo ex-prefeito.<\/p>\n<p><a href=\"https:\/\/noticiasemdestaque.com\/cd\/wp-content\/uploads\/2020\/08\/IMG_2238.jpg\"><img loading=\"lazy\" decoding=\"async\" class=\"wp-image-26253 aligncenter\" src=\"https:\/\/noticiasemdestaque.com\/cd\/wp-content\/uploads\/2020\/08\/IMG_2238.jpg\" alt=\"\" width=\"501\" height=\"334\" srcset=\"https:\/\/noticiasemdestaque.com\/cd\/wp-content\/uploads\/2020\/08\/IMG_2238.jpg 800w, https:\/\/noticiasemdestaque.com\/cd\/wp-content\/uploads\/2020\/08\/IMG_2238-300x200.jpg 300w, https:\/\/noticiasemdestaque.com\/cd\/wp-content\/uploads\/2020\/08\/IMG_2238-768x512.jpg 768w, https:\/\/noticiasemdestaque.com\/cd\/wp-content\/uploads\/2020\/08\/IMG_2238-480x320.jpg 480w\" sizes=\"(max-width: 501px) 100vw, 501px\" \/><\/a><\/p>\n<p>\u00c9den ainda destacou o trabalho do diretor do Shopping, Williams Martinho e de todos os servidores municipais que contribu\u00edram para o sucesso da conclus\u00e3o do empreendimento, bem como do papel do Sebrae com consultoria para o in\u00edcio dos trabalhos e capta\u00e7\u00e3o de lojistas. Ele ainda falou da parceria das ag\u00eancias banc\u00e1rias do munic\u00edpio, que desde o primeiro momento contribu\u00edram com orienta\u00e7\u00e3o, informa\u00e7\u00e3o e disponibiliza\u00e7\u00e3o de linhas de cr\u00e9dito de financiamento para os empreendedores que est\u00e3o se instalando no shopping.<\/p>\n<p>Ascom\/PMS<\/p>\n","protected":false},"excerpt":{"rendered":"<p>O prefeito \u00c9den entregou na manh\u00e3 dessa segunda-feira, 10, a obra do Centro de Comercializa\u00e7\u00e3o e Artesanato, o Sum\u00e9 Shopping. O evento contou com a participa\u00e7\u00e3o do prefeito \u00c9den Duarte, dos secret\u00e1rios municipais; dos vereadores: Le\u00f4nidas Albino (Bomba), Ant\u00f4nio Carlos Sarmento, Br\u00edgida Xavier, Daniel L\u00eala e Branco Xiliu; dos gerentes das ag\u00eancias banc\u00e1rias: Emanoel Moreira (Banco do Nordeste), Felipe Souza (Banco do Brasil) e Jo\u00e3o Paulo Miranda (Sicoob) e ainda do jovem L\u00facio Fl\u00e1vio, funcion\u00e1rio da empresa Guanabara, que na ocasi\u00e3o representou todos os lojistas do Shopping. A solenidade aconteceu nas depend\u00eancias do pr\u00e9dio, que leva o nome do senhor Elias Pereira de Ara\u00fajo, um dos primeiros comerciantes do munic\u00edpio de Sum\u00e9, que manteve alguns com\u00e9rcios em sua \u00e9poca e empregou muitos sumeenses naquele per\u00edodo. A obra traz em sua estrutura uma arquitetura moderna e impactante que abrigar\u00e1 51 lojas dos mais diversos segmentos, incluindo pra\u00e7a de alimenta\u00e7\u00e3o, choperia, pizzaria, restaurante, cafeteria e lanchonete gourmet. A maioria das salas ainda est\u00e1 sendo adaptada pelos comerciantes para que possam iniciar as atividades no pr\u00e9dio. O Shopping foi pensado de acordo com as caracter\u00edsticas culturais e econ\u00f4micas da regi\u00e3o, e conta com o apoio de uma consultoria especializada do Sebrae. Para o diretor do Shopping, Williams Martinho, falar do Sum\u00e9 Shopping lhe traz entusiasmo por se tratar de um empreendimento novo e desafiador, que vai agregar valor tanto no com\u00e9rcio local como na regi\u00e3o. Williams ainda destacou a vis\u00e3o contempor\u00e2nea dos gestores, do ex-prefeito Neto e do atual prefeito \u00c9den, que conseguiram identificar a oportunidade de gerar emprego e renda em grande escala, por meio das mais de 50 lojas que o pr\u00e9dio abriga. \u201cA estimativa \u00e9 de que mais de 100 empregos sejam gerados no munic\u00edpio. Entregar o Shopping \u00e9 muito mais que uma estrutura f\u00edsica, trata-se de uma pol\u00edtica p\u00fablica que vai transformar a vida de muitas pessoas por meio da gera\u00e7\u00e3o de emprego e renda. Isso \u00e9 um valor social, que est\u00e1 sendo entregue a todos voc\u00eas hoje\u201d, declarou Williams. O gerente do BNB, Emanoel Moreira, destacou os investimentos que a Prefeitura tem feito em todas as \u00e1reas da administra\u00e7\u00e3o, al\u00e9m do aspecto hospitaleiro da popula\u00e7\u00e3o sumeense. \u201cAqui \u00e9 uma cidade onde as coisas funcionam\u201d, afirmou. Em seu discurso, o prefeito \u00c9den Duarte disse que muitas pessoas estariam participando da solenidade, mas em raz\u00e3o da pandemia do coronav\u00edrus, o evento teve que ser reduzido a um n\u00famero limitado de convidados. Ele saudou os lojistas e desejou sucesso a todos. \u201cTenho certeza de que os filhos de Sum\u00e9, que visam o bem comum, \u00a0est\u00e3o em suas casas, em seus trabalhos torcendo por este empreendimento para que Sum\u00e9 continue sendo a cidade que mais cresce e se desenvolve na regi\u00e3o do Cariri\u201d, disse. \u00c9den tamb\u00e9m fez quest\u00e3o de lembrar do empenho do ex-prefeito Neto para a constru\u00e7\u00e3o da obra e declarou que a ideia, a luta e as dificuldades apresentadas no in\u00edcio foram enfrentadas pelo ex-prefeito. \u00c9den ainda destacou o trabalho do diretor do Shopping, Williams Martinho e de todos os servidores municipais que contribu\u00edram para o sucesso da conclus\u00e3o do empreendimento, bem como do papel do Sebrae com consultoria para o in\u00edcio dos trabalhos e capta\u00e7\u00e3o de lojistas. Ele ainda falou da parceria das ag\u00eancias banc\u00e1rias do munic\u00edpio, que desde o primeiro momento contribu\u00edram com orienta\u00e7\u00e3o, informa\u00e7\u00e3o e disponibiliza\u00e7\u00e3o de linhas de cr\u00e9dito de financiamento para os empreendedores que est\u00e3o se instalando no shopping. Ascom\/PMS<\/p>\n","protected":false},"author":2,"featured_media":26248,"comment_status":"closed","ping_status":"open","sticky":false,"template":"","format":"standard","meta":{"_eb_attr":"","_jetpack_memberships_contains_paid_content":false,"footnotes":""},"categories":[3],"tags":[],"class_list":["post-26246","post","type-post","status-publish","format-standard","has-post-thumbnail","hentry","category-cidades"],"yoast_head":"<!-- This site is optimized with the Yoast SEO plugin v26.5 - https:\/\/yoast.com\/wordpress\/plugins\/seo\/ -->\n<title>Prefeito \u00c9den Duarte entrega obra do Sum\u00e9 Shopping \u00e0 popula\u00e7\u00e3o sumeense - Not&iacute;cias em Destaque<\/title>\n<meta name=\"robots\" content=\"index, follow, max-snippet:-1, max-image-preview:large, max-video-preview:-1\" \/>\n<link rel=\"canonical\" href=\"https:\/\/noticiasemdestaque.com\/cd\/?p=26246\" \/>\n<meta property=\"og:locale\" content=\"pt_BR\" \/>\n<meta property=\"og:type\" content=\"article\" \/>\n<meta property=\"og:title\" content=\"Prefeito \u00c9den Duarte entrega obra do Sum\u00e9 Shopping \u00e0 popula\u00e7\u00e3o sumeense - Not&iacute;cias em Destaque\" \/>\n<meta property=\"og:description\" content=\"O prefeito \u00c9den entregou na manh\u00e3 dessa segunda-feira, 10, a obra do Centro de Comercializa\u00e7\u00e3o e Artesanato, o Sum\u00e9 Shopping. O evento contou com a participa\u00e7\u00e3o do prefeito \u00c9den Duarte, dos secret\u00e1rios municipais; dos vereadores: Le\u00f4nidas Albino (Bomba), Ant\u00f4nio Carlos Sarmento, Br\u00edgida Xavier, Daniel L\u00eala e Branco Xiliu; dos gerentes das ag\u00eancias banc\u00e1rias: Emanoel Moreira (Banco do Nordeste), Felipe Souza (Banco do Brasil) e Jo\u00e3o Paulo Miranda (Sicoob) e ainda do jovem L\u00facio Fl\u00e1vio, funcion\u00e1rio da empresa Guanabara, que na ocasi\u00e3o representou todos os lojistas do Shopping. A solenidade aconteceu nas depend\u00eancias do pr\u00e9dio, que leva o nome do senhor Elias Pereira de Ara\u00fajo, um dos primeiros comerciantes do munic\u00edpio de Sum\u00e9, que manteve alguns com\u00e9rcios em sua \u00e9poca e empregou muitos sumeenses naquele per\u00edodo. A obra traz em sua estrutura uma arquitetura moderna e impactante que abrigar\u00e1 51 lojas dos mais diversos segmentos, incluindo pra\u00e7a de alimenta\u00e7\u00e3o, choperia, pizzaria, restaurante, cafeteria e lanchonete gourmet. A maioria das salas ainda est\u00e1 sendo adaptada pelos comerciantes para que possam iniciar as atividades no pr\u00e9dio. O Shopping foi pensado de acordo com as caracter\u00edsticas culturais e econ\u00f4micas da regi\u00e3o, e conta com o apoio de uma consultoria especializada do Sebrae. Para o diretor do Shopping, Williams Martinho, falar do Sum\u00e9 Shopping lhe traz entusiasmo por se tratar de um empreendimento novo e desafiador, que vai agregar valor tanto no com\u00e9rcio local como na regi\u00e3o. Williams ainda destacou a vis\u00e3o contempor\u00e2nea dos gestores, do ex-prefeito Neto e do atual prefeito \u00c9den, que conseguiram identificar a oportunidade de gerar emprego e renda em grande escala, por meio das mais de 50 lojas que o pr\u00e9dio abriga. \u201cA estimativa \u00e9 de que mais de 100 empregos sejam gerados no munic\u00edpio. Entregar o Shopping \u00e9 muito mais que uma estrutura f\u00edsica, trata-se de uma pol\u00edtica p\u00fablica que vai transformar a vida de muitas pessoas por meio da gera\u00e7\u00e3o de emprego e renda. Isso \u00e9 um valor social, que est\u00e1 sendo entregue a todos voc\u00eas hoje\u201d, declarou Williams. O gerente do BNB, Emanoel Moreira, destacou os investimentos que a Prefeitura tem feito em todas as \u00e1reas da administra\u00e7\u00e3o, al\u00e9m do aspecto hospitaleiro da popula\u00e7\u00e3o sumeense. \u201cAqui \u00e9 uma cidade onde as coisas funcionam\u201d, afirmou. Em seu discurso, o prefeito \u00c9den Duarte disse que muitas pessoas estariam participando da solenidade, mas em raz\u00e3o da pandemia do coronav\u00edrus, o evento teve que ser reduzido a um n\u00famero limitado de convidados. Ele saudou os lojistas e desejou sucesso a todos. \u201cTenho certeza de que os filhos de Sum\u00e9, que visam o bem comum, \u00a0est\u00e3o em suas casas, em seus trabalhos torcendo por este empreendimento para que Sum\u00e9 continue sendo a cidade que mais cresce e se desenvolve na regi\u00e3o do Cariri\u201d, disse. \u00c9den tamb\u00e9m fez quest\u00e3o de lembrar do empenho do ex-prefeito Neto para a constru\u00e7\u00e3o da obra e declarou que a ideia, a luta e as dificuldades apresentadas no in\u00edcio foram enfrentadas pelo ex-prefeito. \u00c9den ainda destacou o trabalho do diretor do Shopping, Williams Martinho e de todos os servidores municipais que contribu\u00edram para o sucesso da conclus\u00e3o do empreendimento, bem como do papel do Sebrae com consultoria para o in\u00edcio dos trabalhos e capta\u00e7\u00e3o de lojistas. Ele ainda falou da parceria das ag\u00eancias banc\u00e1rias do munic\u00edpio, que desde o primeiro momento contribu\u00edram com orienta\u00e7\u00e3o, informa\u00e7\u00e3o e disponibiliza\u00e7\u00e3o de linhas de cr\u00e9dito de financiamento para os empreendedores que est\u00e3o se instalando no shopping. Ascom\/PMS\" \/>\n<meta property=\"og:url\" content=\"https:\/\/noticiasemdestaque.com\/cd\/?p=26246\" \/>\n<meta property=\"og:site_name\" content=\"Not&iacute;cias em Destaque\" \/>\n<meta property=\"article:published_time\" content=\"2020-08-10T19:05:45+00:00\" \/>\n<meta property=\"article:modified_time\" content=\"2020-08-10T19:10:12+00:00\" \/>\n<meta property=\"og:image\" content=\"https:\/\/noticiasemdestaque.com\/cd\/wp-content\/uploads\/2020\/08\/d985a21e-21c5-4c88-80ed-d871baefee68.jpg\" \/>\n\t<meta property=\"og:image:width\" content=\"800\" \/>\n\t<meta property=\"og:image:height\" content=\"533\" \/>\n\t<meta property=\"og:image:type\" content=\"image\/jpeg\" \/>\n<meta name=\"author\" content=\"Not\u00edcias em Destaque\" \/>\n<meta name=\"twitter:card\" content=\"summary_large_image\" \/>\n<meta name=\"twitter:label1\" content=\"Escrito por\" \/>\n\t<meta name=\"twitter:data1\" content=\"Not\u00edcias em Destaque\" \/>\n\t<meta name=\"twitter:label2\" content=\"Est. tempo de leitura\" \/>\n\t<meta name=\"twitter:data2\" content=\"3 minutos\" \/>\n<script type=\"application\/ld+json\" class=\"yoast-schema-graph\">{\"@context\":\"https:\/\/schema.org\",\"@graph\":[{\"@type\":\"Article\",\"@id\":\"https:\/\/noticiasemdestaque.com\/cd\/?p=26246#article\",\"isPartOf\":{\"@id\":\"https:\/\/noticiasemdestaque.com\/cd\/?p=26246\"},\"author\":{\"name\":\"Not\u00edcias em Destaque\",\"@id\":\"https:\/\/noticiasemdestaque.com\/cd\/#\/schema\/person\/21320b03a7e8bb90128938dafc9b908a\"},\"headline\":\"Prefeito \u00c9den Duarte entrega obra do Sum\u00e9 Shopping \u00e0 popula\u00e7\u00e3o sumeense\",\"datePublished\":\"2020-08-10T19:05:45+00:00\",\"dateModified\":\"2020-08-10T19:10:12+00:00\",\"mainEntityOfPage\":{\"@id\":\"https:\/\/noticiasemdestaque.com\/cd\/?p=26246\"},\"wordCount\":631,\"publisher\":{\"@id\":\"https:\/\/noticiasemdestaque.com\/cd\/#organization\"},\"image\":{\"@id\":\"https:\/\/noticiasemdestaque.com\/cd\/?p=26246#primaryimage\"},\"thumbnailUrl\":\"https:\/\/noticiasemdestaque.com\/cd\/wp-content\/uploads\/2020\/08\/d985a21e-21c5-4c88-80ed-d871baefee68.jpg\",\"articleSection\":[\"Cidades\"],\"inLanguage\":\"pt-BR\"},{\"@type\":\"WebPage\",\"@id\":\"https:\/\/noticiasemdestaque.com\/cd\/?p=26246\",\"url\":\"https:\/\/noticiasemdestaque.com\/cd\/?p=26246\",\"name\":\"Prefeito \u00c9den Duarte entrega obra do Sum\u00e9 Shopping \u00e0 popula\u00e7\u00e3o sumeense - Not&iacute;cias em Destaque\",\"isPartOf\":{\"@id\":\"https:\/\/noticiasemdestaque.com\/cd\/#website\"},\"primaryImageOfPage\":{\"@id\":\"https:\/\/noticiasemdestaque.com\/cd\/?p=26246#primaryimage\"},\"image\":{\"@id\":\"https:\/\/noticiasemdestaque.com\/cd\/?p=26246#primaryimage\"},\"thumbnailUrl\":\"https:\/\/noticiasemdestaque.com\/cd\/wp-content\/uploads\/2020\/08\/d985a21e-21c5-4c88-80ed-d871baefee68.jpg\",\"datePublished\":\"2020-08-10T19:05:45+00:00\",\"dateModified\":\"2020-08-10T19:10:12+00:00\",\"breadcrumb\":{\"@id\":\"https:\/\/noticiasemdestaque.com\/cd\/?p=26246#breadcrumb\"},\"inLanguage\":\"pt-BR\",\"potentialAction\":[{\"@type\":\"ReadAction\",\"target\":[\"https:\/\/noticiasemdestaque.com\/cd\/?p=26246\"]}]},{\"@type\":\"ImageObject\",\"inLanguage\":\"pt-BR\",\"@id\":\"https:\/\/noticiasemdestaque.com\/cd\/?p=26246#primaryimage\",\"url\":\"https:\/\/noticiasemdestaque.com\/cd\/wp-content\/uploads\/2020\/08\/d985a21e-21c5-4c88-80ed-d871baefee68.jpg\",\"contentUrl\":\"https:\/\/noticiasemdestaque.com\/cd\/wp-content\/uploads\/2020\/08\/d985a21e-21c5-4c88-80ed-d871baefee68.jpg\",\"width\":800,\"height\":533},{\"@type\":\"BreadcrumbList\",\"@id\":\"https:\/\/noticiasemdestaque.com\/cd\/?p=26246#breadcrumb\",\"itemListElement\":[{\"@type\":\"ListItem\",\"position\":1,\"name\":\"In\u00edcio\",\"item\":\"https:\/\/noticiasemdestaque.com\/cd\/\"},{\"@type\":\"ListItem\",\"position\":2,\"name\":\"Prefeito \u00c9den Duarte entrega obra do Sum\u00e9 Shopping \u00e0 popula\u00e7\u00e3o sumeense\"}]},{\"@type\":\"WebSite\",\"@id\":\"https:\/\/noticiasemdestaque.com\/cd\/#website\",\"url\":\"https:\/\/noticiasemdestaque.com\/cd\/\",\"name\":\"Not&iacute;cias em Destaque\",\"description\":\"\",\"publisher\":{\"@id\":\"https:\/\/noticiasemdestaque.com\/cd\/#organization\"},\"potentialAction\":[{\"@type\":\"SearchAction\",\"target\":{\"@type\":\"EntryPoint\",\"urlTemplate\":\"https:\/\/noticiasemdestaque.com\/cd\/?s={search_term_string}\"},\"query-input\":{\"@type\":\"PropertyValueSpecification\",\"valueRequired\":true,\"valueName\":\"search_term_string\"}}],\"inLanguage\":\"pt-BR\"},{\"@type\":\"Organization\",\"@id\":\"https:\/\/noticiasemdestaque.com\/cd\/#organization\",\"name\":\"Not\u00edcias em Destaque\",\"url\":\"https:\/\/noticiasemdestaque.com\/cd\/\",\"logo\":{\"@type\":\"ImageObject\",\"inLanguage\":\"pt-BR\",\"@id\":\"https:\/\/noticiasemdestaque.com\/cd\/#\/schema\/logo\/image\/\",\"url\":\"https:\/\/noticiasemdestaque.com\/cd\/wp-content\/uploads\/2022\/05\/imagem-base-noticiasemdestaque.png\",\"contentUrl\":\"https:\/\/noticiasemdestaque.com\/cd\/wp-content\/uploads\/2022\/05\/imagem-base-noticiasemdestaque.png\",\"width\":1200,\"height\":630,\"caption\":\"Not\u00edcias em Destaque\"},\"image\":{\"@id\":\"https:\/\/noticiasemdestaque.com\/cd\/#\/schema\/logo\/image\/\"}},{\"@type\":\"Person\",\"@id\":\"https:\/\/noticiasemdestaque.com\/cd\/#\/schema\/person\/21320b03a7e8bb90128938dafc9b908a\",\"name\":\"Not\u00edcias em Destaque\",\"url\":\"https:\/\/noticiasemdestaque.com\/cd\/?author=2\"}]}<\/script>\n<!-- \/ Yoast SEO plugin. -->","yoast_head_json":{"title":"Prefeito \u00c9den Duarte entrega obra do Sum\u00e9 Shopping \u00e0 popula\u00e7\u00e3o sumeense - Not&iacute;cias em Destaque","robots":{"index":"index","follow":"follow","max-snippet":"max-snippet:-1","max-image-preview":"max-image-preview:large","max-video-preview":"max-video-preview:-1"},"canonical":"https:\/\/noticiasemdestaque.com\/cd\/?p=26246","og_locale":"pt_BR","og_type":"article","og_title":"Prefeito \u00c9den Duarte entrega obra do Sum\u00e9 Shopping \u00e0 popula\u00e7\u00e3o sumeense - Not&iacute;cias em Destaque","og_description":"O prefeito \u00c9den entregou na manh\u00e3 dessa segunda-feira, 10, a obra do Centro de Comercializa\u00e7\u00e3o e Artesanato, o Sum\u00e9 Shopping. O evento contou com a participa\u00e7\u00e3o do prefeito \u00c9den Duarte, dos secret\u00e1rios municipais; dos vereadores: Le\u00f4nidas Albino (Bomba), Ant\u00f4nio Carlos Sarmento, Br\u00edgida Xavier, Daniel L\u00eala e Branco Xiliu; dos gerentes das ag\u00eancias banc\u00e1rias: Emanoel Moreira (Banco do Nordeste), Felipe Souza (Banco do Brasil) e Jo\u00e3o Paulo Miranda (Sicoob) e ainda do jovem L\u00facio Fl\u00e1vio, funcion\u00e1rio da empresa Guanabara, que na ocasi\u00e3o representou todos os lojistas do Shopping. A solenidade aconteceu nas depend\u00eancias do pr\u00e9dio, que leva o nome do senhor Elias Pereira de Ara\u00fajo, um dos primeiros comerciantes do munic\u00edpio de Sum\u00e9, que manteve alguns com\u00e9rcios em sua \u00e9poca e empregou muitos sumeenses naquele per\u00edodo. A obra traz em sua estrutura uma arquitetura moderna e impactante que abrigar\u00e1 51 lojas dos mais diversos segmentos, incluindo pra\u00e7a de alimenta\u00e7\u00e3o, choperia, pizzaria, restaurante, cafeteria e lanchonete gourmet. A maioria das salas ainda est\u00e1 sendo adaptada pelos comerciantes para que possam iniciar as atividades no pr\u00e9dio. O Shopping foi pensado de acordo com as caracter\u00edsticas culturais e econ\u00f4micas da regi\u00e3o, e conta com o apoio de uma consultoria especializada do Sebrae. Para o diretor do Shopping, Williams Martinho, falar do Sum\u00e9 Shopping lhe traz entusiasmo por se tratar de um empreendimento novo e desafiador, que vai agregar valor tanto no com\u00e9rcio local como na regi\u00e3o. Williams ainda destacou a vis\u00e3o contempor\u00e2nea dos gestores, do ex-prefeito Neto e do atual prefeito \u00c9den, que conseguiram identificar a oportunidade de gerar emprego e renda em grande escala, por meio das mais de 50 lojas que o pr\u00e9dio abriga. \u201cA estimativa \u00e9 de que mais de 100 empregos sejam gerados no munic\u00edpio. Entregar o Shopping \u00e9 muito mais que uma estrutura f\u00edsica, trata-se de uma pol\u00edtica p\u00fablica que vai transformar a vida de muitas pessoas por meio da gera\u00e7\u00e3o de emprego e renda. Isso \u00e9 um valor social, que est\u00e1 sendo entregue a todos voc\u00eas hoje\u201d, declarou Williams. O gerente do BNB, Emanoel Moreira, destacou os investimentos que a Prefeitura tem feito em todas as \u00e1reas da administra\u00e7\u00e3o, al\u00e9m do aspecto hospitaleiro da popula\u00e7\u00e3o sumeense. \u201cAqui \u00e9 uma cidade onde as coisas funcionam\u201d, afirmou. Em seu discurso, o prefeito \u00c9den Duarte disse que muitas pessoas estariam participando da solenidade, mas em raz\u00e3o da pandemia do coronav\u00edrus, o evento teve que ser reduzido a um n\u00famero limitado de convidados. Ele saudou os lojistas e desejou sucesso a todos. \u201cTenho certeza de que os filhos de Sum\u00e9, que visam o bem comum, \u00a0est\u00e3o em suas casas, em seus trabalhos torcendo por este empreendimento para que Sum\u00e9 continue sendo a cidade que mais cresce e se desenvolve na regi\u00e3o do Cariri\u201d, disse. \u00c9den tamb\u00e9m fez quest\u00e3o de lembrar do empenho do ex-prefeito Neto para a constru\u00e7\u00e3o da obra e declarou que a ideia, a luta e as dificuldades apresentadas no in\u00edcio foram enfrentadas pelo ex-prefeito. \u00c9den ainda destacou o trabalho do diretor do Shopping, Williams Martinho e de todos os servidores municipais que contribu\u00edram para o sucesso da conclus\u00e3o do empreendimento, bem como do papel do Sebrae com consultoria para o in\u00edcio dos trabalhos e capta\u00e7\u00e3o de lojistas. Ele ainda falou da parceria das ag\u00eancias banc\u00e1rias do munic\u00edpio, que desde o primeiro momento contribu\u00edram com orienta\u00e7\u00e3o, informa\u00e7\u00e3o e disponibiliza\u00e7\u00e3o de linhas de cr\u00e9dito de financiamento para os empreendedores que est\u00e3o se instalando no shopping. Ascom\/PMS","og_url":"https:\/\/noticiasemdestaque.com\/cd\/?p=26246","og_site_name":"Not&iacute;cias em Destaque","article_published_time":"2020-08-10T19:05:45+00:00","article_modified_time":"2020-08-10T19:10:12+00:00","og_image":[{"width":800,"height":533,"url":"https:\/\/noticiasemdestaque.com\/cd\/wp-content\/uploads\/2020\/08\/d985a21e-21c5-4c88-80ed-d871baefee68.jpg","type":"image\/jpeg"}],"author":"Not\u00edcias em Destaque","twitter_card":"summary_large_image","twitter_misc":{"Escrito por":"Not\u00edcias em Destaque","Est. tempo de leitura":"3 minutos"},"schema":{"@context":"https:\/\/schema.org","@graph":[{"@type":"Article","@id":"https:\/\/noticiasemdestaque.com\/cd\/?p=26246#article","isPartOf":{"@id":"https:\/\/noticiasemdestaque.com\/cd\/?p=26246"},"author":{"name":"Not\u00edcias em Destaque","@id":"https:\/\/noticiasemdestaque.com\/cd\/#\/schema\/person\/21320b03a7e8bb90128938dafc9b908a"},"headline":"Prefeito \u00c9den Duarte entrega obra do Sum\u00e9 Shopping \u00e0 popula\u00e7\u00e3o sumeense","datePublished":"2020-08-10T19:05:45+00:00","dateModified":"2020-08-10T19:10:12+00:00","mainEntityOfPage":{"@id":"https:\/\/noticiasemdestaque.com\/cd\/?p=26246"},"wordCount":631,"publisher":{"@id":"https:\/\/noticiasemdestaque.com\/cd\/#organization"},"image":{"@id":"https:\/\/noticiasemdestaque.com\/cd\/?p=26246#primaryimage"},"thumbnailUrl":"https:\/\/noticiasemdestaque.com\/cd\/wp-content\/uploads\/2020\/08\/d985a21e-21c5-4c88-80ed-d871baefee68.jpg","articleSection":["Cidades"],"inLanguage":"pt-BR"},{"@type":"WebPage","@id":"https:\/\/noticiasemdestaque.com\/cd\/?p=26246","url":"https:\/\/noticiasemdestaque.com\/cd\/?p=26246","name":"Prefeito \u00c9den Duarte entrega obra do Sum\u00e9 Shopping \u00e0 popula\u00e7\u00e3o sumeense - Not&iacute;cias em Destaque","isPartOf":{"@id":"https:\/\/noticiasemdestaque.com\/cd\/#website"},"primaryImageOfPage":{"@id":"https:\/\/noticiasemdestaque.com\/cd\/?p=26246#primaryimage"},"image":{"@id":"https:\/\/noticiasemdestaque.com\/cd\/?p=26246#primaryimage"},"thumbnailUrl":"https:\/\/noticiasemdestaque.com\/cd\/wp-content\/uploads\/2020\/08\/d985a21e-21c5-4c88-80ed-d871baefee68.jpg","datePublished":"2020-08-10T19:05:45+00:00","dateModified":"2020-08-10T19:10:12+00:00","breadcrumb":{"@id":"https:\/\/noticiasemdestaque.com\/cd\/?p=26246#breadcrumb"},"inLanguage":"pt-BR","potentialAction":[{"@type":"ReadAction","target":["https:\/\/noticiasemdestaque.com\/cd\/?p=26246"]}]},{"@type":"ImageObject","inLanguage":"pt-BR","@id":"https:\/\/noticiasemdestaque.com\/cd\/?p=26246#primaryimage","url":"https:\/\/noticiasemdestaque.com\/cd\/wp-content\/uploads\/2020\/08\/d985a21e-21c5-4c88-80ed-d871baefee68.jpg","contentUrl":"https:\/\/noticiasemdestaque.com\/cd\/wp-content\/uploads\/2020\/08\/d985a21e-21c5-4c88-80ed-d871baefee68.jpg","width":800,"height":533},{"@type":"BreadcrumbList","@id":"https:\/\/noticiasemdestaque.com\/cd\/?p=26246#breadcrumb","itemListElement":[{"@type":"ListItem","position":1,"name":"In\u00edcio","item":"https:\/\/noticiasemdestaque.com\/cd\/"},{"@type":"ListItem","position":2,"name":"Prefeito \u00c9den Duarte entrega obra do Sum\u00e9 Shopping \u00e0 popula\u00e7\u00e3o sumeense"}]},{"@type":"WebSite","@id":"https:\/\/noticiasemdestaque.com\/cd\/#website","url":"https:\/\/noticiasemdestaque.com\/cd\/","name":"Not&iacute;cias em Destaque","description":"","publisher":{"@id":"https:\/\/noticiasemdestaque.com\/cd\/#organization"},"potentialAction":[{"@type":"SearchAction","target":{"@type":"EntryPoint","urlTemplate":"https:\/\/noticiasemdestaque.com\/cd\/?s={search_term_string}"},"query-input":{"@type":"PropertyValueSpecification","valueRequired":true,"valueName":"search_term_string"}}],"inLanguage":"pt-BR"},{"@type":"Organization","@id":"https:\/\/noticiasemdestaque.com\/cd\/#organization","name":"Not\u00edcias em Destaque","url":"https:\/\/noticiasemdestaque.com\/cd\/","logo":{"@type":"ImageObject","inLanguage":"pt-BR","@id":"https:\/\/noticiasemdestaque.com\/cd\/#\/schema\/logo\/image\/","url":"https:\/\/noticiasemdestaque.com\/cd\/wp-content\/uploads\/2022\/05\/imagem-base-noticiasemdestaque.png","contentUrl":"https:\/\/noticiasemdestaque.com\/cd\/wp-content\/uploads\/2022\/05\/imagem-base-noticiasemdestaque.png","width":1200,"height":630,"caption":"Not\u00edcias em Destaque"},"image":{"@id":"https:\/\/noticiasemdestaque.com\/cd\/#\/schema\/logo\/image\/"}},{"@type":"Person","@id":"https:\/\/noticiasemdestaque.com\/cd\/#\/schema\/person\/21320b03a7e8bb90128938dafc9b908a","name":"Not\u00edcias em Destaque","url":"https:\/\/noticiasemdestaque.com\/cd\/?author=2"}]}},"jetpack_featured_media_url":"https:\/\/noticiasemdestaque.com\/cd\/wp-content\/uploads\/2020\/08\/d985a21e-21c5-4c88-80ed-d871baefee68.jpg","jetpack_sharing_enabled":true,"_links":{"self":[{"href":"https:\/\/noticiasemdestaque.com\/cd\/index.php?rest_route=\/wp\/v2\/posts\/26246","targetHints":{"allow":["GET"]}}],"collection":[{"href":"https:\/\/noticiasemdestaque.com\/cd\/index.php?rest_route=\/wp\/v2\/posts"}],"about":[{"href":"https:\/\/noticiasemdestaque.com\/cd\/index.php?rest_route=\/wp\/v2\/types\/post"}],"author":[{"embeddable":true,"href":"https:\/\/noticiasemdestaque.com\/cd\/index.php?rest_route=\/wp\/v2\/users\/2"}],"replies":[{"embeddable":true,"href":"https:\/\/noticiasemdestaque.com\/cd\/index.php?rest_route=%2Fwp%2Fv2%2Fcomments&post=26246"}],"version-history":[{"count":2,"href":"https:\/\/noticiasemdestaque.com\/cd\/index.php?rest_route=\/wp\/v2\/posts\/26246\/revisions"}],"predecessor-version":[{"id":26255,"href":"https:\/\/noticiasemdestaque.com\/cd\/index.php?rest_route=\/wp\/v2\/posts\/26246\/revisions\/26255"}],"wp:featuredmedia":[{"embeddable":true,"href":"https:\/\/noticiasemdestaque.com\/cd\/index.php?rest_route=\/wp\/v2\/media\/26248"}],"wp:attachment":[{"href":"https:\/\/noticiasemdestaque.com\/cd\/index.php?rest_route=%2Fwp%2Fv2%2Fmedia&parent=26246"}],"wp:term":[{"taxonomy":"category","embeddable":true,"href":"https:\/\/noticiasemdestaque.com\/cd\/index.php?rest_route=%2Fwp%2Fv2%2Fcategories&post=26246"},{"taxonomy":"post_tag","embeddable":true,"href":"https:\/\/noticiasemdestaque.com\/cd\/index.php?rest_route=%2Fwp%2Fv2%2Ftags&post=26246"}],"curies":[{"name":"wp","href":"https:\/\/api.w.org\/{rel}","templated":true}]}}