{"id":26241,"date":"2020-08-10T07:33:12","date_gmt":"2020-08-10T10:33:12","guid":{"rendered":"http:\/\/noticiasemdestaque.com\/cd\/?p=26241"},"modified":"2020-08-10T07:33:12","modified_gmt":"2020-08-10T10:33:12","slug":"sala-do-empreendedor-de-sume-mobiliza-empresas-para-receberem-estagiarios-do-programa-estadual-primeira-chance","status":"publish","type":"post","link":"https:\/\/noticiasemdestaque.com\/cd\/?p=26241","title":{"rendered":"Sala do Empreendedor de Sum\u00e9 mobiliza empresas para receberem estagi\u00e1rios do Programa Estadual Primeira Chance"},"content":{"rendered":"<p><a href=\"https:\/\/noticiasemdestaque.com\/cd\/wp-content\/uploads\/2020\/08\/WhatsApp-Image-2020-08-05-at-12.01.21.jpeg\"><img fetchpriority=\"high\" decoding=\"async\" class=\"alignnone size-large wp-image-26242\" src=\"https:\/\/noticiasemdestaque.com\/cd\/wp-content\/uploads\/2020\/08\/WhatsApp-Image-2020-08-05-at-12.01.21-1024x768.jpeg\" alt=\"\" width=\"1024\" height=\"768\" srcset=\"https:\/\/noticiasemdestaque.com\/cd\/wp-content\/uploads\/2020\/08\/WhatsApp-Image-2020-08-05-at-12.01.21.jpeg 1024w, https:\/\/noticiasemdestaque.com\/cd\/wp-content\/uploads\/2020\/08\/WhatsApp-Image-2020-08-05-at-12.01.21-300x225.jpeg 300w, https:\/\/noticiasemdestaque.com\/cd\/wp-content\/uploads\/2020\/08\/WhatsApp-Image-2020-08-05-at-12.01.21-768x576.jpeg 768w, https:\/\/noticiasemdestaque.com\/cd\/wp-content\/uploads\/2020\/08\/WhatsApp-Image-2020-08-05-at-12.01.21-640x480.jpeg 640w\" sizes=\"(max-width: 1024px) 100vw, 1024px\" \/><\/a><\/p>\n<p>O Governo da Para\u00edba, por meio da Secretaria de Estado da Educa\u00e7\u00e3o, Ci\u00eancia e Tecnologia \u2013 SEECT-PB e a Ger\u00eancia Executiva da Educa\u00e7\u00e3o Profissional \u2013 GEEP, lan\u00e7ou edital de chamada p\u00fablica para cadastro de empresas interessadas em receberem estagi\u00e1rios bolsistas do programa estadual primeira chance.<\/p>\n<p>O Programa Estadual Primeira Chance visa incentivar a concess\u00e3o de est\u00e1gio, atividades de inicia\u00e7\u00e3o \u00e0 pr\u00e1tica profissional em institui\u00e7\u00f5es de ensino e primeira experi\u00eancia profissional.<\/p>\n<p>Esta semana, por meio da Sala do Empreendedor de Sum\u00e9 e o Servi\u00e7o de Informa\u00e7\u00e3o ao Cidad\u00e3o, aconteceu uma reuni\u00e3o de articula\u00e7\u00e3o com o professor e coordenador de est\u00e1gios, da Escola Cidad\u00e3 Integral T\u00e9cnica de Serra Branca, Fagner Jefferson de Ara\u00fajo, para que empresas possam receber estagi\u00e1rios bolsistas do munic\u00edpio de Sum\u00e9, estudantes da Escola T\u00e9cnica de Serra Branca, bem como de outros munic\u00edpios do Cariri, que s\u00e3o tamb\u00e9m alunos da referida Escola.<\/p>\n<p>As empresas interessadas em receber estagi\u00e1rios devem se enquadrar nos eixos que pedem no edital, que s\u00e3o produ\u00e7\u00e3o de moda e inform\u00e1tica para internet.<\/p>\n<p>Para os interessados em estagiar, as inscri\u00e7\u00f5es ocorrem at\u00e9 o dia 14 de agosto por meio do\u00a0<a href=\"http:\/\/primeirachance.seect.pb.gov.br\/\">http:\/\/primeirachance.seect.pb.gov.br\/<\/a>. A documenta\u00e7\u00e3o comprobat\u00f3ria para participar do processo tamb\u00e9m podem ser realizadas por meio do site:\u00a0<a href=\"http:\/\/primeirachance.seect.pb.gov.br\/\">http:\/\/primeirachance.seect.pb.gov.br\/<\/a>.<\/p>\n<p>Ascom PMS<\/p>\n","protected":false},"excerpt":{"rendered":"<p>O Governo da Para\u00edba, por meio da Secretaria de Estado da Educa\u00e7\u00e3o, Ci\u00eancia e Tecnologia \u2013 SEECT-PB e a Ger\u00eancia Executiva da Educa\u00e7\u00e3o Profissional \u2013 GEEP, lan\u00e7ou edital de chamada p\u00fablica para cadastro de empresas interessadas em receberem estagi\u00e1rios bolsistas do programa estadual primeira chance. O Programa Estadual Primeira Chance visa incentivar a concess\u00e3o de est\u00e1gio, atividades de inicia\u00e7\u00e3o \u00e0 pr\u00e1tica profissional em institui\u00e7\u00f5es de ensino e primeira experi\u00eancia profissional. Esta semana, por meio da Sala do Empreendedor de Sum\u00e9 e o Servi\u00e7o de Informa\u00e7\u00e3o ao Cidad\u00e3o, aconteceu uma reuni\u00e3o de articula\u00e7\u00e3o com o professor e coordenador de est\u00e1gios, da Escola Cidad\u00e3 Integral T\u00e9cnica de Serra Branca, Fagner Jefferson de Ara\u00fajo, para que empresas possam receber estagi\u00e1rios bolsistas do munic\u00edpio de Sum\u00e9, estudantes da Escola T\u00e9cnica de Serra Branca, bem como de outros munic\u00edpios do Cariri, que s\u00e3o tamb\u00e9m alunos da referida Escola. As empresas interessadas em receber estagi\u00e1rios devem se enquadrar nos eixos que pedem no edital, que s\u00e3o produ\u00e7\u00e3o de moda e inform\u00e1tica para internet. Para os interessados em estagiar, as inscri\u00e7\u00f5es ocorrem at\u00e9 o dia 14 de agosto por meio do\u00a0http:\/\/primeirachance.seect.pb.gov.br\/. A documenta\u00e7\u00e3o comprobat\u00f3ria para participar do processo tamb\u00e9m podem ser realizadas por meio do site:\u00a0http:\/\/primeirachance.seect.pb.gov.br\/. Ascom PMS<\/p>\n","protected":false},"author":2,"featured_media":26242,"comment_status":"closed","ping_status":"open","sticky":false,"template":"","format":"standard","meta":{"_eb_attr":"","_jetpack_memberships_contains_paid_content":false,"footnotes":""},"categories":[12],"tags":[],"class_list":["post-26241","post","type-post","status-publish","format-standard","has-post-thumbnail","hentry","category-geral"],"yoast_head":"<!-- This site is optimized with the Yoast SEO plugin v26.5 - https:\/\/yoast.com\/wordpress\/plugins\/seo\/ -->\n<title>Sala do Empreendedor de Sum\u00e9 mobiliza empresas para receberem estagi\u00e1rios do Programa Estadual Primeira Chance - Not&iacute;cias em Destaque<\/title>\n<meta name=\"robots\" content=\"index, follow, max-snippet:-1, max-image-preview:large, max-video-preview:-1\" \/>\n<link rel=\"canonical\" href=\"https:\/\/noticiasemdestaque.com\/cd\/?p=26241\" \/>\n<meta property=\"og:locale\" content=\"pt_BR\" \/>\n<meta property=\"og:type\" content=\"article\" \/>\n<meta property=\"og:title\" content=\"Sala do Empreendedor de Sum\u00e9 mobiliza empresas para receberem estagi\u00e1rios do Programa Estadual Primeira Chance - Not&iacute;cias em Destaque\" \/>\n<meta property=\"og:description\" content=\"O Governo da Para\u00edba, por meio da Secretaria de Estado da Educa\u00e7\u00e3o, Ci\u00eancia e Tecnologia \u2013 SEECT-PB e a Ger\u00eancia Executiva da Educa\u00e7\u00e3o Profissional \u2013 GEEP, lan\u00e7ou edital de chamada p\u00fablica para cadastro de empresas interessadas em receberem estagi\u00e1rios bolsistas do programa estadual primeira chance. O Programa Estadual Primeira Chance visa incentivar a concess\u00e3o de est\u00e1gio, atividades de inicia\u00e7\u00e3o \u00e0 pr\u00e1tica profissional em institui\u00e7\u00f5es de ensino e primeira experi\u00eancia profissional. Esta semana, por meio da Sala do Empreendedor de Sum\u00e9 e o Servi\u00e7o de Informa\u00e7\u00e3o ao Cidad\u00e3o, aconteceu uma reuni\u00e3o de articula\u00e7\u00e3o com o professor e coordenador de est\u00e1gios, da Escola Cidad\u00e3 Integral T\u00e9cnica de Serra Branca, Fagner Jefferson de Ara\u00fajo, para que empresas possam receber estagi\u00e1rios bolsistas do munic\u00edpio de Sum\u00e9, estudantes da Escola T\u00e9cnica de Serra Branca, bem como de outros munic\u00edpios do Cariri, que s\u00e3o tamb\u00e9m alunos da referida Escola. As empresas interessadas em receber estagi\u00e1rios devem se enquadrar nos eixos que pedem no edital, que s\u00e3o produ\u00e7\u00e3o de moda e inform\u00e1tica para internet. Para os interessados em estagiar, as inscri\u00e7\u00f5es ocorrem at\u00e9 o dia 14 de agosto por meio do\u00a0http:\/\/primeirachance.seect.pb.gov.br\/. A documenta\u00e7\u00e3o comprobat\u00f3ria para participar do processo tamb\u00e9m podem ser realizadas por meio do site:\u00a0http:\/\/primeirachance.seect.pb.gov.br\/. Ascom PMS\" \/>\n<meta property=\"og:url\" content=\"https:\/\/noticiasemdestaque.com\/cd\/?p=26241\" \/>\n<meta property=\"og:site_name\" content=\"Not&iacute;cias em Destaque\" \/>\n<meta property=\"article:published_time\" content=\"2020-08-10T10:33:12+00:00\" \/>\n<meta property=\"og:image\" content=\"https:\/\/noticiasemdestaque.com\/cd\/wp-content\/uploads\/2020\/08\/WhatsApp-Image-2020-08-05-at-12.01.21.jpeg\" \/>\n\t<meta property=\"og:image:width\" content=\"1024\" \/>\n\t<meta property=\"og:image:height\" content=\"768\" \/>\n\t<meta property=\"og:image:type\" content=\"image\/jpeg\" \/>\n<meta name=\"author\" content=\"Not\u00edcias em Destaque\" \/>\n<meta name=\"twitter:card\" content=\"summary_large_image\" \/>\n<meta name=\"twitter:label1\" content=\"Escrito por\" \/>\n\t<meta name=\"twitter:data1\" content=\"Not\u00edcias em Destaque\" \/>\n\t<meta name=\"twitter:label2\" content=\"Est. tempo de leitura\" \/>\n\t<meta name=\"twitter:data2\" content=\"1 minuto\" \/>\n<script type=\"application\/ld+json\" class=\"yoast-schema-graph\">{\"@context\":\"https:\/\/schema.org\",\"@graph\":[{\"@type\":\"Article\",\"@id\":\"https:\/\/noticiasemdestaque.com\/cd\/?p=26241#article\",\"isPartOf\":{\"@id\":\"https:\/\/noticiasemdestaque.com\/cd\/?p=26241\"},\"author\":{\"name\":\"Not\u00edcias em Destaque\",\"@id\":\"https:\/\/noticiasemdestaque.com\/cd\/#\/schema\/person\/21320b03a7e8bb90128938dafc9b908a\"},\"headline\":\"Sala do Empreendedor de Sum\u00e9 mobiliza empresas para receberem estagi\u00e1rios do Programa Estadual Primeira Chance\",\"datePublished\":\"2020-08-10T10:33:12+00:00\",\"mainEntityOfPage\":{\"@id\":\"https:\/\/noticiasemdestaque.com\/cd\/?p=26241\"},\"wordCount\":261,\"publisher\":{\"@id\":\"https:\/\/noticiasemdestaque.com\/cd\/#organization\"},\"image\":{\"@id\":\"https:\/\/noticiasemdestaque.com\/cd\/?p=26241#primaryimage\"},\"thumbnailUrl\":\"https:\/\/noticiasemdestaque.com\/cd\/wp-content\/uploads\/2020\/08\/WhatsApp-Image-2020-08-05-at-12.01.21.jpeg\",\"articleSection\":[\"Geral\"],\"inLanguage\":\"pt-BR\"},{\"@type\":\"WebPage\",\"@id\":\"https:\/\/noticiasemdestaque.com\/cd\/?p=26241\",\"url\":\"https:\/\/noticiasemdestaque.com\/cd\/?p=26241\",\"name\":\"Sala do Empreendedor de Sum\u00e9 mobiliza empresas para receberem estagi\u00e1rios do Programa Estadual Primeira Chance - Not&iacute;cias em Destaque\",\"isPartOf\":{\"@id\":\"https:\/\/noticiasemdestaque.com\/cd\/#website\"},\"primaryImageOfPage\":{\"@id\":\"https:\/\/noticiasemdestaque.com\/cd\/?p=26241#primaryimage\"},\"image\":{\"@id\":\"https:\/\/noticiasemdestaque.com\/cd\/?p=26241#primaryimage\"},\"thumbnailUrl\":\"https:\/\/noticiasemdestaque.com\/cd\/wp-content\/uploads\/2020\/08\/WhatsApp-Image-2020-08-05-at-12.01.21.jpeg\",\"datePublished\":\"2020-08-10T10:33:12+00:00\",\"breadcrumb\":{\"@id\":\"https:\/\/noticiasemdestaque.com\/cd\/?p=26241#breadcrumb\"},\"inLanguage\":\"pt-BR\",\"potentialAction\":[{\"@type\":\"ReadAction\",\"target\":[\"https:\/\/noticiasemdestaque.com\/cd\/?p=26241\"]}]},{\"@type\":\"ImageObject\",\"inLanguage\":\"pt-BR\",\"@id\":\"https:\/\/noticiasemdestaque.com\/cd\/?p=26241#primaryimage\",\"url\":\"https:\/\/noticiasemdestaque.com\/cd\/wp-content\/uploads\/2020\/08\/WhatsApp-Image-2020-08-05-at-12.01.21.jpeg\",\"contentUrl\":\"https:\/\/noticiasemdestaque.com\/cd\/wp-content\/uploads\/2020\/08\/WhatsApp-Image-2020-08-05-at-12.01.21.jpeg\",\"width\":1024,\"height\":768},{\"@type\":\"BreadcrumbList\",\"@id\":\"https:\/\/noticiasemdestaque.com\/cd\/?p=26241#breadcrumb\",\"itemListElement\":[{\"@type\":\"ListItem\",\"position\":1,\"name\":\"In\u00edcio\",\"item\":\"https:\/\/noticiasemdestaque.com\/cd\/\"},{\"@type\":\"ListItem\",\"position\":2,\"name\":\"Sala do Empreendedor de Sum\u00e9 mobiliza empresas para receberem estagi\u00e1rios do Programa Estadual Primeira Chance\"}]},{\"@type\":\"WebSite\",\"@id\":\"https:\/\/noticiasemdestaque.com\/cd\/#website\",\"url\":\"https:\/\/noticiasemdestaque.com\/cd\/\",\"name\":\"Not&iacute;cias em Destaque\",\"description\":\"\",\"publisher\":{\"@id\":\"https:\/\/noticiasemdestaque.com\/cd\/#organization\"},\"potentialAction\":[{\"@type\":\"SearchAction\",\"target\":{\"@type\":\"EntryPoint\",\"urlTemplate\":\"https:\/\/noticiasemdestaque.com\/cd\/?s={search_term_string}\"},\"query-input\":{\"@type\":\"PropertyValueSpecification\",\"valueRequired\":true,\"valueName\":\"search_term_string\"}}],\"inLanguage\":\"pt-BR\"},{\"@type\":\"Organization\",\"@id\":\"https:\/\/noticiasemdestaque.com\/cd\/#organization\",\"name\":\"Not\u00edcias em Destaque\",\"url\":\"https:\/\/noticiasemdestaque.com\/cd\/\",\"logo\":{\"@type\":\"ImageObject\",\"inLanguage\":\"pt-BR\",\"@id\":\"https:\/\/noticiasemdestaque.com\/cd\/#\/schema\/logo\/image\/\",\"url\":\"https:\/\/noticiasemdestaque.com\/cd\/wp-content\/uploads\/2022\/05\/imagem-base-noticiasemdestaque.png\",\"contentUrl\":\"https:\/\/noticiasemdestaque.com\/cd\/wp-content\/uploads\/2022\/05\/imagem-base-noticiasemdestaque.png\",\"width\":1200,\"height\":630,\"caption\":\"Not\u00edcias em Destaque\"},\"image\":{\"@id\":\"https:\/\/noticiasemdestaque.com\/cd\/#\/schema\/logo\/image\/\"}},{\"@type\":\"Person\",\"@id\":\"https:\/\/noticiasemdestaque.com\/cd\/#\/schema\/person\/21320b03a7e8bb90128938dafc9b908a\",\"name\":\"Not\u00edcias em Destaque\",\"url\":\"https:\/\/noticiasemdestaque.com\/cd\/?author=2\"}]}<\/script>\n<!-- \/ Yoast SEO plugin. -->","yoast_head_json":{"title":"Sala do Empreendedor de Sum\u00e9 mobiliza empresas para receberem estagi\u00e1rios do Programa Estadual Primeira Chance - Not&iacute;cias em Destaque","robots":{"index":"index","follow":"follow","max-snippet":"max-snippet:-1","max-image-preview":"max-image-preview:large","max-video-preview":"max-video-preview:-1"},"canonical":"https:\/\/noticiasemdestaque.com\/cd\/?p=26241","og_locale":"pt_BR","og_type":"article","og_title":"Sala do Empreendedor de Sum\u00e9 mobiliza empresas para receberem estagi\u00e1rios do Programa Estadual Primeira Chance - Not&iacute;cias em Destaque","og_description":"O Governo da Para\u00edba, por meio da Secretaria de Estado da Educa\u00e7\u00e3o, Ci\u00eancia e Tecnologia \u2013 SEECT-PB e a Ger\u00eancia Executiva da Educa\u00e7\u00e3o Profissional \u2013 GEEP, lan\u00e7ou edital de chamada p\u00fablica para cadastro de empresas interessadas em receberem estagi\u00e1rios bolsistas do programa estadual primeira chance. O Programa Estadual Primeira Chance visa incentivar a concess\u00e3o de est\u00e1gio, atividades de inicia\u00e7\u00e3o \u00e0 pr\u00e1tica profissional em institui\u00e7\u00f5es de ensino e primeira experi\u00eancia profissional. Esta semana, por meio da Sala do Empreendedor de Sum\u00e9 e o Servi\u00e7o de Informa\u00e7\u00e3o ao Cidad\u00e3o, aconteceu uma reuni\u00e3o de articula\u00e7\u00e3o com o professor e coordenador de est\u00e1gios, da Escola Cidad\u00e3 Integral T\u00e9cnica de Serra Branca, Fagner Jefferson de Ara\u00fajo, para que empresas possam receber estagi\u00e1rios bolsistas do munic\u00edpio de Sum\u00e9, estudantes da Escola T\u00e9cnica de Serra Branca, bem como de outros munic\u00edpios do Cariri, que s\u00e3o tamb\u00e9m alunos da referida Escola. As empresas interessadas em receber estagi\u00e1rios devem se enquadrar nos eixos que pedem no edital, que s\u00e3o produ\u00e7\u00e3o de moda e inform\u00e1tica para internet. Para os interessados em estagiar, as inscri\u00e7\u00f5es ocorrem at\u00e9 o dia 14 de agosto por meio do\u00a0http:\/\/primeirachance.seect.pb.gov.br\/. A documenta\u00e7\u00e3o comprobat\u00f3ria para participar do processo tamb\u00e9m podem ser realizadas por meio do site:\u00a0http:\/\/primeirachance.seect.pb.gov.br\/. Ascom PMS","og_url":"https:\/\/noticiasemdestaque.com\/cd\/?p=26241","og_site_name":"Not&iacute;cias em Destaque","article_published_time":"2020-08-10T10:33:12+00:00","og_image":[{"width":1024,"height":768,"url":"https:\/\/noticiasemdestaque.com\/cd\/wp-content\/uploads\/2020\/08\/WhatsApp-Image-2020-08-05-at-12.01.21.jpeg","type":"image\/jpeg"}],"author":"Not\u00edcias em Destaque","twitter_card":"summary_large_image","twitter_misc":{"Escrito por":"Not\u00edcias em Destaque","Est. tempo de leitura":"1 minuto"},"schema":{"@context":"https:\/\/schema.org","@graph":[{"@type":"Article","@id":"https:\/\/noticiasemdestaque.com\/cd\/?p=26241#article","isPartOf":{"@id":"https:\/\/noticiasemdestaque.com\/cd\/?p=26241"},"author":{"name":"Not\u00edcias em Destaque","@id":"https:\/\/noticiasemdestaque.com\/cd\/#\/schema\/person\/21320b03a7e8bb90128938dafc9b908a"},"headline":"Sala do Empreendedor de Sum\u00e9 mobiliza empresas para receberem estagi\u00e1rios do Programa Estadual Primeira Chance","datePublished":"2020-08-10T10:33:12+00:00","mainEntityOfPage":{"@id":"https:\/\/noticiasemdestaque.com\/cd\/?p=26241"},"wordCount":261,"publisher":{"@id":"https:\/\/noticiasemdestaque.com\/cd\/#organization"},"image":{"@id":"https:\/\/noticiasemdestaque.com\/cd\/?p=26241#primaryimage"},"thumbnailUrl":"https:\/\/noticiasemdestaque.com\/cd\/wp-content\/uploads\/2020\/08\/WhatsApp-Image-2020-08-05-at-12.01.21.jpeg","articleSection":["Geral"],"inLanguage":"pt-BR"},{"@type":"WebPage","@id":"https:\/\/noticiasemdestaque.com\/cd\/?p=26241","url":"https:\/\/noticiasemdestaque.com\/cd\/?p=26241","name":"Sala do Empreendedor de Sum\u00e9 mobiliza empresas para receberem estagi\u00e1rios do Programa Estadual Primeira Chance - Not&iacute;cias em Destaque","isPartOf":{"@id":"https:\/\/noticiasemdestaque.com\/cd\/#website"},"primaryImageOfPage":{"@id":"https:\/\/noticiasemdestaque.com\/cd\/?p=26241#primaryimage"},"image":{"@id":"https:\/\/noticiasemdestaque.com\/cd\/?p=26241#primaryimage"},"thumbnailUrl":"https:\/\/noticiasemdestaque.com\/cd\/wp-content\/uploads\/2020\/08\/WhatsApp-Image-2020-08-05-at-12.01.21.jpeg","datePublished":"2020-08-10T10:33:12+00:00","breadcrumb":{"@id":"https:\/\/noticiasemdestaque.com\/cd\/?p=26241#breadcrumb"},"inLanguage":"pt-BR","potentialAction":[{"@type":"ReadAction","target":["https:\/\/noticiasemdestaque.com\/cd\/?p=26241"]}]},{"@type":"ImageObject","inLanguage":"pt-BR","@id":"https:\/\/noticiasemdestaque.com\/cd\/?p=26241#primaryimage","url":"https:\/\/noticiasemdestaque.com\/cd\/wp-content\/uploads\/2020\/08\/WhatsApp-Image-2020-08-05-at-12.01.21.jpeg","contentUrl":"https:\/\/noticiasemdestaque.com\/cd\/wp-content\/uploads\/2020\/08\/WhatsApp-Image-2020-08-05-at-12.01.21.jpeg","width":1024,"height":768},{"@type":"BreadcrumbList","@id":"https:\/\/noticiasemdestaque.com\/cd\/?p=26241#breadcrumb","itemListElement":[{"@type":"ListItem","position":1,"name":"In\u00edcio","item":"https:\/\/noticiasemdestaque.com\/cd\/"},{"@type":"ListItem","position":2,"name":"Sala do Empreendedor de Sum\u00e9 mobiliza empresas para receberem estagi\u00e1rios do Programa Estadual Primeira Chance"}]},{"@type":"WebSite","@id":"https:\/\/noticiasemdestaque.com\/cd\/#website","url":"https:\/\/noticiasemdestaque.com\/cd\/","name":"Not&iacute;cias em Destaque","description":"","publisher":{"@id":"https:\/\/noticiasemdestaque.com\/cd\/#organization"},"potentialAction":[{"@type":"SearchAction","target":{"@type":"EntryPoint","urlTemplate":"https:\/\/noticiasemdestaque.com\/cd\/?s={search_term_string}"},"query-input":{"@type":"PropertyValueSpecification","valueRequired":true,"valueName":"search_term_string"}}],"inLanguage":"pt-BR"},{"@type":"Organization","@id":"https:\/\/noticiasemdestaque.com\/cd\/#organization","name":"Not\u00edcias em Destaque","url":"https:\/\/noticiasemdestaque.com\/cd\/","logo":{"@type":"ImageObject","inLanguage":"pt-BR","@id":"https:\/\/noticiasemdestaque.com\/cd\/#\/schema\/logo\/image\/","url":"https:\/\/noticiasemdestaque.com\/cd\/wp-content\/uploads\/2022\/05\/imagem-base-noticiasemdestaque.png","contentUrl":"https:\/\/noticiasemdestaque.com\/cd\/wp-content\/uploads\/2022\/05\/imagem-base-noticiasemdestaque.png","width":1200,"height":630,"caption":"Not\u00edcias em Destaque"},"image":{"@id":"https:\/\/noticiasemdestaque.com\/cd\/#\/schema\/logo\/image\/"}},{"@type":"Person","@id":"https:\/\/noticiasemdestaque.com\/cd\/#\/schema\/person\/21320b03a7e8bb90128938dafc9b908a","name":"Not\u00edcias em Destaque","url":"https:\/\/noticiasemdestaque.com\/cd\/?author=2"}]}},"jetpack_featured_media_url":"https:\/\/noticiasemdestaque.com\/cd\/wp-content\/uploads\/2020\/08\/WhatsApp-Image-2020-08-05-at-12.01.21.jpeg","jetpack_sharing_enabled":true,"_links":{"self":[{"href":"https:\/\/noticiasemdestaque.com\/cd\/index.php?rest_route=\/wp\/v2\/posts\/26241","targetHints":{"allow":["GET"]}}],"collection":[{"href":"https:\/\/noticiasemdestaque.com\/cd\/index.php?rest_route=\/wp\/v2\/posts"}],"about":[{"href":"https:\/\/noticiasemdestaque.com\/cd\/index.php?rest_route=\/wp\/v2\/types\/post"}],"author":[{"embeddable":true,"href":"https:\/\/noticiasemdestaque.com\/cd\/index.php?rest_route=\/wp\/v2\/users\/2"}],"replies":[{"embeddable":true,"href":"https:\/\/noticiasemdestaque.com\/cd\/index.php?rest_route=%2Fwp%2Fv2%2Fcomments&post=26241"}],"version-history":[{"count":1,"href":"https:\/\/noticiasemdestaque.com\/cd\/index.php?rest_route=\/wp\/v2\/posts\/26241\/revisions"}],"predecessor-version":[{"id":26243,"href":"https:\/\/noticiasemdestaque.com\/cd\/index.php?rest_route=\/wp\/v2\/posts\/26241\/revisions\/26243"}],"wp:featuredmedia":[{"embeddable":true,"href":"https:\/\/noticiasemdestaque.com\/cd\/index.php?rest_route=\/wp\/v2\/media\/26242"}],"wp:attachment":[{"href":"https:\/\/noticiasemdestaque.com\/cd\/index.php?rest_route=%2Fwp%2Fv2%2Fmedia&parent=26241"}],"wp:term":[{"taxonomy":"category","embeddable":true,"href":"https:\/\/noticiasemdestaque.com\/cd\/index.php?rest_route=%2Fwp%2Fv2%2Fcategories&post=26241"},{"taxonomy":"post_tag","embeddable":true,"href":"https:\/\/noticiasemdestaque.com\/cd\/index.php?rest_route=%2Fwp%2Fv2%2Ftags&post=26241"}],"curies":[{"name":"wp","href":"https:\/\/api.w.org\/{rel}","templated":true}]}}