{"id":26239,"date":"2020-08-10T07:29:15","date_gmt":"2020-08-10T10:29:15","guid":{"rendered":"http:\/\/noticiasemdestaque.com\/cd\/?p=26239"},"modified":"2020-08-10T07:29:15","modified_gmt":"2020-08-10T10:29:15","slug":"aberta-no-cdsa-selecao-para-alunos-bolsistas-e-preceptores-do-programa-residencia-pedagogica","status":"publish","type":"post","link":"https:\/\/noticiasemdestaque.com\/cd\/?p=26239","title":{"rendered":"Aberta no CDSA sele\u00e7\u00e3o para alunos bolsistas e preceptores do Programa Resid\u00eancia Pedag\u00f3gica"},"content":{"rendered":"<p><a href=\"https:\/\/noticiasemdestaque.com\/cd\/wp-content\/uploads\/2019\/04\/cdsa-sume.jpg\"><img fetchpriority=\"high\" decoding=\"async\" class=\"alignnone size-full wp-image-16794\" src=\"https:\/\/noticiasemdestaque.com\/cd\/wp-content\/uploads\/2019\/04\/cdsa-sume.jpg\" alt=\"\" width=\"960\" height=\"540\" srcset=\"https:\/\/noticiasemdestaque.com\/cd\/wp-content\/uploads\/2019\/04\/cdsa-sume.jpg 960w, https:\/\/noticiasemdestaque.com\/cd\/wp-content\/uploads\/2019\/04\/cdsa-sume-300x169.jpg 300w, https:\/\/noticiasemdestaque.com\/cd\/wp-content\/uploads\/2019\/04\/cdsa-sume-768x432.jpg 768w\" sizes=\"(max-width: 960px) 100vw, 960px\" \/><\/a><\/p>\n<p>Foram publicados pela Pr\u00f3-Reitoria de Ensino da UFCG editais de sele\u00e7\u00e3o do Programa Resid\u00eancia Pedag\u00f3gica para alunos bolsistas e para preceptores. Est\u00e3o sendo ofertadas oito vagas para bolsistas que dever\u00e3o ser alunos matriculados, a partir do quinto per\u00edodo, no curso de Ci\u00eancias Sociais do Centro de Desenvolvimento Sustent\u00e1vel do Semi\u00e1rido (CDSA). Tamb\u00e9m est\u00e1 sendo ofertada uma vaga para preceptor &#8211; que dever\u00e1 ser um professor que atua no Ensino M\u00e9dio da escola em que o Programa ser\u00e1 executado, ou seja, a Escola Estadual\u00a0Professor Jos\u00e9 Gon\u00e7alves de Queiroz, no munic\u00edpio de Sum\u00e9.<\/p>\n<p>Para participar da sele\u00e7\u00e3o o interessado\u00a0dever\u00e1 realizar a inscri\u00e7\u00e3o at\u00e9 o pr\u00f3ximo dia 12 de agosto, atrav\u00e9s do e-mail de cada professor respons\u00e1vel pelos subprojetos descritos na se\u00e7\u00e3o 3 dos referidos editais (para bolsista e para preceptor).<\/p>\n<p>Toda documenta\u00e7\u00e3o exigida e prazos estabelecidos est\u00e3o dispon\u00edveis nos editais abaixo:<\/p>\n<p>&#8211;\u00a0<a href=\"http:\/\/www.cdsa.ufcg.edu.br\/cdsa\/editais3\/1682-edital-bolsistas-resid%C3%AAncia-pedag%C3%B3gica-pre-08-2020.html\" target=\"_blank\" rel=\"noopener noreferrer\" data-saferedirecturl=\"https:\/\/www.google.com\/url?q=http:\/\/www.cdsa.ufcg.edu.br\/cdsa\/editais3\/1682-edital-bolsistas-resid%25C3%25AAncia-pedag%25C3%25B3gica-pre-08-2020.html&amp;source=gmail&amp;ust=1597141691073000&amp;usg=AFQjCNETR73gfPLXcnM60czbtT2JLqGoRg\">Edital Bolsistas Resid\u00eancia Pedag\u00f3gica PRE 08-2020<\/a><\/p>\n<p>&#8211;\u00a0<a href=\"http:\/\/www.cdsa.ufcg.edu.br\/cdsa\/editais3\/1683-edital-preceptor-resid%C3%AAncia-pedag%C3%B3gica-pre-09-2020.html\" target=\"_blank\" rel=\"noopener noreferrer\" data-saferedirecturl=\"https:\/\/www.google.com\/url?q=http:\/\/www.cdsa.ufcg.edu.br\/cdsa\/editais3\/1683-edital-preceptor-resid%25C3%25AAncia-pedag%25C3%25B3gica-pre-09-2020.html&amp;source=gmail&amp;ust=1597141691073000&amp;usg=AFQjCNEC9VR0YjyB0Ch7IAPRuEp7hcVGBA\">Edital Preceptor Resid\u00eancia Pedag\u00f3gica PRE-09-2020<\/a><\/p>\n<p><strong>O Programa<\/strong><\/p>\n<p>O Programa de Resid\u00eancia Pedag\u00f3gica \u00e9 uma das a\u00e7\u00f5es que integram a Pol\u00edtica Nacional de Forma\u00e7\u00e3o de Professores e tem por objetivo induzir o aperfei\u00e7oamento da forma\u00e7\u00e3o pr\u00e1tica nos cursos de licenciatura, promovendo a imers\u00e3o do licenciando na escola de educa\u00e7\u00e3o b\u00e1sica, a partir da segunda metade de seu curso.<\/p>\n<p>Essa imers\u00e3o deve contemplar, entre outras atividades, reg\u00eancia de sala de aula e interven\u00e7\u00e3o pedag\u00f3gica, acompanhadas por um professor da escola com experi\u00eancia na \u00e1rea de ensino do licenciando e orientada por um docente da sua Institui\u00e7\u00e3o Formadora.<\/p>\n<p>A Resid\u00eancia Pedag\u00f3gica, articulada aos demais programas da Capes comp\u00f5em a Pol\u00edtica Nacional, tem como premissas b\u00e1sicas o entendimento de que a forma\u00e7\u00e3o de professores nos cursos de licenciatura deve assegurar aos seus egressos, habilidades e compet\u00eancias que lhes permitam realizar um ensino de qualidade nas escolas de educa\u00e7\u00e3o b\u00e1sica.<\/p>\n<p>Assimp CDSA\/UFCG<\/p>\n","protected":false},"excerpt":{"rendered":"<p>Foram publicados pela Pr\u00f3-Reitoria de Ensino da UFCG editais de sele\u00e7\u00e3o do Programa Resid\u00eancia Pedag\u00f3gica para alunos bolsistas e para preceptores. Est\u00e3o sendo ofertadas oito vagas para bolsistas que dever\u00e3o ser alunos matriculados, a partir do quinto per\u00edodo, no curso de Ci\u00eancias Sociais do Centro de Desenvolvimento Sustent\u00e1vel do Semi\u00e1rido (CDSA). Tamb\u00e9m est\u00e1 sendo ofertada uma vaga para preceptor &#8211; que dever\u00e1 ser um professor que atua no Ensino M\u00e9dio da escola em que o Programa ser\u00e1 executado, ou seja, a Escola Estadual\u00a0Professor Jos\u00e9 Gon\u00e7alves de Queiroz, no munic\u00edpio de Sum\u00e9. Para participar da sele\u00e7\u00e3o o interessado\u00a0dever\u00e1 realizar a inscri\u00e7\u00e3o at\u00e9 o pr\u00f3ximo dia 12 de agosto, atrav\u00e9s do e-mail de cada professor respons\u00e1vel pelos subprojetos descritos na se\u00e7\u00e3o 3 dos referidos editais (para bolsista e para preceptor). Toda documenta\u00e7\u00e3o exigida e prazos estabelecidos est\u00e3o dispon\u00edveis nos editais abaixo: &#8211;\u00a0Edital Bolsistas Resid\u00eancia Pedag\u00f3gica PRE 08-2020 &#8211;\u00a0Edital Preceptor Resid\u00eancia Pedag\u00f3gica PRE-09-2020 O Programa O Programa de Resid\u00eancia Pedag\u00f3gica \u00e9 uma das a\u00e7\u00f5es que integram a Pol\u00edtica Nacional de Forma\u00e7\u00e3o de Professores e tem por objetivo induzir o aperfei\u00e7oamento da forma\u00e7\u00e3o pr\u00e1tica nos cursos de licenciatura, promovendo a imers\u00e3o do licenciando na escola de educa\u00e7\u00e3o b\u00e1sica, a partir da segunda metade de seu curso. Essa imers\u00e3o deve contemplar, entre outras atividades, reg\u00eancia de sala de aula e interven\u00e7\u00e3o pedag\u00f3gica, acompanhadas por um professor da escola com experi\u00eancia na \u00e1rea de ensino do licenciando e orientada por um docente da sua Institui\u00e7\u00e3o Formadora. A Resid\u00eancia Pedag\u00f3gica, articulada aos demais programas da Capes comp\u00f5em a Pol\u00edtica Nacional, tem como premissas b\u00e1sicas o entendimento de que a forma\u00e7\u00e3o de professores nos cursos de licenciatura deve assegurar aos seus egressos, habilidades e compet\u00eancias que lhes permitam realizar um ensino de qualidade nas escolas de educa\u00e7\u00e3o b\u00e1sica. Assimp CDSA\/UFCG<\/p>\n","protected":false},"author":2,"featured_media":16794,"comment_status":"closed","ping_status":"open","sticky":false,"template":"","format":"standard","meta":{"_eb_attr":"","_jetpack_memberships_contains_paid_content":false,"footnotes":""},"categories":[12],"tags":[],"class_list":["post-26239","post","type-post","status-publish","format-standard","has-post-thumbnail","hentry","category-geral"],"yoast_head":"<!-- This site is optimized with the Yoast SEO plugin v26.5 - https:\/\/yoast.com\/wordpress\/plugins\/seo\/ -->\n<title>Aberta no CDSA sele\u00e7\u00e3o para alunos bolsistas e preceptores do Programa Resid\u00eancia Pedag\u00f3gica - Not&iacute;cias em Destaque<\/title>\n<meta name=\"robots\" content=\"index, follow, max-snippet:-1, max-image-preview:large, max-video-preview:-1\" \/>\n<link rel=\"canonical\" href=\"https:\/\/noticiasemdestaque.com\/cd\/?p=26239\" \/>\n<meta property=\"og:locale\" content=\"pt_BR\" \/>\n<meta property=\"og:type\" content=\"article\" \/>\n<meta property=\"og:title\" content=\"Aberta no CDSA sele\u00e7\u00e3o para alunos bolsistas e preceptores do Programa Resid\u00eancia Pedag\u00f3gica - Not&iacute;cias em Destaque\" \/>\n<meta property=\"og:description\" content=\"Foram publicados pela Pr\u00f3-Reitoria de Ensino da UFCG editais de sele\u00e7\u00e3o do Programa Resid\u00eancia Pedag\u00f3gica para alunos bolsistas e para preceptores. Est\u00e3o sendo ofertadas oito vagas para bolsistas que dever\u00e3o ser alunos matriculados, a partir do quinto per\u00edodo, no curso de Ci\u00eancias Sociais do Centro de Desenvolvimento Sustent\u00e1vel do Semi\u00e1rido (CDSA). Tamb\u00e9m est\u00e1 sendo ofertada uma vaga para preceptor &#8211; que dever\u00e1 ser um professor que atua no Ensino M\u00e9dio da escola em que o Programa ser\u00e1 executado, ou seja, a Escola Estadual\u00a0Professor Jos\u00e9 Gon\u00e7alves de Queiroz, no munic\u00edpio de Sum\u00e9. Para participar da sele\u00e7\u00e3o o interessado\u00a0dever\u00e1 realizar a inscri\u00e7\u00e3o at\u00e9 o pr\u00f3ximo dia 12 de agosto, atrav\u00e9s do e-mail de cada professor respons\u00e1vel pelos subprojetos descritos na se\u00e7\u00e3o 3 dos referidos editais (para bolsista e para preceptor). Toda documenta\u00e7\u00e3o exigida e prazos estabelecidos est\u00e3o dispon\u00edveis nos editais abaixo: &#8211;\u00a0Edital Bolsistas Resid\u00eancia Pedag\u00f3gica PRE 08-2020 &#8211;\u00a0Edital Preceptor Resid\u00eancia Pedag\u00f3gica PRE-09-2020 O Programa O Programa de Resid\u00eancia Pedag\u00f3gica \u00e9 uma das a\u00e7\u00f5es que integram a Pol\u00edtica Nacional de Forma\u00e7\u00e3o de Professores e tem por objetivo induzir o aperfei\u00e7oamento da forma\u00e7\u00e3o pr\u00e1tica nos cursos de licenciatura, promovendo a imers\u00e3o do licenciando na escola de educa\u00e7\u00e3o b\u00e1sica, a partir da segunda metade de seu curso. Essa imers\u00e3o deve contemplar, entre outras atividades, reg\u00eancia de sala de aula e interven\u00e7\u00e3o pedag\u00f3gica, acompanhadas por um professor da escola com experi\u00eancia na \u00e1rea de ensino do licenciando e orientada por um docente da sua Institui\u00e7\u00e3o Formadora. A Resid\u00eancia Pedag\u00f3gica, articulada aos demais programas da Capes comp\u00f5em a Pol\u00edtica Nacional, tem como premissas b\u00e1sicas o entendimento de que a forma\u00e7\u00e3o de professores nos cursos de licenciatura deve assegurar aos seus egressos, habilidades e compet\u00eancias que lhes permitam realizar um ensino de qualidade nas escolas de educa\u00e7\u00e3o b\u00e1sica. Assimp CDSA\/UFCG\" \/>\n<meta property=\"og:url\" content=\"https:\/\/noticiasemdestaque.com\/cd\/?p=26239\" \/>\n<meta property=\"og:site_name\" content=\"Not&iacute;cias em Destaque\" \/>\n<meta property=\"article:published_time\" content=\"2020-08-10T10:29:15+00:00\" \/>\n<meta property=\"og:image\" content=\"https:\/\/noticiasemdestaque.com\/cd\/wp-content\/uploads\/2019\/04\/cdsa-sume.jpg\" \/>\n\t<meta property=\"og:image:width\" content=\"960\" \/>\n\t<meta property=\"og:image:height\" content=\"540\" \/>\n\t<meta property=\"og:image:type\" content=\"image\/jpeg\" \/>\n<meta name=\"author\" content=\"Not\u00edcias em Destaque\" \/>\n<meta name=\"twitter:card\" content=\"summary_large_image\" \/>\n<meta name=\"twitter:label1\" content=\"Escrito por\" \/>\n\t<meta name=\"twitter:data1\" content=\"Not\u00edcias em Destaque\" \/>\n\t<meta name=\"twitter:label2\" content=\"Est. tempo de leitura\" \/>\n\t<meta name=\"twitter:data2\" content=\"2 minutos\" \/>\n<script type=\"application\/ld+json\" class=\"yoast-schema-graph\">{\"@context\":\"https:\/\/schema.org\",\"@graph\":[{\"@type\":\"Article\",\"@id\":\"https:\/\/noticiasemdestaque.com\/cd\/?p=26239#article\",\"isPartOf\":{\"@id\":\"https:\/\/noticiasemdestaque.com\/cd\/?p=26239\"},\"author\":{\"name\":\"Not\u00edcias em Destaque\",\"@id\":\"https:\/\/noticiasemdestaque.com\/cd\/#\/schema\/person\/21320b03a7e8bb90128938dafc9b908a\"},\"headline\":\"Aberta no CDSA sele\u00e7\u00e3o para alunos bolsistas e preceptores do Programa Resid\u00eancia Pedag\u00f3gica\",\"datePublished\":\"2020-08-10T10:29:15+00:00\",\"mainEntityOfPage\":{\"@id\":\"https:\/\/noticiasemdestaque.com\/cd\/?p=26239\"},\"wordCount\":364,\"publisher\":{\"@id\":\"https:\/\/noticiasemdestaque.com\/cd\/#organization\"},\"image\":{\"@id\":\"https:\/\/noticiasemdestaque.com\/cd\/?p=26239#primaryimage\"},\"thumbnailUrl\":\"https:\/\/noticiasemdestaque.com\/cd\/wp-content\/uploads\/2019\/04\/cdsa-sume.jpg\",\"articleSection\":[\"Geral\"],\"inLanguage\":\"pt-BR\"},{\"@type\":\"WebPage\",\"@id\":\"https:\/\/noticiasemdestaque.com\/cd\/?p=26239\",\"url\":\"https:\/\/noticiasemdestaque.com\/cd\/?p=26239\",\"name\":\"Aberta no CDSA sele\u00e7\u00e3o para alunos bolsistas e preceptores do Programa Resid\u00eancia Pedag\u00f3gica - Not&iacute;cias em Destaque\",\"isPartOf\":{\"@id\":\"https:\/\/noticiasemdestaque.com\/cd\/#website\"},\"primaryImageOfPage\":{\"@id\":\"https:\/\/noticiasemdestaque.com\/cd\/?p=26239#primaryimage\"},\"image\":{\"@id\":\"https:\/\/noticiasemdestaque.com\/cd\/?p=26239#primaryimage\"},\"thumbnailUrl\":\"https:\/\/noticiasemdestaque.com\/cd\/wp-content\/uploads\/2019\/04\/cdsa-sume.jpg\",\"datePublished\":\"2020-08-10T10:29:15+00:00\",\"breadcrumb\":{\"@id\":\"https:\/\/noticiasemdestaque.com\/cd\/?p=26239#breadcrumb\"},\"inLanguage\":\"pt-BR\",\"potentialAction\":[{\"@type\":\"ReadAction\",\"target\":[\"https:\/\/noticiasemdestaque.com\/cd\/?p=26239\"]}]},{\"@type\":\"ImageObject\",\"inLanguage\":\"pt-BR\",\"@id\":\"https:\/\/noticiasemdestaque.com\/cd\/?p=26239#primaryimage\",\"url\":\"https:\/\/noticiasemdestaque.com\/cd\/wp-content\/uploads\/2019\/04\/cdsa-sume.jpg\",\"contentUrl\":\"https:\/\/noticiasemdestaque.com\/cd\/wp-content\/uploads\/2019\/04\/cdsa-sume.jpg\",\"width\":960,\"height\":540},{\"@type\":\"BreadcrumbList\",\"@id\":\"https:\/\/noticiasemdestaque.com\/cd\/?p=26239#breadcrumb\",\"itemListElement\":[{\"@type\":\"ListItem\",\"position\":1,\"name\":\"In\u00edcio\",\"item\":\"https:\/\/noticiasemdestaque.com\/cd\/\"},{\"@type\":\"ListItem\",\"position\":2,\"name\":\"Aberta no CDSA sele\u00e7\u00e3o para alunos bolsistas e preceptores do Programa Resid\u00eancia Pedag\u00f3gica\"}]},{\"@type\":\"WebSite\",\"@id\":\"https:\/\/noticiasemdestaque.com\/cd\/#website\",\"url\":\"https:\/\/noticiasemdestaque.com\/cd\/\",\"name\":\"Not&iacute;cias em Destaque\",\"description\":\"\",\"publisher\":{\"@id\":\"https:\/\/noticiasemdestaque.com\/cd\/#organization\"},\"potentialAction\":[{\"@type\":\"SearchAction\",\"target\":{\"@type\":\"EntryPoint\",\"urlTemplate\":\"https:\/\/noticiasemdestaque.com\/cd\/?s={search_term_string}\"},\"query-input\":{\"@type\":\"PropertyValueSpecification\",\"valueRequired\":true,\"valueName\":\"search_term_string\"}}],\"inLanguage\":\"pt-BR\"},{\"@type\":\"Organization\",\"@id\":\"https:\/\/noticiasemdestaque.com\/cd\/#organization\",\"name\":\"Not\u00edcias em Destaque\",\"url\":\"https:\/\/noticiasemdestaque.com\/cd\/\",\"logo\":{\"@type\":\"ImageObject\",\"inLanguage\":\"pt-BR\",\"@id\":\"https:\/\/noticiasemdestaque.com\/cd\/#\/schema\/logo\/image\/\",\"url\":\"https:\/\/noticiasemdestaque.com\/cd\/wp-content\/uploads\/2022\/05\/imagem-base-noticiasemdestaque.png\",\"contentUrl\":\"https:\/\/noticiasemdestaque.com\/cd\/wp-content\/uploads\/2022\/05\/imagem-base-noticiasemdestaque.png\",\"width\":1200,\"height\":630,\"caption\":\"Not\u00edcias em Destaque\"},\"image\":{\"@id\":\"https:\/\/noticiasemdestaque.com\/cd\/#\/schema\/logo\/image\/\"}},{\"@type\":\"Person\",\"@id\":\"https:\/\/noticiasemdestaque.com\/cd\/#\/schema\/person\/21320b03a7e8bb90128938dafc9b908a\",\"name\":\"Not\u00edcias em Destaque\",\"url\":\"https:\/\/noticiasemdestaque.com\/cd\/?author=2\"}]}<\/script>\n<!-- \/ Yoast SEO plugin. -->","yoast_head_json":{"title":"Aberta no CDSA sele\u00e7\u00e3o para alunos bolsistas e preceptores do Programa Resid\u00eancia Pedag\u00f3gica - Not&iacute;cias em Destaque","robots":{"index":"index","follow":"follow","max-snippet":"max-snippet:-1","max-image-preview":"max-image-preview:large","max-video-preview":"max-video-preview:-1"},"canonical":"https:\/\/noticiasemdestaque.com\/cd\/?p=26239","og_locale":"pt_BR","og_type":"article","og_title":"Aberta no CDSA sele\u00e7\u00e3o para alunos bolsistas e preceptores do Programa Resid\u00eancia Pedag\u00f3gica - Not&iacute;cias em Destaque","og_description":"Foram publicados pela Pr\u00f3-Reitoria de Ensino da UFCG editais de sele\u00e7\u00e3o do Programa Resid\u00eancia Pedag\u00f3gica para alunos bolsistas e para preceptores. Est\u00e3o sendo ofertadas oito vagas para bolsistas que dever\u00e3o ser alunos matriculados, a partir do quinto per\u00edodo, no curso de Ci\u00eancias Sociais do Centro de Desenvolvimento Sustent\u00e1vel do Semi\u00e1rido (CDSA). Tamb\u00e9m est\u00e1 sendo ofertada uma vaga para preceptor &#8211; que dever\u00e1 ser um professor que atua no Ensino M\u00e9dio da escola em que o Programa ser\u00e1 executado, ou seja, a Escola Estadual\u00a0Professor Jos\u00e9 Gon\u00e7alves de Queiroz, no munic\u00edpio de Sum\u00e9. Para participar da sele\u00e7\u00e3o o interessado\u00a0dever\u00e1 realizar a inscri\u00e7\u00e3o at\u00e9 o pr\u00f3ximo dia 12 de agosto, atrav\u00e9s do e-mail de cada professor respons\u00e1vel pelos subprojetos descritos na se\u00e7\u00e3o 3 dos referidos editais (para bolsista e para preceptor). Toda documenta\u00e7\u00e3o exigida e prazos estabelecidos est\u00e3o dispon\u00edveis nos editais abaixo: &#8211;\u00a0Edital Bolsistas Resid\u00eancia Pedag\u00f3gica PRE 08-2020 &#8211;\u00a0Edital Preceptor Resid\u00eancia Pedag\u00f3gica PRE-09-2020 O Programa O Programa de Resid\u00eancia Pedag\u00f3gica \u00e9 uma das a\u00e7\u00f5es que integram a Pol\u00edtica Nacional de Forma\u00e7\u00e3o de Professores e tem por objetivo induzir o aperfei\u00e7oamento da forma\u00e7\u00e3o pr\u00e1tica nos cursos de licenciatura, promovendo a imers\u00e3o do licenciando na escola de educa\u00e7\u00e3o b\u00e1sica, a partir da segunda metade de seu curso. Essa imers\u00e3o deve contemplar, entre outras atividades, reg\u00eancia de sala de aula e interven\u00e7\u00e3o pedag\u00f3gica, acompanhadas por um professor da escola com experi\u00eancia na \u00e1rea de ensino do licenciando e orientada por um docente da sua Institui\u00e7\u00e3o Formadora. A Resid\u00eancia Pedag\u00f3gica, articulada aos demais programas da Capes comp\u00f5em a Pol\u00edtica Nacional, tem como premissas b\u00e1sicas o entendimento de que a forma\u00e7\u00e3o de professores nos cursos de licenciatura deve assegurar aos seus egressos, habilidades e compet\u00eancias que lhes permitam realizar um ensino de qualidade nas escolas de educa\u00e7\u00e3o b\u00e1sica. Assimp CDSA\/UFCG","og_url":"https:\/\/noticiasemdestaque.com\/cd\/?p=26239","og_site_name":"Not&iacute;cias em Destaque","article_published_time":"2020-08-10T10:29:15+00:00","og_image":[{"width":960,"height":540,"url":"https:\/\/noticiasemdestaque.com\/cd\/wp-content\/uploads\/2019\/04\/cdsa-sume.jpg","type":"image\/jpeg"}],"author":"Not\u00edcias em Destaque","twitter_card":"summary_large_image","twitter_misc":{"Escrito por":"Not\u00edcias em Destaque","Est. tempo de leitura":"2 minutos"},"schema":{"@context":"https:\/\/schema.org","@graph":[{"@type":"Article","@id":"https:\/\/noticiasemdestaque.com\/cd\/?p=26239#article","isPartOf":{"@id":"https:\/\/noticiasemdestaque.com\/cd\/?p=26239"},"author":{"name":"Not\u00edcias em Destaque","@id":"https:\/\/noticiasemdestaque.com\/cd\/#\/schema\/person\/21320b03a7e8bb90128938dafc9b908a"},"headline":"Aberta no CDSA sele\u00e7\u00e3o para alunos bolsistas e preceptores do Programa Resid\u00eancia Pedag\u00f3gica","datePublished":"2020-08-10T10:29:15+00:00","mainEntityOfPage":{"@id":"https:\/\/noticiasemdestaque.com\/cd\/?p=26239"},"wordCount":364,"publisher":{"@id":"https:\/\/noticiasemdestaque.com\/cd\/#organization"},"image":{"@id":"https:\/\/noticiasemdestaque.com\/cd\/?p=26239#primaryimage"},"thumbnailUrl":"https:\/\/noticiasemdestaque.com\/cd\/wp-content\/uploads\/2019\/04\/cdsa-sume.jpg","articleSection":["Geral"],"inLanguage":"pt-BR"},{"@type":"WebPage","@id":"https:\/\/noticiasemdestaque.com\/cd\/?p=26239","url":"https:\/\/noticiasemdestaque.com\/cd\/?p=26239","name":"Aberta no CDSA sele\u00e7\u00e3o para alunos bolsistas e preceptores do Programa Resid\u00eancia Pedag\u00f3gica - Not&iacute;cias em Destaque","isPartOf":{"@id":"https:\/\/noticiasemdestaque.com\/cd\/#website"},"primaryImageOfPage":{"@id":"https:\/\/noticiasemdestaque.com\/cd\/?p=26239#primaryimage"},"image":{"@id":"https:\/\/noticiasemdestaque.com\/cd\/?p=26239#primaryimage"},"thumbnailUrl":"https:\/\/noticiasemdestaque.com\/cd\/wp-content\/uploads\/2019\/04\/cdsa-sume.jpg","datePublished":"2020-08-10T10:29:15+00:00","breadcrumb":{"@id":"https:\/\/noticiasemdestaque.com\/cd\/?p=26239#breadcrumb"},"inLanguage":"pt-BR","potentialAction":[{"@type":"ReadAction","target":["https:\/\/noticiasemdestaque.com\/cd\/?p=26239"]}]},{"@type":"ImageObject","inLanguage":"pt-BR","@id":"https:\/\/noticiasemdestaque.com\/cd\/?p=26239#primaryimage","url":"https:\/\/noticiasemdestaque.com\/cd\/wp-content\/uploads\/2019\/04\/cdsa-sume.jpg","contentUrl":"https:\/\/noticiasemdestaque.com\/cd\/wp-content\/uploads\/2019\/04\/cdsa-sume.jpg","width":960,"height":540},{"@type":"BreadcrumbList","@id":"https:\/\/noticiasemdestaque.com\/cd\/?p=26239#breadcrumb","itemListElement":[{"@type":"ListItem","position":1,"name":"In\u00edcio","item":"https:\/\/noticiasemdestaque.com\/cd\/"},{"@type":"ListItem","position":2,"name":"Aberta no CDSA sele\u00e7\u00e3o para alunos bolsistas e preceptores do Programa Resid\u00eancia Pedag\u00f3gica"}]},{"@type":"WebSite","@id":"https:\/\/noticiasemdestaque.com\/cd\/#website","url":"https:\/\/noticiasemdestaque.com\/cd\/","name":"Not&iacute;cias em Destaque","description":"","publisher":{"@id":"https:\/\/noticiasemdestaque.com\/cd\/#organization"},"potentialAction":[{"@type":"SearchAction","target":{"@type":"EntryPoint","urlTemplate":"https:\/\/noticiasemdestaque.com\/cd\/?s={search_term_string}"},"query-input":{"@type":"PropertyValueSpecification","valueRequired":true,"valueName":"search_term_string"}}],"inLanguage":"pt-BR"},{"@type":"Organization","@id":"https:\/\/noticiasemdestaque.com\/cd\/#organization","name":"Not\u00edcias em Destaque","url":"https:\/\/noticiasemdestaque.com\/cd\/","logo":{"@type":"ImageObject","inLanguage":"pt-BR","@id":"https:\/\/noticiasemdestaque.com\/cd\/#\/schema\/logo\/image\/","url":"https:\/\/noticiasemdestaque.com\/cd\/wp-content\/uploads\/2022\/05\/imagem-base-noticiasemdestaque.png","contentUrl":"https:\/\/noticiasemdestaque.com\/cd\/wp-content\/uploads\/2022\/05\/imagem-base-noticiasemdestaque.png","width":1200,"height":630,"caption":"Not\u00edcias em Destaque"},"image":{"@id":"https:\/\/noticiasemdestaque.com\/cd\/#\/schema\/logo\/image\/"}},{"@type":"Person","@id":"https:\/\/noticiasemdestaque.com\/cd\/#\/schema\/person\/21320b03a7e8bb90128938dafc9b908a","name":"Not\u00edcias em Destaque","url":"https:\/\/noticiasemdestaque.com\/cd\/?author=2"}]}},"jetpack_featured_media_url":"https:\/\/noticiasemdestaque.com\/cd\/wp-content\/uploads\/2019\/04\/cdsa-sume.jpg","jetpack_sharing_enabled":true,"_links":{"self":[{"href":"https:\/\/noticiasemdestaque.com\/cd\/index.php?rest_route=\/wp\/v2\/posts\/26239","targetHints":{"allow":["GET"]}}],"collection":[{"href":"https:\/\/noticiasemdestaque.com\/cd\/index.php?rest_route=\/wp\/v2\/posts"}],"about":[{"href":"https:\/\/noticiasemdestaque.com\/cd\/index.php?rest_route=\/wp\/v2\/types\/post"}],"author":[{"embeddable":true,"href":"https:\/\/noticiasemdestaque.com\/cd\/index.php?rest_route=\/wp\/v2\/users\/2"}],"replies":[{"embeddable":true,"href":"https:\/\/noticiasemdestaque.com\/cd\/index.php?rest_route=%2Fwp%2Fv2%2Fcomments&post=26239"}],"version-history":[{"count":1,"href":"https:\/\/noticiasemdestaque.com\/cd\/index.php?rest_route=\/wp\/v2\/posts\/26239\/revisions"}],"predecessor-version":[{"id":26240,"href":"https:\/\/noticiasemdestaque.com\/cd\/index.php?rest_route=\/wp\/v2\/posts\/26239\/revisions\/26240"}],"wp:featuredmedia":[{"embeddable":true,"href":"https:\/\/noticiasemdestaque.com\/cd\/index.php?rest_route=\/wp\/v2\/media\/16794"}],"wp:attachment":[{"href":"https:\/\/noticiasemdestaque.com\/cd\/index.php?rest_route=%2Fwp%2Fv2%2Fmedia&parent=26239"}],"wp:term":[{"taxonomy":"category","embeddable":true,"href":"https:\/\/noticiasemdestaque.com\/cd\/index.php?rest_route=%2Fwp%2Fv2%2Fcategories&post=26239"},{"taxonomy":"post_tag","embeddable":true,"href":"https:\/\/noticiasemdestaque.com\/cd\/index.php?rest_route=%2Fwp%2Fv2%2Ftags&post=26239"}],"curies":[{"name":"wp","href":"https:\/\/api.w.org\/{rel}","templated":true}]}}