{"id":26236,"date":"2020-08-10T07:27:31","date_gmt":"2020-08-10T10:27:31","guid":{"rendered":"http:\/\/noticiasemdestaque.com\/cd\/?p=26236"},"modified":"2020-08-10T07:27:31","modified_gmt":"2020-08-10T10:27:31","slug":"prefeitura-de-amparo-inicia-construcao-da-nova-escola-de-educacao-basica-do-municipio","status":"publish","type":"post","link":"https:\/\/noticiasemdestaque.com\/cd\/?p=26236","title":{"rendered":"Prefeitura de Amparo inicia constru\u00e7\u00e3o da Nova Escola de Educa\u00e7\u00e3o B\u00e1sica do munic\u00edpio"},"content":{"rendered":"<p><a href=\"https:\/\/noticiasemdestaque.com\/cd\/wp-content\/uploads\/2020\/08\/f5e514d3-d7d3-4bea-843e-2b1f5fbb5c65.jpg\"><img fetchpriority=\"high\" decoding=\"async\" class=\"size-full wp-image-26237 aligncenter\" src=\"https:\/\/noticiasemdestaque.com\/cd\/wp-content\/uploads\/2020\/08\/f5e514d3-d7d3-4bea-843e-2b1f5fbb5c65.jpg\" alt=\"\" width=\"640\" height=\"360\" srcset=\"https:\/\/noticiasemdestaque.com\/cd\/wp-content\/uploads\/2020\/08\/f5e514d3-d7d3-4bea-843e-2b1f5fbb5c65.jpg 640w, https:\/\/noticiasemdestaque.com\/cd\/wp-content\/uploads\/2020\/08\/f5e514d3-d7d3-4bea-843e-2b1f5fbb5c65-300x169.jpg 300w\" sizes=\"(max-width: 640px) 100vw, 640px\" \/><\/a><\/p>\n<p style=\"font-weight: 400;\">Teve in\u00edcio nesta quarta-feira (05) os servi\u00e7os de funda\u00e7\u00e3o de base da nova escola municipal de educa\u00e7\u00e3o b\u00e1sica do munic\u00edpio de Amparo, que ser\u00e1 edificada atrav\u00e9s da parceria com o governo do Estado da Para\u00edba.<\/p>\n<p style=\"font-weight: 400;\">A nova escola teve importante participa\u00e7\u00e3o do ex-deputado estadual Genival Matias (In memorian) que desde seu primeiro contato com o munic\u00edpio, abriu as portas do seu gabinete para as demandas apresentadas pela gest\u00e3o do prefeito In\u00e1cio N\u00f3brega, a bem da popula\u00e7\u00e3o amparense, afinal, somos todos Amparo.<\/p>\n<p>Com Ascom<\/p>\n","protected":false},"excerpt":{"rendered":"<p>Teve in\u00edcio nesta quarta-feira (05) os servi\u00e7os de funda\u00e7\u00e3o de base da nova escola municipal de educa\u00e7\u00e3o b\u00e1sica do munic\u00edpio de Amparo, que ser\u00e1 edificada atrav\u00e9s da parceria com o governo do Estado da Para\u00edba. A nova escola teve importante participa\u00e7\u00e3o do ex-deputado estadual Genival Matias (In memorian) que desde seu primeiro contato com o munic\u00edpio, abriu as portas do seu gabinete para as demandas apresentadas pela gest\u00e3o do prefeito In\u00e1cio N\u00f3brega, a bem da popula\u00e7\u00e3o amparense, afinal, somos todos Amparo. Com Ascom<\/p>\n","protected":false},"author":2,"featured_media":26237,"comment_status":"closed","ping_status":"open","sticky":false,"template":"","format":"standard","meta":{"_eb_attr":"","_jetpack_memberships_contains_paid_content":false,"footnotes":""},"categories":[6],"tags":[],"class_list":["post-26236","post","type-post","status-publish","format-standard","has-post-thumbnail","hentry","category-educacao"],"yoast_head":"<!-- This site is optimized with the Yoast SEO plugin v26.5 - https:\/\/yoast.com\/wordpress\/plugins\/seo\/ -->\n<title>Prefeitura de Amparo inicia constru\u00e7\u00e3o da Nova Escola de Educa\u00e7\u00e3o B\u00e1sica do munic\u00edpio - Not&iacute;cias em Destaque<\/title>\n<meta name=\"robots\" content=\"index, follow, max-snippet:-1, max-image-preview:large, max-video-preview:-1\" \/>\n<link rel=\"canonical\" href=\"https:\/\/noticiasemdestaque.com\/cd\/?p=26236\" \/>\n<meta property=\"og:locale\" content=\"pt_BR\" \/>\n<meta property=\"og:type\" content=\"article\" \/>\n<meta property=\"og:title\" content=\"Prefeitura de Amparo inicia constru\u00e7\u00e3o da Nova Escola de Educa\u00e7\u00e3o B\u00e1sica do munic\u00edpio - Not&iacute;cias em Destaque\" \/>\n<meta property=\"og:description\" content=\"Teve in\u00edcio nesta quarta-feira (05) os servi\u00e7os de funda\u00e7\u00e3o de base da nova escola municipal de educa\u00e7\u00e3o b\u00e1sica do munic\u00edpio de Amparo, que ser\u00e1 edificada atrav\u00e9s da parceria com o governo do Estado da Para\u00edba. A nova escola teve importante participa\u00e7\u00e3o do ex-deputado estadual Genival Matias (In memorian) que desde seu primeiro contato com o munic\u00edpio, abriu as portas do seu gabinete para as demandas apresentadas pela gest\u00e3o do prefeito In\u00e1cio N\u00f3brega, a bem da popula\u00e7\u00e3o amparense, afinal, somos todos Amparo. Com Ascom\" \/>\n<meta property=\"og:url\" content=\"https:\/\/noticiasemdestaque.com\/cd\/?p=26236\" \/>\n<meta property=\"og:site_name\" content=\"Not&iacute;cias em Destaque\" \/>\n<meta property=\"article:published_time\" content=\"2020-08-10T10:27:31+00:00\" \/>\n<meta property=\"og:image\" content=\"https:\/\/noticiasemdestaque.com\/cd\/wp-content\/uploads\/2020\/08\/f5e514d3-d7d3-4bea-843e-2b1f5fbb5c65.jpg\" \/>\n\t<meta property=\"og:image:width\" content=\"640\" \/>\n\t<meta property=\"og:image:height\" content=\"360\" \/>\n\t<meta property=\"og:image:type\" content=\"image\/jpeg\" \/>\n<meta name=\"author\" content=\"Not\u00edcias em Destaque\" \/>\n<meta name=\"twitter:card\" content=\"summary_large_image\" \/>\n<meta name=\"twitter:label1\" content=\"Escrito por\" \/>\n\t<meta name=\"twitter:data1\" content=\"Not\u00edcias em Destaque\" \/>\n<script type=\"application\/ld+json\" class=\"yoast-schema-graph\">{\"@context\":\"https:\/\/schema.org\",\"@graph\":[{\"@type\":\"Article\",\"@id\":\"https:\/\/noticiasemdestaque.com\/cd\/?p=26236#article\",\"isPartOf\":{\"@id\":\"https:\/\/noticiasemdestaque.com\/cd\/?p=26236\"},\"author\":{\"name\":\"Not\u00edcias em Destaque\",\"@id\":\"https:\/\/noticiasemdestaque.com\/cd\/#\/schema\/person\/21320b03a7e8bb90128938dafc9b908a\"},\"headline\":\"Prefeitura de Amparo inicia constru\u00e7\u00e3o da Nova Escola de Educa\u00e7\u00e3o B\u00e1sica do munic\u00edpio\",\"datePublished\":\"2020-08-10T10:27:31+00:00\",\"mainEntityOfPage\":{\"@id\":\"https:\/\/noticiasemdestaque.com\/cd\/?p=26236\"},\"wordCount\":113,\"publisher\":{\"@id\":\"https:\/\/noticiasemdestaque.com\/cd\/#organization\"},\"image\":{\"@id\":\"https:\/\/noticiasemdestaque.com\/cd\/?p=26236#primaryimage\"},\"thumbnailUrl\":\"https:\/\/noticiasemdestaque.com\/cd\/wp-content\/uploads\/2020\/08\/f5e514d3-d7d3-4bea-843e-2b1f5fbb5c65.jpg\",\"articleSection\":[\"Educa\u00e7\u00e3o\"],\"inLanguage\":\"pt-BR\"},{\"@type\":\"WebPage\",\"@id\":\"https:\/\/noticiasemdestaque.com\/cd\/?p=26236\",\"url\":\"https:\/\/noticiasemdestaque.com\/cd\/?p=26236\",\"name\":\"Prefeitura de Amparo inicia constru\u00e7\u00e3o da Nova Escola de Educa\u00e7\u00e3o B\u00e1sica do munic\u00edpio - Not&iacute;cias em Destaque\",\"isPartOf\":{\"@id\":\"https:\/\/noticiasemdestaque.com\/cd\/#website\"},\"primaryImageOfPage\":{\"@id\":\"https:\/\/noticiasemdestaque.com\/cd\/?p=26236#primaryimage\"},\"image\":{\"@id\":\"https:\/\/noticiasemdestaque.com\/cd\/?p=26236#primaryimage\"},\"thumbnailUrl\":\"https:\/\/noticiasemdestaque.com\/cd\/wp-content\/uploads\/2020\/08\/f5e514d3-d7d3-4bea-843e-2b1f5fbb5c65.jpg\",\"datePublished\":\"2020-08-10T10:27:31+00:00\",\"breadcrumb\":{\"@id\":\"https:\/\/noticiasemdestaque.com\/cd\/?p=26236#breadcrumb\"},\"inLanguage\":\"pt-BR\",\"potentialAction\":[{\"@type\":\"ReadAction\",\"target\":[\"https:\/\/noticiasemdestaque.com\/cd\/?p=26236\"]}]},{\"@type\":\"ImageObject\",\"inLanguage\":\"pt-BR\",\"@id\":\"https:\/\/noticiasemdestaque.com\/cd\/?p=26236#primaryimage\",\"url\":\"https:\/\/noticiasemdestaque.com\/cd\/wp-content\/uploads\/2020\/08\/f5e514d3-d7d3-4bea-843e-2b1f5fbb5c65.jpg\",\"contentUrl\":\"https:\/\/noticiasemdestaque.com\/cd\/wp-content\/uploads\/2020\/08\/f5e514d3-d7d3-4bea-843e-2b1f5fbb5c65.jpg\",\"width\":640,\"height\":360},{\"@type\":\"BreadcrumbList\",\"@id\":\"https:\/\/noticiasemdestaque.com\/cd\/?p=26236#breadcrumb\",\"itemListElement\":[{\"@type\":\"ListItem\",\"position\":1,\"name\":\"In\u00edcio\",\"item\":\"https:\/\/noticiasemdestaque.com\/cd\/\"},{\"@type\":\"ListItem\",\"position\":2,\"name\":\"Prefeitura de Amparo inicia constru\u00e7\u00e3o da Nova Escola de Educa\u00e7\u00e3o B\u00e1sica do munic\u00edpio\"}]},{\"@type\":\"WebSite\",\"@id\":\"https:\/\/noticiasemdestaque.com\/cd\/#website\",\"url\":\"https:\/\/noticiasemdestaque.com\/cd\/\",\"name\":\"Not&iacute;cias em Destaque\",\"description\":\"\",\"publisher\":{\"@id\":\"https:\/\/noticiasemdestaque.com\/cd\/#organization\"},\"potentialAction\":[{\"@type\":\"SearchAction\",\"target\":{\"@type\":\"EntryPoint\",\"urlTemplate\":\"https:\/\/noticiasemdestaque.com\/cd\/?s={search_term_string}\"},\"query-input\":{\"@type\":\"PropertyValueSpecification\",\"valueRequired\":true,\"valueName\":\"search_term_string\"}}],\"inLanguage\":\"pt-BR\"},{\"@type\":\"Organization\",\"@id\":\"https:\/\/noticiasemdestaque.com\/cd\/#organization\",\"name\":\"Not\u00edcias em Destaque\",\"url\":\"https:\/\/noticiasemdestaque.com\/cd\/\",\"logo\":{\"@type\":\"ImageObject\",\"inLanguage\":\"pt-BR\",\"@id\":\"https:\/\/noticiasemdestaque.com\/cd\/#\/schema\/logo\/image\/\",\"url\":\"https:\/\/noticiasemdestaque.com\/cd\/wp-content\/uploads\/2022\/05\/imagem-base-noticiasemdestaque.png\",\"contentUrl\":\"https:\/\/noticiasemdestaque.com\/cd\/wp-content\/uploads\/2022\/05\/imagem-base-noticiasemdestaque.png\",\"width\":1200,\"height\":630,\"caption\":\"Not\u00edcias em Destaque\"},\"image\":{\"@id\":\"https:\/\/noticiasemdestaque.com\/cd\/#\/schema\/logo\/image\/\"}},{\"@type\":\"Person\",\"@id\":\"https:\/\/noticiasemdestaque.com\/cd\/#\/schema\/person\/21320b03a7e8bb90128938dafc9b908a\",\"name\":\"Not\u00edcias em Destaque\",\"url\":\"https:\/\/noticiasemdestaque.com\/cd\/?author=2\"}]}<\/script>\n<!-- \/ Yoast SEO plugin. -->","yoast_head_json":{"title":"Prefeitura de Amparo inicia constru\u00e7\u00e3o da Nova Escola de Educa\u00e7\u00e3o B\u00e1sica do munic\u00edpio - Not&iacute;cias em Destaque","robots":{"index":"index","follow":"follow","max-snippet":"max-snippet:-1","max-image-preview":"max-image-preview:large","max-video-preview":"max-video-preview:-1"},"canonical":"https:\/\/noticiasemdestaque.com\/cd\/?p=26236","og_locale":"pt_BR","og_type":"article","og_title":"Prefeitura de Amparo inicia constru\u00e7\u00e3o da Nova Escola de Educa\u00e7\u00e3o B\u00e1sica do munic\u00edpio - Not&iacute;cias em Destaque","og_description":"Teve in\u00edcio nesta quarta-feira (05) os servi\u00e7os de funda\u00e7\u00e3o de base da nova escola municipal de educa\u00e7\u00e3o b\u00e1sica do munic\u00edpio de Amparo, que ser\u00e1 edificada atrav\u00e9s da parceria com o governo do Estado da Para\u00edba. A nova escola teve importante participa\u00e7\u00e3o do ex-deputado estadual Genival Matias (In memorian) que desde seu primeiro contato com o munic\u00edpio, abriu as portas do seu gabinete para as demandas apresentadas pela gest\u00e3o do prefeito In\u00e1cio N\u00f3brega, a bem da popula\u00e7\u00e3o amparense, afinal, somos todos Amparo. Com Ascom","og_url":"https:\/\/noticiasemdestaque.com\/cd\/?p=26236","og_site_name":"Not&iacute;cias em Destaque","article_published_time":"2020-08-10T10:27:31+00:00","og_image":[{"width":640,"height":360,"url":"https:\/\/noticiasemdestaque.com\/cd\/wp-content\/uploads\/2020\/08\/f5e514d3-d7d3-4bea-843e-2b1f5fbb5c65.jpg","type":"image\/jpeg"}],"author":"Not\u00edcias em Destaque","twitter_card":"summary_large_image","twitter_misc":{"Escrito por":"Not\u00edcias em Destaque"},"schema":{"@context":"https:\/\/schema.org","@graph":[{"@type":"Article","@id":"https:\/\/noticiasemdestaque.com\/cd\/?p=26236#article","isPartOf":{"@id":"https:\/\/noticiasemdestaque.com\/cd\/?p=26236"},"author":{"name":"Not\u00edcias em Destaque","@id":"https:\/\/noticiasemdestaque.com\/cd\/#\/schema\/person\/21320b03a7e8bb90128938dafc9b908a"},"headline":"Prefeitura de Amparo inicia constru\u00e7\u00e3o da Nova Escola de Educa\u00e7\u00e3o B\u00e1sica do munic\u00edpio","datePublished":"2020-08-10T10:27:31+00:00","mainEntityOfPage":{"@id":"https:\/\/noticiasemdestaque.com\/cd\/?p=26236"},"wordCount":113,"publisher":{"@id":"https:\/\/noticiasemdestaque.com\/cd\/#organization"},"image":{"@id":"https:\/\/noticiasemdestaque.com\/cd\/?p=26236#primaryimage"},"thumbnailUrl":"https:\/\/noticiasemdestaque.com\/cd\/wp-content\/uploads\/2020\/08\/f5e514d3-d7d3-4bea-843e-2b1f5fbb5c65.jpg","articleSection":["Educa\u00e7\u00e3o"],"inLanguage":"pt-BR"},{"@type":"WebPage","@id":"https:\/\/noticiasemdestaque.com\/cd\/?p=26236","url":"https:\/\/noticiasemdestaque.com\/cd\/?p=26236","name":"Prefeitura de Amparo inicia constru\u00e7\u00e3o da Nova Escola de Educa\u00e7\u00e3o B\u00e1sica do munic\u00edpio - Not&iacute;cias em Destaque","isPartOf":{"@id":"https:\/\/noticiasemdestaque.com\/cd\/#website"},"primaryImageOfPage":{"@id":"https:\/\/noticiasemdestaque.com\/cd\/?p=26236#primaryimage"},"image":{"@id":"https:\/\/noticiasemdestaque.com\/cd\/?p=26236#primaryimage"},"thumbnailUrl":"https:\/\/noticiasemdestaque.com\/cd\/wp-content\/uploads\/2020\/08\/f5e514d3-d7d3-4bea-843e-2b1f5fbb5c65.jpg","datePublished":"2020-08-10T10:27:31+00:00","breadcrumb":{"@id":"https:\/\/noticiasemdestaque.com\/cd\/?p=26236#breadcrumb"},"inLanguage":"pt-BR","potentialAction":[{"@type":"ReadAction","target":["https:\/\/noticiasemdestaque.com\/cd\/?p=26236"]}]},{"@type":"ImageObject","inLanguage":"pt-BR","@id":"https:\/\/noticiasemdestaque.com\/cd\/?p=26236#primaryimage","url":"https:\/\/noticiasemdestaque.com\/cd\/wp-content\/uploads\/2020\/08\/f5e514d3-d7d3-4bea-843e-2b1f5fbb5c65.jpg","contentUrl":"https:\/\/noticiasemdestaque.com\/cd\/wp-content\/uploads\/2020\/08\/f5e514d3-d7d3-4bea-843e-2b1f5fbb5c65.jpg","width":640,"height":360},{"@type":"BreadcrumbList","@id":"https:\/\/noticiasemdestaque.com\/cd\/?p=26236#breadcrumb","itemListElement":[{"@type":"ListItem","position":1,"name":"In\u00edcio","item":"https:\/\/noticiasemdestaque.com\/cd\/"},{"@type":"ListItem","position":2,"name":"Prefeitura de Amparo inicia constru\u00e7\u00e3o da Nova Escola de Educa\u00e7\u00e3o B\u00e1sica do munic\u00edpio"}]},{"@type":"WebSite","@id":"https:\/\/noticiasemdestaque.com\/cd\/#website","url":"https:\/\/noticiasemdestaque.com\/cd\/","name":"Not&iacute;cias em Destaque","description":"","publisher":{"@id":"https:\/\/noticiasemdestaque.com\/cd\/#organization"},"potentialAction":[{"@type":"SearchAction","target":{"@type":"EntryPoint","urlTemplate":"https:\/\/noticiasemdestaque.com\/cd\/?s={search_term_string}"},"query-input":{"@type":"PropertyValueSpecification","valueRequired":true,"valueName":"search_term_string"}}],"inLanguage":"pt-BR"},{"@type":"Organization","@id":"https:\/\/noticiasemdestaque.com\/cd\/#organization","name":"Not\u00edcias em Destaque","url":"https:\/\/noticiasemdestaque.com\/cd\/","logo":{"@type":"ImageObject","inLanguage":"pt-BR","@id":"https:\/\/noticiasemdestaque.com\/cd\/#\/schema\/logo\/image\/","url":"https:\/\/noticiasemdestaque.com\/cd\/wp-content\/uploads\/2022\/05\/imagem-base-noticiasemdestaque.png","contentUrl":"https:\/\/noticiasemdestaque.com\/cd\/wp-content\/uploads\/2022\/05\/imagem-base-noticiasemdestaque.png","width":1200,"height":630,"caption":"Not\u00edcias em Destaque"},"image":{"@id":"https:\/\/noticiasemdestaque.com\/cd\/#\/schema\/logo\/image\/"}},{"@type":"Person","@id":"https:\/\/noticiasemdestaque.com\/cd\/#\/schema\/person\/21320b03a7e8bb90128938dafc9b908a","name":"Not\u00edcias em Destaque","url":"https:\/\/noticiasemdestaque.com\/cd\/?author=2"}]}},"jetpack_featured_media_url":"https:\/\/noticiasemdestaque.com\/cd\/wp-content\/uploads\/2020\/08\/f5e514d3-d7d3-4bea-843e-2b1f5fbb5c65.jpg","jetpack_sharing_enabled":true,"_links":{"self":[{"href":"https:\/\/noticiasemdestaque.com\/cd\/index.php?rest_route=\/wp\/v2\/posts\/26236","targetHints":{"allow":["GET"]}}],"collection":[{"href":"https:\/\/noticiasemdestaque.com\/cd\/index.php?rest_route=\/wp\/v2\/posts"}],"about":[{"href":"https:\/\/noticiasemdestaque.com\/cd\/index.php?rest_route=\/wp\/v2\/types\/post"}],"author":[{"embeddable":true,"href":"https:\/\/noticiasemdestaque.com\/cd\/index.php?rest_route=\/wp\/v2\/users\/2"}],"replies":[{"embeddable":true,"href":"https:\/\/noticiasemdestaque.com\/cd\/index.php?rest_route=%2Fwp%2Fv2%2Fcomments&post=26236"}],"version-history":[{"count":1,"href":"https:\/\/noticiasemdestaque.com\/cd\/index.php?rest_route=\/wp\/v2\/posts\/26236\/revisions"}],"predecessor-version":[{"id":26238,"href":"https:\/\/noticiasemdestaque.com\/cd\/index.php?rest_route=\/wp\/v2\/posts\/26236\/revisions\/26238"}],"wp:featuredmedia":[{"embeddable":true,"href":"https:\/\/noticiasemdestaque.com\/cd\/index.php?rest_route=\/wp\/v2\/media\/26237"}],"wp:attachment":[{"href":"https:\/\/noticiasemdestaque.com\/cd\/index.php?rest_route=%2Fwp%2Fv2%2Fmedia&parent=26236"}],"wp:term":[{"taxonomy":"category","embeddable":true,"href":"https:\/\/noticiasemdestaque.com\/cd\/index.php?rest_route=%2Fwp%2Fv2%2Fcategories&post=26236"},{"taxonomy":"post_tag","embeddable":true,"href":"https:\/\/noticiasemdestaque.com\/cd\/index.php?rest_route=%2Fwp%2Fv2%2Ftags&post=26236"}],"curies":[{"name":"wp","href":"https:\/\/api.w.org\/{rel}","templated":true}]}}