{"id":26229,"date":"2020-08-10T07:23:35","date_gmt":"2020-08-10T10:23:35","guid":{"rendered":"http:\/\/noticiasemdestaque.com\/cd\/?p=26229"},"modified":"2020-08-10T07:23:35","modified_gmt":"2020-08-10T10:23:35","slug":"prefeitura-de-sume-entrega-area-de-lazer-para-distrito-de-pio-x","status":"publish","type":"post","link":"https:\/\/noticiasemdestaque.com\/cd\/?p=26229","title":{"rendered":"Prefeitura de Sum\u00e9 entrega \u00e1rea de lazer para Distrito de Pio X"},"content":{"rendered":"<p><a href=\"https:\/\/noticiasemdestaque.com\/cd\/wp-content\/uploads\/2020\/08\/IMG_2012.jpg\"><img fetchpriority=\"high\" decoding=\"async\" class=\"wp-image-26232 aligncenter\" src=\"https:\/\/noticiasemdestaque.com\/cd\/wp-content\/uploads\/2020\/08\/IMG_2012.jpg\" alt=\"\" width=\"401\" height=\"267\" srcset=\"https:\/\/noticiasemdestaque.com\/cd\/wp-content\/uploads\/2020\/08\/IMG_2012.jpg 800w, https:\/\/noticiasemdestaque.com\/cd\/wp-content\/uploads\/2020\/08\/IMG_2012-300x200.jpg 300w, https:\/\/noticiasemdestaque.com\/cd\/wp-content\/uploads\/2020\/08\/IMG_2012-768x512.jpg 768w, https:\/\/noticiasemdestaque.com\/cd\/wp-content\/uploads\/2020\/08\/IMG_2012-480x320.jpg 480w\" sizes=\"(max-width: 401px) 100vw, 401px\" \/><\/a><\/p>\n<p>O Distrito de Pio X recebeu da Prefeitura de Sum\u00e9 uma \u00e1rea de lazer, num espa\u00e7o p\u00fablico, que ser\u00e1 o novo ponto de encontro dos habitantes da localidade, a Pra\u00e7a Josemar Sim\u00f5es de Ara\u00fajo.<\/p>\n<p>A obra foi entregue pelo prefeito \u00c9den na manh\u00e3 de s\u00e1bado, 08 de agosto, e contou com a participa\u00e7\u00e3o do vice-prefeito Dr\u00f3, de moradores do distrito, dos secret\u00e1rios municipais, e da vereadora Br\u00edgida Xavier, dos vereadores Ant\u00f4nio Carlos Sarmento e Daniel L\u00eala e conselheiros do Or\u00e7amento Democr\u00e1tico Municipal (ODM).<\/p>\n<p><a href=\"https:\/\/noticiasemdestaque.com\/cd\/wp-content\/uploads\/2020\/08\/IMG_2100.jpg\"><img decoding=\"async\" class=\"wp-image-26233 aligncenter\" src=\"https:\/\/noticiasemdestaque.com\/cd\/wp-content\/uploads\/2020\/08\/IMG_2100.jpg\" alt=\"\" width=\"400\" height=\"266\" srcset=\"https:\/\/noticiasemdestaque.com\/cd\/wp-content\/uploads\/2020\/08\/IMG_2100.jpg 800w, https:\/\/noticiasemdestaque.com\/cd\/wp-content\/uploads\/2020\/08\/IMG_2100-300x200.jpg 300w, https:\/\/noticiasemdestaque.com\/cd\/wp-content\/uploads\/2020\/08\/IMG_2100-768x512.jpg 768w, https:\/\/noticiasemdestaque.com\/cd\/wp-content\/uploads\/2020\/08\/IMG_2100-480x320.jpg 480w\" sizes=\"(max-width: 400px) 100vw, 400px\" \/><\/a><\/p>\n<p>A pra\u00e7a \u00e9 um espa\u00e7o com estrutura moderna, arboriza\u00e7\u00e3o, brinquedos e equipamentos para o lazer e a melhoria da qualidade de vida dos moradores da localidade.<\/p>\n<p>A obra era uma antiga reivindica\u00e7\u00e3o da comunidade local e foi demandada pelos moradores, durante reuni\u00f5es da associa\u00e7\u00e3o do distrito com a participa\u00e7\u00e3o do prefeito \u00c9den em 2018 e novamente pleiteada na plen\u00e1ria do Or\u00e7amento Democr\u00e1tico Municipal em 2019, sendo ainda requerida pela C\u00e2mara Municipal, atrav\u00e9s da vereadora Br\u00edgida Xavier.<\/p>\n<p><a href=\"https:\/\/noticiasemdestaque.com\/cd\/wp-content\/uploads\/2020\/08\/IMG_1982.jpg\"><img decoding=\"async\" class=\"wp-image-26230 aligncenter\" src=\"https:\/\/noticiasemdestaque.com\/cd\/wp-content\/uploads\/2020\/08\/IMG_1982.jpg\" alt=\"\" width=\"400\" height=\"266\" srcset=\"https:\/\/noticiasemdestaque.com\/cd\/wp-content\/uploads\/2020\/08\/IMG_1982.jpg 800w, https:\/\/noticiasemdestaque.com\/cd\/wp-content\/uploads\/2020\/08\/IMG_1982-300x200.jpg 300w, https:\/\/noticiasemdestaque.com\/cd\/wp-content\/uploads\/2020\/08\/IMG_1982-768x512.jpg 768w, https:\/\/noticiasemdestaque.com\/cd\/wp-content\/uploads\/2020\/08\/IMG_1982-480x320.jpg 480w\" sizes=\"(max-width: 400px) 100vw, 400px\" \/><\/a><\/p>\n<p>O morador Anildo An\u00edzio disse que a obra \u00e9 uma grande conquista para eles. \u201cTeremos espa\u00e7os para nossas crian\u00e7as se divertirem e para atividades f\u00edsicas, s\u00f3 queremos agradecer ao prefeito \u00c9den, com ele, promessa feita \u00e9 promessa cumprida\u201d, declarou.<\/p>\n<p>Durante a solenidade, o prefeito destacou a homenagem feita a Josemar Sim\u00f5es de Ara\u00fajo, professor e morador do distrito que sempre buscou melhorias para o local. \u201cNa qualidade de cidad\u00e3o, ele sempre se preocupou no bem estar da comunidade, Josemar foi um grande exemplo, que zelava e se preocupava com todos da regi\u00e3o\u201d, declarou.<\/p>\n<p><a href=\"https:\/\/noticiasemdestaque.com\/cd\/wp-content\/uploads\/2020\/08\/117231466_1664823770346875_8504888917357632049_n.jpg\"><img loading=\"lazy\" decoding=\"async\" class=\"wp-image-26234 aligncenter\" src=\"https:\/\/noticiasemdestaque.com\/cd\/wp-content\/uploads\/2020\/08\/117231466_1664823770346875_8504888917357632049_n.jpg\" alt=\"\" width=\"400\" height=\"266\" srcset=\"https:\/\/noticiasemdestaque.com\/cd\/wp-content\/uploads\/2020\/08\/117231466_1664823770346875_8504888917357632049_n.jpg 800w, https:\/\/noticiasemdestaque.com\/cd\/wp-content\/uploads\/2020\/08\/117231466_1664823770346875_8504888917357632049_n-300x200.jpg 300w, https:\/\/noticiasemdestaque.com\/cd\/wp-content\/uploads\/2020\/08\/117231466_1664823770346875_8504888917357632049_n-768x512.jpg 768w, https:\/\/noticiasemdestaque.com\/cd\/wp-content\/uploads\/2020\/08\/117231466_1664823770346875_8504888917357632049_n-480x320.jpg 480w\" sizes=\"(max-width: 400px) 100vw, 400px\" \/><\/a><\/p>\n<p>\u00c9den disse ainda que seu governo tem se preocupado em criar espa\u00e7os que possam proporcionar lazer e conviv\u00eancia para as fam\u00edlias. \u201cAntigamente, alguns espa\u00e7os tinham apenas bares, e hoje precisamos de espa\u00e7os que possam acolher a todos, \u00e9 muito satisfat\u00f3rio ver o sorriso de uma crian\u00e7a brincando num lugar que foi planejado pensando nela tamb\u00e9m. Enquanto gestor, fico com a sensa\u00e7\u00e3o de dever cumprido\u201d, afirmou o prefeito.<\/p>\n<p><strong>Ascom\/PMS<\/strong><\/p>\n","protected":false},"excerpt":{"rendered":"<p>O Distrito de Pio X recebeu da Prefeitura de Sum\u00e9 uma \u00e1rea de lazer, num espa\u00e7o p\u00fablico, que ser\u00e1 o novo ponto de encontro dos habitantes da localidade, a Pra\u00e7a Josemar Sim\u00f5es de Ara\u00fajo. A obra foi entregue pelo prefeito \u00c9den na manh\u00e3 de s\u00e1bado, 08 de agosto, e contou com a participa\u00e7\u00e3o do vice-prefeito Dr\u00f3, de moradores do distrito, dos secret\u00e1rios municipais, e da vereadora Br\u00edgida Xavier, dos vereadores Ant\u00f4nio Carlos Sarmento e Daniel L\u00eala e conselheiros do Or\u00e7amento Democr\u00e1tico Municipal (ODM). A pra\u00e7a \u00e9 um espa\u00e7o com estrutura moderna, arboriza\u00e7\u00e3o, brinquedos e equipamentos para o lazer e a melhoria da qualidade de vida dos moradores da localidade. A obra era uma antiga reivindica\u00e7\u00e3o da comunidade local e foi demandada pelos moradores, durante reuni\u00f5es da associa\u00e7\u00e3o do distrito com a participa\u00e7\u00e3o do prefeito \u00c9den em 2018 e novamente pleiteada na plen\u00e1ria do Or\u00e7amento Democr\u00e1tico Municipal em 2019, sendo ainda requerida pela C\u00e2mara Municipal, atrav\u00e9s da vereadora Br\u00edgida Xavier. O morador Anildo An\u00edzio disse que a obra \u00e9 uma grande conquista para eles. \u201cTeremos espa\u00e7os para nossas crian\u00e7as se divertirem e para atividades f\u00edsicas, s\u00f3 queremos agradecer ao prefeito \u00c9den, com ele, promessa feita \u00e9 promessa cumprida\u201d, declarou. Durante a solenidade, o prefeito destacou a homenagem feita a Josemar Sim\u00f5es de Ara\u00fajo, professor e morador do distrito que sempre buscou melhorias para o local. \u201cNa qualidade de cidad\u00e3o, ele sempre se preocupou no bem estar da comunidade, Josemar foi um grande exemplo, que zelava e se preocupava com todos da regi\u00e3o\u201d, declarou. \u00c9den disse ainda que seu governo tem se preocupado em criar espa\u00e7os que possam proporcionar lazer e conviv\u00eancia para as fam\u00edlias. \u201cAntigamente, alguns espa\u00e7os tinham apenas bares, e hoje precisamos de espa\u00e7os que possam acolher a todos, \u00e9 muito satisfat\u00f3rio ver o sorriso de uma crian\u00e7a brincando num lugar que foi planejado pensando nela tamb\u00e9m. Enquanto gestor, fico com a sensa\u00e7\u00e3o de dever cumprido\u201d, afirmou o prefeito. Ascom\/PMS<\/p>\n","protected":false},"author":2,"featured_media":26232,"comment_status":"closed","ping_status":"open","sticky":false,"template":"","format":"standard","meta":{"_eb_attr":"","_jetpack_memberships_contains_paid_content":false,"footnotes":""},"categories":[3],"tags":[],"class_list":["post-26229","post","type-post","status-publish","format-standard","has-post-thumbnail","hentry","category-cidades"],"yoast_head":"<!-- This site is optimized with the Yoast SEO plugin v26.5 - https:\/\/yoast.com\/wordpress\/plugins\/seo\/ -->\n<title>Prefeitura de Sum\u00e9 entrega \u00e1rea de lazer para Distrito de Pio X - Not&iacute;cias em Destaque<\/title>\n<meta name=\"robots\" content=\"index, follow, max-snippet:-1, max-image-preview:large, max-video-preview:-1\" \/>\n<link rel=\"canonical\" href=\"https:\/\/noticiasemdestaque.com\/cd\/?p=26229\" \/>\n<meta property=\"og:locale\" content=\"pt_BR\" \/>\n<meta property=\"og:type\" content=\"article\" \/>\n<meta property=\"og:title\" content=\"Prefeitura de Sum\u00e9 entrega \u00e1rea de lazer para Distrito de Pio X - Not&iacute;cias em Destaque\" \/>\n<meta property=\"og:description\" content=\"O Distrito de Pio X recebeu da Prefeitura de Sum\u00e9 uma \u00e1rea de lazer, num espa\u00e7o p\u00fablico, que ser\u00e1 o novo ponto de encontro dos habitantes da localidade, a Pra\u00e7a Josemar Sim\u00f5es de Ara\u00fajo. A obra foi entregue pelo prefeito \u00c9den na manh\u00e3 de s\u00e1bado, 08 de agosto, e contou com a participa\u00e7\u00e3o do vice-prefeito Dr\u00f3, de moradores do distrito, dos secret\u00e1rios municipais, e da vereadora Br\u00edgida Xavier, dos vereadores Ant\u00f4nio Carlos Sarmento e Daniel L\u00eala e conselheiros do Or\u00e7amento Democr\u00e1tico Municipal (ODM). A pra\u00e7a \u00e9 um espa\u00e7o com estrutura moderna, arboriza\u00e7\u00e3o, brinquedos e equipamentos para o lazer e a melhoria da qualidade de vida dos moradores da localidade. A obra era uma antiga reivindica\u00e7\u00e3o da comunidade local e foi demandada pelos moradores, durante reuni\u00f5es da associa\u00e7\u00e3o do distrito com a participa\u00e7\u00e3o do prefeito \u00c9den em 2018 e novamente pleiteada na plen\u00e1ria do Or\u00e7amento Democr\u00e1tico Municipal em 2019, sendo ainda requerida pela C\u00e2mara Municipal, atrav\u00e9s da vereadora Br\u00edgida Xavier. O morador Anildo An\u00edzio disse que a obra \u00e9 uma grande conquista para eles. \u201cTeremos espa\u00e7os para nossas crian\u00e7as se divertirem e para atividades f\u00edsicas, s\u00f3 queremos agradecer ao prefeito \u00c9den, com ele, promessa feita \u00e9 promessa cumprida\u201d, declarou. Durante a solenidade, o prefeito destacou a homenagem feita a Josemar Sim\u00f5es de Ara\u00fajo, professor e morador do distrito que sempre buscou melhorias para o local. \u201cNa qualidade de cidad\u00e3o, ele sempre se preocupou no bem estar da comunidade, Josemar foi um grande exemplo, que zelava e se preocupava com todos da regi\u00e3o\u201d, declarou. \u00c9den disse ainda que seu governo tem se preocupado em criar espa\u00e7os que possam proporcionar lazer e conviv\u00eancia para as fam\u00edlias. \u201cAntigamente, alguns espa\u00e7os tinham apenas bares, e hoje precisamos de espa\u00e7os que possam acolher a todos, \u00e9 muito satisfat\u00f3rio ver o sorriso de uma crian\u00e7a brincando num lugar que foi planejado pensando nela tamb\u00e9m. Enquanto gestor, fico com a sensa\u00e7\u00e3o de dever cumprido\u201d, afirmou o prefeito. Ascom\/PMS\" \/>\n<meta property=\"og:url\" content=\"https:\/\/noticiasemdestaque.com\/cd\/?p=26229\" \/>\n<meta property=\"og:site_name\" content=\"Not&iacute;cias em Destaque\" \/>\n<meta property=\"article:published_time\" content=\"2020-08-10T10:23:35+00:00\" \/>\n<meta property=\"og:image\" content=\"https:\/\/noticiasemdestaque.com\/cd\/wp-content\/uploads\/2020\/08\/IMG_2012.jpg\" \/>\n\t<meta property=\"og:image:width\" content=\"800\" \/>\n\t<meta property=\"og:image:height\" content=\"533\" \/>\n\t<meta property=\"og:image:type\" content=\"image\/jpeg\" \/>\n<meta name=\"author\" content=\"Not\u00edcias em Destaque\" \/>\n<meta name=\"twitter:card\" content=\"summary_large_image\" \/>\n<meta name=\"twitter:label1\" content=\"Escrito por\" \/>\n\t<meta name=\"twitter:data1\" content=\"Not\u00edcias em Destaque\" \/>\n\t<meta name=\"twitter:label2\" content=\"Est. tempo de leitura\" \/>\n\t<meta name=\"twitter:data2\" content=\"2 minutos\" \/>\n<script type=\"application\/ld+json\" class=\"yoast-schema-graph\">{\"@context\":\"https:\/\/schema.org\",\"@graph\":[{\"@type\":\"Article\",\"@id\":\"https:\/\/noticiasemdestaque.com\/cd\/?p=26229#article\",\"isPartOf\":{\"@id\":\"https:\/\/noticiasemdestaque.com\/cd\/?p=26229\"},\"author\":{\"name\":\"Not\u00edcias em Destaque\",\"@id\":\"https:\/\/noticiasemdestaque.com\/cd\/#\/schema\/person\/21320b03a7e8bb90128938dafc9b908a\"},\"headline\":\"Prefeitura de Sum\u00e9 entrega \u00e1rea de lazer para Distrito de Pio X\",\"datePublished\":\"2020-08-10T10:23:35+00:00\",\"mainEntityOfPage\":{\"@id\":\"https:\/\/noticiasemdestaque.com\/cd\/?p=26229\"},\"wordCount\":369,\"publisher\":{\"@id\":\"https:\/\/noticiasemdestaque.com\/cd\/#organization\"},\"image\":{\"@id\":\"https:\/\/noticiasemdestaque.com\/cd\/?p=26229#primaryimage\"},\"thumbnailUrl\":\"https:\/\/noticiasemdestaque.com\/cd\/wp-content\/uploads\/2020\/08\/IMG_2012.jpg\",\"articleSection\":[\"Cidades\"],\"inLanguage\":\"pt-BR\"},{\"@type\":\"WebPage\",\"@id\":\"https:\/\/noticiasemdestaque.com\/cd\/?p=26229\",\"url\":\"https:\/\/noticiasemdestaque.com\/cd\/?p=26229\",\"name\":\"Prefeitura de Sum\u00e9 entrega \u00e1rea de lazer para Distrito de Pio X - Not&iacute;cias em Destaque\",\"isPartOf\":{\"@id\":\"https:\/\/noticiasemdestaque.com\/cd\/#website\"},\"primaryImageOfPage\":{\"@id\":\"https:\/\/noticiasemdestaque.com\/cd\/?p=26229#primaryimage\"},\"image\":{\"@id\":\"https:\/\/noticiasemdestaque.com\/cd\/?p=26229#primaryimage\"},\"thumbnailUrl\":\"https:\/\/noticiasemdestaque.com\/cd\/wp-content\/uploads\/2020\/08\/IMG_2012.jpg\",\"datePublished\":\"2020-08-10T10:23:35+00:00\",\"breadcrumb\":{\"@id\":\"https:\/\/noticiasemdestaque.com\/cd\/?p=26229#breadcrumb\"},\"inLanguage\":\"pt-BR\",\"potentialAction\":[{\"@type\":\"ReadAction\",\"target\":[\"https:\/\/noticiasemdestaque.com\/cd\/?p=26229\"]}]},{\"@type\":\"ImageObject\",\"inLanguage\":\"pt-BR\",\"@id\":\"https:\/\/noticiasemdestaque.com\/cd\/?p=26229#primaryimage\",\"url\":\"https:\/\/noticiasemdestaque.com\/cd\/wp-content\/uploads\/2020\/08\/IMG_2012.jpg\",\"contentUrl\":\"https:\/\/noticiasemdestaque.com\/cd\/wp-content\/uploads\/2020\/08\/IMG_2012.jpg\",\"width\":800,\"height\":533},{\"@type\":\"BreadcrumbList\",\"@id\":\"https:\/\/noticiasemdestaque.com\/cd\/?p=26229#breadcrumb\",\"itemListElement\":[{\"@type\":\"ListItem\",\"position\":1,\"name\":\"In\u00edcio\",\"item\":\"https:\/\/noticiasemdestaque.com\/cd\/\"},{\"@type\":\"ListItem\",\"position\":2,\"name\":\"Prefeitura de Sum\u00e9 entrega \u00e1rea de lazer para Distrito de Pio X\"}]},{\"@type\":\"WebSite\",\"@id\":\"https:\/\/noticiasemdestaque.com\/cd\/#website\",\"url\":\"https:\/\/noticiasemdestaque.com\/cd\/\",\"name\":\"Not&iacute;cias em Destaque\",\"description\":\"\",\"publisher\":{\"@id\":\"https:\/\/noticiasemdestaque.com\/cd\/#organization\"},\"potentialAction\":[{\"@type\":\"SearchAction\",\"target\":{\"@type\":\"EntryPoint\",\"urlTemplate\":\"https:\/\/noticiasemdestaque.com\/cd\/?s={search_term_string}\"},\"query-input\":{\"@type\":\"PropertyValueSpecification\",\"valueRequired\":true,\"valueName\":\"search_term_string\"}}],\"inLanguage\":\"pt-BR\"},{\"@type\":\"Organization\",\"@id\":\"https:\/\/noticiasemdestaque.com\/cd\/#organization\",\"name\":\"Not\u00edcias em Destaque\",\"url\":\"https:\/\/noticiasemdestaque.com\/cd\/\",\"logo\":{\"@type\":\"ImageObject\",\"inLanguage\":\"pt-BR\",\"@id\":\"https:\/\/noticiasemdestaque.com\/cd\/#\/schema\/logo\/image\/\",\"url\":\"https:\/\/noticiasemdestaque.com\/cd\/wp-content\/uploads\/2022\/05\/imagem-base-noticiasemdestaque.png\",\"contentUrl\":\"https:\/\/noticiasemdestaque.com\/cd\/wp-content\/uploads\/2022\/05\/imagem-base-noticiasemdestaque.png\",\"width\":1200,\"height\":630,\"caption\":\"Not\u00edcias em Destaque\"},\"image\":{\"@id\":\"https:\/\/noticiasemdestaque.com\/cd\/#\/schema\/logo\/image\/\"}},{\"@type\":\"Person\",\"@id\":\"https:\/\/noticiasemdestaque.com\/cd\/#\/schema\/person\/21320b03a7e8bb90128938dafc9b908a\",\"name\":\"Not\u00edcias em Destaque\",\"url\":\"https:\/\/noticiasemdestaque.com\/cd\/?author=2\"}]}<\/script>\n<!-- \/ Yoast SEO plugin. -->","yoast_head_json":{"title":"Prefeitura de Sum\u00e9 entrega \u00e1rea de lazer para Distrito de Pio X - Not&iacute;cias em Destaque","robots":{"index":"index","follow":"follow","max-snippet":"max-snippet:-1","max-image-preview":"max-image-preview:large","max-video-preview":"max-video-preview:-1"},"canonical":"https:\/\/noticiasemdestaque.com\/cd\/?p=26229","og_locale":"pt_BR","og_type":"article","og_title":"Prefeitura de Sum\u00e9 entrega \u00e1rea de lazer para Distrito de Pio X - Not&iacute;cias em Destaque","og_description":"O Distrito de Pio X recebeu da Prefeitura de Sum\u00e9 uma \u00e1rea de lazer, num espa\u00e7o p\u00fablico, que ser\u00e1 o novo ponto de encontro dos habitantes da localidade, a Pra\u00e7a Josemar Sim\u00f5es de Ara\u00fajo. A obra foi entregue pelo prefeito \u00c9den na manh\u00e3 de s\u00e1bado, 08 de agosto, e contou com a participa\u00e7\u00e3o do vice-prefeito Dr\u00f3, de moradores do distrito, dos secret\u00e1rios municipais, e da vereadora Br\u00edgida Xavier, dos vereadores Ant\u00f4nio Carlos Sarmento e Daniel L\u00eala e conselheiros do Or\u00e7amento Democr\u00e1tico Municipal (ODM). A pra\u00e7a \u00e9 um espa\u00e7o com estrutura moderna, arboriza\u00e7\u00e3o, brinquedos e equipamentos para o lazer e a melhoria da qualidade de vida dos moradores da localidade. A obra era uma antiga reivindica\u00e7\u00e3o da comunidade local e foi demandada pelos moradores, durante reuni\u00f5es da associa\u00e7\u00e3o do distrito com a participa\u00e7\u00e3o do prefeito \u00c9den em 2018 e novamente pleiteada na plen\u00e1ria do Or\u00e7amento Democr\u00e1tico Municipal em 2019, sendo ainda requerida pela C\u00e2mara Municipal, atrav\u00e9s da vereadora Br\u00edgida Xavier. O morador Anildo An\u00edzio disse que a obra \u00e9 uma grande conquista para eles. \u201cTeremos espa\u00e7os para nossas crian\u00e7as se divertirem e para atividades f\u00edsicas, s\u00f3 queremos agradecer ao prefeito \u00c9den, com ele, promessa feita \u00e9 promessa cumprida\u201d, declarou. Durante a solenidade, o prefeito destacou a homenagem feita a Josemar Sim\u00f5es de Ara\u00fajo, professor e morador do distrito que sempre buscou melhorias para o local. \u201cNa qualidade de cidad\u00e3o, ele sempre se preocupou no bem estar da comunidade, Josemar foi um grande exemplo, que zelava e se preocupava com todos da regi\u00e3o\u201d, declarou. \u00c9den disse ainda que seu governo tem se preocupado em criar espa\u00e7os que possam proporcionar lazer e conviv\u00eancia para as fam\u00edlias. \u201cAntigamente, alguns espa\u00e7os tinham apenas bares, e hoje precisamos de espa\u00e7os que possam acolher a todos, \u00e9 muito satisfat\u00f3rio ver o sorriso de uma crian\u00e7a brincando num lugar que foi planejado pensando nela tamb\u00e9m. Enquanto gestor, fico com a sensa\u00e7\u00e3o de dever cumprido\u201d, afirmou o prefeito. Ascom\/PMS","og_url":"https:\/\/noticiasemdestaque.com\/cd\/?p=26229","og_site_name":"Not&iacute;cias em Destaque","article_published_time":"2020-08-10T10:23:35+00:00","og_image":[{"width":800,"height":533,"url":"https:\/\/noticiasemdestaque.com\/cd\/wp-content\/uploads\/2020\/08\/IMG_2012.jpg","type":"image\/jpeg"}],"author":"Not\u00edcias em Destaque","twitter_card":"summary_large_image","twitter_misc":{"Escrito por":"Not\u00edcias em Destaque","Est. tempo de leitura":"2 minutos"},"schema":{"@context":"https:\/\/schema.org","@graph":[{"@type":"Article","@id":"https:\/\/noticiasemdestaque.com\/cd\/?p=26229#article","isPartOf":{"@id":"https:\/\/noticiasemdestaque.com\/cd\/?p=26229"},"author":{"name":"Not\u00edcias em Destaque","@id":"https:\/\/noticiasemdestaque.com\/cd\/#\/schema\/person\/21320b03a7e8bb90128938dafc9b908a"},"headline":"Prefeitura de Sum\u00e9 entrega \u00e1rea de lazer para Distrito de Pio X","datePublished":"2020-08-10T10:23:35+00:00","mainEntityOfPage":{"@id":"https:\/\/noticiasemdestaque.com\/cd\/?p=26229"},"wordCount":369,"publisher":{"@id":"https:\/\/noticiasemdestaque.com\/cd\/#organization"},"image":{"@id":"https:\/\/noticiasemdestaque.com\/cd\/?p=26229#primaryimage"},"thumbnailUrl":"https:\/\/noticiasemdestaque.com\/cd\/wp-content\/uploads\/2020\/08\/IMG_2012.jpg","articleSection":["Cidades"],"inLanguage":"pt-BR"},{"@type":"WebPage","@id":"https:\/\/noticiasemdestaque.com\/cd\/?p=26229","url":"https:\/\/noticiasemdestaque.com\/cd\/?p=26229","name":"Prefeitura de Sum\u00e9 entrega \u00e1rea de lazer para Distrito de Pio X - Not&iacute;cias em Destaque","isPartOf":{"@id":"https:\/\/noticiasemdestaque.com\/cd\/#website"},"primaryImageOfPage":{"@id":"https:\/\/noticiasemdestaque.com\/cd\/?p=26229#primaryimage"},"image":{"@id":"https:\/\/noticiasemdestaque.com\/cd\/?p=26229#primaryimage"},"thumbnailUrl":"https:\/\/noticiasemdestaque.com\/cd\/wp-content\/uploads\/2020\/08\/IMG_2012.jpg","datePublished":"2020-08-10T10:23:35+00:00","breadcrumb":{"@id":"https:\/\/noticiasemdestaque.com\/cd\/?p=26229#breadcrumb"},"inLanguage":"pt-BR","potentialAction":[{"@type":"ReadAction","target":["https:\/\/noticiasemdestaque.com\/cd\/?p=26229"]}]},{"@type":"ImageObject","inLanguage":"pt-BR","@id":"https:\/\/noticiasemdestaque.com\/cd\/?p=26229#primaryimage","url":"https:\/\/noticiasemdestaque.com\/cd\/wp-content\/uploads\/2020\/08\/IMG_2012.jpg","contentUrl":"https:\/\/noticiasemdestaque.com\/cd\/wp-content\/uploads\/2020\/08\/IMG_2012.jpg","width":800,"height":533},{"@type":"BreadcrumbList","@id":"https:\/\/noticiasemdestaque.com\/cd\/?p=26229#breadcrumb","itemListElement":[{"@type":"ListItem","position":1,"name":"In\u00edcio","item":"https:\/\/noticiasemdestaque.com\/cd\/"},{"@type":"ListItem","position":2,"name":"Prefeitura de Sum\u00e9 entrega \u00e1rea de lazer para Distrito de Pio X"}]},{"@type":"WebSite","@id":"https:\/\/noticiasemdestaque.com\/cd\/#website","url":"https:\/\/noticiasemdestaque.com\/cd\/","name":"Not&iacute;cias em Destaque","description":"","publisher":{"@id":"https:\/\/noticiasemdestaque.com\/cd\/#organization"},"potentialAction":[{"@type":"SearchAction","target":{"@type":"EntryPoint","urlTemplate":"https:\/\/noticiasemdestaque.com\/cd\/?s={search_term_string}"},"query-input":{"@type":"PropertyValueSpecification","valueRequired":true,"valueName":"search_term_string"}}],"inLanguage":"pt-BR"},{"@type":"Organization","@id":"https:\/\/noticiasemdestaque.com\/cd\/#organization","name":"Not\u00edcias em Destaque","url":"https:\/\/noticiasemdestaque.com\/cd\/","logo":{"@type":"ImageObject","inLanguage":"pt-BR","@id":"https:\/\/noticiasemdestaque.com\/cd\/#\/schema\/logo\/image\/","url":"https:\/\/noticiasemdestaque.com\/cd\/wp-content\/uploads\/2022\/05\/imagem-base-noticiasemdestaque.png","contentUrl":"https:\/\/noticiasemdestaque.com\/cd\/wp-content\/uploads\/2022\/05\/imagem-base-noticiasemdestaque.png","width":1200,"height":630,"caption":"Not\u00edcias em Destaque"},"image":{"@id":"https:\/\/noticiasemdestaque.com\/cd\/#\/schema\/logo\/image\/"}},{"@type":"Person","@id":"https:\/\/noticiasemdestaque.com\/cd\/#\/schema\/person\/21320b03a7e8bb90128938dafc9b908a","name":"Not\u00edcias em Destaque","url":"https:\/\/noticiasemdestaque.com\/cd\/?author=2"}]}},"jetpack_featured_media_url":"https:\/\/noticiasemdestaque.com\/cd\/wp-content\/uploads\/2020\/08\/IMG_2012.jpg","jetpack_sharing_enabled":true,"_links":{"self":[{"href":"https:\/\/noticiasemdestaque.com\/cd\/index.php?rest_route=\/wp\/v2\/posts\/26229","targetHints":{"allow":["GET"]}}],"collection":[{"href":"https:\/\/noticiasemdestaque.com\/cd\/index.php?rest_route=\/wp\/v2\/posts"}],"about":[{"href":"https:\/\/noticiasemdestaque.com\/cd\/index.php?rest_route=\/wp\/v2\/types\/post"}],"author":[{"embeddable":true,"href":"https:\/\/noticiasemdestaque.com\/cd\/index.php?rest_route=\/wp\/v2\/users\/2"}],"replies":[{"embeddable":true,"href":"https:\/\/noticiasemdestaque.com\/cd\/index.php?rest_route=%2Fwp%2Fv2%2Fcomments&post=26229"}],"version-history":[{"count":1,"href":"https:\/\/noticiasemdestaque.com\/cd\/index.php?rest_route=\/wp\/v2\/posts\/26229\/revisions"}],"predecessor-version":[{"id":26235,"href":"https:\/\/noticiasemdestaque.com\/cd\/index.php?rest_route=\/wp\/v2\/posts\/26229\/revisions\/26235"}],"wp:featuredmedia":[{"embeddable":true,"href":"https:\/\/noticiasemdestaque.com\/cd\/index.php?rest_route=\/wp\/v2\/media\/26232"}],"wp:attachment":[{"href":"https:\/\/noticiasemdestaque.com\/cd\/index.php?rest_route=%2Fwp%2Fv2%2Fmedia&parent=26229"}],"wp:term":[{"taxonomy":"category","embeddable":true,"href":"https:\/\/noticiasemdestaque.com\/cd\/index.php?rest_route=%2Fwp%2Fv2%2Fcategories&post=26229"},{"taxonomy":"post_tag","embeddable":true,"href":"https:\/\/noticiasemdestaque.com\/cd\/index.php?rest_route=%2Fwp%2Fv2%2Ftags&post=26229"}],"curies":[{"name":"wp","href":"https:\/\/api.w.org\/{rel}","templated":true}]}}