{"id":26197,"date":"2020-08-06T07:43:58","date_gmt":"2020-08-06T10:43:58","guid":{"rendered":"http:\/\/noticiasemdestaque.com\/cd\/?p=26197"},"modified":"2020-08-06T07:43:58","modified_gmt":"2020-08-06T10:43:58","slug":"prefeitura-de-amparo-convida-populacao-para-efetuar-cadastro-e-participar-do-orcamento-democratico-estadual","status":"publish","type":"post","link":"https:\/\/noticiasemdestaque.com\/cd\/?p=26197","title":{"rendered":"Prefeitura de Amparo convida popula\u00e7\u00e3o para efetuar cadastro e participar do Or\u00e7amento Democr\u00e1tico Estadual"},"content":{"rendered":"<p><a href=\"https:\/\/noticiasemdestaque.com\/cd\/wp-content\/uploads\/2020\/08\/digitall-ode.jpg\"><img fetchpriority=\"high\" decoding=\"async\" class=\"size-full wp-image-26198 aligncenter\" src=\"https:\/\/noticiasemdestaque.com\/cd\/wp-content\/uploads\/2020\/08\/digitall-ode.jpg\" alt=\"\" width=\"640\" height=\"421\" srcset=\"https:\/\/noticiasemdestaque.com\/cd\/wp-content\/uploads\/2020\/08\/digitall-ode.jpg 640w, https:\/\/noticiasemdestaque.com\/cd\/wp-content\/uploads\/2020\/08\/digitall-ode-300x197.jpg 300w\" sizes=\"(max-width: 640px) 100vw, 640px\" \/><\/a><\/p>\n<p style=\"font-weight: 400;\">A Prefeitura Municipal de Amparo publicou em sua rede social, um convite \u00e0 popula\u00e7\u00e3o para que se cadastrem e participem da vota\u00e7\u00e3o do Or\u00e7amento Democr\u00e1tico Estadual, que acontecer\u00e1 no dia 07 de agosto. Com vota\u00e7\u00e3o at\u00e9 o dia 16 de agosto.<\/p>\n<p style=\"font-weight: 400;\">A audi\u00eancia est\u00e1 prevista para o dia 07 de agosto, \u00e0s 18h com participa\u00e7\u00e3o do Governador Jo\u00e3o Azev\u00eado.<\/p>\n<p style=\"font-weight: 400;\">\u201cVoc\u00ea cidad\u00e3o ou cidad\u00e3 amparense, cadastre-se e d\u00ea vez as suas prioridades a n\u00edvel municipal. O or\u00e7amento democr\u00e1tico estadual \u00e9 um momento de emponderamento social\u201d, prefeitura de Amparo.<\/p>\n<p style=\"font-weight: 400;\">Ascom<\/p>\n","protected":false},"excerpt":{"rendered":"<p>A Prefeitura Municipal de Amparo publicou em sua rede social, um convite \u00e0 popula\u00e7\u00e3o para que se cadastrem e participem da vota\u00e7\u00e3o do Or\u00e7amento Democr\u00e1tico Estadual, que acontecer\u00e1 no dia 07 de agosto. Com vota\u00e7\u00e3o at\u00e9 o dia 16 de agosto. A audi\u00eancia est\u00e1 prevista para o dia 07 de agosto, \u00e0s 18h com participa\u00e7\u00e3o do Governador Jo\u00e3o Azev\u00eado. \u201cVoc\u00ea cidad\u00e3o ou cidad\u00e3 amparense, cadastre-se e d\u00ea vez as suas prioridades a n\u00edvel municipal. O or\u00e7amento democr\u00e1tico estadual \u00e9 um momento de emponderamento social\u201d, prefeitura de Amparo. Ascom<\/p>\n","protected":false},"author":2,"featured_media":26198,"comment_status":"closed","ping_status":"open","sticky":false,"template":"","format":"standard","meta":{"_eb_attr":"","_jetpack_memberships_contains_paid_content":false,"footnotes":""},"categories":[3],"tags":[],"class_list":["post-26197","post","type-post","status-publish","format-standard","has-post-thumbnail","hentry","category-cidades"],"yoast_head":"<!-- This site is optimized with the Yoast SEO plugin v26.5 - https:\/\/yoast.com\/wordpress\/plugins\/seo\/ -->\n<title>Prefeitura de Amparo convida popula\u00e7\u00e3o para efetuar cadastro e participar do Or\u00e7amento Democr\u00e1tico Estadual - Not&iacute;cias em Destaque<\/title>\n<meta name=\"robots\" content=\"index, follow, max-snippet:-1, max-image-preview:large, max-video-preview:-1\" \/>\n<link rel=\"canonical\" href=\"https:\/\/noticiasemdestaque.com\/cd\/?p=26197\" \/>\n<meta property=\"og:locale\" content=\"pt_BR\" \/>\n<meta property=\"og:type\" content=\"article\" \/>\n<meta property=\"og:title\" content=\"Prefeitura de Amparo convida popula\u00e7\u00e3o para efetuar cadastro e participar do Or\u00e7amento Democr\u00e1tico Estadual - Not&iacute;cias em Destaque\" \/>\n<meta property=\"og:description\" content=\"A Prefeitura Municipal de Amparo publicou em sua rede social, um convite \u00e0 popula\u00e7\u00e3o para que se cadastrem e participem da vota\u00e7\u00e3o do Or\u00e7amento Democr\u00e1tico Estadual, que acontecer\u00e1 no dia 07 de agosto. Com vota\u00e7\u00e3o at\u00e9 o dia 16 de agosto. A audi\u00eancia est\u00e1 prevista para o dia 07 de agosto, \u00e0s 18h com participa\u00e7\u00e3o do Governador Jo\u00e3o Azev\u00eado. \u201cVoc\u00ea cidad\u00e3o ou cidad\u00e3 amparense, cadastre-se e d\u00ea vez as suas prioridades a n\u00edvel municipal. O or\u00e7amento democr\u00e1tico estadual \u00e9 um momento de emponderamento social\u201d, prefeitura de Amparo. Ascom\" \/>\n<meta property=\"og:url\" content=\"https:\/\/noticiasemdestaque.com\/cd\/?p=26197\" \/>\n<meta property=\"og:site_name\" content=\"Not&iacute;cias em Destaque\" \/>\n<meta property=\"article:published_time\" content=\"2020-08-06T10:43:58+00:00\" \/>\n<meta property=\"og:image\" content=\"https:\/\/noticiasemdestaque.com\/cd\/wp-content\/uploads\/2020\/08\/digitall-ode.jpg\" \/>\n\t<meta property=\"og:image:width\" content=\"640\" \/>\n\t<meta property=\"og:image:height\" content=\"421\" \/>\n\t<meta property=\"og:image:type\" content=\"image\/jpeg\" \/>\n<meta name=\"author\" content=\"Not\u00edcias em Destaque\" \/>\n<meta name=\"twitter:card\" content=\"summary_large_image\" \/>\n<meta name=\"twitter:label1\" content=\"Escrito por\" \/>\n\t<meta name=\"twitter:data1\" content=\"Not\u00edcias em Destaque\" \/>\n<script type=\"application\/ld+json\" class=\"yoast-schema-graph\">{\"@context\":\"https:\/\/schema.org\",\"@graph\":[{\"@type\":\"Article\",\"@id\":\"https:\/\/noticiasemdestaque.com\/cd\/?p=26197#article\",\"isPartOf\":{\"@id\":\"https:\/\/noticiasemdestaque.com\/cd\/?p=26197\"},\"author\":{\"name\":\"Not\u00edcias em Destaque\",\"@id\":\"https:\/\/noticiasemdestaque.com\/cd\/#\/schema\/person\/21320b03a7e8bb90128938dafc9b908a\"},\"headline\":\"Prefeitura de Amparo convida popula\u00e7\u00e3o para efetuar cadastro e participar do Or\u00e7amento Democr\u00e1tico Estadual\",\"datePublished\":\"2020-08-06T10:43:58+00:00\",\"mainEntityOfPage\":{\"@id\":\"https:\/\/noticiasemdestaque.com\/cd\/?p=26197\"},\"wordCount\":113,\"publisher\":{\"@id\":\"https:\/\/noticiasemdestaque.com\/cd\/#organization\"},\"image\":{\"@id\":\"https:\/\/noticiasemdestaque.com\/cd\/?p=26197#primaryimage\"},\"thumbnailUrl\":\"https:\/\/noticiasemdestaque.com\/cd\/wp-content\/uploads\/2020\/08\/digitall-ode.jpg\",\"articleSection\":[\"Cidades\"],\"inLanguage\":\"pt-BR\"},{\"@type\":\"WebPage\",\"@id\":\"https:\/\/noticiasemdestaque.com\/cd\/?p=26197\",\"url\":\"https:\/\/noticiasemdestaque.com\/cd\/?p=26197\",\"name\":\"Prefeitura de Amparo convida popula\u00e7\u00e3o para efetuar cadastro e participar do Or\u00e7amento Democr\u00e1tico Estadual - Not&iacute;cias em Destaque\",\"isPartOf\":{\"@id\":\"https:\/\/noticiasemdestaque.com\/cd\/#website\"},\"primaryImageOfPage\":{\"@id\":\"https:\/\/noticiasemdestaque.com\/cd\/?p=26197#primaryimage\"},\"image\":{\"@id\":\"https:\/\/noticiasemdestaque.com\/cd\/?p=26197#primaryimage\"},\"thumbnailUrl\":\"https:\/\/noticiasemdestaque.com\/cd\/wp-content\/uploads\/2020\/08\/digitall-ode.jpg\",\"datePublished\":\"2020-08-06T10:43:58+00:00\",\"breadcrumb\":{\"@id\":\"https:\/\/noticiasemdestaque.com\/cd\/?p=26197#breadcrumb\"},\"inLanguage\":\"pt-BR\",\"potentialAction\":[{\"@type\":\"ReadAction\",\"target\":[\"https:\/\/noticiasemdestaque.com\/cd\/?p=26197\"]}]},{\"@type\":\"ImageObject\",\"inLanguage\":\"pt-BR\",\"@id\":\"https:\/\/noticiasemdestaque.com\/cd\/?p=26197#primaryimage\",\"url\":\"https:\/\/noticiasemdestaque.com\/cd\/wp-content\/uploads\/2020\/08\/digitall-ode.jpg\",\"contentUrl\":\"https:\/\/noticiasemdestaque.com\/cd\/wp-content\/uploads\/2020\/08\/digitall-ode.jpg\",\"width\":640,\"height\":421},{\"@type\":\"BreadcrumbList\",\"@id\":\"https:\/\/noticiasemdestaque.com\/cd\/?p=26197#breadcrumb\",\"itemListElement\":[{\"@type\":\"ListItem\",\"position\":1,\"name\":\"In\u00edcio\",\"item\":\"https:\/\/noticiasemdestaque.com\/cd\/\"},{\"@type\":\"ListItem\",\"position\":2,\"name\":\"Prefeitura de Amparo convida popula\u00e7\u00e3o para efetuar cadastro e participar do Or\u00e7amento Democr\u00e1tico Estadual\"}]},{\"@type\":\"WebSite\",\"@id\":\"https:\/\/noticiasemdestaque.com\/cd\/#website\",\"url\":\"https:\/\/noticiasemdestaque.com\/cd\/\",\"name\":\"Not&iacute;cias em Destaque\",\"description\":\"\",\"publisher\":{\"@id\":\"https:\/\/noticiasemdestaque.com\/cd\/#organization\"},\"potentialAction\":[{\"@type\":\"SearchAction\",\"target\":{\"@type\":\"EntryPoint\",\"urlTemplate\":\"https:\/\/noticiasemdestaque.com\/cd\/?s={search_term_string}\"},\"query-input\":{\"@type\":\"PropertyValueSpecification\",\"valueRequired\":true,\"valueName\":\"search_term_string\"}}],\"inLanguage\":\"pt-BR\"},{\"@type\":\"Organization\",\"@id\":\"https:\/\/noticiasemdestaque.com\/cd\/#organization\",\"name\":\"Not\u00edcias em Destaque\",\"url\":\"https:\/\/noticiasemdestaque.com\/cd\/\",\"logo\":{\"@type\":\"ImageObject\",\"inLanguage\":\"pt-BR\",\"@id\":\"https:\/\/noticiasemdestaque.com\/cd\/#\/schema\/logo\/image\/\",\"url\":\"https:\/\/noticiasemdestaque.com\/cd\/wp-content\/uploads\/2022\/05\/imagem-base-noticiasemdestaque.png\",\"contentUrl\":\"https:\/\/noticiasemdestaque.com\/cd\/wp-content\/uploads\/2022\/05\/imagem-base-noticiasemdestaque.png\",\"width\":1200,\"height\":630,\"caption\":\"Not\u00edcias em Destaque\"},\"image\":{\"@id\":\"https:\/\/noticiasemdestaque.com\/cd\/#\/schema\/logo\/image\/\"}},{\"@type\":\"Person\",\"@id\":\"https:\/\/noticiasemdestaque.com\/cd\/#\/schema\/person\/21320b03a7e8bb90128938dafc9b908a\",\"name\":\"Not\u00edcias em Destaque\",\"url\":\"https:\/\/noticiasemdestaque.com\/cd\/?author=2\"}]}<\/script>\n<!-- \/ Yoast SEO plugin. -->","yoast_head_json":{"title":"Prefeitura de Amparo convida popula\u00e7\u00e3o para efetuar cadastro e participar do Or\u00e7amento Democr\u00e1tico Estadual - Not&iacute;cias em Destaque","robots":{"index":"index","follow":"follow","max-snippet":"max-snippet:-1","max-image-preview":"max-image-preview:large","max-video-preview":"max-video-preview:-1"},"canonical":"https:\/\/noticiasemdestaque.com\/cd\/?p=26197","og_locale":"pt_BR","og_type":"article","og_title":"Prefeitura de Amparo convida popula\u00e7\u00e3o para efetuar cadastro e participar do Or\u00e7amento Democr\u00e1tico Estadual - Not&iacute;cias em Destaque","og_description":"A Prefeitura Municipal de Amparo publicou em sua rede social, um convite \u00e0 popula\u00e7\u00e3o para que se cadastrem e participem da vota\u00e7\u00e3o do Or\u00e7amento Democr\u00e1tico Estadual, que acontecer\u00e1 no dia 07 de agosto. Com vota\u00e7\u00e3o at\u00e9 o dia 16 de agosto. A audi\u00eancia est\u00e1 prevista para o dia 07 de agosto, \u00e0s 18h com participa\u00e7\u00e3o do Governador Jo\u00e3o Azev\u00eado. \u201cVoc\u00ea cidad\u00e3o ou cidad\u00e3 amparense, cadastre-se e d\u00ea vez as suas prioridades a n\u00edvel municipal. O or\u00e7amento democr\u00e1tico estadual \u00e9 um momento de emponderamento social\u201d, prefeitura de Amparo. Ascom","og_url":"https:\/\/noticiasemdestaque.com\/cd\/?p=26197","og_site_name":"Not&iacute;cias em Destaque","article_published_time":"2020-08-06T10:43:58+00:00","og_image":[{"width":640,"height":421,"url":"https:\/\/noticiasemdestaque.com\/cd\/wp-content\/uploads\/2020\/08\/digitall-ode.jpg","type":"image\/jpeg"}],"author":"Not\u00edcias em Destaque","twitter_card":"summary_large_image","twitter_misc":{"Escrito por":"Not\u00edcias em Destaque"},"schema":{"@context":"https:\/\/schema.org","@graph":[{"@type":"Article","@id":"https:\/\/noticiasemdestaque.com\/cd\/?p=26197#article","isPartOf":{"@id":"https:\/\/noticiasemdestaque.com\/cd\/?p=26197"},"author":{"name":"Not\u00edcias em Destaque","@id":"https:\/\/noticiasemdestaque.com\/cd\/#\/schema\/person\/21320b03a7e8bb90128938dafc9b908a"},"headline":"Prefeitura de Amparo convida popula\u00e7\u00e3o para efetuar cadastro e participar do Or\u00e7amento Democr\u00e1tico Estadual","datePublished":"2020-08-06T10:43:58+00:00","mainEntityOfPage":{"@id":"https:\/\/noticiasemdestaque.com\/cd\/?p=26197"},"wordCount":113,"publisher":{"@id":"https:\/\/noticiasemdestaque.com\/cd\/#organization"},"image":{"@id":"https:\/\/noticiasemdestaque.com\/cd\/?p=26197#primaryimage"},"thumbnailUrl":"https:\/\/noticiasemdestaque.com\/cd\/wp-content\/uploads\/2020\/08\/digitall-ode.jpg","articleSection":["Cidades"],"inLanguage":"pt-BR"},{"@type":"WebPage","@id":"https:\/\/noticiasemdestaque.com\/cd\/?p=26197","url":"https:\/\/noticiasemdestaque.com\/cd\/?p=26197","name":"Prefeitura de Amparo convida popula\u00e7\u00e3o para efetuar cadastro e participar do Or\u00e7amento Democr\u00e1tico Estadual - Not&iacute;cias em Destaque","isPartOf":{"@id":"https:\/\/noticiasemdestaque.com\/cd\/#website"},"primaryImageOfPage":{"@id":"https:\/\/noticiasemdestaque.com\/cd\/?p=26197#primaryimage"},"image":{"@id":"https:\/\/noticiasemdestaque.com\/cd\/?p=26197#primaryimage"},"thumbnailUrl":"https:\/\/noticiasemdestaque.com\/cd\/wp-content\/uploads\/2020\/08\/digitall-ode.jpg","datePublished":"2020-08-06T10:43:58+00:00","breadcrumb":{"@id":"https:\/\/noticiasemdestaque.com\/cd\/?p=26197#breadcrumb"},"inLanguage":"pt-BR","potentialAction":[{"@type":"ReadAction","target":["https:\/\/noticiasemdestaque.com\/cd\/?p=26197"]}]},{"@type":"ImageObject","inLanguage":"pt-BR","@id":"https:\/\/noticiasemdestaque.com\/cd\/?p=26197#primaryimage","url":"https:\/\/noticiasemdestaque.com\/cd\/wp-content\/uploads\/2020\/08\/digitall-ode.jpg","contentUrl":"https:\/\/noticiasemdestaque.com\/cd\/wp-content\/uploads\/2020\/08\/digitall-ode.jpg","width":640,"height":421},{"@type":"BreadcrumbList","@id":"https:\/\/noticiasemdestaque.com\/cd\/?p=26197#breadcrumb","itemListElement":[{"@type":"ListItem","position":1,"name":"In\u00edcio","item":"https:\/\/noticiasemdestaque.com\/cd\/"},{"@type":"ListItem","position":2,"name":"Prefeitura de Amparo convida popula\u00e7\u00e3o para efetuar cadastro e participar do Or\u00e7amento Democr\u00e1tico Estadual"}]},{"@type":"WebSite","@id":"https:\/\/noticiasemdestaque.com\/cd\/#website","url":"https:\/\/noticiasemdestaque.com\/cd\/","name":"Not&iacute;cias em Destaque","description":"","publisher":{"@id":"https:\/\/noticiasemdestaque.com\/cd\/#organization"},"potentialAction":[{"@type":"SearchAction","target":{"@type":"EntryPoint","urlTemplate":"https:\/\/noticiasemdestaque.com\/cd\/?s={search_term_string}"},"query-input":{"@type":"PropertyValueSpecification","valueRequired":true,"valueName":"search_term_string"}}],"inLanguage":"pt-BR"},{"@type":"Organization","@id":"https:\/\/noticiasemdestaque.com\/cd\/#organization","name":"Not\u00edcias em Destaque","url":"https:\/\/noticiasemdestaque.com\/cd\/","logo":{"@type":"ImageObject","inLanguage":"pt-BR","@id":"https:\/\/noticiasemdestaque.com\/cd\/#\/schema\/logo\/image\/","url":"https:\/\/noticiasemdestaque.com\/cd\/wp-content\/uploads\/2022\/05\/imagem-base-noticiasemdestaque.png","contentUrl":"https:\/\/noticiasemdestaque.com\/cd\/wp-content\/uploads\/2022\/05\/imagem-base-noticiasemdestaque.png","width":1200,"height":630,"caption":"Not\u00edcias em Destaque"},"image":{"@id":"https:\/\/noticiasemdestaque.com\/cd\/#\/schema\/logo\/image\/"}},{"@type":"Person","@id":"https:\/\/noticiasemdestaque.com\/cd\/#\/schema\/person\/21320b03a7e8bb90128938dafc9b908a","name":"Not\u00edcias em Destaque","url":"https:\/\/noticiasemdestaque.com\/cd\/?author=2"}]}},"jetpack_featured_media_url":"https:\/\/noticiasemdestaque.com\/cd\/wp-content\/uploads\/2020\/08\/digitall-ode.jpg","jetpack_sharing_enabled":true,"_links":{"self":[{"href":"https:\/\/noticiasemdestaque.com\/cd\/index.php?rest_route=\/wp\/v2\/posts\/26197","targetHints":{"allow":["GET"]}}],"collection":[{"href":"https:\/\/noticiasemdestaque.com\/cd\/index.php?rest_route=\/wp\/v2\/posts"}],"about":[{"href":"https:\/\/noticiasemdestaque.com\/cd\/index.php?rest_route=\/wp\/v2\/types\/post"}],"author":[{"embeddable":true,"href":"https:\/\/noticiasemdestaque.com\/cd\/index.php?rest_route=\/wp\/v2\/users\/2"}],"replies":[{"embeddable":true,"href":"https:\/\/noticiasemdestaque.com\/cd\/index.php?rest_route=%2Fwp%2Fv2%2Fcomments&post=26197"}],"version-history":[{"count":1,"href":"https:\/\/noticiasemdestaque.com\/cd\/index.php?rest_route=\/wp\/v2\/posts\/26197\/revisions"}],"predecessor-version":[{"id":26199,"href":"https:\/\/noticiasemdestaque.com\/cd\/index.php?rest_route=\/wp\/v2\/posts\/26197\/revisions\/26199"}],"wp:featuredmedia":[{"embeddable":true,"href":"https:\/\/noticiasemdestaque.com\/cd\/index.php?rest_route=\/wp\/v2\/media\/26198"}],"wp:attachment":[{"href":"https:\/\/noticiasemdestaque.com\/cd\/index.php?rest_route=%2Fwp%2Fv2%2Fmedia&parent=26197"}],"wp:term":[{"taxonomy":"category","embeddable":true,"href":"https:\/\/noticiasemdestaque.com\/cd\/index.php?rest_route=%2Fwp%2Fv2%2Fcategories&post=26197"},{"taxonomy":"post_tag","embeddable":true,"href":"https:\/\/noticiasemdestaque.com\/cd\/index.php?rest_route=%2Fwp%2Fv2%2Ftags&post=26197"}],"curies":[{"name":"wp","href":"https:\/\/api.w.org\/{rel}","templated":true}]}}