{"id":26184,"date":"2020-08-04T22:40:09","date_gmt":"2020-08-05T01:40:09","guid":{"rendered":"http:\/\/noticiasemdestaque.com\/cd\/?p=26184"},"modified":"2020-08-04T22:40:09","modified_gmt":"2020-08-05T01:40:09","slug":"camara-de-vereadores-de-sume-aprova-projeto-que-prorroga-auxilio-para-profissionais-de-saude","status":"publish","type":"post","link":"https:\/\/noticiasemdestaque.com\/cd\/?p=26184","title":{"rendered":"C\u00e2mara de Vereadores de Sum\u00e9 aprova projeto que prorroga aux\u00edlio para profissionais de sa\u00fade"},"content":{"rendered":"<p><a href=\"https:\/\/noticiasemdestaque.com\/cd\/wp-content\/uploads\/2020\/08\/IMG_1890.jpg\"><img fetchpriority=\"high\" decoding=\"async\" class=\"wp-image-26189 aligncenter\" src=\"https:\/\/noticiasemdestaque.com\/cd\/wp-content\/uploads\/2020\/08\/IMG_1890-1024x502.jpg\" alt=\"\" width=\"503\" height=\"247\" srcset=\"https:\/\/noticiasemdestaque.com\/cd\/wp-content\/uploads\/2020\/08\/IMG_1890-1024x502.jpg 1024w, https:\/\/noticiasemdestaque.com\/cd\/wp-content\/uploads\/2020\/08\/IMG_1890-300x147.jpg 300w, https:\/\/noticiasemdestaque.com\/cd\/wp-content\/uploads\/2020\/08\/IMG_1890-768x376.jpg 768w\" sizes=\"(max-width: 503px) 100vw, 503px\" \/><\/a><\/p>\n<p>Na noite desta ter\u00e7a-feira (04), a C\u00e2mara de Vereadores de Sum\u00e9 se reuniu aprovando projetos, requerimentos e demais ass<span class=\"text_exposed_show\">untos foram discutidos.<\/span><\/p>\n<p>Foi aprovado o Projeto de Lei n\u00ba 609\/2020 de autoria do Poder Executivo que prorroga o incentivo tempor\u00e1rio at\u00e9 o m\u00eas de dezembro de 2020 aos servidores que exercem atividades presenciais de enfrentamento, preven\u00e7\u00e3o e combate ao coronav\u00edrus, nos valores de R$ 210 para profissionais de n\u00edvel m\u00e9dio E R$ 390 para profissionais de n\u00edvel superior.<\/p>\n<p><a href=\"https:\/\/noticiasemdestaque.com\/cd\/wp-content\/uploads\/2020\/07\/dcc8d65b-1501-45c6-9d88-fc72e1f6b443-2.jpg\"><img decoding=\"async\" class=\"wp-image-26144 aligncenter\" src=\"https:\/\/noticiasemdestaque.com\/cd\/wp-content\/uploads\/2020\/07\/dcc8d65b-1501-45c6-9d88-fc72e1f6b443-2.jpg\" alt=\"\" width=\"400\" height=\"379\" srcset=\"https:\/\/noticiasemdestaque.com\/cd\/wp-content\/uploads\/2020\/07\/dcc8d65b-1501-45c6-9d88-fc72e1f6b443-2.jpg 779w, https:\/\/noticiasemdestaque.com\/cd\/wp-content\/uploads\/2020\/07\/dcc8d65b-1501-45c6-9d88-fc72e1f6b443-2-300x285.jpg 300w, https:\/\/noticiasemdestaque.com\/cd\/wp-content\/uploads\/2020\/07\/dcc8d65b-1501-45c6-9d88-fc72e1f6b443-2-768x729.jpg 768w\" sizes=\"(max-width: 400px) 100vw, 400px\" \/><\/a><\/p>\n<p>Foi aprovado o Projeto de Lei n\u00ba 607\/2020 de autoria do vereador Daniel L\u00eala que denomina de Pra\u00e7a Emanuel Evandro Braz de S\u00e1 Filho (Evandrinho), localizada no Loteamento Morada Nobre II.<\/p>\n<p>Foi aprovado o Projeto de Lei n\u00ba 608\/2020 de autoria do vereador Daniel L\u00eala que denomina de Rua Luiz Rom\u00e3o de Lima, localizada no loteamento Gon\u00e7alves na Rua n\u00famero 6.<\/p>\n<p>O vereador Daniel L\u00eala apresentou ainda, voto de pesar \u00e0 senhora Maria Idalina de Sousa.<\/p>\n<p><a href=\"https:\/\/noticiasemdestaque.com\/cd\/wp-content\/uploads\/2020\/08\/IMG_1898.jpg\"><img decoding=\"async\" class=\"wp-image-26186 aligncenter\" src=\"https:\/\/noticiasemdestaque.com\/cd\/wp-content\/uploads\/2020\/08\/IMG_1898-934x1024.jpg\" alt=\"\" width=\"399\" height=\"437\" srcset=\"https:\/\/noticiasemdestaque.com\/cd\/wp-content\/uploads\/2020\/08\/IMG_1898-934x1024.jpg 934w, https:\/\/noticiasemdestaque.com\/cd\/wp-content\/uploads\/2020\/08\/IMG_1898-273x300.jpg 273w, https:\/\/noticiasemdestaque.com\/cd\/wp-content\/uploads\/2020\/08\/IMG_1898-768x842.jpg 768w\" sizes=\"(max-width: 399px) 100vw, 399px\" \/><\/a><\/p>\n<p>O vereador Antonio Carlos apresentou requerimento no \u00faltimo dia 27 de julho solicitando a renova\u00e7\u00e3o do incentivo aos servidores que exercem atividades presenciais de enfrentamento, preven\u00e7\u00e3o e combate ao coronav\u00edrus por mais 5 meses.<\/p>\n<p><a href=\"https:\/\/noticiasemdestaque.com\/cd\/wp-content\/uploads\/2020\/08\/111202591_1858051567669708_7309089522970584997_o.jpg\"><img loading=\"lazy\" decoding=\"async\" class=\"wp-image-26190 aligncenter\" src=\"https:\/\/noticiasemdestaque.com\/cd\/wp-content\/uploads\/2020\/08\/111202591_1858051567669708_7309089522970584997_o.jpg\" alt=\"\" width=\"401\" height=\"535\" srcset=\"https:\/\/noticiasemdestaque.com\/cd\/wp-content\/uploads\/2020\/08\/111202591_1858051567669708_7309089522970584997_o.jpg 720w, https:\/\/noticiasemdestaque.com\/cd\/wp-content\/uploads\/2020\/08\/111202591_1858051567669708_7309089522970584997_o-225x300.jpg 225w\" sizes=\"(max-width: 401px) 100vw, 401px\" \/><\/a><\/p>\n<p>Foi aprovado o voto de aplauso de autoria da vereadora Br\u00edgida Xavier para UFCG campus de Sum\u00e9, pelo registro de patente junto ao Instituto Nacional de Propriedade Intelectual (INPI), de uma composi\u00e7\u00e3o farmac\u00eautica \u00e0 base de mentol e alicina para tratamento e profilaxia (preven\u00e7\u00e3o) da Covid-19.<\/p>\n<p>Os pesquisadores Rafael Trindade Maia e Franklin Ferreira de Farias N\u00f3brega lideram o grupo de pesquisas Biologia Computacional e Te\u00f3rica, do Centro de Desenvolvimento Sustent\u00e1vel do Semi\u00e1rido (CDSA-UFCG).<\/p>\n<p><a href=\"https:\/\/noticiasemdestaque.com\/cd\/wp-content\/uploads\/2020\/08\/IMG_1893.jpg\"><img loading=\"lazy\" decoding=\"async\" class=\"wp-image-26188 aligncenter\" src=\"https:\/\/noticiasemdestaque.com\/cd\/wp-content\/uploads\/2020\/08\/IMG_1893-971x1024.jpg\" alt=\"\" width=\"399\" height=\"421\" srcset=\"https:\/\/noticiasemdestaque.com\/cd\/wp-content\/uploads\/2020\/08\/IMG_1893-971x1024.jpg 971w, https:\/\/noticiasemdestaque.com\/cd\/wp-content\/uploads\/2020\/08\/IMG_1893-285x300.jpg 285w, https:\/\/noticiasemdestaque.com\/cd\/wp-content\/uploads\/2020\/08\/IMG_1893-768x810.jpg 768w\" sizes=\"(max-width: 399px) 100vw, 399px\" \/><\/a><\/p>\n<p>O presidente da C\u00e2mara de Vereadores, Bomba, apresentou voto de pesar a fam\u00edlia do senhor Francisco Barbosa, mais conhecido como Chiquinho.<\/p>\n<p><a href=\"https:\/\/noticiasemdestaque.com\/cd\/wp-content\/uploads\/2020\/07\/ecdeb59b-22b7-4d59-b054-05389efee205.jpg\"><img loading=\"lazy\" decoding=\"async\" class=\"wp-image-26137 aligncenter\" src=\"https:\/\/noticiasemdestaque.com\/cd\/wp-content\/uploads\/2020\/07\/ecdeb59b-22b7-4d59-b054-05389efee205-742x1024.jpg\" alt=\"\" width=\"400\" height=\"552\" srcset=\"https:\/\/noticiasemdestaque.com\/cd\/wp-content\/uploads\/2020\/07\/ecdeb59b-22b7-4d59-b054-05389efee205-742x1024.jpg 742w, https:\/\/noticiasemdestaque.com\/cd\/wp-content\/uploads\/2020\/07\/ecdeb59b-22b7-4d59-b054-05389efee205-217x300.jpg 217w, https:\/\/noticiasemdestaque.com\/cd\/wp-content\/uploads\/2020\/07\/ecdeb59b-22b7-4d59-b054-05389efee205-768x1060.jpg 768w, https:\/\/noticiasemdestaque.com\/cd\/wp-content\/uploads\/2020\/07\/ecdeb59b-22b7-4d59-b054-05389efee205.jpg 785w\" sizes=\"(max-width: 400px) 100vw, 400px\" \/><\/a><\/p>\n<p>Foi aprovado o Projeto de Lei 604\/2020 de autoria do vereador\u00a0Jos\u00e9 Ant\u00f4nio que disp\u00f5e sobre a veda\u00e7\u00e3o de qualquer forma de discrimina\u00e7\u00e3o a profissionais de sa\u00fade em tempo de pandemia e destina a multa ao Fundo Municipal de Sa\u00fade.<\/p>\n<p>Ascom\/C\u00e2mara<\/p>\n","protected":false},"excerpt":{"rendered":"<p>Na noite desta ter\u00e7a-feira (04), a C\u00e2mara de Vereadores de Sum\u00e9 se reuniu aprovando projetos, requerimentos e demais assuntos foram discutidos. Foi aprovado o Projeto de Lei n\u00ba 609\/2020 de autoria do Poder Executivo que prorroga o incentivo tempor\u00e1rio at\u00e9 o m\u00eas de dezembro de 2020 aos servidores que exercem atividades presenciais de enfrentamento, preven\u00e7\u00e3o e combate ao coronav\u00edrus, nos valores de R$ 210 para profissionais de n\u00edvel m\u00e9dio E R$ 390 para profissionais de n\u00edvel superior. Foi aprovado o Projeto de Lei n\u00ba 607\/2020 de autoria do vereador Daniel L\u00eala que denomina de Pra\u00e7a Emanuel Evandro Braz de S\u00e1 Filho (Evandrinho), localizada no Loteamento Morada Nobre II. Foi aprovado o Projeto de Lei n\u00ba 608\/2020 de autoria do vereador Daniel L\u00eala que denomina de Rua Luiz Rom\u00e3o de Lima, localizada no loteamento Gon\u00e7alves na Rua n\u00famero 6. O vereador Daniel L\u00eala apresentou ainda, voto de pesar \u00e0 senhora Maria Idalina de Sousa. O vereador Antonio Carlos apresentou requerimento no \u00faltimo dia 27 de julho solicitando a renova\u00e7\u00e3o do incentivo aos servidores que exercem atividades presenciais de enfrentamento, preven\u00e7\u00e3o e combate ao coronav\u00edrus por mais 5 meses. Foi aprovado o voto de aplauso de autoria da vereadora Br\u00edgida Xavier para UFCG campus de Sum\u00e9, pelo registro de patente junto ao Instituto Nacional de Propriedade Intelectual (INPI), de uma composi\u00e7\u00e3o farmac\u00eautica \u00e0 base de mentol e alicina para tratamento e profilaxia (preven\u00e7\u00e3o) da Covid-19. Os pesquisadores Rafael Trindade Maia e Franklin Ferreira de Farias N\u00f3brega lideram o grupo de pesquisas Biologia Computacional e Te\u00f3rica, do Centro de Desenvolvimento Sustent\u00e1vel do Semi\u00e1rido (CDSA-UFCG). O presidente da C\u00e2mara de Vereadores, Bomba, apresentou voto de pesar a fam\u00edlia do senhor Francisco Barbosa, mais conhecido como Chiquinho. Foi aprovado o Projeto de Lei 604\/2020 de autoria do vereador\u00a0Jos\u00e9 Ant\u00f4nio que disp\u00f5e sobre a veda\u00e7\u00e3o de qualquer forma de discrimina\u00e7\u00e3o a profissionais de sa\u00fade em tempo de pandemia e destina a multa ao Fundo Municipal de Sa\u00fade. Ascom\/C\u00e2mara<\/p>\n","protected":false},"author":2,"featured_media":26189,"comment_status":"closed","ping_status":"open","sticky":false,"template":"","format":"standard","meta":{"_eb_attr":"","_jetpack_memberships_contains_paid_content":false,"footnotes":""},"categories":[4],"tags":[],"class_list":["post-26184","post","type-post","status-publish","format-standard","has-post-thumbnail","hentry","category-politica"],"yoast_head":"<!-- This site is optimized with the Yoast SEO plugin v26.5 - https:\/\/yoast.com\/wordpress\/plugins\/seo\/ -->\n<title>C\u00e2mara de Vereadores de Sum\u00e9 aprova projeto que prorroga aux\u00edlio para profissionais de sa\u00fade - Not&iacute;cias em Destaque<\/title>\n<meta name=\"robots\" content=\"index, follow, max-snippet:-1, max-image-preview:large, max-video-preview:-1\" \/>\n<link rel=\"canonical\" href=\"https:\/\/noticiasemdestaque.com\/cd\/?p=26184\" \/>\n<meta property=\"og:locale\" content=\"pt_BR\" \/>\n<meta property=\"og:type\" content=\"article\" \/>\n<meta property=\"og:title\" content=\"C\u00e2mara de Vereadores de Sum\u00e9 aprova projeto que prorroga aux\u00edlio para profissionais de sa\u00fade - Not&iacute;cias em Destaque\" \/>\n<meta property=\"og:description\" content=\"Na noite desta ter\u00e7a-feira (04), a C\u00e2mara de Vereadores de Sum\u00e9 se reuniu aprovando projetos, requerimentos e demais assuntos foram discutidos. Foi aprovado o Projeto de Lei n\u00ba 609\/2020 de autoria do Poder Executivo que prorroga o incentivo tempor\u00e1rio at\u00e9 o m\u00eas de dezembro de 2020 aos servidores que exercem atividades presenciais de enfrentamento, preven\u00e7\u00e3o e combate ao coronav\u00edrus, nos valores de R$ 210 para profissionais de n\u00edvel m\u00e9dio E R$ 390 para profissionais de n\u00edvel superior. Foi aprovado o Projeto de Lei n\u00ba 607\/2020 de autoria do vereador Daniel L\u00eala que denomina de Pra\u00e7a Emanuel Evandro Braz de S\u00e1 Filho (Evandrinho), localizada no Loteamento Morada Nobre II. Foi aprovado o Projeto de Lei n\u00ba 608\/2020 de autoria do vereador Daniel L\u00eala que denomina de Rua Luiz Rom\u00e3o de Lima, localizada no loteamento Gon\u00e7alves na Rua n\u00famero 6. O vereador Daniel L\u00eala apresentou ainda, voto de pesar \u00e0 senhora Maria Idalina de Sousa. O vereador Antonio Carlos apresentou requerimento no \u00faltimo dia 27 de julho solicitando a renova\u00e7\u00e3o do incentivo aos servidores que exercem atividades presenciais de enfrentamento, preven\u00e7\u00e3o e combate ao coronav\u00edrus por mais 5 meses. Foi aprovado o voto de aplauso de autoria da vereadora Br\u00edgida Xavier para UFCG campus de Sum\u00e9, pelo registro de patente junto ao Instituto Nacional de Propriedade Intelectual (INPI), de uma composi\u00e7\u00e3o farmac\u00eautica \u00e0 base de mentol e alicina para tratamento e profilaxia (preven\u00e7\u00e3o) da Covid-19. Os pesquisadores Rafael Trindade Maia e Franklin Ferreira de Farias N\u00f3brega lideram o grupo de pesquisas Biologia Computacional e Te\u00f3rica, do Centro de Desenvolvimento Sustent\u00e1vel do Semi\u00e1rido (CDSA-UFCG). O presidente da C\u00e2mara de Vereadores, Bomba, apresentou voto de pesar a fam\u00edlia do senhor Francisco Barbosa, mais conhecido como Chiquinho. Foi aprovado o Projeto de Lei 604\/2020 de autoria do vereador\u00a0Jos\u00e9 Ant\u00f4nio que disp\u00f5e sobre a veda\u00e7\u00e3o de qualquer forma de discrimina\u00e7\u00e3o a profissionais de sa\u00fade em tempo de pandemia e destina a multa ao Fundo Municipal de Sa\u00fade. Ascom\/C\u00e2mara\" \/>\n<meta property=\"og:url\" content=\"https:\/\/noticiasemdestaque.com\/cd\/?p=26184\" \/>\n<meta property=\"og:site_name\" content=\"Not&iacute;cias em Destaque\" \/>\n<meta property=\"article:published_time\" content=\"2020-08-05T01:40:09+00:00\" \/>\n<meta property=\"og:image\" content=\"https:\/\/noticiasemdestaque.com\/cd\/wp-content\/uploads\/2020\/08\/IMG_1890-1024x502.jpg\" \/>\n\t<meta property=\"og:image:width\" content=\"1024\" \/>\n\t<meta property=\"og:image:height\" content=\"502\" \/>\n\t<meta property=\"og:image:type\" content=\"image\/jpeg\" \/>\n<meta name=\"author\" content=\"Not\u00edcias em Destaque\" \/>\n<meta name=\"twitter:card\" content=\"summary_large_image\" \/>\n<meta name=\"twitter:label1\" content=\"Escrito por\" \/>\n\t<meta name=\"twitter:data1\" content=\"Not\u00edcias em Destaque\" \/>\n\t<meta name=\"twitter:label2\" content=\"Est. tempo de leitura\" \/>\n\t<meta name=\"twitter:data2\" content=\"2 minutos\" \/>\n<script type=\"application\/ld+json\" class=\"yoast-schema-graph\">{\"@context\":\"https:\/\/schema.org\",\"@graph\":[{\"@type\":\"Article\",\"@id\":\"https:\/\/noticiasemdestaque.com\/cd\/?p=26184#article\",\"isPartOf\":{\"@id\":\"https:\/\/noticiasemdestaque.com\/cd\/?p=26184\"},\"author\":{\"name\":\"Not\u00edcias em Destaque\",\"@id\":\"https:\/\/noticiasemdestaque.com\/cd\/#\/schema\/person\/21320b03a7e8bb90128938dafc9b908a\"},\"headline\":\"C\u00e2mara de Vereadores de Sum\u00e9 aprova projeto que prorroga aux\u00edlio para profissionais de sa\u00fade\",\"datePublished\":\"2020-08-05T01:40:09+00:00\",\"mainEntityOfPage\":{\"@id\":\"https:\/\/noticiasemdestaque.com\/cd\/?p=26184\"},\"wordCount\":364,\"publisher\":{\"@id\":\"https:\/\/noticiasemdestaque.com\/cd\/#organization\"},\"image\":{\"@id\":\"https:\/\/noticiasemdestaque.com\/cd\/?p=26184#primaryimage\"},\"thumbnailUrl\":\"https:\/\/noticiasemdestaque.com\/cd\/wp-content\/uploads\/2020\/08\/IMG_1890.jpg\",\"articleSection\":[\"Pol\u00edtica\"],\"inLanguage\":\"pt-BR\"},{\"@type\":\"WebPage\",\"@id\":\"https:\/\/noticiasemdestaque.com\/cd\/?p=26184\",\"url\":\"https:\/\/noticiasemdestaque.com\/cd\/?p=26184\",\"name\":\"C\u00e2mara de Vereadores de Sum\u00e9 aprova projeto que prorroga aux\u00edlio para profissionais de sa\u00fade - Not&iacute;cias em Destaque\",\"isPartOf\":{\"@id\":\"https:\/\/noticiasemdestaque.com\/cd\/#website\"},\"primaryImageOfPage\":{\"@id\":\"https:\/\/noticiasemdestaque.com\/cd\/?p=26184#primaryimage\"},\"image\":{\"@id\":\"https:\/\/noticiasemdestaque.com\/cd\/?p=26184#primaryimage\"},\"thumbnailUrl\":\"https:\/\/noticiasemdestaque.com\/cd\/wp-content\/uploads\/2020\/08\/IMG_1890.jpg\",\"datePublished\":\"2020-08-05T01:40:09+00:00\",\"breadcrumb\":{\"@id\":\"https:\/\/noticiasemdestaque.com\/cd\/?p=26184#breadcrumb\"},\"inLanguage\":\"pt-BR\",\"potentialAction\":[{\"@type\":\"ReadAction\",\"target\":[\"https:\/\/noticiasemdestaque.com\/cd\/?p=26184\"]}]},{\"@type\":\"ImageObject\",\"inLanguage\":\"pt-BR\",\"@id\":\"https:\/\/noticiasemdestaque.com\/cd\/?p=26184#primaryimage\",\"url\":\"https:\/\/noticiasemdestaque.com\/cd\/wp-content\/uploads\/2020\/08\/IMG_1890.jpg\",\"contentUrl\":\"https:\/\/noticiasemdestaque.com\/cd\/wp-content\/uploads\/2020\/08\/IMG_1890.jpg\",\"width\":5113,\"height\":2505},{\"@type\":\"BreadcrumbList\",\"@id\":\"https:\/\/noticiasemdestaque.com\/cd\/?p=26184#breadcrumb\",\"itemListElement\":[{\"@type\":\"ListItem\",\"position\":1,\"name\":\"In\u00edcio\",\"item\":\"https:\/\/noticiasemdestaque.com\/cd\/\"},{\"@type\":\"ListItem\",\"position\":2,\"name\":\"C\u00e2mara de Vereadores de Sum\u00e9 aprova projeto que prorroga aux\u00edlio para profissionais de sa\u00fade\"}]},{\"@type\":\"WebSite\",\"@id\":\"https:\/\/noticiasemdestaque.com\/cd\/#website\",\"url\":\"https:\/\/noticiasemdestaque.com\/cd\/\",\"name\":\"Not&iacute;cias em Destaque\",\"description\":\"\",\"publisher\":{\"@id\":\"https:\/\/noticiasemdestaque.com\/cd\/#organization\"},\"potentialAction\":[{\"@type\":\"SearchAction\",\"target\":{\"@type\":\"EntryPoint\",\"urlTemplate\":\"https:\/\/noticiasemdestaque.com\/cd\/?s={search_term_string}\"},\"query-input\":{\"@type\":\"PropertyValueSpecification\",\"valueRequired\":true,\"valueName\":\"search_term_string\"}}],\"inLanguage\":\"pt-BR\"},{\"@type\":\"Organization\",\"@id\":\"https:\/\/noticiasemdestaque.com\/cd\/#organization\",\"name\":\"Not\u00edcias em Destaque\",\"url\":\"https:\/\/noticiasemdestaque.com\/cd\/\",\"logo\":{\"@type\":\"ImageObject\",\"inLanguage\":\"pt-BR\",\"@id\":\"https:\/\/noticiasemdestaque.com\/cd\/#\/schema\/logo\/image\/\",\"url\":\"https:\/\/noticiasemdestaque.com\/cd\/wp-content\/uploads\/2022\/05\/imagem-base-noticiasemdestaque.png\",\"contentUrl\":\"https:\/\/noticiasemdestaque.com\/cd\/wp-content\/uploads\/2022\/05\/imagem-base-noticiasemdestaque.png\",\"width\":1200,\"height\":630,\"caption\":\"Not\u00edcias em Destaque\"},\"image\":{\"@id\":\"https:\/\/noticiasemdestaque.com\/cd\/#\/schema\/logo\/image\/\"}},{\"@type\":\"Person\",\"@id\":\"https:\/\/noticiasemdestaque.com\/cd\/#\/schema\/person\/21320b03a7e8bb90128938dafc9b908a\",\"name\":\"Not\u00edcias em Destaque\",\"url\":\"https:\/\/noticiasemdestaque.com\/cd\/?author=2\"}]}<\/script>\n<!-- \/ Yoast SEO plugin. -->","yoast_head_json":{"title":"C\u00e2mara de Vereadores de Sum\u00e9 aprova projeto que prorroga aux\u00edlio para profissionais de sa\u00fade - Not&iacute;cias em Destaque","robots":{"index":"index","follow":"follow","max-snippet":"max-snippet:-1","max-image-preview":"max-image-preview:large","max-video-preview":"max-video-preview:-1"},"canonical":"https:\/\/noticiasemdestaque.com\/cd\/?p=26184","og_locale":"pt_BR","og_type":"article","og_title":"C\u00e2mara de Vereadores de Sum\u00e9 aprova projeto que prorroga aux\u00edlio para profissionais de sa\u00fade - Not&iacute;cias em Destaque","og_description":"Na noite desta ter\u00e7a-feira (04), a C\u00e2mara de Vereadores de Sum\u00e9 se reuniu aprovando projetos, requerimentos e demais assuntos foram discutidos. Foi aprovado o Projeto de Lei n\u00ba 609\/2020 de autoria do Poder Executivo que prorroga o incentivo tempor\u00e1rio at\u00e9 o m\u00eas de dezembro de 2020 aos servidores que exercem atividades presenciais de enfrentamento, preven\u00e7\u00e3o e combate ao coronav\u00edrus, nos valores de R$ 210 para profissionais de n\u00edvel m\u00e9dio E R$ 390 para profissionais de n\u00edvel superior. Foi aprovado o Projeto de Lei n\u00ba 607\/2020 de autoria do vereador Daniel L\u00eala que denomina de Pra\u00e7a Emanuel Evandro Braz de S\u00e1 Filho (Evandrinho), localizada no Loteamento Morada Nobre II. Foi aprovado o Projeto de Lei n\u00ba 608\/2020 de autoria do vereador Daniel L\u00eala que denomina de Rua Luiz Rom\u00e3o de Lima, localizada no loteamento Gon\u00e7alves na Rua n\u00famero 6. O vereador Daniel L\u00eala apresentou ainda, voto de pesar \u00e0 senhora Maria Idalina de Sousa. O vereador Antonio Carlos apresentou requerimento no \u00faltimo dia 27 de julho solicitando a renova\u00e7\u00e3o do incentivo aos servidores que exercem atividades presenciais de enfrentamento, preven\u00e7\u00e3o e combate ao coronav\u00edrus por mais 5 meses. Foi aprovado o voto de aplauso de autoria da vereadora Br\u00edgida Xavier para UFCG campus de Sum\u00e9, pelo registro de patente junto ao Instituto Nacional de Propriedade Intelectual (INPI), de uma composi\u00e7\u00e3o farmac\u00eautica \u00e0 base de mentol e alicina para tratamento e profilaxia (preven\u00e7\u00e3o) da Covid-19. Os pesquisadores Rafael Trindade Maia e Franklin Ferreira de Farias N\u00f3brega lideram o grupo de pesquisas Biologia Computacional e Te\u00f3rica, do Centro de Desenvolvimento Sustent\u00e1vel do Semi\u00e1rido (CDSA-UFCG). O presidente da C\u00e2mara de Vereadores, Bomba, apresentou voto de pesar a fam\u00edlia do senhor Francisco Barbosa, mais conhecido como Chiquinho. Foi aprovado o Projeto de Lei 604\/2020 de autoria do vereador\u00a0Jos\u00e9 Ant\u00f4nio que disp\u00f5e sobre a veda\u00e7\u00e3o de qualquer forma de discrimina\u00e7\u00e3o a profissionais de sa\u00fade em tempo de pandemia e destina a multa ao Fundo Municipal de Sa\u00fade. Ascom\/C\u00e2mara","og_url":"https:\/\/noticiasemdestaque.com\/cd\/?p=26184","og_site_name":"Not&iacute;cias em Destaque","article_published_time":"2020-08-05T01:40:09+00:00","og_image":[{"width":1024,"height":502,"url":"https:\/\/noticiasemdestaque.com\/cd\/wp-content\/uploads\/2020\/08\/IMG_1890-1024x502.jpg","type":"image\/jpeg"}],"author":"Not\u00edcias em Destaque","twitter_card":"summary_large_image","twitter_misc":{"Escrito por":"Not\u00edcias em Destaque","Est. tempo de leitura":"2 minutos"},"schema":{"@context":"https:\/\/schema.org","@graph":[{"@type":"Article","@id":"https:\/\/noticiasemdestaque.com\/cd\/?p=26184#article","isPartOf":{"@id":"https:\/\/noticiasemdestaque.com\/cd\/?p=26184"},"author":{"name":"Not\u00edcias em Destaque","@id":"https:\/\/noticiasemdestaque.com\/cd\/#\/schema\/person\/21320b03a7e8bb90128938dafc9b908a"},"headline":"C\u00e2mara de Vereadores de Sum\u00e9 aprova projeto que prorroga aux\u00edlio para profissionais de sa\u00fade","datePublished":"2020-08-05T01:40:09+00:00","mainEntityOfPage":{"@id":"https:\/\/noticiasemdestaque.com\/cd\/?p=26184"},"wordCount":364,"publisher":{"@id":"https:\/\/noticiasemdestaque.com\/cd\/#organization"},"image":{"@id":"https:\/\/noticiasemdestaque.com\/cd\/?p=26184#primaryimage"},"thumbnailUrl":"https:\/\/noticiasemdestaque.com\/cd\/wp-content\/uploads\/2020\/08\/IMG_1890.jpg","articleSection":["Pol\u00edtica"],"inLanguage":"pt-BR"},{"@type":"WebPage","@id":"https:\/\/noticiasemdestaque.com\/cd\/?p=26184","url":"https:\/\/noticiasemdestaque.com\/cd\/?p=26184","name":"C\u00e2mara de Vereadores de Sum\u00e9 aprova projeto que prorroga aux\u00edlio para profissionais de sa\u00fade - Not&iacute;cias em Destaque","isPartOf":{"@id":"https:\/\/noticiasemdestaque.com\/cd\/#website"},"primaryImageOfPage":{"@id":"https:\/\/noticiasemdestaque.com\/cd\/?p=26184#primaryimage"},"image":{"@id":"https:\/\/noticiasemdestaque.com\/cd\/?p=26184#primaryimage"},"thumbnailUrl":"https:\/\/noticiasemdestaque.com\/cd\/wp-content\/uploads\/2020\/08\/IMG_1890.jpg","datePublished":"2020-08-05T01:40:09+00:00","breadcrumb":{"@id":"https:\/\/noticiasemdestaque.com\/cd\/?p=26184#breadcrumb"},"inLanguage":"pt-BR","potentialAction":[{"@type":"ReadAction","target":["https:\/\/noticiasemdestaque.com\/cd\/?p=26184"]}]},{"@type":"ImageObject","inLanguage":"pt-BR","@id":"https:\/\/noticiasemdestaque.com\/cd\/?p=26184#primaryimage","url":"https:\/\/noticiasemdestaque.com\/cd\/wp-content\/uploads\/2020\/08\/IMG_1890.jpg","contentUrl":"https:\/\/noticiasemdestaque.com\/cd\/wp-content\/uploads\/2020\/08\/IMG_1890.jpg","width":5113,"height":2505},{"@type":"BreadcrumbList","@id":"https:\/\/noticiasemdestaque.com\/cd\/?p=26184#breadcrumb","itemListElement":[{"@type":"ListItem","position":1,"name":"In\u00edcio","item":"https:\/\/noticiasemdestaque.com\/cd\/"},{"@type":"ListItem","position":2,"name":"C\u00e2mara de Vereadores de Sum\u00e9 aprova projeto que prorroga aux\u00edlio para profissionais de sa\u00fade"}]},{"@type":"WebSite","@id":"https:\/\/noticiasemdestaque.com\/cd\/#website","url":"https:\/\/noticiasemdestaque.com\/cd\/","name":"Not&iacute;cias em Destaque","description":"","publisher":{"@id":"https:\/\/noticiasemdestaque.com\/cd\/#organization"},"potentialAction":[{"@type":"SearchAction","target":{"@type":"EntryPoint","urlTemplate":"https:\/\/noticiasemdestaque.com\/cd\/?s={search_term_string}"},"query-input":{"@type":"PropertyValueSpecification","valueRequired":true,"valueName":"search_term_string"}}],"inLanguage":"pt-BR"},{"@type":"Organization","@id":"https:\/\/noticiasemdestaque.com\/cd\/#organization","name":"Not\u00edcias em Destaque","url":"https:\/\/noticiasemdestaque.com\/cd\/","logo":{"@type":"ImageObject","inLanguage":"pt-BR","@id":"https:\/\/noticiasemdestaque.com\/cd\/#\/schema\/logo\/image\/","url":"https:\/\/noticiasemdestaque.com\/cd\/wp-content\/uploads\/2022\/05\/imagem-base-noticiasemdestaque.png","contentUrl":"https:\/\/noticiasemdestaque.com\/cd\/wp-content\/uploads\/2022\/05\/imagem-base-noticiasemdestaque.png","width":1200,"height":630,"caption":"Not\u00edcias em Destaque"},"image":{"@id":"https:\/\/noticiasemdestaque.com\/cd\/#\/schema\/logo\/image\/"}},{"@type":"Person","@id":"https:\/\/noticiasemdestaque.com\/cd\/#\/schema\/person\/21320b03a7e8bb90128938dafc9b908a","name":"Not\u00edcias em Destaque","url":"https:\/\/noticiasemdestaque.com\/cd\/?author=2"}]}},"jetpack_featured_media_url":"https:\/\/noticiasemdestaque.com\/cd\/wp-content\/uploads\/2020\/08\/IMG_1890.jpg","jetpack_sharing_enabled":true,"_links":{"self":[{"href":"https:\/\/noticiasemdestaque.com\/cd\/index.php?rest_route=\/wp\/v2\/posts\/26184","targetHints":{"allow":["GET"]}}],"collection":[{"href":"https:\/\/noticiasemdestaque.com\/cd\/index.php?rest_route=\/wp\/v2\/posts"}],"about":[{"href":"https:\/\/noticiasemdestaque.com\/cd\/index.php?rest_route=\/wp\/v2\/types\/post"}],"author":[{"embeddable":true,"href":"https:\/\/noticiasemdestaque.com\/cd\/index.php?rest_route=\/wp\/v2\/users\/2"}],"replies":[{"embeddable":true,"href":"https:\/\/noticiasemdestaque.com\/cd\/index.php?rest_route=%2Fwp%2Fv2%2Fcomments&post=26184"}],"version-history":[{"count":1,"href":"https:\/\/noticiasemdestaque.com\/cd\/index.php?rest_route=\/wp\/v2\/posts\/26184\/revisions"}],"predecessor-version":[{"id":26193,"href":"https:\/\/noticiasemdestaque.com\/cd\/index.php?rest_route=\/wp\/v2\/posts\/26184\/revisions\/26193"}],"wp:featuredmedia":[{"embeddable":true,"href":"https:\/\/noticiasemdestaque.com\/cd\/index.php?rest_route=\/wp\/v2\/media\/26189"}],"wp:attachment":[{"href":"https:\/\/noticiasemdestaque.com\/cd\/index.php?rest_route=%2Fwp%2Fv2%2Fmedia&parent=26184"}],"wp:term":[{"taxonomy":"category","embeddable":true,"href":"https:\/\/noticiasemdestaque.com\/cd\/index.php?rest_route=%2Fwp%2Fv2%2Fcategories&post=26184"},{"taxonomy":"post_tag","embeddable":true,"href":"https:\/\/noticiasemdestaque.com\/cd\/index.php?rest_route=%2Fwp%2Fv2%2Ftags&post=26184"}],"curies":[{"name":"wp","href":"https:\/\/api.w.org\/{rel}","templated":true}]}}