{"id":26158,"date":"2020-07-30T10:45:08","date_gmt":"2020-07-30T13:45:08","guid":{"rendered":"http:\/\/noticiasemdestaque.com\/cd\/?p=26158"},"modified":"2020-07-30T10:45:08","modified_gmt":"2020-07-30T13:45:08","slug":"prefeito-eden-duarte-se-reune-com-representantes-da-caixa-economica-e-solicita-melhorias-no-atendimento-em-sume","status":"publish","type":"post","link":"https:\/\/noticiasemdestaque.com\/cd\/?p=26158","title":{"rendered":"Prefeito \u00c9den Duarte se re\u00fane com representantes da Caixa Econ\u00f4mica e solicita melhorias no atendimento em Sum\u00e9"},"content":{"rendered":"<p><a href=\"https:\/\/noticiasemdestaque.com\/cd\/wp-content\/uploads\/2020\/07\/64f386ea-a09b-4a4f-9f63-24026a917970.jpg\"><img fetchpriority=\"high\" decoding=\"async\" class=\"wp-image-26159 alignleft\" src=\"https:\/\/noticiasemdestaque.com\/cd\/wp-content\/uploads\/2020\/07\/64f386ea-a09b-4a4f-9f63-24026a917970-1024x768.jpg\" alt=\"\" width=\"400\" height=\"300\" srcset=\"https:\/\/noticiasemdestaque.com\/cd\/wp-content\/uploads\/2020\/07\/64f386ea-a09b-4a4f-9f63-24026a917970.jpg 1024w, https:\/\/noticiasemdestaque.com\/cd\/wp-content\/uploads\/2020\/07\/64f386ea-a09b-4a4f-9f63-24026a917970-300x225.jpg 300w, https:\/\/noticiasemdestaque.com\/cd\/wp-content\/uploads\/2020\/07\/64f386ea-a09b-4a4f-9f63-24026a917970-768x576.jpg 768w, https:\/\/noticiasemdestaque.com\/cd\/wp-content\/uploads\/2020\/07\/64f386ea-a09b-4a4f-9f63-24026a917970-640x480.jpg 640w\" sizes=\"(max-width: 400px) 100vw, 400px\" \/><\/a>O prefeito \u00c9den Duarte esteve na quarta-feira, 29, reunido com o superintendente executivo de governo da Caixa Econ\u00f4mica Federal, Martoni Pereira e o gerente da ag\u00eancia de Monteiro, Sebasti\u00e3o Silva, para solicitar melhorias e amplia\u00e7\u00e3o nos servi\u00e7os prestados \u00e0 popula\u00e7\u00e3o de Sum\u00e9. Tamb\u00e9m participaram da reuni\u00e3o o secret\u00e1rio de finan\u00e7as, Rob\u00e9rio Cipriano e o secret\u00e1rio de Administra\u00e7\u00e3o, Bon\u00edlson Tim\u00f3teo.<\/p>\n<p>Na reuni\u00e3o, o prefeito disponibilizou espa\u00e7os no Sum\u00e9 Shopping para que o banco possa instalar caixas eletr\u00f4nicos no pr\u00e9dio, assim solicitou como um posto de atendimento avan\u00e7ado no munic\u00edpio, ampliando as op\u00e7\u00f5es para que os sumeenses possam realizar suas opera\u00e7\u00f5es banc\u00e1rias.<\/p>\n<p>Em rela\u00e7\u00e3o \u00e0s solicita\u00e7\u00f5es da Prefeitura sobre melhorias nos servi\u00e7os em Sum\u00e9, Martoni afirmou que o cen\u00e1rio atual tem obrigado os bancos a diminu\u00edrem suas estruturas. \u201cA Caixa tem evitado os fechamentos, mesmo assim, das mais de 4 mil ag\u00eancias, foram fechadas 100, sendo neste momento invi\u00e1vel a instala\u00e7\u00e3o de uma ag\u00eancia banc\u00e1ria no munic\u00edpio de Sum\u00e9,\u201d afirmou.<\/p>\n<p><a href=\"https:\/\/noticiasemdestaque.com\/cd\/wp-content\/uploads\/2020\/07\/f1b29087-9673-4bdc-beb7-0df921409b66.jpg\"><img decoding=\"async\" class=\"wp-image-26160 alignright\" src=\"https:\/\/noticiasemdestaque.com\/cd\/wp-content\/uploads\/2020\/07\/f1b29087-9673-4bdc-beb7-0df921409b66-1024x768.jpg\" alt=\"\" width=\"400\" height=\"300\" srcset=\"https:\/\/noticiasemdestaque.com\/cd\/wp-content\/uploads\/2020\/07\/f1b29087-9673-4bdc-beb7-0df921409b66.jpg 1024w, https:\/\/noticiasemdestaque.com\/cd\/wp-content\/uploads\/2020\/07\/f1b29087-9673-4bdc-beb7-0df921409b66-300x225.jpg 300w, https:\/\/noticiasemdestaque.com\/cd\/wp-content\/uploads\/2020\/07\/f1b29087-9673-4bdc-beb7-0df921409b66-768x576.jpg 768w, https:\/\/noticiasemdestaque.com\/cd\/wp-content\/uploads\/2020\/07\/f1b29087-9673-4bdc-beb7-0df921409b66-640x480.jpg 640w\" sizes=\"(max-width: 400px) 100vw, 400px\" \/><\/a>Os representantes da Caixa afirmaram que ir\u00e3o analisar estrat\u00e9gias para melhorar o atendimento da popula\u00e7\u00e3o de Sum\u00e9, que podem ser mais correspondentes ou lot\u00e9ricas, e analisar o pedido dos caixas eletr\u00f4nicos no Shopping, garantindo que a popula\u00e7\u00e3o possa ser atendida com conforto.<\/p>\n<p>Martoni Pereira disse que a Prefeitura de Sum\u00e9 tem sido uma parceira. \u201cDiversas obras que n\u00f3s gerenciamos os repasses s\u00e3o sempre bem executadas pelo munic\u00edpio, possibilitando a conclus\u00e3o dos investimentos\u201d, declarou.<\/p>\n<p>O prefeito \u00c9den relatou que desde a gest\u00e3o do ex-prefeito Neto, existe um entendimento com a Caixa para que o munic\u00edpio receba uma ag\u00eancia banc\u00e1ria, o que at\u00e9 agora n\u00e3o foi poss\u00edvel em virtude da mudan\u00e7a de pol\u00edtica de expans\u00e3o da institui\u00e7\u00e3o banc\u00e1ria. \u201c\u00c9 um trabalho que vem desde quando eu era vice-prefeito, estive algumas vezes em Bras\u00edlia buscando essa instala\u00e7\u00e3o, mas \u00e9 importante destacar que isso n\u00e3o depende da vontade do prefeito, nosso papel \u00e9 solicitar\u201d, ressaltou o gestor.<\/p>\n<p>Ascom\/PMS<\/p>\n","protected":false},"excerpt":{"rendered":"<p>O prefeito \u00c9den Duarte esteve na quarta-feira, 29, reunido com o superintendente executivo de governo da Caixa Econ\u00f4mica Federal, Martoni Pereira e o gerente da ag\u00eancia de Monteiro, Sebasti\u00e3o Silva, para solicitar melhorias e amplia\u00e7\u00e3o nos servi\u00e7os prestados \u00e0 popula\u00e7\u00e3o de Sum\u00e9. Tamb\u00e9m participaram da reuni\u00e3o o secret\u00e1rio de finan\u00e7as, Rob\u00e9rio Cipriano e o secret\u00e1rio de Administra\u00e7\u00e3o, Bon\u00edlson Tim\u00f3teo. Na reuni\u00e3o, o prefeito disponibilizou espa\u00e7os no Sum\u00e9 Shopping para que o banco possa instalar caixas eletr\u00f4nicos no pr\u00e9dio, assim solicitou como um posto de atendimento avan\u00e7ado no munic\u00edpio, ampliando as op\u00e7\u00f5es para que os sumeenses possam realizar suas opera\u00e7\u00f5es banc\u00e1rias. Em rela\u00e7\u00e3o \u00e0s solicita\u00e7\u00f5es da Prefeitura sobre melhorias nos servi\u00e7os em Sum\u00e9, Martoni afirmou que o cen\u00e1rio atual tem obrigado os bancos a diminu\u00edrem suas estruturas. \u201cA Caixa tem evitado os fechamentos, mesmo assim, das mais de 4 mil ag\u00eancias, foram fechadas 100, sendo neste momento invi\u00e1vel a instala\u00e7\u00e3o de uma ag\u00eancia banc\u00e1ria no munic\u00edpio de Sum\u00e9,\u201d afirmou. Os representantes da Caixa afirmaram que ir\u00e3o analisar estrat\u00e9gias para melhorar o atendimento da popula\u00e7\u00e3o de Sum\u00e9, que podem ser mais correspondentes ou lot\u00e9ricas, e analisar o pedido dos caixas eletr\u00f4nicos no Shopping, garantindo que a popula\u00e7\u00e3o possa ser atendida com conforto. Martoni Pereira disse que a Prefeitura de Sum\u00e9 tem sido uma parceira. \u201cDiversas obras que n\u00f3s gerenciamos os repasses s\u00e3o sempre bem executadas pelo munic\u00edpio, possibilitando a conclus\u00e3o dos investimentos\u201d, declarou. O prefeito \u00c9den relatou que desde a gest\u00e3o do ex-prefeito Neto, existe um entendimento com a Caixa para que o munic\u00edpio receba uma ag\u00eancia banc\u00e1ria, o que at\u00e9 agora n\u00e3o foi poss\u00edvel em virtude da mudan\u00e7a de pol\u00edtica de expans\u00e3o da institui\u00e7\u00e3o banc\u00e1ria. \u201c\u00c9 um trabalho que vem desde quando eu era vice-prefeito, estive algumas vezes em Bras\u00edlia buscando essa instala\u00e7\u00e3o, mas \u00e9 importante destacar que isso n\u00e3o depende da vontade do prefeito, nosso papel \u00e9 solicitar\u201d, ressaltou o gestor. Ascom\/PMS<\/p>\n","protected":false},"author":2,"featured_media":26159,"comment_status":"closed","ping_status":"open","sticky":false,"template":"","format":"standard","meta":{"_eb_attr":"","_jetpack_memberships_contains_paid_content":false,"footnotes":""},"categories":[3],"tags":[],"class_list":["post-26158","post","type-post","status-publish","format-standard","has-post-thumbnail","hentry","category-cidades"],"yoast_head":"<!-- This site is optimized with the Yoast SEO plugin v26.5 - https:\/\/yoast.com\/wordpress\/plugins\/seo\/ -->\n<title>Prefeito \u00c9den Duarte se re\u00fane com representantes da Caixa Econ\u00f4mica e solicita melhorias no atendimento em Sum\u00e9 - Not&iacute;cias em Destaque<\/title>\n<meta name=\"robots\" content=\"index, follow, max-snippet:-1, max-image-preview:large, max-video-preview:-1\" \/>\n<link rel=\"canonical\" href=\"https:\/\/noticiasemdestaque.com\/cd\/?p=26158\" \/>\n<meta property=\"og:locale\" content=\"pt_BR\" \/>\n<meta property=\"og:type\" content=\"article\" \/>\n<meta property=\"og:title\" content=\"Prefeito \u00c9den Duarte se re\u00fane com representantes da Caixa Econ\u00f4mica e solicita melhorias no atendimento em Sum\u00e9 - Not&iacute;cias em Destaque\" \/>\n<meta property=\"og:description\" content=\"O prefeito \u00c9den Duarte esteve na quarta-feira, 29, reunido com o superintendente executivo de governo da Caixa Econ\u00f4mica Federal, Martoni Pereira e o gerente da ag\u00eancia de Monteiro, Sebasti\u00e3o Silva, para solicitar melhorias e amplia\u00e7\u00e3o nos servi\u00e7os prestados \u00e0 popula\u00e7\u00e3o de Sum\u00e9. Tamb\u00e9m participaram da reuni\u00e3o o secret\u00e1rio de finan\u00e7as, Rob\u00e9rio Cipriano e o secret\u00e1rio de Administra\u00e7\u00e3o, Bon\u00edlson Tim\u00f3teo. Na reuni\u00e3o, o prefeito disponibilizou espa\u00e7os no Sum\u00e9 Shopping para que o banco possa instalar caixas eletr\u00f4nicos no pr\u00e9dio, assim solicitou como um posto de atendimento avan\u00e7ado no munic\u00edpio, ampliando as op\u00e7\u00f5es para que os sumeenses possam realizar suas opera\u00e7\u00f5es banc\u00e1rias. Em rela\u00e7\u00e3o \u00e0s solicita\u00e7\u00f5es da Prefeitura sobre melhorias nos servi\u00e7os em Sum\u00e9, Martoni afirmou que o cen\u00e1rio atual tem obrigado os bancos a diminu\u00edrem suas estruturas. \u201cA Caixa tem evitado os fechamentos, mesmo assim, das mais de 4 mil ag\u00eancias, foram fechadas 100, sendo neste momento invi\u00e1vel a instala\u00e7\u00e3o de uma ag\u00eancia banc\u00e1ria no munic\u00edpio de Sum\u00e9,\u201d afirmou. Os representantes da Caixa afirmaram que ir\u00e3o analisar estrat\u00e9gias para melhorar o atendimento da popula\u00e7\u00e3o de Sum\u00e9, que podem ser mais correspondentes ou lot\u00e9ricas, e analisar o pedido dos caixas eletr\u00f4nicos no Shopping, garantindo que a popula\u00e7\u00e3o possa ser atendida com conforto. Martoni Pereira disse que a Prefeitura de Sum\u00e9 tem sido uma parceira. \u201cDiversas obras que n\u00f3s gerenciamos os repasses s\u00e3o sempre bem executadas pelo munic\u00edpio, possibilitando a conclus\u00e3o dos investimentos\u201d, declarou. O prefeito \u00c9den relatou que desde a gest\u00e3o do ex-prefeito Neto, existe um entendimento com a Caixa para que o munic\u00edpio receba uma ag\u00eancia banc\u00e1ria, o que at\u00e9 agora n\u00e3o foi poss\u00edvel em virtude da mudan\u00e7a de pol\u00edtica de expans\u00e3o da institui\u00e7\u00e3o banc\u00e1ria. \u201c\u00c9 um trabalho que vem desde quando eu era vice-prefeito, estive algumas vezes em Bras\u00edlia buscando essa instala\u00e7\u00e3o, mas \u00e9 importante destacar que isso n\u00e3o depende da vontade do prefeito, nosso papel \u00e9 solicitar\u201d, ressaltou o gestor. Ascom\/PMS\" \/>\n<meta property=\"og:url\" content=\"https:\/\/noticiasemdestaque.com\/cd\/?p=26158\" \/>\n<meta property=\"og:site_name\" content=\"Not&iacute;cias em Destaque\" \/>\n<meta property=\"article:published_time\" content=\"2020-07-30T13:45:08+00:00\" \/>\n<meta property=\"og:image\" content=\"https:\/\/noticiasemdestaque.com\/cd\/wp-content\/uploads\/2020\/07\/64f386ea-a09b-4a4f-9f63-24026a917970.jpg\" \/>\n\t<meta property=\"og:image:width\" content=\"1024\" \/>\n\t<meta property=\"og:image:height\" content=\"768\" \/>\n\t<meta property=\"og:image:type\" content=\"image\/jpeg\" \/>\n<meta name=\"author\" content=\"Not\u00edcias em Destaque\" \/>\n<meta name=\"twitter:card\" content=\"summary_large_image\" \/>\n<meta name=\"twitter:label1\" content=\"Escrito por\" \/>\n\t<meta name=\"twitter:data1\" content=\"Not\u00edcias em Destaque\" \/>\n\t<meta name=\"twitter:label2\" content=\"Est. tempo de leitura\" \/>\n\t<meta name=\"twitter:data2\" content=\"2 minutos\" \/>\n<script type=\"application\/ld+json\" class=\"yoast-schema-graph\">{\"@context\":\"https:\/\/schema.org\",\"@graph\":[{\"@type\":\"Article\",\"@id\":\"https:\/\/noticiasemdestaque.com\/cd\/?p=26158#article\",\"isPartOf\":{\"@id\":\"https:\/\/noticiasemdestaque.com\/cd\/?p=26158\"},\"author\":{\"name\":\"Not\u00edcias em Destaque\",\"@id\":\"https:\/\/noticiasemdestaque.com\/cd\/#\/schema\/person\/21320b03a7e8bb90128938dafc9b908a\"},\"headline\":\"Prefeito \u00c9den Duarte se re\u00fane com representantes da Caixa Econ\u00f4mica e solicita melhorias no atendimento em Sum\u00e9\",\"datePublished\":\"2020-07-30T13:45:08+00:00\",\"mainEntityOfPage\":{\"@id\":\"https:\/\/noticiasemdestaque.com\/cd\/?p=26158\"},\"wordCount\":384,\"publisher\":{\"@id\":\"https:\/\/noticiasemdestaque.com\/cd\/#organization\"},\"image\":{\"@id\":\"https:\/\/noticiasemdestaque.com\/cd\/?p=26158#primaryimage\"},\"thumbnailUrl\":\"https:\/\/noticiasemdestaque.com\/cd\/wp-content\/uploads\/2020\/07\/64f386ea-a09b-4a4f-9f63-24026a917970.jpg\",\"articleSection\":[\"Cidades\"],\"inLanguage\":\"pt-BR\"},{\"@type\":\"WebPage\",\"@id\":\"https:\/\/noticiasemdestaque.com\/cd\/?p=26158\",\"url\":\"https:\/\/noticiasemdestaque.com\/cd\/?p=26158\",\"name\":\"Prefeito \u00c9den Duarte se re\u00fane com representantes da Caixa Econ\u00f4mica e solicita melhorias no atendimento em Sum\u00e9 - Not&iacute;cias em Destaque\",\"isPartOf\":{\"@id\":\"https:\/\/noticiasemdestaque.com\/cd\/#website\"},\"primaryImageOfPage\":{\"@id\":\"https:\/\/noticiasemdestaque.com\/cd\/?p=26158#primaryimage\"},\"image\":{\"@id\":\"https:\/\/noticiasemdestaque.com\/cd\/?p=26158#primaryimage\"},\"thumbnailUrl\":\"https:\/\/noticiasemdestaque.com\/cd\/wp-content\/uploads\/2020\/07\/64f386ea-a09b-4a4f-9f63-24026a917970.jpg\",\"datePublished\":\"2020-07-30T13:45:08+00:00\",\"breadcrumb\":{\"@id\":\"https:\/\/noticiasemdestaque.com\/cd\/?p=26158#breadcrumb\"},\"inLanguage\":\"pt-BR\",\"potentialAction\":[{\"@type\":\"ReadAction\",\"target\":[\"https:\/\/noticiasemdestaque.com\/cd\/?p=26158\"]}]},{\"@type\":\"ImageObject\",\"inLanguage\":\"pt-BR\",\"@id\":\"https:\/\/noticiasemdestaque.com\/cd\/?p=26158#primaryimage\",\"url\":\"https:\/\/noticiasemdestaque.com\/cd\/wp-content\/uploads\/2020\/07\/64f386ea-a09b-4a4f-9f63-24026a917970.jpg\",\"contentUrl\":\"https:\/\/noticiasemdestaque.com\/cd\/wp-content\/uploads\/2020\/07\/64f386ea-a09b-4a4f-9f63-24026a917970.jpg\",\"width\":1024,\"height\":768},{\"@type\":\"BreadcrumbList\",\"@id\":\"https:\/\/noticiasemdestaque.com\/cd\/?p=26158#breadcrumb\",\"itemListElement\":[{\"@type\":\"ListItem\",\"position\":1,\"name\":\"In\u00edcio\",\"item\":\"https:\/\/noticiasemdestaque.com\/cd\/\"},{\"@type\":\"ListItem\",\"position\":2,\"name\":\"Prefeito \u00c9den Duarte se re\u00fane com representantes da Caixa Econ\u00f4mica e solicita melhorias no atendimento em Sum\u00e9\"}]},{\"@type\":\"WebSite\",\"@id\":\"https:\/\/noticiasemdestaque.com\/cd\/#website\",\"url\":\"https:\/\/noticiasemdestaque.com\/cd\/\",\"name\":\"Not&iacute;cias em Destaque\",\"description\":\"\",\"publisher\":{\"@id\":\"https:\/\/noticiasemdestaque.com\/cd\/#organization\"},\"potentialAction\":[{\"@type\":\"SearchAction\",\"target\":{\"@type\":\"EntryPoint\",\"urlTemplate\":\"https:\/\/noticiasemdestaque.com\/cd\/?s={search_term_string}\"},\"query-input\":{\"@type\":\"PropertyValueSpecification\",\"valueRequired\":true,\"valueName\":\"search_term_string\"}}],\"inLanguage\":\"pt-BR\"},{\"@type\":\"Organization\",\"@id\":\"https:\/\/noticiasemdestaque.com\/cd\/#organization\",\"name\":\"Not\u00edcias em Destaque\",\"url\":\"https:\/\/noticiasemdestaque.com\/cd\/\",\"logo\":{\"@type\":\"ImageObject\",\"inLanguage\":\"pt-BR\",\"@id\":\"https:\/\/noticiasemdestaque.com\/cd\/#\/schema\/logo\/image\/\",\"url\":\"https:\/\/noticiasemdestaque.com\/cd\/wp-content\/uploads\/2022\/05\/imagem-base-noticiasemdestaque.png\",\"contentUrl\":\"https:\/\/noticiasemdestaque.com\/cd\/wp-content\/uploads\/2022\/05\/imagem-base-noticiasemdestaque.png\",\"width\":1200,\"height\":630,\"caption\":\"Not\u00edcias em Destaque\"},\"image\":{\"@id\":\"https:\/\/noticiasemdestaque.com\/cd\/#\/schema\/logo\/image\/\"}},{\"@type\":\"Person\",\"@id\":\"https:\/\/noticiasemdestaque.com\/cd\/#\/schema\/person\/21320b03a7e8bb90128938dafc9b908a\",\"name\":\"Not\u00edcias em Destaque\",\"url\":\"https:\/\/noticiasemdestaque.com\/cd\/?author=2\"}]}<\/script>\n<!-- \/ Yoast SEO plugin. -->","yoast_head_json":{"title":"Prefeito \u00c9den Duarte se re\u00fane com representantes da Caixa Econ\u00f4mica e solicita melhorias no atendimento em Sum\u00e9 - Not&iacute;cias em Destaque","robots":{"index":"index","follow":"follow","max-snippet":"max-snippet:-1","max-image-preview":"max-image-preview:large","max-video-preview":"max-video-preview:-1"},"canonical":"https:\/\/noticiasemdestaque.com\/cd\/?p=26158","og_locale":"pt_BR","og_type":"article","og_title":"Prefeito \u00c9den Duarte se re\u00fane com representantes da Caixa Econ\u00f4mica e solicita melhorias no atendimento em Sum\u00e9 - Not&iacute;cias em Destaque","og_description":"O prefeito \u00c9den Duarte esteve na quarta-feira, 29, reunido com o superintendente executivo de governo da Caixa Econ\u00f4mica Federal, Martoni Pereira e o gerente da ag\u00eancia de Monteiro, Sebasti\u00e3o Silva, para solicitar melhorias e amplia\u00e7\u00e3o nos servi\u00e7os prestados \u00e0 popula\u00e7\u00e3o de Sum\u00e9. Tamb\u00e9m participaram da reuni\u00e3o o secret\u00e1rio de finan\u00e7as, Rob\u00e9rio Cipriano e o secret\u00e1rio de Administra\u00e7\u00e3o, Bon\u00edlson Tim\u00f3teo. Na reuni\u00e3o, o prefeito disponibilizou espa\u00e7os no Sum\u00e9 Shopping para que o banco possa instalar caixas eletr\u00f4nicos no pr\u00e9dio, assim solicitou como um posto de atendimento avan\u00e7ado no munic\u00edpio, ampliando as op\u00e7\u00f5es para que os sumeenses possam realizar suas opera\u00e7\u00f5es banc\u00e1rias. Em rela\u00e7\u00e3o \u00e0s solicita\u00e7\u00f5es da Prefeitura sobre melhorias nos servi\u00e7os em Sum\u00e9, Martoni afirmou que o cen\u00e1rio atual tem obrigado os bancos a diminu\u00edrem suas estruturas. \u201cA Caixa tem evitado os fechamentos, mesmo assim, das mais de 4 mil ag\u00eancias, foram fechadas 100, sendo neste momento invi\u00e1vel a instala\u00e7\u00e3o de uma ag\u00eancia banc\u00e1ria no munic\u00edpio de Sum\u00e9,\u201d afirmou. Os representantes da Caixa afirmaram que ir\u00e3o analisar estrat\u00e9gias para melhorar o atendimento da popula\u00e7\u00e3o de Sum\u00e9, que podem ser mais correspondentes ou lot\u00e9ricas, e analisar o pedido dos caixas eletr\u00f4nicos no Shopping, garantindo que a popula\u00e7\u00e3o possa ser atendida com conforto. Martoni Pereira disse que a Prefeitura de Sum\u00e9 tem sido uma parceira. \u201cDiversas obras que n\u00f3s gerenciamos os repasses s\u00e3o sempre bem executadas pelo munic\u00edpio, possibilitando a conclus\u00e3o dos investimentos\u201d, declarou. O prefeito \u00c9den relatou que desde a gest\u00e3o do ex-prefeito Neto, existe um entendimento com a Caixa para que o munic\u00edpio receba uma ag\u00eancia banc\u00e1ria, o que at\u00e9 agora n\u00e3o foi poss\u00edvel em virtude da mudan\u00e7a de pol\u00edtica de expans\u00e3o da institui\u00e7\u00e3o banc\u00e1ria. \u201c\u00c9 um trabalho que vem desde quando eu era vice-prefeito, estive algumas vezes em Bras\u00edlia buscando essa instala\u00e7\u00e3o, mas \u00e9 importante destacar que isso n\u00e3o depende da vontade do prefeito, nosso papel \u00e9 solicitar\u201d, ressaltou o gestor. Ascom\/PMS","og_url":"https:\/\/noticiasemdestaque.com\/cd\/?p=26158","og_site_name":"Not&iacute;cias em Destaque","article_published_time":"2020-07-30T13:45:08+00:00","og_image":[{"width":1024,"height":768,"url":"https:\/\/noticiasemdestaque.com\/cd\/wp-content\/uploads\/2020\/07\/64f386ea-a09b-4a4f-9f63-24026a917970.jpg","type":"image\/jpeg"}],"author":"Not\u00edcias em Destaque","twitter_card":"summary_large_image","twitter_misc":{"Escrito por":"Not\u00edcias em Destaque","Est. tempo de leitura":"2 minutos"},"schema":{"@context":"https:\/\/schema.org","@graph":[{"@type":"Article","@id":"https:\/\/noticiasemdestaque.com\/cd\/?p=26158#article","isPartOf":{"@id":"https:\/\/noticiasemdestaque.com\/cd\/?p=26158"},"author":{"name":"Not\u00edcias em Destaque","@id":"https:\/\/noticiasemdestaque.com\/cd\/#\/schema\/person\/21320b03a7e8bb90128938dafc9b908a"},"headline":"Prefeito \u00c9den Duarte se re\u00fane com representantes da Caixa Econ\u00f4mica e solicita melhorias no atendimento em Sum\u00e9","datePublished":"2020-07-30T13:45:08+00:00","mainEntityOfPage":{"@id":"https:\/\/noticiasemdestaque.com\/cd\/?p=26158"},"wordCount":384,"publisher":{"@id":"https:\/\/noticiasemdestaque.com\/cd\/#organization"},"image":{"@id":"https:\/\/noticiasemdestaque.com\/cd\/?p=26158#primaryimage"},"thumbnailUrl":"https:\/\/noticiasemdestaque.com\/cd\/wp-content\/uploads\/2020\/07\/64f386ea-a09b-4a4f-9f63-24026a917970.jpg","articleSection":["Cidades"],"inLanguage":"pt-BR"},{"@type":"WebPage","@id":"https:\/\/noticiasemdestaque.com\/cd\/?p=26158","url":"https:\/\/noticiasemdestaque.com\/cd\/?p=26158","name":"Prefeito \u00c9den Duarte se re\u00fane com representantes da Caixa Econ\u00f4mica e solicita melhorias no atendimento em Sum\u00e9 - Not&iacute;cias em Destaque","isPartOf":{"@id":"https:\/\/noticiasemdestaque.com\/cd\/#website"},"primaryImageOfPage":{"@id":"https:\/\/noticiasemdestaque.com\/cd\/?p=26158#primaryimage"},"image":{"@id":"https:\/\/noticiasemdestaque.com\/cd\/?p=26158#primaryimage"},"thumbnailUrl":"https:\/\/noticiasemdestaque.com\/cd\/wp-content\/uploads\/2020\/07\/64f386ea-a09b-4a4f-9f63-24026a917970.jpg","datePublished":"2020-07-30T13:45:08+00:00","breadcrumb":{"@id":"https:\/\/noticiasemdestaque.com\/cd\/?p=26158#breadcrumb"},"inLanguage":"pt-BR","potentialAction":[{"@type":"ReadAction","target":["https:\/\/noticiasemdestaque.com\/cd\/?p=26158"]}]},{"@type":"ImageObject","inLanguage":"pt-BR","@id":"https:\/\/noticiasemdestaque.com\/cd\/?p=26158#primaryimage","url":"https:\/\/noticiasemdestaque.com\/cd\/wp-content\/uploads\/2020\/07\/64f386ea-a09b-4a4f-9f63-24026a917970.jpg","contentUrl":"https:\/\/noticiasemdestaque.com\/cd\/wp-content\/uploads\/2020\/07\/64f386ea-a09b-4a4f-9f63-24026a917970.jpg","width":1024,"height":768},{"@type":"BreadcrumbList","@id":"https:\/\/noticiasemdestaque.com\/cd\/?p=26158#breadcrumb","itemListElement":[{"@type":"ListItem","position":1,"name":"In\u00edcio","item":"https:\/\/noticiasemdestaque.com\/cd\/"},{"@type":"ListItem","position":2,"name":"Prefeito \u00c9den Duarte se re\u00fane com representantes da Caixa Econ\u00f4mica e solicita melhorias no atendimento em Sum\u00e9"}]},{"@type":"WebSite","@id":"https:\/\/noticiasemdestaque.com\/cd\/#website","url":"https:\/\/noticiasemdestaque.com\/cd\/","name":"Not&iacute;cias em Destaque","description":"","publisher":{"@id":"https:\/\/noticiasemdestaque.com\/cd\/#organization"},"potentialAction":[{"@type":"SearchAction","target":{"@type":"EntryPoint","urlTemplate":"https:\/\/noticiasemdestaque.com\/cd\/?s={search_term_string}"},"query-input":{"@type":"PropertyValueSpecification","valueRequired":true,"valueName":"search_term_string"}}],"inLanguage":"pt-BR"},{"@type":"Organization","@id":"https:\/\/noticiasemdestaque.com\/cd\/#organization","name":"Not\u00edcias em Destaque","url":"https:\/\/noticiasemdestaque.com\/cd\/","logo":{"@type":"ImageObject","inLanguage":"pt-BR","@id":"https:\/\/noticiasemdestaque.com\/cd\/#\/schema\/logo\/image\/","url":"https:\/\/noticiasemdestaque.com\/cd\/wp-content\/uploads\/2022\/05\/imagem-base-noticiasemdestaque.png","contentUrl":"https:\/\/noticiasemdestaque.com\/cd\/wp-content\/uploads\/2022\/05\/imagem-base-noticiasemdestaque.png","width":1200,"height":630,"caption":"Not\u00edcias em Destaque"},"image":{"@id":"https:\/\/noticiasemdestaque.com\/cd\/#\/schema\/logo\/image\/"}},{"@type":"Person","@id":"https:\/\/noticiasemdestaque.com\/cd\/#\/schema\/person\/21320b03a7e8bb90128938dafc9b908a","name":"Not\u00edcias em Destaque","url":"https:\/\/noticiasemdestaque.com\/cd\/?author=2"}]}},"jetpack_featured_media_url":"https:\/\/noticiasemdestaque.com\/cd\/wp-content\/uploads\/2020\/07\/64f386ea-a09b-4a4f-9f63-24026a917970.jpg","jetpack_sharing_enabled":true,"_links":{"self":[{"href":"https:\/\/noticiasemdestaque.com\/cd\/index.php?rest_route=\/wp\/v2\/posts\/26158","targetHints":{"allow":["GET"]}}],"collection":[{"href":"https:\/\/noticiasemdestaque.com\/cd\/index.php?rest_route=\/wp\/v2\/posts"}],"about":[{"href":"https:\/\/noticiasemdestaque.com\/cd\/index.php?rest_route=\/wp\/v2\/types\/post"}],"author":[{"embeddable":true,"href":"https:\/\/noticiasemdestaque.com\/cd\/index.php?rest_route=\/wp\/v2\/users\/2"}],"replies":[{"embeddable":true,"href":"https:\/\/noticiasemdestaque.com\/cd\/index.php?rest_route=%2Fwp%2Fv2%2Fcomments&post=26158"}],"version-history":[{"count":1,"href":"https:\/\/noticiasemdestaque.com\/cd\/index.php?rest_route=\/wp\/v2\/posts\/26158\/revisions"}],"predecessor-version":[{"id":26161,"href":"https:\/\/noticiasemdestaque.com\/cd\/index.php?rest_route=\/wp\/v2\/posts\/26158\/revisions\/26161"}],"wp:featuredmedia":[{"embeddable":true,"href":"https:\/\/noticiasemdestaque.com\/cd\/index.php?rest_route=\/wp\/v2\/media\/26159"}],"wp:attachment":[{"href":"https:\/\/noticiasemdestaque.com\/cd\/index.php?rest_route=%2Fwp%2Fv2%2Fmedia&parent=26158"}],"wp:term":[{"taxonomy":"category","embeddable":true,"href":"https:\/\/noticiasemdestaque.com\/cd\/index.php?rest_route=%2Fwp%2Fv2%2Fcategories&post=26158"},{"taxonomy":"post_tag","embeddable":true,"href":"https:\/\/noticiasemdestaque.com\/cd\/index.php?rest_route=%2Fwp%2Fv2%2Ftags&post=26158"}],"curies":[{"name":"wp","href":"https:\/\/api.w.org\/{rel}","templated":true}]}}