{"id":26095,"date":"2020-07-27T21:06:11","date_gmt":"2020-07-28T00:06:11","guid":{"rendered":"http:\/\/noticiasemdestaque.com\/cd\/?p=26095"},"modified":"2020-07-27T21:06:11","modified_gmt":"2020-07-28T00:06:11","slug":"joao-azevedo-anuncia-pagamento-de-julho-e-antecipa-primeira-parcela-do-13o-salario-para-servidores-da-ativa-em-agosto","status":"publish","type":"post","link":"https:\/\/noticiasemdestaque.com\/cd\/?p=26095","title":{"rendered":"Jo\u00e3o Azev\u00eado anuncia pagamento de julho e antecipa primeira parcela do 13\u00ba sal\u00e1rio para servidores da ativa em agosto"},"content":{"rendered":"<p><a href=\"https:\/\/noticiasemdestaque.com\/cd\/wp-content\/uploads\/2019\/09\/AZEVEDOCARIRI.jpeg\"><img fetchpriority=\"high\" decoding=\"async\" class=\"alignnone size-large wp-image-19742\" src=\"https:\/\/noticiasemdestaque.com\/cd\/wp-content\/uploads\/2019\/09\/AZEVEDOCARIRI-1024x682.jpeg\" alt=\"\" width=\"1024\" height=\"682\" srcset=\"https:\/\/noticiasemdestaque.com\/cd\/wp-content\/uploads\/2019\/09\/AZEVEDOCARIRI-1024x682.jpeg 1024w, https:\/\/noticiasemdestaque.com\/cd\/wp-content\/uploads\/2019\/09\/AZEVEDOCARIRI-300x200.jpeg 300w, https:\/\/noticiasemdestaque.com\/cd\/wp-content\/uploads\/2019\/09\/AZEVEDOCARIRI-768x512.jpeg 768w, https:\/\/noticiasemdestaque.com\/cd\/wp-content\/uploads\/2019\/09\/AZEVEDOCARIRI-480x320.jpeg 480w, https:\/\/noticiasemdestaque.com\/cd\/wp-content\/uploads\/2019\/09\/AZEVEDOCARIRI.jpeg 1280w\" sizes=\"(max-width: 1024px) 100vw, 1024px\" \/><\/a><\/p>\n<p>O governador Jo\u00e3o Azev\u00eado anunciou, nesta segunda-feira (27), durante o programa semanal \u2018Fala, governador\u2019, transmitido em cadeia estadual pela R\u00e1dio Tabajara, a antecipa\u00e7\u00e3o da primeira parcela do d\u00e9cimo terceiro sal\u00e1rio dos servidores da ativa para o m\u00eas de agosto. Na ocasi\u00e3o, ele tamb\u00e9m assegurou o pagamento da folha de pessoal referente ao m\u00eas de julho para a pr\u00f3xima quinta-feira (30) e sexta-feira (31).<\/p>\n<p>\u201cMesmo diante da pandemia, da queda de receita e do momento preocupante que a gente vive, n\u00f3s anunciamos e mantemos o nosso compromisso de pagar dentro do m\u00eas trabalhado. Isso representa um esfor\u00e7o muito grande de toda equipe econ\u00f4mica que cuida do or\u00e7amento e dos recursos para que a gente possa assegurar o pagamento em dia, apesar das dificuldades\u201d, disse.<\/p>\n<p>O chefe do Executivo estadual tamb\u00e9m destacou que o trabalho desenvolvido pela equipe econ\u00f4mica do governo permitiu o pagamento em um \u00fanico m\u00eas da antecipa\u00e7\u00e3o do d\u00e9cimo terceiro sal\u00e1rio. \u201cN\u00f3s t\u00ednhamos programado o adiantamento da primeira parcela do 13\u00ba entre os meses de agosto, setembro e outubro, e eu quero anunciar que toda essa antecipa\u00e7\u00e3o j\u00e1 vai poder acontecer totalmente no m\u00eas de agosto, gra\u00e7as \u00e0 capacidade de gest\u00e3o de todas as Secretarias envolvidas na gest\u00e3o dos recursos financeiros do Estado e, em dezembro, pagaremos a segunda\u201d, declarou.<\/p>\n<p>O Governo do Estado j\u00e1 havia antecipado no m\u00eas de junho o pagamento da primeira parcela do d\u00e9cimo terceiro para os aposentados, pensionistas e reformados.<\/p>\n<p><b>Calend\u00e1rio de pagamento dos sal\u00e1rios de julho<\/b>:<\/p>\n<p>30\/07 \u2013 aposentados e pensionistas<\/p>\n<p>31\/07 \u2013 servidores da ativa<\/p>\n","protected":false},"excerpt":{"rendered":"<p>O governador Jo\u00e3o Azev\u00eado anunciou, nesta segunda-feira (27), durante o programa semanal \u2018Fala, governador\u2019, transmitido em cadeia estadual pela R\u00e1dio Tabajara, a antecipa\u00e7\u00e3o da primeira parcela do d\u00e9cimo terceiro sal\u00e1rio dos servidores da ativa para o m\u00eas de agosto. Na ocasi\u00e3o, ele tamb\u00e9m assegurou o pagamento da folha de pessoal referente ao m\u00eas de julho para a pr\u00f3xima quinta-feira (30) e sexta-feira (31). \u201cMesmo diante da pandemia, da queda de receita e do momento preocupante que a gente vive, n\u00f3s anunciamos e mantemos o nosso compromisso de pagar dentro do m\u00eas trabalhado. Isso representa um esfor\u00e7o muito grande de toda equipe econ\u00f4mica que cuida do or\u00e7amento e dos recursos para que a gente possa assegurar o pagamento em dia, apesar das dificuldades\u201d, disse. O chefe do Executivo estadual tamb\u00e9m destacou que o trabalho desenvolvido pela equipe econ\u00f4mica do governo permitiu o pagamento em um \u00fanico m\u00eas da antecipa\u00e7\u00e3o do d\u00e9cimo terceiro sal\u00e1rio. \u201cN\u00f3s t\u00ednhamos programado o adiantamento da primeira parcela do 13\u00ba entre os meses de agosto, setembro e outubro, e eu quero anunciar que toda essa antecipa\u00e7\u00e3o j\u00e1 vai poder acontecer totalmente no m\u00eas de agosto, gra\u00e7as \u00e0 capacidade de gest\u00e3o de todas as Secretarias envolvidas na gest\u00e3o dos recursos financeiros do Estado e, em dezembro, pagaremos a segunda\u201d, declarou. O Governo do Estado j\u00e1 havia antecipado no m\u00eas de junho o pagamento da primeira parcela do d\u00e9cimo terceiro para os aposentados, pensionistas e reformados. Calend\u00e1rio de pagamento dos sal\u00e1rios de julho: 30\/07 \u2013 aposentados e pensionistas 31\/07 \u2013 servidores da ativa<\/p>\n","protected":false},"author":2,"featured_media":19742,"comment_status":"closed","ping_status":"open","sticky":false,"template":"","format":"standard","meta":{"_eb_attr":"","_jetpack_memberships_contains_paid_content":false,"footnotes":""},"categories":[4],"tags":[],"class_list":["post-26095","post","type-post","status-publish","format-standard","has-post-thumbnail","hentry","category-politica"],"yoast_head":"<!-- This site is optimized with the Yoast SEO plugin v26.5 - https:\/\/yoast.com\/wordpress\/plugins\/seo\/ -->\n<title>Jo\u00e3o Azev\u00eado anuncia pagamento de julho e antecipa primeira parcela do 13\u00ba sal\u00e1rio para servidores da ativa em agosto - Not&iacute;cias em Destaque<\/title>\n<meta name=\"robots\" content=\"index, follow, max-snippet:-1, max-image-preview:large, max-video-preview:-1\" \/>\n<link rel=\"canonical\" href=\"https:\/\/noticiasemdestaque.com\/cd\/?p=26095\" \/>\n<meta property=\"og:locale\" content=\"pt_BR\" \/>\n<meta property=\"og:type\" content=\"article\" \/>\n<meta property=\"og:title\" content=\"Jo\u00e3o Azev\u00eado anuncia pagamento de julho e antecipa primeira parcela do 13\u00ba sal\u00e1rio para servidores da ativa em agosto - Not&iacute;cias em Destaque\" \/>\n<meta property=\"og:description\" content=\"O governador Jo\u00e3o Azev\u00eado anunciou, nesta segunda-feira (27), durante o programa semanal \u2018Fala, governador\u2019, transmitido em cadeia estadual pela R\u00e1dio Tabajara, a antecipa\u00e7\u00e3o da primeira parcela do d\u00e9cimo terceiro sal\u00e1rio dos servidores da ativa para o m\u00eas de agosto. Na ocasi\u00e3o, ele tamb\u00e9m assegurou o pagamento da folha de pessoal referente ao m\u00eas de julho para a pr\u00f3xima quinta-feira (30) e sexta-feira (31). \u201cMesmo diante da pandemia, da queda de receita e do momento preocupante que a gente vive, n\u00f3s anunciamos e mantemos o nosso compromisso de pagar dentro do m\u00eas trabalhado. Isso representa um esfor\u00e7o muito grande de toda equipe econ\u00f4mica que cuida do or\u00e7amento e dos recursos para que a gente possa assegurar o pagamento em dia, apesar das dificuldades\u201d, disse. O chefe do Executivo estadual tamb\u00e9m destacou que o trabalho desenvolvido pela equipe econ\u00f4mica do governo permitiu o pagamento em um \u00fanico m\u00eas da antecipa\u00e7\u00e3o do d\u00e9cimo terceiro sal\u00e1rio. \u201cN\u00f3s t\u00ednhamos programado o adiantamento da primeira parcela do 13\u00ba entre os meses de agosto, setembro e outubro, e eu quero anunciar que toda essa antecipa\u00e7\u00e3o j\u00e1 vai poder acontecer totalmente no m\u00eas de agosto, gra\u00e7as \u00e0 capacidade de gest\u00e3o de todas as Secretarias envolvidas na gest\u00e3o dos recursos financeiros do Estado e, em dezembro, pagaremos a segunda\u201d, declarou. O Governo do Estado j\u00e1 havia antecipado no m\u00eas de junho o pagamento da primeira parcela do d\u00e9cimo terceiro para os aposentados, pensionistas e reformados. Calend\u00e1rio de pagamento dos sal\u00e1rios de julho: 30\/07 \u2013 aposentados e pensionistas 31\/07 \u2013 servidores da ativa\" \/>\n<meta property=\"og:url\" content=\"https:\/\/noticiasemdestaque.com\/cd\/?p=26095\" \/>\n<meta property=\"og:site_name\" content=\"Not&iacute;cias em Destaque\" \/>\n<meta property=\"article:published_time\" content=\"2020-07-28T00:06:11+00:00\" \/>\n<meta property=\"og:image\" content=\"https:\/\/noticiasemdestaque.com\/cd\/wp-content\/uploads\/2019\/09\/AZEVEDOCARIRI.jpeg\" \/>\n\t<meta property=\"og:image:width\" content=\"1280\" \/>\n\t<meta property=\"og:image:height\" content=\"853\" \/>\n\t<meta property=\"og:image:type\" content=\"image\/jpeg\" \/>\n<meta name=\"author\" content=\"Not\u00edcias em Destaque\" \/>\n<meta name=\"twitter:card\" content=\"summary_large_image\" \/>\n<meta name=\"twitter:label1\" content=\"Escrito por\" \/>\n\t<meta name=\"twitter:data1\" content=\"Not\u00edcias em Destaque\" \/>\n\t<meta name=\"twitter:label2\" content=\"Est. tempo de leitura\" \/>\n\t<meta name=\"twitter:data2\" content=\"1 minuto\" \/>\n<script type=\"application\/ld+json\" class=\"yoast-schema-graph\">{\"@context\":\"https:\/\/schema.org\",\"@graph\":[{\"@type\":\"Article\",\"@id\":\"https:\/\/noticiasemdestaque.com\/cd\/?p=26095#article\",\"isPartOf\":{\"@id\":\"https:\/\/noticiasemdestaque.com\/cd\/?p=26095\"},\"author\":{\"name\":\"Not\u00edcias em Destaque\",\"@id\":\"https:\/\/noticiasemdestaque.com\/cd\/#\/schema\/person\/47f7d4f55eec17c6b2ca036c5500f6ce\"},\"headline\":\"Jo\u00e3o Azev\u00eado anuncia pagamento de julho e antecipa primeira parcela do 13\u00ba sal\u00e1rio para servidores da ativa em agosto\",\"datePublished\":\"2020-07-28T00:06:11+00:00\",\"mainEntityOfPage\":{\"@id\":\"https:\/\/noticiasemdestaque.com\/cd\/?p=26095\"},\"wordCount\":298,\"publisher\":{\"@id\":\"https:\/\/noticiasemdestaque.com\/cd\/#organization\"},\"image\":{\"@id\":\"https:\/\/noticiasemdestaque.com\/cd\/?p=26095#primaryimage\"},\"thumbnailUrl\":\"https:\/\/noticiasemdestaque.com\/cd\/wp-content\/uploads\/2019\/09\/AZEVEDOCARIRI.jpeg\",\"articleSection\":[\"Pol\u00edtica\"],\"inLanguage\":\"pt-BR\"},{\"@type\":\"WebPage\",\"@id\":\"https:\/\/noticiasemdestaque.com\/cd\/?p=26095\",\"url\":\"https:\/\/noticiasemdestaque.com\/cd\/?p=26095\",\"name\":\"Jo\u00e3o Azev\u00eado anuncia pagamento de julho e antecipa primeira parcela do 13\u00ba sal\u00e1rio para servidores da ativa em agosto - Not&iacute;cias em Destaque\",\"isPartOf\":{\"@id\":\"https:\/\/noticiasemdestaque.com\/cd\/#website\"},\"primaryImageOfPage\":{\"@id\":\"https:\/\/noticiasemdestaque.com\/cd\/?p=26095#primaryimage\"},\"image\":{\"@id\":\"https:\/\/noticiasemdestaque.com\/cd\/?p=26095#primaryimage\"},\"thumbnailUrl\":\"https:\/\/noticiasemdestaque.com\/cd\/wp-content\/uploads\/2019\/09\/AZEVEDOCARIRI.jpeg\",\"datePublished\":\"2020-07-28T00:06:11+00:00\",\"breadcrumb\":{\"@id\":\"https:\/\/noticiasemdestaque.com\/cd\/?p=26095#breadcrumb\"},\"inLanguage\":\"pt-BR\",\"potentialAction\":[{\"@type\":\"ReadAction\",\"target\":[\"https:\/\/noticiasemdestaque.com\/cd\/?p=26095\"]}]},{\"@type\":\"ImageObject\",\"inLanguage\":\"pt-BR\",\"@id\":\"https:\/\/noticiasemdestaque.com\/cd\/?p=26095#primaryimage\",\"url\":\"https:\/\/noticiasemdestaque.com\/cd\/wp-content\/uploads\/2019\/09\/AZEVEDOCARIRI.jpeg\",\"contentUrl\":\"https:\/\/noticiasemdestaque.com\/cd\/wp-content\/uploads\/2019\/09\/AZEVEDOCARIRI.jpeg\",\"width\":1280,\"height\":853},{\"@type\":\"BreadcrumbList\",\"@id\":\"https:\/\/noticiasemdestaque.com\/cd\/?p=26095#breadcrumb\",\"itemListElement\":[{\"@type\":\"ListItem\",\"position\":1,\"name\":\"In\u00edcio\",\"item\":\"https:\/\/noticiasemdestaque.com\/cd\/\"},{\"@type\":\"ListItem\",\"position\":2,\"name\":\"Jo\u00e3o Azev\u00eado anuncia pagamento de julho e antecipa primeira parcela do 13\u00ba sal\u00e1rio para servidores da ativa em agosto\"}]},{\"@type\":\"WebSite\",\"@id\":\"https:\/\/noticiasemdestaque.com\/cd\/#website\",\"url\":\"https:\/\/noticiasemdestaque.com\/cd\/\",\"name\":\"Not&iacute;cias em Destaque\",\"description\":\"\",\"publisher\":{\"@id\":\"https:\/\/noticiasemdestaque.com\/cd\/#organization\"},\"potentialAction\":[{\"@type\":\"SearchAction\",\"target\":{\"@type\":\"EntryPoint\",\"urlTemplate\":\"https:\/\/noticiasemdestaque.com\/cd\/?s={search_term_string}\"},\"query-input\":{\"@type\":\"PropertyValueSpecification\",\"valueRequired\":true,\"valueName\":\"search_term_string\"}}],\"inLanguage\":\"pt-BR\"},{\"@type\":\"Organization\",\"@id\":\"https:\/\/noticiasemdestaque.com\/cd\/#organization\",\"name\":\"Not\u00edcias em Destaque\",\"url\":\"https:\/\/noticiasemdestaque.com\/cd\/\",\"logo\":{\"@type\":\"ImageObject\",\"inLanguage\":\"pt-BR\",\"@id\":\"https:\/\/noticiasemdestaque.com\/cd\/#\/schema\/logo\/image\/\",\"url\":\"https:\/\/noticiasemdestaque.com\/cd\/wp-content\/uploads\/2022\/05\/imagem-base-noticiasemdestaque.png\",\"contentUrl\":\"https:\/\/noticiasemdestaque.com\/cd\/wp-content\/uploads\/2022\/05\/imagem-base-noticiasemdestaque.png\",\"width\":1200,\"height\":630,\"caption\":\"Not\u00edcias em Destaque\"},\"image\":{\"@id\":\"https:\/\/noticiasemdestaque.com\/cd\/#\/schema\/logo\/image\/\"}},{\"@type\":\"Person\",\"@id\":\"https:\/\/noticiasemdestaque.com\/cd\/#\/schema\/person\/47f7d4f55eec17c6b2ca036c5500f6ce\",\"name\":\"Not\u00edcias em Destaque\",\"url\":\"https:\/\/noticiasemdestaque.com\/cd\/?author=2\"}]}<\/script>\n<!-- \/ Yoast SEO plugin. -->","yoast_head_json":{"title":"Jo\u00e3o Azev\u00eado anuncia pagamento de julho e antecipa primeira parcela do 13\u00ba sal\u00e1rio para servidores da ativa em agosto - Not&iacute;cias em Destaque","robots":{"index":"index","follow":"follow","max-snippet":"max-snippet:-1","max-image-preview":"max-image-preview:large","max-video-preview":"max-video-preview:-1"},"canonical":"https:\/\/noticiasemdestaque.com\/cd\/?p=26095","og_locale":"pt_BR","og_type":"article","og_title":"Jo\u00e3o Azev\u00eado anuncia pagamento de julho e antecipa primeira parcela do 13\u00ba sal\u00e1rio para servidores da ativa em agosto - Not&iacute;cias em Destaque","og_description":"O governador Jo\u00e3o Azev\u00eado anunciou, nesta segunda-feira (27), durante o programa semanal \u2018Fala, governador\u2019, transmitido em cadeia estadual pela R\u00e1dio Tabajara, a antecipa\u00e7\u00e3o da primeira parcela do d\u00e9cimo terceiro sal\u00e1rio dos servidores da ativa para o m\u00eas de agosto. Na ocasi\u00e3o, ele tamb\u00e9m assegurou o pagamento da folha de pessoal referente ao m\u00eas de julho para a pr\u00f3xima quinta-feira (30) e sexta-feira (31). \u201cMesmo diante da pandemia, da queda de receita e do momento preocupante que a gente vive, n\u00f3s anunciamos e mantemos o nosso compromisso de pagar dentro do m\u00eas trabalhado. Isso representa um esfor\u00e7o muito grande de toda equipe econ\u00f4mica que cuida do or\u00e7amento e dos recursos para que a gente possa assegurar o pagamento em dia, apesar das dificuldades\u201d, disse. O chefe do Executivo estadual tamb\u00e9m destacou que o trabalho desenvolvido pela equipe econ\u00f4mica do governo permitiu o pagamento em um \u00fanico m\u00eas da antecipa\u00e7\u00e3o do d\u00e9cimo terceiro sal\u00e1rio. \u201cN\u00f3s t\u00ednhamos programado o adiantamento da primeira parcela do 13\u00ba entre os meses de agosto, setembro e outubro, e eu quero anunciar que toda essa antecipa\u00e7\u00e3o j\u00e1 vai poder acontecer totalmente no m\u00eas de agosto, gra\u00e7as \u00e0 capacidade de gest\u00e3o de todas as Secretarias envolvidas na gest\u00e3o dos recursos financeiros do Estado e, em dezembro, pagaremos a segunda\u201d, declarou. O Governo do Estado j\u00e1 havia antecipado no m\u00eas de junho o pagamento da primeira parcela do d\u00e9cimo terceiro para os aposentados, pensionistas e reformados. Calend\u00e1rio de pagamento dos sal\u00e1rios de julho: 30\/07 \u2013 aposentados e pensionistas 31\/07 \u2013 servidores da ativa","og_url":"https:\/\/noticiasemdestaque.com\/cd\/?p=26095","og_site_name":"Not&iacute;cias em Destaque","article_published_time":"2020-07-28T00:06:11+00:00","og_image":[{"width":1280,"height":853,"url":"https:\/\/noticiasemdestaque.com\/cd\/wp-content\/uploads\/2019\/09\/AZEVEDOCARIRI.jpeg","type":"image\/jpeg"}],"author":"Not\u00edcias em Destaque","twitter_card":"summary_large_image","twitter_misc":{"Escrito por":"Not\u00edcias em Destaque","Est. tempo de leitura":"1 minuto"},"schema":{"@context":"https:\/\/schema.org","@graph":[{"@type":"Article","@id":"https:\/\/noticiasemdestaque.com\/cd\/?p=26095#article","isPartOf":{"@id":"https:\/\/noticiasemdestaque.com\/cd\/?p=26095"},"author":{"name":"Not\u00edcias em Destaque","@id":"https:\/\/noticiasemdestaque.com\/cd\/#\/schema\/person\/47f7d4f55eec17c6b2ca036c5500f6ce"},"headline":"Jo\u00e3o Azev\u00eado anuncia pagamento de julho e antecipa primeira parcela do 13\u00ba sal\u00e1rio para servidores da ativa em agosto","datePublished":"2020-07-28T00:06:11+00:00","mainEntityOfPage":{"@id":"https:\/\/noticiasemdestaque.com\/cd\/?p=26095"},"wordCount":298,"publisher":{"@id":"https:\/\/noticiasemdestaque.com\/cd\/#organization"},"image":{"@id":"https:\/\/noticiasemdestaque.com\/cd\/?p=26095#primaryimage"},"thumbnailUrl":"https:\/\/noticiasemdestaque.com\/cd\/wp-content\/uploads\/2019\/09\/AZEVEDOCARIRI.jpeg","articleSection":["Pol\u00edtica"],"inLanguage":"pt-BR"},{"@type":"WebPage","@id":"https:\/\/noticiasemdestaque.com\/cd\/?p=26095","url":"https:\/\/noticiasemdestaque.com\/cd\/?p=26095","name":"Jo\u00e3o Azev\u00eado anuncia pagamento de julho e antecipa primeira parcela do 13\u00ba sal\u00e1rio para servidores da ativa em agosto - Not&iacute;cias em Destaque","isPartOf":{"@id":"https:\/\/noticiasemdestaque.com\/cd\/#website"},"primaryImageOfPage":{"@id":"https:\/\/noticiasemdestaque.com\/cd\/?p=26095#primaryimage"},"image":{"@id":"https:\/\/noticiasemdestaque.com\/cd\/?p=26095#primaryimage"},"thumbnailUrl":"https:\/\/noticiasemdestaque.com\/cd\/wp-content\/uploads\/2019\/09\/AZEVEDOCARIRI.jpeg","datePublished":"2020-07-28T00:06:11+00:00","breadcrumb":{"@id":"https:\/\/noticiasemdestaque.com\/cd\/?p=26095#breadcrumb"},"inLanguage":"pt-BR","potentialAction":[{"@type":"ReadAction","target":["https:\/\/noticiasemdestaque.com\/cd\/?p=26095"]}]},{"@type":"ImageObject","inLanguage":"pt-BR","@id":"https:\/\/noticiasemdestaque.com\/cd\/?p=26095#primaryimage","url":"https:\/\/noticiasemdestaque.com\/cd\/wp-content\/uploads\/2019\/09\/AZEVEDOCARIRI.jpeg","contentUrl":"https:\/\/noticiasemdestaque.com\/cd\/wp-content\/uploads\/2019\/09\/AZEVEDOCARIRI.jpeg","width":1280,"height":853},{"@type":"BreadcrumbList","@id":"https:\/\/noticiasemdestaque.com\/cd\/?p=26095#breadcrumb","itemListElement":[{"@type":"ListItem","position":1,"name":"In\u00edcio","item":"https:\/\/noticiasemdestaque.com\/cd\/"},{"@type":"ListItem","position":2,"name":"Jo\u00e3o Azev\u00eado anuncia pagamento de julho e antecipa primeira parcela do 13\u00ba sal\u00e1rio para servidores da ativa em agosto"}]},{"@type":"WebSite","@id":"https:\/\/noticiasemdestaque.com\/cd\/#website","url":"https:\/\/noticiasemdestaque.com\/cd\/","name":"Not&iacute;cias em Destaque","description":"","publisher":{"@id":"https:\/\/noticiasemdestaque.com\/cd\/#organization"},"potentialAction":[{"@type":"SearchAction","target":{"@type":"EntryPoint","urlTemplate":"https:\/\/noticiasemdestaque.com\/cd\/?s={search_term_string}"},"query-input":{"@type":"PropertyValueSpecification","valueRequired":true,"valueName":"search_term_string"}}],"inLanguage":"pt-BR"},{"@type":"Organization","@id":"https:\/\/noticiasemdestaque.com\/cd\/#organization","name":"Not\u00edcias em Destaque","url":"https:\/\/noticiasemdestaque.com\/cd\/","logo":{"@type":"ImageObject","inLanguage":"pt-BR","@id":"https:\/\/noticiasemdestaque.com\/cd\/#\/schema\/logo\/image\/","url":"https:\/\/noticiasemdestaque.com\/cd\/wp-content\/uploads\/2022\/05\/imagem-base-noticiasemdestaque.png","contentUrl":"https:\/\/noticiasemdestaque.com\/cd\/wp-content\/uploads\/2022\/05\/imagem-base-noticiasemdestaque.png","width":1200,"height":630,"caption":"Not\u00edcias em Destaque"},"image":{"@id":"https:\/\/noticiasemdestaque.com\/cd\/#\/schema\/logo\/image\/"}},{"@type":"Person","@id":"https:\/\/noticiasemdestaque.com\/cd\/#\/schema\/person\/47f7d4f55eec17c6b2ca036c5500f6ce","name":"Not\u00edcias em Destaque","url":"https:\/\/noticiasemdestaque.com\/cd\/?author=2"}]}},"jetpack_featured_media_url":"https:\/\/noticiasemdestaque.com\/cd\/wp-content\/uploads\/2019\/09\/AZEVEDOCARIRI.jpeg","jetpack_sharing_enabled":true,"_links":{"self":[{"href":"https:\/\/noticiasemdestaque.com\/cd\/index.php?rest_route=\/wp\/v2\/posts\/26095","targetHints":{"allow":["GET"]}}],"collection":[{"href":"https:\/\/noticiasemdestaque.com\/cd\/index.php?rest_route=\/wp\/v2\/posts"}],"about":[{"href":"https:\/\/noticiasemdestaque.com\/cd\/index.php?rest_route=\/wp\/v2\/types\/post"}],"author":[{"embeddable":true,"href":"https:\/\/noticiasemdestaque.com\/cd\/index.php?rest_route=\/wp\/v2\/users\/2"}],"replies":[{"embeddable":true,"href":"https:\/\/noticiasemdestaque.com\/cd\/index.php?rest_route=%2Fwp%2Fv2%2Fcomments&post=26095"}],"version-history":[{"count":1,"href":"https:\/\/noticiasemdestaque.com\/cd\/index.php?rest_route=\/wp\/v2\/posts\/26095\/revisions"}],"predecessor-version":[{"id":26096,"href":"https:\/\/noticiasemdestaque.com\/cd\/index.php?rest_route=\/wp\/v2\/posts\/26095\/revisions\/26096"}],"wp:featuredmedia":[{"embeddable":true,"href":"https:\/\/noticiasemdestaque.com\/cd\/index.php?rest_route=\/wp\/v2\/media\/19742"}],"wp:attachment":[{"href":"https:\/\/noticiasemdestaque.com\/cd\/index.php?rest_route=%2Fwp%2Fv2%2Fmedia&parent=26095"}],"wp:term":[{"taxonomy":"category","embeddable":true,"href":"https:\/\/noticiasemdestaque.com\/cd\/index.php?rest_route=%2Fwp%2Fv2%2Fcategories&post=26095"},{"taxonomy":"post_tag","embeddable":true,"href":"https:\/\/noticiasemdestaque.com\/cd\/index.php?rest_route=%2Fwp%2Fv2%2Ftags&post=26095"}],"curies":[{"name":"wp","href":"https:\/\/api.w.org\/{rel}","templated":true}]}}