{"id":26034,"date":"2020-07-23T07:27:09","date_gmt":"2020-07-23T10:27:09","guid":{"rendered":"http:\/\/noticiasemdestaque.com\/cd\/?p=26034"},"modified":"2020-07-23T07:27:09","modified_gmt":"2020-07-23T10:27:09","slug":"caixa-dara-mais-180-dias-de-pausa-para-contratos-habitacionais","status":"publish","type":"post","link":"https:\/\/noticiasemdestaque.com\/cd\/?p=26034","title":{"rendered":"Caixa dar\u00e1 mais 180 dias de pausa para contratos habitacionais"},"content":{"rendered":"<p><a href=\"https:\/\/noticiasemdestaque.com\/cd\/wp-content\/uploads\/2020\/07\/caixa-predio-auxilio-18052020143203179.jpeg\"><img fetchpriority=\"high\" decoding=\"async\" class=\"size-full wp-image-26035 aligncenter\" src=\"https:\/\/noticiasemdestaque.com\/cd\/wp-content\/uploads\/2020\/07\/caixa-predio-auxilio-18052020143203179.jpeg\" alt=\"\" width=\"460\" height=\"305\" srcset=\"https:\/\/noticiasemdestaque.com\/cd\/wp-content\/uploads\/2020\/07\/caixa-predio-auxilio-18052020143203179.jpeg 460w, https:\/\/noticiasemdestaque.com\/cd\/wp-content\/uploads\/2020\/07\/caixa-predio-auxilio-18052020143203179-300x199.jpeg 300w\" sizes=\"(max-width: 460px) 100vw, 460px\" \/><\/a><\/p>\n<p>A Caixa Econ\u00f4mica Federal informou que est\u00e1 disponibilizando a partir desta quarta-feira (22) a possibilidade de amplia\u00e7\u00e3o da pausa nas presta\u00e7\u00f5es dos cr\u00e9ditos habitacionais para um per\u00edodo de at\u00e9 180 dias.<\/p>\n<p>A medida vai beneficiar os contratos realizados por meio do programa &#8216;Minha Casa Minha Vida&#8217; (Faixas 1,5, 2 e 3) e do SBPE (Sistema Brasileiro de Poupan\u00e7a e Empr\u00e9stimos). At\u00e9 o momento, mais de 2,4 milh\u00f5es de mutu\u00e1rios j\u00e1 solicitaram a pausa na presta\u00e7\u00e3o habitacional.<\/p>\n<p>Segundo o banco p\u00fablico, os clientes pessoas f\u00edsica e jur\u00eddica que j\u00e1 tiveram a pausa tempor\u00e1ria de 120 dias conclu\u00edda poder\u00e3o prorrogar o prazo por mais 60 dias. E quem ainda n\u00e3o optou por essa alternativa tamb\u00e9m poder\u00e1 solicitar a pausa de 180 dias.<\/p>\n<p>Em nota, a Caixa explica que para as empresas, a op\u00e7\u00e3o de pausa \u00e9 v\u00e1lida para os financiamentos \u00e0 produ\u00e7\u00e3o de empreendimentos e para os financiamentos de aquisi\u00e7\u00e3o e constru\u00e7\u00e3o de im\u00f3veis comerciais (modalidade individual). &#8220;As op\u00e7\u00f5es de pagamento parcial dos encargos ou car\u00eancia tamb\u00e9m ser\u00e3o estendidas para at\u00e9 180 dias, por\u00e9m n\u00e3o poder\u00e3o ser utilizadas em conjunto com a pausa&#8221;, diz o banco.<\/p>\n<p>Conforme a Caixa, a medida faz parte das a\u00e7\u00f5es do banco para oferecer aos clientes alternativas para enfrentar os efeitos causados \u00e0 economia pela\u00a0<a href=\"https:\/\/noticias.r7.com\/saude\/coronavirus\"><strong>covid-19<\/strong><\/a>. &#8220;Estender a pausa \u00e9 mais uma medida importante do banco no suporte ao planejamento das fam\u00edlias brasileiras nesse per\u00edodo de pandemia e \u00e0 retomada da economia&#8221;, diz o presidente do banco, Pedro Guimar\u00e3es.<\/p>\n<p>A Caixa j\u00e1 registrou mais de 2,1 milh\u00f5es de solicita\u00e7\u00f5es pelo aplicativo Habita\u00e7\u00e3o Caixa, al\u00e9m de cerca de 170 mil atendimentos pelo telesservi\u00e7o. Durante o per\u00edodo de pausa, o contrato n\u00e3o est\u00e1 isento da incid\u00eancia de juros remunerat\u00f3rios, seguros e taxas, informa. Os valores dos encargos pausados s\u00e3o acrescidos ao saldo devedor do contrato e dilu\u00eddos no prazo remanescente. A taxa de juros e o prazo contratados inicialmente n\u00e3o sofrem altera\u00e7\u00e3o.<\/p>\n<p><em><strong>Not\u00edcias em Destaque<\/strong><\/em><\/p>\n<p>Com R7<\/p>\n","protected":false},"excerpt":{"rendered":"<p>A Caixa Econ\u00f4mica Federal informou que est\u00e1 disponibilizando a partir desta quarta-feira (22) a possibilidade de amplia\u00e7\u00e3o da pausa nas presta\u00e7\u00f5es dos cr\u00e9ditos habitacionais para um per\u00edodo de at\u00e9 180 dias. A medida vai beneficiar os contratos realizados por meio do programa &#8216;Minha Casa Minha Vida&#8217; (Faixas 1,5, 2 e 3) e do SBPE (Sistema Brasileiro de Poupan\u00e7a e Empr\u00e9stimos). At\u00e9 o momento, mais de 2,4 milh\u00f5es de mutu\u00e1rios j\u00e1 solicitaram a pausa na presta\u00e7\u00e3o habitacional. Segundo o banco p\u00fablico, os clientes pessoas f\u00edsica e jur\u00eddica que j\u00e1 tiveram a pausa tempor\u00e1ria de 120 dias conclu\u00edda poder\u00e3o prorrogar o prazo por mais 60 dias. E quem ainda n\u00e3o optou por essa alternativa tamb\u00e9m poder\u00e1 solicitar a pausa de 180 dias. Em nota, a Caixa explica que para as empresas, a op\u00e7\u00e3o de pausa \u00e9 v\u00e1lida para os financiamentos \u00e0 produ\u00e7\u00e3o de empreendimentos e para os financiamentos de aquisi\u00e7\u00e3o e constru\u00e7\u00e3o de im\u00f3veis comerciais (modalidade individual). &#8220;As op\u00e7\u00f5es de pagamento parcial dos encargos ou car\u00eancia tamb\u00e9m ser\u00e3o estendidas para at\u00e9 180 dias, por\u00e9m n\u00e3o poder\u00e3o ser utilizadas em conjunto com a pausa&#8221;, diz o banco. Conforme a Caixa, a medida faz parte das a\u00e7\u00f5es do banco para oferecer aos clientes alternativas para enfrentar os efeitos causados \u00e0 economia pela\u00a0covid-19. &#8220;Estender a pausa \u00e9 mais uma medida importante do banco no suporte ao planejamento das fam\u00edlias brasileiras nesse per\u00edodo de pandemia e \u00e0 retomada da economia&#8221;, diz o presidente do banco, Pedro Guimar\u00e3es. A Caixa j\u00e1 registrou mais de 2,1 milh\u00f5es de solicita\u00e7\u00f5es pelo aplicativo Habita\u00e7\u00e3o Caixa, al\u00e9m de cerca de 170 mil atendimentos pelo telesservi\u00e7o. Durante o per\u00edodo de pausa, o contrato n\u00e3o est\u00e1 isento da incid\u00eancia de juros remunerat\u00f3rios, seguros e taxas, informa. Os valores dos encargos pausados s\u00e3o acrescidos ao saldo devedor do contrato e dilu\u00eddos no prazo remanescente. A taxa de juros e o prazo contratados inicialmente n\u00e3o sofrem altera\u00e7\u00e3o. Not\u00edcias em Destaque Com R7<\/p>\n","protected":false},"author":2,"featured_media":26035,"comment_status":"closed","ping_status":"open","sticky":false,"template":"","format":"standard","meta":{"_eb_attr":"","_jetpack_memberships_contains_paid_content":false,"footnotes":""},"categories":[12],"tags":[],"class_list":["post-26034","post","type-post","status-publish","format-standard","has-post-thumbnail","hentry","category-geral"],"yoast_head":"<!-- This site is optimized with the Yoast SEO plugin v26.5 - https:\/\/yoast.com\/wordpress\/plugins\/seo\/ -->\n<title>Caixa dar\u00e1 mais 180 dias de pausa para contratos habitacionais - Not&iacute;cias em Destaque<\/title>\n<meta name=\"robots\" content=\"index, follow, max-snippet:-1, max-image-preview:large, max-video-preview:-1\" \/>\n<link rel=\"canonical\" href=\"https:\/\/noticiasemdestaque.com\/cd\/?p=26034\" \/>\n<meta property=\"og:locale\" content=\"pt_BR\" \/>\n<meta property=\"og:type\" content=\"article\" \/>\n<meta property=\"og:title\" content=\"Caixa dar\u00e1 mais 180 dias de pausa para contratos habitacionais - Not&iacute;cias em Destaque\" \/>\n<meta property=\"og:description\" content=\"A Caixa Econ\u00f4mica Federal informou que est\u00e1 disponibilizando a partir desta quarta-feira (22) a possibilidade de amplia\u00e7\u00e3o da pausa nas presta\u00e7\u00f5es dos cr\u00e9ditos habitacionais para um per\u00edodo de at\u00e9 180 dias. A medida vai beneficiar os contratos realizados por meio do programa &#8216;Minha Casa Minha Vida&#8217; (Faixas 1,5, 2 e 3) e do SBPE (Sistema Brasileiro de Poupan\u00e7a e Empr\u00e9stimos). At\u00e9 o momento, mais de 2,4 milh\u00f5es de mutu\u00e1rios j\u00e1 solicitaram a pausa na presta\u00e7\u00e3o habitacional. Segundo o banco p\u00fablico, os clientes pessoas f\u00edsica e jur\u00eddica que j\u00e1 tiveram a pausa tempor\u00e1ria de 120 dias conclu\u00edda poder\u00e3o prorrogar o prazo por mais 60 dias. E quem ainda n\u00e3o optou por essa alternativa tamb\u00e9m poder\u00e1 solicitar a pausa de 180 dias. Em nota, a Caixa explica que para as empresas, a op\u00e7\u00e3o de pausa \u00e9 v\u00e1lida para os financiamentos \u00e0 produ\u00e7\u00e3o de empreendimentos e para os financiamentos de aquisi\u00e7\u00e3o e constru\u00e7\u00e3o de im\u00f3veis comerciais (modalidade individual). &#8220;As op\u00e7\u00f5es de pagamento parcial dos encargos ou car\u00eancia tamb\u00e9m ser\u00e3o estendidas para at\u00e9 180 dias, por\u00e9m n\u00e3o poder\u00e3o ser utilizadas em conjunto com a pausa&#8221;, diz o banco. Conforme a Caixa, a medida faz parte das a\u00e7\u00f5es do banco para oferecer aos clientes alternativas para enfrentar os efeitos causados \u00e0 economia pela\u00a0covid-19. &#8220;Estender a pausa \u00e9 mais uma medida importante do banco no suporte ao planejamento das fam\u00edlias brasileiras nesse per\u00edodo de pandemia e \u00e0 retomada da economia&#8221;, diz o presidente do banco, Pedro Guimar\u00e3es. A Caixa j\u00e1 registrou mais de 2,1 milh\u00f5es de solicita\u00e7\u00f5es pelo aplicativo Habita\u00e7\u00e3o Caixa, al\u00e9m de cerca de 170 mil atendimentos pelo telesservi\u00e7o. Durante o per\u00edodo de pausa, o contrato n\u00e3o est\u00e1 isento da incid\u00eancia de juros remunerat\u00f3rios, seguros e taxas, informa. Os valores dos encargos pausados s\u00e3o acrescidos ao saldo devedor do contrato e dilu\u00eddos no prazo remanescente. A taxa de juros e o prazo contratados inicialmente n\u00e3o sofrem altera\u00e7\u00e3o. Not\u00edcias em Destaque Com R7\" \/>\n<meta property=\"og:url\" content=\"https:\/\/noticiasemdestaque.com\/cd\/?p=26034\" \/>\n<meta property=\"og:site_name\" content=\"Not&iacute;cias em Destaque\" \/>\n<meta property=\"article:published_time\" content=\"2020-07-23T10:27:09+00:00\" \/>\n<meta property=\"og:image\" content=\"https:\/\/noticiasemdestaque.com\/cd\/wp-content\/uploads\/2020\/07\/caixa-predio-auxilio-18052020143203179.jpeg\" \/>\n\t<meta property=\"og:image:width\" content=\"460\" \/>\n\t<meta property=\"og:image:height\" content=\"305\" \/>\n\t<meta property=\"og:image:type\" content=\"image\/jpeg\" \/>\n<meta name=\"author\" content=\"Not\u00edcias em Destaque\" \/>\n<meta name=\"twitter:card\" content=\"summary_large_image\" \/>\n<meta name=\"twitter:label1\" content=\"Escrito por\" \/>\n\t<meta name=\"twitter:data1\" content=\"Not\u00edcias em Destaque\" \/>\n\t<meta name=\"twitter:label2\" content=\"Est. tempo de leitura\" \/>\n\t<meta name=\"twitter:data2\" content=\"2 minutos\" \/>\n<script type=\"application\/ld+json\" class=\"yoast-schema-graph\">{\"@context\":\"https:\/\/schema.org\",\"@graph\":[{\"@type\":\"Article\",\"@id\":\"https:\/\/noticiasemdestaque.com\/cd\/?p=26034#article\",\"isPartOf\":{\"@id\":\"https:\/\/noticiasemdestaque.com\/cd\/?p=26034\"},\"author\":{\"name\":\"Not\u00edcias em Destaque\",\"@id\":\"https:\/\/noticiasemdestaque.com\/cd\/#\/schema\/person\/21320b03a7e8bb90128938dafc9b908a\"},\"headline\":\"Caixa dar\u00e1 mais 180 dias de pausa para contratos habitacionais\",\"datePublished\":\"2020-07-23T10:27:09+00:00\",\"mainEntityOfPage\":{\"@id\":\"https:\/\/noticiasemdestaque.com\/cd\/?p=26034\"},\"wordCount\":359,\"publisher\":{\"@id\":\"https:\/\/noticiasemdestaque.com\/cd\/#organization\"},\"image\":{\"@id\":\"https:\/\/noticiasemdestaque.com\/cd\/?p=26034#primaryimage\"},\"thumbnailUrl\":\"https:\/\/noticiasemdestaque.com\/cd\/wp-content\/uploads\/2020\/07\/caixa-predio-auxilio-18052020143203179.jpeg\",\"articleSection\":[\"Geral\"],\"inLanguage\":\"pt-BR\"},{\"@type\":\"WebPage\",\"@id\":\"https:\/\/noticiasemdestaque.com\/cd\/?p=26034\",\"url\":\"https:\/\/noticiasemdestaque.com\/cd\/?p=26034\",\"name\":\"Caixa dar\u00e1 mais 180 dias de pausa para contratos habitacionais - Not&iacute;cias em Destaque\",\"isPartOf\":{\"@id\":\"https:\/\/noticiasemdestaque.com\/cd\/#website\"},\"primaryImageOfPage\":{\"@id\":\"https:\/\/noticiasemdestaque.com\/cd\/?p=26034#primaryimage\"},\"image\":{\"@id\":\"https:\/\/noticiasemdestaque.com\/cd\/?p=26034#primaryimage\"},\"thumbnailUrl\":\"https:\/\/noticiasemdestaque.com\/cd\/wp-content\/uploads\/2020\/07\/caixa-predio-auxilio-18052020143203179.jpeg\",\"datePublished\":\"2020-07-23T10:27:09+00:00\",\"breadcrumb\":{\"@id\":\"https:\/\/noticiasemdestaque.com\/cd\/?p=26034#breadcrumb\"},\"inLanguage\":\"pt-BR\",\"potentialAction\":[{\"@type\":\"ReadAction\",\"target\":[\"https:\/\/noticiasemdestaque.com\/cd\/?p=26034\"]}]},{\"@type\":\"ImageObject\",\"inLanguage\":\"pt-BR\",\"@id\":\"https:\/\/noticiasemdestaque.com\/cd\/?p=26034#primaryimage\",\"url\":\"https:\/\/noticiasemdestaque.com\/cd\/wp-content\/uploads\/2020\/07\/caixa-predio-auxilio-18052020143203179.jpeg\",\"contentUrl\":\"https:\/\/noticiasemdestaque.com\/cd\/wp-content\/uploads\/2020\/07\/caixa-predio-auxilio-18052020143203179.jpeg\",\"width\":460,\"height\":305},{\"@type\":\"BreadcrumbList\",\"@id\":\"https:\/\/noticiasemdestaque.com\/cd\/?p=26034#breadcrumb\",\"itemListElement\":[{\"@type\":\"ListItem\",\"position\":1,\"name\":\"In\u00edcio\",\"item\":\"https:\/\/noticiasemdestaque.com\/cd\/\"},{\"@type\":\"ListItem\",\"position\":2,\"name\":\"Caixa dar\u00e1 mais 180 dias de pausa para contratos habitacionais\"}]},{\"@type\":\"WebSite\",\"@id\":\"https:\/\/noticiasemdestaque.com\/cd\/#website\",\"url\":\"https:\/\/noticiasemdestaque.com\/cd\/\",\"name\":\"Not&iacute;cias em Destaque\",\"description\":\"\",\"publisher\":{\"@id\":\"https:\/\/noticiasemdestaque.com\/cd\/#organization\"},\"potentialAction\":[{\"@type\":\"SearchAction\",\"target\":{\"@type\":\"EntryPoint\",\"urlTemplate\":\"https:\/\/noticiasemdestaque.com\/cd\/?s={search_term_string}\"},\"query-input\":{\"@type\":\"PropertyValueSpecification\",\"valueRequired\":true,\"valueName\":\"search_term_string\"}}],\"inLanguage\":\"pt-BR\"},{\"@type\":\"Organization\",\"@id\":\"https:\/\/noticiasemdestaque.com\/cd\/#organization\",\"name\":\"Not\u00edcias em Destaque\",\"url\":\"https:\/\/noticiasemdestaque.com\/cd\/\",\"logo\":{\"@type\":\"ImageObject\",\"inLanguage\":\"pt-BR\",\"@id\":\"https:\/\/noticiasemdestaque.com\/cd\/#\/schema\/logo\/image\/\",\"url\":\"https:\/\/noticiasemdestaque.com\/cd\/wp-content\/uploads\/2022\/05\/imagem-base-noticiasemdestaque.png\",\"contentUrl\":\"https:\/\/noticiasemdestaque.com\/cd\/wp-content\/uploads\/2022\/05\/imagem-base-noticiasemdestaque.png\",\"width\":1200,\"height\":630,\"caption\":\"Not\u00edcias em Destaque\"},\"image\":{\"@id\":\"https:\/\/noticiasemdestaque.com\/cd\/#\/schema\/logo\/image\/\"}},{\"@type\":\"Person\",\"@id\":\"https:\/\/noticiasemdestaque.com\/cd\/#\/schema\/person\/21320b03a7e8bb90128938dafc9b908a\",\"name\":\"Not\u00edcias em Destaque\",\"url\":\"https:\/\/noticiasemdestaque.com\/cd\/?author=2\"}]}<\/script>\n<!-- \/ Yoast SEO plugin. -->","yoast_head_json":{"title":"Caixa dar\u00e1 mais 180 dias de pausa para contratos habitacionais - Not&iacute;cias em Destaque","robots":{"index":"index","follow":"follow","max-snippet":"max-snippet:-1","max-image-preview":"max-image-preview:large","max-video-preview":"max-video-preview:-1"},"canonical":"https:\/\/noticiasemdestaque.com\/cd\/?p=26034","og_locale":"pt_BR","og_type":"article","og_title":"Caixa dar\u00e1 mais 180 dias de pausa para contratos habitacionais - Not&iacute;cias em Destaque","og_description":"A Caixa Econ\u00f4mica Federal informou que est\u00e1 disponibilizando a partir desta quarta-feira (22) a possibilidade de amplia\u00e7\u00e3o da pausa nas presta\u00e7\u00f5es dos cr\u00e9ditos habitacionais para um per\u00edodo de at\u00e9 180 dias. A medida vai beneficiar os contratos realizados por meio do programa &#8216;Minha Casa Minha Vida&#8217; (Faixas 1,5, 2 e 3) e do SBPE (Sistema Brasileiro de Poupan\u00e7a e Empr\u00e9stimos). At\u00e9 o momento, mais de 2,4 milh\u00f5es de mutu\u00e1rios j\u00e1 solicitaram a pausa na presta\u00e7\u00e3o habitacional. Segundo o banco p\u00fablico, os clientes pessoas f\u00edsica e jur\u00eddica que j\u00e1 tiveram a pausa tempor\u00e1ria de 120 dias conclu\u00edda poder\u00e3o prorrogar o prazo por mais 60 dias. E quem ainda n\u00e3o optou por essa alternativa tamb\u00e9m poder\u00e1 solicitar a pausa de 180 dias. Em nota, a Caixa explica que para as empresas, a op\u00e7\u00e3o de pausa \u00e9 v\u00e1lida para os financiamentos \u00e0 produ\u00e7\u00e3o de empreendimentos e para os financiamentos de aquisi\u00e7\u00e3o e constru\u00e7\u00e3o de im\u00f3veis comerciais (modalidade individual). &#8220;As op\u00e7\u00f5es de pagamento parcial dos encargos ou car\u00eancia tamb\u00e9m ser\u00e3o estendidas para at\u00e9 180 dias, por\u00e9m n\u00e3o poder\u00e3o ser utilizadas em conjunto com a pausa&#8221;, diz o banco. Conforme a Caixa, a medida faz parte das a\u00e7\u00f5es do banco para oferecer aos clientes alternativas para enfrentar os efeitos causados \u00e0 economia pela\u00a0covid-19. &#8220;Estender a pausa \u00e9 mais uma medida importante do banco no suporte ao planejamento das fam\u00edlias brasileiras nesse per\u00edodo de pandemia e \u00e0 retomada da economia&#8221;, diz o presidente do banco, Pedro Guimar\u00e3es. A Caixa j\u00e1 registrou mais de 2,1 milh\u00f5es de solicita\u00e7\u00f5es pelo aplicativo Habita\u00e7\u00e3o Caixa, al\u00e9m de cerca de 170 mil atendimentos pelo telesservi\u00e7o. Durante o per\u00edodo de pausa, o contrato n\u00e3o est\u00e1 isento da incid\u00eancia de juros remunerat\u00f3rios, seguros e taxas, informa. Os valores dos encargos pausados s\u00e3o acrescidos ao saldo devedor do contrato e dilu\u00eddos no prazo remanescente. A taxa de juros e o prazo contratados inicialmente n\u00e3o sofrem altera\u00e7\u00e3o. Not\u00edcias em Destaque Com R7","og_url":"https:\/\/noticiasemdestaque.com\/cd\/?p=26034","og_site_name":"Not&iacute;cias em Destaque","article_published_time":"2020-07-23T10:27:09+00:00","og_image":[{"width":460,"height":305,"url":"https:\/\/noticiasemdestaque.com\/cd\/wp-content\/uploads\/2020\/07\/caixa-predio-auxilio-18052020143203179.jpeg","type":"image\/jpeg"}],"author":"Not\u00edcias em Destaque","twitter_card":"summary_large_image","twitter_misc":{"Escrito por":"Not\u00edcias em Destaque","Est. tempo de leitura":"2 minutos"},"schema":{"@context":"https:\/\/schema.org","@graph":[{"@type":"Article","@id":"https:\/\/noticiasemdestaque.com\/cd\/?p=26034#article","isPartOf":{"@id":"https:\/\/noticiasemdestaque.com\/cd\/?p=26034"},"author":{"name":"Not\u00edcias em Destaque","@id":"https:\/\/noticiasemdestaque.com\/cd\/#\/schema\/person\/21320b03a7e8bb90128938dafc9b908a"},"headline":"Caixa dar\u00e1 mais 180 dias de pausa para contratos habitacionais","datePublished":"2020-07-23T10:27:09+00:00","mainEntityOfPage":{"@id":"https:\/\/noticiasemdestaque.com\/cd\/?p=26034"},"wordCount":359,"publisher":{"@id":"https:\/\/noticiasemdestaque.com\/cd\/#organization"},"image":{"@id":"https:\/\/noticiasemdestaque.com\/cd\/?p=26034#primaryimage"},"thumbnailUrl":"https:\/\/noticiasemdestaque.com\/cd\/wp-content\/uploads\/2020\/07\/caixa-predio-auxilio-18052020143203179.jpeg","articleSection":["Geral"],"inLanguage":"pt-BR"},{"@type":"WebPage","@id":"https:\/\/noticiasemdestaque.com\/cd\/?p=26034","url":"https:\/\/noticiasemdestaque.com\/cd\/?p=26034","name":"Caixa dar\u00e1 mais 180 dias de pausa para contratos habitacionais - Not&iacute;cias em Destaque","isPartOf":{"@id":"https:\/\/noticiasemdestaque.com\/cd\/#website"},"primaryImageOfPage":{"@id":"https:\/\/noticiasemdestaque.com\/cd\/?p=26034#primaryimage"},"image":{"@id":"https:\/\/noticiasemdestaque.com\/cd\/?p=26034#primaryimage"},"thumbnailUrl":"https:\/\/noticiasemdestaque.com\/cd\/wp-content\/uploads\/2020\/07\/caixa-predio-auxilio-18052020143203179.jpeg","datePublished":"2020-07-23T10:27:09+00:00","breadcrumb":{"@id":"https:\/\/noticiasemdestaque.com\/cd\/?p=26034#breadcrumb"},"inLanguage":"pt-BR","potentialAction":[{"@type":"ReadAction","target":["https:\/\/noticiasemdestaque.com\/cd\/?p=26034"]}]},{"@type":"ImageObject","inLanguage":"pt-BR","@id":"https:\/\/noticiasemdestaque.com\/cd\/?p=26034#primaryimage","url":"https:\/\/noticiasemdestaque.com\/cd\/wp-content\/uploads\/2020\/07\/caixa-predio-auxilio-18052020143203179.jpeg","contentUrl":"https:\/\/noticiasemdestaque.com\/cd\/wp-content\/uploads\/2020\/07\/caixa-predio-auxilio-18052020143203179.jpeg","width":460,"height":305},{"@type":"BreadcrumbList","@id":"https:\/\/noticiasemdestaque.com\/cd\/?p=26034#breadcrumb","itemListElement":[{"@type":"ListItem","position":1,"name":"In\u00edcio","item":"https:\/\/noticiasemdestaque.com\/cd\/"},{"@type":"ListItem","position":2,"name":"Caixa dar\u00e1 mais 180 dias de pausa para contratos habitacionais"}]},{"@type":"WebSite","@id":"https:\/\/noticiasemdestaque.com\/cd\/#website","url":"https:\/\/noticiasemdestaque.com\/cd\/","name":"Not&iacute;cias em Destaque","description":"","publisher":{"@id":"https:\/\/noticiasemdestaque.com\/cd\/#organization"},"potentialAction":[{"@type":"SearchAction","target":{"@type":"EntryPoint","urlTemplate":"https:\/\/noticiasemdestaque.com\/cd\/?s={search_term_string}"},"query-input":{"@type":"PropertyValueSpecification","valueRequired":true,"valueName":"search_term_string"}}],"inLanguage":"pt-BR"},{"@type":"Organization","@id":"https:\/\/noticiasemdestaque.com\/cd\/#organization","name":"Not\u00edcias em Destaque","url":"https:\/\/noticiasemdestaque.com\/cd\/","logo":{"@type":"ImageObject","inLanguage":"pt-BR","@id":"https:\/\/noticiasemdestaque.com\/cd\/#\/schema\/logo\/image\/","url":"https:\/\/noticiasemdestaque.com\/cd\/wp-content\/uploads\/2022\/05\/imagem-base-noticiasemdestaque.png","contentUrl":"https:\/\/noticiasemdestaque.com\/cd\/wp-content\/uploads\/2022\/05\/imagem-base-noticiasemdestaque.png","width":1200,"height":630,"caption":"Not\u00edcias em Destaque"},"image":{"@id":"https:\/\/noticiasemdestaque.com\/cd\/#\/schema\/logo\/image\/"}},{"@type":"Person","@id":"https:\/\/noticiasemdestaque.com\/cd\/#\/schema\/person\/21320b03a7e8bb90128938dafc9b908a","name":"Not\u00edcias em Destaque","url":"https:\/\/noticiasemdestaque.com\/cd\/?author=2"}]}},"jetpack_featured_media_url":"https:\/\/noticiasemdestaque.com\/cd\/wp-content\/uploads\/2020\/07\/caixa-predio-auxilio-18052020143203179.jpeg","jetpack_sharing_enabled":true,"_links":{"self":[{"href":"https:\/\/noticiasemdestaque.com\/cd\/index.php?rest_route=\/wp\/v2\/posts\/26034","targetHints":{"allow":["GET"]}}],"collection":[{"href":"https:\/\/noticiasemdestaque.com\/cd\/index.php?rest_route=\/wp\/v2\/posts"}],"about":[{"href":"https:\/\/noticiasemdestaque.com\/cd\/index.php?rest_route=\/wp\/v2\/types\/post"}],"author":[{"embeddable":true,"href":"https:\/\/noticiasemdestaque.com\/cd\/index.php?rest_route=\/wp\/v2\/users\/2"}],"replies":[{"embeddable":true,"href":"https:\/\/noticiasemdestaque.com\/cd\/index.php?rest_route=%2Fwp%2Fv2%2Fcomments&post=26034"}],"version-history":[{"count":1,"href":"https:\/\/noticiasemdestaque.com\/cd\/index.php?rest_route=\/wp\/v2\/posts\/26034\/revisions"}],"predecessor-version":[{"id":26036,"href":"https:\/\/noticiasemdestaque.com\/cd\/index.php?rest_route=\/wp\/v2\/posts\/26034\/revisions\/26036"}],"wp:featuredmedia":[{"embeddable":true,"href":"https:\/\/noticiasemdestaque.com\/cd\/index.php?rest_route=\/wp\/v2\/media\/26035"}],"wp:attachment":[{"href":"https:\/\/noticiasemdestaque.com\/cd\/index.php?rest_route=%2Fwp%2Fv2%2Fmedia&parent=26034"}],"wp:term":[{"taxonomy":"category","embeddable":true,"href":"https:\/\/noticiasemdestaque.com\/cd\/index.php?rest_route=%2Fwp%2Fv2%2Fcategories&post=26034"},{"taxonomy":"post_tag","embeddable":true,"href":"https:\/\/noticiasemdestaque.com\/cd\/index.php?rest_route=%2Fwp%2Fv2%2Ftags&post=26034"}],"curies":[{"name":"wp","href":"https:\/\/api.w.org\/{rel}","templated":true}]}}