{"id":26025,"date":"2020-07-22T20:39:16","date_gmt":"2020-07-22T23:39:16","guid":{"rendered":"http:\/\/noticiasemdestaque.com\/cd\/?p=26025"},"modified":"2020-07-22T20:39:16","modified_gmt":"2020-07-22T23:39:16","slug":"sume-registra-11-novos-casos-do-coronavirus-2","status":"publish","type":"post","link":"https:\/\/noticiasemdestaque.com\/cd\/?p=26025","title":{"rendered":"Sum\u00e9 registra 11 novos casos do coronav\u00edrus"},"content":{"rendered":"<p><a href=\"https:\/\/noticiasemdestaque.com\/cd\/wp-content\/uploads\/2020\/07\/22-sm.jpg\"><img fetchpriority=\"high\" decoding=\"async\" class=\"wp-image-26026 aligncenter\" src=\"https:\/\/noticiasemdestaque.com\/cd\/wp-content\/uploads\/2020\/07\/22-sm.jpg\" alt=\"\" width=\"505\" height=\"506\" srcset=\"https:\/\/noticiasemdestaque.com\/cd\/wp-content\/uploads\/2020\/07\/22-sm.jpg 959w, https:\/\/noticiasemdestaque.com\/cd\/wp-content\/uploads\/2020\/07\/22-sm-150x150.jpg 150w, https:\/\/noticiasemdestaque.com\/cd\/wp-content\/uploads\/2020\/07\/22-sm-300x300.jpg 300w, https:\/\/noticiasemdestaque.com\/cd\/wp-content\/uploads\/2020\/07\/22-sm-768x769.jpg 768w\" sizes=\"(max-width: 505px) 100vw, 505px\" \/><\/a><\/p>\n<p>A Secretaria de Sa\u00fade de Sum\u00e9 confirma 11 novos casos de Covid-19, no munic\u00edpio nesta quarta-feira, 22 de julho.<br \/>\nTratam-se dos seguintes pacientes:<\/p>\n<div class=\"text_exposed_show\">\n<p>\uf0d8 Homem de 30 anos, ESF II, V\u00e1rzea Redonda sem comorbidades;<br \/>\n\uf0d8 Mulher 70 anos, ESFIII, S\u00edtio Pinh\u00f5es Com Comorbidades;<br \/>\n\uf0d8 Homem de 43 e 84 anos, ESF III, S\u00edtio Pinh\u00f5es ambos com comorbidades;<br \/>\n\uf0d8 Homem de 24 anos, ESF III, Conjunto Habitacional, sem comorbidades;<br \/>\n\uf0d8 Homem de 53 anos, ESF III, Conjunto Habitacional, com comorbidades;<br \/>\n\uf0d8 Mulher de 46 anos, ESF III, Conjunto habitacional, sem comorbidades;<br \/>\n\uf0d8 Mulher de 44 anos, ESF III, Pedro Ferreira, sem comorbidades;<br \/>\n\uf0d8 Mulher de 44 anos, ESF IV, Renascer com comorbidades;<br \/>\n\uf0d8 Homem de 63 anos, ESF IV, Centro, com comorbidades;<br \/>\n\uf0d8 Homem de 69 anos, ESF IV, Renascer, com Comorbidades.<\/p>\n<p>Hoje tamb\u00e9m foram recuperados 03 casos.<\/p>\n<p>Assim, o munic\u00edpio de Sum\u00e9 tem 161 casos positivos, 90 recuperados, 69 ativos e 02 \u00f3bitos.<\/p>\n<p>&nbsp;<\/p>\n<\/div>\n","protected":false},"excerpt":{"rendered":"<p>A Secretaria de Sa\u00fade de Sum\u00e9 confirma 11 novos casos de Covid-19, no munic\u00edpio nesta quarta-feira, 22 de julho. Tratam-se dos seguintes pacientes: \uf0d8 Homem de 30 anos, ESF II, V\u00e1rzea Redonda sem comorbidades; \uf0d8 Mulher 70 anos, ESFIII, S\u00edtio Pinh\u00f5es Com Comorbidades; \uf0d8 Homem de 43 e 84 anos, ESF III, S\u00edtio Pinh\u00f5es ambos com comorbidades; \uf0d8 Homem de 24 anos, ESF III, Conjunto Habitacional, sem comorbidades; \uf0d8 Homem de 53 anos, ESF III, Conjunto Habitacional, com comorbidades; \uf0d8 Mulher de 46 anos, ESF III, Conjunto habitacional, sem comorbidades; \uf0d8 Mulher de 44 anos, ESF III, Pedro Ferreira, sem comorbidades; \uf0d8 Mulher de 44 anos, ESF IV, Renascer com comorbidades; \uf0d8 Homem de 63 anos, ESF IV, Centro, com comorbidades; \uf0d8 Homem de 69 anos, ESF IV, Renascer, com Comorbidades. Hoje tamb\u00e9m foram recuperados 03 casos. Assim, o munic\u00edpio de Sum\u00e9 tem 161 casos positivos, 90 recuperados, 69 ativos e 02 \u00f3bitos. &nbsp;<\/p>\n","protected":false},"author":2,"featured_media":26026,"comment_status":"closed","ping_status":"open","sticky":false,"template":"","format":"standard","meta":{"_eb_attr":"","_jetpack_memberships_contains_paid_content":false,"footnotes":""},"categories":[3],"tags":[],"class_list":["post-26025","post","type-post","status-publish","format-standard","has-post-thumbnail","hentry","category-cidades"],"yoast_head":"<!-- This site is optimized with the Yoast SEO plugin v26.5 - https:\/\/yoast.com\/wordpress\/plugins\/seo\/ -->\n<title>Sum\u00e9 registra 11 novos casos do coronav\u00edrus - Not&iacute;cias em Destaque<\/title>\n<meta name=\"robots\" content=\"index, follow, max-snippet:-1, max-image-preview:large, max-video-preview:-1\" \/>\n<link rel=\"canonical\" href=\"https:\/\/noticiasemdestaque.com\/cd\/?p=26025\" \/>\n<meta property=\"og:locale\" content=\"pt_BR\" \/>\n<meta property=\"og:type\" content=\"article\" \/>\n<meta property=\"og:title\" content=\"Sum\u00e9 registra 11 novos casos do coronav\u00edrus - Not&iacute;cias em Destaque\" \/>\n<meta property=\"og:description\" content=\"A Secretaria de Sa\u00fade de Sum\u00e9 confirma 11 novos casos de Covid-19, no munic\u00edpio nesta quarta-feira, 22 de julho. Tratam-se dos seguintes pacientes: \uf0d8 Homem de 30 anos, ESF II, V\u00e1rzea Redonda sem comorbidades; \uf0d8 Mulher 70 anos, ESFIII, S\u00edtio Pinh\u00f5es Com Comorbidades; \uf0d8 Homem de 43 e 84 anos, ESF III, S\u00edtio Pinh\u00f5es ambos com comorbidades; \uf0d8 Homem de 24 anos, ESF III, Conjunto Habitacional, sem comorbidades; \uf0d8 Homem de 53 anos, ESF III, Conjunto Habitacional, com comorbidades; \uf0d8 Mulher de 46 anos, ESF III, Conjunto habitacional, sem comorbidades; \uf0d8 Mulher de 44 anos, ESF III, Pedro Ferreira, sem comorbidades; \uf0d8 Mulher de 44 anos, ESF IV, Renascer com comorbidades; \uf0d8 Homem de 63 anos, ESF IV, Centro, com comorbidades; \uf0d8 Homem de 69 anos, ESF IV, Renascer, com Comorbidades. Hoje tamb\u00e9m foram recuperados 03 casos. Assim, o munic\u00edpio de Sum\u00e9 tem 161 casos positivos, 90 recuperados, 69 ativos e 02 \u00f3bitos. &nbsp;\" \/>\n<meta property=\"og:url\" content=\"https:\/\/noticiasemdestaque.com\/cd\/?p=26025\" \/>\n<meta property=\"og:site_name\" content=\"Not&iacute;cias em Destaque\" \/>\n<meta property=\"article:published_time\" content=\"2020-07-22T23:39:16+00:00\" \/>\n<meta property=\"og:image\" content=\"https:\/\/noticiasemdestaque.com\/cd\/wp-content\/uploads\/2020\/07\/22-sm.jpg\" \/>\n\t<meta property=\"og:image:width\" content=\"959\" \/>\n\t<meta property=\"og:image:height\" content=\"960\" \/>\n\t<meta property=\"og:image:type\" content=\"image\/jpeg\" \/>\n<meta name=\"author\" content=\"Not\u00edcias em Destaque\" \/>\n<meta name=\"twitter:card\" content=\"summary_large_image\" \/>\n<meta name=\"twitter:label1\" content=\"Escrito por\" \/>\n\t<meta name=\"twitter:data1\" content=\"Not\u00edcias em Destaque\" \/>\n\t<meta name=\"twitter:label2\" content=\"Est. tempo de leitura\" \/>\n\t<meta name=\"twitter:data2\" content=\"1 minuto\" \/>\n<script type=\"application\/ld+json\" class=\"yoast-schema-graph\">{\"@context\":\"https:\/\/schema.org\",\"@graph\":[{\"@type\":\"Article\",\"@id\":\"https:\/\/noticiasemdestaque.com\/cd\/?p=26025#article\",\"isPartOf\":{\"@id\":\"https:\/\/noticiasemdestaque.com\/cd\/?p=26025\"},\"author\":{\"name\":\"Not\u00edcias em Destaque\",\"@id\":\"https:\/\/noticiasemdestaque.com\/cd\/#\/schema\/person\/21320b03a7e8bb90128938dafc9b908a\"},\"headline\":\"Sum\u00e9 registra 11 novos casos do coronav\u00edrus\",\"datePublished\":\"2020-07-22T23:39:16+00:00\",\"mainEntityOfPage\":{\"@id\":\"https:\/\/noticiasemdestaque.com\/cd\/?p=26025\"},\"wordCount\":142,\"publisher\":{\"@id\":\"https:\/\/noticiasemdestaque.com\/cd\/#organization\"},\"image\":{\"@id\":\"https:\/\/noticiasemdestaque.com\/cd\/?p=26025#primaryimage\"},\"thumbnailUrl\":\"https:\/\/noticiasemdestaque.com\/cd\/wp-content\/uploads\/2020\/07\/22-sm.jpg\",\"articleSection\":[\"Cidades\"],\"inLanguage\":\"pt-BR\"},{\"@type\":\"WebPage\",\"@id\":\"https:\/\/noticiasemdestaque.com\/cd\/?p=26025\",\"url\":\"https:\/\/noticiasemdestaque.com\/cd\/?p=26025\",\"name\":\"Sum\u00e9 registra 11 novos casos do coronav\u00edrus - Not&iacute;cias em Destaque\",\"isPartOf\":{\"@id\":\"https:\/\/noticiasemdestaque.com\/cd\/#website\"},\"primaryImageOfPage\":{\"@id\":\"https:\/\/noticiasemdestaque.com\/cd\/?p=26025#primaryimage\"},\"image\":{\"@id\":\"https:\/\/noticiasemdestaque.com\/cd\/?p=26025#primaryimage\"},\"thumbnailUrl\":\"https:\/\/noticiasemdestaque.com\/cd\/wp-content\/uploads\/2020\/07\/22-sm.jpg\",\"datePublished\":\"2020-07-22T23:39:16+00:00\",\"breadcrumb\":{\"@id\":\"https:\/\/noticiasemdestaque.com\/cd\/?p=26025#breadcrumb\"},\"inLanguage\":\"pt-BR\",\"potentialAction\":[{\"@type\":\"ReadAction\",\"target\":[\"https:\/\/noticiasemdestaque.com\/cd\/?p=26025\"]}]},{\"@type\":\"ImageObject\",\"inLanguage\":\"pt-BR\",\"@id\":\"https:\/\/noticiasemdestaque.com\/cd\/?p=26025#primaryimage\",\"url\":\"https:\/\/noticiasemdestaque.com\/cd\/wp-content\/uploads\/2020\/07\/22-sm.jpg\",\"contentUrl\":\"https:\/\/noticiasemdestaque.com\/cd\/wp-content\/uploads\/2020\/07\/22-sm.jpg\",\"width\":959,\"height\":960},{\"@type\":\"BreadcrumbList\",\"@id\":\"https:\/\/noticiasemdestaque.com\/cd\/?p=26025#breadcrumb\",\"itemListElement\":[{\"@type\":\"ListItem\",\"position\":1,\"name\":\"In\u00edcio\",\"item\":\"https:\/\/noticiasemdestaque.com\/cd\/\"},{\"@type\":\"ListItem\",\"position\":2,\"name\":\"Sum\u00e9 registra 11 novos casos do coronav\u00edrus\"}]},{\"@type\":\"WebSite\",\"@id\":\"https:\/\/noticiasemdestaque.com\/cd\/#website\",\"url\":\"https:\/\/noticiasemdestaque.com\/cd\/\",\"name\":\"Not&iacute;cias em Destaque\",\"description\":\"\",\"publisher\":{\"@id\":\"https:\/\/noticiasemdestaque.com\/cd\/#organization\"},\"potentialAction\":[{\"@type\":\"SearchAction\",\"target\":{\"@type\":\"EntryPoint\",\"urlTemplate\":\"https:\/\/noticiasemdestaque.com\/cd\/?s={search_term_string}\"},\"query-input\":{\"@type\":\"PropertyValueSpecification\",\"valueRequired\":true,\"valueName\":\"search_term_string\"}}],\"inLanguage\":\"pt-BR\"},{\"@type\":\"Organization\",\"@id\":\"https:\/\/noticiasemdestaque.com\/cd\/#organization\",\"name\":\"Not\u00edcias em Destaque\",\"url\":\"https:\/\/noticiasemdestaque.com\/cd\/\",\"logo\":{\"@type\":\"ImageObject\",\"inLanguage\":\"pt-BR\",\"@id\":\"https:\/\/noticiasemdestaque.com\/cd\/#\/schema\/logo\/image\/\",\"url\":\"https:\/\/noticiasemdestaque.com\/cd\/wp-content\/uploads\/2022\/05\/imagem-base-noticiasemdestaque.png\",\"contentUrl\":\"https:\/\/noticiasemdestaque.com\/cd\/wp-content\/uploads\/2022\/05\/imagem-base-noticiasemdestaque.png\",\"width\":1200,\"height\":630,\"caption\":\"Not\u00edcias em Destaque\"},\"image\":{\"@id\":\"https:\/\/noticiasemdestaque.com\/cd\/#\/schema\/logo\/image\/\"}},{\"@type\":\"Person\",\"@id\":\"https:\/\/noticiasemdestaque.com\/cd\/#\/schema\/person\/21320b03a7e8bb90128938dafc9b908a\",\"name\":\"Not\u00edcias em Destaque\",\"url\":\"https:\/\/noticiasemdestaque.com\/cd\/?author=2\"}]}<\/script>\n<!-- \/ Yoast SEO plugin. -->","yoast_head_json":{"title":"Sum\u00e9 registra 11 novos casos do coronav\u00edrus - Not&iacute;cias em Destaque","robots":{"index":"index","follow":"follow","max-snippet":"max-snippet:-1","max-image-preview":"max-image-preview:large","max-video-preview":"max-video-preview:-1"},"canonical":"https:\/\/noticiasemdestaque.com\/cd\/?p=26025","og_locale":"pt_BR","og_type":"article","og_title":"Sum\u00e9 registra 11 novos casos do coronav\u00edrus - Not&iacute;cias em Destaque","og_description":"A Secretaria de Sa\u00fade de Sum\u00e9 confirma 11 novos casos de Covid-19, no munic\u00edpio nesta quarta-feira, 22 de julho. Tratam-se dos seguintes pacientes: \uf0d8 Homem de 30 anos, ESF II, V\u00e1rzea Redonda sem comorbidades; \uf0d8 Mulher 70 anos, ESFIII, S\u00edtio Pinh\u00f5es Com Comorbidades; \uf0d8 Homem de 43 e 84 anos, ESF III, S\u00edtio Pinh\u00f5es ambos com comorbidades; \uf0d8 Homem de 24 anos, ESF III, Conjunto Habitacional, sem comorbidades; \uf0d8 Homem de 53 anos, ESF III, Conjunto Habitacional, com comorbidades; \uf0d8 Mulher de 46 anos, ESF III, Conjunto habitacional, sem comorbidades; \uf0d8 Mulher de 44 anos, ESF III, Pedro Ferreira, sem comorbidades; \uf0d8 Mulher de 44 anos, ESF IV, Renascer com comorbidades; \uf0d8 Homem de 63 anos, ESF IV, Centro, com comorbidades; \uf0d8 Homem de 69 anos, ESF IV, Renascer, com Comorbidades. Hoje tamb\u00e9m foram recuperados 03 casos. Assim, o munic\u00edpio de Sum\u00e9 tem 161 casos positivos, 90 recuperados, 69 ativos e 02 \u00f3bitos. &nbsp;","og_url":"https:\/\/noticiasemdestaque.com\/cd\/?p=26025","og_site_name":"Not&iacute;cias em Destaque","article_published_time":"2020-07-22T23:39:16+00:00","og_image":[{"width":959,"height":960,"url":"https:\/\/noticiasemdestaque.com\/cd\/wp-content\/uploads\/2020\/07\/22-sm.jpg","type":"image\/jpeg"}],"author":"Not\u00edcias em Destaque","twitter_card":"summary_large_image","twitter_misc":{"Escrito por":"Not\u00edcias em Destaque","Est. tempo de leitura":"1 minuto"},"schema":{"@context":"https:\/\/schema.org","@graph":[{"@type":"Article","@id":"https:\/\/noticiasemdestaque.com\/cd\/?p=26025#article","isPartOf":{"@id":"https:\/\/noticiasemdestaque.com\/cd\/?p=26025"},"author":{"name":"Not\u00edcias em Destaque","@id":"https:\/\/noticiasemdestaque.com\/cd\/#\/schema\/person\/21320b03a7e8bb90128938dafc9b908a"},"headline":"Sum\u00e9 registra 11 novos casos do coronav\u00edrus","datePublished":"2020-07-22T23:39:16+00:00","mainEntityOfPage":{"@id":"https:\/\/noticiasemdestaque.com\/cd\/?p=26025"},"wordCount":142,"publisher":{"@id":"https:\/\/noticiasemdestaque.com\/cd\/#organization"},"image":{"@id":"https:\/\/noticiasemdestaque.com\/cd\/?p=26025#primaryimage"},"thumbnailUrl":"https:\/\/noticiasemdestaque.com\/cd\/wp-content\/uploads\/2020\/07\/22-sm.jpg","articleSection":["Cidades"],"inLanguage":"pt-BR"},{"@type":"WebPage","@id":"https:\/\/noticiasemdestaque.com\/cd\/?p=26025","url":"https:\/\/noticiasemdestaque.com\/cd\/?p=26025","name":"Sum\u00e9 registra 11 novos casos do coronav\u00edrus - Not&iacute;cias em Destaque","isPartOf":{"@id":"https:\/\/noticiasemdestaque.com\/cd\/#website"},"primaryImageOfPage":{"@id":"https:\/\/noticiasemdestaque.com\/cd\/?p=26025#primaryimage"},"image":{"@id":"https:\/\/noticiasemdestaque.com\/cd\/?p=26025#primaryimage"},"thumbnailUrl":"https:\/\/noticiasemdestaque.com\/cd\/wp-content\/uploads\/2020\/07\/22-sm.jpg","datePublished":"2020-07-22T23:39:16+00:00","breadcrumb":{"@id":"https:\/\/noticiasemdestaque.com\/cd\/?p=26025#breadcrumb"},"inLanguage":"pt-BR","potentialAction":[{"@type":"ReadAction","target":["https:\/\/noticiasemdestaque.com\/cd\/?p=26025"]}]},{"@type":"ImageObject","inLanguage":"pt-BR","@id":"https:\/\/noticiasemdestaque.com\/cd\/?p=26025#primaryimage","url":"https:\/\/noticiasemdestaque.com\/cd\/wp-content\/uploads\/2020\/07\/22-sm.jpg","contentUrl":"https:\/\/noticiasemdestaque.com\/cd\/wp-content\/uploads\/2020\/07\/22-sm.jpg","width":959,"height":960},{"@type":"BreadcrumbList","@id":"https:\/\/noticiasemdestaque.com\/cd\/?p=26025#breadcrumb","itemListElement":[{"@type":"ListItem","position":1,"name":"In\u00edcio","item":"https:\/\/noticiasemdestaque.com\/cd\/"},{"@type":"ListItem","position":2,"name":"Sum\u00e9 registra 11 novos casos do coronav\u00edrus"}]},{"@type":"WebSite","@id":"https:\/\/noticiasemdestaque.com\/cd\/#website","url":"https:\/\/noticiasemdestaque.com\/cd\/","name":"Not&iacute;cias em Destaque","description":"","publisher":{"@id":"https:\/\/noticiasemdestaque.com\/cd\/#organization"},"potentialAction":[{"@type":"SearchAction","target":{"@type":"EntryPoint","urlTemplate":"https:\/\/noticiasemdestaque.com\/cd\/?s={search_term_string}"},"query-input":{"@type":"PropertyValueSpecification","valueRequired":true,"valueName":"search_term_string"}}],"inLanguage":"pt-BR"},{"@type":"Organization","@id":"https:\/\/noticiasemdestaque.com\/cd\/#organization","name":"Not\u00edcias em Destaque","url":"https:\/\/noticiasemdestaque.com\/cd\/","logo":{"@type":"ImageObject","inLanguage":"pt-BR","@id":"https:\/\/noticiasemdestaque.com\/cd\/#\/schema\/logo\/image\/","url":"https:\/\/noticiasemdestaque.com\/cd\/wp-content\/uploads\/2022\/05\/imagem-base-noticiasemdestaque.png","contentUrl":"https:\/\/noticiasemdestaque.com\/cd\/wp-content\/uploads\/2022\/05\/imagem-base-noticiasemdestaque.png","width":1200,"height":630,"caption":"Not\u00edcias em Destaque"},"image":{"@id":"https:\/\/noticiasemdestaque.com\/cd\/#\/schema\/logo\/image\/"}},{"@type":"Person","@id":"https:\/\/noticiasemdestaque.com\/cd\/#\/schema\/person\/21320b03a7e8bb90128938dafc9b908a","name":"Not\u00edcias em Destaque","url":"https:\/\/noticiasemdestaque.com\/cd\/?author=2"}]}},"jetpack_featured_media_url":"https:\/\/noticiasemdestaque.com\/cd\/wp-content\/uploads\/2020\/07\/22-sm.jpg","jetpack_sharing_enabled":true,"_links":{"self":[{"href":"https:\/\/noticiasemdestaque.com\/cd\/index.php?rest_route=\/wp\/v2\/posts\/26025","targetHints":{"allow":["GET"]}}],"collection":[{"href":"https:\/\/noticiasemdestaque.com\/cd\/index.php?rest_route=\/wp\/v2\/posts"}],"about":[{"href":"https:\/\/noticiasemdestaque.com\/cd\/index.php?rest_route=\/wp\/v2\/types\/post"}],"author":[{"embeddable":true,"href":"https:\/\/noticiasemdestaque.com\/cd\/index.php?rest_route=\/wp\/v2\/users\/2"}],"replies":[{"embeddable":true,"href":"https:\/\/noticiasemdestaque.com\/cd\/index.php?rest_route=%2Fwp%2Fv2%2Fcomments&post=26025"}],"version-history":[{"count":1,"href":"https:\/\/noticiasemdestaque.com\/cd\/index.php?rest_route=\/wp\/v2\/posts\/26025\/revisions"}],"predecessor-version":[{"id":26027,"href":"https:\/\/noticiasemdestaque.com\/cd\/index.php?rest_route=\/wp\/v2\/posts\/26025\/revisions\/26027"}],"wp:featuredmedia":[{"embeddable":true,"href":"https:\/\/noticiasemdestaque.com\/cd\/index.php?rest_route=\/wp\/v2\/media\/26026"}],"wp:attachment":[{"href":"https:\/\/noticiasemdestaque.com\/cd\/index.php?rest_route=%2Fwp%2Fv2%2Fmedia&parent=26025"}],"wp:term":[{"taxonomy":"category","embeddable":true,"href":"https:\/\/noticiasemdestaque.com\/cd\/index.php?rest_route=%2Fwp%2Fv2%2Fcategories&post=26025"},{"taxonomy":"post_tag","embeddable":true,"href":"https:\/\/noticiasemdestaque.com\/cd\/index.php?rest_route=%2Fwp%2Fv2%2Ftags&post=26025"}],"curies":[{"name":"wp","href":"https:\/\/api.w.org\/{rel}","templated":true}]}}