{"id":26018,"date":"2020-07-22T10:06:46","date_gmt":"2020-07-22T13:06:46","guid":{"rendered":"http:\/\/noticiasemdestaque.com\/cd\/?p=26018"},"modified":"2020-07-22T10:06:46","modified_gmt":"2020-07-22T13:06:46","slug":"prefeito-inacio-nobrega-tem-contas-de-2018-aprovadas-por-unanimidade-pelo-tce","status":"publish","type":"post","link":"https:\/\/noticiasemdestaque.com\/cd\/?p=26018","title":{"rendered":"Prefeito In\u00e1cio N\u00f3brega tem contas de 2018 aprovadas por unanimidade pelo TCE"},"content":{"rendered":"<article id=\"post-180010\" class=\"post-180010 post type-post status-publish format-standard has-post-thumbnail hentry category-amparo category-destaque\">\n<div class=\"entry-content\">\n<p><a href=\"https:\/\/noticiasemdestaque.com\/cd\/wp-content\/uploads\/2020\/01\/83329160_1806094839524038_1062601546417569792_o.jpg\"><img fetchpriority=\"high\" decoding=\"async\" class=\"wp-image-22125 aligncenter\" src=\"https:\/\/noticiasemdestaque.com\/cd\/wp-content\/uploads\/2020\/01\/83329160_1806094839524038_1062601546417569792_o.jpg\" alt=\"\" width=\"431\" height=\"296\" srcset=\"https:\/\/noticiasemdestaque.com\/cd\/wp-content\/uploads\/2020\/01\/83329160_1806094839524038_1062601546417569792_o.jpg 811w, https:\/\/noticiasemdestaque.com\/cd\/wp-content\/uploads\/2020\/01\/83329160_1806094839524038_1062601546417569792_o-300x206.jpg 300w, https:\/\/noticiasemdestaque.com\/cd\/wp-content\/uploads\/2020\/01\/83329160_1806094839524038_1062601546417569792_o-768x527.jpg 768w\" sizes=\"(max-width: 431px) 100vw, 431px\" \/><\/a><\/p>\n<p>Nesta quarta-feira, dia 22\/07, o TCE-PB (Tribunal de Contas do Estado) aprovou por unanimidade as contas do prefeito de Amparo, In\u00e1cio N\u00f3brega, referentes ao exerc\u00edcio de 2018. A aprova\u00e7\u00e3o foi por unanimidade.<\/p>\n<p>\u201cA aprova\u00e7\u00e3o do TCE demonstra o trabalho s\u00e9rio de nossa gest\u00e3o, que desde o primeiro dia de nosso governo, preconizamos austeridade e efetividade no trato das contas p\u00fablicas. \u00c9 diferente do que costumava ocorrer em gest\u00f5es anteriores. Hoje, Amparo tem um prefeito que conta das pessoas com aten\u00e7\u00e3o e muito zelo com os recursos p\u00fablicos. Parab\u00e9ns a toda equipe de governo pelo excelente trabalho\u201d, comemorou o prefeito.<\/p>\n<\/div>\n<\/article>\n<nav class=\"navigation post-navigation\" role=\"navigation\" aria-label=\"Posts\">\n<h2 class=\"screen-reader-text\"><\/h2>\n<div class=\"nav-links\"><\/div>\n<\/nav>\n","protected":false},"excerpt":{"rendered":"<p>Nesta quarta-feira, dia 22\/07, o TCE-PB (Tribunal de Contas do Estado) aprovou por unanimidade as contas do prefeito de Amparo, In\u00e1cio N\u00f3brega, referentes ao exerc\u00edcio de 2018. A aprova\u00e7\u00e3o foi por unanimidade. \u201cA aprova\u00e7\u00e3o do TCE demonstra o trabalho s\u00e9rio de nossa gest\u00e3o, que desde o primeiro dia de nosso governo, preconizamos austeridade e efetividade no trato das contas p\u00fablicas. \u00c9 diferente do que costumava ocorrer em gest\u00f5es anteriores. Hoje, Amparo tem um prefeito que conta das pessoas com aten\u00e7\u00e3o e muito zelo com os recursos p\u00fablicos. Parab\u00e9ns a toda equipe de governo pelo excelente trabalho\u201d, comemorou o prefeito.<\/p>\n","protected":false},"author":2,"featured_media":22125,"comment_status":"closed","ping_status":"open","sticky":false,"template":"","format":"standard","meta":{"_eb_attr":"","_jetpack_memberships_contains_paid_content":false,"footnotes":""},"categories":[4],"tags":[],"class_list":["post-26018","post","type-post","status-publish","format-standard","has-post-thumbnail","hentry","category-politica"],"yoast_head":"<!-- This site is optimized with the Yoast SEO plugin v26.5 - https:\/\/yoast.com\/wordpress\/plugins\/seo\/ -->\n<title>Prefeito In\u00e1cio N\u00f3brega tem contas de 2018 aprovadas por unanimidade pelo TCE - Not&iacute;cias em Destaque<\/title>\n<meta name=\"robots\" content=\"index, follow, max-snippet:-1, max-image-preview:large, max-video-preview:-1\" \/>\n<link rel=\"canonical\" href=\"https:\/\/noticiasemdestaque.com\/cd\/?p=26018\" \/>\n<meta property=\"og:locale\" content=\"pt_BR\" \/>\n<meta property=\"og:type\" content=\"article\" \/>\n<meta property=\"og:title\" content=\"Prefeito In\u00e1cio N\u00f3brega tem contas de 2018 aprovadas por unanimidade pelo TCE - Not&iacute;cias em Destaque\" \/>\n<meta property=\"og:description\" content=\"Nesta quarta-feira, dia 22\/07, o TCE-PB (Tribunal de Contas do Estado) aprovou por unanimidade as contas do prefeito de Amparo, In\u00e1cio N\u00f3brega, referentes ao exerc\u00edcio de 2018. A aprova\u00e7\u00e3o foi por unanimidade. \u201cA aprova\u00e7\u00e3o do TCE demonstra o trabalho s\u00e9rio de nossa gest\u00e3o, que desde o primeiro dia de nosso governo, preconizamos austeridade e efetividade no trato das contas p\u00fablicas. \u00c9 diferente do que costumava ocorrer em gest\u00f5es anteriores. Hoje, Amparo tem um prefeito que conta das pessoas com aten\u00e7\u00e3o e muito zelo com os recursos p\u00fablicos. Parab\u00e9ns a toda equipe de governo pelo excelente trabalho\u201d, comemorou o prefeito.\" \/>\n<meta property=\"og:url\" content=\"https:\/\/noticiasemdestaque.com\/cd\/?p=26018\" \/>\n<meta property=\"og:site_name\" content=\"Not&iacute;cias em Destaque\" \/>\n<meta property=\"article:published_time\" content=\"2020-07-22T13:06:46+00:00\" \/>\n<meta property=\"og:image\" content=\"https:\/\/noticiasemdestaque.com\/cd\/wp-content\/uploads\/2020\/01\/83329160_1806094839524038_1062601546417569792_o.jpg\" \/>\n\t<meta property=\"og:image:width\" content=\"811\" \/>\n\t<meta property=\"og:image:height\" content=\"557\" \/>\n\t<meta property=\"og:image:type\" content=\"image\/jpeg\" \/>\n<meta name=\"author\" content=\"Not\u00edcias em Destaque\" \/>\n<meta name=\"twitter:card\" content=\"summary_large_image\" \/>\n<meta name=\"twitter:label1\" content=\"Escrito por\" \/>\n\t<meta name=\"twitter:data1\" content=\"Not\u00edcias em Destaque\" \/>\n\t<meta name=\"twitter:label2\" content=\"Est. tempo de leitura\" \/>\n\t<meta name=\"twitter:data2\" content=\"1 minuto\" \/>\n<script type=\"application\/ld+json\" class=\"yoast-schema-graph\">{\"@context\":\"https:\/\/schema.org\",\"@graph\":[{\"@type\":\"Article\",\"@id\":\"https:\/\/noticiasemdestaque.com\/cd\/?p=26018#article\",\"isPartOf\":{\"@id\":\"https:\/\/noticiasemdestaque.com\/cd\/?p=26018\"},\"author\":{\"name\":\"Not\u00edcias em Destaque\",\"@id\":\"https:\/\/noticiasemdestaque.com\/cd\/#\/schema\/person\/21320b03a7e8bb90128938dafc9b908a\"},\"headline\":\"Prefeito In\u00e1cio N\u00f3brega tem contas de 2018 aprovadas por unanimidade pelo TCE\",\"datePublished\":\"2020-07-22T13:06:46+00:00\",\"mainEntityOfPage\":{\"@id\":\"https:\/\/noticiasemdestaque.com\/cd\/?p=26018\"},\"wordCount\":121,\"publisher\":{\"@id\":\"https:\/\/noticiasemdestaque.com\/cd\/#organization\"},\"image\":{\"@id\":\"https:\/\/noticiasemdestaque.com\/cd\/?p=26018#primaryimage\"},\"thumbnailUrl\":\"https:\/\/noticiasemdestaque.com\/cd\/wp-content\/uploads\/2020\/01\/83329160_1806094839524038_1062601546417569792_o.jpg\",\"articleSection\":[\"Pol\u00edtica\"],\"inLanguage\":\"pt-BR\"},{\"@type\":\"WebPage\",\"@id\":\"https:\/\/noticiasemdestaque.com\/cd\/?p=26018\",\"url\":\"https:\/\/noticiasemdestaque.com\/cd\/?p=26018\",\"name\":\"Prefeito In\u00e1cio N\u00f3brega tem contas de 2018 aprovadas por unanimidade pelo TCE - Not&iacute;cias em Destaque\",\"isPartOf\":{\"@id\":\"https:\/\/noticiasemdestaque.com\/cd\/#website\"},\"primaryImageOfPage\":{\"@id\":\"https:\/\/noticiasemdestaque.com\/cd\/?p=26018#primaryimage\"},\"image\":{\"@id\":\"https:\/\/noticiasemdestaque.com\/cd\/?p=26018#primaryimage\"},\"thumbnailUrl\":\"https:\/\/noticiasemdestaque.com\/cd\/wp-content\/uploads\/2020\/01\/83329160_1806094839524038_1062601546417569792_o.jpg\",\"datePublished\":\"2020-07-22T13:06:46+00:00\",\"breadcrumb\":{\"@id\":\"https:\/\/noticiasemdestaque.com\/cd\/?p=26018#breadcrumb\"},\"inLanguage\":\"pt-BR\",\"potentialAction\":[{\"@type\":\"ReadAction\",\"target\":[\"https:\/\/noticiasemdestaque.com\/cd\/?p=26018\"]}]},{\"@type\":\"ImageObject\",\"inLanguage\":\"pt-BR\",\"@id\":\"https:\/\/noticiasemdestaque.com\/cd\/?p=26018#primaryimage\",\"url\":\"https:\/\/noticiasemdestaque.com\/cd\/wp-content\/uploads\/2020\/01\/83329160_1806094839524038_1062601546417569792_o.jpg\",\"contentUrl\":\"https:\/\/noticiasemdestaque.com\/cd\/wp-content\/uploads\/2020\/01\/83329160_1806094839524038_1062601546417569792_o.jpg\",\"width\":811,\"height\":557},{\"@type\":\"BreadcrumbList\",\"@id\":\"https:\/\/noticiasemdestaque.com\/cd\/?p=26018#breadcrumb\",\"itemListElement\":[{\"@type\":\"ListItem\",\"position\":1,\"name\":\"In\u00edcio\",\"item\":\"https:\/\/noticiasemdestaque.com\/cd\/\"},{\"@type\":\"ListItem\",\"position\":2,\"name\":\"Prefeito In\u00e1cio N\u00f3brega tem contas de 2018 aprovadas por unanimidade pelo TCE\"}]},{\"@type\":\"WebSite\",\"@id\":\"https:\/\/noticiasemdestaque.com\/cd\/#website\",\"url\":\"https:\/\/noticiasemdestaque.com\/cd\/\",\"name\":\"Not&iacute;cias em Destaque\",\"description\":\"\",\"publisher\":{\"@id\":\"https:\/\/noticiasemdestaque.com\/cd\/#organization\"},\"potentialAction\":[{\"@type\":\"SearchAction\",\"target\":{\"@type\":\"EntryPoint\",\"urlTemplate\":\"https:\/\/noticiasemdestaque.com\/cd\/?s={search_term_string}\"},\"query-input\":{\"@type\":\"PropertyValueSpecification\",\"valueRequired\":true,\"valueName\":\"search_term_string\"}}],\"inLanguage\":\"pt-BR\"},{\"@type\":\"Organization\",\"@id\":\"https:\/\/noticiasemdestaque.com\/cd\/#organization\",\"name\":\"Not\u00edcias em Destaque\",\"url\":\"https:\/\/noticiasemdestaque.com\/cd\/\",\"logo\":{\"@type\":\"ImageObject\",\"inLanguage\":\"pt-BR\",\"@id\":\"https:\/\/noticiasemdestaque.com\/cd\/#\/schema\/logo\/image\/\",\"url\":\"https:\/\/noticiasemdestaque.com\/cd\/wp-content\/uploads\/2022\/05\/imagem-base-noticiasemdestaque.png\",\"contentUrl\":\"https:\/\/noticiasemdestaque.com\/cd\/wp-content\/uploads\/2022\/05\/imagem-base-noticiasemdestaque.png\",\"width\":1200,\"height\":630,\"caption\":\"Not\u00edcias em Destaque\"},\"image\":{\"@id\":\"https:\/\/noticiasemdestaque.com\/cd\/#\/schema\/logo\/image\/\"}},{\"@type\":\"Person\",\"@id\":\"https:\/\/noticiasemdestaque.com\/cd\/#\/schema\/person\/21320b03a7e8bb90128938dafc9b908a\",\"name\":\"Not\u00edcias em Destaque\",\"url\":\"https:\/\/noticiasemdestaque.com\/cd\/?author=2\"}]}<\/script>\n<!-- \/ Yoast SEO plugin. -->","yoast_head_json":{"title":"Prefeito In\u00e1cio N\u00f3brega tem contas de 2018 aprovadas por unanimidade pelo TCE - Not&iacute;cias em Destaque","robots":{"index":"index","follow":"follow","max-snippet":"max-snippet:-1","max-image-preview":"max-image-preview:large","max-video-preview":"max-video-preview:-1"},"canonical":"https:\/\/noticiasemdestaque.com\/cd\/?p=26018","og_locale":"pt_BR","og_type":"article","og_title":"Prefeito In\u00e1cio N\u00f3brega tem contas de 2018 aprovadas por unanimidade pelo TCE - Not&iacute;cias em Destaque","og_description":"Nesta quarta-feira, dia 22\/07, o TCE-PB (Tribunal de Contas do Estado) aprovou por unanimidade as contas do prefeito de Amparo, In\u00e1cio N\u00f3brega, referentes ao exerc\u00edcio de 2018. A aprova\u00e7\u00e3o foi por unanimidade. \u201cA aprova\u00e7\u00e3o do TCE demonstra o trabalho s\u00e9rio de nossa gest\u00e3o, que desde o primeiro dia de nosso governo, preconizamos austeridade e efetividade no trato das contas p\u00fablicas. \u00c9 diferente do que costumava ocorrer em gest\u00f5es anteriores. Hoje, Amparo tem um prefeito que conta das pessoas com aten\u00e7\u00e3o e muito zelo com os recursos p\u00fablicos. Parab\u00e9ns a toda equipe de governo pelo excelente trabalho\u201d, comemorou o prefeito.","og_url":"https:\/\/noticiasemdestaque.com\/cd\/?p=26018","og_site_name":"Not&iacute;cias em Destaque","article_published_time":"2020-07-22T13:06:46+00:00","og_image":[{"width":811,"height":557,"url":"https:\/\/noticiasemdestaque.com\/cd\/wp-content\/uploads\/2020\/01\/83329160_1806094839524038_1062601546417569792_o.jpg","type":"image\/jpeg"}],"author":"Not\u00edcias em Destaque","twitter_card":"summary_large_image","twitter_misc":{"Escrito por":"Not\u00edcias em Destaque","Est. tempo de leitura":"1 minuto"},"schema":{"@context":"https:\/\/schema.org","@graph":[{"@type":"Article","@id":"https:\/\/noticiasemdestaque.com\/cd\/?p=26018#article","isPartOf":{"@id":"https:\/\/noticiasemdestaque.com\/cd\/?p=26018"},"author":{"name":"Not\u00edcias em Destaque","@id":"https:\/\/noticiasemdestaque.com\/cd\/#\/schema\/person\/21320b03a7e8bb90128938dafc9b908a"},"headline":"Prefeito In\u00e1cio N\u00f3brega tem contas de 2018 aprovadas por unanimidade pelo TCE","datePublished":"2020-07-22T13:06:46+00:00","mainEntityOfPage":{"@id":"https:\/\/noticiasemdestaque.com\/cd\/?p=26018"},"wordCount":121,"publisher":{"@id":"https:\/\/noticiasemdestaque.com\/cd\/#organization"},"image":{"@id":"https:\/\/noticiasemdestaque.com\/cd\/?p=26018#primaryimage"},"thumbnailUrl":"https:\/\/noticiasemdestaque.com\/cd\/wp-content\/uploads\/2020\/01\/83329160_1806094839524038_1062601546417569792_o.jpg","articleSection":["Pol\u00edtica"],"inLanguage":"pt-BR"},{"@type":"WebPage","@id":"https:\/\/noticiasemdestaque.com\/cd\/?p=26018","url":"https:\/\/noticiasemdestaque.com\/cd\/?p=26018","name":"Prefeito In\u00e1cio N\u00f3brega tem contas de 2018 aprovadas por unanimidade pelo TCE - Not&iacute;cias em Destaque","isPartOf":{"@id":"https:\/\/noticiasemdestaque.com\/cd\/#website"},"primaryImageOfPage":{"@id":"https:\/\/noticiasemdestaque.com\/cd\/?p=26018#primaryimage"},"image":{"@id":"https:\/\/noticiasemdestaque.com\/cd\/?p=26018#primaryimage"},"thumbnailUrl":"https:\/\/noticiasemdestaque.com\/cd\/wp-content\/uploads\/2020\/01\/83329160_1806094839524038_1062601546417569792_o.jpg","datePublished":"2020-07-22T13:06:46+00:00","breadcrumb":{"@id":"https:\/\/noticiasemdestaque.com\/cd\/?p=26018#breadcrumb"},"inLanguage":"pt-BR","potentialAction":[{"@type":"ReadAction","target":["https:\/\/noticiasemdestaque.com\/cd\/?p=26018"]}]},{"@type":"ImageObject","inLanguage":"pt-BR","@id":"https:\/\/noticiasemdestaque.com\/cd\/?p=26018#primaryimage","url":"https:\/\/noticiasemdestaque.com\/cd\/wp-content\/uploads\/2020\/01\/83329160_1806094839524038_1062601546417569792_o.jpg","contentUrl":"https:\/\/noticiasemdestaque.com\/cd\/wp-content\/uploads\/2020\/01\/83329160_1806094839524038_1062601546417569792_o.jpg","width":811,"height":557},{"@type":"BreadcrumbList","@id":"https:\/\/noticiasemdestaque.com\/cd\/?p=26018#breadcrumb","itemListElement":[{"@type":"ListItem","position":1,"name":"In\u00edcio","item":"https:\/\/noticiasemdestaque.com\/cd\/"},{"@type":"ListItem","position":2,"name":"Prefeito In\u00e1cio N\u00f3brega tem contas de 2018 aprovadas por unanimidade pelo TCE"}]},{"@type":"WebSite","@id":"https:\/\/noticiasemdestaque.com\/cd\/#website","url":"https:\/\/noticiasemdestaque.com\/cd\/","name":"Not&iacute;cias em Destaque","description":"","publisher":{"@id":"https:\/\/noticiasemdestaque.com\/cd\/#organization"},"potentialAction":[{"@type":"SearchAction","target":{"@type":"EntryPoint","urlTemplate":"https:\/\/noticiasemdestaque.com\/cd\/?s={search_term_string}"},"query-input":{"@type":"PropertyValueSpecification","valueRequired":true,"valueName":"search_term_string"}}],"inLanguage":"pt-BR"},{"@type":"Organization","@id":"https:\/\/noticiasemdestaque.com\/cd\/#organization","name":"Not\u00edcias em Destaque","url":"https:\/\/noticiasemdestaque.com\/cd\/","logo":{"@type":"ImageObject","inLanguage":"pt-BR","@id":"https:\/\/noticiasemdestaque.com\/cd\/#\/schema\/logo\/image\/","url":"https:\/\/noticiasemdestaque.com\/cd\/wp-content\/uploads\/2022\/05\/imagem-base-noticiasemdestaque.png","contentUrl":"https:\/\/noticiasemdestaque.com\/cd\/wp-content\/uploads\/2022\/05\/imagem-base-noticiasemdestaque.png","width":1200,"height":630,"caption":"Not\u00edcias em Destaque"},"image":{"@id":"https:\/\/noticiasemdestaque.com\/cd\/#\/schema\/logo\/image\/"}},{"@type":"Person","@id":"https:\/\/noticiasemdestaque.com\/cd\/#\/schema\/person\/21320b03a7e8bb90128938dafc9b908a","name":"Not\u00edcias em Destaque","url":"https:\/\/noticiasemdestaque.com\/cd\/?author=2"}]}},"jetpack_featured_media_url":"https:\/\/noticiasemdestaque.com\/cd\/wp-content\/uploads\/2020\/01\/83329160_1806094839524038_1062601546417569792_o.jpg","jetpack_sharing_enabled":true,"_links":{"self":[{"href":"https:\/\/noticiasemdestaque.com\/cd\/index.php?rest_route=\/wp\/v2\/posts\/26018","targetHints":{"allow":["GET"]}}],"collection":[{"href":"https:\/\/noticiasemdestaque.com\/cd\/index.php?rest_route=\/wp\/v2\/posts"}],"about":[{"href":"https:\/\/noticiasemdestaque.com\/cd\/index.php?rest_route=\/wp\/v2\/types\/post"}],"author":[{"embeddable":true,"href":"https:\/\/noticiasemdestaque.com\/cd\/index.php?rest_route=\/wp\/v2\/users\/2"}],"replies":[{"embeddable":true,"href":"https:\/\/noticiasemdestaque.com\/cd\/index.php?rest_route=%2Fwp%2Fv2%2Fcomments&post=26018"}],"version-history":[{"count":1,"href":"https:\/\/noticiasemdestaque.com\/cd\/index.php?rest_route=\/wp\/v2\/posts\/26018\/revisions"}],"predecessor-version":[{"id":26020,"href":"https:\/\/noticiasemdestaque.com\/cd\/index.php?rest_route=\/wp\/v2\/posts\/26018\/revisions\/26020"}],"wp:featuredmedia":[{"embeddable":true,"href":"https:\/\/noticiasemdestaque.com\/cd\/index.php?rest_route=\/wp\/v2\/media\/22125"}],"wp:attachment":[{"href":"https:\/\/noticiasemdestaque.com\/cd\/index.php?rest_route=%2Fwp%2Fv2%2Fmedia&parent=26018"}],"wp:term":[{"taxonomy":"category","embeddable":true,"href":"https:\/\/noticiasemdestaque.com\/cd\/index.php?rest_route=%2Fwp%2Fv2%2Fcategories&post=26018"},{"taxonomy":"post_tag","embeddable":true,"href":"https:\/\/noticiasemdestaque.com\/cd\/index.php?rest_route=%2Fwp%2Fv2%2Ftags&post=26018"}],"curies":[{"name":"wp","href":"https:\/\/api.w.org\/{rel}","templated":true}]}}