{"id":260,"date":"2017-06-07T07:44:33","date_gmt":"2017-06-07T10:44:33","guid":{"rendered":"http:\/\/caririemdestaque.com\/cd\/?p=260"},"modified":"2017-06-07T07:44:33","modified_gmt":"2017-06-07T10:44:33","slug":"greve-na-uepb-pode-acabar-apos-reuniao-em-que-reitor-sinaliza-verbas-para-atender-pleito-dos-professores","status":"publish","type":"post","link":"https:\/\/noticiasemdestaque.com\/cd\/?p=260","title":{"rendered":"Greve na UEPB pode acabar ap\u00f3s reuni\u00e3o em que reitor sinaliza verbas para atender pleito dos professores"},"content":{"rendered":"<p><a href=\"http:\/\/caririemdestaque.com\/cd\/wp-content\/uploads\/2017\/06\/reuniao_reitoria_uepb-600x334.jpg\"><img fetchpriority=\"high\" decoding=\"async\" class=\"size-medium wp-image-261 aligncenter\" src=\"http:\/\/caririemdestaque.com\/cd\/wp-content\/uploads\/2017\/06\/reuniao_reitoria_uepb-600x334-300x167.jpg\" alt=\"\" width=\"300\" height=\"167\" srcset=\"https:\/\/noticiasemdestaque.com\/cd\/wp-content\/uploads\/2017\/06\/reuniao_reitoria_uepb-600x334-300x167.jpg 300w, https:\/\/noticiasemdestaque.com\/cd\/wp-content\/uploads\/2017\/06\/reuniao_reitoria_uepb-600x334.jpg 600w\" sizes=\"(max-width: 300px) 100vw, 300px\" \/><\/a>A Reitoria da UEPB informou ao Comando de Greve dos Professores\u00a0 que identificou cerca de R$ 10 milh\u00f5es que poder\u00e3o ser utilizados no atendimento as quest\u00f5es salariais da categoria. A garantia foi dada pelo reitor Rangel J\u00fanior, numa audi\u00eancia realizada na tarde de hoje. Ele explicou que a garantia dos recursos est\u00e1 condicionada ao repasse do Governo do Estado para a institui\u00e7\u00e3o de pelo menos R$ 307 milh\u00f5es, que correspondem ao mesmo volume de verbas aplicado na universidade em 2016.<\/p>\n<p>Os recursos estimados pela Reitoria para melhorar a remunera\u00e7\u00e3o dos professores consideram que o Governo do Estado n\u00e3o reduzir\u00e1 as verbas da universidade para o ano de 2017, em rela\u00e7\u00e3o ao or\u00e7amento executado em 2016, o que ainda n\u00e3o est\u00e1 assegurado depois que a institui\u00e7\u00e3o passou a sofrer cortes nos seus repasses mensais desde o in\u00edcio do ano.<\/p>\n<p>Uma estimativa elaborada pela Reitoria da UEPB indica que ser\u00e3o necess\u00e1rios R$ 16,5 milh\u00f5es para descongelar a aplica\u00e7\u00e3o das progress\u00f5es de carreira, incluindo o pagamento dos retroativos desde 2016. A administra\u00e7\u00e3o da universidade ainda est\u00e1 elaborando um estudo de quanto ser\u00e1 o impacto na folha da institui\u00e7\u00e3o de uma reposi\u00e7\u00e3o emergencial 8%, referente \u00e0 perda acumulada em 2016 considerando que a infla\u00e7\u00e3o acumulada nos \u00faltimos tr\u00eas anos \u00e9 23,61%.<\/p>\n<p>Os recursos que pode ser utilizados pela Reitoria para o atendimento das quest\u00f5es salariais dos professores n\u00e3o s\u00e3o suficientes para garantir o descongelamento das progress\u00f5es de carreira e a aplica\u00e7\u00e3o de uma reposi\u00e7\u00e3o salarial emergencial, sendo imprescind\u00edvel o aporte de recursos do Governo do Estado para assegurar as reivindica\u00e7\u00f5es dos docentes.<\/p>\n<p>2017.2<\/p>\n<p>Durante a audi\u00eancia, o reitor garantiu que n\u00e3o ocorrer\u00e1 nenhum corte ou suspens\u00e3o nas vagas para estudantes que n\u00e3o foram ofertadas no Sistema Unificado de Sele\u00e7\u00e3o \u2013 Sisu, para a entrada do semestre 2017.2. Ele garantiu ao Comando de Greve que quando as aulas forem retomadas encaminhar\u00e1 ao Conselho Superior de Ensino, Pesquisa e Extens\u00e3o \u2013 Consepe uma proposta para viabilizar o preenchimento de todas as vagas, sendo a utiliza\u00e7\u00e3o das notas do Enem o crit\u00e9rio mais prov\u00e1vel a ser utilizado na sele\u00e7\u00e3o.<\/p>\n<p>SUBSTITUTOS<\/p>\n<p>Em rela\u00e7\u00e3o a cobran\u00e7a do Comando de Greve para passar a firmar os contratos dos professores substitutos com a vig\u00eancia de um ano, em conson\u00e2ncia com o acordo que possibilitou o encerramento da greve de 2015, a Reitoria admitiu esta possibilidade, mas ressalta que ainda desenvolve estudos de viabilidade desta reivindica\u00e7\u00e3o.<\/p>\n<p>O reitor tamb\u00e9m informou que ainda n\u00e3o recebeu um parecer do Tribunal de Contas do Estado sobre a renova\u00e7\u00e3o dos contratos dos professores substitutos, que foram encerrados no dia 12 de maio, durante a greve dos docentes, para a conclus\u00e3o do semestre 2016.2.<\/p>\n<p>VALE E AUX\u00cdLIO<\/p>\n<p>Outro compromisso da Reitoria com o Comando de Greve\u00a0 foi a realiza\u00e7\u00e3o de estudos sobre a possibilidade de estender aos professores substitutos o pagamento do vale alimenta\u00e7\u00e3o e do aux\u00edlio sa\u00fade, mesmo considerando que atualmente n\u00e3o existem recursos financeiros na universidade para aplica\u00e7\u00e3o destes benef\u00edcios.<\/p>\n<p>Com Ascom<\/p>\n","protected":false},"excerpt":{"rendered":"<p>A Reitoria da UEPB informou ao Comando de Greve dos Professores\u00a0 que identificou cerca de R$ 10 milh\u00f5es que poder\u00e3o ser utilizados no atendimento as quest\u00f5es salariais da categoria. A garantia foi dada pelo reitor Rangel J\u00fanior, numa audi\u00eancia realizada na tarde de hoje. Ele explicou que a garantia dos recursos est\u00e1 condicionada ao repasse do Governo do Estado para a institui\u00e7\u00e3o de pelo menos R$ 307 milh\u00f5es, que correspondem ao mesmo volume de verbas aplicado na universidade em 2016. Os recursos estimados pela Reitoria para melhorar a remunera\u00e7\u00e3o dos professores consideram que o Governo do Estado n\u00e3o reduzir\u00e1 as verbas da universidade para o ano de 2017, em rela\u00e7\u00e3o ao or\u00e7amento executado em 2016, o que ainda n\u00e3o est\u00e1 assegurado depois que a institui\u00e7\u00e3o passou a sofrer cortes nos seus repasses mensais desde o in\u00edcio do ano. Uma estimativa elaborada pela Reitoria da UEPB indica que ser\u00e3o necess\u00e1rios R$ 16,5 milh\u00f5es para descongelar a aplica\u00e7\u00e3o das progress\u00f5es de carreira, incluindo o pagamento dos retroativos desde 2016. A administra\u00e7\u00e3o da universidade ainda est\u00e1 elaborando um estudo de quanto ser\u00e1 o impacto na folha da institui\u00e7\u00e3o de uma reposi\u00e7\u00e3o emergencial 8%, referente \u00e0 perda acumulada em 2016 considerando que a infla\u00e7\u00e3o acumulada nos \u00faltimos tr\u00eas anos \u00e9 23,61%. Os recursos que pode ser utilizados pela Reitoria para o atendimento das quest\u00f5es salariais dos professores n\u00e3o s\u00e3o suficientes para garantir o descongelamento das progress\u00f5es de carreira e a aplica\u00e7\u00e3o de uma reposi\u00e7\u00e3o salarial emergencial, sendo imprescind\u00edvel o aporte de recursos do Governo do Estado para assegurar as reivindica\u00e7\u00f5es dos docentes. 2017.2 Durante a audi\u00eancia, o reitor garantiu que n\u00e3o ocorrer\u00e1 nenhum corte ou suspens\u00e3o nas vagas para estudantes que n\u00e3o foram ofertadas no Sistema Unificado de Sele\u00e7\u00e3o \u2013 Sisu, para a entrada do semestre 2017.2. Ele garantiu ao Comando de Greve que quando as aulas forem retomadas encaminhar\u00e1 ao Conselho Superior de Ensino, Pesquisa e Extens\u00e3o \u2013 Consepe uma proposta para viabilizar o preenchimento de todas as vagas, sendo a utiliza\u00e7\u00e3o das notas do Enem o crit\u00e9rio mais prov\u00e1vel a ser utilizado na sele\u00e7\u00e3o. SUBSTITUTOS Em rela\u00e7\u00e3o a cobran\u00e7a do Comando de Greve para passar a firmar os contratos dos professores substitutos com a vig\u00eancia de um ano, em conson\u00e2ncia com o acordo que possibilitou o encerramento da greve de 2015, a Reitoria admitiu esta possibilidade, mas ressalta que ainda desenvolve estudos de viabilidade desta reivindica\u00e7\u00e3o. O reitor tamb\u00e9m informou que ainda n\u00e3o recebeu um parecer do Tribunal de Contas do Estado sobre a renova\u00e7\u00e3o dos contratos dos professores substitutos, que foram encerrados no dia 12 de maio, durante a greve dos docentes, para a conclus\u00e3o do semestre 2016.2. VALE E AUX\u00cdLIO Outro compromisso da Reitoria com o Comando de Greve\u00a0 foi a realiza\u00e7\u00e3o de estudos sobre a possibilidade de estender aos professores substitutos o pagamento do vale alimenta\u00e7\u00e3o e do aux\u00edlio sa\u00fade, mesmo considerando que atualmente n\u00e3o existem recursos financeiros na universidade para aplica\u00e7\u00e3o destes benef\u00edcios. Com Ascom<\/p>\n","protected":false},"author":2,"featured_media":261,"comment_status":"closed","ping_status":"open","sticky":false,"template":"","format":"standard","meta":{"_eb_attr":"","_jetpack_memberships_contains_paid_content":false,"footnotes":""},"categories":[6],"tags":[],"class_list":["post-260","post","type-post","status-publish","format-standard","has-post-thumbnail","hentry","category-educacao"],"yoast_head":"<!-- This site is optimized with the Yoast SEO plugin v26.5 - https:\/\/yoast.com\/wordpress\/plugins\/seo\/ -->\n<title>Greve na UEPB pode acabar ap\u00f3s reuni\u00e3o em que reitor sinaliza verbas para atender pleito dos professores - Not&iacute;cias em Destaque<\/title>\n<meta name=\"robots\" content=\"index, follow, max-snippet:-1, max-image-preview:large, max-video-preview:-1\" \/>\n<link rel=\"canonical\" href=\"https:\/\/noticiasemdestaque.com\/cd\/?p=260\" \/>\n<meta property=\"og:locale\" content=\"pt_BR\" \/>\n<meta property=\"og:type\" content=\"article\" \/>\n<meta property=\"og:title\" content=\"Greve na UEPB pode acabar ap\u00f3s reuni\u00e3o em que reitor sinaliza verbas para atender pleito dos professores - Not&iacute;cias em Destaque\" \/>\n<meta property=\"og:description\" content=\"A Reitoria da UEPB informou ao Comando de Greve dos Professores\u00a0 que identificou cerca de R$ 10 milh\u00f5es que poder\u00e3o ser utilizados no atendimento as quest\u00f5es salariais da categoria. A garantia foi dada pelo reitor Rangel J\u00fanior, numa audi\u00eancia realizada na tarde de hoje. Ele explicou que a garantia dos recursos est\u00e1 condicionada ao repasse do Governo do Estado para a institui\u00e7\u00e3o de pelo menos R$ 307 milh\u00f5es, que correspondem ao mesmo volume de verbas aplicado na universidade em 2016. Os recursos estimados pela Reitoria para melhorar a remunera\u00e7\u00e3o dos professores consideram que o Governo do Estado n\u00e3o reduzir\u00e1 as verbas da universidade para o ano de 2017, em rela\u00e7\u00e3o ao or\u00e7amento executado em 2016, o que ainda n\u00e3o est\u00e1 assegurado depois que a institui\u00e7\u00e3o passou a sofrer cortes nos seus repasses mensais desde o in\u00edcio do ano. Uma estimativa elaborada pela Reitoria da UEPB indica que ser\u00e3o necess\u00e1rios R$ 16,5 milh\u00f5es para descongelar a aplica\u00e7\u00e3o das progress\u00f5es de carreira, incluindo o pagamento dos retroativos desde 2016. A administra\u00e7\u00e3o da universidade ainda est\u00e1 elaborando um estudo de quanto ser\u00e1 o impacto na folha da institui\u00e7\u00e3o de uma reposi\u00e7\u00e3o emergencial 8%, referente \u00e0 perda acumulada em 2016 considerando que a infla\u00e7\u00e3o acumulada nos \u00faltimos tr\u00eas anos \u00e9 23,61%. Os recursos que pode ser utilizados pela Reitoria para o atendimento das quest\u00f5es salariais dos professores n\u00e3o s\u00e3o suficientes para garantir o descongelamento das progress\u00f5es de carreira e a aplica\u00e7\u00e3o de uma reposi\u00e7\u00e3o salarial emergencial, sendo imprescind\u00edvel o aporte de recursos do Governo do Estado para assegurar as reivindica\u00e7\u00f5es dos docentes. 2017.2 Durante a audi\u00eancia, o reitor garantiu que n\u00e3o ocorrer\u00e1 nenhum corte ou suspens\u00e3o nas vagas para estudantes que n\u00e3o foram ofertadas no Sistema Unificado de Sele\u00e7\u00e3o \u2013 Sisu, para a entrada do semestre 2017.2. Ele garantiu ao Comando de Greve que quando as aulas forem retomadas encaminhar\u00e1 ao Conselho Superior de Ensino, Pesquisa e Extens\u00e3o \u2013 Consepe uma proposta para viabilizar o preenchimento de todas as vagas, sendo a utiliza\u00e7\u00e3o das notas do Enem o crit\u00e9rio mais prov\u00e1vel a ser utilizado na sele\u00e7\u00e3o. SUBSTITUTOS Em rela\u00e7\u00e3o a cobran\u00e7a do Comando de Greve para passar a firmar os contratos dos professores substitutos com a vig\u00eancia de um ano, em conson\u00e2ncia com o acordo que possibilitou o encerramento da greve de 2015, a Reitoria admitiu esta possibilidade, mas ressalta que ainda desenvolve estudos de viabilidade desta reivindica\u00e7\u00e3o. O reitor tamb\u00e9m informou que ainda n\u00e3o recebeu um parecer do Tribunal de Contas do Estado sobre a renova\u00e7\u00e3o dos contratos dos professores substitutos, que foram encerrados no dia 12 de maio, durante a greve dos docentes, para a conclus\u00e3o do semestre 2016.2. VALE E AUX\u00cdLIO Outro compromisso da Reitoria com o Comando de Greve\u00a0 foi a realiza\u00e7\u00e3o de estudos sobre a possibilidade de estender aos professores substitutos o pagamento do vale alimenta\u00e7\u00e3o e do aux\u00edlio sa\u00fade, mesmo considerando que atualmente n\u00e3o existem recursos financeiros na universidade para aplica\u00e7\u00e3o destes benef\u00edcios. Com Ascom\" \/>\n<meta property=\"og:url\" content=\"https:\/\/noticiasemdestaque.com\/cd\/?p=260\" \/>\n<meta property=\"og:site_name\" content=\"Not&iacute;cias em Destaque\" \/>\n<meta property=\"article:published_time\" content=\"2017-06-07T10:44:33+00:00\" \/>\n<meta property=\"og:image\" content=\"https:\/\/noticiasemdestaque.com\/cd\/wp-content\/uploads\/2017\/06\/reuniao_reitoria_uepb-600x334.jpg\" \/>\n\t<meta property=\"og:image:width\" content=\"600\" \/>\n\t<meta property=\"og:image:height\" content=\"334\" \/>\n\t<meta property=\"og:image:type\" content=\"image\/jpeg\" \/>\n<meta name=\"author\" content=\"Not\u00edcias em Destaque\" \/>\n<meta name=\"twitter:card\" content=\"summary_large_image\" \/>\n<meta name=\"twitter:label1\" content=\"Escrito por\" \/>\n\t<meta name=\"twitter:data1\" content=\"Not\u00edcias em Destaque\" \/>\n\t<meta name=\"twitter:label2\" content=\"Est. tempo de leitura\" \/>\n\t<meta name=\"twitter:data2\" content=\"3 minutos\" \/>\n<script type=\"application\/ld+json\" class=\"yoast-schema-graph\">{\"@context\":\"https:\/\/schema.org\",\"@graph\":[{\"@type\":\"Article\",\"@id\":\"https:\/\/noticiasemdestaque.com\/cd\/?p=260#article\",\"isPartOf\":{\"@id\":\"https:\/\/noticiasemdestaque.com\/cd\/?p=260\"},\"author\":{\"name\":\"Not\u00edcias em Destaque\",\"@id\":\"https:\/\/noticiasemdestaque.com\/cd\/#\/schema\/person\/47f7d4f55eec17c6b2ca036c5500f6ce\"},\"headline\":\"Greve na UEPB pode acabar ap\u00f3s reuni\u00e3o em que reitor sinaliza verbas para atender pleito dos professores\",\"datePublished\":\"2017-06-07T10:44:33+00:00\",\"mainEntityOfPage\":{\"@id\":\"https:\/\/noticiasemdestaque.com\/cd\/?p=260\"},\"wordCount\":546,\"publisher\":{\"@id\":\"https:\/\/noticiasemdestaque.com\/cd\/#organization\"},\"image\":{\"@id\":\"https:\/\/noticiasemdestaque.com\/cd\/?p=260#primaryimage\"},\"thumbnailUrl\":\"https:\/\/noticiasemdestaque.com\/cd\/wp-content\/uploads\/2017\/06\/reuniao_reitoria_uepb-600x334.jpg\",\"articleSection\":[\"Educa\u00e7\u00e3o\"],\"inLanguage\":\"pt-BR\"},{\"@type\":\"WebPage\",\"@id\":\"https:\/\/noticiasemdestaque.com\/cd\/?p=260\",\"url\":\"https:\/\/noticiasemdestaque.com\/cd\/?p=260\",\"name\":\"Greve na UEPB pode acabar ap\u00f3s reuni\u00e3o em que reitor sinaliza verbas para atender pleito dos professores - Not&iacute;cias em Destaque\",\"isPartOf\":{\"@id\":\"https:\/\/noticiasemdestaque.com\/cd\/#website\"},\"primaryImageOfPage\":{\"@id\":\"https:\/\/noticiasemdestaque.com\/cd\/?p=260#primaryimage\"},\"image\":{\"@id\":\"https:\/\/noticiasemdestaque.com\/cd\/?p=260#primaryimage\"},\"thumbnailUrl\":\"https:\/\/noticiasemdestaque.com\/cd\/wp-content\/uploads\/2017\/06\/reuniao_reitoria_uepb-600x334.jpg\",\"datePublished\":\"2017-06-07T10:44:33+00:00\",\"breadcrumb\":{\"@id\":\"https:\/\/noticiasemdestaque.com\/cd\/?p=260#breadcrumb\"},\"inLanguage\":\"pt-BR\",\"potentialAction\":[{\"@type\":\"ReadAction\",\"target\":[\"https:\/\/noticiasemdestaque.com\/cd\/?p=260\"]}]},{\"@type\":\"ImageObject\",\"inLanguage\":\"pt-BR\",\"@id\":\"https:\/\/noticiasemdestaque.com\/cd\/?p=260#primaryimage\",\"url\":\"https:\/\/noticiasemdestaque.com\/cd\/wp-content\/uploads\/2017\/06\/reuniao_reitoria_uepb-600x334.jpg\",\"contentUrl\":\"https:\/\/noticiasemdestaque.com\/cd\/wp-content\/uploads\/2017\/06\/reuniao_reitoria_uepb-600x334.jpg\",\"width\":600,\"height\":334},{\"@type\":\"BreadcrumbList\",\"@id\":\"https:\/\/noticiasemdestaque.com\/cd\/?p=260#breadcrumb\",\"itemListElement\":[{\"@type\":\"ListItem\",\"position\":1,\"name\":\"In\u00edcio\",\"item\":\"https:\/\/noticiasemdestaque.com\/cd\/\"},{\"@type\":\"ListItem\",\"position\":2,\"name\":\"Greve na UEPB pode acabar ap\u00f3s reuni\u00e3o em que reitor sinaliza verbas para atender pleito dos professores\"}]},{\"@type\":\"WebSite\",\"@id\":\"https:\/\/noticiasemdestaque.com\/cd\/#website\",\"url\":\"https:\/\/noticiasemdestaque.com\/cd\/\",\"name\":\"Not&iacute;cias em Destaque\",\"description\":\"\",\"publisher\":{\"@id\":\"https:\/\/noticiasemdestaque.com\/cd\/#organization\"},\"potentialAction\":[{\"@type\":\"SearchAction\",\"target\":{\"@type\":\"EntryPoint\",\"urlTemplate\":\"https:\/\/noticiasemdestaque.com\/cd\/?s={search_term_string}\"},\"query-input\":{\"@type\":\"PropertyValueSpecification\",\"valueRequired\":true,\"valueName\":\"search_term_string\"}}],\"inLanguage\":\"pt-BR\"},{\"@type\":\"Organization\",\"@id\":\"https:\/\/noticiasemdestaque.com\/cd\/#organization\",\"name\":\"Not\u00edcias em Destaque\",\"url\":\"https:\/\/noticiasemdestaque.com\/cd\/\",\"logo\":{\"@type\":\"ImageObject\",\"inLanguage\":\"pt-BR\",\"@id\":\"https:\/\/noticiasemdestaque.com\/cd\/#\/schema\/logo\/image\/\",\"url\":\"https:\/\/noticiasemdestaque.com\/cd\/wp-content\/uploads\/2022\/05\/imagem-base-noticiasemdestaque.png\",\"contentUrl\":\"https:\/\/noticiasemdestaque.com\/cd\/wp-content\/uploads\/2022\/05\/imagem-base-noticiasemdestaque.png\",\"width\":1200,\"height\":630,\"caption\":\"Not\u00edcias em Destaque\"},\"image\":{\"@id\":\"https:\/\/noticiasemdestaque.com\/cd\/#\/schema\/logo\/image\/\"}},{\"@type\":\"Person\",\"@id\":\"https:\/\/noticiasemdestaque.com\/cd\/#\/schema\/person\/47f7d4f55eec17c6b2ca036c5500f6ce\",\"name\":\"Not\u00edcias em Destaque\",\"url\":\"https:\/\/noticiasemdestaque.com\/cd\/?author=2\"}]}<\/script>\n<!-- \/ Yoast SEO plugin. -->","yoast_head_json":{"title":"Greve na UEPB pode acabar ap\u00f3s reuni\u00e3o em que reitor sinaliza verbas para atender pleito dos professores - Not&iacute;cias em Destaque","robots":{"index":"index","follow":"follow","max-snippet":"max-snippet:-1","max-image-preview":"max-image-preview:large","max-video-preview":"max-video-preview:-1"},"canonical":"https:\/\/noticiasemdestaque.com\/cd\/?p=260","og_locale":"pt_BR","og_type":"article","og_title":"Greve na UEPB pode acabar ap\u00f3s reuni\u00e3o em que reitor sinaliza verbas para atender pleito dos professores - Not&iacute;cias em Destaque","og_description":"A Reitoria da UEPB informou ao Comando de Greve dos Professores\u00a0 que identificou cerca de R$ 10 milh\u00f5es que poder\u00e3o ser utilizados no atendimento as quest\u00f5es salariais da categoria. A garantia foi dada pelo reitor Rangel J\u00fanior, numa audi\u00eancia realizada na tarde de hoje. Ele explicou que a garantia dos recursos est\u00e1 condicionada ao repasse do Governo do Estado para a institui\u00e7\u00e3o de pelo menos R$ 307 milh\u00f5es, que correspondem ao mesmo volume de verbas aplicado na universidade em 2016. Os recursos estimados pela Reitoria para melhorar a remunera\u00e7\u00e3o dos professores consideram que o Governo do Estado n\u00e3o reduzir\u00e1 as verbas da universidade para o ano de 2017, em rela\u00e7\u00e3o ao or\u00e7amento executado em 2016, o que ainda n\u00e3o est\u00e1 assegurado depois que a institui\u00e7\u00e3o passou a sofrer cortes nos seus repasses mensais desde o in\u00edcio do ano. Uma estimativa elaborada pela Reitoria da UEPB indica que ser\u00e3o necess\u00e1rios R$ 16,5 milh\u00f5es para descongelar a aplica\u00e7\u00e3o das progress\u00f5es de carreira, incluindo o pagamento dos retroativos desde 2016. A administra\u00e7\u00e3o da universidade ainda est\u00e1 elaborando um estudo de quanto ser\u00e1 o impacto na folha da institui\u00e7\u00e3o de uma reposi\u00e7\u00e3o emergencial 8%, referente \u00e0 perda acumulada em 2016 considerando que a infla\u00e7\u00e3o acumulada nos \u00faltimos tr\u00eas anos \u00e9 23,61%. Os recursos que pode ser utilizados pela Reitoria para o atendimento das quest\u00f5es salariais dos professores n\u00e3o s\u00e3o suficientes para garantir o descongelamento das progress\u00f5es de carreira e a aplica\u00e7\u00e3o de uma reposi\u00e7\u00e3o salarial emergencial, sendo imprescind\u00edvel o aporte de recursos do Governo do Estado para assegurar as reivindica\u00e7\u00f5es dos docentes. 2017.2 Durante a audi\u00eancia, o reitor garantiu que n\u00e3o ocorrer\u00e1 nenhum corte ou suspens\u00e3o nas vagas para estudantes que n\u00e3o foram ofertadas no Sistema Unificado de Sele\u00e7\u00e3o \u2013 Sisu, para a entrada do semestre 2017.2. Ele garantiu ao Comando de Greve que quando as aulas forem retomadas encaminhar\u00e1 ao Conselho Superior de Ensino, Pesquisa e Extens\u00e3o \u2013 Consepe uma proposta para viabilizar o preenchimento de todas as vagas, sendo a utiliza\u00e7\u00e3o das notas do Enem o crit\u00e9rio mais prov\u00e1vel a ser utilizado na sele\u00e7\u00e3o. SUBSTITUTOS Em rela\u00e7\u00e3o a cobran\u00e7a do Comando de Greve para passar a firmar os contratos dos professores substitutos com a vig\u00eancia de um ano, em conson\u00e2ncia com o acordo que possibilitou o encerramento da greve de 2015, a Reitoria admitiu esta possibilidade, mas ressalta que ainda desenvolve estudos de viabilidade desta reivindica\u00e7\u00e3o. O reitor tamb\u00e9m informou que ainda n\u00e3o recebeu um parecer do Tribunal de Contas do Estado sobre a renova\u00e7\u00e3o dos contratos dos professores substitutos, que foram encerrados no dia 12 de maio, durante a greve dos docentes, para a conclus\u00e3o do semestre 2016.2. VALE E AUX\u00cdLIO Outro compromisso da Reitoria com o Comando de Greve\u00a0 foi a realiza\u00e7\u00e3o de estudos sobre a possibilidade de estender aos professores substitutos o pagamento do vale alimenta\u00e7\u00e3o e do aux\u00edlio sa\u00fade, mesmo considerando que atualmente n\u00e3o existem recursos financeiros na universidade para aplica\u00e7\u00e3o destes benef\u00edcios. Com Ascom","og_url":"https:\/\/noticiasemdestaque.com\/cd\/?p=260","og_site_name":"Not&iacute;cias em Destaque","article_published_time":"2017-06-07T10:44:33+00:00","og_image":[{"width":600,"height":334,"url":"https:\/\/noticiasemdestaque.com\/cd\/wp-content\/uploads\/2017\/06\/reuniao_reitoria_uepb-600x334.jpg","type":"image\/jpeg"}],"author":"Not\u00edcias em Destaque","twitter_card":"summary_large_image","twitter_misc":{"Escrito por":"Not\u00edcias em Destaque","Est. tempo de leitura":"3 minutos"},"schema":{"@context":"https:\/\/schema.org","@graph":[{"@type":"Article","@id":"https:\/\/noticiasemdestaque.com\/cd\/?p=260#article","isPartOf":{"@id":"https:\/\/noticiasemdestaque.com\/cd\/?p=260"},"author":{"name":"Not\u00edcias em Destaque","@id":"https:\/\/noticiasemdestaque.com\/cd\/#\/schema\/person\/47f7d4f55eec17c6b2ca036c5500f6ce"},"headline":"Greve na UEPB pode acabar ap\u00f3s reuni\u00e3o em que reitor sinaliza verbas para atender pleito dos professores","datePublished":"2017-06-07T10:44:33+00:00","mainEntityOfPage":{"@id":"https:\/\/noticiasemdestaque.com\/cd\/?p=260"},"wordCount":546,"publisher":{"@id":"https:\/\/noticiasemdestaque.com\/cd\/#organization"},"image":{"@id":"https:\/\/noticiasemdestaque.com\/cd\/?p=260#primaryimage"},"thumbnailUrl":"https:\/\/noticiasemdestaque.com\/cd\/wp-content\/uploads\/2017\/06\/reuniao_reitoria_uepb-600x334.jpg","articleSection":["Educa\u00e7\u00e3o"],"inLanguage":"pt-BR"},{"@type":"WebPage","@id":"https:\/\/noticiasemdestaque.com\/cd\/?p=260","url":"https:\/\/noticiasemdestaque.com\/cd\/?p=260","name":"Greve na UEPB pode acabar ap\u00f3s reuni\u00e3o em que reitor sinaliza verbas para atender pleito dos professores - Not&iacute;cias em Destaque","isPartOf":{"@id":"https:\/\/noticiasemdestaque.com\/cd\/#website"},"primaryImageOfPage":{"@id":"https:\/\/noticiasemdestaque.com\/cd\/?p=260#primaryimage"},"image":{"@id":"https:\/\/noticiasemdestaque.com\/cd\/?p=260#primaryimage"},"thumbnailUrl":"https:\/\/noticiasemdestaque.com\/cd\/wp-content\/uploads\/2017\/06\/reuniao_reitoria_uepb-600x334.jpg","datePublished":"2017-06-07T10:44:33+00:00","breadcrumb":{"@id":"https:\/\/noticiasemdestaque.com\/cd\/?p=260#breadcrumb"},"inLanguage":"pt-BR","potentialAction":[{"@type":"ReadAction","target":["https:\/\/noticiasemdestaque.com\/cd\/?p=260"]}]},{"@type":"ImageObject","inLanguage":"pt-BR","@id":"https:\/\/noticiasemdestaque.com\/cd\/?p=260#primaryimage","url":"https:\/\/noticiasemdestaque.com\/cd\/wp-content\/uploads\/2017\/06\/reuniao_reitoria_uepb-600x334.jpg","contentUrl":"https:\/\/noticiasemdestaque.com\/cd\/wp-content\/uploads\/2017\/06\/reuniao_reitoria_uepb-600x334.jpg","width":600,"height":334},{"@type":"BreadcrumbList","@id":"https:\/\/noticiasemdestaque.com\/cd\/?p=260#breadcrumb","itemListElement":[{"@type":"ListItem","position":1,"name":"In\u00edcio","item":"https:\/\/noticiasemdestaque.com\/cd\/"},{"@type":"ListItem","position":2,"name":"Greve na UEPB pode acabar ap\u00f3s reuni\u00e3o em que reitor sinaliza verbas para atender pleito dos professores"}]},{"@type":"WebSite","@id":"https:\/\/noticiasemdestaque.com\/cd\/#website","url":"https:\/\/noticiasemdestaque.com\/cd\/","name":"Not&iacute;cias em Destaque","description":"","publisher":{"@id":"https:\/\/noticiasemdestaque.com\/cd\/#organization"},"potentialAction":[{"@type":"SearchAction","target":{"@type":"EntryPoint","urlTemplate":"https:\/\/noticiasemdestaque.com\/cd\/?s={search_term_string}"},"query-input":{"@type":"PropertyValueSpecification","valueRequired":true,"valueName":"search_term_string"}}],"inLanguage":"pt-BR"},{"@type":"Organization","@id":"https:\/\/noticiasemdestaque.com\/cd\/#organization","name":"Not\u00edcias em Destaque","url":"https:\/\/noticiasemdestaque.com\/cd\/","logo":{"@type":"ImageObject","inLanguage":"pt-BR","@id":"https:\/\/noticiasemdestaque.com\/cd\/#\/schema\/logo\/image\/","url":"https:\/\/noticiasemdestaque.com\/cd\/wp-content\/uploads\/2022\/05\/imagem-base-noticiasemdestaque.png","contentUrl":"https:\/\/noticiasemdestaque.com\/cd\/wp-content\/uploads\/2022\/05\/imagem-base-noticiasemdestaque.png","width":1200,"height":630,"caption":"Not\u00edcias em Destaque"},"image":{"@id":"https:\/\/noticiasemdestaque.com\/cd\/#\/schema\/logo\/image\/"}},{"@type":"Person","@id":"https:\/\/noticiasemdestaque.com\/cd\/#\/schema\/person\/47f7d4f55eec17c6b2ca036c5500f6ce","name":"Not\u00edcias em Destaque","url":"https:\/\/noticiasemdestaque.com\/cd\/?author=2"}]}},"jetpack_featured_media_url":"https:\/\/noticiasemdestaque.com\/cd\/wp-content\/uploads\/2017\/06\/reuniao_reitoria_uepb-600x334.jpg","jetpack_sharing_enabled":true,"_links":{"self":[{"href":"https:\/\/noticiasemdestaque.com\/cd\/index.php?rest_route=\/wp\/v2\/posts\/260","targetHints":{"allow":["GET"]}}],"collection":[{"href":"https:\/\/noticiasemdestaque.com\/cd\/index.php?rest_route=\/wp\/v2\/posts"}],"about":[{"href":"https:\/\/noticiasemdestaque.com\/cd\/index.php?rest_route=\/wp\/v2\/types\/post"}],"author":[{"embeddable":true,"href":"https:\/\/noticiasemdestaque.com\/cd\/index.php?rest_route=\/wp\/v2\/users\/2"}],"replies":[{"embeddable":true,"href":"https:\/\/noticiasemdestaque.com\/cd\/index.php?rest_route=%2Fwp%2Fv2%2Fcomments&post=260"}],"version-history":[{"count":1,"href":"https:\/\/noticiasemdestaque.com\/cd\/index.php?rest_route=\/wp\/v2\/posts\/260\/revisions"}],"predecessor-version":[{"id":262,"href":"https:\/\/noticiasemdestaque.com\/cd\/index.php?rest_route=\/wp\/v2\/posts\/260\/revisions\/262"}],"wp:featuredmedia":[{"embeddable":true,"href":"https:\/\/noticiasemdestaque.com\/cd\/index.php?rest_route=\/wp\/v2\/media\/261"}],"wp:attachment":[{"href":"https:\/\/noticiasemdestaque.com\/cd\/index.php?rest_route=%2Fwp%2Fv2%2Fmedia&parent=260"}],"wp:term":[{"taxonomy":"category","embeddable":true,"href":"https:\/\/noticiasemdestaque.com\/cd\/index.php?rest_route=%2Fwp%2Fv2%2Fcategories&post=260"},{"taxonomy":"post_tag","embeddable":true,"href":"https:\/\/noticiasemdestaque.com\/cd\/index.php?rest_route=%2Fwp%2Fv2%2Ftags&post=260"}],"curies":[{"name":"wp","href":"https:\/\/api.w.org\/{rel}","templated":true}]}}