{"id":26,"date":"2017-05-25T19:14:50","date_gmt":"2017-05-25T22:14:50","guid":{"rendered":"http:\/\/caririemdestaque.com\/cd\/?p=26"},"modified":"2017-05-25T19:19:51","modified_gmt":"2017-05-25T22:19:51","slug":"prefeito-eden-duarte-convoca-mais-aprovados-em-concurso-publico","status":"publish","type":"post","link":"https:\/\/noticiasemdestaque.com\/cd\/?p=26","title":{"rendered":"Prefeito \u00c9den Duarte convoca mais aprovados em concurso p\u00fablico"},"content":{"rendered":"<p><a href=\"http:\/\/caririemdestaque.com\/cd\/wp-content\/uploads\/2017\/05\/timthumb-21.jpg\"><img fetchpriority=\"high\" decoding=\"async\" class=\"size-medium wp-image-27 aligncenter\" src=\"http:\/\/caririemdestaque.com\/cd\/wp-content\/uploads\/2017\/05\/timthumb-21-300x218.jpg\" alt=\"\" width=\"300\" height=\"218\" srcset=\"https:\/\/noticiasemdestaque.com\/cd\/wp-content\/uploads\/2017\/05\/timthumb-21-300x218.jpg 300w, https:\/\/noticiasemdestaque.com\/cd\/wp-content\/uploads\/2017\/05\/timthumb-21.jpg 400w\" sizes=\"(max-width: 300px) 100vw, 300px\" \/><\/a><\/p>\n<p><span style=\"font-style: inherit; font-weight: inherit;\">O prefeito \u00c9den Duarte convocou na \u00faltima ter\u00e7a-feira (23), mais seis aprovados e classificados no Concurso P\u00fablico, realizado no ano de 2014.<\/span><\/p>\n<p><span style=\"font-style: inherit; font-weight: inherit;\">Os mais recentes convocados foram para o cargo de enfermeiro, com cinco convoca\u00e7\u00f5es, e para o cargo de cirurgi\u00e3o dentista, tendo uma convoca\u00e7\u00e3o.<\/span><\/p>\n<p><span style=\"font-style: inherit; font-weight: inherit;\">No \u00faltimo dia 17 de maio, o prefeito tamb\u00e9m fez a convoca\u00e7\u00e3o de mais dois motoristas classe D.<\/span><\/p>\n<p><span style=\"font-style: inherit; font-weight: inherit;\">Desde que assumiu o mandato, em janeiro deste ano, \u00c9den vem fazendo constantes convoca\u00e7\u00f5es dos aprovados e classificados no Concurso P\u00fablico do Munic\u00edpio de Sum\u00e9 aberto pelo Edital n\u00ba 01\/2013.<\/span><\/p>\n<p><span style=\"font-style: inherit; font-weight: inherit;\">De janeiro de 2017, at\u00e9 o momento, j\u00e1 foram convocados 19 candidatos. Ao todo, desde o primeiro edital de convoca\u00e7\u00e3o do concurso em 2014, foram chamados a assumir o cargo p\u00fablico 94 candidatos, sendo: 55 professores do ensino fundamental II, 10 professores do Fundamental I, 12 motoristas, 6 cirurgi\u00f5es dentistas, 8 enfermeiros, 1 t\u00e9cnico em contabilidade, 1 assistente administrativo e 1 gestor p\u00fablico.<\/span><\/p>\n<p><span style=\"font-style: inherit; font-weight: inherit;\">Os candidatos convocados no \u00faltimo edital tem at\u00e9 30 dias, a contar da data da publica\u00e7\u00e3o, para apresentar na Secretaria de Administra\u00e7\u00e3o\/Setor de Recursos Humanos, os documentos exigidos para a posse no cargo.<\/span><\/p>\n<p><span style=\"font-style: inherit; font-weight: inherit;\">Este concurso p\u00fablico aberto pelo Edital n\u00ba 01\/2013 tem validade at\u00e9 30 de junho de 2018 e de acordo com o Setor de Recursos Humanos, a documenta\u00e7\u00e3o dos nomeados est\u00e1 devidamente protocolada e aprovada pelo Tribunal de Contas do Estado da Para\u00edba (TCE).<\/span><\/p>\n<p><span style=\"font-style: inherit; font-weight: inherit;\">A Prefeitura tamb\u00e9m est\u00e1 realizando um Processo Seletivo para convoca\u00e7\u00e3o de Agentes Comunit\u00e1rios de Sa\u00fade, com previs\u00e3o de realiza\u00e7\u00e3o das provas no dia 25 de junho e est\u00e1 preparando a publica\u00e7\u00e3o de edital para a realiza\u00e7\u00e3o de um novo concurso p\u00fablico.<\/span><\/p>\n<p>Ascom \/ Andr\u00e9a Duarte<\/p>\n","protected":false},"excerpt":{"rendered":"<p>O prefeito \u00c9den Duarte convocou na \u00faltima ter\u00e7a-feira (23), mais seis aprovados e classificados no Concurso P\u00fablico, realizado no ano de 2014. Os mais recentes convocados foram para o cargo de enfermeiro, com cinco convoca\u00e7\u00f5es, e para o cargo de cirurgi\u00e3o dentista, tendo uma convoca\u00e7\u00e3o. No \u00faltimo dia 17 de maio, o prefeito tamb\u00e9m fez a convoca\u00e7\u00e3o de mais dois motoristas classe D. Desde que assumiu o mandato, em janeiro deste ano, \u00c9den vem fazendo constantes convoca\u00e7\u00f5es dos aprovados e classificados no Concurso P\u00fablico do Munic\u00edpio de Sum\u00e9 aberto pelo Edital n\u00ba 01\/2013. De janeiro de 2017, at\u00e9 o momento, j\u00e1 foram convocados 19 candidatos. Ao todo, desde o primeiro edital de convoca\u00e7\u00e3o do concurso em 2014, foram chamados a assumir o cargo p\u00fablico 94 candidatos, sendo: 55 professores do ensino fundamental II, 10 professores do Fundamental I, 12 motoristas, 6 cirurgi\u00f5es dentistas, 8 enfermeiros, 1 t\u00e9cnico em contabilidade, 1 assistente administrativo e 1 gestor p\u00fablico. Os candidatos convocados no \u00faltimo edital tem at\u00e9 30 dias, a contar da data da publica\u00e7\u00e3o, para apresentar na Secretaria de Administra\u00e7\u00e3o\/Setor de Recursos Humanos, os documentos exigidos para a posse no cargo. Este concurso p\u00fablico aberto pelo Edital n\u00ba 01\/2013 tem validade at\u00e9 30 de junho de 2018 e de acordo com o Setor de Recursos Humanos, a documenta\u00e7\u00e3o dos nomeados est\u00e1 devidamente protocolada e aprovada pelo Tribunal de Contas do Estado da Para\u00edba (TCE). A Prefeitura tamb\u00e9m est\u00e1 realizando um Processo Seletivo para convoca\u00e7\u00e3o de Agentes Comunit\u00e1rios de Sa\u00fade, com previs\u00e3o de realiza\u00e7\u00e3o das provas no dia 25 de junho e est\u00e1 preparando a publica\u00e7\u00e3o de edital para a realiza\u00e7\u00e3o de um novo concurso p\u00fablico. Ascom \/ Andr\u00e9a Duarte<\/p>\n","protected":false},"author":2,"featured_media":27,"comment_status":"open","ping_status":"open","sticky":false,"template":"","format":"standard","meta":{"_eb_attr":"","_jetpack_memberships_contains_paid_content":false,"footnotes":""},"categories":[3],"tags":[],"class_list":["post-26","post","type-post","status-publish","format-standard","has-post-thumbnail","hentry","category-cidades"],"yoast_head":"<!-- This site is optimized with the Yoast SEO plugin v26.5 - https:\/\/yoast.com\/wordpress\/plugins\/seo\/ -->\n<title>Prefeito \u00c9den Duarte convoca mais aprovados em concurso p\u00fablico - Not&iacute;cias em Destaque<\/title>\n<meta name=\"robots\" content=\"index, follow, max-snippet:-1, max-image-preview:large, max-video-preview:-1\" \/>\n<link rel=\"canonical\" href=\"https:\/\/noticiasemdestaque.com\/cd\/?p=26\" \/>\n<meta property=\"og:locale\" content=\"pt_BR\" \/>\n<meta property=\"og:type\" content=\"article\" \/>\n<meta property=\"og:title\" content=\"Prefeito \u00c9den Duarte convoca mais aprovados em concurso p\u00fablico - Not&iacute;cias em Destaque\" \/>\n<meta property=\"og:description\" content=\"O prefeito \u00c9den Duarte convocou na \u00faltima ter\u00e7a-feira (23), mais seis aprovados e classificados no Concurso P\u00fablico, realizado no ano de 2014. Os mais recentes convocados foram para o cargo de enfermeiro, com cinco convoca\u00e7\u00f5es, e para o cargo de cirurgi\u00e3o dentista, tendo uma convoca\u00e7\u00e3o. No \u00faltimo dia 17 de maio, o prefeito tamb\u00e9m fez a convoca\u00e7\u00e3o de mais dois motoristas classe D. Desde que assumiu o mandato, em janeiro deste ano, \u00c9den vem fazendo constantes convoca\u00e7\u00f5es dos aprovados e classificados no Concurso P\u00fablico do Munic\u00edpio de Sum\u00e9 aberto pelo Edital n\u00ba 01\/2013. De janeiro de 2017, at\u00e9 o momento, j\u00e1 foram convocados 19 candidatos. Ao todo, desde o primeiro edital de convoca\u00e7\u00e3o do concurso em 2014, foram chamados a assumir o cargo p\u00fablico 94 candidatos, sendo: 55 professores do ensino fundamental II, 10 professores do Fundamental I, 12 motoristas, 6 cirurgi\u00f5es dentistas, 8 enfermeiros, 1 t\u00e9cnico em contabilidade, 1 assistente administrativo e 1 gestor p\u00fablico. Os candidatos convocados no \u00faltimo edital tem at\u00e9 30 dias, a contar da data da publica\u00e7\u00e3o, para apresentar na Secretaria de Administra\u00e7\u00e3o\/Setor de Recursos Humanos, os documentos exigidos para a posse no cargo. Este concurso p\u00fablico aberto pelo Edital n\u00ba 01\/2013 tem validade at\u00e9 30 de junho de 2018 e de acordo com o Setor de Recursos Humanos, a documenta\u00e7\u00e3o dos nomeados est\u00e1 devidamente protocolada e aprovada pelo Tribunal de Contas do Estado da Para\u00edba (TCE). A Prefeitura tamb\u00e9m est\u00e1 realizando um Processo Seletivo para convoca\u00e7\u00e3o de Agentes Comunit\u00e1rios de Sa\u00fade, com previs\u00e3o de realiza\u00e7\u00e3o das provas no dia 25 de junho e est\u00e1 preparando a publica\u00e7\u00e3o de edital para a realiza\u00e7\u00e3o de um novo concurso p\u00fablico. Ascom \/ Andr\u00e9a Duarte\" \/>\n<meta property=\"og:url\" content=\"https:\/\/noticiasemdestaque.com\/cd\/?p=26\" \/>\n<meta property=\"og:site_name\" content=\"Not&iacute;cias em Destaque\" \/>\n<meta property=\"article:published_time\" content=\"2017-05-25T22:14:50+00:00\" \/>\n<meta property=\"article:modified_time\" content=\"2017-05-25T22:19:51+00:00\" \/>\n<meta property=\"og:image\" content=\"https:\/\/noticiasemdestaque.com\/cd\/wp-content\/uploads\/2017\/05\/timthumb-21.jpg\" \/>\n\t<meta property=\"og:image:width\" content=\"400\" \/>\n\t<meta property=\"og:image:height\" content=\"291\" \/>\n\t<meta property=\"og:image:type\" content=\"image\/jpeg\" \/>\n<meta name=\"author\" content=\"Not\u00edcias em Destaque\" \/>\n<meta name=\"twitter:card\" content=\"summary_large_image\" \/>\n<meta name=\"twitter:label1\" content=\"Escrito por\" \/>\n\t<meta name=\"twitter:data1\" content=\"Not\u00edcias em Destaque\" \/>\n\t<meta name=\"twitter:label2\" content=\"Est. tempo de leitura\" \/>\n\t<meta name=\"twitter:data2\" content=\"1 minuto\" \/>\n<script type=\"application\/ld+json\" class=\"yoast-schema-graph\">{\"@context\":\"https:\/\/schema.org\",\"@graph\":[{\"@type\":\"Article\",\"@id\":\"https:\/\/noticiasemdestaque.com\/cd\/?p=26#article\",\"isPartOf\":{\"@id\":\"https:\/\/noticiasemdestaque.com\/cd\/?p=26\"},\"author\":{\"name\":\"Not\u00edcias em Destaque\",\"@id\":\"https:\/\/noticiasemdestaque.com\/cd\/#\/schema\/person\/47f7d4f55eec17c6b2ca036c5500f6ce\"},\"headline\":\"Prefeito \u00c9den Duarte convoca mais aprovados em concurso p\u00fablico\",\"datePublished\":\"2017-05-25T22:14:50+00:00\",\"dateModified\":\"2017-05-25T22:19:51+00:00\",\"mainEntityOfPage\":{\"@id\":\"https:\/\/noticiasemdestaque.com\/cd\/?p=26\"},\"wordCount\":296,\"commentCount\":0,\"publisher\":{\"@id\":\"https:\/\/noticiasemdestaque.com\/cd\/#organization\"},\"image\":{\"@id\":\"https:\/\/noticiasemdestaque.com\/cd\/?p=26#primaryimage\"},\"thumbnailUrl\":\"https:\/\/noticiasemdestaque.com\/cd\/wp-content\/uploads\/2017\/05\/timthumb-21.jpg\",\"articleSection\":[\"Cidades\"],\"inLanguage\":\"pt-BR\",\"potentialAction\":[{\"@type\":\"CommentAction\",\"name\":\"Comment\",\"target\":[\"https:\/\/noticiasemdestaque.com\/cd\/?p=26#respond\"]}]},{\"@type\":\"WebPage\",\"@id\":\"https:\/\/noticiasemdestaque.com\/cd\/?p=26\",\"url\":\"https:\/\/noticiasemdestaque.com\/cd\/?p=26\",\"name\":\"Prefeito \u00c9den Duarte convoca mais aprovados em concurso p\u00fablico - Not&iacute;cias em Destaque\",\"isPartOf\":{\"@id\":\"https:\/\/noticiasemdestaque.com\/cd\/#website\"},\"primaryImageOfPage\":{\"@id\":\"https:\/\/noticiasemdestaque.com\/cd\/?p=26#primaryimage\"},\"image\":{\"@id\":\"https:\/\/noticiasemdestaque.com\/cd\/?p=26#primaryimage\"},\"thumbnailUrl\":\"https:\/\/noticiasemdestaque.com\/cd\/wp-content\/uploads\/2017\/05\/timthumb-21.jpg\",\"datePublished\":\"2017-05-25T22:14:50+00:00\",\"dateModified\":\"2017-05-25T22:19:51+00:00\",\"breadcrumb\":{\"@id\":\"https:\/\/noticiasemdestaque.com\/cd\/?p=26#breadcrumb\"},\"inLanguage\":\"pt-BR\",\"potentialAction\":[{\"@type\":\"ReadAction\",\"target\":[\"https:\/\/noticiasemdestaque.com\/cd\/?p=26\"]}]},{\"@type\":\"ImageObject\",\"inLanguage\":\"pt-BR\",\"@id\":\"https:\/\/noticiasemdestaque.com\/cd\/?p=26#primaryimage\",\"url\":\"https:\/\/noticiasemdestaque.com\/cd\/wp-content\/uploads\/2017\/05\/timthumb-21.jpg\",\"contentUrl\":\"https:\/\/noticiasemdestaque.com\/cd\/wp-content\/uploads\/2017\/05\/timthumb-21.jpg\",\"width\":400,\"height\":291},{\"@type\":\"BreadcrumbList\",\"@id\":\"https:\/\/noticiasemdestaque.com\/cd\/?p=26#breadcrumb\",\"itemListElement\":[{\"@type\":\"ListItem\",\"position\":1,\"name\":\"In\u00edcio\",\"item\":\"https:\/\/noticiasemdestaque.com\/cd\/\"},{\"@type\":\"ListItem\",\"position\":2,\"name\":\"Prefeito \u00c9den Duarte convoca mais aprovados em concurso p\u00fablico\"}]},{\"@type\":\"WebSite\",\"@id\":\"https:\/\/noticiasemdestaque.com\/cd\/#website\",\"url\":\"https:\/\/noticiasemdestaque.com\/cd\/\",\"name\":\"Not&iacute;cias em Destaque\",\"description\":\"\",\"publisher\":{\"@id\":\"https:\/\/noticiasemdestaque.com\/cd\/#organization\"},\"potentialAction\":[{\"@type\":\"SearchAction\",\"target\":{\"@type\":\"EntryPoint\",\"urlTemplate\":\"https:\/\/noticiasemdestaque.com\/cd\/?s={search_term_string}\"},\"query-input\":{\"@type\":\"PropertyValueSpecification\",\"valueRequired\":true,\"valueName\":\"search_term_string\"}}],\"inLanguage\":\"pt-BR\"},{\"@type\":\"Organization\",\"@id\":\"https:\/\/noticiasemdestaque.com\/cd\/#organization\",\"name\":\"Not\u00edcias em Destaque\",\"url\":\"https:\/\/noticiasemdestaque.com\/cd\/\",\"logo\":{\"@type\":\"ImageObject\",\"inLanguage\":\"pt-BR\",\"@id\":\"https:\/\/noticiasemdestaque.com\/cd\/#\/schema\/logo\/image\/\",\"url\":\"https:\/\/noticiasemdestaque.com\/cd\/wp-content\/uploads\/2022\/05\/imagem-base-noticiasemdestaque.png\",\"contentUrl\":\"https:\/\/noticiasemdestaque.com\/cd\/wp-content\/uploads\/2022\/05\/imagem-base-noticiasemdestaque.png\",\"width\":1200,\"height\":630,\"caption\":\"Not\u00edcias em Destaque\"},\"image\":{\"@id\":\"https:\/\/noticiasemdestaque.com\/cd\/#\/schema\/logo\/image\/\"}},{\"@type\":\"Person\",\"@id\":\"https:\/\/noticiasemdestaque.com\/cd\/#\/schema\/person\/47f7d4f55eec17c6b2ca036c5500f6ce\",\"name\":\"Not\u00edcias em Destaque\",\"url\":\"https:\/\/noticiasemdestaque.com\/cd\/?author=2\"}]}<\/script>\n<!-- \/ Yoast SEO plugin. -->","yoast_head_json":{"title":"Prefeito \u00c9den Duarte convoca mais aprovados em concurso p\u00fablico - Not&iacute;cias em Destaque","robots":{"index":"index","follow":"follow","max-snippet":"max-snippet:-1","max-image-preview":"max-image-preview:large","max-video-preview":"max-video-preview:-1"},"canonical":"https:\/\/noticiasemdestaque.com\/cd\/?p=26","og_locale":"pt_BR","og_type":"article","og_title":"Prefeito \u00c9den Duarte convoca mais aprovados em concurso p\u00fablico - Not&iacute;cias em Destaque","og_description":"O prefeito \u00c9den Duarte convocou na \u00faltima ter\u00e7a-feira (23), mais seis aprovados e classificados no Concurso P\u00fablico, realizado no ano de 2014. Os mais recentes convocados foram para o cargo de enfermeiro, com cinco convoca\u00e7\u00f5es, e para o cargo de cirurgi\u00e3o dentista, tendo uma convoca\u00e7\u00e3o. No \u00faltimo dia 17 de maio, o prefeito tamb\u00e9m fez a convoca\u00e7\u00e3o de mais dois motoristas classe D. Desde que assumiu o mandato, em janeiro deste ano, \u00c9den vem fazendo constantes convoca\u00e7\u00f5es dos aprovados e classificados no Concurso P\u00fablico do Munic\u00edpio de Sum\u00e9 aberto pelo Edital n\u00ba 01\/2013. De janeiro de 2017, at\u00e9 o momento, j\u00e1 foram convocados 19 candidatos. Ao todo, desde o primeiro edital de convoca\u00e7\u00e3o do concurso em 2014, foram chamados a assumir o cargo p\u00fablico 94 candidatos, sendo: 55 professores do ensino fundamental II, 10 professores do Fundamental I, 12 motoristas, 6 cirurgi\u00f5es dentistas, 8 enfermeiros, 1 t\u00e9cnico em contabilidade, 1 assistente administrativo e 1 gestor p\u00fablico. Os candidatos convocados no \u00faltimo edital tem at\u00e9 30 dias, a contar da data da publica\u00e7\u00e3o, para apresentar na Secretaria de Administra\u00e7\u00e3o\/Setor de Recursos Humanos, os documentos exigidos para a posse no cargo. Este concurso p\u00fablico aberto pelo Edital n\u00ba 01\/2013 tem validade at\u00e9 30 de junho de 2018 e de acordo com o Setor de Recursos Humanos, a documenta\u00e7\u00e3o dos nomeados est\u00e1 devidamente protocolada e aprovada pelo Tribunal de Contas do Estado da Para\u00edba (TCE). A Prefeitura tamb\u00e9m est\u00e1 realizando um Processo Seletivo para convoca\u00e7\u00e3o de Agentes Comunit\u00e1rios de Sa\u00fade, com previs\u00e3o de realiza\u00e7\u00e3o das provas no dia 25 de junho e est\u00e1 preparando a publica\u00e7\u00e3o de edital para a realiza\u00e7\u00e3o de um novo concurso p\u00fablico. Ascom \/ Andr\u00e9a Duarte","og_url":"https:\/\/noticiasemdestaque.com\/cd\/?p=26","og_site_name":"Not&iacute;cias em Destaque","article_published_time":"2017-05-25T22:14:50+00:00","article_modified_time":"2017-05-25T22:19:51+00:00","og_image":[{"width":400,"height":291,"url":"https:\/\/noticiasemdestaque.com\/cd\/wp-content\/uploads\/2017\/05\/timthumb-21.jpg","type":"image\/jpeg"}],"author":"Not\u00edcias em Destaque","twitter_card":"summary_large_image","twitter_misc":{"Escrito por":"Not\u00edcias em Destaque","Est. tempo de leitura":"1 minuto"},"schema":{"@context":"https:\/\/schema.org","@graph":[{"@type":"Article","@id":"https:\/\/noticiasemdestaque.com\/cd\/?p=26#article","isPartOf":{"@id":"https:\/\/noticiasemdestaque.com\/cd\/?p=26"},"author":{"name":"Not\u00edcias em Destaque","@id":"https:\/\/noticiasemdestaque.com\/cd\/#\/schema\/person\/47f7d4f55eec17c6b2ca036c5500f6ce"},"headline":"Prefeito \u00c9den Duarte convoca mais aprovados em concurso p\u00fablico","datePublished":"2017-05-25T22:14:50+00:00","dateModified":"2017-05-25T22:19:51+00:00","mainEntityOfPage":{"@id":"https:\/\/noticiasemdestaque.com\/cd\/?p=26"},"wordCount":296,"commentCount":0,"publisher":{"@id":"https:\/\/noticiasemdestaque.com\/cd\/#organization"},"image":{"@id":"https:\/\/noticiasemdestaque.com\/cd\/?p=26#primaryimage"},"thumbnailUrl":"https:\/\/noticiasemdestaque.com\/cd\/wp-content\/uploads\/2017\/05\/timthumb-21.jpg","articleSection":["Cidades"],"inLanguage":"pt-BR","potentialAction":[{"@type":"CommentAction","name":"Comment","target":["https:\/\/noticiasemdestaque.com\/cd\/?p=26#respond"]}]},{"@type":"WebPage","@id":"https:\/\/noticiasemdestaque.com\/cd\/?p=26","url":"https:\/\/noticiasemdestaque.com\/cd\/?p=26","name":"Prefeito \u00c9den Duarte convoca mais aprovados em concurso p\u00fablico - Not&iacute;cias em Destaque","isPartOf":{"@id":"https:\/\/noticiasemdestaque.com\/cd\/#website"},"primaryImageOfPage":{"@id":"https:\/\/noticiasemdestaque.com\/cd\/?p=26#primaryimage"},"image":{"@id":"https:\/\/noticiasemdestaque.com\/cd\/?p=26#primaryimage"},"thumbnailUrl":"https:\/\/noticiasemdestaque.com\/cd\/wp-content\/uploads\/2017\/05\/timthumb-21.jpg","datePublished":"2017-05-25T22:14:50+00:00","dateModified":"2017-05-25T22:19:51+00:00","breadcrumb":{"@id":"https:\/\/noticiasemdestaque.com\/cd\/?p=26#breadcrumb"},"inLanguage":"pt-BR","potentialAction":[{"@type":"ReadAction","target":["https:\/\/noticiasemdestaque.com\/cd\/?p=26"]}]},{"@type":"ImageObject","inLanguage":"pt-BR","@id":"https:\/\/noticiasemdestaque.com\/cd\/?p=26#primaryimage","url":"https:\/\/noticiasemdestaque.com\/cd\/wp-content\/uploads\/2017\/05\/timthumb-21.jpg","contentUrl":"https:\/\/noticiasemdestaque.com\/cd\/wp-content\/uploads\/2017\/05\/timthumb-21.jpg","width":400,"height":291},{"@type":"BreadcrumbList","@id":"https:\/\/noticiasemdestaque.com\/cd\/?p=26#breadcrumb","itemListElement":[{"@type":"ListItem","position":1,"name":"In\u00edcio","item":"https:\/\/noticiasemdestaque.com\/cd\/"},{"@type":"ListItem","position":2,"name":"Prefeito \u00c9den Duarte convoca mais aprovados em concurso p\u00fablico"}]},{"@type":"WebSite","@id":"https:\/\/noticiasemdestaque.com\/cd\/#website","url":"https:\/\/noticiasemdestaque.com\/cd\/","name":"Not&iacute;cias em Destaque","description":"","publisher":{"@id":"https:\/\/noticiasemdestaque.com\/cd\/#organization"},"potentialAction":[{"@type":"SearchAction","target":{"@type":"EntryPoint","urlTemplate":"https:\/\/noticiasemdestaque.com\/cd\/?s={search_term_string}"},"query-input":{"@type":"PropertyValueSpecification","valueRequired":true,"valueName":"search_term_string"}}],"inLanguage":"pt-BR"},{"@type":"Organization","@id":"https:\/\/noticiasemdestaque.com\/cd\/#organization","name":"Not\u00edcias em Destaque","url":"https:\/\/noticiasemdestaque.com\/cd\/","logo":{"@type":"ImageObject","inLanguage":"pt-BR","@id":"https:\/\/noticiasemdestaque.com\/cd\/#\/schema\/logo\/image\/","url":"https:\/\/noticiasemdestaque.com\/cd\/wp-content\/uploads\/2022\/05\/imagem-base-noticiasemdestaque.png","contentUrl":"https:\/\/noticiasemdestaque.com\/cd\/wp-content\/uploads\/2022\/05\/imagem-base-noticiasemdestaque.png","width":1200,"height":630,"caption":"Not\u00edcias em Destaque"},"image":{"@id":"https:\/\/noticiasemdestaque.com\/cd\/#\/schema\/logo\/image\/"}},{"@type":"Person","@id":"https:\/\/noticiasemdestaque.com\/cd\/#\/schema\/person\/47f7d4f55eec17c6b2ca036c5500f6ce","name":"Not\u00edcias em Destaque","url":"https:\/\/noticiasemdestaque.com\/cd\/?author=2"}]}},"jetpack_featured_media_url":"https:\/\/noticiasemdestaque.com\/cd\/wp-content\/uploads\/2017\/05\/timthumb-21.jpg","jetpack_sharing_enabled":true,"_links":{"self":[{"href":"https:\/\/noticiasemdestaque.com\/cd\/index.php?rest_route=\/wp\/v2\/posts\/26","targetHints":{"allow":["GET"]}}],"collection":[{"href":"https:\/\/noticiasemdestaque.com\/cd\/index.php?rest_route=\/wp\/v2\/posts"}],"about":[{"href":"https:\/\/noticiasemdestaque.com\/cd\/index.php?rest_route=\/wp\/v2\/types\/post"}],"author":[{"embeddable":true,"href":"https:\/\/noticiasemdestaque.com\/cd\/index.php?rest_route=\/wp\/v2\/users\/2"}],"replies":[{"embeddable":true,"href":"https:\/\/noticiasemdestaque.com\/cd\/index.php?rest_route=%2Fwp%2Fv2%2Fcomments&post=26"}],"version-history":[{"count":1,"href":"https:\/\/noticiasemdestaque.com\/cd\/index.php?rest_route=\/wp\/v2\/posts\/26\/revisions"}],"predecessor-version":[{"id":28,"href":"https:\/\/noticiasemdestaque.com\/cd\/index.php?rest_route=\/wp\/v2\/posts\/26\/revisions\/28"}],"wp:featuredmedia":[{"embeddable":true,"href":"https:\/\/noticiasemdestaque.com\/cd\/index.php?rest_route=\/wp\/v2\/media\/27"}],"wp:attachment":[{"href":"https:\/\/noticiasemdestaque.com\/cd\/index.php?rest_route=%2Fwp%2Fv2%2Fmedia&parent=26"}],"wp:term":[{"taxonomy":"category","embeddable":true,"href":"https:\/\/noticiasemdestaque.com\/cd\/index.php?rest_route=%2Fwp%2Fv2%2Fcategories&post=26"},{"taxonomy":"post_tag","embeddable":true,"href":"https:\/\/noticiasemdestaque.com\/cd\/index.php?rest_route=%2Fwp%2Fv2%2Ftags&post=26"}],"curies":[{"name":"wp","href":"https:\/\/api.w.org\/{rel}","templated":true}]}}