{"id":25977,"date":"2020-07-20T09:17:10","date_gmt":"2020-07-20T12:17:10","guid":{"rendered":"http:\/\/noticiasemdestaque.com\/cd\/?p=25977"},"modified":"2020-07-20T09:17:49","modified_gmt":"2020-07-20T12:17:49","slug":"refeito-inacio-nobrega-emite-nota-de-pesar-pelo-falecimento-de-forma-prematura-do-dep-estadual-genival-matias","status":"publish","type":"post","link":"https:\/\/noticiasemdestaque.com\/cd\/?p=25977","title":{"rendered":"Prefeito In\u00e1cio N\u00f3brega emite nota de pesar pelo falecimento de forma prematura do Dep. Estadual Genival Matias."},"content":{"rendered":"<p><a href=\"https:\/\/noticiasemdestaque.com\/cd\/wp-content\/uploads\/2020\/07\/115352248_686009605281058_992442855644406073_n.jpg\"><img fetchpriority=\"high\" decoding=\"async\" class=\"size-full wp-image-25980 aligncenter\" src=\"https:\/\/noticiasemdestaque.com\/cd\/wp-content\/uploads\/2020\/07\/115352248_686009605281058_992442855644406073_n.jpg\" alt=\"\" width=\"591\" height=\"519\" srcset=\"https:\/\/noticiasemdestaque.com\/cd\/wp-content\/uploads\/2020\/07\/115352248_686009605281058_992442855644406073_n.jpg 591w, https:\/\/noticiasemdestaque.com\/cd\/wp-content\/uploads\/2020\/07\/115352248_686009605281058_992442855644406073_n-300x263.jpg 300w\" sizes=\"(max-width: 591px) 100vw, 591px\" \/><\/a><\/p>\n<p>Foi com profunda tristeza que recebemos a not\u00edcia da morte do nosso sempre t\u00e3o prestativo deputado Genival Matias.<\/p>\n<p>Ele que sempre se colocou \u00e0 disposi\u00e7\u00e3o das demandas do munic\u00edpio de Amparo, nos deixa uma lacuna muito grande. As pessoas s\u00e3o insubstitu\u00edveis em sua exist\u00eancia, e quando s\u00e3o especiais, al\u00e9m da falta que fazem \u00e0queles que as amam, deixam o mundo mais pobre.<\/p>\n<p>N\u00e3o temos palavras para expressar os nossos sentimentos. Pedimos a Deus que conforte o cora\u00e7\u00e3o dos familiares neste momento de dor.<\/p>\n<p>Que a luz e o amor divino pairem sobre a alma de quem sofre esta imensur\u00e1vel perda, e os console e lhes d\u00ea serenidade para atravessar essa tempestade.<\/p>\n<p>A Deus pedimos tamb\u00e9m que d\u00ea ao nosso amigo o merecido repouso eterno em seu reino. Muito respeitosamente, prestamos as nossas condol\u00eancias e deixamos os nossos mais sinceros p\u00easames.<\/p>\n","protected":false},"excerpt":{"rendered":"<p>Foi com profunda tristeza que recebemos a not\u00edcia da morte do nosso sempre t\u00e3o prestativo deputado Genival Matias. Ele que sempre se colocou \u00e0 disposi\u00e7\u00e3o das demandas do munic\u00edpio de Amparo, nos deixa uma lacuna muito grande. As pessoas s\u00e3o insubstitu\u00edveis em sua exist\u00eancia, e quando s\u00e3o especiais, al\u00e9m da falta que fazem \u00e0queles que as amam, deixam o mundo mais pobre. N\u00e3o temos palavras para expressar os nossos sentimentos. Pedimos a Deus que conforte o cora\u00e7\u00e3o dos familiares neste momento de dor. Que a luz e o amor divino pairem sobre a alma de quem sofre esta imensur\u00e1vel perda, e os console e lhes d\u00ea serenidade para atravessar essa tempestade. A Deus pedimos tamb\u00e9m que d\u00ea ao nosso amigo o merecido repouso eterno em seu reino. Muito respeitosamente, prestamos as nossas condol\u00eancias e deixamos os nossos mais sinceros p\u00easames.<\/p>\n","protected":false},"author":2,"featured_media":25980,"comment_status":"closed","ping_status":"open","sticky":false,"template":"","format":"standard","meta":{"_eb_attr":"","_jetpack_memberships_contains_paid_content":false,"footnotes":""},"categories":[3],"tags":[],"class_list":["post-25977","post","type-post","status-publish","format-standard","has-post-thumbnail","hentry","category-cidades"],"yoast_head":"<!-- This site is optimized with the Yoast SEO plugin v26.5 - https:\/\/yoast.com\/wordpress\/plugins\/seo\/ -->\n<title>Prefeito In\u00e1cio N\u00f3brega emite nota de pesar pelo falecimento de forma prematura do Dep. Estadual Genival Matias. - Not&iacute;cias em Destaque<\/title>\n<meta name=\"robots\" content=\"index, follow, max-snippet:-1, max-image-preview:large, max-video-preview:-1\" \/>\n<link rel=\"canonical\" href=\"https:\/\/noticiasemdestaque.com\/cd\/?p=25977\" \/>\n<meta property=\"og:locale\" content=\"pt_BR\" \/>\n<meta property=\"og:type\" content=\"article\" \/>\n<meta property=\"og:title\" content=\"Prefeito In\u00e1cio N\u00f3brega emite nota de pesar pelo falecimento de forma prematura do Dep. Estadual Genival Matias. - Not&iacute;cias em Destaque\" \/>\n<meta property=\"og:description\" content=\"Foi com profunda tristeza que recebemos a not\u00edcia da morte do nosso sempre t\u00e3o prestativo deputado Genival Matias. Ele que sempre se colocou \u00e0 disposi\u00e7\u00e3o das demandas do munic\u00edpio de Amparo, nos deixa uma lacuna muito grande. As pessoas s\u00e3o insubstitu\u00edveis em sua exist\u00eancia, e quando s\u00e3o especiais, al\u00e9m da falta que fazem \u00e0queles que as amam, deixam o mundo mais pobre. N\u00e3o temos palavras para expressar os nossos sentimentos. Pedimos a Deus que conforte o cora\u00e7\u00e3o dos familiares neste momento de dor. Que a luz e o amor divino pairem sobre a alma de quem sofre esta imensur\u00e1vel perda, e os console e lhes d\u00ea serenidade para atravessar essa tempestade. A Deus pedimos tamb\u00e9m que d\u00ea ao nosso amigo o merecido repouso eterno em seu reino. Muito respeitosamente, prestamos as nossas condol\u00eancias e deixamos os nossos mais sinceros p\u00easames.\" \/>\n<meta property=\"og:url\" content=\"https:\/\/noticiasemdestaque.com\/cd\/?p=25977\" \/>\n<meta property=\"og:site_name\" content=\"Not&iacute;cias em Destaque\" \/>\n<meta property=\"article:published_time\" content=\"2020-07-20T12:17:10+00:00\" \/>\n<meta property=\"article:modified_time\" content=\"2020-07-20T12:17:49+00:00\" \/>\n<meta property=\"og:image\" content=\"https:\/\/noticiasemdestaque.com\/cd\/wp-content\/uploads\/2020\/07\/115352248_686009605281058_992442855644406073_n.jpg\" \/>\n\t<meta property=\"og:image:width\" content=\"591\" \/>\n\t<meta property=\"og:image:height\" content=\"519\" \/>\n\t<meta property=\"og:image:type\" content=\"image\/jpeg\" \/>\n<meta name=\"author\" content=\"Not\u00edcias em Destaque\" \/>\n<meta name=\"twitter:card\" content=\"summary_large_image\" \/>\n<meta name=\"twitter:label1\" content=\"Escrito por\" \/>\n\t<meta name=\"twitter:data1\" content=\"Not\u00edcias em Destaque\" \/>\n\t<meta name=\"twitter:label2\" content=\"Est. tempo de leitura\" \/>\n\t<meta name=\"twitter:data2\" content=\"1 minuto\" \/>\n<script type=\"application\/ld+json\" class=\"yoast-schema-graph\">{\"@context\":\"https:\/\/schema.org\",\"@graph\":[{\"@type\":\"Article\",\"@id\":\"https:\/\/noticiasemdestaque.com\/cd\/?p=25977#article\",\"isPartOf\":{\"@id\":\"https:\/\/noticiasemdestaque.com\/cd\/?p=25977\"},\"author\":{\"name\":\"Not\u00edcias em Destaque\",\"@id\":\"https:\/\/noticiasemdestaque.com\/cd\/#\/schema\/person\/21320b03a7e8bb90128938dafc9b908a\"},\"headline\":\"Prefeito In\u00e1cio N\u00f3brega emite nota de pesar pelo falecimento de forma prematura do Dep. Estadual Genival Matias.\",\"datePublished\":\"2020-07-20T12:17:10+00:00\",\"dateModified\":\"2020-07-20T12:17:49+00:00\",\"mainEntityOfPage\":{\"@id\":\"https:\/\/noticiasemdestaque.com\/cd\/?p=25977\"},\"wordCount\":173,\"publisher\":{\"@id\":\"https:\/\/noticiasemdestaque.com\/cd\/#organization\"},\"image\":{\"@id\":\"https:\/\/noticiasemdestaque.com\/cd\/?p=25977#primaryimage\"},\"thumbnailUrl\":\"https:\/\/noticiasemdestaque.com\/cd\/wp-content\/uploads\/2020\/07\/115352248_686009605281058_992442855644406073_n.jpg\",\"articleSection\":[\"Cidades\"],\"inLanguage\":\"pt-BR\"},{\"@type\":\"WebPage\",\"@id\":\"https:\/\/noticiasemdestaque.com\/cd\/?p=25977\",\"url\":\"https:\/\/noticiasemdestaque.com\/cd\/?p=25977\",\"name\":\"Prefeito In\u00e1cio N\u00f3brega emite nota de pesar pelo falecimento de forma prematura do Dep. Estadual Genival Matias. - Not&iacute;cias em Destaque\",\"isPartOf\":{\"@id\":\"https:\/\/noticiasemdestaque.com\/cd\/#website\"},\"primaryImageOfPage\":{\"@id\":\"https:\/\/noticiasemdestaque.com\/cd\/?p=25977#primaryimage\"},\"image\":{\"@id\":\"https:\/\/noticiasemdestaque.com\/cd\/?p=25977#primaryimage\"},\"thumbnailUrl\":\"https:\/\/noticiasemdestaque.com\/cd\/wp-content\/uploads\/2020\/07\/115352248_686009605281058_992442855644406073_n.jpg\",\"datePublished\":\"2020-07-20T12:17:10+00:00\",\"dateModified\":\"2020-07-20T12:17:49+00:00\",\"breadcrumb\":{\"@id\":\"https:\/\/noticiasemdestaque.com\/cd\/?p=25977#breadcrumb\"},\"inLanguage\":\"pt-BR\",\"potentialAction\":[{\"@type\":\"ReadAction\",\"target\":[\"https:\/\/noticiasemdestaque.com\/cd\/?p=25977\"]}]},{\"@type\":\"ImageObject\",\"inLanguage\":\"pt-BR\",\"@id\":\"https:\/\/noticiasemdestaque.com\/cd\/?p=25977#primaryimage\",\"url\":\"https:\/\/noticiasemdestaque.com\/cd\/wp-content\/uploads\/2020\/07\/115352248_686009605281058_992442855644406073_n.jpg\",\"contentUrl\":\"https:\/\/noticiasemdestaque.com\/cd\/wp-content\/uploads\/2020\/07\/115352248_686009605281058_992442855644406073_n.jpg\",\"width\":591,\"height\":519},{\"@type\":\"BreadcrumbList\",\"@id\":\"https:\/\/noticiasemdestaque.com\/cd\/?p=25977#breadcrumb\",\"itemListElement\":[{\"@type\":\"ListItem\",\"position\":1,\"name\":\"In\u00edcio\",\"item\":\"https:\/\/noticiasemdestaque.com\/cd\/\"},{\"@type\":\"ListItem\",\"position\":2,\"name\":\"Prefeito In\u00e1cio N\u00f3brega emite nota de pesar pelo falecimento de forma prematura do Dep. Estadual Genival Matias.\"}]},{\"@type\":\"WebSite\",\"@id\":\"https:\/\/noticiasemdestaque.com\/cd\/#website\",\"url\":\"https:\/\/noticiasemdestaque.com\/cd\/\",\"name\":\"Not&iacute;cias em Destaque\",\"description\":\"\",\"publisher\":{\"@id\":\"https:\/\/noticiasemdestaque.com\/cd\/#organization\"},\"potentialAction\":[{\"@type\":\"SearchAction\",\"target\":{\"@type\":\"EntryPoint\",\"urlTemplate\":\"https:\/\/noticiasemdestaque.com\/cd\/?s={search_term_string}\"},\"query-input\":{\"@type\":\"PropertyValueSpecification\",\"valueRequired\":true,\"valueName\":\"search_term_string\"}}],\"inLanguage\":\"pt-BR\"},{\"@type\":\"Organization\",\"@id\":\"https:\/\/noticiasemdestaque.com\/cd\/#organization\",\"name\":\"Not\u00edcias em Destaque\",\"url\":\"https:\/\/noticiasemdestaque.com\/cd\/\",\"logo\":{\"@type\":\"ImageObject\",\"inLanguage\":\"pt-BR\",\"@id\":\"https:\/\/noticiasemdestaque.com\/cd\/#\/schema\/logo\/image\/\",\"url\":\"https:\/\/noticiasemdestaque.com\/cd\/wp-content\/uploads\/2022\/05\/imagem-base-noticiasemdestaque.png\",\"contentUrl\":\"https:\/\/noticiasemdestaque.com\/cd\/wp-content\/uploads\/2022\/05\/imagem-base-noticiasemdestaque.png\",\"width\":1200,\"height\":630,\"caption\":\"Not\u00edcias em Destaque\"},\"image\":{\"@id\":\"https:\/\/noticiasemdestaque.com\/cd\/#\/schema\/logo\/image\/\"}},{\"@type\":\"Person\",\"@id\":\"https:\/\/noticiasemdestaque.com\/cd\/#\/schema\/person\/21320b03a7e8bb90128938dafc9b908a\",\"name\":\"Not\u00edcias em Destaque\",\"url\":\"https:\/\/noticiasemdestaque.com\/cd\/?author=2\"}]}<\/script>\n<!-- \/ Yoast SEO plugin. -->","yoast_head_json":{"title":"Prefeito In\u00e1cio N\u00f3brega emite nota de pesar pelo falecimento de forma prematura do Dep. Estadual Genival Matias. - Not&iacute;cias em Destaque","robots":{"index":"index","follow":"follow","max-snippet":"max-snippet:-1","max-image-preview":"max-image-preview:large","max-video-preview":"max-video-preview:-1"},"canonical":"https:\/\/noticiasemdestaque.com\/cd\/?p=25977","og_locale":"pt_BR","og_type":"article","og_title":"Prefeito In\u00e1cio N\u00f3brega emite nota de pesar pelo falecimento de forma prematura do Dep. Estadual Genival Matias. - Not&iacute;cias em Destaque","og_description":"Foi com profunda tristeza que recebemos a not\u00edcia da morte do nosso sempre t\u00e3o prestativo deputado Genival Matias. Ele que sempre se colocou \u00e0 disposi\u00e7\u00e3o das demandas do munic\u00edpio de Amparo, nos deixa uma lacuna muito grande. As pessoas s\u00e3o insubstitu\u00edveis em sua exist\u00eancia, e quando s\u00e3o especiais, al\u00e9m da falta que fazem \u00e0queles que as amam, deixam o mundo mais pobre. N\u00e3o temos palavras para expressar os nossos sentimentos. Pedimos a Deus que conforte o cora\u00e7\u00e3o dos familiares neste momento de dor. Que a luz e o amor divino pairem sobre a alma de quem sofre esta imensur\u00e1vel perda, e os console e lhes d\u00ea serenidade para atravessar essa tempestade. A Deus pedimos tamb\u00e9m que d\u00ea ao nosso amigo o merecido repouso eterno em seu reino. Muito respeitosamente, prestamos as nossas condol\u00eancias e deixamos os nossos mais sinceros p\u00easames.","og_url":"https:\/\/noticiasemdestaque.com\/cd\/?p=25977","og_site_name":"Not&iacute;cias em Destaque","article_published_time":"2020-07-20T12:17:10+00:00","article_modified_time":"2020-07-20T12:17:49+00:00","og_image":[{"width":591,"height":519,"url":"https:\/\/noticiasemdestaque.com\/cd\/wp-content\/uploads\/2020\/07\/115352248_686009605281058_992442855644406073_n.jpg","type":"image\/jpeg"}],"author":"Not\u00edcias em Destaque","twitter_card":"summary_large_image","twitter_misc":{"Escrito por":"Not\u00edcias em Destaque","Est. tempo de leitura":"1 minuto"},"schema":{"@context":"https:\/\/schema.org","@graph":[{"@type":"Article","@id":"https:\/\/noticiasemdestaque.com\/cd\/?p=25977#article","isPartOf":{"@id":"https:\/\/noticiasemdestaque.com\/cd\/?p=25977"},"author":{"name":"Not\u00edcias em Destaque","@id":"https:\/\/noticiasemdestaque.com\/cd\/#\/schema\/person\/21320b03a7e8bb90128938dafc9b908a"},"headline":"Prefeito In\u00e1cio N\u00f3brega emite nota de pesar pelo falecimento de forma prematura do Dep. Estadual Genival Matias.","datePublished":"2020-07-20T12:17:10+00:00","dateModified":"2020-07-20T12:17:49+00:00","mainEntityOfPage":{"@id":"https:\/\/noticiasemdestaque.com\/cd\/?p=25977"},"wordCount":173,"publisher":{"@id":"https:\/\/noticiasemdestaque.com\/cd\/#organization"},"image":{"@id":"https:\/\/noticiasemdestaque.com\/cd\/?p=25977#primaryimage"},"thumbnailUrl":"https:\/\/noticiasemdestaque.com\/cd\/wp-content\/uploads\/2020\/07\/115352248_686009605281058_992442855644406073_n.jpg","articleSection":["Cidades"],"inLanguage":"pt-BR"},{"@type":"WebPage","@id":"https:\/\/noticiasemdestaque.com\/cd\/?p=25977","url":"https:\/\/noticiasemdestaque.com\/cd\/?p=25977","name":"Prefeito In\u00e1cio N\u00f3brega emite nota de pesar pelo falecimento de forma prematura do Dep. Estadual Genival Matias. - Not&iacute;cias em Destaque","isPartOf":{"@id":"https:\/\/noticiasemdestaque.com\/cd\/#website"},"primaryImageOfPage":{"@id":"https:\/\/noticiasemdestaque.com\/cd\/?p=25977#primaryimage"},"image":{"@id":"https:\/\/noticiasemdestaque.com\/cd\/?p=25977#primaryimage"},"thumbnailUrl":"https:\/\/noticiasemdestaque.com\/cd\/wp-content\/uploads\/2020\/07\/115352248_686009605281058_992442855644406073_n.jpg","datePublished":"2020-07-20T12:17:10+00:00","dateModified":"2020-07-20T12:17:49+00:00","breadcrumb":{"@id":"https:\/\/noticiasemdestaque.com\/cd\/?p=25977#breadcrumb"},"inLanguage":"pt-BR","potentialAction":[{"@type":"ReadAction","target":["https:\/\/noticiasemdestaque.com\/cd\/?p=25977"]}]},{"@type":"ImageObject","inLanguage":"pt-BR","@id":"https:\/\/noticiasemdestaque.com\/cd\/?p=25977#primaryimage","url":"https:\/\/noticiasemdestaque.com\/cd\/wp-content\/uploads\/2020\/07\/115352248_686009605281058_992442855644406073_n.jpg","contentUrl":"https:\/\/noticiasemdestaque.com\/cd\/wp-content\/uploads\/2020\/07\/115352248_686009605281058_992442855644406073_n.jpg","width":591,"height":519},{"@type":"BreadcrumbList","@id":"https:\/\/noticiasemdestaque.com\/cd\/?p=25977#breadcrumb","itemListElement":[{"@type":"ListItem","position":1,"name":"In\u00edcio","item":"https:\/\/noticiasemdestaque.com\/cd\/"},{"@type":"ListItem","position":2,"name":"Prefeito In\u00e1cio N\u00f3brega emite nota de pesar pelo falecimento de forma prematura do Dep. Estadual Genival Matias."}]},{"@type":"WebSite","@id":"https:\/\/noticiasemdestaque.com\/cd\/#website","url":"https:\/\/noticiasemdestaque.com\/cd\/","name":"Not&iacute;cias em Destaque","description":"","publisher":{"@id":"https:\/\/noticiasemdestaque.com\/cd\/#organization"},"potentialAction":[{"@type":"SearchAction","target":{"@type":"EntryPoint","urlTemplate":"https:\/\/noticiasemdestaque.com\/cd\/?s={search_term_string}"},"query-input":{"@type":"PropertyValueSpecification","valueRequired":true,"valueName":"search_term_string"}}],"inLanguage":"pt-BR"},{"@type":"Organization","@id":"https:\/\/noticiasemdestaque.com\/cd\/#organization","name":"Not\u00edcias em Destaque","url":"https:\/\/noticiasemdestaque.com\/cd\/","logo":{"@type":"ImageObject","inLanguage":"pt-BR","@id":"https:\/\/noticiasemdestaque.com\/cd\/#\/schema\/logo\/image\/","url":"https:\/\/noticiasemdestaque.com\/cd\/wp-content\/uploads\/2022\/05\/imagem-base-noticiasemdestaque.png","contentUrl":"https:\/\/noticiasemdestaque.com\/cd\/wp-content\/uploads\/2022\/05\/imagem-base-noticiasemdestaque.png","width":1200,"height":630,"caption":"Not\u00edcias em Destaque"},"image":{"@id":"https:\/\/noticiasemdestaque.com\/cd\/#\/schema\/logo\/image\/"}},{"@type":"Person","@id":"https:\/\/noticiasemdestaque.com\/cd\/#\/schema\/person\/21320b03a7e8bb90128938dafc9b908a","name":"Not\u00edcias em Destaque","url":"https:\/\/noticiasemdestaque.com\/cd\/?author=2"}]}},"jetpack_featured_media_url":"https:\/\/noticiasemdestaque.com\/cd\/wp-content\/uploads\/2020\/07\/115352248_686009605281058_992442855644406073_n.jpg","jetpack_sharing_enabled":true,"_links":{"self":[{"href":"https:\/\/noticiasemdestaque.com\/cd\/index.php?rest_route=\/wp\/v2\/posts\/25977","targetHints":{"allow":["GET"]}}],"collection":[{"href":"https:\/\/noticiasemdestaque.com\/cd\/index.php?rest_route=\/wp\/v2\/posts"}],"about":[{"href":"https:\/\/noticiasemdestaque.com\/cd\/index.php?rest_route=\/wp\/v2\/types\/post"}],"author":[{"embeddable":true,"href":"https:\/\/noticiasemdestaque.com\/cd\/index.php?rest_route=\/wp\/v2\/users\/2"}],"replies":[{"embeddable":true,"href":"https:\/\/noticiasemdestaque.com\/cd\/index.php?rest_route=%2Fwp%2Fv2%2Fcomments&post=25977"}],"version-history":[{"count":2,"href":"https:\/\/noticiasemdestaque.com\/cd\/index.php?rest_route=\/wp\/v2\/posts\/25977\/revisions"}],"predecessor-version":[{"id":25982,"href":"https:\/\/noticiasemdestaque.com\/cd\/index.php?rest_route=\/wp\/v2\/posts\/25977\/revisions\/25982"}],"wp:featuredmedia":[{"embeddable":true,"href":"https:\/\/noticiasemdestaque.com\/cd\/index.php?rest_route=\/wp\/v2\/media\/25980"}],"wp:attachment":[{"href":"https:\/\/noticiasemdestaque.com\/cd\/index.php?rest_route=%2Fwp%2Fv2%2Fmedia&parent=25977"}],"wp:term":[{"taxonomy":"category","embeddable":true,"href":"https:\/\/noticiasemdestaque.com\/cd\/index.php?rest_route=%2Fwp%2Fv2%2Fcategories&post=25977"},{"taxonomy":"post_tag","embeddable":true,"href":"https:\/\/noticiasemdestaque.com\/cd\/index.php?rest_route=%2Fwp%2Fv2%2Ftags&post=25977"}],"curies":[{"name":"wp","href":"https:\/\/api.w.org\/{rel}","templated":true}]}}