{"id":25975,"date":"2020-07-20T07:31:06","date_gmt":"2020-07-20T10:31:06","guid":{"rendered":"http:\/\/noticiasemdestaque.com\/cd\/?p=25975"},"modified":"2020-07-20T07:31:06","modified_gmt":"2020-07-20T10:31:06","slug":"anisio-maia-assumira-vaga-deixada-pelo-deputado-genival-matias-na-assembleia-legislativa-da-paraiba","status":"publish","type":"post","link":"https:\/\/noticiasemdestaque.com\/cd\/?p=25975","title":{"rendered":"An\u00edsio Maia assumir\u00e1 vaga deixada pelo deputado Genival Matias na Assembleia Legislativa da Para\u00edba"},"content":{"rendered":"<p><a href=\"https:\/\/noticiasemdestaque.com\/cd\/wp-content\/uploads\/2020\/02\/An\u00edsio-Maia2.jpg\"><img fetchpriority=\"high\" decoding=\"async\" class=\"size-full wp-image-22911 aligncenter\" src=\"https:\/\/noticiasemdestaque.com\/cd\/wp-content\/uploads\/2020\/02\/An\u00edsio-Maia2.jpg\" alt=\"\" width=\"427\" height=\"320\" srcset=\"https:\/\/noticiasemdestaque.com\/cd\/wp-content\/uploads\/2020\/02\/An\u00edsio-Maia2.jpg 427w, https:\/\/noticiasemdestaque.com\/cd\/wp-content\/uploads\/2020\/02\/An\u00edsio-Maia2-300x225.jpg 300w\" sizes=\"(max-width: 427px) 100vw, 427px\" \/><\/a><\/p>\n<p>Com a morte do deputado estadual Genival Matias (Avante), assumira a vaga o\u00a0suplente de deputado estadual An\u00edsio Maia (PT) que \u00e9 o primeiro suplente da coliga\u00e7\u00e3o A For\u00e7a do Trabalho IV, composta pelos partidos PT, Pros e Avante.<\/p>\n<p>Em maio de 2019, An\u00edsio substituiu o deputado Genival Matias, que se afastou das atividades parlamentares por 121 dias para resolver problemas particulares e realizar tratamento de sa\u00fade. Quem assume a vaga deixada por An\u00edsio Maia \u00e9 o deputado Jac\u00f3 Maciel.<\/p>\n<p>O deputado Genival Matias estava em seu terceiro mandato<\/p>\n","protected":false},"excerpt":{"rendered":"<p>Com a morte do deputado estadual Genival Matias (Avante), assumira a vaga o\u00a0suplente de deputado estadual An\u00edsio Maia (PT) que \u00e9 o primeiro suplente da coliga\u00e7\u00e3o A For\u00e7a do Trabalho IV, composta pelos partidos PT, Pros e Avante. Em maio de 2019, An\u00edsio substituiu o deputado Genival Matias, que se afastou das atividades parlamentares por 121 dias para resolver problemas particulares e realizar tratamento de sa\u00fade. Quem assume a vaga deixada por An\u00edsio Maia \u00e9 o deputado Jac\u00f3 Maciel. O deputado Genival Matias estava em seu terceiro mandato<\/p>\n","protected":false},"author":2,"featured_media":22911,"comment_status":"closed","ping_status":"open","sticky":false,"template":"","format":"standard","meta":{"_eb_attr":"","_jetpack_memberships_contains_paid_content":false,"footnotes":""},"categories":[4],"tags":[],"class_list":["post-25975","post","type-post","status-publish","format-standard","has-post-thumbnail","hentry","category-politica"],"yoast_head":"<!-- This site is optimized with the Yoast SEO plugin v26.5 - https:\/\/yoast.com\/wordpress\/plugins\/seo\/ -->\n<title>An\u00edsio Maia assumir\u00e1 vaga deixada pelo deputado Genival Matias na Assembleia Legislativa da Para\u00edba - Not&iacute;cias em Destaque<\/title>\n<meta name=\"robots\" content=\"index, follow, max-snippet:-1, max-image-preview:large, max-video-preview:-1\" \/>\n<link rel=\"canonical\" href=\"https:\/\/noticiasemdestaque.com\/cd\/?p=25975\" \/>\n<meta property=\"og:locale\" content=\"pt_BR\" \/>\n<meta property=\"og:type\" content=\"article\" \/>\n<meta property=\"og:title\" content=\"An\u00edsio Maia assumir\u00e1 vaga deixada pelo deputado Genival Matias na Assembleia Legislativa da Para\u00edba - Not&iacute;cias em Destaque\" \/>\n<meta property=\"og:description\" content=\"Com a morte do deputado estadual Genival Matias (Avante), assumira a vaga o\u00a0suplente de deputado estadual An\u00edsio Maia (PT) que \u00e9 o primeiro suplente da coliga\u00e7\u00e3o A For\u00e7a do Trabalho IV, composta pelos partidos PT, Pros e Avante. Em maio de 2019, An\u00edsio substituiu o deputado Genival Matias, que se afastou das atividades parlamentares por 121 dias para resolver problemas particulares e realizar tratamento de sa\u00fade. Quem assume a vaga deixada por An\u00edsio Maia \u00e9 o deputado Jac\u00f3 Maciel. O deputado Genival Matias estava em seu terceiro mandato\" \/>\n<meta property=\"og:url\" content=\"https:\/\/noticiasemdestaque.com\/cd\/?p=25975\" \/>\n<meta property=\"og:site_name\" content=\"Not&iacute;cias em Destaque\" \/>\n<meta property=\"article:published_time\" content=\"2020-07-20T10:31:06+00:00\" \/>\n<meta property=\"og:image\" content=\"https:\/\/noticiasemdestaque.com\/cd\/wp-content\/uploads\/2020\/02\/An\u00edsio-Maia2.jpg\" \/>\n\t<meta property=\"og:image:width\" content=\"427\" \/>\n\t<meta property=\"og:image:height\" content=\"320\" \/>\n\t<meta property=\"og:image:type\" content=\"image\/jpeg\" \/>\n<meta name=\"author\" content=\"Not\u00edcias em Destaque\" \/>\n<meta name=\"twitter:card\" content=\"summary_large_image\" \/>\n<meta name=\"twitter:label1\" content=\"Escrito por\" \/>\n\t<meta name=\"twitter:data1\" content=\"Not\u00edcias em Destaque\" \/>\n<script type=\"application\/ld+json\" class=\"yoast-schema-graph\">{\"@context\":\"https:\/\/schema.org\",\"@graph\":[{\"@type\":\"Article\",\"@id\":\"https:\/\/noticiasemdestaque.com\/cd\/?p=25975#article\",\"isPartOf\":{\"@id\":\"https:\/\/noticiasemdestaque.com\/cd\/?p=25975\"},\"author\":{\"name\":\"Not\u00edcias em Destaque\",\"@id\":\"https:\/\/noticiasemdestaque.com\/cd\/#\/schema\/person\/21320b03a7e8bb90128938dafc9b908a\"},\"headline\":\"An\u00edsio Maia assumir\u00e1 vaga deixada pelo deputado Genival Matias na Assembleia Legislativa da Para\u00edba\",\"datePublished\":\"2020-07-20T10:31:06+00:00\",\"mainEntityOfPage\":{\"@id\":\"https:\/\/noticiasemdestaque.com\/cd\/?p=25975\"},\"wordCount\":107,\"publisher\":{\"@id\":\"https:\/\/noticiasemdestaque.com\/cd\/#organization\"},\"image\":{\"@id\":\"https:\/\/noticiasemdestaque.com\/cd\/?p=25975#primaryimage\"},\"thumbnailUrl\":\"https:\/\/noticiasemdestaque.com\/cd\/wp-content\/uploads\/2020\/02\/An\u00edsio-Maia2.jpg\",\"articleSection\":[\"Pol\u00edtica\"],\"inLanguage\":\"pt-BR\"},{\"@type\":\"WebPage\",\"@id\":\"https:\/\/noticiasemdestaque.com\/cd\/?p=25975\",\"url\":\"https:\/\/noticiasemdestaque.com\/cd\/?p=25975\",\"name\":\"An\u00edsio Maia assumir\u00e1 vaga deixada pelo deputado Genival Matias na Assembleia Legislativa da Para\u00edba - Not&iacute;cias em Destaque\",\"isPartOf\":{\"@id\":\"https:\/\/noticiasemdestaque.com\/cd\/#website\"},\"primaryImageOfPage\":{\"@id\":\"https:\/\/noticiasemdestaque.com\/cd\/?p=25975#primaryimage\"},\"image\":{\"@id\":\"https:\/\/noticiasemdestaque.com\/cd\/?p=25975#primaryimage\"},\"thumbnailUrl\":\"https:\/\/noticiasemdestaque.com\/cd\/wp-content\/uploads\/2020\/02\/An\u00edsio-Maia2.jpg\",\"datePublished\":\"2020-07-20T10:31:06+00:00\",\"breadcrumb\":{\"@id\":\"https:\/\/noticiasemdestaque.com\/cd\/?p=25975#breadcrumb\"},\"inLanguage\":\"pt-BR\",\"potentialAction\":[{\"@type\":\"ReadAction\",\"target\":[\"https:\/\/noticiasemdestaque.com\/cd\/?p=25975\"]}]},{\"@type\":\"ImageObject\",\"inLanguage\":\"pt-BR\",\"@id\":\"https:\/\/noticiasemdestaque.com\/cd\/?p=25975#primaryimage\",\"url\":\"https:\/\/noticiasemdestaque.com\/cd\/wp-content\/uploads\/2020\/02\/An\u00edsio-Maia2.jpg\",\"contentUrl\":\"https:\/\/noticiasemdestaque.com\/cd\/wp-content\/uploads\/2020\/02\/An\u00edsio-Maia2.jpg\",\"width\":427,\"height\":320},{\"@type\":\"BreadcrumbList\",\"@id\":\"https:\/\/noticiasemdestaque.com\/cd\/?p=25975#breadcrumb\",\"itemListElement\":[{\"@type\":\"ListItem\",\"position\":1,\"name\":\"In\u00edcio\",\"item\":\"https:\/\/noticiasemdestaque.com\/cd\/\"},{\"@type\":\"ListItem\",\"position\":2,\"name\":\"An\u00edsio Maia assumir\u00e1 vaga deixada pelo deputado Genival Matias na Assembleia Legislativa da Para\u00edba\"}]},{\"@type\":\"WebSite\",\"@id\":\"https:\/\/noticiasemdestaque.com\/cd\/#website\",\"url\":\"https:\/\/noticiasemdestaque.com\/cd\/\",\"name\":\"Not&iacute;cias em Destaque\",\"description\":\"\",\"publisher\":{\"@id\":\"https:\/\/noticiasemdestaque.com\/cd\/#organization\"},\"potentialAction\":[{\"@type\":\"SearchAction\",\"target\":{\"@type\":\"EntryPoint\",\"urlTemplate\":\"https:\/\/noticiasemdestaque.com\/cd\/?s={search_term_string}\"},\"query-input\":{\"@type\":\"PropertyValueSpecification\",\"valueRequired\":true,\"valueName\":\"search_term_string\"}}],\"inLanguage\":\"pt-BR\"},{\"@type\":\"Organization\",\"@id\":\"https:\/\/noticiasemdestaque.com\/cd\/#organization\",\"name\":\"Not\u00edcias em Destaque\",\"url\":\"https:\/\/noticiasemdestaque.com\/cd\/\",\"logo\":{\"@type\":\"ImageObject\",\"inLanguage\":\"pt-BR\",\"@id\":\"https:\/\/noticiasemdestaque.com\/cd\/#\/schema\/logo\/image\/\",\"url\":\"https:\/\/noticiasemdestaque.com\/cd\/wp-content\/uploads\/2022\/05\/imagem-base-noticiasemdestaque.png\",\"contentUrl\":\"https:\/\/noticiasemdestaque.com\/cd\/wp-content\/uploads\/2022\/05\/imagem-base-noticiasemdestaque.png\",\"width\":1200,\"height\":630,\"caption\":\"Not\u00edcias em Destaque\"},\"image\":{\"@id\":\"https:\/\/noticiasemdestaque.com\/cd\/#\/schema\/logo\/image\/\"}},{\"@type\":\"Person\",\"@id\":\"https:\/\/noticiasemdestaque.com\/cd\/#\/schema\/person\/21320b03a7e8bb90128938dafc9b908a\",\"name\":\"Not\u00edcias em Destaque\",\"url\":\"https:\/\/noticiasemdestaque.com\/cd\/?author=2\"}]}<\/script>\n<!-- \/ Yoast SEO plugin. -->","yoast_head_json":{"title":"An\u00edsio Maia assumir\u00e1 vaga deixada pelo deputado Genival Matias na Assembleia Legislativa da Para\u00edba - Not&iacute;cias em Destaque","robots":{"index":"index","follow":"follow","max-snippet":"max-snippet:-1","max-image-preview":"max-image-preview:large","max-video-preview":"max-video-preview:-1"},"canonical":"https:\/\/noticiasemdestaque.com\/cd\/?p=25975","og_locale":"pt_BR","og_type":"article","og_title":"An\u00edsio Maia assumir\u00e1 vaga deixada pelo deputado Genival Matias na Assembleia Legislativa da Para\u00edba - Not&iacute;cias em Destaque","og_description":"Com a morte do deputado estadual Genival Matias (Avante), assumira a vaga o\u00a0suplente de deputado estadual An\u00edsio Maia (PT) que \u00e9 o primeiro suplente da coliga\u00e7\u00e3o A For\u00e7a do Trabalho IV, composta pelos partidos PT, Pros e Avante. Em maio de 2019, An\u00edsio substituiu o deputado Genival Matias, que se afastou das atividades parlamentares por 121 dias para resolver problemas particulares e realizar tratamento de sa\u00fade. Quem assume a vaga deixada por An\u00edsio Maia \u00e9 o deputado Jac\u00f3 Maciel. O deputado Genival Matias estava em seu terceiro mandato","og_url":"https:\/\/noticiasemdestaque.com\/cd\/?p=25975","og_site_name":"Not&iacute;cias em Destaque","article_published_time":"2020-07-20T10:31:06+00:00","og_image":[{"width":427,"height":320,"url":"https:\/\/noticiasemdestaque.com\/cd\/wp-content\/uploads\/2020\/02\/An\u00edsio-Maia2.jpg","type":"image\/jpeg"}],"author":"Not\u00edcias em Destaque","twitter_card":"summary_large_image","twitter_misc":{"Escrito por":"Not\u00edcias em Destaque"},"schema":{"@context":"https:\/\/schema.org","@graph":[{"@type":"Article","@id":"https:\/\/noticiasemdestaque.com\/cd\/?p=25975#article","isPartOf":{"@id":"https:\/\/noticiasemdestaque.com\/cd\/?p=25975"},"author":{"name":"Not\u00edcias em Destaque","@id":"https:\/\/noticiasemdestaque.com\/cd\/#\/schema\/person\/21320b03a7e8bb90128938dafc9b908a"},"headline":"An\u00edsio Maia assumir\u00e1 vaga deixada pelo deputado Genival Matias na Assembleia Legislativa da Para\u00edba","datePublished":"2020-07-20T10:31:06+00:00","mainEntityOfPage":{"@id":"https:\/\/noticiasemdestaque.com\/cd\/?p=25975"},"wordCount":107,"publisher":{"@id":"https:\/\/noticiasemdestaque.com\/cd\/#organization"},"image":{"@id":"https:\/\/noticiasemdestaque.com\/cd\/?p=25975#primaryimage"},"thumbnailUrl":"https:\/\/noticiasemdestaque.com\/cd\/wp-content\/uploads\/2020\/02\/An\u00edsio-Maia2.jpg","articleSection":["Pol\u00edtica"],"inLanguage":"pt-BR"},{"@type":"WebPage","@id":"https:\/\/noticiasemdestaque.com\/cd\/?p=25975","url":"https:\/\/noticiasemdestaque.com\/cd\/?p=25975","name":"An\u00edsio Maia assumir\u00e1 vaga deixada pelo deputado Genival Matias na Assembleia Legislativa da Para\u00edba - Not&iacute;cias em Destaque","isPartOf":{"@id":"https:\/\/noticiasemdestaque.com\/cd\/#website"},"primaryImageOfPage":{"@id":"https:\/\/noticiasemdestaque.com\/cd\/?p=25975#primaryimage"},"image":{"@id":"https:\/\/noticiasemdestaque.com\/cd\/?p=25975#primaryimage"},"thumbnailUrl":"https:\/\/noticiasemdestaque.com\/cd\/wp-content\/uploads\/2020\/02\/An\u00edsio-Maia2.jpg","datePublished":"2020-07-20T10:31:06+00:00","breadcrumb":{"@id":"https:\/\/noticiasemdestaque.com\/cd\/?p=25975#breadcrumb"},"inLanguage":"pt-BR","potentialAction":[{"@type":"ReadAction","target":["https:\/\/noticiasemdestaque.com\/cd\/?p=25975"]}]},{"@type":"ImageObject","inLanguage":"pt-BR","@id":"https:\/\/noticiasemdestaque.com\/cd\/?p=25975#primaryimage","url":"https:\/\/noticiasemdestaque.com\/cd\/wp-content\/uploads\/2020\/02\/An\u00edsio-Maia2.jpg","contentUrl":"https:\/\/noticiasemdestaque.com\/cd\/wp-content\/uploads\/2020\/02\/An\u00edsio-Maia2.jpg","width":427,"height":320},{"@type":"BreadcrumbList","@id":"https:\/\/noticiasemdestaque.com\/cd\/?p=25975#breadcrumb","itemListElement":[{"@type":"ListItem","position":1,"name":"In\u00edcio","item":"https:\/\/noticiasemdestaque.com\/cd\/"},{"@type":"ListItem","position":2,"name":"An\u00edsio Maia assumir\u00e1 vaga deixada pelo deputado Genival Matias na Assembleia Legislativa da Para\u00edba"}]},{"@type":"WebSite","@id":"https:\/\/noticiasemdestaque.com\/cd\/#website","url":"https:\/\/noticiasemdestaque.com\/cd\/","name":"Not&iacute;cias em Destaque","description":"","publisher":{"@id":"https:\/\/noticiasemdestaque.com\/cd\/#organization"},"potentialAction":[{"@type":"SearchAction","target":{"@type":"EntryPoint","urlTemplate":"https:\/\/noticiasemdestaque.com\/cd\/?s={search_term_string}"},"query-input":{"@type":"PropertyValueSpecification","valueRequired":true,"valueName":"search_term_string"}}],"inLanguage":"pt-BR"},{"@type":"Organization","@id":"https:\/\/noticiasemdestaque.com\/cd\/#organization","name":"Not\u00edcias em Destaque","url":"https:\/\/noticiasemdestaque.com\/cd\/","logo":{"@type":"ImageObject","inLanguage":"pt-BR","@id":"https:\/\/noticiasemdestaque.com\/cd\/#\/schema\/logo\/image\/","url":"https:\/\/noticiasemdestaque.com\/cd\/wp-content\/uploads\/2022\/05\/imagem-base-noticiasemdestaque.png","contentUrl":"https:\/\/noticiasemdestaque.com\/cd\/wp-content\/uploads\/2022\/05\/imagem-base-noticiasemdestaque.png","width":1200,"height":630,"caption":"Not\u00edcias em Destaque"},"image":{"@id":"https:\/\/noticiasemdestaque.com\/cd\/#\/schema\/logo\/image\/"}},{"@type":"Person","@id":"https:\/\/noticiasemdestaque.com\/cd\/#\/schema\/person\/21320b03a7e8bb90128938dafc9b908a","name":"Not\u00edcias em Destaque","url":"https:\/\/noticiasemdestaque.com\/cd\/?author=2"}]}},"jetpack_featured_media_url":"https:\/\/noticiasemdestaque.com\/cd\/wp-content\/uploads\/2020\/02\/An\u00edsio-Maia2.jpg","jetpack_sharing_enabled":true,"_links":{"self":[{"href":"https:\/\/noticiasemdestaque.com\/cd\/index.php?rest_route=\/wp\/v2\/posts\/25975","targetHints":{"allow":["GET"]}}],"collection":[{"href":"https:\/\/noticiasemdestaque.com\/cd\/index.php?rest_route=\/wp\/v2\/posts"}],"about":[{"href":"https:\/\/noticiasemdestaque.com\/cd\/index.php?rest_route=\/wp\/v2\/types\/post"}],"author":[{"embeddable":true,"href":"https:\/\/noticiasemdestaque.com\/cd\/index.php?rest_route=\/wp\/v2\/users\/2"}],"replies":[{"embeddable":true,"href":"https:\/\/noticiasemdestaque.com\/cd\/index.php?rest_route=%2Fwp%2Fv2%2Fcomments&post=25975"}],"version-history":[{"count":1,"href":"https:\/\/noticiasemdestaque.com\/cd\/index.php?rest_route=\/wp\/v2\/posts\/25975\/revisions"}],"predecessor-version":[{"id":25976,"href":"https:\/\/noticiasemdestaque.com\/cd\/index.php?rest_route=\/wp\/v2\/posts\/25975\/revisions\/25976"}],"wp:featuredmedia":[{"embeddable":true,"href":"https:\/\/noticiasemdestaque.com\/cd\/index.php?rest_route=\/wp\/v2\/media\/22911"}],"wp:attachment":[{"href":"https:\/\/noticiasemdestaque.com\/cd\/index.php?rest_route=%2Fwp%2Fv2%2Fmedia&parent=25975"}],"wp:term":[{"taxonomy":"category","embeddable":true,"href":"https:\/\/noticiasemdestaque.com\/cd\/index.php?rest_route=%2Fwp%2Fv2%2Fcategories&post=25975"},{"taxonomy":"post_tag","embeddable":true,"href":"https:\/\/noticiasemdestaque.com\/cd\/index.php?rest_route=%2Fwp%2Fv2%2Ftags&post=25975"}],"curies":[{"name":"wp","href":"https:\/\/api.w.org\/{rel}","templated":true}]}}