{"id":25963,"date":"2020-07-17T18:38:53","date_gmt":"2020-07-17T21:38:53","guid":{"rendered":"http:\/\/noticiasemdestaque.com\/cd\/?p=25963"},"modified":"2020-07-17T18:38:53","modified_gmt":"2020-07-17T21:38:53","slug":"flamengo-confirma-saida-de-jorge-jesus-para-o-benfica","status":"publish","type":"post","link":"https:\/\/noticiasemdestaque.com\/cd\/?p=25963","title":{"rendered":"Flamengo confirma sa\u00edda de Jorge Jesus para o Benfica"},"content":{"rendered":"<div class=\"mc-column content-text active-extra-styles \" data-block-type=\"unstyled\" data-block-weight=\"51\" data-block-id=\"23\">\n<p data-track-category=\"Link no Texto\" data-track-links=\"\"><a href=\"https:\/\/noticiasemdestaque.com\/cd\/wp-content\/uploads\/2020\/07\/jorgejesus3.jpg\"><img fetchpriority=\"high\" decoding=\"async\" class=\"size-full wp-image-25964 aligncenter\" src=\"https:\/\/noticiasemdestaque.com\/cd\/wp-content\/uploads\/2020\/07\/jorgejesus3.jpg\" alt=\"\" width=\"984\" height=\"554\" srcset=\"https:\/\/noticiasemdestaque.com\/cd\/wp-content\/uploads\/2020\/07\/jorgejesus3.jpg 984w, https:\/\/noticiasemdestaque.com\/cd\/wp-content\/uploads\/2020\/07\/jorgejesus3-300x169.jpg 300w, https:\/\/noticiasemdestaque.com\/cd\/wp-content\/uploads\/2020\/07\/jorgejesus3-768x432.jpg 768w\" sizes=\"(max-width: 984px) 100vw, 984px\" \/><\/a><\/p>\n<p class=\"content-text__container \" data-track-category=\"Link no Texto\" data-track-links=\"\"><em>&#8220;O Clube de Regatas do Flamengo informa que, em reuni\u00e3o realizada na tarde desta sexta-feira (17), o t\u00e9cnico Jorge Jesus comunicou que, exercendo seu direito contratual, est\u00e1 se desligando do Clube para voltar para Portugal. Apesar de lamentar a perda de seu vitorioso t\u00e9cnico, o Flamengo respeita esta decis\u00e3o pessoal.<\/em><\/p>\n<\/div>\n<div class=\"mc-column content-text active-extra-styles \" data-block-type=\"unstyled\" data-block-weight=\"50\" data-block-id=\"24\">\n<p class=\"content-text__container \" data-track-category=\"Link no Texto\" data-track-links=\"\"><em>Nos 13 meses que Jorge Jesus dirigiu nosso time de futebol profissional, o Flamengo teve uma performance espetacular, conquistando a Copa Libertadores (2019), o Campeonato Brasileiro (2019), a Supercopa do Brasil (2020), a Recopa Sul-Americana (2020), a Ta\u00e7a Guanabara (2020) e, na \u00faltima quarta-feira (15), o Campeonato Carioca (2020).<\/em><\/p>\n<\/div>\n<div class=\"mc-column content-text active-extra-styles \" data-block-type=\"unstyled\" data-block-weight=\"49\" data-block-id=\"25\">\n<p class=\"content-text__container \" data-track-category=\"Link no Texto\" data-track-links=\"\"><em>Em nome de toda a diretoria e dos 42 milh\u00f5es de rubro-negros que formam a Maior Torcida do Mundo, o nosso maior agradecimento a ele e toda sua comiss\u00e3o t\u00e9cnica por tudo o que foi feito e o nosso desejo que continuem mantendo o enorme sucesso como tiveram conosco.<\/em><\/p>\n<\/div>\n<div class=\"mc-column content-text active-extra-styles \" data-block-type=\"unstyled\" data-block-weight=\"26\" data-block-id=\"26\">\n<p class=\"content-text__container \" data-track-category=\"Link no Texto\" data-track-links=\"\"><em>O Flamengo, seguindo o que seu hino preconiza &#8211; e que t\u00e3o bem Jorge Jesus representou &#8211; continuar\u00e1 no seu objetivo de sempre: Vencer, vencer, vencer!&#8221;<\/em><\/p>\n<\/div>\n","protected":false},"excerpt":{"rendered":"<p>&#8220;O Clube de Regatas do Flamengo informa que, em reuni\u00e3o realizada na tarde desta sexta-feira (17), o t\u00e9cnico Jorge Jesus comunicou que, exercendo seu direito contratual, est\u00e1 se desligando do Clube para voltar para Portugal. Apesar de lamentar a perda de seu vitorioso t\u00e9cnico, o Flamengo respeita esta decis\u00e3o pessoal. Nos 13 meses que Jorge Jesus dirigiu nosso time de futebol profissional, o Flamengo teve uma performance espetacular, conquistando a Copa Libertadores (2019), o Campeonato Brasileiro (2019), a Supercopa do Brasil (2020), a Recopa Sul-Americana (2020), a Ta\u00e7a Guanabara (2020) e, na \u00faltima quarta-feira (15), o Campeonato Carioca (2020). Em nome de toda a diretoria e dos 42 milh\u00f5es de rubro-negros que formam a Maior Torcida do Mundo, o nosso maior agradecimento a ele e toda sua comiss\u00e3o t\u00e9cnica por tudo o que foi feito e o nosso desejo que continuem mantendo o enorme sucesso como tiveram conosco. O Flamengo, seguindo o que seu hino preconiza &#8211; e que t\u00e3o bem Jorge Jesus representou &#8211; continuar\u00e1 no seu objetivo de sempre: Vencer, vencer, vencer!&#8221;<\/p>\n","protected":false},"author":2,"featured_media":25964,"comment_status":"closed","ping_status":"open","sticky":false,"template":"","format":"standard","meta":{"_eb_attr":"","_jetpack_memberships_contains_paid_content":false,"footnotes":""},"categories":[12],"tags":[],"class_list":["post-25963","post","type-post","status-publish","format-standard","has-post-thumbnail","hentry","category-geral"],"yoast_head":"<!-- This site is optimized with the Yoast SEO plugin v26.5 - https:\/\/yoast.com\/wordpress\/plugins\/seo\/ -->\n<title>Flamengo confirma sa\u00edda de Jorge Jesus para o Benfica - Not&iacute;cias em Destaque<\/title>\n<meta name=\"robots\" content=\"index, follow, max-snippet:-1, max-image-preview:large, max-video-preview:-1\" \/>\n<link rel=\"canonical\" href=\"https:\/\/noticiasemdestaque.com\/cd\/?p=25963\" \/>\n<meta property=\"og:locale\" content=\"pt_BR\" \/>\n<meta property=\"og:type\" content=\"article\" \/>\n<meta property=\"og:title\" content=\"Flamengo confirma sa\u00edda de Jorge Jesus para o Benfica - Not&iacute;cias em Destaque\" \/>\n<meta property=\"og:description\" content=\"&#8220;O Clube de Regatas do Flamengo informa que, em reuni\u00e3o realizada na tarde desta sexta-feira (17), o t\u00e9cnico Jorge Jesus comunicou que, exercendo seu direito contratual, est\u00e1 se desligando do Clube para voltar para Portugal. Apesar de lamentar a perda de seu vitorioso t\u00e9cnico, o Flamengo respeita esta decis\u00e3o pessoal. Nos 13 meses que Jorge Jesus dirigiu nosso time de futebol profissional, o Flamengo teve uma performance espetacular, conquistando a Copa Libertadores (2019), o Campeonato Brasileiro (2019), a Supercopa do Brasil (2020), a Recopa Sul-Americana (2020), a Ta\u00e7a Guanabara (2020) e, na \u00faltima quarta-feira (15), o Campeonato Carioca (2020). Em nome de toda a diretoria e dos 42 milh\u00f5es de rubro-negros que formam a Maior Torcida do Mundo, o nosso maior agradecimento a ele e toda sua comiss\u00e3o t\u00e9cnica por tudo o que foi feito e o nosso desejo que continuem mantendo o enorme sucesso como tiveram conosco. O Flamengo, seguindo o que seu hino preconiza &#8211; e que t\u00e3o bem Jorge Jesus representou &#8211; continuar\u00e1 no seu objetivo de sempre: Vencer, vencer, vencer!&#8221;\" \/>\n<meta property=\"og:url\" content=\"https:\/\/noticiasemdestaque.com\/cd\/?p=25963\" \/>\n<meta property=\"og:site_name\" content=\"Not&iacute;cias em Destaque\" \/>\n<meta property=\"article:published_time\" content=\"2020-07-17T21:38:53+00:00\" \/>\n<meta property=\"og:image\" content=\"https:\/\/noticiasemdestaque.com\/cd\/wp-content\/uploads\/2020\/07\/jorgejesus3.jpg\" \/>\n\t<meta property=\"og:image:width\" content=\"984\" \/>\n\t<meta property=\"og:image:height\" content=\"554\" \/>\n\t<meta property=\"og:image:type\" content=\"image\/jpeg\" \/>\n<meta name=\"author\" content=\"Not\u00edcias em Destaque\" \/>\n<meta name=\"twitter:card\" content=\"summary_large_image\" \/>\n<meta name=\"twitter:label1\" content=\"Escrito por\" \/>\n\t<meta name=\"twitter:data1\" content=\"Not\u00edcias em Destaque\" \/>\n\t<meta name=\"twitter:label2\" content=\"Est. tempo de leitura\" \/>\n\t<meta name=\"twitter:data2\" content=\"1 minuto\" \/>\n<script type=\"application\/ld+json\" class=\"yoast-schema-graph\">{\"@context\":\"https:\/\/schema.org\",\"@graph\":[{\"@type\":\"Article\",\"@id\":\"https:\/\/noticiasemdestaque.com\/cd\/?p=25963#article\",\"isPartOf\":{\"@id\":\"https:\/\/noticiasemdestaque.com\/cd\/?p=25963\"},\"author\":{\"name\":\"Not\u00edcias em Destaque\",\"@id\":\"https:\/\/noticiasemdestaque.com\/cd\/#\/schema\/person\/21320b03a7e8bb90128938dafc9b908a\"},\"headline\":\"Flamengo confirma sa\u00edda de Jorge Jesus para o Benfica\",\"datePublished\":\"2020-07-17T21:38:53+00:00\",\"mainEntityOfPage\":{\"@id\":\"https:\/\/noticiasemdestaque.com\/cd\/?p=25963\"},\"wordCount\":183,\"publisher\":{\"@id\":\"https:\/\/noticiasemdestaque.com\/cd\/#organization\"},\"image\":{\"@id\":\"https:\/\/noticiasemdestaque.com\/cd\/?p=25963#primaryimage\"},\"thumbnailUrl\":\"https:\/\/noticiasemdestaque.com\/cd\/wp-content\/uploads\/2020\/07\/jorgejesus3.jpg\",\"articleSection\":[\"Geral\"],\"inLanguage\":\"pt-BR\"},{\"@type\":\"WebPage\",\"@id\":\"https:\/\/noticiasemdestaque.com\/cd\/?p=25963\",\"url\":\"https:\/\/noticiasemdestaque.com\/cd\/?p=25963\",\"name\":\"Flamengo confirma sa\u00edda de Jorge Jesus para o Benfica - Not&iacute;cias em Destaque\",\"isPartOf\":{\"@id\":\"https:\/\/noticiasemdestaque.com\/cd\/#website\"},\"primaryImageOfPage\":{\"@id\":\"https:\/\/noticiasemdestaque.com\/cd\/?p=25963#primaryimage\"},\"image\":{\"@id\":\"https:\/\/noticiasemdestaque.com\/cd\/?p=25963#primaryimage\"},\"thumbnailUrl\":\"https:\/\/noticiasemdestaque.com\/cd\/wp-content\/uploads\/2020\/07\/jorgejesus3.jpg\",\"datePublished\":\"2020-07-17T21:38:53+00:00\",\"breadcrumb\":{\"@id\":\"https:\/\/noticiasemdestaque.com\/cd\/?p=25963#breadcrumb\"},\"inLanguage\":\"pt-BR\",\"potentialAction\":[{\"@type\":\"ReadAction\",\"target\":[\"https:\/\/noticiasemdestaque.com\/cd\/?p=25963\"]}]},{\"@type\":\"ImageObject\",\"inLanguage\":\"pt-BR\",\"@id\":\"https:\/\/noticiasemdestaque.com\/cd\/?p=25963#primaryimage\",\"url\":\"https:\/\/noticiasemdestaque.com\/cd\/wp-content\/uploads\/2020\/07\/jorgejesus3.jpg\",\"contentUrl\":\"https:\/\/noticiasemdestaque.com\/cd\/wp-content\/uploads\/2020\/07\/jorgejesus3.jpg\",\"width\":984,\"height\":554},{\"@type\":\"BreadcrumbList\",\"@id\":\"https:\/\/noticiasemdestaque.com\/cd\/?p=25963#breadcrumb\",\"itemListElement\":[{\"@type\":\"ListItem\",\"position\":1,\"name\":\"In\u00edcio\",\"item\":\"https:\/\/noticiasemdestaque.com\/cd\/\"},{\"@type\":\"ListItem\",\"position\":2,\"name\":\"Flamengo confirma sa\u00edda de Jorge Jesus para o Benfica\"}]},{\"@type\":\"WebSite\",\"@id\":\"https:\/\/noticiasemdestaque.com\/cd\/#website\",\"url\":\"https:\/\/noticiasemdestaque.com\/cd\/\",\"name\":\"Not&iacute;cias em Destaque\",\"description\":\"\",\"publisher\":{\"@id\":\"https:\/\/noticiasemdestaque.com\/cd\/#organization\"},\"potentialAction\":[{\"@type\":\"SearchAction\",\"target\":{\"@type\":\"EntryPoint\",\"urlTemplate\":\"https:\/\/noticiasemdestaque.com\/cd\/?s={search_term_string}\"},\"query-input\":{\"@type\":\"PropertyValueSpecification\",\"valueRequired\":true,\"valueName\":\"search_term_string\"}}],\"inLanguage\":\"pt-BR\"},{\"@type\":\"Organization\",\"@id\":\"https:\/\/noticiasemdestaque.com\/cd\/#organization\",\"name\":\"Not\u00edcias em Destaque\",\"url\":\"https:\/\/noticiasemdestaque.com\/cd\/\",\"logo\":{\"@type\":\"ImageObject\",\"inLanguage\":\"pt-BR\",\"@id\":\"https:\/\/noticiasemdestaque.com\/cd\/#\/schema\/logo\/image\/\",\"url\":\"https:\/\/noticiasemdestaque.com\/cd\/wp-content\/uploads\/2022\/05\/imagem-base-noticiasemdestaque.png\",\"contentUrl\":\"https:\/\/noticiasemdestaque.com\/cd\/wp-content\/uploads\/2022\/05\/imagem-base-noticiasemdestaque.png\",\"width\":1200,\"height\":630,\"caption\":\"Not\u00edcias em Destaque\"},\"image\":{\"@id\":\"https:\/\/noticiasemdestaque.com\/cd\/#\/schema\/logo\/image\/\"}},{\"@type\":\"Person\",\"@id\":\"https:\/\/noticiasemdestaque.com\/cd\/#\/schema\/person\/21320b03a7e8bb90128938dafc9b908a\",\"name\":\"Not\u00edcias em Destaque\",\"url\":\"https:\/\/noticiasemdestaque.com\/cd\/?author=2\"}]}<\/script>\n<!-- \/ Yoast SEO plugin. -->","yoast_head_json":{"title":"Flamengo confirma sa\u00edda de Jorge Jesus para o Benfica - Not&iacute;cias em Destaque","robots":{"index":"index","follow":"follow","max-snippet":"max-snippet:-1","max-image-preview":"max-image-preview:large","max-video-preview":"max-video-preview:-1"},"canonical":"https:\/\/noticiasemdestaque.com\/cd\/?p=25963","og_locale":"pt_BR","og_type":"article","og_title":"Flamengo confirma sa\u00edda de Jorge Jesus para o Benfica - Not&iacute;cias em Destaque","og_description":"&#8220;O Clube de Regatas do Flamengo informa que, em reuni\u00e3o realizada na tarde desta sexta-feira (17), o t\u00e9cnico Jorge Jesus comunicou que, exercendo seu direito contratual, est\u00e1 se desligando do Clube para voltar para Portugal. Apesar de lamentar a perda de seu vitorioso t\u00e9cnico, o Flamengo respeita esta decis\u00e3o pessoal. Nos 13 meses que Jorge Jesus dirigiu nosso time de futebol profissional, o Flamengo teve uma performance espetacular, conquistando a Copa Libertadores (2019), o Campeonato Brasileiro (2019), a Supercopa do Brasil (2020), a Recopa Sul-Americana (2020), a Ta\u00e7a Guanabara (2020) e, na \u00faltima quarta-feira (15), o Campeonato Carioca (2020). Em nome de toda a diretoria e dos 42 milh\u00f5es de rubro-negros que formam a Maior Torcida do Mundo, o nosso maior agradecimento a ele e toda sua comiss\u00e3o t\u00e9cnica por tudo o que foi feito e o nosso desejo que continuem mantendo o enorme sucesso como tiveram conosco. O Flamengo, seguindo o que seu hino preconiza &#8211; e que t\u00e3o bem Jorge Jesus representou &#8211; continuar\u00e1 no seu objetivo de sempre: Vencer, vencer, vencer!&#8221;","og_url":"https:\/\/noticiasemdestaque.com\/cd\/?p=25963","og_site_name":"Not&iacute;cias em Destaque","article_published_time":"2020-07-17T21:38:53+00:00","og_image":[{"width":984,"height":554,"url":"https:\/\/noticiasemdestaque.com\/cd\/wp-content\/uploads\/2020\/07\/jorgejesus3.jpg","type":"image\/jpeg"}],"author":"Not\u00edcias em Destaque","twitter_card":"summary_large_image","twitter_misc":{"Escrito por":"Not\u00edcias em Destaque","Est. tempo de leitura":"1 minuto"},"schema":{"@context":"https:\/\/schema.org","@graph":[{"@type":"Article","@id":"https:\/\/noticiasemdestaque.com\/cd\/?p=25963#article","isPartOf":{"@id":"https:\/\/noticiasemdestaque.com\/cd\/?p=25963"},"author":{"name":"Not\u00edcias em Destaque","@id":"https:\/\/noticiasemdestaque.com\/cd\/#\/schema\/person\/21320b03a7e8bb90128938dafc9b908a"},"headline":"Flamengo confirma sa\u00edda de Jorge Jesus para o Benfica","datePublished":"2020-07-17T21:38:53+00:00","mainEntityOfPage":{"@id":"https:\/\/noticiasemdestaque.com\/cd\/?p=25963"},"wordCount":183,"publisher":{"@id":"https:\/\/noticiasemdestaque.com\/cd\/#organization"},"image":{"@id":"https:\/\/noticiasemdestaque.com\/cd\/?p=25963#primaryimage"},"thumbnailUrl":"https:\/\/noticiasemdestaque.com\/cd\/wp-content\/uploads\/2020\/07\/jorgejesus3.jpg","articleSection":["Geral"],"inLanguage":"pt-BR"},{"@type":"WebPage","@id":"https:\/\/noticiasemdestaque.com\/cd\/?p=25963","url":"https:\/\/noticiasemdestaque.com\/cd\/?p=25963","name":"Flamengo confirma sa\u00edda de Jorge Jesus para o Benfica - Not&iacute;cias em Destaque","isPartOf":{"@id":"https:\/\/noticiasemdestaque.com\/cd\/#website"},"primaryImageOfPage":{"@id":"https:\/\/noticiasemdestaque.com\/cd\/?p=25963#primaryimage"},"image":{"@id":"https:\/\/noticiasemdestaque.com\/cd\/?p=25963#primaryimage"},"thumbnailUrl":"https:\/\/noticiasemdestaque.com\/cd\/wp-content\/uploads\/2020\/07\/jorgejesus3.jpg","datePublished":"2020-07-17T21:38:53+00:00","breadcrumb":{"@id":"https:\/\/noticiasemdestaque.com\/cd\/?p=25963#breadcrumb"},"inLanguage":"pt-BR","potentialAction":[{"@type":"ReadAction","target":["https:\/\/noticiasemdestaque.com\/cd\/?p=25963"]}]},{"@type":"ImageObject","inLanguage":"pt-BR","@id":"https:\/\/noticiasemdestaque.com\/cd\/?p=25963#primaryimage","url":"https:\/\/noticiasemdestaque.com\/cd\/wp-content\/uploads\/2020\/07\/jorgejesus3.jpg","contentUrl":"https:\/\/noticiasemdestaque.com\/cd\/wp-content\/uploads\/2020\/07\/jorgejesus3.jpg","width":984,"height":554},{"@type":"BreadcrumbList","@id":"https:\/\/noticiasemdestaque.com\/cd\/?p=25963#breadcrumb","itemListElement":[{"@type":"ListItem","position":1,"name":"In\u00edcio","item":"https:\/\/noticiasemdestaque.com\/cd\/"},{"@type":"ListItem","position":2,"name":"Flamengo confirma sa\u00edda de Jorge Jesus para o Benfica"}]},{"@type":"WebSite","@id":"https:\/\/noticiasemdestaque.com\/cd\/#website","url":"https:\/\/noticiasemdestaque.com\/cd\/","name":"Not&iacute;cias em Destaque","description":"","publisher":{"@id":"https:\/\/noticiasemdestaque.com\/cd\/#organization"},"potentialAction":[{"@type":"SearchAction","target":{"@type":"EntryPoint","urlTemplate":"https:\/\/noticiasemdestaque.com\/cd\/?s={search_term_string}"},"query-input":{"@type":"PropertyValueSpecification","valueRequired":true,"valueName":"search_term_string"}}],"inLanguage":"pt-BR"},{"@type":"Organization","@id":"https:\/\/noticiasemdestaque.com\/cd\/#organization","name":"Not\u00edcias em Destaque","url":"https:\/\/noticiasemdestaque.com\/cd\/","logo":{"@type":"ImageObject","inLanguage":"pt-BR","@id":"https:\/\/noticiasemdestaque.com\/cd\/#\/schema\/logo\/image\/","url":"https:\/\/noticiasemdestaque.com\/cd\/wp-content\/uploads\/2022\/05\/imagem-base-noticiasemdestaque.png","contentUrl":"https:\/\/noticiasemdestaque.com\/cd\/wp-content\/uploads\/2022\/05\/imagem-base-noticiasemdestaque.png","width":1200,"height":630,"caption":"Not\u00edcias em Destaque"},"image":{"@id":"https:\/\/noticiasemdestaque.com\/cd\/#\/schema\/logo\/image\/"}},{"@type":"Person","@id":"https:\/\/noticiasemdestaque.com\/cd\/#\/schema\/person\/21320b03a7e8bb90128938dafc9b908a","name":"Not\u00edcias em Destaque","url":"https:\/\/noticiasemdestaque.com\/cd\/?author=2"}]}},"jetpack_featured_media_url":"https:\/\/noticiasemdestaque.com\/cd\/wp-content\/uploads\/2020\/07\/jorgejesus3.jpg","jetpack_sharing_enabled":true,"_links":{"self":[{"href":"https:\/\/noticiasemdestaque.com\/cd\/index.php?rest_route=\/wp\/v2\/posts\/25963","targetHints":{"allow":["GET"]}}],"collection":[{"href":"https:\/\/noticiasemdestaque.com\/cd\/index.php?rest_route=\/wp\/v2\/posts"}],"about":[{"href":"https:\/\/noticiasemdestaque.com\/cd\/index.php?rest_route=\/wp\/v2\/types\/post"}],"author":[{"embeddable":true,"href":"https:\/\/noticiasemdestaque.com\/cd\/index.php?rest_route=\/wp\/v2\/users\/2"}],"replies":[{"embeddable":true,"href":"https:\/\/noticiasemdestaque.com\/cd\/index.php?rest_route=%2Fwp%2Fv2%2Fcomments&post=25963"}],"version-history":[{"count":1,"href":"https:\/\/noticiasemdestaque.com\/cd\/index.php?rest_route=\/wp\/v2\/posts\/25963\/revisions"}],"predecessor-version":[{"id":25965,"href":"https:\/\/noticiasemdestaque.com\/cd\/index.php?rest_route=\/wp\/v2\/posts\/25963\/revisions\/25965"}],"wp:featuredmedia":[{"embeddable":true,"href":"https:\/\/noticiasemdestaque.com\/cd\/index.php?rest_route=\/wp\/v2\/media\/25964"}],"wp:attachment":[{"href":"https:\/\/noticiasemdestaque.com\/cd\/index.php?rest_route=%2Fwp%2Fv2%2Fmedia&parent=25963"}],"wp:term":[{"taxonomy":"category","embeddable":true,"href":"https:\/\/noticiasemdestaque.com\/cd\/index.php?rest_route=%2Fwp%2Fv2%2Fcategories&post=25963"},{"taxonomy":"post_tag","embeddable":true,"href":"https:\/\/noticiasemdestaque.com\/cd\/index.php?rest_route=%2Fwp%2Fv2%2Ftags&post=25963"}],"curies":[{"name":"wp","href":"https:\/\/api.w.org\/{rel}","templated":true}]}}