{"id":25935,"date":"2020-07-16T09:08:33","date_gmt":"2020-07-16T12:08:33","guid":{"rendered":"http:\/\/noticiasemdestaque.com\/cd\/?p=25935"},"modified":"2020-07-16T09:08:33","modified_gmt":"2020-07-16T12:08:33","slug":"covid-19-secretaria-de-assistencia-social-de-sume-adapta-atendimentos-em-meio-a-pandemia","status":"publish","type":"post","link":"https:\/\/noticiasemdestaque.com\/cd\/?p=25935","title":{"rendered":"Covid-19: Secretaria de Assist\u00eancia Social de Sum\u00e9 adapta atendimentos em meio \u00e0 pandemia"},"content":{"rendered":"<p><a href=\"https:\/\/noticiasemdestaque.com\/cd\/wp-content\/uploads\/2020\/07\/WhatsApp-Image-2020-06-29-at-10.34.07.jpeg\"><img fetchpriority=\"high\" decoding=\"async\" class=\"alignnone size-large wp-image-25936\" src=\"https:\/\/noticiasemdestaque.com\/cd\/wp-content\/uploads\/2020\/07\/WhatsApp-Image-2020-06-29-at-10.34.07-1024x485.jpeg\" alt=\"\" width=\"1024\" height=\"485\" srcset=\"https:\/\/noticiasemdestaque.com\/cd\/wp-content\/uploads\/2020\/07\/WhatsApp-Image-2020-06-29-at-10.34.07-1024x485.jpeg 1024w, https:\/\/noticiasemdestaque.com\/cd\/wp-content\/uploads\/2020\/07\/WhatsApp-Image-2020-06-29-at-10.34.07-300x142.jpeg 300w, https:\/\/noticiasemdestaque.com\/cd\/wp-content\/uploads\/2020\/07\/WhatsApp-Image-2020-06-29-at-10.34.07-768x364.jpeg 768w, https:\/\/noticiasemdestaque.com\/cd\/wp-content\/uploads\/2020\/07\/WhatsApp-Image-2020-06-29-at-10.34.07.jpeg 1032w\" sizes=\"(max-width: 1024px) 100vw, 1024px\" \/><\/a><\/p>\n<p style=\"font-weight: 400;\">A Secretaria de Assist\u00eancia Social de Sum\u00e9 est\u00e1 desempenhando v\u00e1rias medidas de combate ao coronav\u00edrus no munic\u00edpio. O objetivo \u00e9 contemplar pincipalmente as fam\u00edlias em situa\u00e7\u00e3o de vulnerabilidade social e inseguran\u00e7a alimentar.<\/p>\n<p style=\"font-weight: 400;\">Durante este per\u00edodo de enfrentamento \u00e0 pandemia, diversas a\u00e7\u00f5es est\u00e3o sendo executadas por meio dos programas socioassistenciais, entre as quais se destacam:<\/p>\n<p style=\"font-weight: 400;\">\u2014 Distribui\u00e7\u00e3o de aproximadamente 380 kits com \u00e1lcool em gel e m\u00e1scaras de prote\u00e7\u00e3o aos feirantes locais e recicladores, aos usu\u00e1rios dos Servi\u00e7os de Conviv\u00eancia e Fortalecimento de V\u00ednculos, \u00e0s fam\u00edlias acompanhadas pelo Programa Crian\u00e7a Feliz, bem como \u00e0s fam\u00edlias benefici\u00e1rias do Bolsa Fam\u00edlia;<\/p>\n<p style=\"font-weight: 400;\">\u2014 Entrega de cestas b\u00e1sicas para fam\u00edlias carentes, compradas no com\u00e9rcio local;<\/p>\n<p style=\"font-weight: 400;\">\u2014 Fornecimento de alimentos da agricultura familiar adquiridas dos agricultores do munic\u00edpio;<\/p>\n<p style=\"font-weight: 400;\">\u2014 Doa\u00e7\u00e3o de EPIs para todos os servidores da Secretaria de Assist\u00eancia Social;<\/p>\n<p style=\"font-weight: 400;\">As equipes dos programas socioassistenciais realizam novos planejamentos e reuni\u00f5es de forma online e remota, al\u00e9m de visitas com orienta\u00e7\u00e3o contra a Covid-19, dando sempre aten\u00e7\u00e3o especial ao grupo de risco.<\/p>\n<p style=\"font-weight: 400;\">Neste per\u00edodo, o Creas continuou a produzir, de forma online, as campanhas Contra o Trabalho Infantil, \u00a0Contra o Abuso e a Explora\u00e7\u00e3o Sexual de Crian\u00e7as e Adolescentes, pelo Fim da Viol\u00eancia Contra as Mulheres e celebrou o Dia Internacional contra a Homofobia, que teve a participa\u00e7\u00e3o da Divis\u00e3o e Prote\u00e7\u00e3o \u00e0 Mulher e da Diversidade Humana.<\/p>\n<p style=\"font-weight: 400;\">O Programa Crian\u00e7a Feliz est\u00e1 executando a\u00e7\u00f5es de maneira remota com o aux\u00edlio de dispositivos m\u00f3veis, como aplicativos de mensagens, redes sociais \u00a0Facebook\/Instagram ou v\u00eddeo-chamadas. Os benefici\u00e1rios do programa ainda receber\u00e3o kits de higiene pessoal, \u00e1lcool em gel e m\u00e1scaras, al\u00e9m de orienta\u00e7\u00f5es sobre as medidas de combate \u00e0 doen\u00e7a.<\/p>\n<p style=\"font-weight: 400;\">O grupo de Idosos do Cras est\u00e1 sendo acompanhado com atividades remotas e tamb\u00e9m j\u00e1 receberam m\u00e1scaras e \u00e1lcool em gel.<\/p>\n<p style=\"font-weight: 400;\">O hor\u00e1rio de atendimento da Secretaria de Assist\u00eancia Social de Sum\u00e9, nesse per\u00edodo de pandemia, est\u00e1 sendo das 08h \u00e0s 12h, de segunda a sexta-feira. Neste mesmo hor\u00e1rio de funcionamento est\u00e3o o Cras e o Creas, que \u00a0vem trabalhando com atendimento agendado para preservar a sa\u00fade dos usu\u00e1rios e colaboradores. Os \u00f3rg\u00e3os tamb\u00e9m prestam atendimento por telefone e e-mail:\u00a0<strong>Cras:<\/strong>\u00a0 99982-2001 \/ e-mail:\u00a0<a href=\"mailto:crassumepb@yahoo.com.br\">crassumepb@yahoo.com.br<\/a>\u00a0|\u00a0<strong>Creas:<\/strong>\u00a099820-0044 \/ e-mail:\u00a0<a href=\"mailto:creassumepb@yahoo.com\">creassumepb@yahoo.com<\/a>. Em caso de den\u00fancia, disque 100 ou 123.<\/p>\n<p style=\"font-weight: 400;\">Para informa\u00e7\u00f5es com a Secretaria Municipal de Assist\u00eancia, o cidad\u00e3o pode entrar em contato por telefone: 3353-2131 ou e-mail:\u00a0<a href=\"mailto:smassume@yahoo.com.br\">smassume@yahoo.com.br<\/a>.<\/p>\n<p style=\"font-weight: 400;\">Ascom PMS<\/p>\n","protected":false},"excerpt":{"rendered":"<p>A Secretaria de Assist\u00eancia Social de Sum\u00e9 est\u00e1 desempenhando v\u00e1rias medidas de combate ao coronav\u00edrus no munic\u00edpio. O objetivo \u00e9 contemplar pincipalmente as fam\u00edlias em situa\u00e7\u00e3o de vulnerabilidade social e inseguran\u00e7a alimentar. Durante este per\u00edodo de enfrentamento \u00e0 pandemia, diversas a\u00e7\u00f5es est\u00e3o sendo executadas por meio dos programas socioassistenciais, entre as quais se destacam: \u2014 Distribui\u00e7\u00e3o de aproximadamente 380 kits com \u00e1lcool em gel e m\u00e1scaras de prote\u00e7\u00e3o aos feirantes locais e recicladores, aos usu\u00e1rios dos Servi\u00e7os de Conviv\u00eancia e Fortalecimento de V\u00ednculos, \u00e0s fam\u00edlias acompanhadas pelo Programa Crian\u00e7a Feliz, bem como \u00e0s fam\u00edlias benefici\u00e1rias do Bolsa Fam\u00edlia; \u2014 Entrega de cestas b\u00e1sicas para fam\u00edlias carentes, compradas no com\u00e9rcio local; \u2014 Fornecimento de alimentos da agricultura familiar adquiridas dos agricultores do munic\u00edpio; \u2014 Doa\u00e7\u00e3o de EPIs para todos os servidores da Secretaria de Assist\u00eancia Social; As equipes dos programas socioassistenciais realizam novos planejamentos e reuni\u00f5es de forma online e remota, al\u00e9m de visitas com orienta\u00e7\u00e3o contra a Covid-19, dando sempre aten\u00e7\u00e3o especial ao grupo de risco. Neste per\u00edodo, o Creas continuou a produzir, de forma online, as campanhas Contra o Trabalho Infantil, \u00a0Contra o Abuso e a Explora\u00e7\u00e3o Sexual de Crian\u00e7as e Adolescentes, pelo Fim da Viol\u00eancia Contra as Mulheres e celebrou o Dia Internacional contra a Homofobia, que teve a participa\u00e7\u00e3o da Divis\u00e3o e Prote\u00e7\u00e3o \u00e0 Mulher e da Diversidade Humana. O Programa Crian\u00e7a Feliz est\u00e1 executando a\u00e7\u00f5es de maneira remota com o aux\u00edlio de dispositivos m\u00f3veis, como aplicativos de mensagens, redes sociais \u00a0Facebook\/Instagram ou v\u00eddeo-chamadas. Os benefici\u00e1rios do programa ainda receber\u00e3o kits de higiene pessoal, \u00e1lcool em gel e m\u00e1scaras, al\u00e9m de orienta\u00e7\u00f5es sobre as medidas de combate \u00e0 doen\u00e7a. O grupo de Idosos do Cras est\u00e1 sendo acompanhado com atividades remotas e tamb\u00e9m j\u00e1 receberam m\u00e1scaras e \u00e1lcool em gel. O hor\u00e1rio de atendimento da Secretaria de Assist\u00eancia Social de Sum\u00e9, nesse per\u00edodo de pandemia, est\u00e1 sendo das 08h \u00e0s 12h, de segunda a sexta-feira. Neste mesmo hor\u00e1rio de funcionamento est\u00e3o o Cras e o Creas, que \u00a0vem trabalhando com atendimento agendado para preservar a sa\u00fade dos usu\u00e1rios e colaboradores. Os \u00f3rg\u00e3os tamb\u00e9m prestam atendimento por telefone e e-mail:\u00a0Cras:\u00a0 99982-2001 \/ e-mail:\u00a0crassumepb@yahoo.com.br\u00a0|\u00a0Creas:\u00a099820-0044 \/ e-mail:\u00a0creassumepb@yahoo.com. Em caso de den\u00fancia, disque 100 ou 123. Para informa\u00e7\u00f5es com a Secretaria Municipal de Assist\u00eancia, o cidad\u00e3o pode entrar em contato por telefone: 3353-2131 ou e-mail:\u00a0smassume@yahoo.com.br. Ascom PMS<\/p>\n","protected":false},"author":2,"featured_media":25936,"comment_status":"closed","ping_status":"open","sticky":false,"template":"","format":"standard","meta":{"_eb_attr":"","_jetpack_memberships_contains_paid_content":false,"footnotes":""},"categories":[3],"tags":[],"class_list":["post-25935","post","type-post","status-publish","format-standard","has-post-thumbnail","hentry","category-cidades"],"yoast_head":"<!-- This site is optimized with the Yoast SEO plugin v26.5 - https:\/\/yoast.com\/wordpress\/plugins\/seo\/ -->\n<title>Covid-19: Secretaria de Assist\u00eancia Social de Sum\u00e9 adapta atendimentos em meio \u00e0 pandemia - Not&iacute;cias em Destaque<\/title>\n<meta name=\"robots\" content=\"index, follow, max-snippet:-1, max-image-preview:large, max-video-preview:-1\" \/>\n<link rel=\"canonical\" href=\"https:\/\/noticiasemdestaque.com\/cd\/?p=25935\" \/>\n<meta property=\"og:locale\" content=\"pt_BR\" \/>\n<meta property=\"og:type\" content=\"article\" \/>\n<meta property=\"og:title\" content=\"Covid-19: Secretaria de Assist\u00eancia Social de Sum\u00e9 adapta atendimentos em meio \u00e0 pandemia - Not&iacute;cias em Destaque\" \/>\n<meta property=\"og:description\" content=\"A Secretaria de Assist\u00eancia Social de Sum\u00e9 est\u00e1 desempenhando v\u00e1rias medidas de combate ao coronav\u00edrus no munic\u00edpio. O objetivo \u00e9 contemplar pincipalmente as fam\u00edlias em situa\u00e7\u00e3o de vulnerabilidade social e inseguran\u00e7a alimentar. Durante este per\u00edodo de enfrentamento \u00e0 pandemia, diversas a\u00e7\u00f5es est\u00e3o sendo executadas por meio dos programas socioassistenciais, entre as quais se destacam: \u2014 Distribui\u00e7\u00e3o de aproximadamente 380 kits com \u00e1lcool em gel e m\u00e1scaras de prote\u00e7\u00e3o aos feirantes locais e recicladores, aos usu\u00e1rios dos Servi\u00e7os de Conviv\u00eancia e Fortalecimento de V\u00ednculos, \u00e0s fam\u00edlias acompanhadas pelo Programa Crian\u00e7a Feliz, bem como \u00e0s fam\u00edlias benefici\u00e1rias do Bolsa Fam\u00edlia; \u2014 Entrega de cestas b\u00e1sicas para fam\u00edlias carentes, compradas no com\u00e9rcio local; \u2014 Fornecimento de alimentos da agricultura familiar adquiridas dos agricultores do munic\u00edpio; \u2014 Doa\u00e7\u00e3o de EPIs para todos os servidores da Secretaria de Assist\u00eancia Social; As equipes dos programas socioassistenciais realizam novos planejamentos e reuni\u00f5es de forma online e remota, al\u00e9m de visitas com orienta\u00e7\u00e3o contra a Covid-19, dando sempre aten\u00e7\u00e3o especial ao grupo de risco. Neste per\u00edodo, o Creas continuou a produzir, de forma online, as campanhas Contra o Trabalho Infantil, \u00a0Contra o Abuso e a Explora\u00e7\u00e3o Sexual de Crian\u00e7as e Adolescentes, pelo Fim da Viol\u00eancia Contra as Mulheres e celebrou o Dia Internacional contra a Homofobia, que teve a participa\u00e7\u00e3o da Divis\u00e3o e Prote\u00e7\u00e3o \u00e0 Mulher e da Diversidade Humana. O Programa Crian\u00e7a Feliz est\u00e1 executando a\u00e7\u00f5es de maneira remota com o aux\u00edlio de dispositivos m\u00f3veis, como aplicativos de mensagens, redes sociais \u00a0Facebook\/Instagram ou v\u00eddeo-chamadas. Os benefici\u00e1rios do programa ainda receber\u00e3o kits de higiene pessoal, \u00e1lcool em gel e m\u00e1scaras, al\u00e9m de orienta\u00e7\u00f5es sobre as medidas de combate \u00e0 doen\u00e7a. O grupo de Idosos do Cras est\u00e1 sendo acompanhado com atividades remotas e tamb\u00e9m j\u00e1 receberam m\u00e1scaras e \u00e1lcool em gel. O hor\u00e1rio de atendimento da Secretaria de Assist\u00eancia Social de Sum\u00e9, nesse per\u00edodo de pandemia, est\u00e1 sendo das 08h \u00e0s 12h, de segunda a sexta-feira. Neste mesmo hor\u00e1rio de funcionamento est\u00e3o o Cras e o Creas, que \u00a0vem trabalhando com atendimento agendado para preservar a sa\u00fade dos usu\u00e1rios e colaboradores. Os \u00f3rg\u00e3os tamb\u00e9m prestam atendimento por telefone e e-mail:\u00a0Cras:\u00a0 99982-2001 \/ e-mail:\u00a0crassumepb@yahoo.com.br\u00a0|\u00a0Creas:\u00a099820-0044 \/ e-mail:\u00a0creassumepb@yahoo.com. Em caso de den\u00fancia, disque 100 ou 123. Para informa\u00e7\u00f5es com a Secretaria Municipal de Assist\u00eancia, o cidad\u00e3o pode entrar em contato por telefone: 3353-2131 ou e-mail:\u00a0smassume@yahoo.com.br. Ascom PMS\" \/>\n<meta property=\"og:url\" content=\"https:\/\/noticiasemdestaque.com\/cd\/?p=25935\" \/>\n<meta property=\"og:site_name\" content=\"Not&iacute;cias em Destaque\" \/>\n<meta property=\"article:published_time\" content=\"2020-07-16T12:08:33+00:00\" \/>\n<meta property=\"og:image\" content=\"https:\/\/noticiasemdestaque.com\/cd\/wp-content\/uploads\/2020\/07\/WhatsApp-Image-2020-06-29-at-10.34.07.jpeg\" \/>\n\t<meta property=\"og:image:width\" content=\"1032\" \/>\n\t<meta property=\"og:image:height\" content=\"489\" \/>\n\t<meta property=\"og:image:type\" content=\"image\/jpeg\" \/>\n<meta name=\"author\" content=\"Not\u00edcias em Destaque\" \/>\n<meta name=\"twitter:card\" content=\"summary_large_image\" \/>\n<meta name=\"twitter:label1\" content=\"Escrito por\" \/>\n\t<meta name=\"twitter:data1\" content=\"Not\u00edcias em Destaque\" \/>\n\t<meta name=\"twitter:label2\" content=\"Est. tempo de leitura\" \/>\n\t<meta name=\"twitter:data2\" content=\"2 minutos\" \/>\n<script type=\"application\/ld+json\" class=\"yoast-schema-graph\">{\"@context\":\"https:\/\/schema.org\",\"@graph\":[{\"@type\":\"Article\",\"@id\":\"https:\/\/noticiasemdestaque.com\/cd\/?p=25935#article\",\"isPartOf\":{\"@id\":\"https:\/\/noticiasemdestaque.com\/cd\/?p=25935\"},\"author\":{\"name\":\"Not\u00edcias em Destaque\",\"@id\":\"https:\/\/noticiasemdestaque.com\/cd\/#\/schema\/person\/21320b03a7e8bb90128938dafc9b908a\"},\"headline\":\"Covid-19: Secretaria de Assist\u00eancia Social de Sum\u00e9 adapta atendimentos em meio \u00e0 pandemia\",\"datePublished\":\"2020-07-16T12:08:33+00:00\",\"mainEntityOfPage\":{\"@id\":\"https:\/\/noticiasemdestaque.com\/cd\/?p=25935\"},\"wordCount\":466,\"publisher\":{\"@id\":\"https:\/\/noticiasemdestaque.com\/cd\/#organization\"},\"image\":{\"@id\":\"https:\/\/noticiasemdestaque.com\/cd\/?p=25935#primaryimage\"},\"thumbnailUrl\":\"https:\/\/noticiasemdestaque.com\/cd\/wp-content\/uploads\/2020\/07\/WhatsApp-Image-2020-06-29-at-10.34.07.jpeg\",\"articleSection\":[\"Cidades\"],\"inLanguage\":\"pt-BR\"},{\"@type\":\"WebPage\",\"@id\":\"https:\/\/noticiasemdestaque.com\/cd\/?p=25935\",\"url\":\"https:\/\/noticiasemdestaque.com\/cd\/?p=25935\",\"name\":\"Covid-19: Secretaria de Assist\u00eancia Social de Sum\u00e9 adapta atendimentos em meio \u00e0 pandemia - Not&iacute;cias em Destaque\",\"isPartOf\":{\"@id\":\"https:\/\/noticiasemdestaque.com\/cd\/#website\"},\"primaryImageOfPage\":{\"@id\":\"https:\/\/noticiasemdestaque.com\/cd\/?p=25935#primaryimage\"},\"image\":{\"@id\":\"https:\/\/noticiasemdestaque.com\/cd\/?p=25935#primaryimage\"},\"thumbnailUrl\":\"https:\/\/noticiasemdestaque.com\/cd\/wp-content\/uploads\/2020\/07\/WhatsApp-Image-2020-06-29-at-10.34.07.jpeg\",\"datePublished\":\"2020-07-16T12:08:33+00:00\",\"breadcrumb\":{\"@id\":\"https:\/\/noticiasemdestaque.com\/cd\/?p=25935#breadcrumb\"},\"inLanguage\":\"pt-BR\",\"potentialAction\":[{\"@type\":\"ReadAction\",\"target\":[\"https:\/\/noticiasemdestaque.com\/cd\/?p=25935\"]}]},{\"@type\":\"ImageObject\",\"inLanguage\":\"pt-BR\",\"@id\":\"https:\/\/noticiasemdestaque.com\/cd\/?p=25935#primaryimage\",\"url\":\"https:\/\/noticiasemdestaque.com\/cd\/wp-content\/uploads\/2020\/07\/WhatsApp-Image-2020-06-29-at-10.34.07.jpeg\",\"contentUrl\":\"https:\/\/noticiasemdestaque.com\/cd\/wp-content\/uploads\/2020\/07\/WhatsApp-Image-2020-06-29-at-10.34.07.jpeg\",\"width\":1032,\"height\":489},{\"@type\":\"BreadcrumbList\",\"@id\":\"https:\/\/noticiasemdestaque.com\/cd\/?p=25935#breadcrumb\",\"itemListElement\":[{\"@type\":\"ListItem\",\"position\":1,\"name\":\"In\u00edcio\",\"item\":\"https:\/\/noticiasemdestaque.com\/cd\/\"},{\"@type\":\"ListItem\",\"position\":2,\"name\":\"Covid-19: Secretaria de Assist\u00eancia Social de Sum\u00e9 adapta atendimentos em meio \u00e0 pandemia\"}]},{\"@type\":\"WebSite\",\"@id\":\"https:\/\/noticiasemdestaque.com\/cd\/#website\",\"url\":\"https:\/\/noticiasemdestaque.com\/cd\/\",\"name\":\"Not&iacute;cias em Destaque\",\"description\":\"\",\"publisher\":{\"@id\":\"https:\/\/noticiasemdestaque.com\/cd\/#organization\"},\"potentialAction\":[{\"@type\":\"SearchAction\",\"target\":{\"@type\":\"EntryPoint\",\"urlTemplate\":\"https:\/\/noticiasemdestaque.com\/cd\/?s={search_term_string}\"},\"query-input\":{\"@type\":\"PropertyValueSpecification\",\"valueRequired\":true,\"valueName\":\"search_term_string\"}}],\"inLanguage\":\"pt-BR\"},{\"@type\":\"Organization\",\"@id\":\"https:\/\/noticiasemdestaque.com\/cd\/#organization\",\"name\":\"Not\u00edcias em Destaque\",\"url\":\"https:\/\/noticiasemdestaque.com\/cd\/\",\"logo\":{\"@type\":\"ImageObject\",\"inLanguage\":\"pt-BR\",\"@id\":\"https:\/\/noticiasemdestaque.com\/cd\/#\/schema\/logo\/image\/\",\"url\":\"https:\/\/noticiasemdestaque.com\/cd\/wp-content\/uploads\/2022\/05\/imagem-base-noticiasemdestaque.png\",\"contentUrl\":\"https:\/\/noticiasemdestaque.com\/cd\/wp-content\/uploads\/2022\/05\/imagem-base-noticiasemdestaque.png\",\"width\":1200,\"height\":630,\"caption\":\"Not\u00edcias em Destaque\"},\"image\":{\"@id\":\"https:\/\/noticiasemdestaque.com\/cd\/#\/schema\/logo\/image\/\"}},{\"@type\":\"Person\",\"@id\":\"https:\/\/noticiasemdestaque.com\/cd\/#\/schema\/person\/21320b03a7e8bb90128938dafc9b908a\",\"name\":\"Not\u00edcias em Destaque\",\"url\":\"https:\/\/noticiasemdestaque.com\/cd\/?author=2\"}]}<\/script>\n<!-- \/ Yoast SEO plugin. -->","yoast_head_json":{"title":"Covid-19: Secretaria de Assist\u00eancia Social de Sum\u00e9 adapta atendimentos em meio \u00e0 pandemia - Not&iacute;cias em Destaque","robots":{"index":"index","follow":"follow","max-snippet":"max-snippet:-1","max-image-preview":"max-image-preview:large","max-video-preview":"max-video-preview:-1"},"canonical":"https:\/\/noticiasemdestaque.com\/cd\/?p=25935","og_locale":"pt_BR","og_type":"article","og_title":"Covid-19: Secretaria de Assist\u00eancia Social de Sum\u00e9 adapta atendimentos em meio \u00e0 pandemia - Not&iacute;cias em Destaque","og_description":"A Secretaria de Assist\u00eancia Social de Sum\u00e9 est\u00e1 desempenhando v\u00e1rias medidas de combate ao coronav\u00edrus no munic\u00edpio. O objetivo \u00e9 contemplar pincipalmente as fam\u00edlias em situa\u00e7\u00e3o de vulnerabilidade social e inseguran\u00e7a alimentar. Durante este per\u00edodo de enfrentamento \u00e0 pandemia, diversas a\u00e7\u00f5es est\u00e3o sendo executadas por meio dos programas socioassistenciais, entre as quais se destacam: \u2014 Distribui\u00e7\u00e3o de aproximadamente 380 kits com \u00e1lcool em gel e m\u00e1scaras de prote\u00e7\u00e3o aos feirantes locais e recicladores, aos usu\u00e1rios dos Servi\u00e7os de Conviv\u00eancia e Fortalecimento de V\u00ednculos, \u00e0s fam\u00edlias acompanhadas pelo Programa Crian\u00e7a Feliz, bem como \u00e0s fam\u00edlias benefici\u00e1rias do Bolsa Fam\u00edlia; \u2014 Entrega de cestas b\u00e1sicas para fam\u00edlias carentes, compradas no com\u00e9rcio local; \u2014 Fornecimento de alimentos da agricultura familiar adquiridas dos agricultores do munic\u00edpio; \u2014 Doa\u00e7\u00e3o de EPIs para todos os servidores da Secretaria de Assist\u00eancia Social; As equipes dos programas socioassistenciais realizam novos planejamentos e reuni\u00f5es de forma online e remota, al\u00e9m de visitas com orienta\u00e7\u00e3o contra a Covid-19, dando sempre aten\u00e7\u00e3o especial ao grupo de risco. Neste per\u00edodo, o Creas continuou a produzir, de forma online, as campanhas Contra o Trabalho Infantil, \u00a0Contra o Abuso e a Explora\u00e7\u00e3o Sexual de Crian\u00e7as e Adolescentes, pelo Fim da Viol\u00eancia Contra as Mulheres e celebrou o Dia Internacional contra a Homofobia, que teve a participa\u00e7\u00e3o da Divis\u00e3o e Prote\u00e7\u00e3o \u00e0 Mulher e da Diversidade Humana. O Programa Crian\u00e7a Feliz est\u00e1 executando a\u00e7\u00f5es de maneira remota com o aux\u00edlio de dispositivos m\u00f3veis, como aplicativos de mensagens, redes sociais \u00a0Facebook\/Instagram ou v\u00eddeo-chamadas. Os benefici\u00e1rios do programa ainda receber\u00e3o kits de higiene pessoal, \u00e1lcool em gel e m\u00e1scaras, al\u00e9m de orienta\u00e7\u00f5es sobre as medidas de combate \u00e0 doen\u00e7a. O grupo de Idosos do Cras est\u00e1 sendo acompanhado com atividades remotas e tamb\u00e9m j\u00e1 receberam m\u00e1scaras e \u00e1lcool em gel. O hor\u00e1rio de atendimento da Secretaria de Assist\u00eancia Social de Sum\u00e9, nesse per\u00edodo de pandemia, est\u00e1 sendo das 08h \u00e0s 12h, de segunda a sexta-feira. Neste mesmo hor\u00e1rio de funcionamento est\u00e3o o Cras e o Creas, que \u00a0vem trabalhando com atendimento agendado para preservar a sa\u00fade dos usu\u00e1rios e colaboradores. Os \u00f3rg\u00e3os tamb\u00e9m prestam atendimento por telefone e e-mail:\u00a0Cras:\u00a0 99982-2001 \/ e-mail:\u00a0crassumepb@yahoo.com.br\u00a0|\u00a0Creas:\u00a099820-0044 \/ e-mail:\u00a0creassumepb@yahoo.com. Em caso de den\u00fancia, disque 100 ou 123. Para informa\u00e7\u00f5es com a Secretaria Municipal de Assist\u00eancia, o cidad\u00e3o pode entrar em contato por telefone: 3353-2131 ou e-mail:\u00a0smassume@yahoo.com.br. Ascom PMS","og_url":"https:\/\/noticiasemdestaque.com\/cd\/?p=25935","og_site_name":"Not&iacute;cias em Destaque","article_published_time":"2020-07-16T12:08:33+00:00","og_image":[{"width":1032,"height":489,"url":"https:\/\/noticiasemdestaque.com\/cd\/wp-content\/uploads\/2020\/07\/WhatsApp-Image-2020-06-29-at-10.34.07.jpeg","type":"image\/jpeg"}],"author":"Not\u00edcias em Destaque","twitter_card":"summary_large_image","twitter_misc":{"Escrito por":"Not\u00edcias em Destaque","Est. tempo de leitura":"2 minutos"},"schema":{"@context":"https:\/\/schema.org","@graph":[{"@type":"Article","@id":"https:\/\/noticiasemdestaque.com\/cd\/?p=25935#article","isPartOf":{"@id":"https:\/\/noticiasemdestaque.com\/cd\/?p=25935"},"author":{"name":"Not\u00edcias em Destaque","@id":"https:\/\/noticiasemdestaque.com\/cd\/#\/schema\/person\/21320b03a7e8bb90128938dafc9b908a"},"headline":"Covid-19: Secretaria de Assist\u00eancia Social de Sum\u00e9 adapta atendimentos em meio \u00e0 pandemia","datePublished":"2020-07-16T12:08:33+00:00","mainEntityOfPage":{"@id":"https:\/\/noticiasemdestaque.com\/cd\/?p=25935"},"wordCount":466,"publisher":{"@id":"https:\/\/noticiasemdestaque.com\/cd\/#organization"},"image":{"@id":"https:\/\/noticiasemdestaque.com\/cd\/?p=25935#primaryimage"},"thumbnailUrl":"https:\/\/noticiasemdestaque.com\/cd\/wp-content\/uploads\/2020\/07\/WhatsApp-Image-2020-06-29-at-10.34.07.jpeg","articleSection":["Cidades"],"inLanguage":"pt-BR"},{"@type":"WebPage","@id":"https:\/\/noticiasemdestaque.com\/cd\/?p=25935","url":"https:\/\/noticiasemdestaque.com\/cd\/?p=25935","name":"Covid-19: Secretaria de Assist\u00eancia Social de Sum\u00e9 adapta atendimentos em meio \u00e0 pandemia - Not&iacute;cias em Destaque","isPartOf":{"@id":"https:\/\/noticiasemdestaque.com\/cd\/#website"},"primaryImageOfPage":{"@id":"https:\/\/noticiasemdestaque.com\/cd\/?p=25935#primaryimage"},"image":{"@id":"https:\/\/noticiasemdestaque.com\/cd\/?p=25935#primaryimage"},"thumbnailUrl":"https:\/\/noticiasemdestaque.com\/cd\/wp-content\/uploads\/2020\/07\/WhatsApp-Image-2020-06-29-at-10.34.07.jpeg","datePublished":"2020-07-16T12:08:33+00:00","breadcrumb":{"@id":"https:\/\/noticiasemdestaque.com\/cd\/?p=25935#breadcrumb"},"inLanguage":"pt-BR","potentialAction":[{"@type":"ReadAction","target":["https:\/\/noticiasemdestaque.com\/cd\/?p=25935"]}]},{"@type":"ImageObject","inLanguage":"pt-BR","@id":"https:\/\/noticiasemdestaque.com\/cd\/?p=25935#primaryimage","url":"https:\/\/noticiasemdestaque.com\/cd\/wp-content\/uploads\/2020\/07\/WhatsApp-Image-2020-06-29-at-10.34.07.jpeg","contentUrl":"https:\/\/noticiasemdestaque.com\/cd\/wp-content\/uploads\/2020\/07\/WhatsApp-Image-2020-06-29-at-10.34.07.jpeg","width":1032,"height":489},{"@type":"BreadcrumbList","@id":"https:\/\/noticiasemdestaque.com\/cd\/?p=25935#breadcrumb","itemListElement":[{"@type":"ListItem","position":1,"name":"In\u00edcio","item":"https:\/\/noticiasemdestaque.com\/cd\/"},{"@type":"ListItem","position":2,"name":"Covid-19: Secretaria de Assist\u00eancia Social de Sum\u00e9 adapta atendimentos em meio \u00e0 pandemia"}]},{"@type":"WebSite","@id":"https:\/\/noticiasemdestaque.com\/cd\/#website","url":"https:\/\/noticiasemdestaque.com\/cd\/","name":"Not&iacute;cias em Destaque","description":"","publisher":{"@id":"https:\/\/noticiasemdestaque.com\/cd\/#organization"},"potentialAction":[{"@type":"SearchAction","target":{"@type":"EntryPoint","urlTemplate":"https:\/\/noticiasemdestaque.com\/cd\/?s={search_term_string}"},"query-input":{"@type":"PropertyValueSpecification","valueRequired":true,"valueName":"search_term_string"}}],"inLanguage":"pt-BR"},{"@type":"Organization","@id":"https:\/\/noticiasemdestaque.com\/cd\/#organization","name":"Not\u00edcias em Destaque","url":"https:\/\/noticiasemdestaque.com\/cd\/","logo":{"@type":"ImageObject","inLanguage":"pt-BR","@id":"https:\/\/noticiasemdestaque.com\/cd\/#\/schema\/logo\/image\/","url":"https:\/\/noticiasemdestaque.com\/cd\/wp-content\/uploads\/2022\/05\/imagem-base-noticiasemdestaque.png","contentUrl":"https:\/\/noticiasemdestaque.com\/cd\/wp-content\/uploads\/2022\/05\/imagem-base-noticiasemdestaque.png","width":1200,"height":630,"caption":"Not\u00edcias em Destaque"},"image":{"@id":"https:\/\/noticiasemdestaque.com\/cd\/#\/schema\/logo\/image\/"}},{"@type":"Person","@id":"https:\/\/noticiasemdestaque.com\/cd\/#\/schema\/person\/21320b03a7e8bb90128938dafc9b908a","name":"Not\u00edcias em Destaque","url":"https:\/\/noticiasemdestaque.com\/cd\/?author=2"}]}},"jetpack_featured_media_url":"https:\/\/noticiasemdestaque.com\/cd\/wp-content\/uploads\/2020\/07\/WhatsApp-Image-2020-06-29-at-10.34.07.jpeg","jetpack_sharing_enabled":true,"_links":{"self":[{"href":"https:\/\/noticiasemdestaque.com\/cd\/index.php?rest_route=\/wp\/v2\/posts\/25935","targetHints":{"allow":["GET"]}}],"collection":[{"href":"https:\/\/noticiasemdestaque.com\/cd\/index.php?rest_route=\/wp\/v2\/posts"}],"about":[{"href":"https:\/\/noticiasemdestaque.com\/cd\/index.php?rest_route=\/wp\/v2\/types\/post"}],"author":[{"embeddable":true,"href":"https:\/\/noticiasemdestaque.com\/cd\/index.php?rest_route=\/wp\/v2\/users\/2"}],"replies":[{"embeddable":true,"href":"https:\/\/noticiasemdestaque.com\/cd\/index.php?rest_route=%2Fwp%2Fv2%2Fcomments&post=25935"}],"version-history":[{"count":1,"href":"https:\/\/noticiasemdestaque.com\/cd\/index.php?rest_route=\/wp\/v2\/posts\/25935\/revisions"}],"predecessor-version":[{"id":25937,"href":"https:\/\/noticiasemdestaque.com\/cd\/index.php?rest_route=\/wp\/v2\/posts\/25935\/revisions\/25937"}],"wp:featuredmedia":[{"embeddable":true,"href":"https:\/\/noticiasemdestaque.com\/cd\/index.php?rest_route=\/wp\/v2\/media\/25936"}],"wp:attachment":[{"href":"https:\/\/noticiasemdestaque.com\/cd\/index.php?rest_route=%2Fwp%2Fv2%2Fmedia&parent=25935"}],"wp:term":[{"taxonomy":"category","embeddable":true,"href":"https:\/\/noticiasemdestaque.com\/cd\/index.php?rest_route=%2Fwp%2Fv2%2Fcategories&post=25935"},{"taxonomy":"post_tag","embeddable":true,"href":"https:\/\/noticiasemdestaque.com\/cd\/index.php?rest_route=%2Fwp%2Fv2%2Ftags&post=25935"}],"curies":[{"name":"wp","href":"https:\/\/api.w.org\/{rel}","templated":true}]}}