{"id":25932,"date":"2020-07-16T09:05:12","date_gmt":"2020-07-16T12:05:12","guid":{"rendered":"http:\/\/noticiasemdestaque.com\/cd\/?p=25932"},"modified":"2020-07-16T09:05:12","modified_gmt":"2020-07-16T12:05:12","slug":"estudo-sobre-matas-ciliares-no-semiarido-brasileiro-e-publicado-por-professora-do-cdsa","status":"publish","type":"post","link":"https:\/\/noticiasemdestaque.com\/cd\/?p=25932","title":{"rendered":"Estudo sobre matas ciliares no Semi\u00e1rido brasileiro \u00e9 publicado por professora do CDSA"},"content":{"rendered":"<p><a href=\"https:\/\/noticiasemdestaque.com\/cd\/wp-content\/uploads\/2020\/07\/cover_issue_2989_pt_BR.jpg\"><img fetchpriority=\"high\" decoding=\"async\" class=\"wp-image-25933 aligncenter\" src=\"https:\/\/noticiasemdestaque.com\/cd\/wp-content\/uploads\/2020\/07\/cover_issue_2989_pt_BR-724x1024.jpg\" alt=\"\" width=\"399\" height=\"564\" srcset=\"https:\/\/noticiasemdestaque.com\/cd\/wp-content\/uploads\/2020\/07\/cover_issue_2989_pt_BR-724x1024.jpg 724w, https:\/\/noticiasemdestaque.com\/cd\/wp-content\/uploads\/2020\/07\/cover_issue_2989_pt_BR-212x300.jpg 212w, https:\/\/noticiasemdestaque.com\/cd\/wp-content\/uploads\/2020\/07\/cover_issue_2989_pt_BR-768x1086.jpg 768w, https:\/\/noticiasemdestaque.com\/cd\/wp-content\/uploads\/2020\/07\/cover_issue_2989_pt_BR.jpg 1414w\" sizes=\"(max-width: 399px) 100vw, 399px\" \/><\/a><br \/>\nMais um artigo com informa\u00e7\u00f5es sobre as matas ciliares no contexto do Semi\u00e1rido brasileiro foi publicado pela professora do Centro de Desenvolvimento Sustent\u00e1vel do Semi\u00e1rido da UFCG, Alecksandra Vieira de Lacerda, na \u00faltima edi\u00e7\u00e3o da revista cient\u00edfica &#8220;Floresta&#8221;, da Universidade Federal do Paran\u00e1.<\/p>\n<p>&#8220;O artigo &#8216;Woody Component Structure of a Riparian Forest in an Intermittent Stream in the Semi-arid Region of Para\u00edba, Brazil&#8217; ressalta informa\u00e7\u00f5es sobre a estrutura de comunidades vegetais em \u00e1rea ciliar no Cariri paraibano e nos permite observar a import\u00e2ncia das esp\u00e9cies presentes&#8221;, destacou a professora.<\/p>\n<p>&#8220;Um trabalho permanente e comprometido com a\u00e7\u00f5es de conserva\u00e7\u00e3o dos sistemas naturais e com a restaura\u00e7\u00e3o de ambientes degradados. Estamos ampliando as a\u00e7\u00f5es de difus\u00e3o do conhecimento e demonstrando a import\u00e2ncia dos recursos naturais nos ecossistemas da regi\u00e3o Semi\u00e1rida&#8221;, completou.<\/p>\n<p>O artigo completo est\u00e1 dispon\u00edvel no endere\u00e7o:\u00a0<a href=\"https:\/\/revistas.ufpr.br\/floresta\/article\/view\/64520\" target=\"_blank\" rel=\"noopener noreferrer\" data-saferedirecturl=\"https:\/\/www.google.com\/url?q=https:\/\/revistas.ufpr.br\/floresta\/article\/view\/64520&amp;source=gmail&amp;ust=1594976448553000&amp;usg=AFQjCNGOpTxxN4aYDPGQNdBXRBKkPiPoiA\">https:\/\/revistas.ufpr.br\/<wbr \/>floresta\/article\/view\/64520<\/a><\/p>\n<p>A professora Alecksandra Vieira de Lacerda \u00e9 coordenadora do Laborat\u00f3rio de Ecologia e Bot\u00e2nica &#8211; LAEB\/CDSA\/UFCG e l\u00edder do Grupo de Pesquisa Conserva\u00e7\u00e3o Ecossist\u00eamica e Recupera\u00e7\u00e3o de \u00c1reas Degradadas no Semi\u00e1rido &#8211; CERDES.<\/p>\n<p>Assimp CDSA\/UFCG<\/p>\n","protected":false},"excerpt":{"rendered":"<p>Mais um artigo com informa\u00e7\u00f5es sobre as matas ciliares no contexto do Semi\u00e1rido brasileiro foi publicado pela professora do Centro de Desenvolvimento Sustent\u00e1vel do Semi\u00e1rido da UFCG, Alecksandra Vieira de Lacerda, na \u00faltima edi\u00e7\u00e3o da revista cient\u00edfica &#8220;Floresta&#8221;, da Universidade Federal do Paran\u00e1. &#8220;O artigo &#8216;Woody Component Structure of a Riparian Forest in an Intermittent Stream in the Semi-arid Region of Para\u00edba, Brazil&#8217; ressalta informa\u00e7\u00f5es sobre a estrutura de comunidades vegetais em \u00e1rea ciliar no Cariri paraibano e nos permite observar a import\u00e2ncia das esp\u00e9cies presentes&#8221;, destacou a professora. &#8220;Um trabalho permanente e comprometido com a\u00e7\u00f5es de conserva\u00e7\u00e3o dos sistemas naturais e com a restaura\u00e7\u00e3o de ambientes degradados. Estamos ampliando as a\u00e7\u00f5es de difus\u00e3o do conhecimento e demonstrando a import\u00e2ncia dos recursos naturais nos ecossistemas da regi\u00e3o Semi\u00e1rida&#8221;, completou. O artigo completo est\u00e1 dispon\u00edvel no endere\u00e7o:\u00a0https:\/\/revistas.ufpr.br\/floresta\/article\/view\/64520 A professora Alecksandra Vieira de Lacerda \u00e9 coordenadora do Laborat\u00f3rio de Ecologia e Bot\u00e2nica &#8211; LAEB\/CDSA\/UFCG e l\u00edder do Grupo de Pesquisa Conserva\u00e7\u00e3o Ecossist\u00eamica e Recupera\u00e7\u00e3o de \u00c1reas Degradadas no Semi\u00e1rido &#8211; CERDES. Assimp CDSA\/UFCG<\/p>\n","protected":false},"author":2,"featured_media":25933,"comment_status":"closed","ping_status":"open","sticky":false,"template":"","format":"standard","meta":{"_eb_attr":"","_jetpack_memberships_contains_paid_content":false,"footnotes":""},"categories":[6],"tags":[],"class_list":["post-25932","post","type-post","status-publish","format-standard","has-post-thumbnail","hentry","category-educacao"],"yoast_head":"<!-- This site is optimized with the Yoast SEO plugin v26.5 - https:\/\/yoast.com\/wordpress\/plugins\/seo\/ -->\n<title>Estudo sobre matas ciliares no Semi\u00e1rido brasileiro \u00e9 publicado por professora do CDSA - Not&iacute;cias em Destaque<\/title>\n<meta name=\"robots\" content=\"index, follow, max-snippet:-1, max-image-preview:large, max-video-preview:-1\" \/>\n<link rel=\"canonical\" href=\"https:\/\/noticiasemdestaque.com\/cd\/?p=25932\" \/>\n<meta property=\"og:locale\" content=\"pt_BR\" \/>\n<meta property=\"og:type\" content=\"article\" \/>\n<meta property=\"og:title\" content=\"Estudo sobre matas ciliares no Semi\u00e1rido brasileiro \u00e9 publicado por professora do CDSA - Not&iacute;cias em Destaque\" \/>\n<meta property=\"og:description\" content=\"Mais um artigo com informa\u00e7\u00f5es sobre as matas ciliares no contexto do Semi\u00e1rido brasileiro foi publicado pela professora do Centro de Desenvolvimento Sustent\u00e1vel do Semi\u00e1rido da UFCG, Alecksandra Vieira de Lacerda, na \u00faltima edi\u00e7\u00e3o da revista cient\u00edfica &#8220;Floresta&#8221;, da Universidade Federal do Paran\u00e1. &#8220;O artigo &#8216;Woody Component Structure of a Riparian Forest in an Intermittent Stream in the Semi-arid Region of Para\u00edba, Brazil&#8217; ressalta informa\u00e7\u00f5es sobre a estrutura de comunidades vegetais em \u00e1rea ciliar no Cariri paraibano e nos permite observar a import\u00e2ncia das esp\u00e9cies presentes&#8221;, destacou a professora. &#8220;Um trabalho permanente e comprometido com a\u00e7\u00f5es de conserva\u00e7\u00e3o dos sistemas naturais e com a restaura\u00e7\u00e3o de ambientes degradados. Estamos ampliando as a\u00e7\u00f5es de difus\u00e3o do conhecimento e demonstrando a import\u00e2ncia dos recursos naturais nos ecossistemas da regi\u00e3o Semi\u00e1rida&#8221;, completou. O artigo completo est\u00e1 dispon\u00edvel no endere\u00e7o:\u00a0https:\/\/revistas.ufpr.br\/floresta\/article\/view\/64520 A professora Alecksandra Vieira de Lacerda \u00e9 coordenadora do Laborat\u00f3rio de Ecologia e Bot\u00e2nica &#8211; LAEB\/CDSA\/UFCG e l\u00edder do Grupo de Pesquisa Conserva\u00e7\u00e3o Ecossist\u00eamica e Recupera\u00e7\u00e3o de \u00c1reas Degradadas no Semi\u00e1rido &#8211; CERDES. Assimp CDSA\/UFCG\" \/>\n<meta property=\"og:url\" content=\"https:\/\/noticiasemdestaque.com\/cd\/?p=25932\" \/>\n<meta property=\"og:site_name\" content=\"Not&iacute;cias em Destaque\" \/>\n<meta property=\"article:published_time\" content=\"2020-07-16T12:05:12+00:00\" \/>\n<meta property=\"og:image\" content=\"https:\/\/noticiasemdestaque.com\/cd\/wp-content\/uploads\/2020\/07\/cover_issue_2989_pt_BR.jpg\" \/>\n\t<meta property=\"og:image:width\" content=\"1414\" \/>\n\t<meta property=\"og:image:height\" content=\"2000\" \/>\n\t<meta property=\"og:image:type\" content=\"image\/jpeg\" \/>\n<meta name=\"author\" content=\"Not\u00edcias em Destaque\" \/>\n<meta name=\"twitter:card\" content=\"summary_large_image\" \/>\n<meta name=\"twitter:label1\" content=\"Escrito por\" \/>\n\t<meta name=\"twitter:data1\" content=\"Not\u00edcias em Destaque\" \/>\n\t<meta name=\"twitter:label2\" content=\"Est. tempo de leitura\" \/>\n\t<meta name=\"twitter:data2\" content=\"1 minuto\" \/>\n<script type=\"application\/ld+json\" class=\"yoast-schema-graph\">{\"@context\":\"https:\/\/schema.org\",\"@graph\":[{\"@type\":\"Article\",\"@id\":\"https:\/\/noticiasemdestaque.com\/cd\/?p=25932#article\",\"isPartOf\":{\"@id\":\"https:\/\/noticiasemdestaque.com\/cd\/?p=25932\"},\"author\":{\"name\":\"Not\u00edcias em Destaque\",\"@id\":\"https:\/\/noticiasemdestaque.com\/cd\/#\/schema\/person\/21320b03a7e8bb90128938dafc9b908a\"},\"headline\":\"Estudo sobre matas ciliares no Semi\u00e1rido brasileiro \u00e9 publicado por professora do CDSA\",\"datePublished\":\"2020-07-16T12:05:12+00:00\",\"mainEntityOfPage\":{\"@id\":\"https:\/\/noticiasemdestaque.com\/cd\/?p=25932\"},\"wordCount\":220,\"publisher\":{\"@id\":\"https:\/\/noticiasemdestaque.com\/cd\/#organization\"},\"image\":{\"@id\":\"https:\/\/noticiasemdestaque.com\/cd\/?p=25932#primaryimage\"},\"thumbnailUrl\":\"https:\/\/noticiasemdestaque.com\/cd\/wp-content\/uploads\/2020\/07\/cover_issue_2989_pt_BR.jpg\",\"articleSection\":[\"Educa\u00e7\u00e3o\"],\"inLanguage\":\"pt-BR\"},{\"@type\":\"WebPage\",\"@id\":\"https:\/\/noticiasemdestaque.com\/cd\/?p=25932\",\"url\":\"https:\/\/noticiasemdestaque.com\/cd\/?p=25932\",\"name\":\"Estudo sobre matas ciliares no Semi\u00e1rido brasileiro \u00e9 publicado por professora do CDSA - Not&iacute;cias em Destaque\",\"isPartOf\":{\"@id\":\"https:\/\/noticiasemdestaque.com\/cd\/#website\"},\"primaryImageOfPage\":{\"@id\":\"https:\/\/noticiasemdestaque.com\/cd\/?p=25932#primaryimage\"},\"image\":{\"@id\":\"https:\/\/noticiasemdestaque.com\/cd\/?p=25932#primaryimage\"},\"thumbnailUrl\":\"https:\/\/noticiasemdestaque.com\/cd\/wp-content\/uploads\/2020\/07\/cover_issue_2989_pt_BR.jpg\",\"datePublished\":\"2020-07-16T12:05:12+00:00\",\"breadcrumb\":{\"@id\":\"https:\/\/noticiasemdestaque.com\/cd\/?p=25932#breadcrumb\"},\"inLanguage\":\"pt-BR\",\"potentialAction\":[{\"@type\":\"ReadAction\",\"target\":[\"https:\/\/noticiasemdestaque.com\/cd\/?p=25932\"]}]},{\"@type\":\"ImageObject\",\"inLanguage\":\"pt-BR\",\"@id\":\"https:\/\/noticiasemdestaque.com\/cd\/?p=25932#primaryimage\",\"url\":\"https:\/\/noticiasemdestaque.com\/cd\/wp-content\/uploads\/2020\/07\/cover_issue_2989_pt_BR.jpg\",\"contentUrl\":\"https:\/\/noticiasemdestaque.com\/cd\/wp-content\/uploads\/2020\/07\/cover_issue_2989_pt_BR.jpg\",\"width\":1414,\"height\":2000},{\"@type\":\"BreadcrumbList\",\"@id\":\"https:\/\/noticiasemdestaque.com\/cd\/?p=25932#breadcrumb\",\"itemListElement\":[{\"@type\":\"ListItem\",\"position\":1,\"name\":\"In\u00edcio\",\"item\":\"https:\/\/noticiasemdestaque.com\/cd\/\"},{\"@type\":\"ListItem\",\"position\":2,\"name\":\"Estudo sobre matas ciliares no Semi\u00e1rido brasileiro \u00e9 publicado por professora do CDSA\"}]},{\"@type\":\"WebSite\",\"@id\":\"https:\/\/noticiasemdestaque.com\/cd\/#website\",\"url\":\"https:\/\/noticiasemdestaque.com\/cd\/\",\"name\":\"Not&iacute;cias em Destaque\",\"description\":\"\",\"publisher\":{\"@id\":\"https:\/\/noticiasemdestaque.com\/cd\/#organization\"},\"potentialAction\":[{\"@type\":\"SearchAction\",\"target\":{\"@type\":\"EntryPoint\",\"urlTemplate\":\"https:\/\/noticiasemdestaque.com\/cd\/?s={search_term_string}\"},\"query-input\":{\"@type\":\"PropertyValueSpecification\",\"valueRequired\":true,\"valueName\":\"search_term_string\"}}],\"inLanguage\":\"pt-BR\"},{\"@type\":\"Organization\",\"@id\":\"https:\/\/noticiasemdestaque.com\/cd\/#organization\",\"name\":\"Not\u00edcias em Destaque\",\"url\":\"https:\/\/noticiasemdestaque.com\/cd\/\",\"logo\":{\"@type\":\"ImageObject\",\"inLanguage\":\"pt-BR\",\"@id\":\"https:\/\/noticiasemdestaque.com\/cd\/#\/schema\/logo\/image\/\",\"url\":\"https:\/\/noticiasemdestaque.com\/cd\/wp-content\/uploads\/2022\/05\/imagem-base-noticiasemdestaque.png\",\"contentUrl\":\"https:\/\/noticiasemdestaque.com\/cd\/wp-content\/uploads\/2022\/05\/imagem-base-noticiasemdestaque.png\",\"width\":1200,\"height\":630,\"caption\":\"Not\u00edcias em Destaque\"},\"image\":{\"@id\":\"https:\/\/noticiasemdestaque.com\/cd\/#\/schema\/logo\/image\/\"}},{\"@type\":\"Person\",\"@id\":\"https:\/\/noticiasemdestaque.com\/cd\/#\/schema\/person\/21320b03a7e8bb90128938dafc9b908a\",\"name\":\"Not\u00edcias em Destaque\",\"url\":\"https:\/\/noticiasemdestaque.com\/cd\/?author=2\"}]}<\/script>\n<!-- \/ Yoast SEO plugin. -->","yoast_head_json":{"title":"Estudo sobre matas ciliares no Semi\u00e1rido brasileiro \u00e9 publicado por professora do CDSA - Not&iacute;cias em Destaque","robots":{"index":"index","follow":"follow","max-snippet":"max-snippet:-1","max-image-preview":"max-image-preview:large","max-video-preview":"max-video-preview:-1"},"canonical":"https:\/\/noticiasemdestaque.com\/cd\/?p=25932","og_locale":"pt_BR","og_type":"article","og_title":"Estudo sobre matas ciliares no Semi\u00e1rido brasileiro \u00e9 publicado por professora do CDSA - Not&iacute;cias em Destaque","og_description":"Mais um artigo com informa\u00e7\u00f5es sobre as matas ciliares no contexto do Semi\u00e1rido brasileiro foi publicado pela professora do Centro de Desenvolvimento Sustent\u00e1vel do Semi\u00e1rido da UFCG, Alecksandra Vieira de Lacerda, na \u00faltima edi\u00e7\u00e3o da revista cient\u00edfica &#8220;Floresta&#8221;, da Universidade Federal do Paran\u00e1. &#8220;O artigo &#8216;Woody Component Structure of a Riparian Forest in an Intermittent Stream in the Semi-arid Region of Para\u00edba, Brazil&#8217; ressalta informa\u00e7\u00f5es sobre a estrutura de comunidades vegetais em \u00e1rea ciliar no Cariri paraibano e nos permite observar a import\u00e2ncia das esp\u00e9cies presentes&#8221;, destacou a professora. &#8220;Um trabalho permanente e comprometido com a\u00e7\u00f5es de conserva\u00e7\u00e3o dos sistemas naturais e com a restaura\u00e7\u00e3o de ambientes degradados. Estamos ampliando as a\u00e7\u00f5es de difus\u00e3o do conhecimento e demonstrando a import\u00e2ncia dos recursos naturais nos ecossistemas da regi\u00e3o Semi\u00e1rida&#8221;, completou. O artigo completo est\u00e1 dispon\u00edvel no endere\u00e7o:\u00a0https:\/\/revistas.ufpr.br\/floresta\/article\/view\/64520 A professora Alecksandra Vieira de Lacerda \u00e9 coordenadora do Laborat\u00f3rio de Ecologia e Bot\u00e2nica &#8211; LAEB\/CDSA\/UFCG e l\u00edder do Grupo de Pesquisa Conserva\u00e7\u00e3o Ecossist\u00eamica e Recupera\u00e7\u00e3o de \u00c1reas Degradadas no Semi\u00e1rido &#8211; CERDES. Assimp CDSA\/UFCG","og_url":"https:\/\/noticiasemdestaque.com\/cd\/?p=25932","og_site_name":"Not&iacute;cias em Destaque","article_published_time":"2020-07-16T12:05:12+00:00","og_image":[{"width":1414,"height":2000,"url":"https:\/\/noticiasemdestaque.com\/cd\/wp-content\/uploads\/2020\/07\/cover_issue_2989_pt_BR.jpg","type":"image\/jpeg"}],"author":"Not\u00edcias em Destaque","twitter_card":"summary_large_image","twitter_misc":{"Escrito por":"Not\u00edcias em Destaque","Est. tempo de leitura":"1 minuto"},"schema":{"@context":"https:\/\/schema.org","@graph":[{"@type":"Article","@id":"https:\/\/noticiasemdestaque.com\/cd\/?p=25932#article","isPartOf":{"@id":"https:\/\/noticiasemdestaque.com\/cd\/?p=25932"},"author":{"name":"Not\u00edcias em Destaque","@id":"https:\/\/noticiasemdestaque.com\/cd\/#\/schema\/person\/21320b03a7e8bb90128938dafc9b908a"},"headline":"Estudo sobre matas ciliares no Semi\u00e1rido brasileiro \u00e9 publicado por professora do CDSA","datePublished":"2020-07-16T12:05:12+00:00","mainEntityOfPage":{"@id":"https:\/\/noticiasemdestaque.com\/cd\/?p=25932"},"wordCount":220,"publisher":{"@id":"https:\/\/noticiasemdestaque.com\/cd\/#organization"},"image":{"@id":"https:\/\/noticiasemdestaque.com\/cd\/?p=25932#primaryimage"},"thumbnailUrl":"https:\/\/noticiasemdestaque.com\/cd\/wp-content\/uploads\/2020\/07\/cover_issue_2989_pt_BR.jpg","articleSection":["Educa\u00e7\u00e3o"],"inLanguage":"pt-BR"},{"@type":"WebPage","@id":"https:\/\/noticiasemdestaque.com\/cd\/?p=25932","url":"https:\/\/noticiasemdestaque.com\/cd\/?p=25932","name":"Estudo sobre matas ciliares no Semi\u00e1rido brasileiro \u00e9 publicado por professora do CDSA - Not&iacute;cias em Destaque","isPartOf":{"@id":"https:\/\/noticiasemdestaque.com\/cd\/#website"},"primaryImageOfPage":{"@id":"https:\/\/noticiasemdestaque.com\/cd\/?p=25932#primaryimage"},"image":{"@id":"https:\/\/noticiasemdestaque.com\/cd\/?p=25932#primaryimage"},"thumbnailUrl":"https:\/\/noticiasemdestaque.com\/cd\/wp-content\/uploads\/2020\/07\/cover_issue_2989_pt_BR.jpg","datePublished":"2020-07-16T12:05:12+00:00","breadcrumb":{"@id":"https:\/\/noticiasemdestaque.com\/cd\/?p=25932#breadcrumb"},"inLanguage":"pt-BR","potentialAction":[{"@type":"ReadAction","target":["https:\/\/noticiasemdestaque.com\/cd\/?p=25932"]}]},{"@type":"ImageObject","inLanguage":"pt-BR","@id":"https:\/\/noticiasemdestaque.com\/cd\/?p=25932#primaryimage","url":"https:\/\/noticiasemdestaque.com\/cd\/wp-content\/uploads\/2020\/07\/cover_issue_2989_pt_BR.jpg","contentUrl":"https:\/\/noticiasemdestaque.com\/cd\/wp-content\/uploads\/2020\/07\/cover_issue_2989_pt_BR.jpg","width":1414,"height":2000},{"@type":"BreadcrumbList","@id":"https:\/\/noticiasemdestaque.com\/cd\/?p=25932#breadcrumb","itemListElement":[{"@type":"ListItem","position":1,"name":"In\u00edcio","item":"https:\/\/noticiasemdestaque.com\/cd\/"},{"@type":"ListItem","position":2,"name":"Estudo sobre matas ciliares no Semi\u00e1rido brasileiro \u00e9 publicado por professora do CDSA"}]},{"@type":"WebSite","@id":"https:\/\/noticiasemdestaque.com\/cd\/#website","url":"https:\/\/noticiasemdestaque.com\/cd\/","name":"Not&iacute;cias em Destaque","description":"","publisher":{"@id":"https:\/\/noticiasemdestaque.com\/cd\/#organization"},"potentialAction":[{"@type":"SearchAction","target":{"@type":"EntryPoint","urlTemplate":"https:\/\/noticiasemdestaque.com\/cd\/?s={search_term_string}"},"query-input":{"@type":"PropertyValueSpecification","valueRequired":true,"valueName":"search_term_string"}}],"inLanguage":"pt-BR"},{"@type":"Organization","@id":"https:\/\/noticiasemdestaque.com\/cd\/#organization","name":"Not\u00edcias em Destaque","url":"https:\/\/noticiasemdestaque.com\/cd\/","logo":{"@type":"ImageObject","inLanguage":"pt-BR","@id":"https:\/\/noticiasemdestaque.com\/cd\/#\/schema\/logo\/image\/","url":"https:\/\/noticiasemdestaque.com\/cd\/wp-content\/uploads\/2022\/05\/imagem-base-noticiasemdestaque.png","contentUrl":"https:\/\/noticiasemdestaque.com\/cd\/wp-content\/uploads\/2022\/05\/imagem-base-noticiasemdestaque.png","width":1200,"height":630,"caption":"Not\u00edcias em Destaque"},"image":{"@id":"https:\/\/noticiasemdestaque.com\/cd\/#\/schema\/logo\/image\/"}},{"@type":"Person","@id":"https:\/\/noticiasemdestaque.com\/cd\/#\/schema\/person\/21320b03a7e8bb90128938dafc9b908a","name":"Not\u00edcias em Destaque","url":"https:\/\/noticiasemdestaque.com\/cd\/?author=2"}]}},"jetpack_featured_media_url":"https:\/\/noticiasemdestaque.com\/cd\/wp-content\/uploads\/2020\/07\/cover_issue_2989_pt_BR.jpg","jetpack_sharing_enabled":true,"_links":{"self":[{"href":"https:\/\/noticiasemdestaque.com\/cd\/index.php?rest_route=\/wp\/v2\/posts\/25932","targetHints":{"allow":["GET"]}}],"collection":[{"href":"https:\/\/noticiasemdestaque.com\/cd\/index.php?rest_route=\/wp\/v2\/posts"}],"about":[{"href":"https:\/\/noticiasemdestaque.com\/cd\/index.php?rest_route=\/wp\/v2\/types\/post"}],"author":[{"embeddable":true,"href":"https:\/\/noticiasemdestaque.com\/cd\/index.php?rest_route=\/wp\/v2\/users\/2"}],"replies":[{"embeddable":true,"href":"https:\/\/noticiasemdestaque.com\/cd\/index.php?rest_route=%2Fwp%2Fv2%2Fcomments&post=25932"}],"version-history":[{"count":1,"href":"https:\/\/noticiasemdestaque.com\/cd\/index.php?rest_route=\/wp\/v2\/posts\/25932\/revisions"}],"predecessor-version":[{"id":25934,"href":"https:\/\/noticiasemdestaque.com\/cd\/index.php?rest_route=\/wp\/v2\/posts\/25932\/revisions\/25934"}],"wp:featuredmedia":[{"embeddable":true,"href":"https:\/\/noticiasemdestaque.com\/cd\/index.php?rest_route=\/wp\/v2\/media\/25933"}],"wp:attachment":[{"href":"https:\/\/noticiasemdestaque.com\/cd\/index.php?rest_route=%2Fwp%2Fv2%2Fmedia&parent=25932"}],"wp:term":[{"taxonomy":"category","embeddable":true,"href":"https:\/\/noticiasemdestaque.com\/cd\/index.php?rest_route=%2Fwp%2Fv2%2Fcategories&post=25932"},{"taxonomy":"post_tag","embeddable":true,"href":"https:\/\/noticiasemdestaque.com\/cd\/index.php?rest_route=%2Fwp%2Fv2%2Ftags&post=25932"}],"curies":[{"name":"wp","href":"https:\/\/api.w.org\/{rel}","templated":true}]}}