{"id":25926,"date":"2020-07-16T08:21:49","date_gmt":"2020-07-16T11:21:49","guid":{"rendered":"http:\/\/noticiasemdestaque.com\/cd\/?p=25926"},"modified":"2020-07-16T08:26:42","modified_gmt":"2020-07-16T11:26:42","slug":"prefeitura-de-amparo-distribui-mascaras-para-os-beneficiarios-do-bolsa-familia","status":"publish","type":"post","link":"https:\/\/noticiasemdestaque.com\/cd\/?p=25926","title":{"rendered":"Prefeitura de Amparo distribui m\u00e1scaras para os benefici\u00e1rios do Bolsa Fam\u00edlia"},"content":{"rendered":"<p><a href=\"https:\/\/noticiasemdestaque.com\/cd\/wp-content\/uploads\/2020\/07\/108203412_1128506807549249_1827584983846103181_n.jpg\"><img fetchpriority=\"high\" decoding=\"async\" class=\"wp-image-25928 aligncenter\" src=\"https:\/\/noticiasemdestaque.com\/cd\/wp-content\/uploads\/2020\/07\/108203412_1128506807549249_1827584983846103181_n.jpg\" alt=\"\" width=\"400\" height=\"400\" srcset=\"https:\/\/noticiasemdestaque.com\/cd\/wp-content\/uploads\/2020\/07\/108203412_1128506807549249_1827584983846103181_n.jpg 780w, https:\/\/noticiasemdestaque.com\/cd\/wp-content\/uploads\/2020\/07\/108203412_1128506807549249_1827584983846103181_n-150x150.jpg 150w, https:\/\/noticiasemdestaque.com\/cd\/wp-content\/uploads\/2020\/07\/108203412_1128506807549249_1827584983846103181_n-300x300.jpg 300w, https:\/\/noticiasemdestaque.com\/cd\/wp-content\/uploads\/2020\/07\/108203412_1128506807549249_1827584983846103181_n-768x768.jpg 768w\" sizes=\"(max-width: 400px) 100vw, 400px\" \/><\/a><\/p>\n<p>A Prefeitura Municipal de Amparo atrav\u00e9s da Secretaria de Assist\u00eancia Social e em parceria com o Governo do Estado, distribuiu m\u00e1scaras reutiliz\u00e1veis para todos os benefici\u00e1rios do programa bolsa fam\u00edlia \/ cadunico.<\/p>\n<p><a href=\"https:\/\/noticiasemdestaque.com\/cd\/wp-content\/uploads\/2020\/07\/108144261_1128506857549244_2367754073590018772_n.jpg\"><img decoding=\"async\" class=\"wp-image-25927 aligncenter\" src=\"https:\/\/noticiasemdestaque.com\/cd\/wp-content\/uploads\/2020\/07\/108144261_1128506857549244_2367754073590018772_n.jpg\" alt=\"\" width=\"399\" height=\"399\" srcset=\"https:\/\/noticiasemdestaque.com\/cd\/wp-content\/uploads\/2020\/07\/108144261_1128506857549244_2367754073590018772_n.jpg 780w, https:\/\/noticiasemdestaque.com\/cd\/wp-content\/uploads\/2020\/07\/108144261_1128506857549244_2367754073590018772_n-150x150.jpg 150w, https:\/\/noticiasemdestaque.com\/cd\/wp-content\/uploads\/2020\/07\/108144261_1128506857549244_2367754073590018772_n-300x300.jpg 300w, https:\/\/noticiasemdestaque.com\/cd\/wp-content\/uploads\/2020\/07\/108144261_1128506857549244_2367754073590018772_n-768x768.jpg 768w\" sizes=\"(max-width: 399px) 100vw, 399px\" \/><\/a><\/p>\n<p>S\u00e3o a\u00e7\u00f5es de preven\u00e7\u00e3o para o enfrentamento \u00e0 Pandemia da Covid-19, destacando a import\u00e2ncia do isolamento social e medidas de seguran\u00e7a para a conten\u00e7\u00e3o do cont\u00e1gio e dissemina\u00e7\u00e3o da doen\u00e7a.<\/p>\n<p>A Prefeitura de Amparo refor\u00e7a a import\u00e2ncia de cada um fazer sua parte e s\u00f3 sair de casa se for de extrema necessidade, usando a m\u00e1scaras e evitando aglomera\u00e7\u00f5es.<\/p>\n<p><em><strong>Not\u00edcias em Destaque<\/strong><\/em><\/p>\n<p>Com Ascom<\/p>\n","protected":false},"excerpt":{"rendered":"<p>A Prefeitura Municipal de Amparo atrav\u00e9s da Secretaria de Assist\u00eancia Social e em parceria com o Governo do Estado, distribuiu m\u00e1scaras reutiliz\u00e1veis para todos os benefici\u00e1rios do programa bolsa fam\u00edlia \/ cadunico. S\u00e3o a\u00e7\u00f5es de preven\u00e7\u00e3o para o enfrentamento \u00e0 Pandemia da Covid-19, destacando a import\u00e2ncia do isolamento social e medidas de seguran\u00e7a para a conten\u00e7\u00e3o do cont\u00e1gio e dissemina\u00e7\u00e3o da doen\u00e7a. A Prefeitura de Amparo refor\u00e7a a import\u00e2ncia de cada um fazer sua parte e s\u00f3 sair de casa se for de extrema necessidade, usando a m\u00e1scaras e evitando aglomera\u00e7\u00f5es. Not\u00edcias em Destaque Com Ascom<\/p>\n","protected":false},"author":2,"featured_media":25928,"comment_status":"closed","ping_status":"open","sticky":false,"template":"","format":"standard","meta":{"_eb_attr":"","_jetpack_memberships_contains_paid_content":false,"footnotes":""},"categories":[3],"tags":[],"class_list":["post-25926","post","type-post","status-publish","format-standard","has-post-thumbnail","hentry","category-cidades"],"yoast_head":"<!-- This site is optimized with the Yoast SEO plugin v26.5 - https:\/\/yoast.com\/wordpress\/plugins\/seo\/ -->\n<title>Prefeitura de Amparo distribui m\u00e1scaras para os benefici\u00e1rios do Bolsa Fam\u00edlia - Not&iacute;cias em Destaque<\/title>\n<meta name=\"robots\" content=\"index, follow, max-snippet:-1, max-image-preview:large, max-video-preview:-1\" \/>\n<link rel=\"canonical\" href=\"https:\/\/noticiasemdestaque.com\/cd\/?p=25926\" \/>\n<meta property=\"og:locale\" content=\"pt_BR\" \/>\n<meta property=\"og:type\" content=\"article\" \/>\n<meta property=\"og:title\" content=\"Prefeitura de Amparo distribui m\u00e1scaras para os benefici\u00e1rios do Bolsa Fam\u00edlia - Not&iacute;cias em Destaque\" \/>\n<meta property=\"og:description\" content=\"A Prefeitura Municipal de Amparo atrav\u00e9s da Secretaria de Assist\u00eancia Social e em parceria com o Governo do Estado, distribuiu m\u00e1scaras reutiliz\u00e1veis para todos os benefici\u00e1rios do programa bolsa fam\u00edlia \/ cadunico. S\u00e3o a\u00e7\u00f5es de preven\u00e7\u00e3o para o enfrentamento \u00e0 Pandemia da Covid-19, destacando a import\u00e2ncia do isolamento social e medidas de seguran\u00e7a para a conten\u00e7\u00e3o do cont\u00e1gio e dissemina\u00e7\u00e3o da doen\u00e7a. A Prefeitura de Amparo refor\u00e7a a import\u00e2ncia de cada um fazer sua parte e s\u00f3 sair de casa se for de extrema necessidade, usando a m\u00e1scaras e evitando aglomera\u00e7\u00f5es. Not\u00edcias em Destaque Com Ascom\" \/>\n<meta property=\"og:url\" content=\"https:\/\/noticiasemdestaque.com\/cd\/?p=25926\" \/>\n<meta property=\"og:site_name\" content=\"Not&iacute;cias em Destaque\" \/>\n<meta property=\"article:published_time\" content=\"2020-07-16T11:21:49+00:00\" \/>\n<meta property=\"article:modified_time\" content=\"2020-07-16T11:26:42+00:00\" \/>\n<meta property=\"og:image\" content=\"https:\/\/noticiasemdestaque.com\/cd\/wp-content\/uploads\/2020\/07\/108203412_1128506807549249_1827584983846103181_n.jpg\" \/>\n\t<meta property=\"og:image:width\" content=\"780\" \/>\n\t<meta property=\"og:image:height\" content=\"780\" \/>\n\t<meta property=\"og:image:type\" content=\"image\/jpeg\" \/>\n<meta name=\"author\" content=\"Not\u00edcias em Destaque\" \/>\n<meta name=\"twitter:card\" content=\"summary_large_image\" \/>\n<meta name=\"twitter:label1\" content=\"Escrito por\" \/>\n\t<meta name=\"twitter:data1\" content=\"Not\u00edcias em Destaque\" \/>\n\t<meta name=\"twitter:label2\" content=\"Est. tempo de leitura\" \/>\n\t<meta name=\"twitter:data2\" content=\"1 minuto\" \/>\n<script type=\"application\/ld+json\" class=\"yoast-schema-graph\">{\"@context\":\"https:\/\/schema.org\",\"@graph\":[{\"@type\":\"Article\",\"@id\":\"https:\/\/noticiasemdestaque.com\/cd\/?p=25926#article\",\"isPartOf\":{\"@id\":\"https:\/\/noticiasemdestaque.com\/cd\/?p=25926\"},\"author\":{\"name\":\"Not\u00edcias em Destaque\",\"@id\":\"https:\/\/noticiasemdestaque.com\/cd\/#\/schema\/person\/21320b03a7e8bb90128938dafc9b908a\"},\"headline\":\"Prefeitura de Amparo distribui m\u00e1scaras para os benefici\u00e1rios do Bolsa Fam\u00edlia\",\"datePublished\":\"2020-07-16T11:21:49+00:00\",\"dateModified\":\"2020-07-16T11:26:42+00:00\",\"mainEntityOfPage\":{\"@id\":\"https:\/\/noticiasemdestaque.com\/cd\/?p=25926\"},\"wordCount\":128,\"publisher\":{\"@id\":\"https:\/\/noticiasemdestaque.com\/cd\/#organization\"},\"image\":{\"@id\":\"https:\/\/noticiasemdestaque.com\/cd\/?p=25926#primaryimage\"},\"thumbnailUrl\":\"https:\/\/noticiasemdestaque.com\/cd\/wp-content\/uploads\/2020\/07\/108203412_1128506807549249_1827584983846103181_n.jpg\",\"articleSection\":[\"Cidades\"],\"inLanguage\":\"pt-BR\"},{\"@type\":\"WebPage\",\"@id\":\"https:\/\/noticiasemdestaque.com\/cd\/?p=25926\",\"url\":\"https:\/\/noticiasemdestaque.com\/cd\/?p=25926\",\"name\":\"Prefeitura de Amparo distribui m\u00e1scaras para os benefici\u00e1rios do Bolsa Fam\u00edlia - Not&iacute;cias em Destaque\",\"isPartOf\":{\"@id\":\"https:\/\/noticiasemdestaque.com\/cd\/#website\"},\"primaryImageOfPage\":{\"@id\":\"https:\/\/noticiasemdestaque.com\/cd\/?p=25926#primaryimage\"},\"image\":{\"@id\":\"https:\/\/noticiasemdestaque.com\/cd\/?p=25926#primaryimage\"},\"thumbnailUrl\":\"https:\/\/noticiasemdestaque.com\/cd\/wp-content\/uploads\/2020\/07\/108203412_1128506807549249_1827584983846103181_n.jpg\",\"datePublished\":\"2020-07-16T11:21:49+00:00\",\"dateModified\":\"2020-07-16T11:26:42+00:00\",\"breadcrumb\":{\"@id\":\"https:\/\/noticiasemdestaque.com\/cd\/?p=25926#breadcrumb\"},\"inLanguage\":\"pt-BR\",\"potentialAction\":[{\"@type\":\"ReadAction\",\"target\":[\"https:\/\/noticiasemdestaque.com\/cd\/?p=25926\"]}]},{\"@type\":\"ImageObject\",\"inLanguage\":\"pt-BR\",\"@id\":\"https:\/\/noticiasemdestaque.com\/cd\/?p=25926#primaryimage\",\"url\":\"https:\/\/noticiasemdestaque.com\/cd\/wp-content\/uploads\/2020\/07\/108203412_1128506807549249_1827584983846103181_n.jpg\",\"contentUrl\":\"https:\/\/noticiasemdestaque.com\/cd\/wp-content\/uploads\/2020\/07\/108203412_1128506807549249_1827584983846103181_n.jpg\",\"width\":780,\"height\":780},{\"@type\":\"BreadcrumbList\",\"@id\":\"https:\/\/noticiasemdestaque.com\/cd\/?p=25926#breadcrumb\",\"itemListElement\":[{\"@type\":\"ListItem\",\"position\":1,\"name\":\"In\u00edcio\",\"item\":\"https:\/\/noticiasemdestaque.com\/cd\/\"},{\"@type\":\"ListItem\",\"position\":2,\"name\":\"Prefeitura de Amparo distribui m\u00e1scaras para os benefici\u00e1rios do Bolsa Fam\u00edlia\"}]},{\"@type\":\"WebSite\",\"@id\":\"https:\/\/noticiasemdestaque.com\/cd\/#website\",\"url\":\"https:\/\/noticiasemdestaque.com\/cd\/\",\"name\":\"Not&iacute;cias em Destaque\",\"description\":\"\",\"publisher\":{\"@id\":\"https:\/\/noticiasemdestaque.com\/cd\/#organization\"},\"potentialAction\":[{\"@type\":\"SearchAction\",\"target\":{\"@type\":\"EntryPoint\",\"urlTemplate\":\"https:\/\/noticiasemdestaque.com\/cd\/?s={search_term_string}\"},\"query-input\":{\"@type\":\"PropertyValueSpecification\",\"valueRequired\":true,\"valueName\":\"search_term_string\"}}],\"inLanguage\":\"pt-BR\"},{\"@type\":\"Organization\",\"@id\":\"https:\/\/noticiasemdestaque.com\/cd\/#organization\",\"name\":\"Not\u00edcias em Destaque\",\"url\":\"https:\/\/noticiasemdestaque.com\/cd\/\",\"logo\":{\"@type\":\"ImageObject\",\"inLanguage\":\"pt-BR\",\"@id\":\"https:\/\/noticiasemdestaque.com\/cd\/#\/schema\/logo\/image\/\",\"url\":\"https:\/\/noticiasemdestaque.com\/cd\/wp-content\/uploads\/2022\/05\/imagem-base-noticiasemdestaque.png\",\"contentUrl\":\"https:\/\/noticiasemdestaque.com\/cd\/wp-content\/uploads\/2022\/05\/imagem-base-noticiasemdestaque.png\",\"width\":1200,\"height\":630,\"caption\":\"Not\u00edcias em Destaque\"},\"image\":{\"@id\":\"https:\/\/noticiasemdestaque.com\/cd\/#\/schema\/logo\/image\/\"}},{\"@type\":\"Person\",\"@id\":\"https:\/\/noticiasemdestaque.com\/cd\/#\/schema\/person\/21320b03a7e8bb90128938dafc9b908a\",\"name\":\"Not\u00edcias em Destaque\",\"url\":\"https:\/\/noticiasemdestaque.com\/cd\/?author=2\"}]}<\/script>\n<!-- \/ Yoast SEO plugin. -->","yoast_head_json":{"title":"Prefeitura de Amparo distribui m\u00e1scaras para os benefici\u00e1rios do Bolsa Fam\u00edlia - Not&iacute;cias em Destaque","robots":{"index":"index","follow":"follow","max-snippet":"max-snippet:-1","max-image-preview":"max-image-preview:large","max-video-preview":"max-video-preview:-1"},"canonical":"https:\/\/noticiasemdestaque.com\/cd\/?p=25926","og_locale":"pt_BR","og_type":"article","og_title":"Prefeitura de Amparo distribui m\u00e1scaras para os benefici\u00e1rios do Bolsa Fam\u00edlia - Not&iacute;cias em Destaque","og_description":"A Prefeitura Municipal de Amparo atrav\u00e9s da Secretaria de Assist\u00eancia Social e em parceria com o Governo do Estado, distribuiu m\u00e1scaras reutiliz\u00e1veis para todos os benefici\u00e1rios do programa bolsa fam\u00edlia \/ cadunico. S\u00e3o a\u00e7\u00f5es de preven\u00e7\u00e3o para o enfrentamento \u00e0 Pandemia da Covid-19, destacando a import\u00e2ncia do isolamento social e medidas de seguran\u00e7a para a conten\u00e7\u00e3o do cont\u00e1gio e dissemina\u00e7\u00e3o da doen\u00e7a. A Prefeitura de Amparo refor\u00e7a a import\u00e2ncia de cada um fazer sua parte e s\u00f3 sair de casa se for de extrema necessidade, usando a m\u00e1scaras e evitando aglomera\u00e7\u00f5es. Not\u00edcias em Destaque Com Ascom","og_url":"https:\/\/noticiasemdestaque.com\/cd\/?p=25926","og_site_name":"Not&iacute;cias em Destaque","article_published_time":"2020-07-16T11:21:49+00:00","article_modified_time":"2020-07-16T11:26:42+00:00","og_image":[{"width":780,"height":780,"url":"https:\/\/noticiasemdestaque.com\/cd\/wp-content\/uploads\/2020\/07\/108203412_1128506807549249_1827584983846103181_n.jpg","type":"image\/jpeg"}],"author":"Not\u00edcias em Destaque","twitter_card":"summary_large_image","twitter_misc":{"Escrito por":"Not\u00edcias em Destaque","Est. tempo de leitura":"1 minuto"},"schema":{"@context":"https:\/\/schema.org","@graph":[{"@type":"Article","@id":"https:\/\/noticiasemdestaque.com\/cd\/?p=25926#article","isPartOf":{"@id":"https:\/\/noticiasemdestaque.com\/cd\/?p=25926"},"author":{"name":"Not\u00edcias em Destaque","@id":"https:\/\/noticiasemdestaque.com\/cd\/#\/schema\/person\/21320b03a7e8bb90128938dafc9b908a"},"headline":"Prefeitura de Amparo distribui m\u00e1scaras para os benefici\u00e1rios do Bolsa Fam\u00edlia","datePublished":"2020-07-16T11:21:49+00:00","dateModified":"2020-07-16T11:26:42+00:00","mainEntityOfPage":{"@id":"https:\/\/noticiasemdestaque.com\/cd\/?p=25926"},"wordCount":128,"publisher":{"@id":"https:\/\/noticiasemdestaque.com\/cd\/#organization"},"image":{"@id":"https:\/\/noticiasemdestaque.com\/cd\/?p=25926#primaryimage"},"thumbnailUrl":"https:\/\/noticiasemdestaque.com\/cd\/wp-content\/uploads\/2020\/07\/108203412_1128506807549249_1827584983846103181_n.jpg","articleSection":["Cidades"],"inLanguage":"pt-BR"},{"@type":"WebPage","@id":"https:\/\/noticiasemdestaque.com\/cd\/?p=25926","url":"https:\/\/noticiasemdestaque.com\/cd\/?p=25926","name":"Prefeitura de Amparo distribui m\u00e1scaras para os benefici\u00e1rios do Bolsa Fam\u00edlia - Not&iacute;cias em Destaque","isPartOf":{"@id":"https:\/\/noticiasemdestaque.com\/cd\/#website"},"primaryImageOfPage":{"@id":"https:\/\/noticiasemdestaque.com\/cd\/?p=25926#primaryimage"},"image":{"@id":"https:\/\/noticiasemdestaque.com\/cd\/?p=25926#primaryimage"},"thumbnailUrl":"https:\/\/noticiasemdestaque.com\/cd\/wp-content\/uploads\/2020\/07\/108203412_1128506807549249_1827584983846103181_n.jpg","datePublished":"2020-07-16T11:21:49+00:00","dateModified":"2020-07-16T11:26:42+00:00","breadcrumb":{"@id":"https:\/\/noticiasemdestaque.com\/cd\/?p=25926#breadcrumb"},"inLanguage":"pt-BR","potentialAction":[{"@type":"ReadAction","target":["https:\/\/noticiasemdestaque.com\/cd\/?p=25926"]}]},{"@type":"ImageObject","inLanguage":"pt-BR","@id":"https:\/\/noticiasemdestaque.com\/cd\/?p=25926#primaryimage","url":"https:\/\/noticiasemdestaque.com\/cd\/wp-content\/uploads\/2020\/07\/108203412_1128506807549249_1827584983846103181_n.jpg","contentUrl":"https:\/\/noticiasemdestaque.com\/cd\/wp-content\/uploads\/2020\/07\/108203412_1128506807549249_1827584983846103181_n.jpg","width":780,"height":780},{"@type":"BreadcrumbList","@id":"https:\/\/noticiasemdestaque.com\/cd\/?p=25926#breadcrumb","itemListElement":[{"@type":"ListItem","position":1,"name":"In\u00edcio","item":"https:\/\/noticiasemdestaque.com\/cd\/"},{"@type":"ListItem","position":2,"name":"Prefeitura de Amparo distribui m\u00e1scaras para os benefici\u00e1rios do Bolsa Fam\u00edlia"}]},{"@type":"WebSite","@id":"https:\/\/noticiasemdestaque.com\/cd\/#website","url":"https:\/\/noticiasemdestaque.com\/cd\/","name":"Not&iacute;cias em Destaque","description":"","publisher":{"@id":"https:\/\/noticiasemdestaque.com\/cd\/#organization"},"potentialAction":[{"@type":"SearchAction","target":{"@type":"EntryPoint","urlTemplate":"https:\/\/noticiasemdestaque.com\/cd\/?s={search_term_string}"},"query-input":{"@type":"PropertyValueSpecification","valueRequired":true,"valueName":"search_term_string"}}],"inLanguage":"pt-BR"},{"@type":"Organization","@id":"https:\/\/noticiasemdestaque.com\/cd\/#organization","name":"Not\u00edcias em Destaque","url":"https:\/\/noticiasemdestaque.com\/cd\/","logo":{"@type":"ImageObject","inLanguage":"pt-BR","@id":"https:\/\/noticiasemdestaque.com\/cd\/#\/schema\/logo\/image\/","url":"https:\/\/noticiasemdestaque.com\/cd\/wp-content\/uploads\/2022\/05\/imagem-base-noticiasemdestaque.png","contentUrl":"https:\/\/noticiasemdestaque.com\/cd\/wp-content\/uploads\/2022\/05\/imagem-base-noticiasemdestaque.png","width":1200,"height":630,"caption":"Not\u00edcias em Destaque"},"image":{"@id":"https:\/\/noticiasemdestaque.com\/cd\/#\/schema\/logo\/image\/"}},{"@type":"Person","@id":"https:\/\/noticiasemdestaque.com\/cd\/#\/schema\/person\/21320b03a7e8bb90128938dafc9b908a","name":"Not\u00edcias em Destaque","url":"https:\/\/noticiasemdestaque.com\/cd\/?author=2"}]}},"jetpack_featured_media_url":"https:\/\/noticiasemdestaque.com\/cd\/wp-content\/uploads\/2020\/07\/108203412_1128506807549249_1827584983846103181_n.jpg","jetpack_sharing_enabled":true,"_links":{"self":[{"href":"https:\/\/noticiasemdestaque.com\/cd\/index.php?rest_route=\/wp\/v2\/posts\/25926","targetHints":{"allow":["GET"]}}],"collection":[{"href":"https:\/\/noticiasemdestaque.com\/cd\/index.php?rest_route=\/wp\/v2\/posts"}],"about":[{"href":"https:\/\/noticiasemdestaque.com\/cd\/index.php?rest_route=\/wp\/v2\/types\/post"}],"author":[{"embeddable":true,"href":"https:\/\/noticiasemdestaque.com\/cd\/index.php?rest_route=\/wp\/v2\/users\/2"}],"replies":[{"embeddable":true,"href":"https:\/\/noticiasemdestaque.com\/cd\/index.php?rest_route=%2Fwp%2Fv2%2Fcomments&post=25926"}],"version-history":[{"count":2,"href":"https:\/\/noticiasemdestaque.com\/cd\/index.php?rest_route=\/wp\/v2\/posts\/25926\/revisions"}],"predecessor-version":[{"id":25930,"href":"https:\/\/noticiasemdestaque.com\/cd\/index.php?rest_route=\/wp\/v2\/posts\/25926\/revisions\/25930"}],"wp:featuredmedia":[{"embeddable":true,"href":"https:\/\/noticiasemdestaque.com\/cd\/index.php?rest_route=\/wp\/v2\/media\/25928"}],"wp:attachment":[{"href":"https:\/\/noticiasemdestaque.com\/cd\/index.php?rest_route=%2Fwp%2Fv2%2Fmedia&parent=25926"}],"wp:term":[{"taxonomy":"category","embeddable":true,"href":"https:\/\/noticiasemdestaque.com\/cd\/index.php?rest_route=%2Fwp%2Fv2%2Fcategories&post=25926"},{"taxonomy":"post_tag","embeddable":true,"href":"https:\/\/noticiasemdestaque.com\/cd\/index.php?rest_route=%2Fwp%2Fv2%2Ftags&post=25926"}],"curies":[{"name":"wp","href":"https:\/\/api.w.org\/{rel}","templated":true}]}}