{"id":25925,"date":"2020-07-16T08:36:00","date_gmt":"2020-07-16T11:36:00","guid":{"rendered":"http:\/\/noticiasemdestaque.com\/cd\/?p=25925"},"modified":"2020-07-16T08:36:00","modified_gmt":"2020-07-16T11:36:00","slug":"4a-parcela-do-auxilio-comeca-a-ser-paga-dia-20-ao-bolsa-familia","status":"publish","type":"post","link":"https:\/\/noticiasemdestaque.com\/cd\/?p=25925","title":{"rendered":"4\u00aa parcela do aux\u00edlio come\u00e7a a ser paga dia 20 ao Bolsa Fam\u00edlia"},"content":{"rendered":"<figure id=\"attachment_24142\" aria-describedby=\"caption-attachment-24142\" style=\"width: 1024px\" class=\"wp-caption alignnone\"><a href=\"https:\/\/noticiasemdestaque.com\/cd\/wp-content\/uploads\/2020\/04\/lancamento_do_aplicativo_caixa_auxilio_emergencial_0407201851.jpg\"><img fetchpriority=\"high\" decoding=\"async\" class=\"size-large wp-image-24142\" src=\"https:\/\/noticiasemdestaque.com\/cd\/wp-content\/uploads\/2020\/04\/lancamento_do_aplicativo_caixa_auxilio_emergencial_0407201851-1024x613.jpg\" alt=\"\" width=\"1024\" height=\"613\" srcset=\"https:\/\/noticiasemdestaque.com\/cd\/wp-content\/uploads\/2020\/04\/lancamento_do_aplicativo_caixa_auxilio_emergencial_0407201851-1024x613.jpg 1024w, https:\/\/noticiasemdestaque.com\/cd\/wp-content\/uploads\/2020\/04\/lancamento_do_aplicativo_caixa_auxilio_emergencial_0407201851-300x179.jpg 300w, https:\/\/noticiasemdestaque.com\/cd\/wp-content\/uploads\/2020\/04\/lancamento_do_aplicativo_caixa_auxilio_emergencial_0407201851-768x459.jpg 768w, https:\/\/noticiasemdestaque.com\/cd\/wp-content\/uploads\/2020\/04\/lancamento_do_aplicativo_caixa_auxilio_emergencial_0407201851.jpg 1170w\" sizes=\"(max-width: 1024px) 100vw, 1024px\" \/><\/a><figcaption id=\"caption-attachment-24142\" class=\"wp-caption-text\">Lan\u00e7amento do aplicativo CAIXA|Aux\u00edlio Emergencial<\/figcaption><\/figure>\n<p>Os beneficiados do Bolsa Fam\u00edlia ser\u00e3o os primeiros a receber a quarta parcela do\u00a0<a href=\"https:\/\/noticias.r7.com\/prisma\/o-que-e-que-eu-faco-sophia\/veja-20-perguntas-e-respostas-sobre-o-auxilio-emergencial-18042020\"><strong>aux\u00edlio emergencial<\/strong><\/a>\u00a0a partir da pr\u00f3xima segunda-feira (20). Esse grupo segue o calend\u00e1rio regular de pagamento do programa, que \u00e9 realizado nos dez \u00faltimos dias \u00fateis de cada m\u00eas, de forma escalonada, de acordo com o NIS (N\u00famero de Identifica\u00e7\u00e3o Social).<\/p>\n<p>Neste s\u00e1bado (18), come\u00e7a um novo calend\u00e1rio de saque para o grupo de 40,4 milh\u00f5es de benefici\u00e1rios do lote 1 (terceira parcela), lote 2 (segunda parcela) e lote 4 (primeira parcela), de acordo com a data de anivers\u00e1rio. Para n\u00e3o ter filas e aglomera\u00e7\u00f5es, o dep\u00f3sito do benef\u00edcio j\u00e1 foi realizado na conta digital, que \u00e9 poss\u00edvel pagar contas e fazer compras por meio do aplicativo Caixa Tem.<\/p>\n<div class=\"media_box embed intertitle_box\">\n<h3 class=\"content\">Calend\u00e1rio do Bolsa Fam\u00edlia<\/h3>\n<\/div>\n<p>NIS final 1 &#8211; 20 de julho<br \/>\nNIS final 2 &#8211; 21 de julho<br \/>\nNIS final 3 &#8211; 22 de julho<br \/>\nNIS final 4 &#8211; 23 de julho<br \/>\nNIS final 5 &#8211; 24 de julho<br \/>\nNIS final 6 &#8211; 27 de julho<br \/>\nNIS final 7 &#8211; 28 de julho<br \/>\nNIS final 8 &#8211; 29 de julho<br \/>\nNIS final 9 &#8211; 30 de julho<br \/>\nNIS final 0 &#8211; 31 de julho<\/p>\n<div class=\"media_box embed intertitle_box\">\n<h3 class=\"content\">Calend\u00e1rio de saque para 40,4 milh\u00f5es<\/h3>\n<\/div>\n<p><strong>Para benefici\u00e1rios do 1\u00ba lote (terceira parcela), 2\u00ba lote (segunda parcela) e 4\u00ba lote (primeira parcela)<\/strong><\/p>\n<p>S\u00e1bado (18 de julho) \u2013 nascidos em janeiro (3,4 milh\u00f5es)<br \/>\nS\u00e1bado (25 de julho) \u2013 nascidos em fevereiro (3,1 milh\u00f5es)<br \/>\nS\u00e1bado (1\u00ba de agosto) \u2013 nascidos em mar\u00e7o (3,5 milh\u00f5es)<br \/>\nS\u00e1bado (8 de agosto) \u2013 nascidos em abril (3,4 milh\u00f5es)<br \/>\nS\u00e1bado (15 de agosto) \u2013 nascidos em maio (3,5 milh\u00f5es)<br \/>\nS\u00e1bado (29 de agosto) \u2013 nascidos em junho (3,4 milh\u00f5es)<br \/>\nTer\u00e7a-feira (1\u00ba de setembro) \u2013 nascidos em julho (3,4 milh\u00f5es)<br \/>\nTer\u00e7a-feira (8 de setembro) \u2013 nascidos em agosto (3,4 milh\u00f5es)<br \/>\nQuinta-feira (10 de setembro) \u2013 nascidos em setembro (3,4 milh\u00f5es)<br \/>\nS\u00e1bado (12 de setembro) \u2013 nascidos em outubro (3,4 milh\u00f5es)<br \/>\nTer\u00e7a-feira (15 de setembro) \u2013 nascidos em novembro (3,2 milh\u00f5es)<br \/>\nS\u00e1bado (19 de setembro) \u2013 nascidos em dezembro (3,3 milh\u00f5es)<\/p>\n<p><strong>Balan\u00e7o<\/strong><\/p>\n<p>A Caixa tamb\u00e9m concluiu nesta ter\u00e7a-feira (14) o saque da primeira parcela do aux\u00edlio emergencial de R$ 600 a 1,3 milh\u00e3o de benefici\u00e1rios nascidos em outubro, novembro e dezembro. Com isso, o calend\u00e1rio para a retirada em dinheiro para o grupo de 4,9 milh\u00f5es (lote 3), que fez o cadastro entre 1\u00ba e 26 de maio, terminou com um total de R$ 3,2 bilh\u00f5es.<\/p>\n<p>Segundo a Caixa, j\u00e1 foram pagos at\u00e9 agora R$ 121,1 bilh\u00f5es a 65,2 milh\u00f5es de benefici\u00e1rios inscritos por meio do Cadastro \u00danico, do Programa Bolsa Fam\u00edlia, ou pelo site e pelos aplicativos da Caixa.<\/p>\n<p>O benef\u00edcio foi criado para diminuir os impactos da\u00a0<a href=\"https:\/\/noticias.r7.com\/saude\/coronavirus\"><strong>pandemia de coronav\u00edrus<\/strong><\/a>\u00a0na popula\u00e7\u00e3o de baixa renda. O aux\u00edlio come\u00e7ou com tr\u00eas e passou para cinco parcelas de R$ 600, mas esse valor sobe para R$ 1.200 nos casos de m\u00e3es respons\u00e1veis pelo sustento da fam\u00edlia.<\/p>\n<p>Com R7<\/p>\n","protected":false},"excerpt":{"rendered":"<p>Os beneficiados do Bolsa Fam\u00edlia ser\u00e3o os primeiros a receber a quarta parcela do\u00a0aux\u00edlio emergencial\u00a0a partir da pr\u00f3xima segunda-feira (20). Esse grupo segue o calend\u00e1rio regular de pagamento do programa, que \u00e9 realizado nos dez \u00faltimos dias \u00fateis de cada m\u00eas, de forma escalonada, de acordo com o NIS (N\u00famero de Identifica\u00e7\u00e3o Social). Neste s\u00e1bado (18), come\u00e7a um novo calend\u00e1rio de saque para o grupo de 40,4 milh\u00f5es de benefici\u00e1rios do lote 1 (terceira parcela), lote 2 (segunda parcela) e lote 4 (primeira parcela), de acordo com a data de anivers\u00e1rio. Para n\u00e3o ter filas e aglomera\u00e7\u00f5es, o dep\u00f3sito do benef\u00edcio j\u00e1 foi realizado na conta digital, que \u00e9 poss\u00edvel pagar contas e fazer compras por meio do aplicativo Caixa Tem. Calend\u00e1rio do Bolsa Fam\u00edlia NIS final 1 &#8211; 20 de julho NIS final 2 &#8211; 21 de julho NIS final 3 &#8211; 22 de julho NIS final 4 &#8211; 23 de julho NIS final 5 &#8211; 24 de julho NIS final 6 &#8211; 27 de julho NIS final 7 &#8211; 28 de julho NIS final 8 &#8211; 29 de julho NIS final 9 &#8211; 30 de julho NIS final 0 &#8211; 31 de julho Calend\u00e1rio de saque para 40,4 milh\u00f5es Para benefici\u00e1rios do 1\u00ba lote (terceira parcela), 2\u00ba lote (segunda parcela) e 4\u00ba lote (primeira parcela) S\u00e1bado (18 de julho) \u2013 nascidos em janeiro (3,4 milh\u00f5es) S\u00e1bado (25 de julho) \u2013 nascidos em fevereiro (3,1 milh\u00f5es) S\u00e1bado (1\u00ba de agosto) \u2013 nascidos em mar\u00e7o (3,5 milh\u00f5es) S\u00e1bado (8 de agosto) \u2013 nascidos em abril (3,4 milh\u00f5es) S\u00e1bado (15 de agosto) \u2013 nascidos em maio (3,5 milh\u00f5es) S\u00e1bado (29 de agosto) \u2013 nascidos em junho (3,4 milh\u00f5es) Ter\u00e7a-feira (1\u00ba de setembro) \u2013 nascidos em julho (3,4 milh\u00f5es) Ter\u00e7a-feira (8 de setembro) \u2013 nascidos em agosto (3,4 milh\u00f5es) Quinta-feira (10 de setembro) \u2013 nascidos em setembro (3,4 milh\u00f5es) S\u00e1bado (12 de setembro) \u2013 nascidos em outubro (3,4 milh\u00f5es) Ter\u00e7a-feira (15 de setembro) \u2013 nascidos em novembro (3,2 milh\u00f5es) S\u00e1bado (19 de setembro) \u2013 nascidos em dezembro (3,3 milh\u00f5es) Balan\u00e7o A Caixa tamb\u00e9m concluiu nesta ter\u00e7a-feira (14) o saque da primeira parcela do aux\u00edlio emergencial de R$ 600 a 1,3 milh\u00e3o de benefici\u00e1rios nascidos em outubro, novembro e dezembro. Com isso, o calend\u00e1rio para a retirada em dinheiro para o grupo de 4,9 milh\u00f5es (lote 3), que fez o cadastro entre 1\u00ba e 26 de maio, terminou com um total de R$ 3,2 bilh\u00f5es. Segundo a Caixa, j\u00e1 foram pagos at\u00e9 agora R$ 121,1 bilh\u00f5es a 65,2 milh\u00f5es de benefici\u00e1rios inscritos por meio do Cadastro \u00danico, do Programa Bolsa Fam\u00edlia, ou pelo site e pelos aplicativos da Caixa. O benef\u00edcio foi criado para diminuir os impactos da\u00a0pandemia de coronav\u00edrus\u00a0na popula\u00e7\u00e3o de baixa renda. O aux\u00edlio come\u00e7ou com tr\u00eas e passou para cinco parcelas de R$ 600, mas esse valor sobe para R$ 1.200 nos casos de m\u00e3es respons\u00e1veis pelo sustento da fam\u00edlia. Com R7<\/p>\n","protected":false},"author":2,"featured_media":24142,"comment_status":"closed","ping_status":"open","sticky":false,"template":"","format":"standard","meta":{"_eb_attr":"","_jetpack_memberships_contains_paid_content":false,"footnotes":""},"categories":[12],"tags":[],"class_list":["post-25925","post","type-post","status-publish","format-standard","has-post-thumbnail","hentry","category-geral"],"yoast_head":"<!-- This site is optimized with the Yoast SEO plugin v26.5 - https:\/\/yoast.com\/wordpress\/plugins\/seo\/ -->\n<title>4\u00aa parcela do aux\u00edlio come\u00e7a a ser paga dia 20 ao Bolsa Fam\u00edlia - Not&iacute;cias em Destaque<\/title>\n<meta name=\"robots\" content=\"index, follow, max-snippet:-1, max-image-preview:large, max-video-preview:-1\" \/>\n<link rel=\"canonical\" href=\"https:\/\/noticiasemdestaque.com\/cd\/?p=25925\" \/>\n<meta property=\"og:locale\" content=\"pt_BR\" \/>\n<meta property=\"og:type\" content=\"article\" \/>\n<meta property=\"og:title\" content=\"4\u00aa parcela do aux\u00edlio come\u00e7a a ser paga dia 20 ao Bolsa Fam\u00edlia - Not&iacute;cias em Destaque\" \/>\n<meta property=\"og:description\" content=\"Os beneficiados do Bolsa Fam\u00edlia ser\u00e3o os primeiros a receber a quarta parcela do\u00a0aux\u00edlio emergencial\u00a0a partir da pr\u00f3xima segunda-feira (20). Esse grupo segue o calend\u00e1rio regular de pagamento do programa, que \u00e9 realizado nos dez \u00faltimos dias \u00fateis de cada m\u00eas, de forma escalonada, de acordo com o NIS (N\u00famero de Identifica\u00e7\u00e3o Social). Neste s\u00e1bado (18), come\u00e7a um novo calend\u00e1rio de saque para o grupo de 40,4 milh\u00f5es de benefici\u00e1rios do lote 1 (terceira parcela), lote 2 (segunda parcela) e lote 4 (primeira parcela), de acordo com a data de anivers\u00e1rio. Para n\u00e3o ter filas e aglomera\u00e7\u00f5es, o dep\u00f3sito do benef\u00edcio j\u00e1 foi realizado na conta digital, que \u00e9 poss\u00edvel pagar contas e fazer compras por meio do aplicativo Caixa Tem. Calend\u00e1rio do Bolsa Fam\u00edlia NIS final 1 &#8211; 20 de julho NIS final 2 &#8211; 21 de julho NIS final 3 &#8211; 22 de julho NIS final 4 &#8211; 23 de julho NIS final 5 &#8211; 24 de julho NIS final 6 &#8211; 27 de julho NIS final 7 &#8211; 28 de julho NIS final 8 &#8211; 29 de julho NIS final 9 &#8211; 30 de julho NIS final 0 &#8211; 31 de julho Calend\u00e1rio de saque para 40,4 milh\u00f5es Para benefici\u00e1rios do 1\u00ba lote (terceira parcela), 2\u00ba lote (segunda parcela) e 4\u00ba lote (primeira parcela) S\u00e1bado (18 de julho) \u2013 nascidos em janeiro (3,4 milh\u00f5es) S\u00e1bado (25 de julho) \u2013 nascidos em fevereiro (3,1 milh\u00f5es) S\u00e1bado (1\u00ba de agosto) \u2013 nascidos em mar\u00e7o (3,5 milh\u00f5es) S\u00e1bado (8 de agosto) \u2013 nascidos em abril (3,4 milh\u00f5es) S\u00e1bado (15 de agosto) \u2013 nascidos em maio (3,5 milh\u00f5es) S\u00e1bado (29 de agosto) \u2013 nascidos em junho (3,4 milh\u00f5es) Ter\u00e7a-feira (1\u00ba de setembro) \u2013 nascidos em julho (3,4 milh\u00f5es) Ter\u00e7a-feira (8 de setembro) \u2013 nascidos em agosto (3,4 milh\u00f5es) Quinta-feira (10 de setembro) \u2013 nascidos em setembro (3,4 milh\u00f5es) S\u00e1bado (12 de setembro) \u2013 nascidos em outubro (3,4 milh\u00f5es) Ter\u00e7a-feira (15 de setembro) \u2013 nascidos em novembro (3,2 milh\u00f5es) S\u00e1bado (19 de setembro) \u2013 nascidos em dezembro (3,3 milh\u00f5es) Balan\u00e7o A Caixa tamb\u00e9m concluiu nesta ter\u00e7a-feira (14) o saque da primeira parcela do aux\u00edlio emergencial de R$ 600 a 1,3 milh\u00e3o de benefici\u00e1rios nascidos em outubro, novembro e dezembro. Com isso, o calend\u00e1rio para a retirada em dinheiro para o grupo de 4,9 milh\u00f5es (lote 3), que fez o cadastro entre 1\u00ba e 26 de maio, terminou com um total de R$ 3,2 bilh\u00f5es. Segundo a Caixa, j\u00e1 foram pagos at\u00e9 agora R$ 121,1 bilh\u00f5es a 65,2 milh\u00f5es de benefici\u00e1rios inscritos por meio do Cadastro \u00danico, do Programa Bolsa Fam\u00edlia, ou pelo site e pelos aplicativos da Caixa. O benef\u00edcio foi criado para diminuir os impactos da\u00a0pandemia de coronav\u00edrus\u00a0na popula\u00e7\u00e3o de baixa renda. O aux\u00edlio come\u00e7ou com tr\u00eas e passou para cinco parcelas de R$ 600, mas esse valor sobe para R$ 1.200 nos casos de m\u00e3es respons\u00e1veis pelo sustento da fam\u00edlia. Com R7\" \/>\n<meta property=\"og:url\" content=\"https:\/\/noticiasemdestaque.com\/cd\/?p=25925\" \/>\n<meta property=\"og:site_name\" content=\"Not&iacute;cias em Destaque\" \/>\n<meta property=\"article:published_time\" content=\"2020-07-16T11:36:00+00:00\" \/>\n<meta property=\"og:image\" content=\"https:\/\/noticiasemdestaque.com\/cd\/wp-content\/uploads\/2020\/04\/lancamento_do_aplicativo_caixa_auxilio_emergencial_0407201851.jpg\" \/>\n\t<meta property=\"og:image:width\" content=\"1170\" \/>\n\t<meta property=\"og:image:height\" content=\"700\" \/>\n\t<meta property=\"og:image:type\" content=\"image\/jpeg\" \/>\n<meta name=\"author\" content=\"Not\u00edcias em Destaque\" \/>\n<meta name=\"twitter:card\" content=\"summary_large_image\" \/>\n<meta name=\"twitter:label1\" content=\"Escrito por\" \/>\n\t<meta name=\"twitter:data1\" content=\"Not\u00edcias em Destaque\" \/>\n\t<meta name=\"twitter:label2\" content=\"Est. tempo de leitura\" \/>\n\t<meta name=\"twitter:data2\" content=\"2 minutos\" \/>\n<script type=\"application\/ld+json\" class=\"yoast-schema-graph\">{\"@context\":\"https:\/\/schema.org\",\"@graph\":[{\"@type\":\"Article\",\"@id\":\"https:\/\/noticiasemdestaque.com\/cd\/?p=25925#article\",\"isPartOf\":{\"@id\":\"https:\/\/noticiasemdestaque.com\/cd\/?p=25925\"},\"author\":{\"name\":\"Not\u00edcias em Destaque\",\"@id\":\"https:\/\/noticiasemdestaque.com\/cd\/#\/schema\/person\/21320b03a7e8bb90128938dafc9b908a\"},\"headline\":\"4\u00aa parcela do aux\u00edlio come\u00e7a a ser paga dia 20 ao Bolsa Fam\u00edlia\",\"datePublished\":\"2020-07-16T11:36:00+00:00\",\"mainEntityOfPage\":{\"@id\":\"https:\/\/noticiasemdestaque.com\/cd\/?p=25925\"},\"wordCount\":505,\"publisher\":{\"@id\":\"https:\/\/noticiasemdestaque.com\/cd\/#organization\"},\"image\":{\"@id\":\"https:\/\/noticiasemdestaque.com\/cd\/?p=25925#primaryimage\"},\"thumbnailUrl\":\"https:\/\/noticiasemdestaque.com\/cd\/wp-content\/uploads\/2020\/04\/lancamento_do_aplicativo_caixa_auxilio_emergencial_0407201851.jpg\",\"articleSection\":[\"Geral\"],\"inLanguage\":\"pt-BR\"},{\"@type\":\"WebPage\",\"@id\":\"https:\/\/noticiasemdestaque.com\/cd\/?p=25925\",\"url\":\"https:\/\/noticiasemdestaque.com\/cd\/?p=25925\",\"name\":\"4\u00aa parcela do aux\u00edlio come\u00e7a a ser paga dia 20 ao Bolsa Fam\u00edlia - Not&iacute;cias em Destaque\",\"isPartOf\":{\"@id\":\"https:\/\/noticiasemdestaque.com\/cd\/#website\"},\"primaryImageOfPage\":{\"@id\":\"https:\/\/noticiasemdestaque.com\/cd\/?p=25925#primaryimage\"},\"image\":{\"@id\":\"https:\/\/noticiasemdestaque.com\/cd\/?p=25925#primaryimage\"},\"thumbnailUrl\":\"https:\/\/noticiasemdestaque.com\/cd\/wp-content\/uploads\/2020\/04\/lancamento_do_aplicativo_caixa_auxilio_emergencial_0407201851.jpg\",\"datePublished\":\"2020-07-16T11:36:00+00:00\",\"breadcrumb\":{\"@id\":\"https:\/\/noticiasemdestaque.com\/cd\/?p=25925#breadcrumb\"},\"inLanguage\":\"pt-BR\",\"potentialAction\":[{\"@type\":\"ReadAction\",\"target\":[\"https:\/\/noticiasemdestaque.com\/cd\/?p=25925\"]}]},{\"@type\":\"ImageObject\",\"inLanguage\":\"pt-BR\",\"@id\":\"https:\/\/noticiasemdestaque.com\/cd\/?p=25925#primaryimage\",\"url\":\"https:\/\/noticiasemdestaque.com\/cd\/wp-content\/uploads\/2020\/04\/lancamento_do_aplicativo_caixa_auxilio_emergencial_0407201851.jpg\",\"contentUrl\":\"https:\/\/noticiasemdestaque.com\/cd\/wp-content\/uploads\/2020\/04\/lancamento_do_aplicativo_caixa_auxilio_emergencial_0407201851.jpg\",\"width\":1170,\"height\":700,\"caption\":\"Lan\u00e7amento do aplicativo CAIXA|Aux\u00edlio Emergencial\"},{\"@type\":\"BreadcrumbList\",\"@id\":\"https:\/\/noticiasemdestaque.com\/cd\/?p=25925#breadcrumb\",\"itemListElement\":[{\"@type\":\"ListItem\",\"position\":1,\"name\":\"In\u00edcio\",\"item\":\"https:\/\/noticiasemdestaque.com\/cd\/\"},{\"@type\":\"ListItem\",\"position\":2,\"name\":\"4\u00aa parcela do aux\u00edlio come\u00e7a a ser paga dia 20 ao Bolsa Fam\u00edlia\"}]},{\"@type\":\"WebSite\",\"@id\":\"https:\/\/noticiasemdestaque.com\/cd\/#website\",\"url\":\"https:\/\/noticiasemdestaque.com\/cd\/\",\"name\":\"Not&iacute;cias em Destaque\",\"description\":\"\",\"publisher\":{\"@id\":\"https:\/\/noticiasemdestaque.com\/cd\/#organization\"},\"potentialAction\":[{\"@type\":\"SearchAction\",\"target\":{\"@type\":\"EntryPoint\",\"urlTemplate\":\"https:\/\/noticiasemdestaque.com\/cd\/?s={search_term_string}\"},\"query-input\":{\"@type\":\"PropertyValueSpecification\",\"valueRequired\":true,\"valueName\":\"search_term_string\"}}],\"inLanguage\":\"pt-BR\"},{\"@type\":\"Organization\",\"@id\":\"https:\/\/noticiasemdestaque.com\/cd\/#organization\",\"name\":\"Not\u00edcias em Destaque\",\"url\":\"https:\/\/noticiasemdestaque.com\/cd\/\",\"logo\":{\"@type\":\"ImageObject\",\"inLanguage\":\"pt-BR\",\"@id\":\"https:\/\/noticiasemdestaque.com\/cd\/#\/schema\/logo\/image\/\",\"url\":\"https:\/\/noticiasemdestaque.com\/cd\/wp-content\/uploads\/2022\/05\/imagem-base-noticiasemdestaque.png\",\"contentUrl\":\"https:\/\/noticiasemdestaque.com\/cd\/wp-content\/uploads\/2022\/05\/imagem-base-noticiasemdestaque.png\",\"width\":1200,\"height\":630,\"caption\":\"Not\u00edcias em Destaque\"},\"image\":{\"@id\":\"https:\/\/noticiasemdestaque.com\/cd\/#\/schema\/logo\/image\/\"}},{\"@type\":\"Person\",\"@id\":\"https:\/\/noticiasemdestaque.com\/cd\/#\/schema\/person\/21320b03a7e8bb90128938dafc9b908a\",\"name\":\"Not\u00edcias em Destaque\",\"url\":\"https:\/\/noticiasemdestaque.com\/cd\/?author=2\"}]}<\/script>\n<!-- \/ Yoast SEO plugin. -->","yoast_head_json":{"title":"4\u00aa parcela do aux\u00edlio come\u00e7a a ser paga dia 20 ao Bolsa Fam\u00edlia - Not&iacute;cias em Destaque","robots":{"index":"index","follow":"follow","max-snippet":"max-snippet:-1","max-image-preview":"max-image-preview:large","max-video-preview":"max-video-preview:-1"},"canonical":"https:\/\/noticiasemdestaque.com\/cd\/?p=25925","og_locale":"pt_BR","og_type":"article","og_title":"4\u00aa parcela do aux\u00edlio come\u00e7a a ser paga dia 20 ao Bolsa Fam\u00edlia - Not&iacute;cias em Destaque","og_description":"Os beneficiados do Bolsa Fam\u00edlia ser\u00e3o os primeiros a receber a quarta parcela do\u00a0aux\u00edlio emergencial\u00a0a partir da pr\u00f3xima segunda-feira (20). Esse grupo segue o calend\u00e1rio regular de pagamento do programa, que \u00e9 realizado nos dez \u00faltimos dias \u00fateis de cada m\u00eas, de forma escalonada, de acordo com o NIS (N\u00famero de Identifica\u00e7\u00e3o Social). Neste s\u00e1bado (18), come\u00e7a um novo calend\u00e1rio de saque para o grupo de 40,4 milh\u00f5es de benefici\u00e1rios do lote 1 (terceira parcela), lote 2 (segunda parcela) e lote 4 (primeira parcela), de acordo com a data de anivers\u00e1rio. Para n\u00e3o ter filas e aglomera\u00e7\u00f5es, o dep\u00f3sito do benef\u00edcio j\u00e1 foi realizado na conta digital, que \u00e9 poss\u00edvel pagar contas e fazer compras por meio do aplicativo Caixa Tem. Calend\u00e1rio do Bolsa Fam\u00edlia NIS final 1 &#8211; 20 de julho NIS final 2 &#8211; 21 de julho NIS final 3 &#8211; 22 de julho NIS final 4 &#8211; 23 de julho NIS final 5 &#8211; 24 de julho NIS final 6 &#8211; 27 de julho NIS final 7 &#8211; 28 de julho NIS final 8 &#8211; 29 de julho NIS final 9 &#8211; 30 de julho NIS final 0 &#8211; 31 de julho Calend\u00e1rio de saque para 40,4 milh\u00f5es Para benefici\u00e1rios do 1\u00ba lote (terceira parcela), 2\u00ba lote (segunda parcela) e 4\u00ba lote (primeira parcela) S\u00e1bado (18 de julho) \u2013 nascidos em janeiro (3,4 milh\u00f5es) S\u00e1bado (25 de julho) \u2013 nascidos em fevereiro (3,1 milh\u00f5es) S\u00e1bado (1\u00ba de agosto) \u2013 nascidos em mar\u00e7o (3,5 milh\u00f5es) S\u00e1bado (8 de agosto) \u2013 nascidos em abril (3,4 milh\u00f5es) S\u00e1bado (15 de agosto) \u2013 nascidos em maio (3,5 milh\u00f5es) S\u00e1bado (29 de agosto) \u2013 nascidos em junho (3,4 milh\u00f5es) Ter\u00e7a-feira (1\u00ba de setembro) \u2013 nascidos em julho (3,4 milh\u00f5es) Ter\u00e7a-feira (8 de setembro) \u2013 nascidos em agosto (3,4 milh\u00f5es) Quinta-feira (10 de setembro) \u2013 nascidos em setembro (3,4 milh\u00f5es) S\u00e1bado (12 de setembro) \u2013 nascidos em outubro (3,4 milh\u00f5es) Ter\u00e7a-feira (15 de setembro) \u2013 nascidos em novembro (3,2 milh\u00f5es) S\u00e1bado (19 de setembro) \u2013 nascidos em dezembro (3,3 milh\u00f5es) Balan\u00e7o A Caixa tamb\u00e9m concluiu nesta ter\u00e7a-feira (14) o saque da primeira parcela do aux\u00edlio emergencial de R$ 600 a 1,3 milh\u00e3o de benefici\u00e1rios nascidos em outubro, novembro e dezembro. Com isso, o calend\u00e1rio para a retirada em dinheiro para o grupo de 4,9 milh\u00f5es (lote 3), que fez o cadastro entre 1\u00ba e 26 de maio, terminou com um total de R$ 3,2 bilh\u00f5es. Segundo a Caixa, j\u00e1 foram pagos at\u00e9 agora R$ 121,1 bilh\u00f5es a 65,2 milh\u00f5es de benefici\u00e1rios inscritos por meio do Cadastro \u00danico, do Programa Bolsa Fam\u00edlia, ou pelo site e pelos aplicativos da Caixa. O benef\u00edcio foi criado para diminuir os impactos da\u00a0pandemia de coronav\u00edrus\u00a0na popula\u00e7\u00e3o de baixa renda. O aux\u00edlio come\u00e7ou com tr\u00eas e passou para cinco parcelas de R$ 600, mas esse valor sobe para R$ 1.200 nos casos de m\u00e3es respons\u00e1veis pelo sustento da fam\u00edlia. Com R7","og_url":"https:\/\/noticiasemdestaque.com\/cd\/?p=25925","og_site_name":"Not&iacute;cias em Destaque","article_published_time":"2020-07-16T11:36:00+00:00","og_image":[{"width":1170,"height":700,"url":"https:\/\/noticiasemdestaque.com\/cd\/wp-content\/uploads\/2020\/04\/lancamento_do_aplicativo_caixa_auxilio_emergencial_0407201851.jpg","type":"image\/jpeg"}],"author":"Not\u00edcias em Destaque","twitter_card":"summary_large_image","twitter_misc":{"Escrito por":"Not\u00edcias em Destaque","Est. tempo de leitura":"2 minutos"},"schema":{"@context":"https:\/\/schema.org","@graph":[{"@type":"Article","@id":"https:\/\/noticiasemdestaque.com\/cd\/?p=25925#article","isPartOf":{"@id":"https:\/\/noticiasemdestaque.com\/cd\/?p=25925"},"author":{"name":"Not\u00edcias em Destaque","@id":"https:\/\/noticiasemdestaque.com\/cd\/#\/schema\/person\/21320b03a7e8bb90128938dafc9b908a"},"headline":"4\u00aa parcela do aux\u00edlio come\u00e7a a ser paga dia 20 ao Bolsa Fam\u00edlia","datePublished":"2020-07-16T11:36:00+00:00","mainEntityOfPage":{"@id":"https:\/\/noticiasemdestaque.com\/cd\/?p=25925"},"wordCount":505,"publisher":{"@id":"https:\/\/noticiasemdestaque.com\/cd\/#organization"},"image":{"@id":"https:\/\/noticiasemdestaque.com\/cd\/?p=25925#primaryimage"},"thumbnailUrl":"https:\/\/noticiasemdestaque.com\/cd\/wp-content\/uploads\/2020\/04\/lancamento_do_aplicativo_caixa_auxilio_emergencial_0407201851.jpg","articleSection":["Geral"],"inLanguage":"pt-BR"},{"@type":"WebPage","@id":"https:\/\/noticiasemdestaque.com\/cd\/?p=25925","url":"https:\/\/noticiasemdestaque.com\/cd\/?p=25925","name":"4\u00aa parcela do aux\u00edlio come\u00e7a a ser paga dia 20 ao Bolsa Fam\u00edlia - Not&iacute;cias em Destaque","isPartOf":{"@id":"https:\/\/noticiasemdestaque.com\/cd\/#website"},"primaryImageOfPage":{"@id":"https:\/\/noticiasemdestaque.com\/cd\/?p=25925#primaryimage"},"image":{"@id":"https:\/\/noticiasemdestaque.com\/cd\/?p=25925#primaryimage"},"thumbnailUrl":"https:\/\/noticiasemdestaque.com\/cd\/wp-content\/uploads\/2020\/04\/lancamento_do_aplicativo_caixa_auxilio_emergencial_0407201851.jpg","datePublished":"2020-07-16T11:36:00+00:00","breadcrumb":{"@id":"https:\/\/noticiasemdestaque.com\/cd\/?p=25925#breadcrumb"},"inLanguage":"pt-BR","potentialAction":[{"@type":"ReadAction","target":["https:\/\/noticiasemdestaque.com\/cd\/?p=25925"]}]},{"@type":"ImageObject","inLanguage":"pt-BR","@id":"https:\/\/noticiasemdestaque.com\/cd\/?p=25925#primaryimage","url":"https:\/\/noticiasemdestaque.com\/cd\/wp-content\/uploads\/2020\/04\/lancamento_do_aplicativo_caixa_auxilio_emergencial_0407201851.jpg","contentUrl":"https:\/\/noticiasemdestaque.com\/cd\/wp-content\/uploads\/2020\/04\/lancamento_do_aplicativo_caixa_auxilio_emergencial_0407201851.jpg","width":1170,"height":700,"caption":"Lan\u00e7amento do aplicativo CAIXA|Aux\u00edlio Emergencial"},{"@type":"BreadcrumbList","@id":"https:\/\/noticiasemdestaque.com\/cd\/?p=25925#breadcrumb","itemListElement":[{"@type":"ListItem","position":1,"name":"In\u00edcio","item":"https:\/\/noticiasemdestaque.com\/cd\/"},{"@type":"ListItem","position":2,"name":"4\u00aa parcela do aux\u00edlio come\u00e7a a ser paga dia 20 ao Bolsa Fam\u00edlia"}]},{"@type":"WebSite","@id":"https:\/\/noticiasemdestaque.com\/cd\/#website","url":"https:\/\/noticiasemdestaque.com\/cd\/","name":"Not&iacute;cias em Destaque","description":"","publisher":{"@id":"https:\/\/noticiasemdestaque.com\/cd\/#organization"},"potentialAction":[{"@type":"SearchAction","target":{"@type":"EntryPoint","urlTemplate":"https:\/\/noticiasemdestaque.com\/cd\/?s={search_term_string}"},"query-input":{"@type":"PropertyValueSpecification","valueRequired":true,"valueName":"search_term_string"}}],"inLanguage":"pt-BR"},{"@type":"Organization","@id":"https:\/\/noticiasemdestaque.com\/cd\/#organization","name":"Not\u00edcias em Destaque","url":"https:\/\/noticiasemdestaque.com\/cd\/","logo":{"@type":"ImageObject","inLanguage":"pt-BR","@id":"https:\/\/noticiasemdestaque.com\/cd\/#\/schema\/logo\/image\/","url":"https:\/\/noticiasemdestaque.com\/cd\/wp-content\/uploads\/2022\/05\/imagem-base-noticiasemdestaque.png","contentUrl":"https:\/\/noticiasemdestaque.com\/cd\/wp-content\/uploads\/2022\/05\/imagem-base-noticiasemdestaque.png","width":1200,"height":630,"caption":"Not\u00edcias em Destaque"},"image":{"@id":"https:\/\/noticiasemdestaque.com\/cd\/#\/schema\/logo\/image\/"}},{"@type":"Person","@id":"https:\/\/noticiasemdestaque.com\/cd\/#\/schema\/person\/21320b03a7e8bb90128938dafc9b908a","name":"Not\u00edcias em Destaque","url":"https:\/\/noticiasemdestaque.com\/cd\/?author=2"}]}},"jetpack_featured_media_url":"https:\/\/noticiasemdestaque.com\/cd\/wp-content\/uploads\/2020\/04\/lancamento_do_aplicativo_caixa_auxilio_emergencial_0407201851.jpg","jetpack_sharing_enabled":true,"_links":{"self":[{"href":"https:\/\/noticiasemdestaque.com\/cd\/index.php?rest_route=\/wp\/v2\/posts\/25925","targetHints":{"allow":["GET"]}}],"collection":[{"href":"https:\/\/noticiasemdestaque.com\/cd\/index.php?rest_route=\/wp\/v2\/posts"}],"about":[{"href":"https:\/\/noticiasemdestaque.com\/cd\/index.php?rest_route=\/wp\/v2\/types\/post"}],"author":[{"embeddable":true,"href":"https:\/\/noticiasemdestaque.com\/cd\/index.php?rest_route=\/wp\/v2\/users\/2"}],"replies":[{"embeddable":true,"href":"https:\/\/noticiasemdestaque.com\/cd\/index.php?rest_route=%2Fwp%2Fv2%2Fcomments&post=25925"}],"version-history":[{"count":1,"href":"https:\/\/noticiasemdestaque.com\/cd\/index.php?rest_route=\/wp\/v2\/posts\/25925\/revisions"}],"predecessor-version":[{"id":25931,"href":"https:\/\/noticiasemdestaque.com\/cd\/index.php?rest_route=\/wp\/v2\/posts\/25925\/revisions\/25931"}],"wp:featuredmedia":[{"embeddable":true,"href":"https:\/\/noticiasemdestaque.com\/cd\/index.php?rest_route=\/wp\/v2\/media\/24142"}],"wp:attachment":[{"href":"https:\/\/noticiasemdestaque.com\/cd\/index.php?rest_route=%2Fwp%2Fv2%2Fmedia&parent=25925"}],"wp:term":[{"taxonomy":"category","embeddable":true,"href":"https:\/\/noticiasemdestaque.com\/cd\/index.php?rest_route=%2Fwp%2Fv2%2Fcategories&post=25925"},{"taxonomy":"post_tag","embeddable":true,"href":"https:\/\/noticiasemdestaque.com\/cd\/index.php?rest_route=%2Fwp%2Fv2%2Ftags&post=25925"}],"curies":[{"name":"wp","href":"https:\/\/api.w.org\/{rel}","templated":true}]}}