{"id":25911,"date":"2020-07-15T18:43:19","date_gmt":"2020-07-15T21:43:19","guid":{"rendered":"http:\/\/noticiasemdestaque.com\/cd\/?p=25911"},"modified":"2020-07-15T18:43:19","modified_gmt":"2020-07-15T21:43:19","slug":"sume-registra-oito-novos-casos-de-coronavirus","status":"publish","type":"post","link":"https:\/\/noticiasemdestaque.com\/cd\/?p=25911","title":{"rendered":"Sum\u00e9 registra oito novos casos de coronav\u00edrus"},"content":{"rendered":"<p><a href=\"https:\/\/noticiasemdestaque.com\/cd\/wp-content\/uploads\/2020\/07\/108164471_1642373879258531_6890194028519632050_o.jpg\"><img fetchpriority=\"high\" decoding=\"async\" class=\"wp-image-25912 aligncenter\" src=\"https:\/\/noticiasemdestaque.com\/cd\/wp-content\/uploads\/2020\/07\/108164471_1642373879258531_6890194028519632050_o.jpg\" alt=\"\" width=\"500\" height=\"501\" srcset=\"https:\/\/noticiasemdestaque.com\/cd\/wp-content\/uploads\/2020\/07\/108164471_1642373879258531_6890194028519632050_o.jpg 959w, https:\/\/noticiasemdestaque.com\/cd\/wp-content\/uploads\/2020\/07\/108164471_1642373879258531_6890194028519632050_o-150x150.jpg 150w, https:\/\/noticiasemdestaque.com\/cd\/wp-content\/uploads\/2020\/07\/108164471_1642373879258531_6890194028519632050_o-300x300.jpg 300w, https:\/\/noticiasemdestaque.com\/cd\/wp-content\/uploads\/2020\/07\/108164471_1642373879258531_6890194028519632050_o-768x769.jpg 768w\" sizes=\"(max-width: 500px) 100vw, 500px\" \/><\/a><\/p>\n<p>A Secretaria de Sa\u00fade de Sum\u00e9 confirma o registro de oito novos casos positivos de coronav\u00edrus nesta quarta-feira, 15 de julho de 2020.<\/p>\n<p>Tratam dos seguintes pacientes:<\/p>\n<p>\u2022 mulher, 48 anos, com comorbidades, Centro.<br \/>\n\u2022 homem, 70 anos, sem comorbidades, Centro.<br \/>\n\u2022 homem, 51 anos, sem comorbidades, Centro.<span class=\"text_exposed_show\"><br \/>\n\u2022 homem, 57 anos, sem comorbidades, V\u00e1rzea Redonda.<br \/>\n\u2022 mulher, 54 anos, com comorbidades, V\u00e1rzea Redonda.<br \/>\n\u2022 mulher, 49 anos, sem comorbidades, V\u00e1rzea Redonda.<br \/>\n\u2022 mulher, 19 anos, sem comorbidades, V\u00e1rzea Redonda.<br \/>\n\u2022 homem, 34 anos, sem comorbidades, Conjunto<br \/>\n<\/span><\/p>\n<p><span class=\"text_exposed_show\">Hoje tamb\u00e9m foram recuperados 06 casos.<br \/>\n<\/span><\/p>\n<p><span class=\"text_exposed_show\">Assim, o munic\u00edpio de Sum\u00e9 tem 123 casos confirmados e 57 recuperados, 64 ativos e 02 \u00f3bitos.<\/span><\/p>\n","protected":false},"excerpt":{"rendered":"<p>A Secretaria de Sa\u00fade de Sum\u00e9 confirma o registro de oito novos casos positivos de coronav\u00edrus nesta quarta-feira, 15 de julho de 2020. Tratam dos seguintes pacientes: \u2022 mulher, 48 anos, com comorbidades, Centro. \u2022 homem, 70 anos, sem comorbidades, Centro. \u2022 homem, 51 anos, sem comorbidades, Centro. \u2022 homem, 57 anos, sem comorbidades, V\u00e1rzea Redonda. \u2022 mulher, 54 anos, com comorbidades, V\u00e1rzea Redonda. \u2022 mulher, 49 anos, sem comorbidades, V\u00e1rzea Redonda. \u2022 mulher, 19 anos, sem comorbidades, V\u00e1rzea Redonda. \u2022 homem, 34 anos, sem comorbidades, Conjunto Hoje tamb\u00e9m foram recuperados 06 casos. Assim, o munic\u00edpio de Sum\u00e9 tem 123 casos confirmados e 57 recuperados, 64 ativos e 02 \u00f3bitos.<\/p>\n","protected":false},"author":2,"featured_media":25912,"comment_status":"closed","ping_status":"open","sticky":false,"template":"","format":"standard","meta":{"_eb_attr":"","_jetpack_memberships_contains_paid_content":false,"footnotes":""},"categories":[12],"tags":[],"class_list":["post-25911","post","type-post","status-publish","format-standard","has-post-thumbnail","hentry","category-geral"],"yoast_head":"<!-- This site is optimized with the Yoast SEO plugin v26.5 - https:\/\/yoast.com\/wordpress\/plugins\/seo\/ -->\n<title>Sum\u00e9 registra oito novos casos de coronav\u00edrus - Not&iacute;cias em Destaque<\/title>\n<meta name=\"robots\" content=\"index, follow, max-snippet:-1, max-image-preview:large, max-video-preview:-1\" \/>\n<link rel=\"canonical\" href=\"https:\/\/noticiasemdestaque.com\/cd\/?p=25911\" \/>\n<meta property=\"og:locale\" content=\"pt_BR\" \/>\n<meta property=\"og:type\" content=\"article\" \/>\n<meta property=\"og:title\" content=\"Sum\u00e9 registra oito novos casos de coronav\u00edrus - Not&iacute;cias em Destaque\" \/>\n<meta property=\"og:description\" content=\"A Secretaria de Sa\u00fade de Sum\u00e9 confirma o registro de oito novos casos positivos de coronav\u00edrus nesta quarta-feira, 15 de julho de 2020. Tratam dos seguintes pacientes: \u2022 mulher, 48 anos, com comorbidades, Centro. \u2022 homem, 70 anos, sem comorbidades, Centro. \u2022 homem, 51 anos, sem comorbidades, Centro. \u2022 homem, 57 anos, sem comorbidades, V\u00e1rzea Redonda. \u2022 mulher, 54 anos, com comorbidades, V\u00e1rzea Redonda. \u2022 mulher, 49 anos, sem comorbidades, V\u00e1rzea Redonda. \u2022 mulher, 19 anos, sem comorbidades, V\u00e1rzea Redonda. \u2022 homem, 34 anos, sem comorbidades, Conjunto Hoje tamb\u00e9m foram recuperados 06 casos. Assim, o munic\u00edpio de Sum\u00e9 tem 123 casos confirmados e 57 recuperados, 64 ativos e 02 \u00f3bitos.\" \/>\n<meta property=\"og:url\" content=\"https:\/\/noticiasemdestaque.com\/cd\/?p=25911\" \/>\n<meta property=\"og:site_name\" content=\"Not&iacute;cias em Destaque\" \/>\n<meta property=\"article:published_time\" content=\"2020-07-15T21:43:19+00:00\" \/>\n<meta property=\"og:image\" content=\"https:\/\/noticiasemdestaque.com\/cd\/wp-content\/uploads\/2020\/07\/108164471_1642373879258531_6890194028519632050_o.jpg\" \/>\n\t<meta property=\"og:image:width\" content=\"959\" \/>\n\t<meta property=\"og:image:height\" content=\"960\" \/>\n\t<meta property=\"og:image:type\" content=\"image\/jpeg\" \/>\n<meta name=\"author\" content=\"Not\u00edcias em Destaque\" \/>\n<meta name=\"twitter:card\" content=\"summary_large_image\" \/>\n<meta name=\"twitter:label1\" content=\"Escrito por\" \/>\n\t<meta name=\"twitter:data1\" content=\"Not\u00edcias em Destaque\" \/>\n<script type=\"application\/ld+json\" class=\"yoast-schema-graph\">{\"@context\":\"https:\/\/schema.org\",\"@graph\":[{\"@type\":\"Article\",\"@id\":\"https:\/\/noticiasemdestaque.com\/cd\/?p=25911#article\",\"isPartOf\":{\"@id\":\"https:\/\/noticiasemdestaque.com\/cd\/?p=25911\"},\"author\":{\"name\":\"Not\u00edcias em Destaque\",\"@id\":\"https:\/\/noticiasemdestaque.com\/cd\/#\/schema\/person\/21320b03a7e8bb90128938dafc9b908a\"},\"headline\":\"Sum\u00e9 registra oito novos casos de coronav\u00edrus\",\"datePublished\":\"2020-07-15T21:43:19+00:00\",\"mainEntityOfPage\":{\"@id\":\"https:\/\/noticiasemdestaque.com\/cd\/?p=25911\"},\"wordCount\":103,\"publisher\":{\"@id\":\"https:\/\/noticiasemdestaque.com\/cd\/#organization\"},\"image\":{\"@id\":\"https:\/\/noticiasemdestaque.com\/cd\/?p=25911#primaryimage\"},\"thumbnailUrl\":\"https:\/\/noticiasemdestaque.com\/cd\/wp-content\/uploads\/2020\/07\/108164471_1642373879258531_6890194028519632050_o.jpg\",\"articleSection\":[\"Geral\"],\"inLanguage\":\"pt-BR\"},{\"@type\":\"WebPage\",\"@id\":\"https:\/\/noticiasemdestaque.com\/cd\/?p=25911\",\"url\":\"https:\/\/noticiasemdestaque.com\/cd\/?p=25911\",\"name\":\"Sum\u00e9 registra oito novos casos de coronav\u00edrus - Not&iacute;cias em Destaque\",\"isPartOf\":{\"@id\":\"https:\/\/noticiasemdestaque.com\/cd\/#website\"},\"primaryImageOfPage\":{\"@id\":\"https:\/\/noticiasemdestaque.com\/cd\/?p=25911#primaryimage\"},\"image\":{\"@id\":\"https:\/\/noticiasemdestaque.com\/cd\/?p=25911#primaryimage\"},\"thumbnailUrl\":\"https:\/\/noticiasemdestaque.com\/cd\/wp-content\/uploads\/2020\/07\/108164471_1642373879258531_6890194028519632050_o.jpg\",\"datePublished\":\"2020-07-15T21:43:19+00:00\",\"breadcrumb\":{\"@id\":\"https:\/\/noticiasemdestaque.com\/cd\/?p=25911#breadcrumb\"},\"inLanguage\":\"pt-BR\",\"potentialAction\":[{\"@type\":\"ReadAction\",\"target\":[\"https:\/\/noticiasemdestaque.com\/cd\/?p=25911\"]}]},{\"@type\":\"ImageObject\",\"inLanguage\":\"pt-BR\",\"@id\":\"https:\/\/noticiasemdestaque.com\/cd\/?p=25911#primaryimage\",\"url\":\"https:\/\/noticiasemdestaque.com\/cd\/wp-content\/uploads\/2020\/07\/108164471_1642373879258531_6890194028519632050_o.jpg\",\"contentUrl\":\"https:\/\/noticiasemdestaque.com\/cd\/wp-content\/uploads\/2020\/07\/108164471_1642373879258531_6890194028519632050_o.jpg\",\"width\":959,\"height\":960},{\"@type\":\"BreadcrumbList\",\"@id\":\"https:\/\/noticiasemdestaque.com\/cd\/?p=25911#breadcrumb\",\"itemListElement\":[{\"@type\":\"ListItem\",\"position\":1,\"name\":\"In\u00edcio\",\"item\":\"https:\/\/noticiasemdestaque.com\/cd\/\"},{\"@type\":\"ListItem\",\"position\":2,\"name\":\"Sum\u00e9 registra oito novos casos de coronav\u00edrus\"}]},{\"@type\":\"WebSite\",\"@id\":\"https:\/\/noticiasemdestaque.com\/cd\/#website\",\"url\":\"https:\/\/noticiasemdestaque.com\/cd\/\",\"name\":\"Not&iacute;cias em Destaque\",\"description\":\"\",\"publisher\":{\"@id\":\"https:\/\/noticiasemdestaque.com\/cd\/#organization\"},\"potentialAction\":[{\"@type\":\"SearchAction\",\"target\":{\"@type\":\"EntryPoint\",\"urlTemplate\":\"https:\/\/noticiasemdestaque.com\/cd\/?s={search_term_string}\"},\"query-input\":{\"@type\":\"PropertyValueSpecification\",\"valueRequired\":true,\"valueName\":\"search_term_string\"}}],\"inLanguage\":\"pt-BR\"},{\"@type\":\"Organization\",\"@id\":\"https:\/\/noticiasemdestaque.com\/cd\/#organization\",\"name\":\"Not\u00edcias em Destaque\",\"url\":\"https:\/\/noticiasemdestaque.com\/cd\/\",\"logo\":{\"@type\":\"ImageObject\",\"inLanguage\":\"pt-BR\",\"@id\":\"https:\/\/noticiasemdestaque.com\/cd\/#\/schema\/logo\/image\/\",\"url\":\"https:\/\/noticiasemdestaque.com\/cd\/wp-content\/uploads\/2022\/05\/imagem-base-noticiasemdestaque.png\",\"contentUrl\":\"https:\/\/noticiasemdestaque.com\/cd\/wp-content\/uploads\/2022\/05\/imagem-base-noticiasemdestaque.png\",\"width\":1200,\"height\":630,\"caption\":\"Not\u00edcias em Destaque\"},\"image\":{\"@id\":\"https:\/\/noticiasemdestaque.com\/cd\/#\/schema\/logo\/image\/\"}},{\"@type\":\"Person\",\"@id\":\"https:\/\/noticiasemdestaque.com\/cd\/#\/schema\/person\/21320b03a7e8bb90128938dafc9b908a\",\"name\":\"Not\u00edcias em Destaque\",\"url\":\"https:\/\/noticiasemdestaque.com\/cd\/?author=2\"}]}<\/script>\n<!-- \/ Yoast SEO plugin. -->","yoast_head_json":{"title":"Sum\u00e9 registra oito novos casos de coronav\u00edrus - Not&iacute;cias em Destaque","robots":{"index":"index","follow":"follow","max-snippet":"max-snippet:-1","max-image-preview":"max-image-preview:large","max-video-preview":"max-video-preview:-1"},"canonical":"https:\/\/noticiasemdestaque.com\/cd\/?p=25911","og_locale":"pt_BR","og_type":"article","og_title":"Sum\u00e9 registra oito novos casos de coronav\u00edrus - Not&iacute;cias em Destaque","og_description":"A Secretaria de Sa\u00fade de Sum\u00e9 confirma o registro de oito novos casos positivos de coronav\u00edrus nesta quarta-feira, 15 de julho de 2020. Tratam dos seguintes pacientes: \u2022 mulher, 48 anos, com comorbidades, Centro. \u2022 homem, 70 anos, sem comorbidades, Centro. \u2022 homem, 51 anos, sem comorbidades, Centro. \u2022 homem, 57 anos, sem comorbidades, V\u00e1rzea Redonda. \u2022 mulher, 54 anos, com comorbidades, V\u00e1rzea Redonda. \u2022 mulher, 49 anos, sem comorbidades, V\u00e1rzea Redonda. \u2022 mulher, 19 anos, sem comorbidades, V\u00e1rzea Redonda. \u2022 homem, 34 anos, sem comorbidades, Conjunto Hoje tamb\u00e9m foram recuperados 06 casos. Assim, o munic\u00edpio de Sum\u00e9 tem 123 casos confirmados e 57 recuperados, 64 ativos e 02 \u00f3bitos.","og_url":"https:\/\/noticiasemdestaque.com\/cd\/?p=25911","og_site_name":"Not&iacute;cias em Destaque","article_published_time":"2020-07-15T21:43:19+00:00","og_image":[{"width":959,"height":960,"url":"https:\/\/noticiasemdestaque.com\/cd\/wp-content\/uploads\/2020\/07\/108164471_1642373879258531_6890194028519632050_o.jpg","type":"image\/jpeg"}],"author":"Not\u00edcias em Destaque","twitter_card":"summary_large_image","twitter_misc":{"Escrito por":"Not\u00edcias em Destaque"},"schema":{"@context":"https:\/\/schema.org","@graph":[{"@type":"Article","@id":"https:\/\/noticiasemdestaque.com\/cd\/?p=25911#article","isPartOf":{"@id":"https:\/\/noticiasemdestaque.com\/cd\/?p=25911"},"author":{"name":"Not\u00edcias em Destaque","@id":"https:\/\/noticiasemdestaque.com\/cd\/#\/schema\/person\/21320b03a7e8bb90128938dafc9b908a"},"headline":"Sum\u00e9 registra oito novos casos de coronav\u00edrus","datePublished":"2020-07-15T21:43:19+00:00","mainEntityOfPage":{"@id":"https:\/\/noticiasemdestaque.com\/cd\/?p=25911"},"wordCount":103,"publisher":{"@id":"https:\/\/noticiasemdestaque.com\/cd\/#organization"},"image":{"@id":"https:\/\/noticiasemdestaque.com\/cd\/?p=25911#primaryimage"},"thumbnailUrl":"https:\/\/noticiasemdestaque.com\/cd\/wp-content\/uploads\/2020\/07\/108164471_1642373879258531_6890194028519632050_o.jpg","articleSection":["Geral"],"inLanguage":"pt-BR"},{"@type":"WebPage","@id":"https:\/\/noticiasemdestaque.com\/cd\/?p=25911","url":"https:\/\/noticiasemdestaque.com\/cd\/?p=25911","name":"Sum\u00e9 registra oito novos casos de coronav\u00edrus - Not&iacute;cias em Destaque","isPartOf":{"@id":"https:\/\/noticiasemdestaque.com\/cd\/#website"},"primaryImageOfPage":{"@id":"https:\/\/noticiasemdestaque.com\/cd\/?p=25911#primaryimage"},"image":{"@id":"https:\/\/noticiasemdestaque.com\/cd\/?p=25911#primaryimage"},"thumbnailUrl":"https:\/\/noticiasemdestaque.com\/cd\/wp-content\/uploads\/2020\/07\/108164471_1642373879258531_6890194028519632050_o.jpg","datePublished":"2020-07-15T21:43:19+00:00","breadcrumb":{"@id":"https:\/\/noticiasemdestaque.com\/cd\/?p=25911#breadcrumb"},"inLanguage":"pt-BR","potentialAction":[{"@type":"ReadAction","target":["https:\/\/noticiasemdestaque.com\/cd\/?p=25911"]}]},{"@type":"ImageObject","inLanguage":"pt-BR","@id":"https:\/\/noticiasemdestaque.com\/cd\/?p=25911#primaryimage","url":"https:\/\/noticiasemdestaque.com\/cd\/wp-content\/uploads\/2020\/07\/108164471_1642373879258531_6890194028519632050_o.jpg","contentUrl":"https:\/\/noticiasemdestaque.com\/cd\/wp-content\/uploads\/2020\/07\/108164471_1642373879258531_6890194028519632050_o.jpg","width":959,"height":960},{"@type":"BreadcrumbList","@id":"https:\/\/noticiasemdestaque.com\/cd\/?p=25911#breadcrumb","itemListElement":[{"@type":"ListItem","position":1,"name":"In\u00edcio","item":"https:\/\/noticiasemdestaque.com\/cd\/"},{"@type":"ListItem","position":2,"name":"Sum\u00e9 registra oito novos casos de coronav\u00edrus"}]},{"@type":"WebSite","@id":"https:\/\/noticiasemdestaque.com\/cd\/#website","url":"https:\/\/noticiasemdestaque.com\/cd\/","name":"Not&iacute;cias em Destaque","description":"","publisher":{"@id":"https:\/\/noticiasemdestaque.com\/cd\/#organization"},"potentialAction":[{"@type":"SearchAction","target":{"@type":"EntryPoint","urlTemplate":"https:\/\/noticiasemdestaque.com\/cd\/?s={search_term_string}"},"query-input":{"@type":"PropertyValueSpecification","valueRequired":true,"valueName":"search_term_string"}}],"inLanguage":"pt-BR"},{"@type":"Organization","@id":"https:\/\/noticiasemdestaque.com\/cd\/#organization","name":"Not\u00edcias em Destaque","url":"https:\/\/noticiasemdestaque.com\/cd\/","logo":{"@type":"ImageObject","inLanguage":"pt-BR","@id":"https:\/\/noticiasemdestaque.com\/cd\/#\/schema\/logo\/image\/","url":"https:\/\/noticiasemdestaque.com\/cd\/wp-content\/uploads\/2022\/05\/imagem-base-noticiasemdestaque.png","contentUrl":"https:\/\/noticiasemdestaque.com\/cd\/wp-content\/uploads\/2022\/05\/imagem-base-noticiasemdestaque.png","width":1200,"height":630,"caption":"Not\u00edcias em Destaque"},"image":{"@id":"https:\/\/noticiasemdestaque.com\/cd\/#\/schema\/logo\/image\/"}},{"@type":"Person","@id":"https:\/\/noticiasemdestaque.com\/cd\/#\/schema\/person\/21320b03a7e8bb90128938dafc9b908a","name":"Not\u00edcias em Destaque","url":"https:\/\/noticiasemdestaque.com\/cd\/?author=2"}]}},"jetpack_featured_media_url":"https:\/\/noticiasemdestaque.com\/cd\/wp-content\/uploads\/2020\/07\/108164471_1642373879258531_6890194028519632050_o.jpg","jetpack_sharing_enabled":true,"_links":{"self":[{"href":"https:\/\/noticiasemdestaque.com\/cd\/index.php?rest_route=\/wp\/v2\/posts\/25911","targetHints":{"allow":["GET"]}}],"collection":[{"href":"https:\/\/noticiasemdestaque.com\/cd\/index.php?rest_route=\/wp\/v2\/posts"}],"about":[{"href":"https:\/\/noticiasemdestaque.com\/cd\/index.php?rest_route=\/wp\/v2\/types\/post"}],"author":[{"embeddable":true,"href":"https:\/\/noticiasemdestaque.com\/cd\/index.php?rest_route=\/wp\/v2\/users\/2"}],"replies":[{"embeddable":true,"href":"https:\/\/noticiasemdestaque.com\/cd\/index.php?rest_route=%2Fwp%2Fv2%2Fcomments&post=25911"}],"version-history":[{"count":1,"href":"https:\/\/noticiasemdestaque.com\/cd\/index.php?rest_route=\/wp\/v2\/posts\/25911\/revisions"}],"predecessor-version":[{"id":25913,"href":"https:\/\/noticiasemdestaque.com\/cd\/index.php?rest_route=\/wp\/v2\/posts\/25911\/revisions\/25913"}],"wp:featuredmedia":[{"embeddable":true,"href":"https:\/\/noticiasemdestaque.com\/cd\/index.php?rest_route=\/wp\/v2\/media\/25912"}],"wp:attachment":[{"href":"https:\/\/noticiasemdestaque.com\/cd\/index.php?rest_route=%2Fwp%2Fv2%2Fmedia&parent=25911"}],"wp:term":[{"taxonomy":"category","embeddable":true,"href":"https:\/\/noticiasemdestaque.com\/cd\/index.php?rest_route=%2Fwp%2Fv2%2Fcategories&post=25911"},{"taxonomy":"post_tag","embeddable":true,"href":"https:\/\/noticiasemdestaque.com\/cd\/index.php?rest_route=%2Fwp%2Fv2%2Ftags&post=25911"}],"curies":[{"name":"wp","href":"https:\/\/api.w.org\/{rel}","templated":true}]}}