{"id":25908,"date":"2020-07-15T18:33:46","date_gmt":"2020-07-15T21:33:46","guid":{"rendered":"http:\/\/noticiasemdestaque.com\/cd\/?p=25908"},"modified":"2020-07-15T18:34:12","modified_gmt":"2020-07-15T21:34:12","slug":"guilherme-gaudencio-anuncia-retirada-de-sua-pre-candidatura-a-prefeitura-de-serra-branca","status":"publish","type":"post","link":"https:\/\/noticiasemdestaque.com\/cd\/?p=25908","title":{"rendered":"Guilherme Gaud\u00eancio anuncia retirada de sua pr\u00e9-candidatura a prefeitura de Serra Branca"},"content":{"rendered":"<figure id=\"attachment_19257\" aria-describedby=\"caption-attachment-19257\" style=\"width: 1024px\" class=\"wp-caption alignnone\"><a href=\"https:\/\/noticiasemdestaque.com\/cd\/wp-content\/uploads\/2019\/08\/IMG_5486.jpg\"><img fetchpriority=\"high\" decoding=\"async\" class=\"size-large wp-image-19257\" src=\"https:\/\/noticiasemdestaque.com\/cd\/wp-content\/uploads\/2019\/08\/IMG_5486-1024x683.jpg\" alt=\"\" width=\"1024\" height=\"683\" srcset=\"https:\/\/noticiasemdestaque.com\/cd\/wp-content\/uploads\/2019\/08\/IMG_5486-1024x683.jpg 1024w, https:\/\/noticiasemdestaque.com\/cd\/wp-content\/uploads\/2019\/08\/IMG_5486-300x200.jpg 300w, https:\/\/noticiasemdestaque.com\/cd\/wp-content\/uploads\/2019\/08\/IMG_5486-768x512.jpg 768w, https:\/\/noticiasemdestaque.com\/cd\/wp-content\/uploads\/2019\/08\/IMG_5486-480x320.jpg 480w\" sizes=\"(max-width: 1024px) 100vw, 1024px\" \/><\/a><figcaption id=\"caption-attachment-19257\" class=\"wp-caption-text\">Vereador Guilherme<\/figcaption><\/figure>\n<p style=\"font-weight: 400;\">Atrav\u00e9s de an\u00fancio nas redes sociais em publica\u00e7\u00e3o via twitter, o vereador Guilherme Gaud\u00eancio (PDT) anunciou no in\u00edcio da tarde desta quarta-feira(15), a retirada da sua pr\u00e9-candidatura a Prefeitura de Serra Branca.<\/p>\n<p style=\"font-weight: 400;\">O vereador serrabranquense revelou que foi acordado entre o PDT e PT que o nome que estivesse melhor avaliado seria al\u00e7ado a pr\u00e9-candidato da coliga\u00e7\u00e3o e neste momento, ap\u00f3s avalia\u00e7\u00f5es internas, foi visto que o nome de Galeguinho (PT) est\u00e1 melhor posicionado.<\/p>\n<p style=\"font-weight: 400;\">Guilherme Gaud\u00eancio agradeceu o apoio de lideran\u00e7as e populares que at\u00e9 ent\u00e3o vinham defendendo seu nome para a disputa pela prefeitura de Serra Branca. \u201cAmigos e amigas Serrabranquenses, comunicamos a nossa desist\u00eancia da disputa para o pleito municipal de 2020. Agrade\u00e7o o apoio incondicional que recebi de todos para a nossa candidatura ao cargo majorit\u00e1rio. Sobretudo daquelas pessoas independentes de nossa cidade, que confiaram em n\u00f3s\u201d, disse Guilherme.<\/p>\n<p style=\"font-weight: 400;\">Sobre a quest\u00e3o de apoio, Guilherme disse que continuar\u00e1 apoiando o pr\u00e9-candidato que for definido pela alian\u00e7a partid\u00e1ria.<\/p>\n<p><em><strong>Not\u00edcias em Destaque<\/strong><\/em><\/p>\n<p>Com PB Mix<\/p>\n","protected":false},"excerpt":{"rendered":"<p>Atrav\u00e9s de an\u00fancio nas redes sociais em publica\u00e7\u00e3o via twitter, o vereador Guilherme Gaud\u00eancio (PDT) anunciou no in\u00edcio da tarde desta quarta-feira(15), a retirada da sua pr\u00e9-candidatura a Prefeitura de Serra Branca. O vereador serrabranquense revelou que foi acordado entre o PDT e PT que o nome que estivesse melhor avaliado seria al\u00e7ado a pr\u00e9-candidato da coliga\u00e7\u00e3o e neste momento, ap\u00f3s avalia\u00e7\u00f5es internas, foi visto que o nome de Galeguinho (PT) est\u00e1 melhor posicionado. Guilherme Gaud\u00eancio agradeceu o apoio de lideran\u00e7as e populares que at\u00e9 ent\u00e3o vinham defendendo seu nome para a disputa pela prefeitura de Serra Branca. \u201cAmigos e amigas Serrabranquenses, comunicamos a nossa desist\u00eancia da disputa para o pleito municipal de 2020. Agrade\u00e7o o apoio incondicional que recebi de todos para a nossa candidatura ao cargo majorit\u00e1rio. Sobretudo daquelas pessoas independentes de nossa cidade, que confiaram em n\u00f3s\u201d, disse Guilherme. Sobre a quest\u00e3o de apoio, Guilherme disse que continuar\u00e1 apoiando o pr\u00e9-candidato que for definido pela alian\u00e7a partid\u00e1ria. Not\u00edcias em Destaque Com PB Mix<\/p>\n","protected":false},"author":2,"featured_media":19257,"comment_status":"closed","ping_status":"open","sticky":false,"template":"","format":"standard","meta":{"_eb_attr":"","_jetpack_memberships_contains_paid_content":false,"footnotes":""},"categories":[4],"tags":[],"class_list":["post-25908","post","type-post","status-publish","format-standard","has-post-thumbnail","hentry","category-politica"],"yoast_head":"<!-- This site is optimized with the Yoast SEO plugin v26.5 - https:\/\/yoast.com\/wordpress\/plugins\/seo\/ -->\n<title>Guilherme Gaud\u00eancio anuncia retirada de sua pr\u00e9-candidatura a prefeitura de Serra Branca - Not&iacute;cias em Destaque<\/title>\n<meta name=\"robots\" content=\"index, follow, max-snippet:-1, max-image-preview:large, max-video-preview:-1\" \/>\n<link rel=\"canonical\" href=\"https:\/\/noticiasemdestaque.com\/cd\/?p=25908\" \/>\n<meta property=\"og:locale\" content=\"pt_BR\" \/>\n<meta property=\"og:type\" content=\"article\" \/>\n<meta property=\"og:title\" content=\"Guilherme Gaud\u00eancio anuncia retirada de sua pr\u00e9-candidatura a prefeitura de Serra Branca - Not&iacute;cias em Destaque\" \/>\n<meta property=\"og:description\" content=\"Atrav\u00e9s de an\u00fancio nas redes sociais em publica\u00e7\u00e3o via twitter, o vereador Guilherme Gaud\u00eancio (PDT) anunciou no in\u00edcio da tarde desta quarta-feira(15), a retirada da sua pr\u00e9-candidatura a Prefeitura de Serra Branca. O vereador serrabranquense revelou que foi acordado entre o PDT e PT que o nome que estivesse melhor avaliado seria al\u00e7ado a pr\u00e9-candidato da coliga\u00e7\u00e3o e neste momento, ap\u00f3s avalia\u00e7\u00f5es internas, foi visto que o nome de Galeguinho (PT) est\u00e1 melhor posicionado. Guilherme Gaud\u00eancio agradeceu o apoio de lideran\u00e7as e populares que at\u00e9 ent\u00e3o vinham defendendo seu nome para a disputa pela prefeitura de Serra Branca. \u201cAmigos e amigas Serrabranquenses, comunicamos a nossa desist\u00eancia da disputa para o pleito municipal de 2020. Agrade\u00e7o o apoio incondicional que recebi de todos para a nossa candidatura ao cargo majorit\u00e1rio. Sobretudo daquelas pessoas independentes de nossa cidade, que confiaram em n\u00f3s\u201d, disse Guilherme. Sobre a quest\u00e3o de apoio, Guilherme disse que continuar\u00e1 apoiando o pr\u00e9-candidato que for definido pela alian\u00e7a partid\u00e1ria. Not\u00edcias em Destaque Com PB Mix\" \/>\n<meta property=\"og:url\" content=\"https:\/\/noticiasemdestaque.com\/cd\/?p=25908\" \/>\n<meta property=\"og:site_name\" content=\"Not&iacute;cias em Destaque\" \/>\n<meta property=\"article:published_time\" content=\"2020-07-15T21:33:46+00:00\" \/>\n<meta property=\"article:modified_time\" content=\"2020-07-15T21:34:12+00:00\" \/>\n<meta property=\"og:image\" content=\"https:\/\/noticiasemdestaque.com\/cd\/wp-content\/uploads\/2019\/08\/IMG_5486.jpg\" \/>\n\t<meta property=\"og:image:width\" content=\"2592\" \/>\n\t<meta property=\"og:image:height\" content=\"1728\" \/>\n\t<meta property=\"og:image:type\" content=\"image\/jpeg\" \/>\n<meta name=\"author\" content=\"Not\u00edcias em Destaque\" \/>\n<meta name=\"twitter:card\" content=\"summary_large_image\" \/>\n<meta name=\"twitter:label1\" content=\"Escrito por\" \/>\n\t<meta name=\"twitter:data1\" content=\"Not\u00edcias em Destaque\" \/>\n\t<meta name=\"twitter:label2\" content=\"Est. tempo de leitura\" \/>\n\t<meta name=\"twitter:data2\" content=\"1 minuto\" \/>\n<script type=\"application\/ld+json\" class=\"yoast-schema-graph\">{\"@context\":\"https:\/\/schema.org\",\"@graph\":[{\"@type\":\"Article\",\"@id\":\"https:\/\/noticiasemdestaque.com\/cd\/?p=25908#article\",\"isPartOf\":{\"@id\":\"https:\/\/noticiasemdestaque.com\/cd\/?p=25908\"},\"author\":{\"name\":\"Not\u00edcias em Destaque\",\"@id\":\"https:\/\/noticiasemdestaque.com\/cd\/#\/schema\/person\/21320b03a7e8bb90128938dafc9b908a\"},\"headline\":\"Guilherme Gaud\u00eancio anuncia retirada de sua pr\u00e9-candidatura a prefeitura de Serra Branca\",\"datePublished\":\"2020-07-15T21:33:46+00:00\",\"dateModified\":\"2020-07-15T21:34:12+00:00\",\"mainEntityOfPage\":{\"@id\":\"https:\/\/noticiasemdestaque.com\/cd\/?p=25908\"},\"wordCount\":211,\"publisher\":{\"@id\":\"https:\/\/noticiasemdestaque.com\/cd\/#organization\"},\"image\":{\"@id\":\"https:\/\/noticiasemdestaque.com\/cd\/?p=25908#primaryimage\"},\"thumbnailUrl\":\"https:\/\/noticiasemdestaque.com\/cd\/wp-content\/uploads\/2019\/08\/IMG_5486.jpg\",\"articleSection\":[\"Pol\u00edtica\"],\"inLanguage\":\"pt-BR\"},{\"@type\":\"WebPage\",\"@id\":\"https:\/\/noticiasemdestaque.com\/cd\/?p=25908\",\"url\":\"https:\/\/noticiasemdestaque.com\/cd\/?p=25908\",\"name\":\"Guilherme Gaud\u00eancio anuncia retirada de sua pr\u00e9-candidatura a prefeitura de Serra Branca - Not&iacute;cias em Destaque\",\"isPartOf\":{\"@id\":\"https:\/\/noticiasemdestaque.com\/cd\/#website\"},\"primaryImageOfPage\":{\"@id\":\"https:\/\/noticiasemdestaque.com\/cd\/?p=25908#primaryimage\"},\"image\":{\"@id\":\"https:\/\/noticiasemdestaque.com\/cd\/?p=25908#primaryimage\"},\"thumbnailUrl\":\"https:\/\/noticiasemdestaque.com\/cd\/wp-content\/uploads\/2019\/08\/IMG_5486.jpg\",\"datePublished\":\"2020-07-15T21:33:46+00:00\",\"dateModified\":\"2020-07-15T21:34:12+00:00\",\"breadcrumb\":{\"@id\":\"https:\/\/noticiasemdestaque.com\/cd\/?p=25908#breadcrumb\"},\"inLanguage\":\"pt-BR\",\"potentialAction\":[{\"@type\":\"ReadAction\",\"target\":[\"https:\/\/noticiasemdestaque.com\/cd\/?p=25908\"]}]},{\"@type\":\"ImageObject\",\"inLanguage\":\"pt-BR\",\"@id\":\"https:\/\/noticiasemdestaque.com\/cd\/?p=25908#primaryimage\",\"url\":\"https:\/\/noticiasemdestaque.com\/cd\/wp-content\/uploads\/2019\/08\/IMG_5486.jpg\",\"contentUrl\":\"https:\/\/noticiasemdestaque.com\/cd\/wp-content\/uploads\/2019\/08\/IMG_5486.jpg\",\"width\":2592,\"height\":1728,\"caption\":\"Vereador Guilherme\"},{\"@type\":\"BreadcrumbList\",\"@id\":\"https:\/\/noticiasemdestaque.com\/cd\/?p=25908#breadcrumb\",\"itemListElement\":[{\"@type\":\"ListItem\",\"position\":1,\"name\":\"In\u00edcio\",\"item\":\"https:\/\/noticiasemdestaque.com\/cd\/\"},{\"@type\":\"ListItem\",\"position\":2,\"name\":\"Guilherme Gaud\u00eancio anuncia retirada de sua pr\u00e9-candidatura a prefeitura de Serra Branca\"}]},{\"@type\":\"WebSite\",\"@id\":\"https:\/\/noticiasemdestaque.com\/cd\/#website\",\"url\":\"https:\/\/noticiasemdestaque.com\/cd\/\",\"name\":\"Not&iacute;cias em Destaque\",\"description\":\"\",\"publisher\":{\"@id\":\"https:\/\/noticiasemdestaque.com\/cd\/#organization\"},\"potentialAction\":[{\"@type\":\"SearchAction\",\"target\":{\"@type\":\"EntryPoint\",\"urlTemplate\":\"https:\/\/noticiasemdestaque.com\/cd\/?s={search_term_string}\"},\"query-input\":{\"@type\":\"PropertyValueSpecification\",\"valueRequired\":true,\"valueName\":\"search_term_string\"}}],\"inLanguage\":\"pt-BR\"},{\"@type\":\"Organization\",\"@id\":\"https:\/\/noticiasemdestaque.com\/cd\/#organization\",\"name\":\"Not\u00edcias em Destaque\",\"url\":\"https:\/\/noticiasemdestaque.com\/cd\/\",\"logo\":{\"@type\":\"ImageObject\",\"inLanguage\":\"pt-BR\",\"@id\":\"https:\/\/noticiasemdestaque.com\/cd\/#\/schema\/logo\/image\/\",\"url\":\"https:\/\/noticiasemdestaque.com\/cd\/wp-content\/uploads\/2022\/05\/imagem-base-noticiasemdestaque.png\",\"contentUrl\":\"https:\/\/noticiasemdestaque.com\/cd\/wp-content\/uploads\/2022\/05\/imagem-base-noticiasemdestaque.png\",\"width\":1200,\"height\":630,\"caption\":\"Not\u00edcias em Destaque\"},\"image\":{\"@id\":\"https:\/\/noticiasemdestaque.com\/cd\/#\/schema\/logo\/image\/\"}},{\"@type\":\"Person\",\"@id\":\"https:\/\/noticiasemdestaque.com\/cd\/#\/schema\/person\/21320b03a7e8bb90128938dafc9b908a\",\"name\":\"Not\u00edcias em Destaque\",\"url\":\"https:\/\/noticiasemdestaque.com\/cd\/?author=2\"}]}<\/script>\n<!-- \/ Yoast SEO plugin. -->","yoast_head_json":{"title":"Guilherme Gaud\u00eancio anuncia retirada de sua pr\u00e9-candidatura a prefeitura de Serra Branca - Not&iacute;cias em Destaque","robots":{"index":"index","follow":"follow","max-snippet":"max-snippet:-1","max-image-preview":"max-image-preview:large","max-video-preview":"max-video-preview:-1"},"canonical":"https:\/\/noticiasemdestaque.com\/cd\/?p=25908","og_locale":"pt_BR","og_type":"article","og_title":"Guilherme Gaud\u00eancio anuncia retirada de sua pr\u00e9-candidatura a prefeitura de Serra Branca - Not&iacute;cias em Destaque","og_description":"Atrav\u00e9s de an\u00fancio nas redes sociais em publica\u00e7\u00e3o via twitter, o vereador Guilherme Gaud\u00eancio (PDT) anunciou no in\u00edcio da tarde desta quarta-feira(15), a retirada da sua pr\u00e9-candidatura a Prefeitura de Serra Branca. O vereador serrabranquense revelou que foi acordado entre o PDT e PT que o nome que estivesse melhor avaliado seria al\u00e7ado a pr\u00e9-candidato da coliga\u00e7\u00e3o e neste momento, ap\u00f3s avalia\u00e7\u00f5es internas, foi visto que o nome de Galeguinho (PT) est\u00e1 melhor posicionado. Guilherme Gaud\u00eancio agradeceu o apoio de lideran\u00e7as e populares que at\u00e9 ent\u00e3o vinham defendendo seu nome para a disputa pela prefeitura de Serra Branca. \u201cAmigos e amigas Serrabranquenses, comunicamos a nossa desist\u00eancia da disputa para o pleito municipal de 2020. Agrade\u00e7o o apoio incondicional que recebi de todos para a nossa candidatura ao cargo majorit\u00e1rio. Sobretudo daquelas pessoas independentes de nossa cidade, que confiaram em n\u00f3s\u201d, disse Guilherme. Sobre a quest\u00e3o de apoio, Guilherme disse que continuar\u00e1 apoiando o pr\u00e9-candidato que for definido pela alian\u00e7a partid\u00e1ria. Not\u00edcias em Destaque Com PB Mix","og_url":"https:\/\/noticiasemdestaque.com\/cd\/?p=25908","og_site_name":"Not&iacute;cias em Destaque","article_published_time":"2020-07-15T21:33:46+00:00","article_modified_time":"2020-07-15T21:34:12+00:00","og_image":[{"width":2592,"height":1728,"url":"https:\/\/noticiasemdestaque.com\/cd\/wp-content\/uploads\/2019\/08\/IMG_5486.jpg","type":"image\/jpeg"}],"author":"Not\u00edcias em Destaque","twitter_card":"summary_large_image","twitter_misc":{"Escrito por":"Not\u00edcias em Destaque","Est. tempo de leitura":"1 minuto"},"schema":{"@context":"https:\/\/schema.org","@graph":[{"@type":"Article","@id":"https:\/\/noticiasemdestaque.com\/cd\/?p=25908#article","isPartOf":{"@id":"https:\/\/noticiasemdestaque.com\/cd\/?p=25908"},"author":{"name":"Not\u00edcias em Destaque","@id":"https:\/\/noticiasemdestaque.com\/cd\/#\/schema\/person\/21320b03a7e8bb90128938dafc9b908a"},"headline":"Guilherme Gaud\u00eancio anuncia retirada de sua pr\u00e9-candidatura a prefeitura de Serra Branca","datePublished":"2020-07-15T21:33:46+00:00","dateModified":"2020-07-15T21:34:12+00:00","mainEntityOfPage":{"@id":"https:\/\/noticiasemdestaque.com\/cd\/?p=25908"},"wordCount":211,"publisher":{"@id":"https:\/\/noticiasemdestaque.com\/cd\/#organization"},"image":{"@id":"https:\/\/noticiasemdestaque.com\/cd\/?p=25908#primaryimage"},"thumbnailUrl":"https:\/\/noticiasemdestaque.com\/cd\/wp-content\/uploads\/2019\/08\/IMG_5486.jpg","articleSection":["Pol\u00edtica"],"inLanguage":"pt-BR"},{"@type":"WebPage","@id":"https:\/\/noticiasemdestaque.com\/cd\/?p=25908","url":"https:\/\/noticiasemdestaque.com\/cd\/?p=25908","name":"Guilherme Gaud\u00eancio anuncia retirada de sua pr\u00e9-candidatura a prefeitura de Serra Branca - Not&iacute;cias em Destaque","isPartOf":{"@id":"https:\/\/noticiasemdestaque.com\/cd\/#website"},"primaryImageOfPage":{"@id":"https:\/\/noticiasemdestaque.com\/cd\/?p=25908#primaryimage"},"image":{"@id":"https:\/\/noticiasemdestaque.com\/cd\/?p=25908#primaryimage"},"thumbnailUrl":"https:\/\/noticiasemdestaque.com\/cd\/wp-content\/uploads\/2019\/08\/IMG_5486.jpg","datePublished":"2020-07-15T21:33:46+00:00","dateModified":"2020-07-15T21:34:12+00:00","breadcrumb":{"@id":"https:\/\/noticiasemdestaque.com\/cd\/?p=25908#breadcrumb"},"inLanguage":"pt-BR","potentialAction":[{"@type":"ReadAction","target":["https:\/\/noticiasemdestaque.com\/cd\/?p=25908"]}]},{"@type":"ImageObject","inLanguage":"pt-BR","@id":"https:\/\/noticiasemdestaque.com\/cd\/?p=25908#primaryimage","url":"https:\/\/noticiasemdestaque.com\/cd\/wp-content\/uploads\/2019\/08\/IMG_5486.jpg","contentUrl":"https:\/\/noticiasemdestaque.com\/cd\/wp-content\/uploads\/2019\/08\/IMG_5486.jpg","width":2592,"height":1728,"caption":"Vereador Guilherme"},{"@type":"BreadcrumbList","@id":"https:\/\/noticiasemdestaque.com\/cd\/?p=25908#breadcrumb","itemListElement":[{"@type":"ListItem","position":1,"name":"In\u00edcio","item":"https:\/\/noticiasemdestaque.com\/cd\/"},{"@type":"ListItem","position":2,"name":"Guilherme Gaud\u00eancio anuncia retirada de sua pr\u00e9-candidatura a prefeitura de Serra Branca"}]},{"@type":"WebSite","@id":"https:\/\/noticiasemdestaque.com\/cd\/#website","url":"https:\/\/noticiasemdestaque.com\/cd\/","name":"Not&iacute;cias em Destaque","description":"","publisher":{"@id":"https:\/\/noticiasemdestaque.com\/cd\/#organization"},"potentialAction":[{"@type":"SearchAction","target":{"@type":"EntryPoint","urlTemplate":"https:\/\/noticiasemdestaque.com\/cd\/?s={search_term_string}"},"query-input":{"@type":"PropertyValueSpecification","valueRequired":true,"valueName":"search_term_string"}}],"inLanguage":"pt-BR"},{"@type":"Organization","@id":"https:\/\/noticiasemdestaque.com\/cd\/#organization","name":"Not\u00edcias em Destaque","url":"https:\/\/noticiasemdestaque.com\/cd\/","logo":{"@type":"ImageObject","inLanguage":"pt-BR","@id":"https:\/\/noticiasemdestaque.com\/cd\/#\/schema\/logo\/image\/","url":"https:\/\/noticiasemdestaque.com\/cd\/wp-content\/uploads\/2022\/05\/imagem-base-noticiasemdestaque.png","contentUrl":"https:\/\/noticiasemdestaque.com\/cd\/wp-content\/uploads\/2022\/05\/imagem-base-noticiasemdestaque.png","width":1200,"height":630,"caption":"Not\u00edcias em Destaque"},"image":{"@id":"https:\/\/noticiasemdestaque.com\/cd\/#\/schema\/logo\/image\/"}},{"@type":"Person","@id":"https:\/\/noticiasemdestaque.com\/cd\/#\/schema\/person\/21320b03a7e8bb90128938dafc9b908a","name":"Not\u00edcias em Destaque","url":"https:\/\/noticiasemdestaque.com\/cd\/?author=2"}]}},"jetpack_featured_media_url":"https:\/\/noticiasemdestaque.com\/cd\/wp-content\/uploads\/2019\/08\/IMG_5486.jpg","jetpack_sharing_enabled":true,"_links":{"self":[{"href":"https:\/\/noticiasemdestaque.com\/cd\/index.php?rest_route=\/wp\/v2\/posts\/25908","targetHints":{"allow":["GET"]}}],"collection":[{"href":"https:\/\/noticiasemdestaque.com\/cd\/index.php?rest_route=\/wp\/v2\/posts"}],"about":[{"href":"https:\/\/noticiasemdestaque.com\/cd\/index.php?rest_route=\/wp\/v2\/types\/post"}],"author":[{"embeddable":true,"href":"https:\/\/noticiasemdestaque.com\/cd\/index.php?rest_route=\/wp\/v2\/users\/2"}],"replies":[{"embeddable":true,"href":"https:\/\/noticiasemdestaque.com\/cd\/index.php?rest_route=%2Fwp%2Fv2%2Fcomments&post=25908"}],"version-history":[{"count":2,"href":"https:\/\/noticiasemdestaque.com\/cd\/index.php?rest_route=\/wp\/v2\/posts\/25908\/revisions"}],"predecessor-version":[{"id":25910,"href":"https:\/\/noticiasemdestaque.com\/cd\/index.php?rest_route=\/wp\/v2\/posts\/25908\/revisions\/25910"}],"wp:featuredmedia":[{"embeddable":true,"href":"https:\/\/noticiasemdestaque.com\/cd\/index.php?rest_route=\/wp\/v2\/media\/19257"}],"wp:attachment":[{"href":"https:\/\/noticiasemdestaque.com\/cd\/index.php?rest_route=%2Fwp%2Fv2%2Fmedia&parent=25908"}],"wp:term":[{"taxonomy":"category","embeddable":true,"href":"https:\/\/noticiasemdestaque.com\/cd\/index.php?rest_route=%2Fwp%2Fv2%2Fcategories&post=25908"},{"taxonomy":"post_tag","embeddable":true,"href":"https:\/\/noticiasemdestaque.com\/cd\/index.php?rest_route=%2Fwp%2Fv2%2Ftags&post=25908"}],"curies":[{"name":"wp","href":"https:\/\/api.w.org\/{rel}","templated":true}]}}