{"id":25878,"date":"2020-07-14T19:36:36","date_gmt":"2020-07-14T22:36:36","guid":{"rendered":"http:\/\/noticiasemdestaque.com\/cd\/?p=25878"},"modified":"2020-07-14T19:37:15","modified_gmt":"2020-07-14T22:37:15","slug":"25878","status":"publish","type":"post","link":"https:\/\/noticiasemdestaque.com\/cd\/?p=25878","title":{"rendered":"Loteamento Morada Nobre firma parceria com a Prefeitura de Sum\u00e9 para execu\u00e7\u00e3o de obra de cal\u00e7amento"},"content":{"rendered":"<p><a href=\"https:\/\/noticiasemdestaque.com\/cd\/wp-content\/uploads\/2020\/07\/108178952_1641339876028598_189919411589077245_o.jpg\"><img fetchpriority=\"high\" decoding=\"async\" class=\"wp-image-25880 aligncenter\" src=\"https:\/\/noticiasemdestaque.com\/cd\/wp-content\/uploads\/2020\/07\/108178952_1641339876028598_189919411589077245_o-1024x768.jpg\" alt=\"\" width=\"499\" height=\"374\" srcset=\"https:\/\/noticiasemdestaque.com\/cd\/wp-content\/uploads\/2020\/07\/108178952_1641339876028598_189919411589077245_o.jpg 1024w, https:\/\/noticiasemdestaque.com\/cd\/wp-content\/uploads\/2020\/07\/108178952_1641339876028598_189919411589077245_o-300x225.jpg 300w, https:\/\/noticiasemdestaque.com\/cd\/wp-content\/uploads\/2020\/07\/108178952_1641339876028598_189919411589077245_o-768x576.jpg 768w, https:\/\/noticiasemdestaque.com\/cd\/wp-content\/uploads\/2020\/07\/108178952_1641339876028598_189919411589077245_o-640x480.jpg 640w\" sizes=\"(max-width: 499px) 100vw, 499px\" \/><\/a><\/p>\n<p>A Prefeitura de Sum\u00e9 firmou a sua primeira Parceria P\u00fablico-Privada (PPP) da hist\u00f3ria da administra\u00e7\u00e3o municipal. A parceria firmada nesta ter\u00e7a-feira (12) com a empresa Master Loteamentos e Incorpora\u00e7\u00e3o LTDA, do propriet\u00e1rio Carlos Andr\u00e9 Guerra Saraiva Bezerra, prev\u00ea a execu\u00e7\u00e3o de obra de cal\u00e7amento no Loteamento Morada Nobre, localizado no bairro do Mandacaru. Tamb\u00e9m participaram da assinatura, o secret\u00e1rio de Administra\u00e7\u00e3o, Bon\u00edlson Tim\u00f3teo e D\u00e9cio Aleixo.<\/p>\n<p><a href=\"https:\/\/noticiasemdestaque.com\/cd\/wp-content\/uploads\/2020\/07\/107658784_1641339939361925_3358892331159601039_o.jpg\"><img decoding=\"async\" class=\"wp-image-25879 aligncenter\" src=\"https:\/\/noticiasemdestaque.com\/cd\/wp-content\/uploads\/2020\/07\/107658784_1641339939361925_3358892331159601039_o.jpg\" alt=\"\" width=\"500\" height=\"290\" srcset=\"https:\/\/noticiasemdestaque.com\/cd\/wp-content\/uploads\/2020\/07\/107658784_1641339939361925_3358892331159601039_o.jpg 891w, https:\/\/noticiasemdestaque.com\/cd\/wp-content\/uploads\/2020\/07\/107658784_1641339939361925_3358892331159601039_o-300x174.jpg 300w, https:\/\/noticiasemdestaque.com\/cd\/wp-content\/uploads\/2020\/07\/107658784_1641339939361925_3358892331159601039_o-768x446.jpg 768w\" sizes=\"(max-width: 500px) 100vw, 500px\" \/><\/a><\/p>\n<p>O servi\u00e7o compreender\u00e1 550 metros de cal\u00e7amentos, a empresa Master Loteamentos ir\u00e1 dispor da m\u00e3o de obra e da compra do cimento e das pedras, enquanto que a Prefeitura ficar\u00e1 respons\u00e1vel por disponibilizar a areia e transportar o material comprado pela empresa. Tamb\u00e9m ficar\u00e1 a cargo da prefeitura o acompanhamento das atividades de execu\u00e7\u00e3o dos servi\u00e7os.<\/p>\n<p>De acordo com o prefeito \u00c9den Duarte, diante de poucos recursos para investimentos em obras de cal\u00e7amento, as PPP\u2019s s\u00e3o uma alternativa que mescla investimentos p\u00fablico-privados para viabilizar obras.<\/p>\n<p>O prefeito \u00c9den tem feito em sua gest\u00e3o o maior programa de cal\u00e7amentos do munic\u00edpio, executando os servi\u00e7os com recursos pr\u00f3prios e recursos viabilizados por emendas do deputado federal Wellington Roberto. J\u00e1 foram cal\u00e7adas 32 ruas e mais 22 est\u00e3o previstas para receber pavimenta\u00e7\u00e3o at\u00e9 o final deste ano.<\/p>\n<p>Ele declarou ainda que \u00e9 importante que demais donos de loteamentos tamb\u00e9m possam buscar a parceria, j\u00e1 que a Prefeitura vem priorizando em seu programa de pavimenta\u00e7\u00e3o as ruas mais antigas. \u201cAtualmente estamos executando a obra na Rua Severino Jos\u00e9 de Oliveira, no bairro Renascer e tamb\u00e9m estamos concluindo o trecho da Rua Jo\u00e3o Aleixo Bezerra, no Conjunto Habitacional, at\u00e9 o final do ano n\u00f3s temos a pavimenta\u00e7\u00e3o de mais 22 ruas a serem executadas em diversas localidades\u201d disse.<\/p>\n<p>Ascom PMS<\/p>\n","protected":false},"excerpt":{"rendered":"<p>A Prefeitura de Sum\u00e9 firmou a sua primeira Parceria P\u00fablico-Privada (PPP) da hist\u00f3ria da administra\u00e7\u00e3o municipal. A parceria firmada nesta ter\u00e7a-feira (12) com a empresa Master Loteamentos e Incorpora\u00e7\u00e3o LTDA, do propriet\u00e1rio Carlos Andr\u00e9 Guerra Saraiva Bezerra, prev\u00ea a execu\u00e7\u00e3o de obra de cal\u00e7amento no Loteamento Morada Nobre, localizado no bairro do Mandacaru. Tamb\u00e9m participaram da assinatura, o secret\u00e1rio de Administra\u00e7\u00e3o, Bon\u00edlson Tim\u00f3teo e D\u00e9cio Aleixo. O servi\u00e7o compreender\u00e1 550 metros de cal\u00e7amentos, a empresa Master Loteamentos ir\u00e1 dispor da m\u00e3o de obra e da compra do cimento e das pedras, enquanto que a Prefeitura ficar\u00e1 respons\u00e1vel por disponibilizar a areia e transportar o material comprado pela empresa. Tamb\u00e9m ficar\u00e1 a cargo da prefeitura o acompanhamento das atividades de execu\u00e7\u00e3o dos servi\u00e7os. De acordo com o prefeito \u00c9den Duarte, diante de poucos recursos para investimentos em obras de cal\u00e7amento, as PPP\u2019s s\u00e3o uma alternativa que mescla investimentos p\u00fablico-privados para viabilizar obras. O prefeito \u00c9den tem feito em sua gest\u00e3o o maior programa de cal\u00e7amentos do munic\u00edpio, executando os servi\u00e7os com recursos pr\u00f3prios e recursos viabilizados por emendas do deputado federal Wellington Roberto. J\u00e1 foram cal\u00e7adas 32 ruas e mais 22 est\u00e3o previstas para receber pavimenta\u00e7\u00e3o at\u00e9 o final deste ano. Ele declarou ainda que \u00e9 importante que demais donos de loteamentos tamb\u00e9m possam buscar a parceria, j\u00e1 que a Prefeitura vem priorizando em seu programa de pavimenta\u00e7\u00e3o as ruas mais antigas. \u201cAtualmente estamos executando a obra na Rua Severino Jos\u00e9 de Oliveira, no bairro Renascer e tamb\u00e9m estamos concluindo o trecho da Rua Jo\u00e3o Aleixo Bezerra, no Conjunto Habitacional, at\u00e9 o final do ano n\u00f3s temos a pavimenta\u00e7\u00e3o de mais 22 ruas a serem executadas em diversas localidades\u201d disse. Ascom PMS<\/p>\n","protected":false},"author":2,"featured_media":25880,"comment_status":"closed","ping_status":"open","sticky":false,"template":"","format":"standard","meta":{"_eb_attr":"","_jetpack_memberships_contains_paid_content":false,"footnotes":""},"categories":[4],"tags":[],"class_list":["post-25878","post","type-post","status-publish","format-standard","has-post-thumbnail","hentry","category-politica"],"yoast_head":"<!-- This site is optimized with the Yoast SEO plugin v26.5 - https:\/\/yoast.com\/wordpress\/plugins\/seo\/ -->\n<title>Loteamento Morada Nobre firma parceria com a Prefeitura de Sum\u00e9 para execu\u00e7\u00e3o de obra de cal\u00e7amento - Not&iacute;cias em Destaque<\/title>\n<meta name=\"robots\" content=\"index, follow, max-snippet:-1, max-image-preview:large, max-video-preview:-1\" \/>\n<link rel=\"canonical\" href=\"https:\/\/noticiasemdestaque.com\/cd\/?p=25878\" \/>\n<meta property=\"og:locale\" content=\"pt_BR\" \/>\n<meta property=\"og:type\" content=\"article\" \/>\n<meta property=\"og:title\" content=\"Loteamento Morada Nobre firma parceria com a Prefeitura de Sum\u00e9 para execu\u00e7\u00e3o de obra de cal\u00e7amento - Not&iacute;cias em Destaque\" \/>\n<meta property=\"og:description\" content=\"A Prefeitura de Sum\u00e9 firmou a sua primeira Parceria P\u00fablico-Privada (PPP) da hist\u00f3ria da administra\u00e7\u00e3o municipal. A parceria firmada nesta ter\u00e7a-feira (12) com a empresa Master Loteamentos e Incorpora\u00e7\u00e3o LTDA, do propriet\u00e1rio Carlos Andr\u00e9 Guerra Saraiva Bezerra, prev\u00ea a execu\u00e7\u00e3o de obra de cal\u00e7amento no Loteamento Morada Nobre, localizado no bairro do Mandacaru. Tamb\u00e9m participaram da assinatura, o secret\u00e1rio de Administra\u00e7\u00e3o, Bon\u00edlson Tim\u00f3teo e D\u00e9cio Aleixo. O servi\u00e7o compreender\u00e1 550 metros de cal\u00e7amentos, a empresa Master Loteamentos ir\u00e1 dispor da m\u00e3o de obra e da compra do cimento e das pedras, enquanto que a Prefeitura ficar\u00e1 respons\u00e1vel por disponibilizar a areia e transportar o material comprado pela empresa. Tamb\u00e9m ficar\u00e1 a cargo da prefeitura o acompanhamento das atividades de execu\u00e7\u00e3o dos servi\u00e7os. De acordo com o prefeito \u00c9den Duarte, diante de poucos recursos para investimentos em obras de cal\u00e7amento, as PPP\u2019s s\u00e3o uma alternativa que mescla investimentos p\u00fablico-privados para viabilizar obras. O prefeito \u00c9den tem feito em sua gest\u00e3o o maior programa de cal\u00e7amentos do munic\u00edpio, executando os servi\u00e7os com recursos pr\u00f3prios e recursos viabilizados por emendas do deputado federal Wellington Roberto. J\u00e1 foram cal\u00e7adas 32 ruas e mais 22 est\u00e3o previstas para receber pavimenta\u00e7\u00e3o at\u00e9 o final deste ano. Ele declarou ainda que \u00e9 importante que demais donos de loteamentos tamb\u00e9m possam buscar a parceria, j\u00e1 que a Prefeitura vem priorizando em seu programa de pavimenta\u00e7\u00e3o as ruas mais antigas. \u201cAtualmente estamos executando a obra na Rua Severino Jos\u00e9 de Oliveira, no bairro Renascer e tamb\u00e9m estamos concluindo o trecho da Rua Jo\u00e3o Aleixo Bezerra, no Conjunto Habitacional, at\u00e9 o final do ano n\u00f3s temos a pavimenta\u00e7\u00e3o de mais 22 ruas a serem executadas em diversas localidades\u201d disse. Ascom PMS\" \/>\n<meta property=\"og:url\" content=\"https:\/\/noticiasemdestaque.com\/cd\/?p=25878\" \/>\n<meta property=\"og:site_name\" content=\"Not&iacute;cias em Destaque\" \/>\n<meta property=\"article:published_time\" content=\"2020-07-14T22:36:36+00:00\" \/>\n<meta property=\"article:modified_time\" content=\"2020-07-14T22:37:15+00:00\" \/>\n<meta property=\"og:image\" content=\"https:\/\/noticiasemdestaque.com\/cd\/wp-content\/uploads\/2020\/07\/108178952_1641339876028598_189919411589077245_o.jpg\" \/>\n\t<meta property=\"og:image:width\" content=\"1024\" \/>\n\t<meta property=\"og:image:height\" content=\"768\" \/>\n\t<meta property=\"og:image:type\" content=\"image\/jpeg\" \/>\n<meta name=\"author\" content=\"Not\u00edcias em Destaque\" \/>\n<meta name=\"twitter:card\" content=\"summary_large_image\" \/>\n<meta name=\"twitter:label1\" content=\"Escrito por\" \/>\n\t<meta name=\"twitter:data1\" content=\"Not\u00edcias em Destaque\" \/>\n\t<meta name=\"twitter:label2\" content=\"Est. tempo de leitura\" \/>\n\t<meta name=\"twitter:data2\" content=\"2 minutos\" \/>\n<script type=\"application\/ld+json\" class=\"yoast-schema-graph\">{\"@context\":\"https:\/\/schema.org\",\"@graph\":[{\"@type\":\"Article\",\"@id\":\"https:\/\/noticiasemdestaque.com\/cd\/?p=25878#article\",\"isPartOf\":{\"@id\":\"https:\/\/noticiasemdestaque.com\/cd\/?p=25878\"},\"author\":{\"name\":\"Not\u00edcias em Destaque\",\"@id\":\"https:\/\/noticiasemdestaque.com\/cd\/#\/schema\/person\/21320b03a7e8bb90128938dafc9b908a\"},\"headline\":\"Loteamento Morada Nobre firma parceria com a Prefeitura de Sum\u00e9 para execu\u00e7\u00e3o de obra de cal\u00e7amento\",\"datePublished\":\"2020-07-14T22:36:36+00:00\",\"dateModified\":\"2020-07-14T22:37:15+00:00\",\"mainEntityOfPage\":{\"@id\":\"https:\/\/noticiasemdestaque.com\/cd\/?p=25878\"},\"wordCount\":332,\"publisher\":{\"@id\":\"https:\/\/noticiasemdestaque.com\/cd\/#organization\"},\"image\":{\"@id\":\"https:\/\/noticiasemdestaque.com\/cd\/?p=25878#primaryimage\"},\"thumbnailUrl\":\"https:\/\/noticiasemdestaque.com\/cd\/wp-content\/uploads\/2020\/07\/108178952_1641339876028598_189919411589077245_o.jpg\",\"articleSection\":[\"Pol\u00edtica\"],\"inLanguage\":\"pt-BR\"},{\"@type\":\"WebPage\",\"@id\":\"https:\/\/noticiasemdestaque.com\/cd\/?p=25878\",\"url\":\"https:\/\/noticiasemdestaque.com\/cd\/?p=25878\",\"name\":\"Loteamento Morada Nobre firma parceria com a Prefeitura de Sum\u00e9 para execu\u00e7\u00e3o de obra de cal\u00e7amento - Not&iacute;cias em Destaque\",\"isPartOf\":{\"@id\":\"https:\/\/noticiasemdestaque.com\/cd\/#website\"},\"primaryImageOfPage\":{\"@id\":\"https:\/\/noticiasemdestaque.com\/cd\/?p=25878#primaryimage\"},\"image\":{\"@id\":\"https:\/\/noticiasemdestaque.com\/cd\/?p=25878#primaryimage\"},\"thumbnailUrl\":\"https:\/\/noticiasemdestaque.com\/cd\/wp-content\/uploads\/2020\/07\/108178952_1641339876028598_189919411589077245_o.jpg\",\"datePublished\":\"2020-07-14T22:36:36+00:00\",\"dateModified\":\"2020-07-14T22:37:15+00:00\",\"breadcrumb\":{\"@id\":\"https:\/\/noticiasemdestaque.com\/cd\/?p=25878#breadcrumb\"},\"inLanguage\":\"pt-BR\",\"potentialAction\":[{\"@type\":\"ReadAction\",\"target\":[\"https:\/\/noticiasemdestaque.com\/cd\/?p=25878\"]}]},{\"@type\":\"ImageObject\",\"inLanguage\":\"pt-BR\",\"@id\":\"https:\/\/noticiasemdestaque.com\/cd\/?p=25878#primaryimage\",\"url\":\"https:\/\/noticiasemdestaque.com\/cd\/wp-content\/uploads\/2020\/07\/108178952_1641339876028598_189919411589077245_o.jpg\",\"contentUrl\":\"https:\/\/noticiasemdestaque.com\/cd\/wp-content\/uploads\/2020\/07\/108178952_1641339876028598_189919411589077245_o.jpg\",\"width\":1024,\"height\":768},{\"@type\":\"BreadcrumbList\",\"@id\":\"https:\/\/noticiasemdestaque.com\/cd\/?p=25878#breadcrumb\",\"itemListElement\":[{\"@type\":\"ListItem\",\"position\":1,\"name\":\"In\u00edcio\",\"item\":\"https:\/\/noticiasemdestaque.com\/cd\/\"},{\"@type\":\"ListItem\",\"position\":2,\"name\":\"Loteamento Morada Nobre firma parceria com a Prefeitura de Sum\u00e9 para execu\u00e7\u00e3o de obra de cal\u00e7amento\"}]},{\"@type\":\"WebSite\",\"@id\":\"https:\/\/noticiasemdestaque.com\/cd\/#website\",\"url\":\"https:\/\/noticiasemdestaque.com\/cd\/\",\"name\":\"Not&iacute;cias em Destaque\",\"description\":\"\",\"publisher\":{\"@id\":\"https:\/\/noticiasemdestaque.com\/cd\/#organization\"},\"potentialAction\":[{\"@type\":\"SearchAction\",\"target\":{\"@type\":\"EntryPoint\",\"urlTemplate\":\"https:\/\/noticiasemdestaque.com\/cd\/?s={search_term_string}\"},\"query-input\":{\"@type\":\"PropertyValueSpecification\",\"valueRequired\":true,\"valueName\":\"search_term_string\"}}],\"inLanguage\":\"pt-BR\"},{\"@type\":\"Organization\",\"@id\":\"https:\/\/noticiasemdestaque.com\/cd\/#organization\",\"name\":\"Not\u00edcias em Destaque\",\"url\":\"https:\/\/noticiasemdestaque.com\/cd\/\",\"logo\":{\"@type\":\"ImageObject\",\"inLanguage\":\"pt-BR\",\"@id\":\"https:\/\/noticiasemdestaque.com\/cd\/#\/schema\/logo\/image\/\",\"url\":\"https:\/\/noticiasemdestaque.com\/cd\/wp-content\/uploads\/2022\/05\/imagem-base-noticiasemdestaque.png\",\"contentUrl\":\"https:\/\/noticiasemdestaque.com\/cd\/wp-content\/uploads\/2022\/05\/imagem-base-noticiasemdestaque.png\",\"width\":1200,\"height\":630,\"caption\":\"Not\u00edcias em Destaque\"},\"image\":{\"@id\":\"https:\/\/noticiasemdestaque.com\/cd\/#\/schema\/logo\/image\/\"}},{\"@type\":\"Person\",\"@id\":\"https:\/\/noticiasemdestaque.com\/cd\/#\/schema\/person\/21320b03a7e8bb90128938dafc9b908a\",\"name\":\"Not\u00edcias em Destaque\",\"url\":\"https:\/\/noticiasemdestaque.com\/cd\/?author=2\"}]}<\/script>\n<!-- \/ Yoast SEO plugin. -->","yoast_head_json":{"title":"Loteamento Morada Nobre firma parceria com a Prefeitura de Sum\u00e9 para execu\u00e7\u00e3o de obra de cal\u00e7amento - Not&iacute;cias em Destaque","robots":{"index":"index","follow":"follow","max-snippet":"max-snippet:-1","max-image-preview":"max-image-preview:large","max-video-preview":"max-video-preview:-1"},"canonical":"https:\/\/noticiasemdestaque.com\/cd\/?p=25878","og_locale":"pt_BR","og_type":"article","og_title":"Loteamento Morada Nobre firma parceria com a Prefeitura de Sum\u00e9 para execu\u00e7\u00e3o de obra de cal\u00e7amento - Not&iacute;cias em Destaque","og_description":"A Prefeitura de Sum\u00e9 firmou a sua primeira Parceria P\u00fablico-Privada (PPP) da hist\u00f3ria da administra\u00e7\u00e3o municipal. A parceria firmada nesta ter\u00e7a-feira (12) com a empresa Master Loteamentos e Incorpora\u00e7\u00e3o LTDA, do propriet\u00e1rio Carlos Andr\u00e9 Guerra Saraiva Bezerra, prev\u00ea a execu\u00e7\u00e3o de obra de cal\u00e7amento no Loteamento Morada Nobre, localizado no bairro do Mandacaru. Tamb\u00e9m participaram da assinatura, o secret\u00e1rio de Administra\u00e7\u00e3o, Bon\u00edlson Tim\u00f3teo e D\u00e9cio Aleixo. O servi\u00e7o compreender\u00e1 550 metros de cal\u00e7amentos, a empresa Master Loteamentos ir\u00e1 dispor da m\u00e3o de obra e da compra do cimento e das pedras, enquanto que a Prefeitura ficar\u00e1 respons\u00e1vel por disponibilizar a areia e transportar o material comprado pela empresa. Tamb\u00e9m ficar\u00e1 a cargo da prefeitura o acompanhamento das atividades de execu\u00e7\u00e3o dos servi\u00e7os. De acordo com o prefeito \u00c9den Duarte, diante de poucos recursos para investimentos em obras de cal\u00e7amento, as PPP\u2019s s\u00e3o uma alternativa que mescla investimentos p\u00fablico-privados para viabilizar obras. O prefeito \u00c9den tem feito em sua gest\u00e3o o maior programa de cal\u00e7amentos do munic\u00edpio, executando os servi\u00e7os com recursos pr\u00f3prios e recursos viabilizados por emendas do deputado federal Wellington Roberto. J\u00e1 foram cal\u00e7adas 32 ruas e mais 22 est\u00e3o previstas para receber pavimenta\u00e7\u00e3o at\u00e9 o final deste ano. Ele declarou ainda que \u00e9 importante que demais donos de loteamentos tamb\u00e9m possam buscar a parceria, j\u00e1 que a Prefeitura vem priorizando em seu programa de pavimenta\u00e7\u00e3o as ruas mais antigas. \u201cAtualmente estamos executando a obra na Rua Severino Jos\u00e9 de Oliveira, no bairro Renascer e tamb\u00e9m estamos concluindo o trecho da Rua Jo\u00e3o Aleixo Bezerra, no Conjunto Habitacional, at\u00e9 o final do ano n\u00f3s temos a pavimenta\u00e7\u00e3o de mais 22 ruas a serem executadas em diversas localidades\u201d disse. Ascom PMS","og_url":"https:\/\/noticiasemdestaque.com\/cd\/?p=25878","og_site_name":"Not&iacute;cias em Destaque","article_published_time":"2020-07-14T22:36:36+00:00","article_modified_time":"2020-07-14T22:37:15+00:00","og_image":[{"width":1024,"height":768,"url":"https:\/\/noticiasemdestaque.com\/cd\/wp-content\/uploads\/2020\/07\/108178952_1641339876028598_189919411589077245_o.jpg","type":"image\/jpeg"}],"author":"Not\u00edcias em Destaque","twitter_card":"summary_large_image","twitter_misc":{"Escrito por":"Not\u00edcias em Destaque","Est. tempo de leitura":"2 minutos"},"schema":{"@context":"https:\/\/schema.org","@graph":[{"@type":"Article","@id":"https:\/\/noticiasemdestaque.com\/cd\/?p=25878#article","isPartOf":{"@id":"https:\/\/noticiasemdestaque.com\/cd\/?p=25878"},"author":{"name":"Not\u00edcias em Destaque","@id":"https:\/\/noticiasemdestaque.com\/cd\/#\/schema\/person\/21320b03a7e8bb90128938dafc9b908a"},"headline":"Loteamento Morada Nobre firma parceria com a Prefeitura de Sum\u00e9 para execu\u00e7\u00e3o de obra de cal\u00e7amento","datePublished":"2020-07-14T22:36:36+00:00","dateModified":"2020-07-14T22:37:15+00:00","mainEntityOfPage":{"@id":"https:\/\/noticiasemdestaque.com\/cd\/?p=25878"},"wordCount":332,"publisher":{"@id":"https:\/\/noticiasemdestaque.com\/cd\/#organization"},"image":{"@id":"https:\/\/noticiasemdestaque.com\/cd\/?p=25878#primaryimage"},"thumbnailUrl":"https:\/\/noticiasemdestaque.com\/cd\/wp-content\/uploads\/2020\/07\/108178952_1641339876028598_189919411589077245_o.jpg","articleSection":["Pol\u00edtica"],"inLanguage":"pt-BR"},{"@type":"WebPage","@id":"https:\/\/noticiasemdestaque.com\/cd\/?p=25878","url":"https:\/\/noticiasemdestaque.com\/cd\/?p=25878","name":"Loteamento Morada Nobre firma parceria com a Prefeitura de Sum\u00e9 para execu\u00e7\u00e3o de obra de cal\u00e7amento - Not&iacute;cias em Destaque","isPartOf":{"@id":"https:\/\/noticiasemdestaque.com\/cd\/#website"},"primaryImageOfPage":{"@id":"https:\/\/noticiasemdestaque.com\/cd\/?p=25878#primaryimage"},"image":{"@id":"https:\/\/noticiasemdestaque.com\/cd\/?p=25878#primaryimage"},"thumbnailUrl":"https:\/\/noticiasemdestaque.com\/cd\/wp-content\/uploads\/2020\/07\/108178952_1641339876028598_189919411589077245_o.jpg","datePublished":"2020-07-14T22:36:36+00:00","dateModified":"2020-07-14T22:37:15+00:00","breadcrumb":{"@id":"https:\/\/noticiasemdestaque.com\/cd\/?p=25878#breadcrumb"},"inLanguage":"pt-BR","potentialAction":[{"@type":"ReadAction","target":["https:\/\/noticiasemdestaque.com\/cd\/?p=25878"]}]},{"@type":"ImageObject","inLanguage":"pt-BR","@id":"https:\/\/noticiasemdestaque.com\/cd\/?p=25878#primaryimage","url":"https:\/\/noticiasemdestaque.com\/cd\/wp-content\/uploads\/2020\/07\/108178952_1641339876028598_189919411589077245_o.jpg","contentUrl":"https:\/\/noticiasemdestaque.com\/cd\/wp-content\/uploads\/2020\/07\/108178952_1641339876028598_189919411589077245_o.jpg","width":1024,"height":768},{"@type":"BreadcrumbList","@id":"https:\/\/noticiasemdestaque.com\/cd\/?p=25878#breadcrumb","itemListElement":[{"@type":"ListItem","position":1,"name":"In\u00edcio","item":"https:\/\/noticiasemdestaque.com\/cd\/"},{"@type":"ListItem","position":2,"name":"Loteamento Morada Nobre firma parceria com a Prefeitura de Sum\u00e9 para execu\u00e7\u00e3o de obra de cal\u00e7amento"}]},{"@type":"WebSite","@id":"https:\/\/noticiasemdestaque.com\/cd\/#website","url":"https:\/\/noticiasemdestaque.com\/cd\/","name":"Not&iacute;cias em Destaque","description":"","publisher":{"@id":"https:\/\/noticiasemdestaque.com\/cd\/#organization"},"potentialAction":[{"@type":"SearchAction","target":{"@type":"EntryPoint","urlTemplate":"https:\/\/noticiasemdestaque.com\/cd\/?s={search_term_string}"},"query-input":{"@type":"PropertyValueSpecification","valueRequired":true,"valueName":"search_term_string"}}],"inLanguage":"pt-BR"},{"@type":"Organization","@id":"https:\/\/noticiasemdestaque.com\/cd\/#organization","name":"Not\u00edcias em Destaque","url":"https:\/\/noticiasemdestaque.com\/cd\/","logo":{"@type":"ImageObject","inLanguage":"pt-BR","@id":"https:\/\/noticiasemdestaque.com\/cd\/#\/schema\/logo\/image\/","url":"https:\/\/noticiasemdestaque.com\/cd\/wp-content\/uploads\/2022\/05\/imagem-base-noticiasemdestaque.png","contentUrl":"https:\/\/noticiasemdestaque.com\/cd\/wp-content\/uploads\/2022\/05\/imagem-base-noticiasemdestaque.png","width":1200,"height":630,"caption":"Not\u00edcias em Destaque"},"image":{"@id":"https:\/\/noticiasemdestaque.com\/cd\/#\/schema\/logo\/image\/"}},{"@type":"Person","@id":"https:\/\/noticiasemdestaque.com\/cd\/#\/schema\/person\/21320b03a7e8bb90128938dafc9b908a","name":"Not\u00edcias em Destaque","url":"https:\/\/noticiasemdestaque.com\/cd\/?author=2"}]}},"jetpack_featured_media_url":"https:\/\/noticiasemdestaque.com\/cd\/wp-content\/uploads\/2020\/07\/108178952_1641339876028598_189919411589077245_o.jpg","jetpack_sharing_enabled":true,"_links":{"self":[{"href":"https:\/\/noticiasemdestaque.com\/cd\/index.php?rest_route=\/wp\/v2\/posts\/25878","targetHints":{"allow":["GET"]}}],"collection":[{"href":"https:\/\/noticiasemdestaque.com\/cd\/index.php?rest_route=\/wp\/v2\/posts"}],"about":[{"href":"https:\/\/noticiasemdestaque.com\/cd\/index.php?rest_route=\/wp\/v2\/types\/post"}],"author":[{"embeddable":true,"href":"https:\/\/noticiasemdestaque.com\/cd\/index.php?rest_route=\/wp\/v2\/users\/2"}],"replies":[{"embeddable":true,"href":"https:\/\/noticiasemdestaque.com\/cd\/index.php?rest_route=%2Fwp%2Fv2%2Fcomments&post=25878"}],"version-history":[{"count":2,"href":"https:\/\/noticiasemdestaque.com\/cd\/index.php?rest_route=\/wp\/v2\/posts\/25878\/revisions"}],"predecessor-version":[{"id":25882,"href":"https:\/\/noticiasemdestaque.com\/cd\/index.php?rest_route=\/wp\/v2\/posts\/25878\/revisions\/25882"}],"wp:featuredmedia":[{"embeddable":true,"href":"https:\/\/noticiasemdestaque.com\/cd\/index.php?rest_route=\/wp\/v2\/media\/25880"}],"wp:attachment":[{"href":"https:\/\/noticiasemdestaque.com\/cd\/index.php?rest_route=%2Fwp%2Fv2%2Fmedia&parent=25878"}],"wp:term":[{"taxonomy":"category","embeddable":true,"href":"https:\/\/noticiasemdestaque.com\/cd\/index.php?rest_route=%2Fwp%2Fv2%2Fcategories&post=25878"},{"taxonomy":"post_tag","embeddable":true,"href":"https:\/\/noticiasemdestaque.com\/cd\/index.php?rest_route=%2Fwp%2Fv2%2Ftags&post=25878"}],"curies":[{"name":"wp","href":"https:\/\/api.w.org\/{rel}","templated":true}]}}