{"id":25866,"date":"2020-07-14T11:47:06","date_gmt":"2020-07-14T14:47:06","guid":{"rendered":"http:\/\/noticiasemdestaque.com\/cd\/?p=25866"},"modified":"2020-07-14T11:47:06","modified_gmt":"2020-07-14T14:47:06","slug":"monteiro-inicia-pagamento-da-primeira-parcelado-13","status":"publish","type":"post","link":"https:\/\/noticiasemdestaque.com\/cd\/?p=25866","title":{"rendered":"Monteiro inicia pagamento da primeira parcelado 13\u00b0"},"content":{"rendered":"<p data-originalcomputedfontsize=\"14.666666984558105\" data-originalfontsize=\"11pt\"><a href=\"https:\/\/noticiasemdestaque.com\/cd\/wp-content\/uploads\/2017\/12\/prefeitura_monteiro_-1.jpg\"><img fetchpriority=\"high\" decoding=\"async\" class=\"wp-image-6586 aligncenter\" src=\"https:\/\/noticiasemdestaque.com\/cd\/wp-content\/uploads\/2017\/12\/prefeitura_monteiro_-1.jpg\" alt=\"\" width=\"497\" height=\"332\" srcset=\"https:\/\/noticiasemdestaque.com\/cd\/wp-content\/uploads\/2017\/12\/prefeitura_monteiro_-1.jpg 876w, https:\/\/noticiasemdestaque.com\/cd\/wp-content\/uploads\/2017\/12\/prefeitura_monteiro_-1-300x200.jpg 300w, https:\/\/noticiasemdestaque.com\/cd\/wp-content\/uploads\/2017\/12\/prefeitura_monteiro_-1-768x513.jpg 768w, https:\/\/noticiasemdestaque.com\/cd\/wp-content\/uploads\/2017\/12\/prefeitura_monteiro_-1-480x320.jpg 480w\" sizes=\"(max-width: 497px) 100vw, 497px\" \/><\/a><\/p>\n<p style=\"font-weight: 400;\" data-originalcomputedfontsize=\"14.666666984558105\" data-originalfontsize=\"11pt\">Conforme anunciado no m\u00eas de junho, a Prefeita Anna Lorena iniciou o pagamento da \u00a0primeira parcela do d\u00e9cimo terceiro sal\u00e1rio para os servidores municipais nesta segunda-feira, 13.<\/p>\n<p style=\"font-weight: 400;\" data-originalcomputedfontsize=\"14.666666984558105\" data-originalfontsize=\"11pt\">Segundo as informa\u00e7\u00f5es da gestora o cronograma de pagamento segue desta forma:<\/p>\n<p style=\"font-weight: 400;\" data-originalcomputedfontsize=\"14.666666984558105\" data-originalfontsize=\"11pt\">13\/07 &#8211; Servidores da Secretaria de Sa\u00fade<br \/>\n14\/07 &#8211; Servidores da Montran, Secretaria de Desenvolvimento Social e Cendov<br \/>\n15\/07 &#8211; Servidores da Secretaria de Educa\u00e7\u00e3o<br \/>\n16\/07 &#8211; Demais servidores da Prefeitura<\/p>\n<p style=\"font-weight: 400;\" data-originalcomputedfontsize=\"14.666666984558105\" data-originalfontsize=\"11pt\">De acordo com a prefeita ser\u00e3o injetados na economia local aproximadamente R$4 milh\u00f5es de reais, com o pagamento dos sal\u00e1rios dentro do m\u00eas trabalhado, juntamente com a primeira parcela do d\u00e9cimo terceiro sal\u00e1rio.<\/p>\n<p style=\"font-weight: 400;\" data-originalcomputedfontsize=\"14.666666984558105\" data-originalfontsize=\"11pt\">\u201cOs aposentados e pensionistas n\u00e3o entraram neste calend\u00e1rio porque o adiantamento da primeira parcela do d\u00e9cimo foi creditada nos primeiros dias das medidas contra o covid, sendo naquele momento essencial este pagamento\u201d, informa a secret\u00e1ria de finan\u00e7as, Rosilda Henrique.<\/p>\n<p style=\"font-weight: 400;\" data-originalcomputedfontsize=\"14.666666984558105\" data-originalfontsize=\"11pt\">\u201cPedimos a todos que priorizem a realiza\u00e7\u00e3o de pagamentos e compras atrav\u00e9s de aplicativos e at\u00e9 mesmo atrav\u00e9s do d\u00e9bito eletr\u00f4nico para evitar as filas no banco, e aos que realmente necessitem, tomem todos os cuidados para prevenirem-se do covid\u201d, disse a prefeita Anna Lorena.<\/p>\n<p style=\"font-weight: 400;\" data-originalcomputedfontsize=\"14.666666984558105\" data-originalfontsize=\"11pt\">ASCOM PMM<\/p>\n","protected":false},"excerpt":{"rendered":"<p>Conforme anunciado no m\u00eas de junho, a Prefeita Anna Lorena iniciou o pagamento da \u00a0primeira parcela do d\u00e9cimo terceiro sal\u00e1rio para os servidores municipais nesta segunda-feira, 13. Segundo as informa\u00e7\u00f5es da gestora o cronograma de pagamento segue desta forma: 13\/07 &#8211; Servidores da Secretaria de Sa\u00fade 14\/07 &#8211; Servidores da Montran, Secretaria de Desenvolvimento Social e Cendov 15\/07 &#8211; Servidores da Secretaria de Educa\u00e7\u00e3o 16\/07 &#8211; Demais servidores da Prefeitura De acordo com a prefeita ser\u00e3o injetados na economia local aproximadamente R$4 milh\u00f5es de reais, com o pagamento dos sal\u00e1rios dentro do m\u00eas trabalhado, juntamente com a primeira parcela do d\u00e9cimo terceiro sal\u00e1rio. \u201cOs aposentados e pensionistas n\u00e3o entraram neste calend\u00e1rio porque o adiantamento da primeira parcela do d\u00e9cimo foi creditada nos primeiros dias das medidas contra o covid, sendo naquele momento essencial este pagamento\u201d, informa a secret\u00e1ria de finan\u00e7as, Rosilda Henrique. \u201cPedimos a todos que priorizem a realiza\u00e7\u00e3o de pagamentos e compras atrav\u00e9s de aplicativos e at\u00e9 mesmo atrav\u00e9s do d\u00e9bito eletr\u00f4nico para evitar as filas no banco, e aos que realmente necessitem, tomem todos os cuidados para prevenirem-se do covid\u201d, disse a prefeita Anna Lorena. ASCOM PMM<\/p>\n","protected":false},"author":2,"featured_media":4004,"comment_status":"closed","ping_status":"open","sticky":false,"template":"","format":"standard","meta":{"_eb_attr":"","_jetpack_memberships_contains_paid_content":false,"footnotes":""},"categories":[4],"tags":[],"class_list":["post-25866","post","type-post","status-publish","format-standard","has-post-thumbnail","hentry","category-politica"],"yoast_head":"<!-- This site is optimized with the Yoast SEO plugin v26.5 - https:\/\/yoast.com\/wordpress\/plugins\/seo\/ -->\n<title>Monteiro inicia pagamento da primeira parcelado 13\u00b0 - Not&iacute;cias em Destaque<\/title>\n<meta name=\"robots\" content=\"index, follow, max-snippet:-1, max-image-preview:large, max-video-preview:-1\" \/>\n<link rel=\"canonical\" href=\"https:\/\/noticiasemdestaque.com\/cd\/?p=25866\" \/>\n<meta property=\"og:locale\" content=\"pt_BR\" \/>\n<meta property=\"og:type\" content=\"article\" \/>\n<meta property=\"og:title\" content=\"Monteiro inicia pagamento da primeira parcelado 13\u00b0 - Not&iacute;cias em Destaque\" \/>\n<meta property=\"og:description\" content=\"Conforme anunciado no m\u00eas de junho, a Prefeita Anna Lorena iniciou o pagamento da \u00a0primeira parcela do d\u00e9cimo terceiro sal\u00e1rio para os servidores municipais nesta segunda-feira, 13. Segundo as informa\u00e7\u00f5es da gestora o cronograma de pagamento segue desta forma: 13\/07 &#8211; Servidores da Secretaria de Sa\u00fade 14\/07 &#8211; Servidores da Montran, Secretaria de Desenvolvimento Social e Cendov 15\/07 &#8211; Servidores da Secretaria de Educa\u00e7\u00e3o 16\/07 &#8211; Demais servidores da Prefeitura De acordo com a prefeita ser\u00e3o injetados na economia local aproximadamente R$4 milh\u00f5es de reais, com o pagamento dos sal\u00e1rios dentro do m\u00eas trabalhado, juntamente com a primeira parcela do d\u00e9cimo terceiro sal\u00e1rio. \u201cOs aposentados e pensionistas n\u00e3o entraram neste calend\u00e1rio porque o adiantamento da primeira parcela do d\u00e9cimo foi creditada nos primeiros dias das medidas contra o covid, sendo naquele momento essencial este pagamento\u201d, informa a secret\u00e1ria de finan\u00e7as, Rosilda Henrique. \u201cPedimos a todos que priorizem a realiza\u00e7\u00e3o de pagamentos e compras atrav\u00e9s de aplicativos e at\u00e9 mesmo atrav\u00e9s do d\u00e9bito eletr\u00f4nico para evitar as filas no banco, e aos que realmente necessitem, tomem todos os cuidados para prevenirem-se do covid\u201d, disse a prefeita Anna Lorena. ASCOM PMM\" \/>\n<meta property=\"og:url\" content=\"https:\/\/noticiasemdestaque.com\/cd\/?p=25866\" \/>\n<meta property=\"og:site_name\" content=\"Not&iacute;cias em Destaque\" \/>\n<meta property=\"article:published_time\" content=\"2020-07-14T14:47:06+00:00\" \/>\n<meta property=\"og:image\" content=\"https:\/\/noticiasemdestaque.com\/cd\/wp-content\/uploads\/2017\/09\/P\u00f3rtico-Monteiro.jpg\" \/>\n\t<meta property=\"og:image:width\" content=\"1600\" \/>\n\t<meta property=\"og:image:height\" content=\"1200\" \/>\n\t<meta property=\"og:image:type\" content=\"image\/jpeg\" \/>\n<meta name=\"author\" content=\"Not\u00edcias em Destaque\" \/>\n<meta name=\"twitter:card\" content=\"summary_large_image\" \/>\n<meta name=\"twitter:label1\" content=\"Escrito por\" \/>\n\t<meta name=\"twitter:data1\" content=\"Not\u00edcias em Destaque\" \/>\n\t<meta name=\"twitter:label2\" content=\"Est. tempo de leitura\" \/>\n\t<meta name=\"twitter:data2\" content=\"1 minuto\" \/>\n<script type=\"application\/ld+json\" class=\"yoast-schema-graph\">{\"@context\":\"https:\/\/schema.org\",\"@graph\":[{\"@type\":\"Article\",\"@id\":\"https:\/\/noticiasemdestaque.com\/cd\/?p=25866#article\",\"isPartOf\":{\"@id\":\"https:\/\/noticiasemdestaque.com\/cd\/?p=25866\"},\"author\":{\"name\":\"Not\u00edcias em Destaque\",\"@id\":\"https:\/\/noticiasemdestaque.com\/cd\/#\/schema\/person\/47f7d4f55eec17c6b2ca036c5500f6ce\"},\"headline\":\"Monteiro inicia pagamento da primeira parcelado 13\u00b0\",\"datePublished\":\"2020-07-14T14:47:06+00:00\",\"mainEntityOfPage\":{\"@id\":\"https:\/\/noticiasemdestaque.com\/cd\/?p=25866\"},\"wordCount\":212,\"publisher\":{\"@id\":\"https:\/\/noticiasemdestaque.com\/cd\/#organization\"},\"image\":{\"@id\":\"https:\/\/noticiasemdestaque.com\/cd\/?p=25866#primaryimage\"},\"thumbnailUrl\":\"https:\/\/noticiasemdestaque.com\/cd\/wp-content\/uploads\/2017\/09\/P\u00f3rtico-Monteiro.jpg\",\"articleSection\":[\"Pol\u00edtica\"],\"inLanguage\":\"pt-BR\"},{\"@type\":\"WebPage\",\"@id\":\"https:\/\/noticiasemdestaque.com\/cd\/?p=25866\",\"url\":\"https:\/\/noticiasemdestaque.com\/cd\/?p=25866\",\"name\":\"Monteiro inicia pagamento da primeira parcelado 13\u00b0 - Not&iacute;cias em Destaque\",\"isPartOf\":{\"@id\":\"https:\/\/noticiasemdestaque.com\/cd\/#website\"},\"primaryImageOfPage\":{\"@id\":\"https:\/\/noticiasemdestaque.com\/cd\/?p=25866#primaryimage\"},\"image\":{\"@id\":\"https:\/\/noticiasemdestaque.com\/cd\/?p=25866#primaryimage\"},\"thumbnailUrl\":\"https:\/\/noticiasemdestaque.com\/cd\/wp-content\/uploads\/2017\/09\/P\u00f3rtico-Monteiro.jpg\",\"datePublished\":\"2020-07-14T14:47:06+00:00\",\"breadcrumb\":{\"@id\":\"https:\/\/noticiasemdestaque.com\/cd\/?p=25866#breadcrumb\"},\"inLanguage\":\"pt-BR\",\"potentialAction\":[{\"@type\":\"ReadAction\",\"target\":[\"https:\/\/noticiasemdestaque.com\/cd\/?p=25866\"]}]},{\"@type\":\"ImageObject\",\"inLanguage\":\"pt-BR\",\"@id\":\"https:\/\/noticiasemdestaque.com\/cd\/?p=25866#primaryimage\",\"url\":\"https:\/\/noticiasemdestaque.com\/cd\/wp-content\/uploads\/2017\/09\/P\u00f3rtico-Monteiro.jpg\",\"contentUrl\":\"https:\/\/noticiasemdestaque.com\/cd\/wp-content\/uploads\/2017\/09\/P\u00f3rtico-Monteiro.jpg\",\"width\":1600,\"height\":1200},{\"@type\":\"BreadcrumbList\",\"@id\":\"https:\/\/noticiasemdestaque.com\/cd\/?p=25866#breadcrumb\",\"itemListElement\":[{\"@type\":\"ListItem\",\"position\":1,\"name\":\"In\u00edcio\",\"item\":\"https:\/\/noticiasemdestaque.com\/cd\/\"},{\"@type\":\"ListItem\",\"position\":2,\"name\":\"Monteiro inicia pagamento da primeira parcelado 13\u00b0\"}]},{\"@type\":\"WebSite\",\"@id\":\"https:\/\/noticiasemdestaque.com\/cd\/#website\",\"url\":\"https:\/\/noticiasemdestaque.com\/cd\/\",\"name\":\"Not&iacute;cias em Destaque\",\"description\":\"\",\"publisher\":{\"@id\":\"https:\/\/noticiasemdestaque.com\/cd\/#organization\"},\"potentialAction\":[{\"@type\":\"SearchAction\",\"target\":{\"@type\":\"EntryPoint\",\"urlTemplate\":\"https:\/\/noticiasemdestaque.com\/cd\/?s={search_term_string}\"},\"query-input\":{\"@type\":\"PropertyValueSpecification\",\"valueRequired\":true,\"valueName\":\"search_term_string\"}}],\"inLanguage\":\"pt-BR\"},{\"@type\":\"Organization\",\"@id\":\"https:\/\/noticiasemdestaque.com\/cd\/#organization\",\"name\":\"Not\u00edcias em Destaque\",\"url\":\"https:\/\/noticiasemdestaque.com\/cd\/\",\"logo\":{\"@type\":\"ImageObject\",\"inLanguage\":\"pt-BR\",\"@id\":\"https:\/\/noticiasemdestaque.com\/cd\/#\/schema\/logo\/image\/\",\"url\":\"https:\/\/noticiasemdestaque.com\/cd\/wp-content\/uploads\/2022\/05\/imagem-base-noticiasemdestaque.png\",\"contentUrl\":\"https:\/\/noticiasemdestaque.com\/cd\/wp-content\/uploads\/2022\/05\/imagem-base-noticiasemdestaque.png\",\"width\":1200,\"height\":630,\"caption\":\"Not\u00edcias em Destaque\"},\"image\":{\"@id\":\"https:\/\/noticiasemdestaque.com\/cd\/#\/schema\/logo\/image\/\"}},{\"@type\":\"Person\",\"@id\":\"https:\/\/noticiasemdestaque.com\/cd\/#\/schema\/person\/47f7d4f55eec17c6b2ca036c5500f6ce\",\"name\":\"Not\u00edcias em Destaque\",\"url\":\"https:\/\/noticiasemdestaque.com\/cd\/?author=2\"}]}<\/script>\n<!-- \/ Yoast SEO plugin. -->","yoast_head_json":{"title":"Monteiro inicia pagamento da primeira parcelado 13\u00b0 - Not&iacute;cias em Destaque","robots":{"index":"index","follow":"follow","max-snippet":"max-snippet:-1","max-image-preview":"max-image-preview:large","max-video-preview":"max-video-preview:-1"},"canonical":"https:\/\/noticiasemdestaque.com\/cd\/?p=25866","og_locale":"pt_BR","og_type":"article","og_title":"Monteiro inicia pagamento da primeira parcelado 13\u00b0 - Not&iacute;cias em Destaque","og_description":"Conforme anunciado no m\u00eas de junho, a Prefeita Anna Lorena iniciou o pagamento da \u00a0primeira parcela do d\u00e9cimo terceiro sal\u00e1rio para os servidores municipais nesta segunda-feira, 13. Segundo as informa\u00e7\u00f5es da gestora o cronograma de pagamento segue desta forma: 13\/07 &#8211; Servidores da Secretaria de Sa\u00fade 14\/07 &#8211; Servidores da Montran, Secretaria de Desenvolvimento Social e Cendov 15\/07 &#8211; Servidores da Secretaria de Educa\u00e7\u00e3o 16\/07 &#8211; Demais servidores da Prefeitura De acordo com a prefeita ser\u00e3o injetados na economia local aproximadamente R$4 milh\u00f5es de reais, com o pagamento dos sal\u00e1rios dentro do m\u00eas trabalhado, juntamente com a primeira parcela do d\u00e9cimo terceiro sal\u00e1rio. \u201cOs aposentados e pensionistas n\u00e3o entraram neste calend\u00e1rio porque o adiantamento da primeira parcela do d\u00e9cimo foi creditada nos primeiros dias das medidas contra o covid, sendo naquele momento essencial este pagamento\u201d, informa a secret\u00e1ria de finan\u00e7as, Rosilda Henrique. \u201cPedimos a todos que priorizem a realiza\u00e7\u00e3o de pagamentos e compras atrav\u00e9s de aplicativos e at\u00e9 mesmo atrav\u00e9s do d\u00e9bito eletr\u00f4nico para evitar as filas no banco, e aos que realmente necessitem, tomem todos os cuidados para prevenirem-se do covid\u201d, disse a prefeita Anna Lorena. ASCOM PMM","og_url":"https:\/\/noticiasemdestaque.com\/cd\/?p=25866","og_site_name":"Not&iacute;cias em Destaque","article_published_time":"2020-07-14T14:47:06+00:00","og_image":[{"width":1600,"height":1200,"url":"https:\/\/noticiasemdestaque.com\/cd\/wp-content\/uploads\/2017\/09\/P\u00f3rtico-Monteiro.jpg","type":"image\/jpeg"}],"author":"Not\u00edcias em Destaque","twitter_card":"summary_large_image","twitter_misc":{"Escrito por":"Not\u00edcias em Destaque","Est. tempo de leitura":"1 minuto"},"schema":{"@context":"https:\/\/schema.org","@graph":[{"@type":"Article","@id":"https:\/\/noticiasemdestaque.com\/cd\/?p=25866#article","isPartOf":{"@id":"https:\/\/noticiasemdestaque.com\/cd\/?p=25866"},"author":{"name":"Not\u00edcias em Destaque","@id":"https:\/\/noticiasemdestaque.com\/cd\/#\/schema\/person\/47f7d4f55eec17c6b2ca036c5500f6ce"},"headline":"Monteiro inicia pagamento da primeira parcelado 13\u00b0","datePublished":"2020-07-14T14:47:06+00:00","mainEntityOfPage":{"@id":"https:\/\/noticiasemdestaque.com\/cd\/?p=25866"},"wordCount":212,"publisher":{"@id":"https:\/\/noticiasemdestaque.com\/cd\/#organization"},"image":{"@id":"https:\/\/noticiasemdestaque.com\/cd\/?p=25866#primaryimage"},"thumbnailUrl":"https:\/\/noticiasemdestaque.com\/cd\/wp-content\/uploads\/2017\/09\/P\u00f3rtico-Monteiro.jpg","articleSection":["Pol\u00edtica"],"inLanguage":"pt-BR"},{"@type":"WebPage","@id":"https:\/\/noticiasemdestaque.com\/cd\/?p=25866","url":"https:\/\/noticiasemdestaque.com\/cd\/?p=25866","name":"Monteiro inicia pagamento da primeira parcelado 13\u00b0 - Not&iacute;cias em Destaque","isPartOf":{"@id":"https:\/\/noticiasemdestaque.com\/cd\/#website"},"primaryImageOfPage":{"@id":"https:\/\/noticiasemdestaque.com\/cd\/?p=25866#primaryimage"},"image":{"@id":"https:\/\/noticiasemdestaque.com\/cd\/?p=25866#primaryimage"},"thumbnailUrl":"https:\/\/noticiasemdestaque.com\/cd\/wp-content\/uploads\/2017\/09\/P\u00f3rtico-Monteiro.jpg","datePublished":"2020-07-14T14:47:06+00:00","breadcrumb":{"@id":"https:\/\/noticiasemdestaque.com\/cd\/?p=25866#breadcrumb"},"inLanguage":"pt-BR","potentialAction":[{"@type":"ReadAction","target":["https:\/\/noticiasemdestaque.com\/cd\/?p=25866"]}]},{"@type":"ImageObject","inLanguage":"pt-BR","@id":"https:\/\/noticiasemdestaque.com\/cd\/?p=25866#primaryimage","url":"https:\/\/noticiasemdestaque.com\/cd\/wp-content\/uploads\/2017\/09\/P\u00f3rtico-Monteiro.jpg","contentUrl":"https:\/\/noticiasemdestaque.com\/cd\/wp-content\/uploads\/2017\/09\/P\u00f3rtico-Monteiro.jpg","width":1600,"height":1200},{"@type":"BreadcrumbList","@id":"https:\/\/noticiasemdestaque.com\/cd\/?p=25866#breadcrumb","itemListElement":[{"@type":"ListItem","position":1,"name":"In\u00edcio","item":"https:\/\/noticiasemdestaque.com\/cd\/"},{"@type":"ListItem","position":2,"name":"Monteiro inicia pagamento da primeira parcelado 13\u00b0"}]},{"@type":"WebSite","@id":"https:\/\/noticiasemdestaque.com\/cd\/#website","url":"https:\/\/noticiasemdestaque.com\/cd\/","name":"Not&iacute;cias em Destaque","description":"","publisher":{"@id":"https:\/\/noticiasemdestaque.com\/cd\/#organization"},"potentialAction":[{"@type":"SearchAction","target":{"@type":"EntryPoint","urlTemplate":"https:\/\/noticiasemdestaque.com\/cd\/?s={search_term_string}"},"query-input":{"@type":"PropertyValueSpecification","valueRequired":true,"valueName":"search_term_string"}}],"inLanguage":"pt-BR"},{"@type":"Organization","@id":"https:\/\/noticiasemdestaque.com\/cd\/#organization","name":"Not\u00edcias em Destaque","url":"https:\/\/noticiasemdestaque.com\/cd\/","logo":{"@type":"ImageObject","inLanguage":"pt-BR","@id":"https:\/\/noticiasemdestaque.com\/cd\/#\/schema\/logo\/image\/","url":"https:\/\/noticiasemdestaque.com\/cd\/wp-content\/uploads\/2022\/05\/imagem-base-noticiasemdestaque.png","contentUrl":"https:\/\/noticiasemdestaque.com\/cd\/wp-content\/uploads\/2022\/05\/imagem-base-noticiasemdestaque.png","width":1200,"height":630,"caption":"Not\u00edcias em Destaque"},"image":{"@id":"https:\/\/noticiasemdestaque.com\/cd\/#\/schema\/logo\/image\/"}},{"@type":"Person","@id":"https:\/\/noticiasemdestaque.com\/cd\/#\/schema\/person\/47f7d4f55eec17c6b2ca036c5500f6ce","name":"Not\u00edcias em Destaque","url":"https:\/\/noticiasemdestaque.com\/cd\/?author=2"}]}},"jetpack_featured_media_url":"https:\/\/noticiasemdestaque.com\/cd\/wp-content\/uploads\/2017\/09\/P\u00f3rtico-Monteiro.jpg","jetpack_sharing_enabled":true,"_links":{"self":[{"href":"https:\/\/noticiasemdestaque.com\/cd\/index.php?rest_route=\/wp\/v2\/posts\/25866","targetHints":{"allow":["GET"]}}],"collection":[{"href":"https:\/\/noticiasemdestaque.com\/cd\/index.php?rest_route=\/wp\/v2\/posts"}],"about":[{"href":"https:\/\/noticiasemdestaque.com\/cd\/index.php?rest_route=\/wp\/v2\/types\/post"}],"author":[{"embeddable":true,"href":"https:\/\/noticiasemdestaque.com\/cd\/index.php?rest_route=\/wp\/v2\/users\/2"}],"replies":[{"embeddable":true,"href":"https:\/\/noticiasemdestaque.com\/cd\/index.php?rest_route=%2Fwp%2Fv2%2Fcomments&post=25866"}],"version-history":[{"count":1,"href":"https:\/\/noticiasemdestaque.com\/cd\/index.php?rest_route=\/wp\/v2\/posts\/25866\/revisions"}],"predecessor-version":[{"id":25867,"href":"https:\/\/noticiasemdestaque.com\/cd\/index.php?rest_route=\/wp\/v2\/posts\/25866\/revisions\/25867"}],"wp:featuredmedia":[{"embeddable":true,"href":"https:\/\/noticiasemdestaque.com\/cd\/index.php?rest_route=\/wp\/v2\/media\/4004"}],"wp:attachment":[{"href":"https:\/\/noticiasemdestaque.com\/cd\/index.php?rest_route=%2Fwp%2Fv2%2Fmedia&parent=25866"}],"wp:term":[{"taxonomy":"category","embeddable":true,"href":"https:\/\/noticiasemdestaque.com\/cd\/index.php?rest_route=%2Fwp%2Fv2%2Fcategories&post=25866"},{"taxonomy":"post_tag","embeddable":true,"href":"https:\/\/noticiasemdestaque.com\/cd\/index.php?rest_route=%2Fwp%2Fv2%2Ftags&post=25866"}],"curies":[{"name":"wp","href":"https:\/\/api.w.org\/{rel}","templated":true}]}}