{"id":25864,"date":"2020-07-14T11:34:55","date_gmt":"2020-07-14T14:34:55","guid":{"rendered":"http:\/\/noticiasemdestaque.com\/cd\/?p=25864"},"modified":"2020-07-14T11:34:55","modified_gmt":"2020-07-14T14:34:55","slug":"resultado-do-sisu-do-segundo-semestre-ja-esta-disponivel-no-site","status":"publish","type":"post","link":"https:\/\/noticiasemdestaque.com\/cd\/?p=25864","title":{"rendered":"Resultado do Sisu do segundo semestre j\u00e1 est\u00e1 dispon\u00edvel no site"},"content":{"rendered":"<p><a href=\"https:\/\/noticiasemdestaque.com\/cd\/wp-content\/uploads\/2019\/03\/saiba-tudo-sobre-o-sisu.jpg\"><img fetchpriority=\"high\" decoding=\"async\" class=\"wp-image-16025 aligncenter\" src=\"https:\/\/noticiasemdestaque.com\/cd\/wp-content\/uploads\/2019\/03\/saiba-tudo-sobre-o-sisu.jpg\" alt=\"\" width=\"500\" height=\"274\" srcset=\"https:\/\/noticiasemdestaque.com\/cd\/wp-content\/uploads\/2019\/03\/saiba-tudo-sobre-o-sisu.jpg 748w, https:\/\/noticiasemdestaque.com\/cd\/wp-content\/uploads\/2019\/03\/saiba-tudo-sobre-o-sisu-300x164.jpg 300w\" sizes=\"(max-width: 500px) 100vw, 500px\" \/><\/a><\/p>\n<p>O\u00a0resultado do Sistema de Sele\u00e7\u00e3o Unificada (Sisu)\u00a0do segundo semestre de 2020 j\u00e1 est\u00e1 dispon\u00edvel no\u00a0<a href=\"https:\/\/sisu.mec.gov.br\/#\/\" target=\"_blank\" rel=\"noopener noreferrer\"><em>site<\/em>\u00a0oficial do Sisu<\/a>.\u00a0Para fazer consulta, o candidato deve informar o n\u00famero de inscri\u00e7\u00e3o e a senha.\u00a0O per\u00edodo para matr\u00edcula da chamada regular ser\u00e1 de 16 a\u00a021 de julho. O resultado foi divulgado na manh\u00e3 desta ter\u00e7a-feira (14), pelo Minist\u00e9rio da Educa\u00e7\u00e3o (MEC).<img decoding=\"async\" src=\"https:\/\/agenciabrasil.ebc.com.br\/ebc.png?id=1311478&amp;o=node\" \/><\/p>\n<p>Ao todo, mais\u00a0de\u00a0814 mil\u00a0inscri\u00e7\u00f5es foram feitas. Segundo o MEC, mais da metade desses estudantes \u2013 424.991\u00a0mil \u2013 disputam 51.924\u00a0vagas ofertadas em 57 institui\u00e7\u00f5es p\u00fablicas de educa\u00e7\u00e3o superior do pa\u00eds.<\/p>\n<p>Pela primeira vez,\u00a0o Sisu oferece\u00a0vagas na modalidade ensino a dist\u00e2ncia (EaD). Al\u00e9m de ter feito o Exame Nacional do Ensino M\u00e9dio (Enem) de 2019, os\u00a0candidatos n\u00e3o podem ter\u00a0zerado a reda\u00e7\u00e3o. Quem fez o exame na condi\u00e7\u00e3o de treineiro n\u00e3o pode participar.<\/p>\n<p>De acordo com o edital do programa, a ordem dos crit\u00e9rios para a classifica\u00e7\u00e3o de candidatos \u00e9 a seguinte: maior nota na reda\u00e7\u00e3o, maior nota na prova de linguagens, c\u00f3digos e suas tecnologias; maior nota na prova de matem\u00e1tica e suas tecnologias; maior nota na prova de ci\u00eancias da natureza e suas tecnologias e maior nota na prova de ci\u00eancias humanas e suas tecnologias.<\/p>\n<p>Quem n\u00e3o for\u00a0selecionado nesta primeira chamada dever\u00e1 manifestar o interesse em participar da\u00a0<a href=\"https:\/\/sisu.mec.gov.br\/#\/\" target=\"_blank\" rel=\"noopener noreferrer\">lista de espera<\/a>, por meio da p\u00e1gina do Sisu na internet, entre\u00a0hoje\u00a0e\u00a021 de julho.<\/p>\n<p>A partir da\u00ed, a convoca\u00e7\u00e3o come\u00e7a a ser feita no dia\u00a024 de julho\u00a0pelas institui\u00e7\u00f5es para preenchimento das vagas em lista de espera. Os selecionados devem observar prazos, procedimentos e documentos exigidos para matr\u00edcula ou para registro acad\u00eamico, estabelecidos em edital pr\u00f3prio da institui\u00e7\u00e3o, inclusive hor\u00e1rios e locais de atendimento por ela definidos.<\/p>\n<p><em><strong>Not\u00edcias em Destaque<\/strong><\/em><\/p>\n<p>Com EBC<\/p>\n","protected":false},"excerpt":{"rendered":"<p>O\u00a0resultado do Sistema de Sele\u00e7\u00e3o Unificada (Sisu)\u00a0do segundo semestre de 2020 j\u00e1 est\u00e1 dispon\u00edvel no\u00a0site\u00a0oficial do Sisu.\u00a0Para fazer consulta, o candidato deve informar o n\u00famero de inscri\u00e7\u00e3o e a senha.\u00a0O per\u00edodo para matr\u00edcula da chamada regular ser\u00e1 de 16 a\u00a021 de julho. O resultado foi divulgado na manh\u00e3 desta ter\u00e7a-feira (14), pelo Minist\u00e9rio da Educa\u00e7\u00e3o (MEC). Ao todo, mais\u00a0de\u00a0814 mil\u00a0inscri\u00e7\u00f5es foram feitas. Segundo o MEC, mais da metade desses estudantes \u2013 424.991\u00a0mil \u2013 disputam 51.924\u00a0vagas ofertadas em 57 institui\u00e7\u00f5es p\u00fablicas de educa\u00e7\u00e3o superior do pa\u00eds. Pela primeira vez,\u00a0o Sisu oferece\u00a0vagas na modalidade ensino a dist\u00e2ncia (EaD). Al\u00e9m de ter feito o Exame Nacional do Ensino M\u00e9dio (Enem) de 2019, os\u00a0candidatos n\u00e3o podem ter\u00a0zerado a reda\u00e7\u00e3o. Quem fez o exame na condi\u00e7\u00e3o de treineiro n\u00e3o pode participar. De acordo com o edital do programa, a ordem dos crit\u00e9rios para a classifica\u00e7\u00e3o de candidatos \u00e9 a seguinte: maior nota na reda\u00e7\u00e3o, maior nota na prova de linguagens, c\u00f3digos e suas tecnologias; maior nota na prova de matem\u00e1tica e suas tecnologias; maior nota na prova de ci\u00eancias da natureza e suas tecnologias e maior nota na prova de ci\u00eancias humanas e suas tecnologias. Quem n\u00e3o for\u00a0selecionado nesta primeira chamada dever\u00e1 manifestar o interesse em participar da\u00a0lista de espera, por meio da p\u00e1gina do Sisu na internet, entre\u00a0hoje\u00a0e\u00a021 de julho. A partir da\u00ed, a convoca\u00e7\u00e3o come\u00e7a a ser feita no dia\u00a024 de julho\u00a0pelas institui\u00e7\u00f5es para preenchimento das vagas em lista de espera. Os selecionados devem observar prazos, procedimentos e documentos exigidos para matr\u00edcula ou para registro acad\u00eamico, estabelecidos em edital pr\u00f3prio da institui\u00e7\u00e3o, inclusive hor\u00e1rios e locais de atendimento por ela definidos. Not\u00edcias em Destaque Com EBC<\/p>\n","protected":false},"author":2,"featured_media":16025,"comment_status":"closed","ping_status":"open","sticky":false,"template":"","format":"standard","meta":{"_eb_attr":"","_jetpack_memberships_contains_paid_content":false,"footnotes":""},"categories":[6],"tags":[],"class_list":["post-25864","post","type-post","status-publish","format-standard","has-post-thumbnail","hentry","category-educacao"],"yoast_head":"<!-- This site is optimized with the Yoast SEO plugin v26.5 - https:\/\/yoast.com\/wordpress\/plugins\/seo\/ -->\n<title>Resultado do Sisu do segundo semestre j\u00e1 est\u00e1 dispon\u00edvel no site - Not&iacute;cias em Destaque<\/title>\n<meta name=\"robots\" content=\"index, follow, max-snippet:-1, max-image-preview:large, max-video-preview:-1\" \/>\n<link rel=\"canonical\" href=\"https:\/\/noticiasemdestaque.com\/cd\/?p=25864\" \/>\n<meta property=\"og:locale\" content=\"pt_BR\" \/>\n<meta property=\"og:type\" content=\"article\" \/>\n<meta property=\"og:title\" content=\"Resultado do Sisu do segundo semestre j\u00e1 est\u00e1 dispon\u00edvel no site - Not&iacute;cias em Destaque\" \/>\n<meta property=\"og:description\" content=\"O\u00a0resultado do Sistema de Sele\u00e7\u00e3o Unificada (Sisu)\u00a0do segundo semestre de 2020 j\u00e1 est\u00e1 dispon\u00edvel no\u00a0site\u00a0oficial do Sisu.\u00a0Para fazer consulta, o candidato deve informar o n\u00famero de inscri\u00e7\u00e3o e a senha.\u00a0O per\u00edodo para matr\u00edcula da chamada regular ser\u00e1 de 16 a\u00a021 de julho. O resultado foi divulgado na manh\u00e3 desta ter\u00e7a-feira (14), pelo Minist\u00e9rio da Educa\u00e7\u00e3o (MEC). Ao todo, mais\u00a0de\u00a0814 mil\u00a0inscri\u00e7\u00f5es foram feitas. Segundo o MEC, mais da metade desses estudantes \u2013 424.991\u00a0mil \u2013 disputam 51.924\u00a0vagas ofertadas em 57 institui\u00e7\u00f5es p\u00fablicas de educa\u00e7\u00e3o superior do pa\u00eds. Pela primeira vez,\u00a0o Sisu oferece\u00a0vagas na modalidade ensino a dist\u00e2ncia (EaD). Al\u00e9m de ter feito o Exame Nacional do Ensino M\u00e9dio (Enem) de 2019, os\u00a0candidatos n\u00e3o podem ter\u00a0zerado a reda\u00e7\u00e3o. Quem fez o exame na condi\u00e7\u00e3o de treineiro n\u00e3o pode participar. De acordo com o edital do programa, a ordem dos crit\u00e9rios para a classifica\u00e7\u00e3o de candidatos \u00e9 a seguinte: maior nota na reda\u00e7\u00e3o, maior nota na prova de linguagens, c\u00f3digos e suas tecnologias; maior nota na prova de matem\u00e1tica e suas tecnologias; maior nota na prova de ci\u00eancias da natureza e suas tecnologias e maior nota na prova de ci\u00eancias humanas e suas tecnologias. Quem n\u00e3o for\u00a0selecionado nesta primeira chamada dever\u00e1 manifestar o interesse em participar da\u00a0lista de espera, por meio da p\u00e1gina do Sisu na internet, entre\u00a0hoje\u00a0e\u00a021 de julho. A partir da\u00ed, a convoca\u00e7\u00e3o come\u00e7a a ser feita no dia\u00a024 de julho\u00a0pelas institui\u00e7\u00f5es para preenchimento das vagas em lista de espera. Os selecionados devem observar prazos, procedimentos e documentos exigidos para matr\u00edcula ou para registro acad\u00eamico, estabelecidos em edital pr\u00f3prio da institui\u00e7\u00e3o, inclusive hor\u00e1rios e locais de atendimento por ela definidos. Not\u00edcias em Destaque Com EBC\" \/>\n<meta property=\"og:url\" content=\"https:\/\/noticiasemdestaque.com\/cd\/?p=25864\" \/>\n<meta property=\"og:site_name\" content=\"Not&iacute;cias em Destaque\" \/>\n<meta property=\"article:published_time\" content=\"2020-07-14T14:34:55+00:00\" \/>\n<meta property=\"og:image\" content=\"https:\/\/noticiasemdestaque.com\/cd\/wp-content\/uploads\/2019\/03\/saiba-tudo-sobre-o-sisu.jpg\" \/>\n\t<meta property=\"og:image:width\" content=\"748\" \/>\n\t<meta property=\"og:image:height\" content=\"410\" \/>\n\t<meta property=\"og:image:type\" content=\"image\/jpeg\" \/>\n<meta name=\"author\" content=\"Not\u00edcias em Destaque\" \/>\n<meta name=\"twitter:card\" content=\"summary_large_image\" \/>\n<meta name=\"twitter:label1\" content=\"Escrito por\" \/>\n\t<meta name=\"twitter:data1\" content=\"Not\u00edcias em Destaque\" \/>\n\t<meta name=\"twitter:label2\" content=\"Est. tempo de leitura\" \/>\n\t<meta name=\"twitter:data2\" content=\"2 minutos\" \/>\n<script type=\"application\/ld+json\" class=\"yoast-schema-graph\">{\"@context\":\"https:\/\/schema.org\",\"@graph\":[{\"@type\":\"Article\",\"@id\":\"https:\/\/noticiasemdestaque.com\/cd\/?p=25864#article\",\"isPartOf\":{\"@id\":\"https:\/\/noticiasemdestaque.com\/cd\/?p=25864\"},\"author\":{\"name\":\"Not\u00edcias em Destaque\",\"@id\":\"https:\/\/noticiasemdestaque.com\/cd\/#\/schema\/person\/47f7d4f55eec17c6b2ca036c5500f6ce\"},\"headline\":\"Resultado do Sisu do segundo semestre j\u00e1 est\u00e1 dispon\u00edvel no site\",\"datePublished\":\"2020-07-14T14:34:55+00:00\",\"mainEntityOfPage\":{\"@id\":\"https:\/\/noticiasemdestaque.com\/cd\/?p=25864\"},\"wordCount\":333,\"publisher\":{\"@id\":\"https:\/\/noticiasemdestaque.com\/cd\/#organization\"},\"image\":{\"@id\":\"https:\/\/noticiasemdestaque.com\/cd\/?p=25864#primaryimage\"},\"thumbnailUrl\":\"https:\/\/noticiasemdestaque.com\/cd\/wp-content\/uploads\/2019\/03\/saiba-tudo-sobre-o-sisu.jpg\",\"articleSection\":[\"Educa\u00e7\u00e3o\"],\"inLanguage\":\"pt-BR\"},{\"@type\":\"WebPage\",\"@id\":\"https:\/\/noticiasemdestaque.com\/cd\/?p=25864\",\"url\":\"https:\/\/noticiasemdestaque.com\/cd\/?p=25864\",\"name\":\"Resultado do Sisu do segundo semestre j\u00e1 est\u00e1 dispon\u00edvel no site - Not&iacute;cias em Destaque\",\"isPartOf\":{\"@id\":\"https:\/\/noticiasemdestaque.com\/cd\/#website\"},\"primaryImageOfPage\":{\"@id\":\"https:\/\/noticiasemdestaque.com\/cd\/?p=25864#primaryimage\"},\"image\":{\"@id\":\"https:\/\/noticiasemdestaque.com\/cd\/?p=25864#primaryimage\"},\"thumbnailUrl\":\"https:\/\/noticiasemdestaque.com\/cd\/wp-content\/uploads\/2019\/03\/saiba-tudo-sobre-o-sisu.jpg\",\"datePublished\":\"2020-07-14T14:34:55+00:00\",\"breadcrumb\":{\"@id\":\"https:\/\/noticiasemdestaque.com\/cd\/?p=25864#breadcrumb\"},\"inLanguage\":\"pt-BR\",\"potentialAction\":[{\"@type\":\"ReadAction\",\"target\":[\"https:\/\/noticiasemdestaque.com\/cd\/?p=25864\"]}]},{\"@type\":\"ImageObject\",\"inLanguage\":\"pt-BR\",\"@id\":\"https:\/\/noticiasemdestaque.com\/cd\/?p=25864#primaryimage\",\"url\":\"https:\/\/noticiasemdestaque.com\/cd\/wp-content\/uploads\/2019\/03\/saiba-tudo-sobre-o-sisu.jpg\",\"contentUrl\":\"https:\/\/noticiasemdestaque.com\/cd\/wp-content\/uploads\/2019\/03\/saiba-tudo-sobre-o-sisu.jpg\",\"width\":748,\"height\":410},{\"@type\":\"BreadcrumbList\",\"@id\":\"https:\/\/noticiasemdestaque.com\/cd\/?p=25864#breadcrumb\",\"itemListElement\":[{\"@type\":\"ListItem\",\"position\":1,\"name\":\"In\u00edcio\",\"item\":\"https:\/\/noticiasemdestaque.com\/cd\/\"},{\"@type\":\"ListItem\",\"position\":2,\"name\":\"Resultado do Sisu do segundo semestre j\u00e1 est\u00e1 dispon\u00edvel no site\"}]},{\"@type\":\"WebSite\",\"@id\":\"https:\/\/noticiasemdestaque.com\/cd\/#website\",\"url\":\"https:\/\/noticiasemdestaque.com\/cd\/\",\"name\":\"Not&iacute;cias em Destaque\",\"description\":\"\",\"publisher\":{\"@id\":\"https:\/\/noticiasemdestaque.com\/cd\/#organization\"},\"potentialAction\":[{\"@type\":\"SearchAction\",\"target\":{\"@type\":\"EntryPoint\",\"urlTemplate\":\"https:\/\/noticiasemdestaque.com\/cd\/?s={search_term_string}\"},\"query-input\":{\"@type\":\"PropertyValueSpecification\",\"valueRequired\":true,\"valueName\":\"search_term_string\"}}],\"inLanguage\":\"pt-BR\"},{\"@type\":\"Organization\",\"@id\":\"https:\/\/noticiasemdestaque.com\/cd\/#organization\",\"name\":\"Not\u00edcias em Destaque\",\"url\":\"https:\/\/noticiasemdestaque.com\/cd\/\",\"logo\":{\"@type\":\"ImageObject\",\"inLanguage\":\"pt-BR\",\"@id\":\"https:\/\/noticiasemdestaque.com\/cd\/#\/schema\/logo\/image\/\",\"url\":\"https:\/\/noticiasemdestaque.com\/cd\/wp-content\/uploads\/2022\/05\/imagem-base-noticiasemdestaque.png\",\"contentUrl\":\"https:\/\/noticiasemdestaque.com\/cd\/wp-content\/uploads\/2022\/05\/imagem-base-noticiasemdestaque.png\",\"width\":1200,\"height\":630,\"caption\":\"Not\u00edcias em Destaque\"},\"image\":{\"@id\":\"https:\/\/noticiasemdestaque.com\/cd\/#\/schema\/logo\/image\/\"}},{\"@type\":\"Person\",\"@id\":\"https:\/\/noticiasemdestaque.com\/cd\/#\/schema\/person\/47f7d4f55eec17c6b2ca036c5500f6ce\",\"name\":\"Not\u00edcias em Destaque\",\"url\":\"https:\/\/noticiasemdestaque.com\/cd\/?author=2\"}]}<\/script>\n<!-- \/ Yoast SEO plugin. -->","yoast_head_json":{"title":"Resultado do Sisu do segundo semestre j\u00e1 est\u00e1 dispon\u00edvel no site - Not&iacute;cias em Destaque","robots":{"index":"index","follow":"follow","max-snippet":"max-snippet:-1","max-image-preview":"max-image-preview:large","max-video-preview":"max-video-preview:-1"},"canonical":"https:\/\/noticiasemdestaque.com\/cd\/?p=25864","og_locale":"pt_BR","og_type":"article","og_title":"Resultado do Sisu do segundo semestre j\u00e1 est\u00e1 dispon\u00edvel no site - Not&iacute;cias em Destaque","og_description":"O\u00a0resultado do Sistema de Sele\u00e7\u00e3o Unificada (Sisu)\u00a0do segundo semestre de 2020 j\u00e1 est\u00e1 dispon\u00edvel no\u00a0site\u00a0oficial do Sisu.\u00a0Para fazer consulta, o candidato deve informar o n\u00famero de inscri\u00e7\u00e3o e a senha.\u00a0O per\u00edodo para matr\u00edcula da chamada regular ser\u00e1 de 16 a\u00a021 de julho. O resultado foi divulgado na manh\u00e3 desta ter\u00e7a-feira (14), pelo Minist\u00e9rio da Educa\u00e7\u00e3o (MEC). Ao todo, mais\u00a0de\u00a0814 mil\u00a0inscri\u00e7\u00f5es foram feitas. Segundo o MEC, mais da metade desses estudantes \u2013 424.991\u00a0mil \u2013 disputam 51.924\u00a0vagas ofertadas em 57 institui\u00e7\u00f5es p\u00fablicas de educa\u00e7\u00e3o superior do pa\u00eds. Pela primeira vez,\u00a0o Sisu oferece\u00a0vagas na modalidade ensino a dist\u00e2ncia (EaD). Al\u00e9m de ter feito o Exame Nacional do Ensino M\u00e9dio (Enem) de 2019, os\u00a0candidatos n\u00e3o podem ter\u00a0zerado a reda\u00e7\u00e3o. Quem fez o exame na condi\u00e7\u00e3o de treineiro n\u00e3o pode participar. De acordo com o edital do programa, a ordem dos crit\u00e9rios para a classifica\u00e7\u00e3o de candidatos \u00e9 a seguinte: maior nota na reda\u00e7\u00e3o, maior nota na prova de linguagens, c\u00f3digos e suas tecnologias; maior nota na prova de matem\u00e1tica e suas tecnologias; maior nota na prova de ci\u00eancias da natureza e suas tecnologias e maior nota na prova de ci\u00eancias humanas e suas tecnologias. Quem n\u00e3o for\u00a0selecionado nesta primeira chamada dever\u00e1 manifestar o interesse em participar da\u00a0lista de espera, por meio da p\u00e1gina do Sisu na internet, entre\u00a0hoje\u00a0e\u00a021 de julho. A partir da\u00ed, a convoca\u00e7\u00e3o come\u00e7a a ser feita no dia\u00a024 de julho\u00a0pelas institui\u00e7\u00f5es para preenchimento das vagas em lista de espera. Os selecionados devem observar prazos, procedimentos e documentos exigidos para matr\u00edcula ou para registro acad\u00eamico, estabelecidos em edital pr\u00f3prio da institui\u00e7\u00e3o, inclusive hor\u00e1rios e locais de atendimento por ela definidos. Not\u00edcias em Destaque Com EBC","og_url":"https:\/\/noticiasemdestaque.com\/cd\/?p=25864","og_site_name":"Not&iacute;cias em Destaque","article_published_time":"2020-07-14T14:34:55+00:00","og_image":[{"width":748,"height":410,"url":"https:\/\/noticiasemdestaque.com\/cd\/wp-content\/uploads\/2019\/03\/saiba-tudo-sobre-o-sisu.jpg","type":"image\/jpeg"}],"author":"Not\u00edcias em Destaque","twitter_card":"summary_large_image","twitter_misc":{"Escrito por":"Not\u00edcias em Destaque","Est. tempo de leitura":"2 minutos"},"schema":{"@context":"https:\/\/schema.org","@graph":[{"@type":"Article","@id":"https:\/\/noticiasemdestaque.com\/cd\/?p=25864#article","isPartOf":{"@id":"https:\/\/noticiasemdestaque.com\/cd\/?p=25864"},"author":{"name":"Not\u00edcias em Destaque","@id":"https:\/\/noticiasemdestaque.com\/cd\/#\/schema\/person\/47f7d4f55eec17c6b2ca036c5500f6ce"},"headline":"Resultado do Sisu do segundo semestre j\u00e1 est\u00e1 dispon\u00edvel no site","datePublished":"2020-07-14T14:34:55+00:00","mainEntityOfPage":{"@id":"https:\/\/noticiasemdestaque.com\/cd\/?p=25864"},"wordCount":333,"publisher":{"@id":"https:\/\/noticiasemdestaque.com\/cd\/#organization"},"image":{"@id":"https:\/\/noticiasemdestaque.com\/cd\/?p=25864#primaryimage"},"thumbnailUrl":"https:\/\/noticiasemdestaque.com\/cd\/wp-content\/uploads\/2019\/03\/saiba-tudo-sobre-o-sisu.jpg","articleSection":["Educa\u00e7\u00e3o"],"inLanguage":"pt-BR"},{"@type":"WebPage","@id":"https:\/\/noticiasemdestaque.com\/cd\/?p=25864","url":"https:\/\/noticiasemdestaque.com\/cd\/?p=25864","name":"Resultado do Sisu do segundo semestre j\u00e1 est\u00e1 dispon\u00edvel no site - Not&iacute;cias em Destaque","isPartOf":{"@id":"https:\/\/noticiasemdestaque.com\/cd\/#website"},"primaryImageOfPage":{"@id":"https:\/\/noticiasemdestaque.com\/cd\/?p=25864#primaryimage"},"image":{"@id":"https:\/\/noticiasemdestaque.com\/cd\/?p=25864#primaryimage"},"thumbnailUrl":"https:\/\/noticiasemdestaque.com\/cd\/wp-content\/uploads\/2019\/03\/saiba-tudo-sobre-o-sisu.jpg","datePublished":"2020-07-14T14:34:55+00:00","breadcrumb":{"@id":"https:\/\/noticiasemdestaque.com\/cd\/?p=25864#breadcrumb"},"inLanguage":"pt-BR","potentialAction":[{"@type":"ReadAction","target":["https:\/\/noticiasemdestaque.com\/cd\/?p=25864"]}]},{"@type":"ImageObject","inLanguage":"pt-BR","@id":"https:\/\/noticiasemdestaque.com\/cd\/?p=25864#primaryimage","url":"https:\/\/noticiasemdestaque.com\/cd\/wp-content\/uploads\/2019\/03\/saiba-tudo-sobre-o-sisu.jpg","contentUrl":"https:\/\/noticiasemdestaque.com\/cd\/wp-content\/uploads\/2019\/03\/saiba-tudo-sobre-o-sisu.jpg","width":748,"height":410},{"@type":"BreadcrumbList","@id":"https:\/\/noticiasemdestaque.com\/cd\/?p=25864#breadcrumb","itemListElement":[{"@type":"ListItem","position":1,"name":"In\u00edcio","item":"https:\/\/noticiasemdestaque.com\/cd\/"},{"@type":"ListItem","position":2,"name":"Resultado do Sisu do segundo semestre j\u00e1 est\u00e1 dispon\u00edvel no site"}]},{"@type":"WebSite","@id":"https:\/\/noticiasemdestaque.com\/cd\/#website","url":"https:\/\/noticiasemdestaque.com\/cd\/","name":"Not&iacute;cias em Destaque","description":"","publisher":{"@id":"https:\/\/noticiasemdestaque.com\/cd\/#organization"},"potentialAction":[{"@type":"SearchAction","target":{"@type":"EntryPoint","urlTemplate":"https:\/\/noticiasemdestaque.com\/cd\/?s={search_term_string}"},"query-input":{"@type":"PropertyValueSpecification","valueRequired":true,"valueName":"search_term_string"}}],"inLanguage":"pt-BR"},{"@type":"Organization","@id":"https:\/\/noticiasemdestaque.com\/cd\/#organization","name":"Not\u00edcias em Destaque","url":"https:\/\/noticiasemdestaque.com\/cd\/","logo":{"@type":"ImageObject","inLanguage":"pt-BR","@id":"https:\/\/noticiasemdestaque.com\/cd\/#\/schema\/logo\/image\/","url":"https:\/\/noticiasemdestaque.com\/cd\/wp-content\/uploads\/2022\/05\/imagem-base-noticiasemdestaque.png","contentUrl":"https:\/\/noticiasemdestaque.com\/cd\/wp-content\/uploads\/2022\/05\/imagem-base-noticiasemdestaque.png","width":1200,"height":630,"caption":"Not\u00edcias em Destaque"},"image":{"@id":"https:\/\/noticiasemdestaque.com\/cd\/#\/schema\/logo\/image\/"}},{"@type":"Person","@id":"https:\/\/noticiasemdestaque.com\/cd\/#\/schema\/person\/47f7d4f55eec17c6b2ca036c5500f6ce","name":"Not\u00edcias em Destaque","url":"https:\/\/noticiasemdestaque.com\/cd\/?author=2"}]}},"jetpack_featured_media_url":"https:\/\/noticiasemdestaque.com\/cd\/wp-content\/uploads\/2019\/03\/saiba-tudo-sobre-o-sisu.jpg","jetpack_sharing_enabled":true,"_links":{"self":[{"href":"https:\/\/noticiasemdestaque.com\/cd\/index.php?rest_route=\/wp\/v2\/posts\/25864","targetHints":{"allow":["GET"]}}],"collection":[{"href":"https:\/\/noticiasemdestaque.com\/cd\/index.php?rest_route=\/wp\/v2\/posts"}],"about":[{"href":"https:\/\/noticiasemdestaque.com\/cd\/index.php?rest_route=\/wp\/v2\/types\/post"}],"author":[{"embeddable":true,"href":"https:\/\/noticiasemdestaque.com\/cd\/index.php?rest_route=\/wp\/v2\/users\/2"}],"replies":[{"embeddable":true,"href":"https:\/\/noticiasemdestaque.com\/cd\/index.php?rest_route=%2Fwp%2Fv2%2Fcomments&post=25864"}],"version-history":[{"count":1,"href":"https:\/\/noticiasemdestaque.com\/cd\/index.php?rest_route=\/wp\/v2\/posts\/25864\/revisions"}],"predecessor-version":[{"id":25865,"href":"https:\/\/noticiasemdestaque.com\/cd\/index.php?rest_route=\/wp\/v2\/posts\/25864\/revisions\/25865"}],"wp:featuredmedia":[{"embeddable":true,"href":"https:\/\/noticiasemdestaque.com\/cd\/index.php?rest_route=\/wp\/v2\/media\/16025"}],"wp:attachment":[{"href":"https:\/\/noticiasemdestaque.com\/cd\/index.php?rest_route=%2Fwp%2Fv2%2Fmedia&parent=25864"}],"wp:term":[{"taxonomy":"category","embeddable":true,"href":"https:\/\/noticiasemdestaque.com\/cd\/index.php?rest_route=%2Fwp%2Fv2%2Fcategories&post=25864"},{"taxonomy":"post_tag","embeddable":true,"href":"https:\/\/noticiasemdestaque.com\/cd\/index.php?rest_route=%2Fwp%2Fv2%2Ftags&post=25864"}],"curies":[{"name":"wp","href":"https:\/\/api.w.org\/{rel}","templated":true}]}}